{"id":147871,"date":"2024-05-02T13:36:29","date_gmt":"2024-05-02T19:36:29","guid":{"rendered":"https:\/\/centrourbano.com\/revista\/?p=147871"},"modified":"2024-05-02T14:19:37","modified_gmt":"2024-05-02T20:19:37","slug":"arquitectura-sostenible","status":"publish","type":"post","link":"https:\/\/centrourbano.com\/revista\/arquitectura-2\/arquitectura-sostenible\/","title":{"rendered":"Arquitectura sostenible: lanzan bases del 1er concurso internacional\u00a0"},"content":{"rendered":"<p><em>El primer lugar del concurso de arquitectura sostenible ganar\u00e1 un terreno de mil m\u00b2 en la Reserva Xunan Kab<\/em><!--more--><\/p>\n<p>La\u00a0Earth &amp; Life University anunci\u00f3 el lanzamiento Primer Concurso Internacional de Arquitectura Sostenible<a href=\"https:\/\/premioarquitecturasostenible.com\/\" target=\"_blank\" rel=\"noopener\"> \u2018Roots &amp; Dreams\u2019<\/a>. Esta iniciativa busca impulsar el dise\u00f1o arquitect\u00f3nico comprometido con la sostenibilidad que <strong>promueva construcci\u00f3n de comunidades resilientes y en armon\u00eda con la naturaleza<\/strong>.<\/p>\n<p>Durante la presentaci\u00f3n, Daniela Hern\u00e1ndez, directora general de\u00a0Earth &amp; Life University, explic\u00f3 que el primer concurso en el tema pretende inspirar a arquitectos, constructores y apasionados del dise\u00f1o arquitect\u00f3nico a crear espacios que comprendan el lugar donde se encuentran para poder <strong>crear soluciones innovadoras que armonicen con el entorno natural<\/strong>.<\/p>\n<p>Hern\u00e1ndez detall\u00f3 que para la realizaci\u00f3n de este concurso es necesaria la colaboraci\u00f3n entre organismos, los cuales tienen en com\u00fan la b\u00fasqueda por<a href=\"https:\/\/centrourbano.com\/revista\/arquitectura-2\/transitar-arquitectura-sustentable\/\" target=\"_blank\" rel=\"noopener\"> espacios amigables<\/a> con el medio ambiente. Entre ellos se encuentran <strong>HSBC M\u00e9xico, Reserva Xunan Kab,\u00a0Confederaci\u00f3n Patronal de la Rep\u00fablica Mexicana<\/strong> (Coparmex), entre otros.<\/p>\n<p>En ese sentido, Aide Olmos, directora de sustentabilidad corporativa HSBC M\u00e9xico y Am\u00e9rica Latina, resalt\u00f3 que es necesario que organismos y empresas realicen alianzas en beneficio del ambiente. De esta forma, se impulsa a la <strong>conversaci\u00f3n del tema y la b\u00fasqueda de soluciones<\/strong>.<\/p>\n<h2>Bases del 1er concurso de arquitectura sostenible<\/h2>\n<p>Daniela Hern\u00e1ndez explic\u00f3 que el 1er concurso de arquitectura sostenible <strong>est\u00e1 abierto a profesionales y aficionados de cualquier nacionalidad<\/strong> y residencia mayores de 18 a\u00f1os.<\/p>\n<p>Los proyectos participantes deber\u00e1n entregar el dise\u00f1o de <strong>una residencia en un terreno de mil metros cuadrados <\/strong>(m\u00b2), con m\u00e1ximo un desplante de 200 m\u00b2. La propuesta debe contar con tres caracter\u00edsticas de la arquitectura sostenible: <strong>b<\/strong><strong>iomim\u00e9tica, b<\/strong><strong>ioclim\u00e1tica<\/strong>, considerando el contexto local de la selva de Quintana Roo y <strong>u<\/strong><strong>so de materiales locales y ecotecnolog\u00edas<\/strong> de bajo impacto ambiental.<\/p>\n<p>Cabe se\u00f1alar que la Earth &amp; Life University facilitar\u00e1 <strong>talleres y clases gratuitas a los participantes del concurso <\/strong>para brindar herramientas y conocimientos sobre pr\u00e1cticas arquitect\u00f3nicas sustentables, con el fin de <strong>estar preparados para concursar<\/strong>.<\/p>\n<h3>Premios del concurso<\/h3>\n<p>El primer Concurso Internacional de Arquitectura Sostenible \u2018Roots &amp; Dreams\u2019 contar\u00e1 con 4 premios:<\/p>\n<ul>\n<li>Primer lugar: recibir\u00e1 un <strong>terreno en la Reserva Xunan Kab<\/strong>, ubicado en la comunidad de Solferino, Quintana Roo, <strong>valorado en 50,000 d\u00f3lares<\/strong>.<\/li>\n<li>Segundo Lugar: <strong>beca del 100% en Maestr\u00eda en Ecotecnolog\u00edas e Innovaci\u00f3n Sostenible<\/strong> en Earth &amp; Life University, valorada en 12,900 d\u00f3lares.<\/li>\n<li>Tercer lugar: <strong>beca del 100% en el diplomado en Dise\u00f1o<\/strong> Biof\u00edlico de Espacios Interiores Sustentables en Earth &amp; Life University.<\/li>\n<li>Menci\u00f3n Honor\u00edfica (Premio m\u00e1s votado): <strong>Beca del 100% en Diplomado en Arquitectura Bioclim\u00e1tica. <\/strong><\/li>\n<\/ul>\n","protected":false},"excerpt":{"rendered":"<p>El primer lugar del concurso de arquitectura sostenible ganar\u00e1 un terreno de mil m\u00b2 en la Reserva Xunan Kab<\/p>\n","protected":false},"author":88,"featured_media":147882,"comment_status":"open","ping_status":"closed","sticky":false,"template":"","format":"standard","meta":{"om_disable_all_campaigns":false,"inline_featured_image":false,"_monsterinsights_skip_tracking":false,"_monsterinsights_sitenote_active":false,"_monsterinsights_sitenote_note":"","_monsterinsights_sitenote_category":0,"footnotes":""},"categories":[81],"tags":[24262,24261,24260,24263],"class_list":["post-147871","post","type-post","status-publish","format-standard","has-post-thumbnail","hentry","category-arquitectura-2","tag-roots-dreams","tag-concurso-internacional-de-arquitectura-sostenible-roots-dreams","tag-reserva-xunan-kab","tag-solferino-quintana-roo"],"yoast_head":"<!-- This site is optimized with the Yoast SEO plugin v27.5 - https:\/\/yoast.com\/product\/yoast-seo-wordpress\/ -->\n<title>Arquitectura sostenible: lanzan bases del 1er concurso internacional\u00a0 -<\/title>\n<meta name=\"description\" content=\"El primer lugar del concurso de arquitectura sostenible ganar\u00e1 un terreno de mil m\u00b2 en la Reserva Xunan Kab La\u00a0Earth &amp; Life University anunci\u00f3 el\" \/>\n<meta name=\"robots\" content=\"index, follow, max-snippet:-1, max-image-preview:large, max-video-preview:-1\" \/>\n<link rel=\"canonical\" href=\"https:\/\/centrourbano.com\/revista\/arquitectura-2\/arquitectura-sostenible\/\" \/>\n<meta property=\"og:locale\" content=\"es_ES\" \/>\n<meta property=\"og:type\" content=\"article\" \/>\n<meta property=\"og:title\" content=\"Arquitectura sostenible: lanzan bases del 1er concurso internacional\u00a0 -\" \/>\n<meta property=\"og:description\" content=\"El primer lugar del concurso de arquitectura sostenible ganar\u00e1 un terreno de mil m\u00b2 en la Reserva Xunan Kab La\u00a0Earth &amp; Life University anunci\u00f3 el\" \/>\n<meta property=\"og:url\" content=\"https:\/\/centrourbano.com\/revista\/arquitectura-2\/arquitectura-sostenible\/\" \/>\n<meta property=\"og:site_name\" content=\"Centro Urbano\" \/>\n<meta property=\"article:publisher\" content=\"https:\/\/www.facebook.com\/portalcentrourbano\" \/>\n<meta property=\"article:published_time\" content=\"2024-05-02T19:36:29+00:00\" \/>\n<meta property=\"article:modified_time\" content=\"2024-05-02T20:19:37+00:00\" \/>\n<meta property=\"og:image\" content=\"https:\/\/centrourbano.com\/revista\/wp-content\/uploads\/Arquitectura-sostenible_-lanzan-bases-del-1er-concurso-internacional.jpg\" \/>\n\t<meta property=\"og:image:width\" content=\"800\" \/>\n\t<meta property=\"og:image:height\" content=\"800\" \/>\n\t<meta property=\"og:image:type\" content=\"image\/jpeg\" \/>\n<meta name=\"author\" content=\"Rebeca Romero\" \/>\n<meta name=\"twitter:card\" content=\"summary_large_image\" \/>\n<meta name=\"twitter:creator\" content=\"@CentroUrbano\" \/>\n<meta name=\"twitter:site\" content=\"@CentroUrbano\" \/>\n<meta name=\"twitter:label1\" content=\"Escrito por\" \/>\n\t<meta name=\"twitter:data1\" content=\"Rebeca Romero\" \/>\n\t<meta name=\"twitter:label2\" content=\"Tiempo de lectura\" \/>\n\t<meta name=\"twitter:data2\" content=\"2 minutos\" \/>\n<script type=\"application\/ld+json\" class=\"yoast-schema-graph\">{\"@context\":\"https:\\\/\\\/schema.org\",\"@graph\":[{\"@type\":\"Article\",\"@id\":\"https:\\\/\\\/centrourbano.com\\\/revista\\\/arquitectura-2\\\/arquitectura-sostenible\\\/#article\",\"isPartOf\":{\"@id\":\"https:\\\/\\\/centrourbano.com\\\/revista\\\/arquitectura-2\\\/arquitectura-sostenible\\\/\"},\"author\":{\"name\":\"Rebeca Romero\",\"@id\":\"https:\\\/\\\/centrourbano.com\\\/revista\\\/#\\\/schema\\\/person\\\/585fcd52a02a59422de60d5ae8e0f491\"},\"headline\":\"Arquitectura sostenible: lanzan bases del 1er concurso internacional\u00a0\",\"datePublished\":\"2024-05-02T19:36:29+00:00\",\"dateModified\":\"2024-05-02T20:19:37+00:00\",\"mainEntityOfPage\":{\"@id\":\"https:\\\/\\\/centrourbano.com\\\/revista\\\/arquitectura-2\\\/arquitectura-sostenible\\\/\"},\"wordCount\":465,\"commentCount\":0,\"publisher\":{\"@id\":\"https:\\\/\\\/centrourbano.com\\\/revista\\\/#organization\"},\"image\":{\"@id\":\"https:\\\/\\\/centrourbano.com\\\/revista\\\/arquitectura-2\\\/arquitectura-sostenible\\\/#primaryimage\"},\"thumbnailUrl\":\"https:\\\/\\\/centrourbano.com\\\/revista\\\/wp-content\\\/uploads\\\/Arquitectura-sostenible_-lanzan-bases-del-1er-concurso-internacional.jpg\",\"keywords\":[\"\u2018Roots &amp; Dreams\u2019\",\"Concurso Internacional de Arquitectura Sostenible \u2018Roots &amp; Dreams\u2019\",\"Reserva Xunan Kab\",\"Solferino Quintana Roo\"],\"articleSection\":[\"Arquitectura\"],\"inLanguage\":\"es\",\"potentialAction\":[{\"@type\":\"CommentAction\",\"name\":\"Comment\",\"target\":[\"https:\\\/\\\/centrourbano.com\\\/revista\\\/arquitectura-2\\\/arquitectura-sostenible\\\/#respond\"]}]},{\"@type\":\"WebPage\",\"@id\":\"https:\\\/\\\/centrourbano.com\\\/revista\\\/arquitectura-2\\\/arquitectura-sostenible\\\/\",\"url\":\"https:\\\/\\\/centrourbano.com\\\/revista\\\/arquitectura-2\\\/arquitectura-sostenible\\\/\",\"name\":\"Arquitectura sostenible: lanzan bases del 1er concurso internacional\u00a0 -\",\"isPartOf\":{\"@id\":\"https:\\\/\\\/centrourbano.com\\\/revista\\\/#website\"},\"primaryImageOfPage\":{\"@id\":\"https:\\\/\\\/centrourbano.com\\\/revista\\\/arquitectura-2\\\/arquitectura-sostenible\\\/#primaryimage\"},\"image\":{\"@id\":\"https:\\\/\\\/centrourbano.com\\\/revista\\\/arquitectura-2\\\/arquitectura-sostenible\\\/#primaryimage\"},\"thumbnailUrl\":\"https:\\\/\\\/centrourbano.com\\\/revista\\\/wp-content\\\/uploads\\\/Arquitectura-sostenible_-lanzan-bases-del-1er-concurso-internacional.jpg\",\"datePublished\":\"2024-05-02T19:36:29+00:00\",\"dateModified\":\"2024-05-02T20:19:37+00:00\",\"description\":\"El primer lugar del concurso de arquitectura sostenible ganar\u00e1 un terreno de mil m\u00b2 en la Reserva Xunan Kab La\u00a0Earth &amp; Life University anunci\u00f3 el\",\"breadcrumb\":{\"@id\":\"https:\\\/\\\/centrourbano.com\\\/revista\\\/arquitectura-2\\\/arquitectura-sostenible\\\/#breadcrumb\"},\"inLanguage\":\"es\",\"potentialAction\":[{\"@type\":\"ReadAction\",\"target\":[\"https:\\\/\\\/centrourbano.com\\\/revista\\\/arquitectura-2\\\/arquitectura-sostenible\\\/\"]}]},{\"@type\":\"ImageObject\",\"inLanguage\":\"es\",\"@id\":\"https:\\\/\\\/centrourbano.com\\\/revista\\\/arquitectura-2\\\/arquitectura-sostenible\\\/#primaryimage\",\"url\":\"https:\\\/\\\/centrourbano.com\\\/revista\\\/wp-content\\\/uploads\\\/Arquitectura-sostenible_-lanzan-bases-del-1er-concurso-internacional.jpg\",\"contentUrl\":\"https:\\\/\\\/centrourbano.com\\\/revista\\\/wp-content\\\/uploads\\\/Arquitectura-sostenible_-lanzan-bases-del-1er-concurso-internacional.jpg\",\"width\":800,\"height\":800,\"caption\":\"Arquitectura sostenible: lanzan bases del 1er concurso internacional\u00a0\"},{\"@type\":\"BreadcrumbList\",\"@id\":\"https:\\\/\\\/centrourbano.com\\\/revista\\\/arquitectura-2\\\/arquitectura-sostenible\\\/#breadcrumb\",\"itemListElement\":[{\"@type\":\"ListItem\",\"position\":1,\"name\":\"Portada\",\"item\":\"https:\\\/\\\/centrourbano.com\\\/revista\\\/\"},{\"@type\":\"ListItem\",\"position\":2,\"name\":\"Arquitectura sostenible: lanzan bases del 1er concurso internacional\u00a0\"}]},{\"@type\":\"WebSite\",\"@id\":\"https:\\\/\\\/centrourbano.com\\\/revista\\\/#website\",\"url\":\"https:\\\/\\\/centrourbano.com\\\/revista\\\/\",\"name\":\"Centro Urbano\",\"description\":\"Medio especializado en los sectores vivienda, inmobiliario, construcci\u00f3n, arquitectura y urbanismo.\",\"publisher\":{\"@id\":\"https:\\\/\\\/centrourbano.com\\\/revista\\\/#organization\"},\"potentialAction\":[{\"@type\":\"SearchAction\",\"target\":{\"@type\":\"EntryPoint\",\"urlTemplate\":\"https:\\\/\\\/centrourbano.com\\\/revista\\\/?s={search_term_string}\"},\"query-input\":{\"@type\":\"PropertyValueSpecification\",\"valueRequired\":true,\"valueName\":\"search_term_string\"}}],\"inLanguage\":\"es\"},{\"@type\":\"Organization\",\"@id\":\"https:\\\/\\\/centrourbano.com\\\/revista\\\/#organization\",\"name\":\"Centro Urbano\",\"url\":\"https:\\\/\\\/centrourbano.com\\\/revista\\\/\",\"logo\":{\"@type\":\"ImageObject\",\"inLanguage\":\"es\",\"@id\":\"https:\\\/\\\/centrourbano.com\\\/revista\\\/#\\\/schema\\\/logo\\\/image\\\/\",\"url\":\"https:\\\/\\\/centrourbano.com\\\/revista\\\/wp-content\\\/uploads\\\/web_CU_logo-1.png\",\"contentUrl\":\"https:\\\/\\\/centrourbano.com\\\/revista\\\/wp-content\\\/uploads\\\/web_CU_logo-1.png\",\"width\":350,\"height\":91,\"caption\":\"Centro Urbano\"},\"image\":{\"@id\":\"https:\\\/\\\/centrourbano.com\\\/revista\\\/#\\\/schema\\\/logo\\\/image\\\/\"},\"sameAs\":[\"https:\\\/\\\/www.facebook.com\\\/portalcentrourbano\",\"https:\\\/\\\/x.com\\\/CentroUrbano\",\"https:\\\/\\\/www.instagram.com\\\/centro_urbano\\\/\",\"https:\\\/\\\/www.linkedin.com\\\/company\\\/centro-urbano\\\/\",\"http:\\\/\\\/www.youtube.com\\\/user\\\/portalcentrourbano\"]},{\"@type\":\"Person\",\"@id\":\"https:\\\/\\\/centrourbano.com\\\/revista\\\/#\\\/schema\\\/person\\\/585fcd52a02a59422de60d5ae8e0f491\",\"name\":\"Rebeca Romero\",\"image\":{\"@type\":\"ImageObject\",\"inLanguage\":\"es\",\"@id\":\"https:\\\/\\\/secure.gravatar.com\\\/avatar\\\/aee0068ae3cc041082e0e84a8258fe5ccc00a733f187bde73b0b40d86b892826?s=96&d=mm&r=g\",\"url\":\"https:\\\/\\\/secure.gravatar.com\\\/avatar\\\/aee0068ae3cc041082e0e84a8258fe5ccc00a733f187bde73b0b40d86b892826?s=96&d=mm&r=g\",\"contentUrl\":\"https:\\\/\\\/secure.gravatar.com\\\/avatar\\\/aee0068ae3cc041082e0e84a8258fe5ccc00a733f187bde73b0b40d86b892826?s=96&d=mm&r=g\",\"caption\":\"Rebeca Romero\"},\"url\":\"https:\\\/\\\/centrourbano.com\\\/revista\\\/author\\\/rebeca-romero\\\/\"}]}<\/script>\n<!-- \/ Yoast SEO plugin. -->","yoast_head_json":{"title":"Arquitectura sostenible: lanzan bases del 1er concurso internacional\u00a0 -","description":"El primer lugar del concurso de arquitectura sostenible ganar\u00e1 un terreno de mil m\u00b2 en la Reserva Xunan Kab La\u00a0Earth &amp; Life University anunci\u00f3 el","robots":{"index":"index","follow":"follow","max-snippet":"max-snippet:-1","max-image-preview":"max-image-preview:large","max-video-preview":"max-video-preview:-1"},"canonical":"https:\/\/centrourbano.com\/revista\/arquitectura-2\/arquitectura-sostenible\/","og_locale":"es_ES","og_type":"article","og_title":"Arquitectura sostenible: lanzan bases del 1er concurso internacional\u00a0 -","og_description":"El primer lugar del concurso de arquitectura sostenible ganar\u00e1 un terreno de mil m\u00b2 en la Reserva Xunan Kab La\u00a0Earth &amp; Life University anunci\u00f3 el","og_url":"https:\/\/centrourbano.com\/revista\/arquitectura-2\/arquitectura-sostenible\/","og_site_name":"Centro Urbano","article_publisher":"https:\/\/www.facebook.com\/portalcentrourbano","article_published_time":"2024-05-02T19:36:29+00:00","article_modified_time":"2024-05-02T20:19:37+00:00","og_image":[{"width":800,"height":800,"url":"https:\/\/centrourbano.com\/revista\/wp-content\/uploads\/Arquitectura-sostenible_-lanzan-bases-del-1er-concurso-internacional.jpg","type":"image\/jpeg"}],"author":"Rebeca Romero","twitter_card":"summary_large_image","twitter_creator":"@CentroUrbano","twitter_site":"@CentroUrbano","twitter_misc":{"Escrito por":"Rebeca Romero","Tiempo de lectura":"2 minutos"},"schema":{"@context":"https:\/\/schema.org","@graph":[{"@type":"Article","@id":"https:\/\/centrourbano.com\/revista\/arquitectura-2\/arquitectura-sostenible\/#article","isPartOf":{"@id":"https:\/\/centrourbano.com\/revista\/arquitectura-2\/arquitectura-sostenible\/"},"author":{"name":"Rebeca Romero","@id":"https:\/\/centrourbano.com\/revista\/#\/schema\/person\/585fcd52a02a59422de60d5ae8e0f491"},"headline":"Arquitectura sostenible: lanzan bases del 1er concurso internacional\u00a0","datePublished":"2024-05-02T19:36:29+00:00","dateModified":"2024-05-02T20:19:37+00:00","mainEntityOfPage":{"@id":"https:\/\/centrourbano.com\/revista\/arquitectura-2\/arquitectura-sostenible\/"},"wordCount":465,"commentCount":0,"publisher":{"@id":"https:\/\/centrourbano.com\/revista\/#organization"},"image":{"@id":"https:\/\/centrourbano.com\/revista\/arquitectura-2\/arquitectura-sostenible\/#primaryimage"},"thumbnailUrl":"https:\/\/centrourbano.com\/revista\/wp-content\/uploads\/Arquitectura-sostenible_-lanzan-bases-del-1er-concurso-internacional.jpg","keywords":["\u2018Roots &amp; Dreams\u2019","Concurso Internacional de Arquitectura Sostenible \u2018Roots &amp; Dreams\u2019","Reserva Xunan Kab","Solferino Quintana Roo"],"articleSection":["Arquitectura"],"inLanguage":"es","potentialAction":[{"@type":"CommentAction","name":"Comment","target":["https:\/\/centrourbano.com\/revista\/arquitectura-2\/arquitectura-sostenible\/#respond"]}]},{"@type":"WebPage","@id":"https:\/\/centrourbano.com\/revista\/arquitectura-2\/arquitectura-sostenible\/","url":"https:\/\/centrourbano.com\/revista\/arquitectura-2\/arquitectura-sostenible\/","name":"Arquitectura sostenible: lanzan bases del 1er concurso internacional\u00a0 -","isPartOf":{"@id":"https:\/\/centrourbano.com\/revista\/#website"},"primaryImageOfPage":{"@id":"https:\/\/centrourbano.com\/revista\/arquitectura-2\/arquitectura-sostenible\/#primaryimage"},"image":{"@id":"https:\/\/centrourbano.com\/revista\/arquitectura-2\/arquitectura-sostenible\/#primaryimage"},"thumbnailUrl":"https:\/\/centrourbano.com\/revista\/wp-content\/uploads\/Arquitectura-sostenible_-lanzan-bases-del-1er-concurso-internacional.jpg","datePublished":"2024-05-02T19:36:29+00:00","dateModified":"2024-05-02T20:19:37+00:00","description":"El primer lugar del concurso de arquitectura sostenible ganar\u00e1 un terreno de mil m\u00b2 en la Reserva Xunan Kab La\u00a0Earth &amp; Life University anunci\u00f3 el","breadcrumb":{"@id":"https:\/\/centrourbano.com\/revista\/arquitectura-2\/arquitectura-sostenible\/#breadcrumb"},"inLanguage":"es","potentialAction":[{"@type":"ReadAction","target":["https:\/\/centrourbano.com\/revista\/arquitectura-2\/arquitectura-sostenible\/"]}]},{"@type":"ImageObject","inLanguage":"es","@id":"https:\/\/centrourbano.com\/revista\/arquitectura-2\/arquitectura-sostenible\/#primaryimage","url":"https:\/\/centrourbano.com\/revista\/wp-content\/uploads\/Arquitectura-sostenible_-lanzan-bases-del-1er-concurso-internacional.jpg","contentUrl":"https:\/\/centrourbano.com\/revista\/wp-content\/uploads\/Arquitectura-sostenible_-lanzan-bases-del-1er-concurso-internacional.jpg","width":800,"height":800,"caption":"Arquitectura sostenible: lanzan bases del 1er concurso internacional\u00a0"},{"@type":"BreadcrumbList","@id":"https:\/\/centrourbano.com\/revista\/arquitectura-2\/arquitectura-sostenible\/#breadcrumb","itemListElement":[{"@type":"ListItem","position":1,"name":"Portada","item":"https:\/\/centrourbano.com\/revista\/"},{"@type":"ListItem","position":2,"name":"Arquitectura sostenible: lanzan bases del 1er concurso internacional\u00a0"}]},{"@type":"WebSite","@id":"https:\/\/centrourbano.com\/revista\/#website","url":"https:\/\/centrourbano.com\/revista\/","name":"Centro Urbano","description":"Medio especializado en los sectores vivienda, inmobiliario, construcci\u00f3n, arquitectura y urbanismo.","publisher":{"@id":"https:\/\/centrourbano.com\/revista\/#organization"},"potentialAction":[{"@type":"SearchAction","target":{"@type":"EntryPoint","urlTemplate":"https:\/\/centrourbano.com\/revista\/?s={search_term_string}"},"query-input":{"@type":"PropertyValueSpecification","valueRequired":true,"valueName":"search_term_string"}}],"inLanguage":"es"},{"@type":"Organization","@id":"https:\/\/centrourbano.com\/revista\/#organization","name":"Centro Urbano","url":"https:\/\/centrourbano.com\/revista\/","logo":{"@type":"ImageObject","inLanguage":"es","@id":"https:\/\/centrourbano.com\/revista\/#\/schema\/logo\/image\/","url":"https:\/\/centrourbano.com\/revista\/wp-content\/uploads\/web_CU_logo-1.png","contentUrl":"https:\/\/centrourbano.com\/revista\/wp-content\/uploads\/web_CU_logo-1.png","width":350,"height":91,"caption":"Centro Urbano"},"image":{"@id":"https:\/\/centrourbano.com\/revista\/#\/schema\/logo\/image\/"},"sameAs":["https:\/\/www.facebook.com\/portalcentrourbano","https:\/\/x.com\/CentroUrbano","https:\/\/www.instagram.com\/centro_urbano\/","https:\/\/www.linkedin.com\/company\/centro-urbano\/","http:\/\/www.youtube.com\/user\/portalcentrourbano"]},{"@type":"Person","@id":"https:\/\/centrourbano.com\/revista\/#\/schema\/person\/585fcd52a02a59422de60d5ae8e0f491","name":"Rebeca Romero","image":{"@type":"ImageObject","inLanguage":"es","@id":"https:\/\/secure.gravatar.com\/avatar\/aee0068ae3cc041082e0e84a8258fe5ccc00a733f187bde73b0b40d86b892826?s=96&d=mm&r=g","url":"https:\/\/secure.gravatar.com\/avatar\/aee0068ae3cc041082e0e84a8258fe5ccc00a733f187bde73b0b40d86b892826?s=96&d=mm&r=g","contentUrl":"https:\/\/secure.gravatar.com\/avatar\/aee0068ae3cc041082e0e84a8258fe5ccc00a733f187bde73b0b40d86b892826?s=96&d=mm&r=g","caption":"Rebeca Romero"},"url":"https:\/\/centrourbano.com\/revista\/author\/rebeca-romero\/"}]}},"_links":{"self":[{"href":"https:\/\/centrourbano.com\/revista\/wp-json\/wp\/v2\/posts\/147871","targetHints":{"allow":["GET"]}}],"collection":[{"href":"https:\/\/centrourbano.com\/revista\/wp-json\/wp\/v2\/posts"}],"about":[{"href":"https:\/\/centrourbano.com\/revista\/wp-json\/wp\/v2\/types\/post"}],"author":[{"embeddable":true,"href":"https:\/\/centrourbano.com\/revista\/wp-json\/wp\/v2\/users\/88"}],"replies":[{"embeddable":true,"href":"https:\/\/centrourbano.com\/revista\/wp-json\/wp\/v2\/comments?post=147871"}],"version-history":[{"count":1,"href":"https:\/\/centrourbano.com\/revista\/wp-json\/wp\/v2\/posts\/147871\/revisions"}],"predecessor-version":[{"id":147883,"href":"https:\/\/centrourbano.com\/revista\/wp-json\/wp\/v2\/posts\/147871\/revisions\/147883"}],"wp:featuredmedia":[{"embeddable":true,"href":"https:\/\/centrourbano.com\/revista\/wp-json\/wp\/v2\/media\/147882"}],"wp:attachment":[{"href":"https:\/\/centrourbano.com\/revista\/wp-json\/wp\/v2\/media?parent=147871"}],"wp:term":[{"taxonomy":"category","embeddable":true,"href":"https:\/\/centrourbano.com\/revista\/wp-json\/wp\/v2\/categories?post=147871"},{"taxonomy":"post_tag","embeddable":true,"href":"https:\/\/centrourbano.com\/revista\/wp-json\/wp\/v2\/tags?post=147871"}],"curies":[{"name":"wp","href":"https:\/\/api.w.org\/{rel}","templated":true}]}}