{"id":147769,"date":"2024-04-24T17:16:19","date_gmt":"2024-04-24T23:16:19","guid":{"rendered":"https:\/\/centrourbano.com\/revista\/?p=147769"},"modified":"2024-04-24T17:16:19","modified_gmt":"2024-04-24T23:16:19","slug":"infonavit-cuotas-creditos","status":"publish","type":"post","link":"https:\/\/centrourbano.com\/revista\/vivienda\/infonavit-cuotas-creditos\/","title":{"rendered":"Elimina Infonavit cuotas de administraci\u00f3n de cr\u00e9ditos"},"content":{"rendered":"<p><em>El Infonavit indic\u00f3 que esta medida ser\u00e1 aplicable a todos los cr\u00e9ditos que sea contratados a partir del 1 de mayo de 2024<\/em><!--more--><\/p>\n<p>Este mi\u00e9rcoles, el <strong>Instituto del Fondo Nacional de la Vivienda para los Trabajadores<\/strong> (<strong>Infonavit<\/strong>) anunci\u00f3 que se eliminar\u00e1 el cobro de la <strong>cuota de administraci\u00f3n<\/strong>, la <strong>comisi\u00f3n por apertura<\/strong> y los <strong>gastos financieros y de operaci\u00f3n<\/strong> de los cr\u00e9ditos.<\/p>\n<p>Lo anterior con el objetivo de que el <strong>costo de los financiamientos<\/strong>, que ya tienen las tasas de inter\u00e9s m\u00e1s bajas del mercado hipotecario, sea todav\u00eda menor, para que cada vez m\u00e1s personas puedan acceder a un cr\u00e9dito Infonavit.<\/p>\n<p>En <a href=\"https:\/\/www.youtube.com\/watch?v=l8UtZKnk1wY&amp;t=1s\" target=\"_blank\" rel=\"noopener\">conferencia<\/a> de prensa, <strong><a href=\"https:\/\/centrourbano.com\/revista\/vivienda\/infonavit-ahorros-subcuenta\/\" target=\"_blank\" rel=\"noopener\">Carlos Mart\u00ednez Vel\u00e1zquez<\/a>, director general del Instituto<\/strong>, explic\u00f3 que esta medida ser\u00e1 aplicable a todos los cr\u00e9ditos que sean contratados a partir del <strong>1 de mayo de 2024,<\/strong> y para los trabajadores de cualquier nivel salarial.<\/p>\n<p>Por otro lado, los cr\u00e9ditos hipotecarios que se hayan tramitado antes de esta fecha, sin importar que el cr\u00e9dito se formalice hasta mayo o junio, no podr\u00e1n ser elegibles para este beneficio.<\/p>\n<p>\u201cSe va a eliminar para todos los cr\u00e9ditos. Entonces, los del <strong>Infonavit<\/strong> van a ser no s\u00f3lo los que tengan la tasa de inter\u00e9s m\u00e1s baja, sino tambi\u00e9n los que no tengan una cuota de administraci\u00f3n\u201d, destac\u00f3.<\/p>\n<p>Asimismo, <strong>Mart\u00ednez<\/strong> record\u00f3 que, antes de esta modificaci\u00f3n, s\u00f3lo estaban exentos del pago de <strong>cuota de administraci\u00f3n<\/strong> las personas con un salario de hasta 8,581.37 pesos mensuales (2.6 UMA en 2024); y del <strong>pago de gastos de titulaci\u00f3n, financieros y de operaci\u00f3n<\/strong>, los trabajadores con ingresos de hasta 9,241.48 pesos mensuales (2.8 UMA en 2024).<\/p>\n<p>No obstante, los <strong>gastos de titulaci\u00f3n<\/strong>, que consisten en el pago de los honorarios del Notario con cargo al cr\u00e9dito, se mantienen conforme al Convenio de Colaboraci\u00f3n con Notarios.<\/p>\n<p>El directivo mencion\u00f3 que, con la eliminaci\u00f3n de estos cobros, el <strong>Infonavit<\/strong> dejar\u00e1 de recibir cerca de 5,000 millones de pesos, lo que significa un ahorro importante para los trabajadores. Adem\u00e1s, destac\u00f3 otros <strong>beneficios<\/strong> de esta medida, como:<\/p>\n<ul>\n<li>La colocaci\u00f3n de las <strong>Soluciones de Pago<\/strong> ser\u00e1 m\u00e1s sencilla, pues el principal monto a cubrir ser\u00e1n las mensualidades pendientes.<\/li>\n<li>La <strong>administraci\u00f3n del cr\u00e9dito<\/strong> ser\u00e1 m\u00e1s transparente y ello brindar\u00e1 claridad a las personas.<\/li>\n<li>Potencialmente, por las razones antes mencionadas, se tendr\u00eda un <strong>mayor incentivo al pago<\/strong>.<\/li>\n<\/ul>\n","protected":false},"excerpt":{"rendered":"<p>El Infonavit indic\u00f3 que esta medida ser\u00e1 aplicable a todos los cr\u00e9ditos que sea contratados a partir del 1 de mayo de 2024<\/p>\n","protected":false},"author":73,"featured_media":147770,"comment_status":"open","ping_status":"closed","sticky":false,"template":"","format":"standard","meta":{"om_disable_all_campaigns":false,"inline_featured_image":false,"_monsterinsights_skip_tracking":false,"_monsterinsights_sitenote_active":false,"_monsterinsights_sitenote_note":"","_monsterinsights_sitenote_category":0,"footnotes":""},"categories":[12],"tags":[13284,2135,24240,100,101],"class_list":["post-147769","post","type-post","status-publish","format-standard","has-post-thumbnail","hentry","category-vivienda","tag-comisiones","tag-credito-hipotecario","tag-cuota-de-administracion","tag-infonavit","tag-trabajadores"],"yoast_head":"<!-- This site is optimized with the Yoast SEO plugin v27.4 - https:\/\/yoast.com\/product\/yoast-seo-wordpress\/ -->\n<title>Elimina Infonavit cuotas de administraci\u00f3n de cr\u00e9ditos -<\/title>\n<meta name=\"description\" content=\"El Infonavit indic\u00f3 que esta medida ser\u00e1 aplicable a todos los cr\u00e9ditos que sea contratados a partir del 1 de mayo de 2024 Este mi\u00e9rcoles, el Instituto\" \/>\n<meta name=\"robots\" content=\"index, follow, max-snippet:-1, max-image-preview:large, max-video-preview:-1\" \/>\n<link rel=\"canonical\" href=\"https:\/\/centrourbano.com\/revista\/vivienda\/infonavit-cuotas-creditos\/\" \/>\n<meta property=\"og:locale\" content=\"es_ES\" \/>\n<meta property=\"og:type\" content=\"article\" \/>\n<meta property=\"og:title\" content=\"Elimina Infonavit cuotas de administraci\u00f3n de cr\u00e9ditos -\" \/>\n<meta property=\"og:description\" content=\"El Infonavit indic\u00f3 que esta medida ser\u00e1 aplicable a todos los cr\u00e9ditos que sea contratados a partir del 1 de mayo de 2024 Este mi\u00e9rcoles, el Instituto\" \/>\n<meta property=\"og:url\" content=\"https:\/\/centrourbano.com\/revista\/vivienda\/infonavit-cuotas-creditos\/\" \/>\n<meta property=\"og:site_name\" content=\"Centro Urbano\" \/>\n<meta property=\"article:publisher\" content=\"https:\/\/www.facebook.com\/portalcentrourbano\" \/>\n<meta property=\"article:published_time\" content=\"2024-04-24T23:16:19+00:00\" \/>\n<meta property=\"og:image\" content=\"https:\/\/centrourbano.com\/revista\/wp-content\/uploads\/Elimina-Infonavit-cuotas-de-administracion-de-creditos.jpg\" \/>\n\t<meta property=\"og:image:width\" content=\"1000\" \/>\n\t<meta property=\"og:image:height\" content=\"813\" \/>\n\t<meta property=\"og:image:type\" content=\"image\/jpeg\" \/>\n<meta name=\"author\" content=\"Fernanda Hern\u00e1ndez\" \/>\n<meta name=\"twitter:card\" content=\"summary_large_image\" \/>\n<meta name=\"twitter:creator\" content=\"@https:\/\/twitter.com\/Nannz_Hernandez\" \/>\n<meta name=\"twitter:site\" content=\"@CentroUrbano\" \/>\n<meta name=\"twitter:label1\" content=\"Escrito por\" \/>\n\t<meta name=\"twitter:data1\" content=\"Fernanda Hern\u00e1ndez\" \/>\n\t<meta name=\"twitter:label2\" content=\"Tiempo de lectura\" \/>\n\t<meta name=\"twitter:data2\" content=\"2 minutos\" \/>\n<script type=\"application\/ld+json\" class=\"yoast-schema-graph\">{\"@context\":\"https:\\\/\\\/schema.org\",\"@graph\":[{\"@type\":\"Article\",\"@id\":\"https:\\\/\\\/centrourbano.com\\\/revista\\\/vivienda\\\/infonavit-cuotas-creditos\\\/#article\",\"isPartOf\":{\"@id\":\"https:\\\/\\\/centrourbano.com\\\/revista\\\/vivienda\\\/infonavit-cuotas-creditos\\\/\"},\"author\":{\"name\":\"Fernanda Hern\u00e1ndez\",\"@id\":\"https:\\\/\\\/centrourbano.com\\\/revista\\\/#\\\/schema\\\/person\\\/b190b20bbbceb41ec72278c546fa8df3\"},\"headline\":\"Elimina Infonavit cuotas de administraci\u00f3n de cr\u00e9ditos\",\"datePublished\":\"2024-04-24T23:16:19+00:00\",\"mainEntityOfPage\":{\"@id\":\"https:\\\/\\\/centrourbano.com\\\/revista\\\/vivienda\\\/infonavit-cuotas-creditos\\\/\"},\"wordCount\":418,\"commentCount\":0,\"publisher\":{\"@id\":\"https:\\\/\\\/centrourbano.com\\\/revista\\\/#organization\"},\"image\":{\"@id\":\"https:\\\/\\\/centrourbano.com\\\/revista\\\/vivienda\\\/infonavit-cuotas-creditos\\\/#primaryimage\"},\"thumbnailUrl\":\"https:\\\/\\\/centrourbano.com\\\/revista\\\/wp-content\\\/uploads\\\/Elimina-Infonavit-cuotas-de-administracion-de-creditos.jpg\",\"keywords\":[\"comisiones\",\"credito hipotecario\",\"Cuota de Administraci\u00f3n\",\"Infonavit\",\"Trabajadores\"],\"articleSection\":[\"Vivienda\"],\"inLanguage\":\"es\",\"potentialAction\":[{\"@type\":\"CommentAction\",\"name\":\"Comment\",\"target\":[\"https:\\\/\\\/centrourbano.com\\\/revista\\\/vivienda\\\/infonavit-cuotas-creditos\\\/#respond\"]}]},{\"@type\":\"WebPage\",\"@id\":\"https:\\\/\\\/centrourbano.com\\\/revista\\\/vivienda\\\/infonavit-cuotas-creditos\\\/\",\"url\":\"https:\\\/\\\/centrourbano.com\\\/revista\\\/vivienda\\\/infonavit-cuotas-creditos\\\/\",\"name\":\"Elimina Infonavit cuotas de administraci\u00f3n de cr\u00e9ditos -\",\"isPartOf\":{\"@id\":\"https:\\\/\\\/centrourbano.com\\\/revista\\\/#website\"},\"primaryImageOfPage\":{\"@id\":\"https:\\\/\\\/centrourbano.com\\\/revista\\\/vivienda\\\/infonavit-cuotas-creditos\\\/#primaryimage\"},\"image\":{\"@id\":\"https:\\\/\\\/centrourbano.com\\\/revista\\\/vivienda\\\/infonavit-cuotas-creditos\\\/#primaryimage\"},\"thumbnailUrl\":\"https:\\\/\\\/centrourbano.com\\\/revista\\\/wp-content\\\/uploads\\\/Elimina-Infonavit-cuotas-de-administracion-de-creditos.jpg\",\"datePublished\":\"2024-04-24T23:16:19+00:00\",\"description\":\"El Infonavit indic\u00f3 que esta medida ser\u00e1 aplicable a todos los cr\u00e9ditos que sea contratados a partir del 1 de mayo de 2024 Este mi\u00e9rcoles, el Instituto\",\"breadcrumb\":{\"@id\":\"https:\\\/\\\/centrourbano.com\\\/revista\\\/vivienda\\\/infonavit-cuotas-creditos\\\/#breadcrumb\"},\"inLanguage\":\"es\",\"potentialAction\":[{\"@type\":\"ReadAction\",\"target\":[\"https:\\\/\\\/centrourbano.com\\\/revista\\\/vivienda\\\/infonavit-cuotas-creditos\\\/\"]}]},{\"@type\":\"ImageObject\",\"inLanguage\":\"es\",\"@id\":\"https:\\\/\\\/centrourbano.com\\\/revista\\\/vivienda\\\/infonavit-cuotas-creditos\\\/#primaryimage\",\"url\":\"https:\\\/\\\/centrourbano.com\\\/revista\\\/wp-content\\\/uploads\\\/Elimina-Infonavit-cuotas-de-administracion-de-creditos.jpg\",\"contentUrl\":\"https:\\\/\\\/centrourbano.com\\\/revista\\\/wp-content\\\/uploads\\\/Elimina-Infonavit-cuotas-de-administracion-de-creditos.jpg\",\"width\":1000,\"height\":813,\"caption\":\"Elimina Infonavit cuotas de administraci\u00f3n de cr\u00e9ditos\"},{\"@type\":\"BreadcrumbList\",\"@id\":\"https:\\\/\\\/centrourbano.com\\\/revista\\\/vivienda\\\/infonavit-cuotas-creditos\\\/#breadcrumb\",\"itemListElement\":[{\"@type\":\"ListItem\",\"position\":1,\"name\":\"Portada\",\"item\":\"https:\\\/\\\/centrourbano.com\\\/revista\\\/\"},{\"@type\":\"ListItem\",\"position\":2,\"name\":\"Elimina Infonavit cuotas de administraci\u00f3n de cr\u00e9ditos\"}]},{\"@type\":\"WebSite\",\"@id\":\"https:\\\/\\\/centrourbano.com\\\/revista\\\/#website\",\"url\":\"https:\\\/\\\/centrourbano.com\\\/revista\\\/\",\"name\":\"Centro Urbano\",\"description\":\"Medio especializado en los sectores vivienda, inmobiliario, construcci\u00f3n, arquitectura y urbanismo.\",\"publisher\":{\"@id\":\"https:\\\/\\\/centrourbano.com\\\/revista\\\/#organization\"},\"potentialAction\":[{\"@type\":\"SearchAction\",\"target\":{\"@type\":\"EntryPoint\",\"urlTemplate\":\"https:\\\/\\\/centrourbano.com\\\/revista\\\/?s={search_term_string}\"},\"query-input\":{\"@type\":\"PropertyValueSpecification\",\"valueRequired\":true,\"valueName\":\"search_term_string\"}}],\"inLanguage\":\"es\"},{\"@type\":\"Organization\",\"@id\":\"https:\\\/\\\/centrourbano.com\\\/revista\\\/#organization\",\"name\":\"Centro Urbano\",\"url\":\"https:\\\/\\\/centrourbano.com\\\/revista\\\/\",\"logo\":{\"@type\":\"ImageObject\",\"inLanguage\":\"es\",\"@id\":\"https:\\\/\\\/centrourbano.com\\\/revista\\\/#\\\/schema\\\/logo\\\/image\\\/\",\"url\":\"https:\\\/\\\/centrourbano.com\\\/revista\\\/wp-content\\\/uploads\\\/web_CU_logo-1.png\",\"contentUrl\":\"https:\\\/\\\/centrourbano.com\\\/revista\\\/wp-content\\\/uploads\\\/web_CU_logo-1.png\",\"width\":350,\"height\":91,\"caption\":\"Centro Urbano\"},\"image\":{\"@id\":\"https:\\\/\\\/centrourbano.com\\\/revista\\\/#\\\/schema\\\/logo\\\/image\\\/\"},\"sameAs\":[\"https:\\\/\\\/www.facebook.com\\\/portalcentrourbano\",\"https:\\\/\\\/x.com\\\/CentroUrbano\",\"https:\\\/\\\/www.instagram.com\\\/centro_urbano\\\/\",\"https:\\\/\\\/www.linkedin.com\\\/company\\\/centro-urbano\\\/\",\"http:\\\/\\\/www.youtube.com\\\/user\\\/portalcentrourbano\"]},{\"@type\":\"Person\",\"@id\":\"https:\\\/\\\/centrourbano.com\\\/revista\\\/#\\\/schema\\\/person\\\/b190b20bbbceb41ec72278c546fa8df3\",\"name\":\"Fernanda Hern\u00e1ndez\",\"image\":{\"@type\":\"ImageObject\",\"inLanguage\":\"es\",\"@id\":\"https:\\\/\\\/secure.gravatar.com\\\/avatar\\\/9471831fb0a24eae9d32d826a7cb8ef07c34a41520aca1a0ab1f5c0903ba49b9?s=96&d=mm&r=g\",\"url\":\"https:\\\/\\\/secure.gravatar.com\\\/avatar\\\/9471831fb0a24eae9d32d826a7cb8ef07c34a41520aca1a0ab1f5c0903ba49b9?s=96&d=mm&r=g\",\"contentUrl\":\"https:\\\/\\\/secure.gravatar.com\\\/avatar\\\/9471831fb0a24eae9d32d826a7cb8ef07c34a41520aca1a0ab1f5c0903ba49b9?s=96&d=mm&r=g\",\"caption\":\"Fernanda Hern\u00e1ndez\"},\"description\":\"Reportera y redactora en Centro Urbano. Soy egresada de la licenciatura en Ciencias de la Comunicaci\u00f3n de la Facultad de Ciencias Pol\u00edticas y Sociales (UNAM). Me interesa la cultura, el urbanismo y la arquitectura. Amante del mundo digital, el cine, la m\u00fasica, la lectura y la escritura.\",\"sameAs\":[\"https:\\\/\\\/x.com\\\/https:\\\/\\\/twitter.com\\\/Nannz_Hernandez\"],\"url\":\"https:\\\/\\\/centrourbano.com\\\/revista\\\/author\\\/fernanda-hernandez\\\/\"}]}<\/script>\n<!-- \/ Yoast SEO plugin. -->","yoast_head_json":{"title":"Elimina Infonavit cuotas de administraci\u00f3n de cr\u00e9ditos -","description":"El Infonavit indic\u00f3 que esta medida ser\u00e1 aplicable a todos los cr\u00e9ditos que sea contratados a partir del 1 de mayo de 2024 Este mi\u00e9rcoles, el Instituto","robots":{"index":"index","follow":"follow","max-snippet":"max-snippet:-1","max-image-preview":"max-image-preview:large","max-video-preview":"max-video-preview:-1"},"canonical":"https:\/\/centrourbano.com\/revista\/vivienda\/infonavit-cuotas-creditos\/","og_locale":"es_ES","og_type":"article","og_title":"Elimina Infonavit cuotas de administraci\u00f3n de cr\u00e9ditos -","og_description":"El Infonavit indic\u00f3 que esta medida ser\u00e1 aplicable a todos los cr\u00e9ditos que sea contratados a partir del 1 de mayo de 2024 Este mi\u00e9rcoles, el Instituto","og_url":"https:\/\/centrourbano.com\/revista\/vivienda\/infonavit-cuotas-creditos\/","og_site_name":"Centro Urbano","article_publisher":"https:\/\/www.facebook.com\/portalcentrourbano","article_published_time":"2024-04-24T23:16:19+00:00","og_image":[{"width":1000,"height":813,"url":"https:\/\/centrourbano.com\/revista\/wp-content\/uploads\/Elimina-Infonavit-cuotas-de-administracion-de-creditos.jpg","type":"image\/jpeg"}],"author":"Fernanda Hern\u00e1ndez","twitter_card":"summary_large_image","twitter_creator":"@https:\/\/twitter.com\/Nannz_Hernandez","twitter_site":"@CentroUrbano","twitter_misc":{"Escrito por":"Fernanda Hern\u00e1ndez","Tiempo de lectura":"2 minutos"},"schema":{"@context":"https:\/\/schema.org","@graph":[{"@type":"Article","@id":"https:\/\/centrourbano.com\/revista\/vivienda\/infonavit-cuotas-creditos\/#article","isPartOf":{"@id":"https:\/\/centrourbano.com\/revista\/vivienda\/infonavit-cuotas-creditos\/"},"author":{"name":"Fernanda Hern\u00e1ndez","@id":"https:\/\/centrourbano.com\/revista\/#\/schema\/person\/b190b20bbbceb41ec72278c546fa8df3"},"headline":"Elimina Infonavit cuotas de administraci\u00f3n de cr\u00e9ditos","datePublished":"2024-04-24T23:16:19+00:00","mainEntityOfPage":{"@id":"https:\/\/centrourbano.com\/revista\/vivienda\/infonavit-cuotas-creditos\/"},"wordCount":418,"commentCount":0,"publisher":{"@id":"https:\/\/centrourbano.com\/revista\/#organization"},"image":{"@id":"https:\/\/centrourbano.com\/revista\/vivienda\/infonavit-cuotas-creditos\/#primaryimage"},"thumbnailUrl":"https:\/\/centrourbano.com\/revista\/wp-content\/uploads\/Elimina-Infonavit-cuotas-de-administracion-de-creditos.jpg","keywords":["comisiones","credito hipotecario","Cuota de Administraci\u00f3n","Infonavit","Trabajadores"],"articleSection":["Vivienda"],"inLanguage":"es","potentialAction":[{"@type":"CommentAction","name":"Comment","target":["https:\/\/centrourbano.com\/revista\/vivienda\/infonavit-cuotas-creditos\/#respond"]}]},{"@type":"WebPage","@id":"https:\/\/centrourbano.com\/revista\/vivienda\/infonavit-cuotas-creditos\/","url":"https:\/\/centrourbano.com\/revista\/vivienda\/infonavit-cuotas-creditos\/","name":"Elimina Infonavit cuotas de administraci\u00f3n de cr\u00e9ditos -","isPartOf":{"@id":"https:\/\/centrourbano.com\/revista\/#website"},"primaryImageOfPage":{"@id":"https:\/\/centrourbano.com\/revista\/vivienda\/infonavit-cuotas-creditos\/#primaryimage"},"image":{"@id":"https:\/\/centrourbano.com\/revista\/vivienda\/infonavit-cuotas-creditos\/#primaryimage"},"thumbnailUrl":"https:\/\/centrourbano.com\/revista\/wp-content\/uploads\/Elimina-Infonavit-cuotas-de-administracion-de-creditos.jpg","datePublished":"2024-04-24T23:16:19+00:00","description":"El Infonavit indic\u00f3 que esta medida ser\u00e1 aplicable a todos los cr\u00e9ditos que sea contratados a partir del 1 de mayo de 2024 Este mi\u00e9rcoles, el Instituto","breadcrumb":{"@id":"https:\/\/centrourbano.com\/revista\/vivienda\/infonavit-cuotas-creditos\/#breadcrumb"},"inLanguage":"es","potentialAction":[{"@type":"ReadAction","target":["https:\/\/centrourbano.com\/revista\/vivienda\/infonavit-cuotas-creditos\/"]}]},{"@type":"ImageObject","inLanguage":"es","@id":"https:\/\/centrourbano.com\/revista\/vivienda\/infonavit-cuotas-creditos\/#primaryimage","url":"https:\/\/centrourbano.com\/revista\/wp-content\/uploads\/Elimina-Infonavit-cuotas-de-administracion-de-creditos.jpg","contentUrl":"https:\/\/centrourbano.com\/revista\/wp-content\/uploads\/Elimina-Infonavit-cuotas-de-administracion-de-creditos.jpg","width":1000,"height":813,"caption":"Elimina Infonavit cuotas de administraci\u00f3n de cr\u00e9ditos"},{"@type":"BreadcrumbList","@id":"https:\/\/centrourbano.com\/revista\/vivienda\/infonavit-cuotas-creditos\/#breadcrumb","itemListElement":[{"@type":"ListItem","position":1,"name":"Portada","item":"https:\/\/centrourbano.com\/revista\/"},{"@type":"ListItem","position":2,"name":"Elimina Infonavit cuotas de administraci\u00f3n de cr\u00e9ditos"}]},{"@type":"WebSite","@id":"https:\/\/centrourbano.com\/revista\/#website","url":"https:\/\/centrourbano.com\/revista\/","name":"Centro Urbano","description":"Medio especializado en los sectores vivienda, inmobiliario, construcci\u00f3n, arquitectura y urbanismo.","publisher":{"@id":"https:\/\/centrourbano.com\/revista\/#organization"},"potentialAction":[{"@type":"SearchAction","target":{"@type":"EntryPoint","urlTemplate":"https:\/\/centrourbano.com\/revista\/?s={search_term_string}"},"query-input":{"@type":"PropertyValueSpecification","valueRequired":true,"valueName":"search_term_string"}}],"inLanguage":"es"},{"@type":"Organization","@id":"https:\/\/centrourbano.com\/revista\/#organization","name":"Centro Urbano","url":"https:\/\/centrourbano.com\/revista\/","logo":{"@type":"ImageObject","inLanguage":"es","@id":"https:\/\/centrourbano.com\/revista\/#\/schema\/logo\/image\/","url":"https:\/\/centrourbano.com\/revista\/wp-content\/uploads\/web_CU_logo-1.png","contentUrl":"https:\/\/centrourbano.com\/revista\/wp-content\/uploads\/web_CU_logo-1.png","width":350,"height":91,"caption":"Centro Urbano"},"image":{"@id":"https:\/\/centrourbano.com\/revista\/#\/schema\/logo\/image\/"},"sameAs":["https:\/\/www.facebook.com\/portalcentrourbano","https:\/\/x.com\/CentroUrbano","https:\/\/www.instagram.com\/centro_urbano\/","https:\/\/www.linkedin.com\/company\/centro-urbano\/","http:\/\/www.youtube.com\/user\/portalcentrourbano"]},{"@type":"Person","@id":"https:\/\/centrourbano.com\/revista\/#\/schema\/person\/b190b20bbbceb41ec72278c546fa8df3","name":"Fernanda Hern\u00e1ndez","image":{"@type":"ImageObject","inLanguage":"es","@id":"https:\/\/secure.gravatar.com\/avatar\/9471831fb0a24eae9d32d826a7cb8ef07c34a41520aca1a0ab1f5c0903ba49b9?s=96&d=mm&r=g","url":"https:\/\/secure.gravatar.com\/avatar\/9471831fb0a24eae9d32d826a7cb8ef07c34a41520aca1a0ab1f5c0903ba49b9?s=96&d=mm&r=g","contentUrl":"https:\/\/secure.gravatar.com\/avatar\/9471831fb0a24eae9d32d826a7cb8ef07c34a41520aca1a0ab1f5c0903ba49b9?s=96&d=mm&r=g","caption":"Fernanda Hern\u00e1ndez"},"description":"Reportera y redactora en Centro Urbano. Soy egresada de la licenciatura en Ciencias de la Comunicaci\u00f3n de la Facultad de Ciencias Pol\u00edticas y Sociales (UNAM). Me interesa la cultura, el urbanismo y la arquitectura. Amante del mundo digital, el cine, la m\u00fasica, la lectura y la escritura.","sameAs":["https:\/\/x.com\/https:\/\/twitter.com\/Nannz_Hernandez"],"url":"https:\/\/centrourbano.com\/revista\/author\/fernanda-hernandez\/"}]}},"_links":{"self":[{"href":"https:\/\/centrourbano.com\/revista\/wp-json\/wp\/v2\/posts\/147769","targetHints":{"allow":["GET"]}}],"collection":[{"href":"https:\/\/centrourbano.com\/revista\/wp-json\/wp\/v2\/posts"}],"about":[{"href":"https:\/\/centrourbano.com\/revista\/wp-json\/wp\/v2\/types\/post"}],"author":[{"embeddable":true,"href":"https:\/\/centrourbano.com\/revista\/wp-json\/wp\/v2\/users\/73"}],"replies":[{"embeddable":true,"href":"https:\/\/centrourbano.com\/revista\/wp-json\/wp\/v2\/comments?post=147769"}],"version-history":[{"count":1,"href":"https:\/\/centrourbano.com\/revista\/wp-json\/wp\/v2\/posts\/147769\/revisions"}],"predecessor-version":[{"id":147772,"href":"https:\/\/centrourbano.com\/revista\/wp-json\/wp\/v2\/posts\/147769\/revisions\/147772"}],"wp:featuredmedia":[{"embeddable":true,"href":"https:\/\/centrourbano.com\/revista\/wp-json\/wp\/v2\/media\/147770"}],"wp:attachment":[{"href":"https:\/\/centrourbano.com\/revista\/wp-json\/wp\/v2\/media?parent=147769"}],"wp:term":[{"taxonomy":"category","embeddable":true,"href":"https:\/\/centrourbano.com\/revista\/wp-json\/wp\/v2\/categories?post=147769"},{"taxonomy":"post_tag","embeddable":true,"href":"https:\/\/centrourbano.com\/revista\/wp-json\/wp\/v2\/tags?post=147769"}],"curies":[{"name":"wp","href":"https:\/\/api.w.org\/{rel}","templated":true}]}}