{"id":1477,"date":"2013-12-05T12:10:16","date_gmt":"2013-12-05T18:10:16","guid":{"rendered":"http:\/\/centrourbano.com\/?p=1477"},"modified":"2014-03-20T10:12:32","modified_gmt":"2014-03-20T16:12:32","slug":"devela-cmic-escultura-el-constructor","status":"publish","type":"post","link":"https:\/\/centrourbano.com\/revista\/construccion\/devela-cmic-escultura-el-constructor\/","title":{"rendered":"Devela CMIC escultura \u201cEl Constructor\u201d"},"content":{"rendered":"<p><i>El Gobernador de Durango y el presidente nacional de la CMIC destacaron en el acto que la infraestructura y la Reforma energ\u00e9tica permitir\u00e1n el crecimiento econ\u00f3mico del pa\u00eds<\/i><\/p>\n<p><!--more--><\/p>\n<p>&nbsp;<\/p>\n<p>Funcionarios, ingenieros, consultores y arquitectos se dieron cita en la sede de C\u00e1mara Mexicana de la Industria de la Construcci\u00f3n (CMIC) Nacional para la debelaci\u00f3n de la escultura \u201cEl Constructor\u201d dise\u00f1ada por el escultor Adri\u00e1n P\u00e9rez de Le\u00f3n Partida.<\/p>\n<p>&nbsp;<\/p>\n<p>\u201cUna de mis grandes pasiones es la escultura, estos son los antecedentes y fundamentos que permitieron comprender y proyectar el simbolismo que tiene el constructor, est\u00e1 basado pues, tambi\u00e9n, en mi visi\u00f3n de vida como constructor, en mis esperanzas y sue\u00f1os\u201d, expres\u00f3 P\u00e9rez de Le\u00f3n Partida.<\/p>\n<p>&nbsp;<\/p>\n<p>En el marco de este evento, gobernador del estado de Durango Jorge Herrera Caldera dijo que en materia de infraestructura prev\u00e9 varios proyectos para el pr\u00f3ximo 2014 para la zona norte de Durango, donde se continuar\u00e1 con las obras como la carretera Durango-Parral con 235 kil\u00f3metros, un inversi\u00f3n de m\u00e1s de 1,800 millones en este a\u00f1o.<\/p>\n<p>&nbsp;<\/p>\n<p>Asimismo, mencion\u00f3 la Durango-Culiac\u00e1n, una salida por toda la parte norte del estado, de m\u00e1s de 530 millones de pesos en inversi\u00f3n, una v\u00eda que permitir\u00e1 al estado la conectividad con Estados Unidos y Mazatl\u00e1n.<\/p>\n<p>&nbsp;<\/p>\n<p>Herrera Caldera, detall\u00f3 adem\u00e1s que esta obra contempla un total de 350 millones de pesos; adem\u00e1s, se realizar\u00e1n trabajo en el corredor del Norte: Mazatl\u00e1n-Durango-Parrar-Chihuahua-Ju\u00e1rez.<\/p>\n<p>&nbsp;<\/p>\n<p>\u201cAl tener esta v\u00eda que es la Panamericana que ten\u00eda 70 a\u00f1os que no se utilizaba, se hace un eje comercial muy importante con toda esa parte de esa zona del sur de EU, importante por el tr\u00e1nsito de comercio internacional\u201d, expres\u00f3 el Gobernador.<\/p>\n<p>&nbsp;<\/p>\n<p>Por otra parte, mencion\u00f3 que de aprobarse la Reforma energ\u00e9tica, se vendr\u00e1 un desarrollo muy importante e inversiones en materia de infraestructura en todo el pa\u00eds en materia de hidrocarburos lo que va a detonar todas las actividades secundarias para que M\u00e9xico crezca econ\u00f3micamente.<\/p>\n<p>&nbsp;<\/p>\n<p>En tanto, Luis Z\u00e1rate Rocha, presidente de la CMIC, reiter\u00f3 su confianza en que este 2014 sea un a\u00f1o mucho mejor para la industria en el cual se prev\u00e9 un crecimiento de hasta 3.5 por ciento.<\/p>\n<p>&nbsp;<\/p>\n","protected":false},"excerpt":{"rendered":"<p>El Gobernador de Durango y el presidente nacional de la CMIC destacaron en el acto que la infraestructura y la Reforma energ\u00e9tica permitir\u00e1n el crecimiento econ\u00f3mico del pa\u00eds<\/p>\n","protected":false},"author":8,"featured_media":16688,"comment_status":"open","ping_status":"closed","sticky":false,"template":"","format":"standard","meta":{"om_disable_all_campaigns":false,"inline_featured_image":false,"_monsterinsights_skip_tracking":false,"_monsterinsights_sitenote_active":false,"_monsterinsights_sitenote_note":"","_monsterinsights_sitenote_category":0,"footnotes":""},"categories":[14],"tags":[],"class_list":["post-1477","post","type-post","status-publish","format-standard","has-post-thumbnail","hentry","category-construccion"],"yoast_head":"<!-- This site is optimized with the Yoast SEO plugin v27.4 - https:\/\/yoast.com\/product\/yoast-seo-wordpress\/ -->\n<title>Devela CMIC escultura \u201cEl Constructor\u201d -<\/title>\n<meta name=\"description\" content=\"El Gobernador de Durango y el presidente nacional de la CMIC destacaron en el acto que la infraestructura y la Reforma energ\u00e9tica permitir\u00e1n el\" \/>\n<meta name=\"robots\" content=\"index, follow, max-snippet:-1, max-image-preview:large, max-video-preview:-1\" \/>\n<link rel=\"canonical\" href=\"https:\/\/centrourbano.com\/revista\/construccion\/devela-cmic-escultura-el-constructor\/\" \/>\n<meta property=\"og:locale\" content=\"es_ES\" \/>\n<meta property=\"og:type\" content=\"article\" \/>\n<meta property=\"og:title\" content=\"Devela CMIC escultura \u201cEl Constructor\u201d -\" \/>\n<meta property=\"og:description\" content=\"El Gobernador de Durango y el presidente nacional de la CMIC destacaron en el acto que la infraestructura y la Reforma energ\u00e9tica permitir\u00e1n el\" \/>\n<meta property=\"og:url\" content=\"https:\/\/centrourbano.com\/revista\/construccion\/devela-cmic-escultura-el-constructor\/\" \/>\n<meta property=\"og:site_name\" content=\"Centro Urbano\" \/>\n<meta property=\"article:publisher\" content=\"https:\/\/www.facebook.com\/portalcentrourbano\" \/>\n<meta property=\"article:published_time\" content=\"2013-12-05T18:10:16+00:00\" \/>\n<meta property=\"article:modified_time\" content=\"2014-03-20T16:12:32+00:00\" \/>\n<meta property=\"og:image\" content=\"https:\/\/centrourbano.com\/revista\/wp-content\/uploads\/cmic2.jpg\" \/>\n\t<meta property=\"og:image:width\" content=\"270\" \/>\n\t<meta property=\"og:image:height\" content=\"200\" \/>\n\t<meta property=\"og:image:type\" content=\"image\/jpeg\" \/>\n<meta name=\"author\" content=\"Miriam Ram\u00edrez\" \/>\n<meta name=\"twitter:card\" content=\"summary_large_image\" \/>\n<meta name=\"twitter:creator\" content=\"@CentroUrbano\" \/>\n<meta name=\"twitter:site\" content=\"@CentroUrbano\" \/>\n<meta name=\"twitter:label1\" content=\"Escrito por\" \/>\n\t<meta name=\"twitter:data1\" content=\"Miriam Ram\u00edrez\" \/>\n\t<meta name=\"twitter:label2\" content=\"Tiempo de lectura\" \/>\n\t<meta name=\"twitter:data2\" content=\"2 minutos\" \/>\n<script type=\"application\/ld+json\" class=\"yoast-schema-graph\">{\"@context\":\"https:\\\/\\\/schema.org\",\"@graph\":[{\"@type\":\"Article\",\"@id\":\"https:\\\/\\\/centrourbano.com\\\/revista\\\/construccion\\\/devela-cmic-escultura-el-constructor\\\/#article\",\"isPartOf\":{\"@id\":\"https:\\\/\\\/centrourbano.com\\\/revista\\\/construccion\\\/devela-cmic-escultura-el-constructor\\\/\"},\"author\":{\"name\":\"Miriam Ram\u00edrez\",\"@id\":\"https:\\\/\\\/centrourbano.com\\\/revista\\\/#\\\/schema\\\/person\\\/8e96e5650a1f301864840f24693d98b6\"},\"headline\":\"Devela CMIC escultura \u201cEl Constructor\u201d\",\"datePublished\":\"2013-12-05T18:10:16+00:00\",\"dateModified\":\"2014-03-20T16:12:32+00:00\",\"mainEntityOfPage\":{\"@id\":\"https:\\\/\\\/centrourbano.com\\\/revista\\\/construccion\\\/devela-cmic-escultura-el-constructor\\\/\"},\"wordCount\":400,\"commentCount\":0,\"publisher\":{\"@id\":\"https:\\\/\\\/centrourbano.com\\\/revista\\\/#organization\"},\"image\":{\"@id\":\"https:\\\/\\\/centrourbano.com\\\/revista\\\/construccion\\\/devela-cmic-escultura-el-constructor\\\/#primaryimage\"},\"thumbnailUrl\":\"https:\\\/\\\/centrourbano.com\\\/revista\\\/wp-content\\\/uploads\\\/cmic2.jpg\",\"articleSection\":[\"Construcci\u00f3n\"],\"inLanguage\":\"es\",\"potentialAction\":[{\"@type\":\"CommentAction\",\"name\":\"Comment\",\"target\":[\"https:\\\/\\\/centrourbano.com\\\/revista\\\/construccion\\\/devela-cmic-escultura-el-constructor\\\/#respond\"]}]},{\"@type\":\"WebPage\",\"@id\":\"https:\\\/\\\/centrourbano.com\\\/revista\\\/construccion\\\/devela-cmic-escultura-el-constructor\\\/\",\"url\":\"https:\\\/\\\/centrourbano.com\\\/revista\\\/construccion\\\/devela-cmic-escultura-el-constructor\\\/\",\"name\":\"Devela CMIC escultura \u201cEl Constructor\u201d -\",\"isPartOf\":{\"@id\":\"https:\\\/\\\/centrourbano.com\\\/revista\\\/#website\"},\"primaryImageOfPage\":{\"@id\":\"https:\\\/\\\/centrourbano.com\\\/revista\\\/construccion\\\/devela-cmic-escultura-el-constructor\\\/#primaryimage\"},\"image\":{\"@id\":\"https:\\\/\\\/centrourbano.com\\\/revista\\\/construccion\\\/devela-cmic-escultura-el-constructor\\\/#primaryimage\"},\"thumbnailUrl\":\"https:\\\/\\\/centrourbano.com\\\/revista\\\/wp-content\\\/uploads\\\/cmic2.jpg\",\"datePublished\":\"2013-12-05T18:10:16+00:00\",\"dateModified\":\"2014-03-20T16:12:32+00:00\",\"description\":\"El Gobernador de Durango y el presidente nacional de la CMIC destacaron en el acto que la infraestructura y la Reforma energ\u00e9tica permitir\u00e1n el\",\"breadcrumb\":{\"@id\":\"https:\\\/\\\/centrourbano.com\\\/revista\\\/construccion\\\/devela-cmic-escultura-el-constructor\\\/#breadcrumb\"},\"inLanguage\":\"es\",\"potentialAction\":[{\"@type\":\"ReadAction\",\"target\":[\"https:\\\/\\\/centrourbano.com\\\/revista\\\/construccion\\\/devela-cmic-escultura-el-constructor\\\/\"]}]},{\"@type\":\"ImageObject\",\"inLanguage\":\"es\",\"@id\":\"https:\\\/\\\/centrourbano.com\\\/revista\\\/construccion\\\/devela-cmic-escultura-el-constructor\\\/#primaryimage\",\"url\":\"https:\\\/\\\/centrourbano.com\\\/revista\\\/wp-content\\\/uploads\\\/cmic2.jpg\",\"contentUrl\":\"https:\\\/\\\/centrourbano.com\\\/revista\\\/wp-content\\\/uploads\\\/cmic2.jpg\",\"width\":270,\"height\":200},{\"@type\":\"BreadcrumbList\",\"@id\":\"https:\\\/\\\/centrourbano.com\\\/revista\\\/construccion\\\/devela-cmic-escultura-el-constructor\\\/#breadcrumb\",\"itemListElement\":[{\"@type\":\"ListItem\",\"position\":1,\"name\":\"Portada\",\"item\":\"https:\\\/\\\/centrourbano.com\\\/revista\\\/\"},{\"@type\":\"ListItem\",\"position\":2,\"name\":\"Devela CMIC escultura \u201cEl Constructor\u201d\"}]},{\"@type\":\"WebSite\",\"@id\":\"https:\\\/\\\/centrourbano.com\\\/revista\\\/#website\",\"url\":\"https:\\\/\\\/centrourbano.com\\\/revista\\\/\",\"name\":\"Centro Urbano\",\"description\":\"Medio especializado en los sectores vivienda, inmobiliario, construcci\u00f3n, arquitectura y urbanismo.\",\"publisher\":{\"@id\":\"https:\\\/\\\/centrourbano.com\\\/revista\\\/#organization\"},\"potentialAction\":[{\"@type\":\"SearchAction\",\"target\":{\"@type\":\"EntryPoint\",\"urlTemplate\":\"https:\\\/\\\/centrourbano.com\\\/revista\\\/?s={search_term_string}\"},\"query-input\":{\"@type\":\"PropertyValueSpecification\",\"valueRequired\":true,\"valueName\":\"search_term_string\"}}],\"inLanguage\":\"es\"},{\"@type\":\"Organization\",\"@id\":\"https:\\\/\\\/centrourbano.com\\\/revista\\\/#organization\",\"name\":\"Centro Urbano\",\"url\":\"https:\\\/\\\/centrourbano.com\\\/revista\\\/\",\"logo\":{\"@type\":\"ImageObject\",\"inLanguage\":\"es\",\"@id\":\"https:\\\/\\\/centrourbano.com\\\/revista\\\/#\\\/schema\\\/logo\\\/image\\\/\",\"url\":\"https:\\\/\\\/centrourbano.com\\\/revista\\\/wp-content\\\/uploads\\\/web_CU_logo-1.png\",\"contentUrl\":\"https:\\\/\\\/centrourbano.com\\\/revista\\\/wp-content\\\/uploads\\\/web_CU_logo-1.png\",\"width\":350,\"height\":91,\"caption\":\"Centro Urbano\"},\"image\":{\"@id\":\"https:\\\/\\\/centrourbano.com\\\/revista\\\/#\\\/schema\\\/logo\\\/image\\\/\"},\"sameAs\":[\"https:\\\/\\\/www.facebook.com\\\/portalcentrourbano\",\"https:\\\/\\\/x.com\\\/CentroUrbano\",\"https:\\\/\\\/www.instagram.com\\\/centro_urbano\\\/\",\"https:\\\/\\\/www.linkedin.com\\\/company\\\/centro-urbano\\\/\",\"http:\\\/\\\/www.youtube.com\\\/user\\\/portalcentrourbano\"]},{\"@type\":\"Person\",\"@id\":\"https:\\\/\\\/centrourbano.com\\\/revista\\\/#\\\/schema\\\/person\\\/8e96e5650a1f301864840f24693d98b6\",\"name\":\"Miriam Ram\u00edrez\",\"image\":{\"@type\":\"ImageObject\",\"inLanguage\":\"es\",\"@id\":\"https:\\\/\\\/secure.gravatar.com\\\/avatar\\\/52e1e49302f0128090863d692f98b177207156043d7f590fa6a3f55395c77a19?s=96&d=mm&r=g\",\"url\":\"https:\\\/\\\/secure.gravatar.com\\\/avatar\\\/52e1e49302f0128090863d692f98b177207156043d7f590fa6a3f55395c77a19?s=96&d=mm&r=g\",\"contentUrl\":\"https:\\\/\\\/secure.gravatar.com\\\/avatar\\\/52e1e49302f0128090863d692f98b177207156043d7f590fa6a3f55395c77a19?s=96&d=mm&r=g\",\"caption\":\"Miriam Ram\u00edrez\"},\"description\":\"Egresada de la FES Arag\u00f3n, UNAM; con experiencia en el ramo agropecuario en el suplemento AgroXXI de Milenio, hoy desde Centro Urbano reporta las noticias con temas que ata\u00f1en a las grandes ramas de la industria habitacional como el sector inmobiliario, hipotecario y vivienda; le apasiona todo aquello que vale la pena: la escritura, la m\u00fasica y la lectura.\",\"sameAs\":[\"http:\\\/\\\/@MiriamR_CU\"],\"url\":\"https:\\\/\\\/centrourbano.com\\\/revista\\\/author\\\/miriam-ramirez\\\/\"}]}<\/script>\n<!-- \/ Yoast SEO plugin. -->","yoast_head_json":{"title":"Devela CMIC escultura \u201cEl Constructor\u201d -","description":"El Gobernador de Durango y el presidente nacional de la CMIC destacaron en el acto que la infraestructura y la Reforma energ\u00e9tica permitir\u00e1n el","robots":{"index":"index","follow":"follow","max-snippet":"max-snippet:-1","max-image-preview":"max-image-preview:large","max-video-preview":"max-video-preview:-1"},"canonical":"https:\/\/centrourbano.com\/revista\/construccion\/devela-cmic-escultura-el-constructor\/","og_locale":"es_ES","og_type":"article","og_title":"Devela CMIC escultura \u201cEl Constructor\u201d -","og_description":"El Gobernador de Durango y el presidente nacional de la CMIC destacaron en el acto que la infraestructura y la Reforma energ\u00e9tica permitir\u00e1n el","og_url":"https:\/\/centrourbano.com\/revista\/construccion\/devela-cmic-escultura-el-constructor\/","og_site_name":"Centro Urbano","article_publisher":"https:\/\/www.facebook.com\/portalcentrourbano","article_published_time":"2013-12-05T18:10:16+00:00","article_modified_time":"2014-03-20T16:12:32+00:00","og_image":[{"width":270,"height":200,"url":"https:\/\/centrourbano.com\/revista\/wp-content\/uploads\/cmic2.jpg","type":"image\/jpeg"}],"author":"Miriam Ram\u00edrez","twitter_card":"summary_large_image","twitter_creator":"@CentroUrbano","twitter_site":"@CentroUrbano","twitter_misc":{"Escrito por":"Miriam Ram\u00edrez","Tiempo de lectura":"2 minutos"},"schema":{"@context":"https:\/\/schema.org","@graph":[{"@type":"Article","@id":"https:\/\/centrourbano.com\/revista\/construccion\/devela-cmic-escultura-el-constructor\/#article","isPartOf":{"@id":"https:\/\/centrourbano.com\/revista\/construccion\/devela-cmic-escultura-el-constructor\/"},"author":{"name":"Miriam Ram\u00edrez","@id":"https:\/\/centrourbano.com\/revista\/#\/schema\/person\/8e96e5650a1f301864840f24693d98b6"},"headline":"Devela CMIC escultura \u201cEl Constructor\u201d","datePublished":"2013-12-05T18:10:16+00:00","dateModified":"2014-03-20T16:12:32+00:00","mainEntityOfPage":{"@id":"https:\/\/centrourbano.com\/revista\/construccion\/devela-cmic-escultura-el-constructor\/"},"wordCount":400,"commentCount":0,"publisher":{"@id":"https:\/\/centrourbano.com\/revista\/#organization"},"image":{"@id":"https:\/\/centrourbano.com\/revista\/construccion\/devela-cmic-escultura-el-constructor\/#primaryimage"},"thumbnailUrl":"https:\/\/centrourbano.com\/revista\/wp-content\/uploads\/cmic2.jpg","articleSection":["Construcci\u00f3n"],"inLanguage":"es","potentialAction":[{"@type":"CommentAction","name":"Comment","target":["https:\/\/centrourbano.com\/revista\/construccion\/devela-cmic-escultura-el-constructor\/#respond"]}]},{"@type":"WebPage","@id":"https:\/\/centrourbano.com\/revista\/construccion\/devela-cmic-escultura-el-constructor\/","url":"https:\/\/centrourbano.com\/revista\/construccion\/devela-cmic-escultura-el-constructor\/","name":"Devela CMIC escultura \u201cEl Constructor\u201d -","isPartOf":{"@id":"https:\/\/centrourbano.com\/revista\/#website"},"primaryImageOfPage":{"@id":"https:\/\/centrourbano.com\/revista\/construccion\/devela-cmic-escultura-el-constructor\/#primaryimage"},"image":{"@id":"https:\/\/centrourbano.com\/revista\/construccion\/devela-cmic-escultura-el-constructor\/#primaryimage"},"thumbnailUrl":"https:\/\/centrourbano.com\/revista\/wp-content\/uploads\/cmic2.jpg","datePublished":"2013-12-05T18:10:16+00:00","dateModified":"2014-03-20T16:12:32+00:00","description":"El Gobernador de Durango y el presidente nacional de la CMIC destacaron en el acto que la infraestructura y la Reforma energ\u00e9tica permitir\u00e1n el","breadcrumb":{"@id":"https:\/\/centrourbano.com\/revista\/construccion\/devela-cmic-escultura-el-constructor\/#breadcrumb"},"inLanguage":"es","potentialAction":[{"@type":"ReadAction","target":["https:\/\/centrourbano.com\/revista\/construccion\/devela-cmic-escultura-el-constructor\/"]}]},{"@type":"ImageObject","inLanguage":"es","@id":"https:\/\/centrourbano.com\/revista\/construccion\/devela-cmic-escultura-el-constructor\/#primaryimage","url":"https:\/\/centrourbano.com\/revista\/wp-content\/uploads\/cmic2.jpg","contentUrl":"https:\/\/centrourbano.com\/revista\/wp-content\/uploads\/cmic2.jpg","width":270,"height":200},{"@type":"BreadcrumbList","@id":"https:\/\/centrourbano.com\/revista\/construccion\/devela-cmic-escultura-el-constructor\/#breadcrumb","itemListElement":[{"@type":"ListItem","position":1,"name":"Portada","item":"https:\/\/centrourbano.com\/revista\/"},{"@type":"ListItem","position":2,"name":"Devela CMIC escultura \u201cEl Constructor\u201d"}]},{"@type":"WebSite","@id":"https:\/\/centrourbano.com\/revista\/#website","url":"https:\/\/centrourbano.com\/revista\/","name":"Centro Urbano","description":"Medio especializado en los sectores vivienda, inmobiliario, construcci\u00f3n, arquitectura y urbanismo.","publisher":{"@id":"https:\/\/centrourbano.com\/revista\/#organization"},"potentialAction":[{"@type":"SearchAction","target":{"@type":"EntryPoint","urlTemplate":"https:\/\/centrourbano.com\/revista\/?s={search_term_string}"},"query-input":{"@type":"PropertyValueSpecification","valueRequired":true,"valueName":"search_term_string"}}],"inLanguage":"es"},{"@type":"Organization","@id":"https:\/\/centrourbano.com\/revista\/#organization","name":"Centro Urbano","url":"https:\/\/centrourbano.com\/revista\/","logo":{"@type":"ImageObject","inLanguage":"es","@id":"https:\/\/centrourbano.com\/revista\/#\/schema\/logo\/image\/","url":"https:\/\/centrourbano.com\/revista\/wp-content\/uploads\/web_CU_logo-1.png","contentUrl":"https:\/\/centrourbano.com\/revista\/wp-content\/uploads\/web_CU_logo-1.png","width":350,"height":91,"caption":"Centro Urbano"},"image":{"@id":"https:\/\/centrourbano.com\/revista\/#\/schema\/logo\/image\/"},"sameAs":["https:\/\/www.facebook.com\/portalcentrourbano","https:\/\/x.com\/CentroUrbano","https:\/\/www.instagram.com\/centro_urbano\/","https:\/\/www.linkedin.com\/company\/centro-urbano\/","http:\/\/www.youtube.com\/user\/portalcentrourbano"]},{"@type":"Person","@id":"https:\/\/centrourbano.com\/revista\/#\/schema\/person\/8e96e5650a1f301864840f24693d98b6","name":"Miriam Ram\u00edrez","image":{"@type":"ImageObject","inLanguage":"es","@id":"https:\/\/secure.gravatar.com\/avatar\/52e1e49302f0128090863d692f98b177207156043d7f590fa6a3f55395c77a19?s=96&d=mm&r=g","url":"https:\/\/secure.gravatar.com\/avatar\/52e1e49302f0128090863d692f98b177207156043d7f590fa6a3f55395c77a19?s=96&d=mm&r=g","contentUrl":"https:\/\/secure.gravatar.com\/avatar\/52e1e49302f0128090863d692f98b177207156043d7f590fa6a3f55395c77a19?s=96&d=mm&r=g","caption":"Miriam Ram\u00edrez"},"description":"Egresada de la FES Arag\u00f3n, UNAM; con experiencia en el ramo agropecuario en el suplemento AgroXXI de Milenio, hoy desde Centro Urbano reporta las noticias con temas que ata\u00f1en a las grandes ramas de la industria habitacional como el sector inmobiliario, hipotecario y vivienda; le apasiona todo aquello que vale la pena: la escritura, la m\u00fasica y la lectura.","sameAs":["http:\/\/@MiriamR_CU"],"url":"https:\/\/centrourbano.com\/revista\/author\/miriam-ramirez\/"}]}},"_links":{"self":[{"href":"https:\/\/centrourbano.com\/revista\/wp-json\/wp\/v2\/posts\/1477","targetHints":{"allow":["GET"]}}],"collection":[{"href":"https:\/\/centrourbano.com\/revista\/wp-json\/wp\/v2\/posts"}],"about":[{"href":"https:\/\/centrourbano.com\/revista\/wp-json\/wp\/v2\/types\/post"}],"author":[{"embeddable":true,"href":"https:\/\/centrourbano.com\/revista\/wp-json\/wp\/v2\/users\/8"}],"replies":[{"embeddable":true,"href":"https:\/\/centrourbano.com\/revista\/wp-json\/wp\/v2\/comments?post=1477"}],"version-history":[{"count":0,"href":"https:\/\/centrourbano.com\/revista\/wp-json\/wp\/v2\/posts\/1477\/revisions"}],"wp:featuredmedia":[{"embeddable":true,"href":"https:\/\/centrourbano.com\/revista\/wp-json\/wp\/v2\/media\/16688"}],"wp:attachment":[{"href":"https:\/\/centrourbano.com\/revista\/wp-json\/wp\/v2\/media?parent=1477"}],"wp:term":[{"taxonomy":"category","embeddable":true,"href":"https:\/\/centrourbano.com\/revista\/wp-json\/wp\/v2\/categories?post=1477"},{"taxonomy":"post_tag","embeddable":true,"href":"https:\/\/centrourbano.com\/revista\/wp-json\/wp\/v2\/tags?post=1477"}],"curies":[{"name":"wp","href":"https:\/\/api.w.org\/{rel}","templated":true}]}}