{"id":147697,"date":"2024-04-23T12:35:58","date_gmt":"2024-04-23T18:35:58","guid":{"rendered":"https:\/\/centrourbano.com\/revista\/?p=147697"},"modified":"2024-04-23T15:07:07","modified_gmt":"2024-04-23T21:07:07","slug":"sapmx-festival-flores-2024","status":"publish","type":"post","link":"https:\/\/centrourbano.com\/revista\/arquitectura-2\/sapmx-festival-flores-2024\/","title":{"rendered":"SAPmx participar\u00e1 en el Festival de Flores y Jardines 2024"},"content":{"rendered":"<p><em>Miembros de la SAPmx participar\u00e1n en exhibiciones y moderar\u00e1n dos mesas redondas sobre arquitectura de paisaje y su impacto en entornos urbanos<\/em><!--more--><\/p>\n<p>La <strong>Sociedad de Arquitectos Paisajistas de M\u00e9xico<\/strong> (<strong>SAPmx<\/strong>) anunci\u00f3 que algunos de sus miembros m\u00e1s destacados participar\u00e1n en la <strong>edici\u00f3n 2024 del Festival de Flores y Jardines<\/strong> (<a href=\"https:\/\/fyja-festival-en-campo-sabado.boletia.com\/\" target=\"_blank\" rel=\"noopener\"><strong>FYJA<\/strong><\/a>), que se celebrar\u00e1 del 26 al 28 de abril en los jardines de Campo Marte y a lo largo de la avenida Presidente Masaryk, en la Ciudad de M\u00e9xico.<\/p>\n<p>\u201cEl <strong>FYJA 2024<\/strong> ser\u00e1 testigo de una metamorfosis urbana sin precedentes, gracias a la intervenci\u00f3n creativa de destacados arquitectos paisajistas mexicanos, como <strong>Kathrin Grimm, Daniel G\u00f3mez Bilbao, Alejandra de la Cerda, Bernardo Maurer y Armando Maravilla<\/strong>, as\u00ed como la contribuci\u00f3n de <strong><a href=\"https:\/\/centrourbano.com\/revista\/urbanismo\/espacio-publico-derecho-sapm\/\" target=\"_blank\" rel=\"noopener\">Fernanda Rionda<\/a>, presidenta de la SAPmx<\/strong>; este evento promete ser una experiencia \u00fanica que celebra el arte, la naturaleza y la comunidad\u201d, indic\u00f3 la organizaci\u00f3n.<\/p>\n<p>Al respecto, <strong>Kathrin Grimm, del despacho A Pleno Sol<\/strong>, quien es conocida por su enfoque innovador en el dise\u00f1o de espacios verdes, coment\u00f3 que \u201cel <strong>FYJA<\/strong> es una oportunidad \u00fanica para fusionar el arte con la naturaleza, creando experiencias que inspiran y transforman la percepci\u00f3n del entorno urbano\u201d.<\/p>\n<p>Por su parte, <strong>Daniel G\u00f3mez Bilbao, del despacho Huatan<\/strong>, participar\u00e1 en el Festival con la creaci\u00f3n de instalaciones que desaf\u00edan los l\u00edmites entre lo natural y lo construido; mientras que <strong>Alejandro de la Cerda, de Polen Paisaje<\/strong>, y <strong>Armando Maravilla, de Yaax<\/strong>, se enfocar\u00e1n en resaltar la belleza y la biodiversidad de la flora mexicana en sus creaciones.<\/p>\n<p>En tanto, <strong>Fernanda Rionda, presidenta de la SAPmx<\/strong>, quien participar\u00e1 con una intervenci\u00f3n propia, destac\u00f3 su compromiso con la creaci\u00f3n de espacios que promuevan la conexi\u00f3n con la naturaleza y el bienestar de la comunidad.<\/p>\n<p>\u201cEl <strong>FYJA<\/strong> es una plataforma excepcional para promover la importancia de los espacios verdes en entornos urbanos y resaltar el papel vital que desempe\u00f1a la arquitectura de paisaje en la creaci\u00f3n de comunidades saludables y sostenibles\u201d, dijo.<\/p>\n<p>De igual manera, miembros de la <strong>SAPmx<\/strong> moderar\u00e1n <strong>dos mesas redondas<\/strong> entre paisajistas, en donde se abordar\u00e1n temas relativos a la arquitectura de paisaje y su impacto en las ciudades.<\/p>\n<p>Dichos paneles estar\u00e1n moderados por las arquitectas paisajistas <strong>Stephanie Krieg Schreiber<\/strong> y <strong>Diana Hern\u00e1ndez<\/strong>, miembros de la junta operativa de la SAPmx.<\/p>\n<p>Adem\u00e1s, <strong>Fernanda Rionda<\/strong> subray\u00f3 la importancia del compromiso de la Sociedad con la implementaci\u00f3n y regulaci\u00f3n de la <strong>arquitectura de paisaje en M\u00e9xico<\/strong>, una disciplina que m\u00e1s que embellecer entornos, busca construir comunidades sostenibles y resilientes, al promover la conexi\u00f3n con la naturaleza y la preservaci\u00f3n del medio ambiente.<\/p>\n<p>\u201cNuestro objetivo es crear espacios que no solo sean visualmente atractivos, sino tambi\u00e9n funcionales y sostenibles, que promuevan el bienestar de las personas y la salud del entorno social. A trav\u00e9s de su participaci\u00f3n en el <strong>FYJA 2024<\/strong>, la SAPmx reafirma su compromiso con el dise\u00f1o consciente y responsable, inspirando a otros a unirse en la construcci\u00f3n de un futuro m\u00e1s verde y armonioso\u201d, agreg\u00f3.<\/p>\n","protected":false},"excerpt":{"rendered":"<p>Miembros de la SAPmx participar\u00e1n en exhibiciones y moderar\u00e1n dos mesas redondas sobre arquitectura de paisaje y su impacto en entornos urbanos<\/p>\n","protected":false},"author":73,"featured_media":147735,"comment_status":"open","ping_status":"closed","sticky":false,"template":"","format":"standard","meta":{"om_disable_all_campaigns":false,"inline_featured_image":false,"_monsterinsights_skip_tracking":false,"_monsterinsights_sitenote_active":false,"_monsterinsights_sitenote_note":"","_monsterinsights_sitenote_category":0,"footnotes":""},"categories":[81,10585],"tags":[4531,24233,24232,1791],"class_list":["post-147697","post","type-post","status-publish","format-standard","has-post-thumbnail","hentry","category-arquitectura-2","category-eventos","tag-arquitectura-del-paisaje","tag-festival-de-flores-y-jardines-2024","tag-sapmx","tag-sociedad-de-arquitectos-paisajistas-de-mexico"],"yoast_head":"<!-- This site is optimized with the Yoast SEO plugin v27.5 - https:\/\/yoast.com\/product\/yoast-seo-wordpress\/ -->\n<title>SAPmx participar\u00e1 en el Festival de Flores y Jardines 2024 -<\/title>\n<meta name=\"description\" content=\"Miembros de la SAPmx participar\u00e1n en exhibiciones y moderar\u00e1n dos mesas redondas sobre arquitectura de paisaje y su impacto en entornos urbanos La\" \/>\n<meta name=\"robots\" content=\"index, follow, max-snippet:-1, max-image-preview:large, max-video-preview:-1\" \/>\n<link rel=\"canonical\" href=\"https:\/\/centrourbano.com\/revista\/arquitectura-2\/sapmx-festival-flores-2024\/\" \/>\n<meta property=\"og:locale\" content=\"es_ES\" \/>\n<meta property=\"og:type\" content=\"article\" \/>\n<meta property=\"og:title\" content=\"SAPmx participar\u00e1 en el Festival de Flores y Jardines 2024 -\" \/>\n<meta property=\"og:description\" content=\"Miembros de la SAPmx participar\u00e1n en exhibiciones y moderar\u00e1n dos mesas redondas sobre arquitectura de paisaje y su impacto en entornos urbanos La\" \/>\n<meta property=\"og:url\" content=\"https:\/\/centrourbano.com\/revista\/arquitectura-2\/sapmx-festival-flores-2024\/\" \/>\n<meta property=\"og:site_name\" content=\"Centro Urbano\" \/>\n<meta property=\"article:publisher\" content=\"https:\/\/www.facebook.com\/portalcentrourbano\" \/>\n<meta property=\"article:published_time\" content=\"2024-04-23T18:35:58+00:00\" \/>\n<meta property=\"article:modified_time\" content=\"2024-04-23T21:07:07+00:00\" \/>\n<meta property=\"og:image\" content=\"https:\/\/centrourbano.com\/revista\/wp-content\/uploads\/SAPmx-participara-en-el-festival-de-flores-y-jardines-2024.jpg\" \/>\n\t<meta property=\"og:image:width\" content=\"1250\" \/>\n\t<meta property=\"og:image:height\" content=\"1080\" \/>\n\t<meta property=\"og:image:type\" content=\"image\/jpeg\" \/>\n<meta name=\"author\" content=\"Fernanda Hern\u00e1ndez\" \/>\n<meta name=\"twitter:card\" content=\"summary_large_image\" \/>\n<meta name=\"twitter:creator\" content=\"@https:\/\/twitter.com\/Nannz_Hernandez\" \/>\n<meta name=\"twitter:site\" content=\"@CentroUrbano\" \/>\n<meta name=\"twitter:label1\" content=\"Escrito por\" \/>\n\t<meta name=\"twitter:data1\" content=\"Fernanda Hern\u00e1ndez\" \/>\n\t<meta name=\"twitter:label2\" content=\"Tiempo de lectura\" \/>\n\t<meta name=\"twitter:data2\" content=\"3 minutos\" \/>\n<script type=\"application\/ld+json\" class=\"yoast-schema-graph\">{\"@context\":\"https:\\\/\\\/schema.org\",\"@graph\":[{\"@type\":\"Article\",\"@id\":\"https:\\\/\\\/centrourbano.com\\\/revista\\\/arquitectura-2\\\/sapmx-festival-flores-2024\\\/#article\",\"isPartOf\":{\"@id\":\"https:\\\/\\\/centrourbano.com\\\/revista\\\/arquitectura-2\\\/sapmx-festival-flores-2024\\\/\"},\"author\":{\"name\":\"Fernanda Hern\u00e1ndez\",\"@id\":\"https:\\\/\\\/centrourbano.com\\\/revista\\\/#\\\/schema\\\/person\\\/bc284507d99af21c6df75a3f1924b95c\"},\"headline\":\"SAPmx participar\u00e1 en el Festival de Flores y Jardines 2024\",\"datePublished\":\"2024-04-23T18:35:58+00:00\",\"dateModified\":\"2024-04-23T21:07:07+00:00\",\"mainEntityOfPage\":{\"@id\":\"https:\\\/\\\/centrourbano.com\\\/revista\\\/arquitectura-2\\\/sapmx-festival-flores-2024\\\/\"},\"wordCount\":533,\"commentCount\":0,\"publisher\":{\"@id\":\"https:\\\/\\\/centrourbano.com\\\/revista\\\/#organization\"},\"image\":{\"@id\":\"https:\\\/\\\/centrourbano.com\\\/revista\\\/arquitectura-2\\\/sapmx-festival-flores-2024\\\/#primaryimage\"},\"thumbnailUrl\":\"https:\\\/\\\/centrourbano.com\\\/revista\\\/wp-content\\\/uploads\\\/SAPmx-participara-en-el-festival-de-flores-y-jardines-2024.jpg\",\"keywords\":[\"Arquitectura del Paisaje\",\"Festival de Flores y Jardines 2024\",\"SAPmx\",\"Sociedad de Arquitectos Paisajistas de M\u00e9xico\"],\"articleSection\":[\"Arquitectura\",\"Eventos\"],\"inLanguage\":\"es\",\"potentialAction\":[{\"@type\":\"CommentAction\",\"name\":\"Comment\",\"target\":[\"https:\\\/\\\/centrourbano.com\\\/revista\\\/arquitectura-2\\\/sapmx-festival-flores-2024\\\/#respond\"]}]},{\"@type\":\"WebPage\",\"@id\":\"https:\\\/\\\/centrourbano.com\\\/revista\\\/arquitectura-2\\\/sapmx-festival-flores-2024\\\/\",\"url\":\"https:\\\/\\\/centrourbano.com\\\/revista\\\/arquitectura-2\\\/sapmx-festival-flores-2024\\\/\",\"name\":\"SAPmx participar\u00e1 en el Festival de Flores y Jardines 2024 -\",\"isPartOf\":{\"@id\":\"https:\\\/\\\/centrourbano.com\\\/revista\\\/#website\"},\"primaryImageOfPage\":{\"@id\":\"https:\\\/\\\/centrourbano.com\\\/revista\\\/arquitectura-2\\\/sapmx-festival-flores-2024\\\/#primaryimage\"},\"image\":{\"@id\":\"https:\\\/\\\/centrourbano.com\\\/revista\\\/arquitectura-2\\\/sapmx-festival-flores-2024\\\/#primaryimage\"},\"thumbnailUrl\":\"https:\\\/\\\/centrourbano.com\\\/revista\\\/wp-content\\\/uploads\\\/SAPmx-participara-en-el-festival-de-flores-y-jardines-2024.jpg\",\"datePublished\":\"2024-04-23T18:35:58+00:00\",\"dateModified\":\"2024-04-23T21:07:07+00:00\",\"description\":\"Miembros de la SAPmx participar\u00e1n en exhibiciones y moderar\u00e1n dos mesas redondas sobre arquitectura de paisaje y su impacto en entornos urbanos La\",\"breadcrumb\":{\"@id\":\"https:\\\/\\\/centrourbano.com\\\/revista\\\/arquitectura-2\\\/sapmx-festival-flores-2024\\\/#breadcrumb\"},\"inLanguage\":\"es\",\"potentialAction\":[{\"@type\":\"ReadAction\",\"target\":[\"https:\\\/\\\/centrourbano.com\\\/revista\\\/arquitectura-2\\\/sapmx-festival-flores-2024\\\/\"]}]},{\"@type\":\"ImageObject\",\"inLanguage\":\"es\",\"@id\":\"https:\\\/\\\/centrourbano.com\\\/revista\\\/arquitectura-2\\\/sapmx-festival-flores-2024\\\/#primaryimage\",\"url\":\"https:\\\/\\\/centrourbano.com\\\/revista\\\/wp-content\\\/uploads\\\/SAPmx-participara-en-el-festival-de-flores-y-jardines-2024.jpg\",\"contentUrl\":\"https:\\\/\\\/centrourbano.com\\\/revista\\\/wp-content\\\/uploads\\\/SAPmx-participara-en-el-festival-de-flores-y-jardines-2024.jpg\",\"width\":1250,\"height\":1080,\"caption\":\"Miembros de la SAPmx participar\u00e1n en exhibiciones y moderar\u00e1n dos mesas redondas sobre arquitectura de paisaje y su impacto en entornos urbanos\"},{\"@type\":\"BreadcrumbList\",\"@id\":\"https:\\\/\\\/centrourbano.com\\\/revista\\\/arquitectura-2\\\/sapmx-festival-flores-2024\\\/#breadcrumb\",\"itemListElement\":[{\"@type\":\"ListItem\",\"position\":1,\"name\":\"Portada\",\"item\":\"https:\\\/\\\/centrourbano.com\\\/revista\\\/\"},{\"@type\":\"ListItem\",\"position\":2,\"name\":\"SAPmx participar\u00e1 en el Festival de Flores y Jardines 2024\"}]},{\"@type\":\"WebSite\",\"@id\":\"https:\\\/\\\/centrourbano.com\\\/revista\\\/#website\",\"url\":\"https:\\\/\\\/centrourbano.com\\\/revista\\\/\",\"name\":\"Centro Urbano\",\"description\":\"Medio especializado en los sectores vivienda, inmobiliario, construcci\u00f3n, arquitectura y urbanismo.\",\"publisher\":{\"@id\":\"https:\\\/\\\/centrourbano.com\\\/revista\\\/#organization\"},\"potentialAction\":[{\"@type\":\"SearchAction\",\"target\":{\"@type\":\"EntryPoint\",\"urlTemplate\":\"https:\\\/\\\/centrourbano.com\\\/revista\\\/?s={search_term_string}\"},\"query-input\":{\"@type\":\"PropertyValueSpecification\",\"valueRequired\":true,\"valueName\":\"search_term_string\"}}],\"inLanguage\":\"es\"},{\"@type\":\"Organization\",\"@id\":\"https:\\\/\\\/centrourbano.com\\\/revista\\\/#organization\",\"name\":\"Centro Urbano\",\"url\":\"https:\\\/\\\/centrourbano.com\\\/revista\\\/\",\"logo\":{\"@type\":\"ImageObject\",\"inLanguage\":\"es\",\"@id\":\"https:\\\/\\\/centrourbano.com\\\/revista\\\/#\\\/schema\\\/logo\\\/image\\\/\",\"url\":\"https:\\\/\\\/centrourbano.com\\\/revista\\\/wp-content\\\/uploads\\\/web_CU_logo-1.png\",\"contentUrl\":\"https:\\\/\\\/centrourbano.com\\\/revista\\\/wp-content\\\/uploads\\\/web_CU_logo-1.png\",\"width\":350,\"height\":91,\"caption\":\"Centro Urbano\"},\"image\":{\"@id\":\"https:\\\/\\\/centrourbano.com\\\/revista\\\/#\\\/schema\\\/logo\\\/image\\\/\"},\"sameAs\":[\"https:\\\/\\\/www.facebook.com\\\/portalcentrourbano\",\"https:\\\/\\\/x.com\\\/CentroUrbano\",\"https:\\\/\\\/www.instagram.com\\\/centro_urbano\\\/\",\"https:\\\/\\\/www.linkedin.com\\\/company\\\/centro-urbano\\\/\",\"http:\\\/\\\/www.youtube.com\\\/user\\\/portalcentrourbano\"]},{\"@type\":\"Person\",\"@id\":\"https:\\\/\\\/centrourbano.com\\\/revista\\\/#\\\/schema\\\/person\\\/bc284507d99af21c6df75a3f1924b95c\",\"name\":\"Fernanda Hern\u00e1ndez\",\"image\":{\"@type\":\"ImageObject\",\"inLanguage\":\"es\",\"@id\":\"https:\\\/\\\/secure.gravatar.com\\\/avatar\\\/9471831fb0a24eae9d32d826a7cb8ef07c34a41520aca1a0ab1f5c0903ba49b9?s=96&d=mm&r=g\",\"url\":\"https:\\\/\\\/secure.gravatar.com\\\/avatar\\\/9471831fb0a24eae9d32d826a7cb8ef07c34a41520aca1a0ab1f5c0903ba49b9?s=96&d=mm&r=g\",\"contentUrl\":\"https:\\\/\\\/secure.gravatar.com\\\/avatar\\\/9471831fb0a24eae9d32d826a7cb8ef07c34a41520aca1a0ab1f5c0903ba49b9?s=96&d=mm&r=g\",\"caption\":\"Fernanda Hern\u00e1ndez\"},\"description\":\"Reportera y redactora en Centro Urbano. Soy egresada de la licenciatura en Ciencias de la Comunicaci\u00f3n de la Facultad de Ciencias Pol\u00edticas y Sociales (UNAM). Me interesa la cultura, el urbanismo y la arquitectura. Amante del mundo digital, el cine, la m\u00fasica, la lectura y la escritura.\",\"sameAs\":[\"https:\\\/\\\/x.com\\\/https:\\\/\\\/twitter.com\\\/Nannz_Hernandez\"],\"url\":\"https:\\\/\\\/centrourbano.com\\\/revista\\\/author\\\/fernanda-hernandez\\\/\"}]}<\/script>\n<!-- \/ Yoast SEO plugin. -->","yoast_head_json":{"title":"SAPmx participar\u00e1 en el Festival de Flores y Jardines 2024 -","description":"Miembros de la SAPmx participar\u00e1n en exhibiciones y moderar\u00e1n dos mesas redondas sobre arquitectura de paisaje y su impacto en entornos urbanos La","robots":{"index":"index","follow":"follow","max-snippet":"max-snippet:-1","max-image-preview":"max-image-preview:large","max-video-preview":"max-video-preview:-1"},"canonical":"https:\/\/centrourbano.com\/revista\/arquitectura-2\/sapmx-festival-flores-2024\/","og_locale":"es_ES","og_type":"article","og_title":"SAPmx participar\u00e1 en el Festival de Flores y Jardines 2024 -","og_description":"Miembros de la SAPmx participar\u00e1n en exhibiciones y moderar\u00e1n dos mesas redondas sobre arquitectura de paisaje y su impacto en entornos urbanos La","og_url":"https:\/\/centrourbano.com\/revista\/arquitectura-2\/sapmx-festival-flores-2024\/","og_site_name":"Centro Urbano","article_publisher":"https:\/\/www.facebook.com\/portalcentrourbano","article_published_time":"2024-04-23T18:35:58+00:00","article_modified_time":"2024-04-23T21:07:07+00:00","og_image":[{"width":1250,"height":1080,"url":"https:\/\/centrourbano.com\/revista\/wp-content\/uploads\/SAPmx-participara-en-el-festival-de-flores-y-jardines-2024.jpg","type":"image\/jpeg"}],"author":"Fernanda Hern\u00e1ndez","twitter_card":"summary_large_image","twitter_creator":"@https:\/\/twitter.com\/Nannz_Hernandez","twitter_site":"@CentroUrbano","twitter_misc":{"Escrito por":"Fernanda Hern\u00e1ndez","Tiempo de lectura":"3 minutos"},"schema":{"@context":"https:\/\/schema.org","@graph":[{"@type":"Article","@id":"https:\/\/centrourbano.com\/revista\/arquitectura-2\/sapmx-festival-flores-2024\/#article","isPartOf":{"@id":"https:\/\/centrourbano.com\/revista\/arquitectura-2\/sapmx-festival-flores-2024\/"},"author":{"name":"Fernanda Hern\u00e1ndez","@id":"https:\/\/centrourbano.com\/revista\/#\/schema\/person\/bc284507d99af21c6df75a3f1924b95c"},"headline":"SAPmx participar\u00e1 en el Festival de Flores y Jardines 2024","datePublished":"2024-04-23T18:35:58+00:00","dateModified":"2024-04-23T21:07:07+00:00","mainEntityOfPage":{"@id":"https:\/\/centrourbano.com\/revista\/arquitectura-2\/sapmx-festival-flores-2024\/"},"wordCount":533,"commentCount":0,"publisher":{"@id":"https:\/\/centrourbano.com\/revista\/#organization"},"image":{"@id":"https:\/\/centrourbano.com\/revista\/arquitectura-2\/sapmx-festival-flores-2024\/#primaryimage"},"thumbnailUrl":"https:\/\/centrourbano.com\/revista\/wp-content\/uploads\/SAPmx-participara-en-el-festival-de-flores-y-jardines-2024.jpg","keywords":["Arquitectura del Paisaje","Festival de Flores y Jardines 2024","SAPmx","Sociedad de Arquitectos Paisajistas de M\u00e9xico"],"articleSection":["Arquitectura","Eventos"],"inLanguage":"es","potentialAction":[{"@type":"CommentAction","name":"Comment","target":["https:\/\/centrourbano.com\/revista\/arquitectura-2\/sapmx-festival-flores-2024\/#respond"]}]},{"@type":"WebPage","@id":"https:\/\/centrourbano.com\/revista\/arquitectura-2\/sapmx-festival-flores-2024\/","url":"https:\/\/centrourbano.com\/revista\/arquitectura-2\/sapmx-festival-flores-2024\/","name":"SAPmx participar\u00e1 en el Festival de Flores y Jardines 2024 -","isPartOf":{"@id":"https:\/\/centrourbano.com\/revista\/#website"},"primaryImageOfPage":{"@id":"https:\/\/centrourbano.com\/revista\/arquitectura-2\/sapmx-festival-flores-2024\/#primaryimage"},"image":{"@id":"https:\/\/centrourbano.com\/revista\/arquitectura-2\/sapmx-festival-flores-2024\/#primaryimage"},"thumbnailUrl":"https:\/\/centrourbano.com\/revista\/wp-content\/uploads\/SAPmx-participara-en-el-festival-de-flores-y-jardines-2024.jpg","datePublished":"2024-04-23T18:35:58+00:00","dateModified":"2024-04-23T21:07:07+00:00","description":"Miembros de la SAPmx participar\u00e1n en exhibiciones y moderar\u00e1n dos mesas redondas sobre arquitectura de paisaje y su impacto en entornos urbanos La","breadcrumb":{"@id":"https:\/\/centrourbano.com\/revista\/arquitectura-2\/sapmx-festival-flores-2024\/#breadcrumb"},"inLanguage":"es","potentialAction":[{"@type":"ReadAction","target":["https:\/\/centrourbano.com\/revista\/arquitectura-2\/sapmx-festival-flores-2024\/"]}]},{"@type":"ImageObject","inLanguage":"es","@id":"https:\/\/centrourbano.com\/revista\/arquitectura-2\/sapmx-festival-flores-2024\/#primaryimage","url":"https:\/\/centrourbano.com\/revista\/wp-content\/uploads\/SAPmx-participara-en-el-festival-de-flores-y-jardines-2024.jpg","contentUrl":"https:\/\/centrourbano.com\/revista\/wp-content\/uploads\/SAPmx-participara-en-el-festival-de-flores-y-jardines-2024.jpg","width":1250,"height":1080,"caption":"Miembros de la SAPmx participar\u00e1n en exhibiciones y moderar\u00e1n dos mesas redondas sobre arquitectura de paisaje y su impacto en entornos urbanos"},{"@type":"BreadcrumbList","@id":"https:\/\/centrourbano.com\/revista\/arquitectura-2\/sapmx-festival-flores-2024\/#breadcrumb","itemListElement":[{"@type":"ListItem","position":1,"name":"Portada","item":"https:\/\/centrourbano.com\/revista\/"},{"@type":"ListItem","position":2,"name":"SAPmx participar\u00e1 en el Festival de Flores y Jardines 2024"}]},{"@type":"WebSite","@id":"https:\/\/centrourbano.com\/revista\/#website","url":"https:\/\/centrourbano.com\/revista\/","name":"Centro Urbano","description":"Medio especializado en los sectores vivienda, inmobiliario, construcci\u00f3n, arquitectura y urbanismo.","publisher":{"@id":"https:\/\/centrourbano.com\/revista\/#organization"},"potentialAction":[{"@type":"SearchAction","target":{"@type":"EntryPoint","urlTemplate":"https:\/\/centrourbano.com\/revista\/?s={search_term_string}"},"query-input":{"@type":"PropertyValueSpecification","valueRequired":true,"valueName":"search_term_string"}}],"inLanguage":"es"},{"@type":"Organization","@id":"https:\/\/centrourbano.com\/revista\/#organization","name":"Centro Urbano","url":"https:\/\/centrourbano.com\/revista\/","logo":{"@type":"ImageObject","inLanguage":"es","@id":"https:\/\/centrourbano.com\/revista\/#\/schema\/logo\/image\/","url":"https:\/\/centrourbano.com\/revista\/wp-content\/uploads\/web_CU_logo-1.png","contentUrl":"https:\/\/centrourbano.com\/revista\/wp-content\/uploads\/web_CU_logo-1.png","width":350,"height":91,"caption":"Centro Urbano"},"image":{"@id":"https:\/\/centrourbano.com\/revista\/#\/schema\/logo\/image\/"},"sameAs":["https:\/\/www.facebook.com\/portalcentrourbano","https:\/\/x.com\/CentroUrbano","https:\/\/www.instagram.com\/centro_urbano\/","https:\/\/www.linkedin.com\/company\/centro-urbano\/","http:\/\/www.youtube.com\/user\/portalcentrourbano"]},{"@type":"Person","@id":"https:\/\/centrourbano.com\/revista\/#\/schema\/person\/bc284507d99af21c6df75a3f1924b95c","name":"Fernanda Hern\u00e1ndez","image":{"@type":"ImageObject","inLanguage":"es","@id":"https:\/\/secure.gravatar.com\/avatar\/9471831fb0a24eae9d32d826a7cb8ef07c34a41520aca1a0ab1f5c0903ba49b9?s=96&d=mm&r=g","url":"https:\/\/secure.gravatar.com\/avatar\/9471831fb0a24eae9d32d826a7cb8ef07c34a41520aca1a0ab1f5c0903ba49b9?s=96&d=mm&r=g","contentUrl":"https:\/\/secure.gravatar.com\/avatar\/9471831fb0a24eae9d32d826a7cb8ef07c34a41520aca1a0ab1f5c0903ba49b9?s=96&d=mm&r=g","caption":"Fernanda Hern\u00e1ndez"},"description":"Reportera y redactora en Centro Urbano. Soy egresada de la licenciatura en Ciencias de la Comunicaci\u00f3n de la Facultad de Ciencias Pol\u00edticas y Sociales (UNAM). Me interesa la cultura, el urbanismo y la arquitectura. Amante del mundo digital, el cine, la m\u00fasica, la lectura y la escritura.","sameAs":["https:\/\/x.com\/https:\/\/twitter.com\/Nannz_Hernandez"],"url":"https:\/\/centrourbano.com\/revista\/author\/fernanda-hernandez\/"}]}},"_links":{"self":[{"href":"https:\/\/centrourbano.com\/revista\/wp-json\/wp\/v2\/posts\/147697","targetHints":{"allow":["GET"]}}],"collection":[{"href":"https:\/\/centrourbano.com\/revista\/wp-json\/wp\/v2\/posts"}],"about":[{"href":"https:\/\/centrourbano.com\/revista\/wp-json\/wp\/v2\/types\/post"}],"author":[{"embeddable":true,"href":"https:\/\/centrourbano.com\/revista\/wp-json\/wp\/v2\/users\/73"}],"replies":[{"embeddable":true,"href":"https:\/\/centrourbano.com\/revista\/wp-json\/wp\/v2\/comments?post=147697"}],"version-history":[{"count":1,"href":"https:\/\/centrourbano.com\/revista\/wp-json\/wp\/v2\/posts\/147697\/revisions"}],"predecessor-version":[{"id":147698,"href":"https:\/\/centrourbano.com\/revista\/wp-json\/wp\/v2\/posts\/147697\/revisions\/147698"}],"wp:featuredmedia":[{"embeddable":true,"href":"https:\/\/centrourbano.com\/revista\/wp-json\/wp\/v2\/media\/147735"}],"wp:attachment":[{"href":"https:\/\/centrourbano.com\/revista\/wp-json\/wp\/v2\/media?parent=147697"}],"wp:term":[{"taxonomy":"category","embeddable":true,"href":"https:\/\/centrourbano.com\/revista\/wp-json\/wp\/v2\/categories?post=147697"},{"taxonomy":"post_tag","embeddable":true,"href":"https:\/\/centrourbano.com\/revista\/wp-json\/wp\/v2\/tags?post=147697"}],"curies":[{"name":"wp","href":"https:\/\/api.w.org\/{rel}","templated":true}]}}