{"id":14756,"date":"2015-01-22T18:11:57","date_gmt":"2015-01-23T00:11:57","guid":{"rendered":"http:\/\/centrourbano.com\/?p=14756"},"modified":"2015-01-27T18:13:26","modified_gmt":"2015-01-28T00:13:26","slug":"ramirez-marin-exhorta-a-la-profesionalizacion-de-los-agentes-inmobiliarios","status":"publish","type":"post","link":"https:\/\/centrourbano.com\/revista\/saladeprensa\/ramirez-marin-exhorta-a-la-profesionalizacion-de-los-agentes-inmobiliarios\/","title":{"rendered":"Ram\u00edrez Mar\u00edn exhorta a la profesionalizaci\u00f3n de los agentes inmobiliarios"},"content":{"rendered":"<p>&nbsp;<\/p>\n<p><em>Resalt\u00f3 los buenos resultados obtenidos por el sector vivienda<\/em><br \/>\n<!--more--><\/p>\n<p>El titular de la Secretar\u00eda de Desarrollo Agrario, Territorial y Urbano (SEDATU), Jorge Carlos Ram\u00edrez Mar\u00edn, destac\u00f3 los buenos resultados que obtuvo el sector de la vivienda durante el 2014 y enfatiz\u00f3\u00a0 que es impostergable la profesionalizaci\u00f3n, el registro y la licencia de los agentes inmobiliarios. \u201cTodos los organismos nacionales de vivienda, muy particularmente el INFONAVIT, han tomado entre sus manos esta responsabilidad\u201d, dijo.<\/p>\n<p>Al presidir la toma de protesta del Consejo Nacional de Directores de la Asociaci\u00f3n Mexicana de Profesionales Inmobiliarios (AMPI) para el periodo 2015, Ram\u00edrez Mar\u00edn resalt\u00f3 que la vivienda es el segundo segmento econ\u00f3mico m\u00e1s importante del pa\u00eds, al contribuir con m\u00e1s del\u00a0 10 por ciento del Producto Interno Bruto (PIB).<\/p>\n<p>Al encabezar la ceremonia, en representaci\u00f3n del presidente de la Rep\u00fablica, Enrique Pe\u00f1a Nieto, en donde se present\u00f3 a Antonio H\u00e1nna Grayeb como presidente de la AMPI, el Ram\u00edrez Mar\u00edn destac\u00f3 el crecimiento que ha tenido la vivienda popular con 20 mil unidades construidas al a\u00f1o. Por lo que se refiere a la vivienda vertical los resultados tambi\u00e9n son positivos, dijo, al pasar del 3 al 35 por ciento en 2014.<\/p>\n<p>Durante su discurso, destac\u00f3 el esfuerzo conjunto de constructores, desarrolladores y del propio Gobierno de la Rep\u00fablica en los trabajos de reconstrucci\u00f3n por desastres naturales\u00a0 y la creaci\u00f3n de nuevas poblaciones. Un claro ejemplo es el estado de Guerrero en donde se crearon seis nuevas poblaciones, se construyeron y reubicaci\u00f3n alrededor de 8 mil viviendas.<\/p>\n<p>Ante los presentes, el Secretario enfatiz\u00f3 el esfuerzo que realizan los actores del sector de la vivienda al propiciar el desarrollo de ciudades amigables, sustentables, mejor dise\u00f1adas\u00a0 y est\u00e9ticas.<\/p>\n<p>\u201cHay que decirlo con todas sus letras espacios m\u00e1s bellos, lugares m\u00e1s bonitos. Esta\u00a0 industria no habr\u00eda crecido sin ustedes, esa es la importancia de esta reuni\u00f3n. Para el gobierno ustedes son un puente para que los mexicanos puedan adquirir la vivienda que merecen y que efectivamente puedan pagar\u201d, dijo.<\/p>\n<p>En su intervenci\u00f3n,\u00a0 Ram\u00edrez Mar\u00edn, inform\u00f3 a los presentes sobre los nuevos desarrollos que se edificar\u00e1n en distintos estados del pa\u00eds como Puebla y Coahuila.<\/p>\n<p>Durante el desarrollo de la ceremonia de toma de posesi\u00f3n del nuevo consejo de la AMPI, Jorge Carlos Ram\u00edrez Mar\u00edn recibi\u00f3 un reconocimiento por parte de dicha agrupaci\u00f3n por el impulso que ha dado a los profesionales inmobiliarios, apoyando con ello el desarrollo y crecimiento de este sector.<\/p>\n<p>En el evento estuvieron presentes los titulares del INFONAVIT, Alejandro Murat Hinojosa y la CONAVI, Paloma Silva de Anzorena; el jefe de Gobierno del Distrito Federal, Miguel \u00c1ngel Mancera; los presidentes de la COPARMEX, Juan Pablo Casta\u00f1\u00f3n, y de la CMIC, Luis Z\u00e1rate Rocha; la presidenta saliente de la AMPI, Martha Ram\u00edrez Gallegos, y el embajador de L\u00edbano en M\u00e9xico, Hicham Hamdan, entre otros.<\/p>\n","protected":false},"excerpt":{"rendered":"<p>&nbsp; Resalt\u00f3 los buenos resultados obtenidos por el sector vivienda<\/p>\n","protected":false},"author":14,"featured_media":0,"comment_status":"open","ping_status":"closed","sticky":false,"template":"","format":"standard","meta":{"om_disable_all_campaigns":false,"inline_featured_image":false,"_monsterinsights_skip_tracking":false,"_monsterinsights_sitenote_active":false,"_monsterinsights_sitenote_note":"","_monsterinsights_sitenote_category":0,"footnotes":""},"categories":[7],"tags":[],"class_list":["post-14756","post","type-post","status-publish","format-standard","hentry","category-saladeprensa"],"yoast_head":"<!-- This site is optimized with the Yoast SEO plugin v27.4 - https:\/\/yoast.com\/product\/yoast-seo-wordpress\/ -->\n<title>Ram\u00edrez Mar\u00edn exhorta a la profesionalizaci\u00f3n de los agentes inmobiliarios -<\/title>\n<meta name=\"description\" content=\"&nbsp; Resalt\u00f3 los buenos resultados obtenidos por el sector vivienda El titular de la Secretar\u00eda de Desarrollo Agrario, Territorial y Urbano (SEDATU),\" \/>\n<meta name=\"robots\" content=\"index, follow, max-snippet:-1, max-image-preview:large, max-video-preview:-1\" \/>\n<link rel=\"canonical\" href=\"https:\/\/centrourbano.com\/revista\/saladeprensa\/ramirez-marin-exhorta-a-la-profesionalizacion-de-los-agentes-inmobiliarios\/\" \/>\n<meta property=\"og:locale\" content=\"es_ES\" \/>\n<meta property=\"og:type\" content=\"article\" \/>\n<meta property=\"og:title\" content=\"Ram\u00edrez Mar\u00edn exhorta a la profesionalizaci\u00f3n de los agentes inmobiliarios -\" \/>\n<meta property=\"og:description\" content=\"&nbsp; Resalt\u00f3 los buenos resultados obtenidos por el sector vivienda El titular de la Secretar\u00eda de Desarrollo Agrario, Territorial y Urbano (SEDATU),\" \/>\n<meta property=\"og:url\" content=\"https:\/\/centrourbano.com\/revista\/saladeprensa\/ramirez-marin-exhorta-a-la-profesionalizacion-de-los-agentes-inmobiliarios\/\" \/>\n<meta property=\"og:site_name\" content=\"Centro Urbano\" \/>\n<meta property=\"article:publisher\" content=\"https:\/\/www.facebook.com\/portalcentrourbano\" \/>\n<meta property=\"article:published_time\" content=\"2015-01-23T00:11:57+00:00\" \/>\n<meta property=\"article:modified_time\" content=\"2015-01-28T00:13:26+00:00\" \/>\n<meta property=\"og:image\" content=\"https:\/\/centrourbano.com\/revista\/wp-content\/uploads\/CU-logo.png\" \/>\n\t<meta property=\"og:image:width\" content=\"350\" \/>\n\t<meta property=\"og:image:height\" content=\"91\" \/>\n\t<meta property=\"og:image:type\" content=\"image\/png\" \/>\n<meta name=\"author\" content=\"Redacci\u00f3n Centro Urbano\" \/>\n<meta name=\"twitter:card\" content=\"summary_large_image\" \/>\n<meta name=\"twitter:creator\" content=\"@CentroUrbano\" \/>\n<meta name=\"twitter:site\" content=\"@CentroUrbano\" \/>\n<meta name=\"twitter:label1\" content=\"Escrito por\" \/>\n\t<meta name=\"twitter:data1\" content=\"Redacci\u00f3n Centro Urbano\" \/>\n\t<meta name=\"twitter:label2\" content=\"Tiempo de lectura\" \/>\n\t<meta name=\"twitter:data2\" content=\"3 minutos\" \/>\n<script type=\"application\/ld+json\" class=\"yoast-schema-graph\">{\"@context\":\"https:\\\/\\\/schema.org\",\"@graph\":[{\"@type\":\"Article\",\"@id\":\"https:\\\/\\\/centrourbano.com\\\/revista\\\/saladeprensa\\\/ramirez-marin-exhorta-a-la-profesionalizacion-de-los-agentes-inmobiliarios\\\/#article\",\"isPartOf\":{\"@id\":\"https:\\\/\\\/centrourbano.com\\\/revista\\\/saladeprensa\\\/ramirez-marin-exhorta-a-la-profesionalizacion-de-los-agentes-inmobiliarios\\\/\"},\"author\":{\"name\":\"Redacci\u00f3n Centro Urbano\",\"@id\":\"https:\\\/\\\/centrourbano.com\\\/revista\\\/#\\\/schema\\\/person\\\/680e7c50f9d6e917e416c9efdc26f996\"},\"headline\":\"Ram\u00edrez Mar\u00edn exhorta a la profesionalizaci\u00f3n de los agentes inmobiliarios\",\"datePublished\":\"2015-01-23T00:11:57+00:00\",\"dateModified\":\"2015-01-28T00:13:26+00:00\",\"mainEntityOfPage\":{\"@id\":\"https:\\\/\\\/centrourbano.com\\\/revista\\\/saladeprensa\\\/ramirez-marin-exhorta-a-la-profesionalizacion-de-los-agentes-inmobiliarios\\\/\"},\"wordCount\":515,\"commentCount\":0,\"publisher\":{\"@id\":\"https:\\\/\\\/centrourbano.com\\\/revista\\\/#organization\"},\"articleSection\":[\"Sala de Prensa\"],\"inLanguage\":\"es\",\"potentialAction\":[{\"@type\":\"CommentAction\",\"name\":\"Comment\",\"target\":[\"https:\\\/\\\/centrourbano.com\\\/revista\\\/saladeprensa\\\/ramirez-marin-exhorta-a-la-profesionalizacion-de-los-agentes-inmobiliarios\\\/#respond\"]}]},{\"@type\":\"WebPage\",\"@id\":\"https:\\\/\\\/centrourbano.com\\\/revista\\\/saladeprensa\\\/ramirez-marin-exhorta-a-la-profesionalizacion-de-los-agentes-inmobiliarios\\\/\",\"url\":\"https:\\\/\\\/centrourbano.com\\\/revista\\\/saladeprensa\\\/ramirez-marin-exhorta-a-la-profesionalizacion-de-los-agentes-inmobiliarios\\\/\",\"name\":\"Ram\u00edrez Mar\u00edn exhorta a la profesionalizaci\u00f3n de los agentes inmobiliarios -\",\"isPartOf\":{\"@id\":\"https:\\\/\\\/centrourbano.com\\\/revista\\\/#website\"},\"datePublished\":\"2015-01-23T00:11:57+00:00\",\"dateModified\":\"2015-01-28T00:13:26+00:00\",\"description\":\"&nbsp; Resalt\u00f3 los buenos resultados obtenidos por el sector vivienda El titular de la Secretar\u00eda de Desarrollo Agrario, Territorial y Urbano (SEDATU),\",\"breadcrumb\":{\"@id\":\"https:\\\/\\\/centrourbano.com\\\/revista\\\/saladeprensa\\\/ramirez-marin-exhorta-a-la-profesionalizacion-de-los-agentes-inmobiliarios\\\/#breadcrumb\"},\"inLanguage\":\"es\",\"potentialAction\":[{\"@type\":\"ReadAction\",\"target\":[\"https:\\\/\\\/centrourbano.com\\\/revista\\\/saladeprensa\\\/ramirez-marin-exhorta-a-la-profesionalizacion-de-los-agentes-inmobiliarios\\\/\"]}]},{\"@type\":\"BreadcrumbList\",\"@id\":\"https:\\\/\\\/centrourbano.com\\\/revista\\\/saladeprensa\\\/ramirez-marin-exhorta-a-la-profesionalizacion-de-los-agentes-inmobiliarios\\\/#breadcrumb\",\"itemListElement\":[{\"@type\":\"ListItem\",\"position\":1,\"name\":\"Portada\",\"item\":\"https:\\\/\\\/centrourbano.com\\\/revista\\\/\"},{\"@type\":\"ListItem\",\"position\":2,\"name\":\"Ram\u00edrez Mar\u00edn exhorta a la profesionalizaci\u00f3n de los agentes inmobiliarios\"}]},{\"@type\":\"WebSite\",\"@id\":\"https:\\\/\\\/centrourbano.com\\\/revista\\\/#website\",\"url\":\"https:\\\/\\\/centrourbano.com\\\/revista\\\/\",\"name\":\"Centro Urbano\",\"description\":\"Medio especializado en los sectores vivienda, inmobiliario, construcci\u00f3n, arquitectura y urbanismo.\",\"publisher\":{\"@id\":\"https:\\\/\\\/centrourbano.com\\\/revista\\\/#organization\"},\"potentialAction\":[{\"@type\":\"SearchAction\",\"target\":{\"@type\":\"EntryPoint\",\"urlTemplate\":\"https:\\\/\\\/centrourbano.com\\\/revista\\\/?s={search_term_string}\"},\"query-input\":{\"@type\":\"PropertyValueSpecification\",\"valueRequired\":true,\"valueName\":\"search_term_string\"}}],\"inLanguage\":\"es\"},{\"@type\":\"Organization\",\"@id\":\"https:\\\/\\\/centrourbano.com\\\/revista\\\/#organization\",\"name\":\"Centro Urbano\",\"url\":\"https:\\\/\\\/centrourbano.com\\\/revista\\\/\",\"logo\":{\"@type\":\"ImageObject\",\"inLanguage\":\"es\",\"@id\":\"https:\\\/\\\/centrourbano.com\\\/revista\\\/#\\\/schema\\\/logo\\\/image\\\/\",\"url\":\"https:\\\/\\\/centrourbano.com\\\/revista\\\/wp-content\\\/uploads\\\/web_CU_logo-1.png\",\"contentUrl\":\"https:\\\/\\\/centrourbano.com\\\/revista\\\/wp-content\\\/uploads\\\/web_CU_logo-1.png\",\"width\":350,\"height\":91,\"caption\":\"Centro Urbano\"},\"image\":{\"@id\":\"https:\\\/\\\/centrourbano.com\\\/revista\\\/#\\\/schema\\\/logo\\\/image\\\/\"},\"sameAs\":[\"https:\\\/\\\/www.facebook.com\\\/portalcentrourbano\",\"https:\\\/\\\/x.com\\\/CentroUrbano\",\"https:\\\/\\\/www.instagram.com\\\/centro_urbano\\\/\",\"https:\\\/\\\/www.linkedin.com\\\/company\\\/centro-urbano\\\/\",\"http:\\\/\\\/www.youtube.com\\\/user\\\/portalcentrourbano\"]},{\"@type\":\"Person\",\"@id\":\"https:\\\/\\\/centrourbano.com\\\/revista\\\/#\\\/schema\\\/person\\\/680e7c50f9d6e917e416c9efdc26f996\",\"name\":\"Redacci\u00f3n Centro Urbano\",\"image\":{\"@type\":\"ImageObject\",\"inLanguage\":\"es\",\"@id\":\"https:\\\/\\\/secure.gravatar.com\\\/avatar\\\/15a789f894398c0f311f3a7a2ee28032bbc0483098539da66b6a045aa810bf35?s=96&d=mm&r=g\",\"url\":\"https:\\\/\\\/secure.gravatar.com\\\/avatar\\\/15a789f894398c0f311f3a7a2ee28032bbc0483098539da66b6a045aa810bf35?s=96&d=mm&r=g\",\"contentUrl\":\"https:\\\/\\\/secure.gravatar.com\\\/avatar\\\/15a789f894398c0f311f3a7a2ee28032bbc0483098539da66b6a045aa810bf35?s=96&d=mm&r=g\",\"caption\":\"Redacci\u00f3n Centro Urbano\"},\"url\":\"https:\\\/\\\/centrourbano.com\\\/revista\\\/author\\\/editorial\\\/\"}]}<\/script>\n<!-- \/ Yoast SEO plugin. -->","yoast_head_json":{"title":"Ram\u00edrez Mar\u00edn exhorta a la profesionalizaci\u00f3n de los agentes inmobiliarios -","description":"&nbsp; Resalt\u00f3 los buenos resultados obtenidos por el sector vivienda El titular de la Secretar\u00eda de Desarrollo Agrario, Territorial y Urbano (SEDATU),","robots":{"index":"index","follow":"follow","max-snippet":"max-snippet:-1","max-image-preview":"max-image-preview:large","max-video-preview":"max-video-preview:-1"},"canonical":"https:\/\/centrourbano.com\/revista\/saladeprensa\/ramirez-marin-exhorta-a-la-profesionalizacion-de-los-agentes-inmobiliarios\/","og_locale":"es_ES","og_type":"article","og_title":"Ram\u00edrez Mar\u00edn exhorta a la profesionalizaci\u00f3n de los agentes inmobiliarios -","og_description":"&nbsp; Resalt\u00f3 los buenos resultados obtenidos por el sector vivienda El titular de la Secretar\u00eda de Desarrollo Agrario, Territorial y Urbano (SEDATU),","og_url":"https:\/\/centrourbano.com\/revista\/saladeprensa\/ramirez-marin-exhorta-a-la-profesionalizacion-de-los-agentes-inmobiliarios\/","og_site_name":"Centro Urbano","article_publisher":"https:\/\/www.facebook.com\/portalcentrourbano","article_published_time":"2015-01-23T00:11:57+00:00","article_modified_time":"2015-01-28T00:13:26+00:00","og_image":[{"width":350,"height":91,"url":"https:\/\/centrourbano.com\/revista\/wp-content\/uploads\/CU-logo.png","type":"image\/png"}],"author":"Redacci\u00f3n Centro Urbano","twitter_card":"summary_large_image","twitter_creator":"@CentroUrbano","twitter_site":"@CentroUrbano","twitter_misc":{"Escrito por":"Redacci\u00f3n Centro Urbano","Tiempo de lectura":"3 minutos"},"schema":{"@context":"https:\/\/schema.org","@graph":[{"@type":"Article","@id":"https:\/\/centrourbano.com\/revista\/saladeprensa\/ramirez-marin-exhorta-a-la-profesionalizacion-de-los-agentes-inmobiliarios\/#article","isPartOf":{"@id":"https:\/\/centrourbano.com\/revista\/saladeprensa\/ramirez-marin-exhorta-a-la-profesionalizacion-de-los-agentes-inmobiliarios\/"},"author":{"name":"Redacci\u00f3n Centro Urbano","@id":"https:\/\/centrourbano.com\/revista\/#\/schema\/person\/680e7c50f9d6e917e416c9efdc26f996"},"headline":"Ram\u00edrez Mar\u00edn exhorta a la profesionalizaci\u00f3n de los agentes inmobiliarios","datePublished":"2015-01-23T00:11:57+00:00","dateModified":"2015-01-28T00:13:26+00:00","mainEntityOfPage":{"@id":"https:\/\/centrourbano.com\/revista\/saladeprensa\/ramirez-marin-exhorta-a-la-profesionalizacion-de-los-agentes-inmobiliarios\/"},"wordCount":515,"commentCount":0,"publisher":{"@id":"https:\/\/centrourbano.com\/revista\/#organization"},"articleSection":["Sala de Prensa"],"inLanguage":"es","potentialAction":[{"@type":"CommentAction","name":"Comment","target":["https:\/\/centrourbano.com\/revista\/saladeprensa\/ramirez-marin-exhorta-a-la-profesionalizacion-de-los-agentes-inmobiliarios\/#respond"]}]},{"@type":"WebPage","@id":"https:\/\/centrourbano.com\/revista\/saladeprensa\/ramirez-marin-exhorta-a-la-profesionalizacion-de-los-agentes-inmobiliarios\/","url":"https:\/\/centrourbano.com\/revista\/saladeprensa\/ramirez-marin-exhorta-a-la-profesionalizacion-de-los-agentes-inmobiliarios\/","name":"Ram\u00edrez Mar\u00edn exhorta a la profesionalizaci\u00f3n de los agentes inmobiliarios -","isPartOf":{"@id":"https:\/\/centrourbano.com\/revista\/#website"},"datePublished":"2015-01-23T00:11:57+00:00","dateModified":"2015-01-28T00:13:26+00:00","description":"&nbsp; Resalt\u00f3 los buenos resultados obtenidos por el sector vivienda El titular de la Secretar\u00eda de Desarrollo Agrario, Territorial y Urbano (SEDATU),","breadcrumb":{"@id":"https:\/\/centrourbano.com\/revista\/saladeprensa\/ramirez-marin-exhorta-a-la-profesionalizacion-de-los-agentes-inmobiliarios\/#breadcrumb"},"inLanguage":"es","potentialAction":[{"@type":"ReadAction","target":["https:\/\/centrourbano.com\/revista\/saladeprensa\/ramirez-marin-exhorta-a-la-profesionalizacion-de-los-agentes-inmobiliarios\/"]}]},{"@type":"BreadcrumbList","@id":"https:\/\/centrourbano.com\/revista\/saladeprensa\/ramirez-marin-exhorta-a-la-profesionalizacion-de-los-agentes-inmobiliarios\/#breadcrumb","itemListElement":[{"@type":"ListItem","position":1,"name":"Portada","item":"https:\/\/centrourbano.com\/revista\/"},{"@type":"ListItem","position":2,"name":"Ram\u00edrez Mar\u00edn exhorta a la profesionalizaci\u00f3n de los agentes inmobiliarios"}]},{"@type":"WebSite","@id":"https:\/\/centrourbano.com\/revista\/#website","url":"https:\/\/centrourbano.com\/revista\/","name":"Centro Urbano","description":"Medio especializado en los sectores vivienda, inmobiliario, construcci\u00f3n, arquitectura y urbanismo.","publisher":{"@id":"https:\/\/centrourbano.com\/revista\/#organization"},"potentialAction":[{"@type":"SearchAction","target":{"@type":"EntryPoint","urlTemplate":"https:\/\/centrourbano.com\/revista\/?s={search_term_string}"},"query-input":{"@type":"PropertyValueSpecification","valueRequired":true,"valueName":"search_term_string"}}],"inLanguage":"es"},{"@type":"Organization","@id":"https:\/\/centrourbano.com\/revista\/#organization","name":"Centro Urbano","url":"https:\/\/centrourbano.com\/revista\/","logo":{"@type":"ImageObject","inLanguage":"es","@id":"https:\/\/centrourbano.com\/revista\/#\/schema\/logo\/image\/","url":"https:\/\/centrourbano.com\/revista\/wp-content\/uploads\/web_CU_logo-1.png","contentUrl":"https:\/\/centrourbano.com\/revista\/wp-content\/uploads\/web_CU_logo-1.png","width":350,"height":91,"caption":"Centro Urbano"},"image":{"@id":"https:\/\/centrourbano.com\/revista\/#\/schema\/logo\/image\/"},"sameAs":["https:\/\/www.facebook.com\/portalcentrourbano","https:\/\/x.com\/CentroUrbano","https:\/\/www.instagram.com\/centro_urbano\/","https:\/\/www.linkedin.com\/company\/centro-urbano\/","http:\/\/www.youtube.com\/user\/portalcentrourbano"]},{"@type":"Person","@id":"https:\/\/centrourbano.com\/revista\/#\/schema\/person\/680e7c50f9d6e917e416c9efdc26f996","name":"Redacci\u00f3n Centro Urbano","image":{"@type":"ImageObject","inLanguage":"es","@id":"https:\/\/secure.gravatar.com\/avatar\/15a789f894398c0f311f3a7a2ee28032bbc0483098539da66b6a045aa810bf35?s=96&d=mm&r=g","url":"https:\/\/secure.gravatar.com\/avatar\/15a789f894398c0f311f3a7a2ee28032bbc0483098539da66b6a045aa810bf35?s=96&d=mm&r=g","contentUrl":"https:\/\/secure.gravatar.com\/avatar\/15a789f894398c0f311f3a7a2ee28032bbc0483098539da66b6a045aa810bf35?s=96&d=mm&r=g","caption":"Redacci\u00f3n Centro Urbano"},"url":"https:\/\/centrourbano.com\/revista\/author\/editorial\/"}]}},"_links":{"self":[{"href":"https:\/\/centrourbano.com\/revista\/wp-json\/wp\/v2\/posts\/14756","targetHints":{"allow":["GET"]}}],"collection":[{"href":"https:\/\/centrourbano.com\/revista\/wp-json\/wp\/v2\/posts"}],"about":[{"href":"https:\/\/centrourbano.com\/revista\/wp-json\/wp\/v2\/types\/post"}],"author":[{"embeddable":true,"href":"https:\/\/centrourbano.com\/revista\/wp-json\/wp\/v2\/users\/14"}],"replies":[{"embeddable":true,"href":"https:\/\/centrourbano.com\/revista\/wp-json\/wp\/v2\/comments?post=14756"}],"version-history":[{"count":0,"href":"https:\/\/centrourbano.com\/revista\/wp-json\/wp\/v2\/posts\/14756\/revisions"}],"wp:attachment":[{"href":"https:\/\/centrourbano.com\/revista\/wp-json\/wp\/v2\/media?parent=14756"}],"wp:term":[{"taxonomy":"category","embeddable":true,"href":"https:\/\/centrourbano.com\/revista\/wp-json\/wp\/v2\/categories?post=14756"},{"taxonomy":"post_tag","embeddable":true,"href":"https:\/\/centrourbano.com\/revista\/wp-json\/wp\/v2\/tags?post=14756"}],"curies":[{"name":"wp","href":"https:\/\/api.w.org\/{rel}","templated":true}]}}