{"id":14754,"date":"2015-01-21T18:04:26","date_gmt":"2015-01-22T00:04:26","guid":{"rendered":"http:\/\/centrourbano.com\/?p=14754"},"modified":"2015-01-27T18:07:52","modified_gmt":"2015-01-28T00:07:52","slug":"bolsa-mexicana-de-valores-conmemora-su-incorporacion-al-mercado-integrado-latinoamericano-mila","status":"publish","type":"post","link":"https:\/\/centrourbano.com\/revista\/saladeprensa\/bolsa-mexicana-de-valores-conmemora-su-incorporacion-al-mercado-integrado-latinoamericano-mila\/","title":{"rendered":"Bolsa Mexicana de Valores conmemora su incorporaci\u00f3n al Mercado Integrado Latinoamericano, MILA"},"content":{"rendered":"<p>&nbsp;<\/p>\n<p><em>MILA tiene como objetivo lograr una mejor y mayor exposici\u00f3n de los mercados que lo integran, as\u00ed como una mayor oferta de productos y oportunidades para los inversionistas locales y extranjeros\u00a0<\/em><!--more--><\/p>\n<p>M\u00e9xico, DF., 21 de enero de 2015.- Con una ceremonia realizada en el balc\u00f3n del Piso de Remates, la Bolsa Mexicana de Valores conmemor\u00f3 hoy su reciente incorporaci\u00f3n al Mercado Integrado Latinoamericano (MILA), iniciativa de integraci\u00f3n burs\u00e1til regional iniciada en mayo de 2011, en la que participan las bolsas de valores de Chile, Colombia, Per\u00fa y M\u00e9xico, as\u00ed como sus respectivos institutos de dep\u00f3sitos de valores.<\/p>\n<p>El evento cont\u00f3 con la participaci\u00f3n de altos directivos de las bolsas y de los dep\u00f3sitos, entre ellos Jaime Ruiz Sacrist\u00e1n, presidente de la Bolsa Mexicana de Valores, Jos\u00e9-Oriol Bosch, director general de la Bolsa Mexicana de Valores; Jos\u00e9 Antonio Mart\u00ednez, gerente general de la Bolsa de Comercio de Santiago; Juan Pablo C\u00f3rdoba, presidente de la Bolsa de Valores de Colombia; Francis Stennig, gerente general de la Bolsa de Valores de Lima; Javier Jara, gerente comercial de DCV y Jos\u00e9 Fernando Romero, vicepresidente del directorio CAVALI, adem\u00e1s de altos funcionarios de los reguladores de los cuatro pa\u00edses como Carlos Pavez Tolosa, superintendente de valores y seguros de Chile; Gerardo Hern\u00e1ndez Correa, superintendente financiero de Colombia; Lilian Del Carmen Rocca Carbajal, superintendente del mercado de valores de Per\u00fa y Jaime Gonz\u00e1lez Aguad\u00e9, presidente de la Comisi\u00f3n Nacional Bancaria y de Valores de M\u00e9xico. En particular, agradecemos la presencia del subsecretario de Hacienda y Cr\u00e9dito P\u00fablico de M\u00e9xico, Dr. Fernando Aportela, quien ha sido un decidido impulsor de este mecanismo.<\/p>\n<p>Jos\u00e9-Oriol Bosch, director general de la Bolsa Mexicana de Valores destac\u00f3 el gran trabajo realizado en colaboraci\u00f3n con los funcionarios de las bolsas y dep\u00f3sitos de los cuatro mercados, que permiti\u00f3 instrumentar los procesos operativos y tecnol\u00f3gicos para concretar esta iniciativa. \u201cCon la incorporaci\u00f3n de M\u00e9xico al MILA se ampl\u00edan las oportunidades de diversificaci\u00f3n en la estrategia de inversi\u00f3n para inversionistas mexicanos, al sumarse m\u00e1s de 500 valores para negociar bajo esa infraestructura\u201d, afirm\u00f3.<\/p>\n<p>MILA tiene como objetivo lograr una mejor y mayor exposici\u00f3n de los mercados que lo integran, as\u00ed como una mayor oferta de productos y oportunidades para los inversionistas locales y extranjeros, dando origen a un mercado de valores m\u00e1s l\u00edquido, visible, atractivo y diversificado, as\u00ed como aumentar la gama de productos de inversi\u00f3n en la regi\u00f3n y atraer liquidez a sus miembros.<\/p>\n<p>El pasado 2 de diciembre, el Mercado Mexicano llev\u00f3 a cabo su primera operaci\u00f3n en MILA. La transacci\u00f3n fue realizada por GBM M\u00e9xico, a trav\u00e9s de GBM Chile, la cual compr\u00f3 un total de 200 acciones de Falabella, por un monto de CLP$864,020 (US$ 1,415).<\/p>\n","protected":false},"excerpt":{"rendered":"<p>&nbsp; MILA tiene como objetivo lograr una mejor y mayor exposici\u00f3n de los mercados que lo integran, as\u00ed como una mayor oferta de productos y oportunidades para los inversionistas locales y extranjeros\u00a0<\/p>\n","protected":false},"author":14,"featured_media":0,"comment_status":"open","ping_status":"closed","sticky":false,"template":"","format":"standard","meta":{"om_disable_all_campaigns":false,"inline_featured_image":false,"_monsterinsights_skip_tracking":false,"_monsterinsights_sitenote_active":false,"_monsterinsights_sitenote_note":"","_monsterinsights_sitenote_category":0,"footnotes":""},"categories":[7],"tags":[],"class_list":["post-14754","post","type-post","status-publish","format-standard","hentry","category-saladeprensa"],"yoast_head":"<!-- This site is optimized with the Yoast SEO plugin v27.4 - https:\/\/yoast.com\/product\/yoast-seo-wordpress\/ -->\n<title>Bolsa Mexicana de Valores conmemora su incorporaci\u00f3n al Mercado Integrado Latinoamericano, MILA -<\/title>\n<meta name=\"description\" content=\"&nbsp; MILA tiene como objetivo lograr una mejor y mayor exposici\u00f3n de los mercados que lo integran, as\u00ed como una mayor oferta de productos y\" \/>\n<meta name=\"robots\" content=\"index, follow, max-snippet:-1, max-image-preview:large, max-video-preview:-1\" \/>\n<link rel=\"canonical\" href=\"https:\/\/centrourbano.com\/revista\/saladeprensa\/bolsa-mexicana-de-valores-conmemora-su-incorporacion-al-mercado-integrado-latinoamericano-mila\/\" \/>\n<meta property=\"og:locale\" content=\"es_ES\" \/>\n<meta property=\"og:type\" content=\"article\" \/>\n<meta property=\"og:title\" content=\"Bolsa Mexicana de Valores conmemora su incorporaci\u00f3n al Mercado Integrado Latinoamericano, MILA -\" \/>\n<meta property=\"og:description\" content=\"&nbsp; MILA tiene como objetivo lograr una mejor y mayor exposici\u00f3n de los mercados que lo integran, as\u00ed como una mayor oferta de productos y\" \/>\n<meta property=\"og:url\" content=\"https:\/\/centrourbano.com\/revista\/saladeprensa\/bolsa-mexicana-de-valores-conmemora-su-incorporacion-al-mercado-integrado-latinoamericano-mila\/\" \/>\n<meta property=\"og:site_name\" content=\"Centro Urbano\" \/>\n<meta property=\"article:publisher\" content=\"https:\/\/www.facebook.com\/portalcentrourbano\" \/>\n<meta property=\"article:published_time\" content=\"2015-01-22T00:04:26+00:00\" \/>\n<meta property=\"article:modified_time\" content=\"2015-01-28T00:07:52+00:00\" \/>\n<meta property=\"og:image\" content=\"https:\/\/centrourbano.com\/revista\/wp-content\/uploads\/CU-logo.png\" \/>\n\t<meta property=\"og:image:width\" content=\"350\" \/>\n\t<meta property=\"og:image:height\" content=\"91\" \/>\n\t<meta property=\"og:image:type\" content=\"image\/png\" \/>\n<meta name=\"author\" content=\"Redacci\u00f3n Centro Urbano\" \/>\n<meta name=\"twitter:card\" content=\"summary_large_image\" \/>\n<meta name=\"twitter:creator\" content=\"@CentroUrbano\" \/>\n<meta name=\"twitter:site\" content=\"@CentroUrbano\" \/>\n<meta name=\"twitter:label1\" content=\"Escrito por\" \/>\n\t<meta name=\"twitter:data1\" content=\"Redacci\u00f3n Centro Urbano\" \/>\n\t<meta name=\"twitter:label2\" content=\"Tiempo de lectura\" \/>\n\t<meta name=\"twitter:data2\" content=\"2 minutos\" \/>\n<script type=\"application\/ld+json\" class=\"yoast-schema-graph\">{\"@context\":\"https:\\\/\\\/schema.org\",\"@graph\":[{\"@type\":\"Article\",\"@id\":\"https:\\\/\\\/centrourbano.com\\\/revista\\\/saladeprensa\\\/bolsa-mexicana-de-valores-conmemora-su-incorporacion-al-mercado-integrado-latinoamericano-mila\\\/#article\",\"isPartOf\":{\"@id\":\"https:\\\/\\\/centrourbano.com\\\/revista\\\/saladeprensa\\\/bolsa-mexicana-de-valores-conmemora-su-incorporacion-al-mercado-integrado-latinoamericano-mila\\\/\"},\"author\":{\"name\":\"Redacci\u00f3n Centro Urbano\",\"@id\":\"https:\\\/\\\/centrourbano.com\\\/revista\\\/#\\\/schema\\\/person\\\/680e7c50f9d6e917e416c9efdc26f996\"},\"headline\":\"Bolsa Mexicana de Valores conmemora su incorporaci\u00f3n al Mercado Integrado Latinoamericano, MILA\",\"datePublished\":\"2015-01-22T00:04:26+00:00\",\"dateModified\":\"2015-01-28T00:07:52+00:00\",\"mainEntityOfPage\":{\"@id\":\"https:\\\/\\\/centrourbano.com\\\/revista\\\/saladeprensa\\\/bolsa-mexicana-de-valores-conmemora-su-incorporacion-al-mercado-integrado-latinoamericano-mila\\\/\"},\"wordCount\":496,\"commentCount\":0,\"publisher\":{\"@id\":\"https:\\\/\\\/centrourbano.com\\\/revista\\\/#organization\"},\"articleSection\":[\"Sala de Prensa\"],\"inLanguage\":\"es\",\"potentialAction\":[{\"@type\":\"CommentAction\",\"name\":\"Comment\",\"target\":[\"https:\\\/\\\/centrourbano.com\\\/revista\\\/saladeprensa\\\/bolsa-mexicana-de-valores-conmemora-su-incorporacion-al-mercado-integrado-latinoamericano-mila\\\/#respond\"]}]},{\"@type\":\"WebPage\",\"@id\":\"https:\\\/\\\/centrourbano.com\\\/revista\\\/saladeprensa\\\/bolsa-mexicana-de-valores-conmemora-su-incorporacion-al-mercado-integrado-latinoamericano-mila\\\/\",\"url\":\"https:\\\/\\\/centrourbano.com\\\/revista\\\/saladeprensa\\\/bolsa-mexicana-de-valores-conmemora-su-incorporacion-al-mercado-integrado-latinoamericano-mila\\\/\",\"name\":\"Bolsa Mexicana de Valores conmemora su incorporaci\u00f3n al Mercado Integrado Latinoamericano, MILA -\",\"isPartOf\":{\"@id\":\"https:\\\/\\\/centrourbano.com\\\/revista\\\/#website\"},\"datePublished\":\"2015-01-22T00:04:26+00:00\",\"dateModified\":\"2015-01-28T00:07:52+00:00\",\"description\":\"&nbsp; MILA tiene como objetivo lograr una mejor y mayor exposici\u00f3n de los mercados que lo integran, as\u00ed como una mayor oferta de productos y\",\"breadcrumb\":{\"@id\":\"https:\\\/\\\/centrourbano.com\\\/revista\\\/saladeprensa\\\/bolsa-mexicana-de-valores-conmemora-su-incorporacion-al-mercado-integrado-latinoamericano-mila\\\/#breadcrumb\"},\"inLanguage\":\"es\",\"potentialAction\":[{\"@type\":\"ReadAction\",\"target\":[\"https:\\\/\\\/centrourbano.com\\\/revista\\\/saladeprensa\\\/bolsa-mexicana-de-valores-conmemora-su-incorporacion-al-mercado-integrado-latinoamericano-mila\\\/\"]}]},{\"@type\":\"BreadcrumbList\",\"@id\":\"https:\\\/\\\/centrourbano.com\\\/revista\\\/saladeprensa\\\/bolsa-mexicana-de-valores-conmemora-su-incorporacion-al-mercado-integrado-latinoamericano-mila\\\/#breadcrumb\",\"itemListElement\":[{\"@type\":\"ListItem\",\"position\":1,\"name\":\"Portada\",\"item\":\"https:\\\/\\\/centrourbano.com\\\/revista\\\/\"},{\"@type\":\"ListItem\",\"position\":2,\"name\":\"Bolsa Mexicana de Valores conmemora su incorporaci\u00f3n al Mercado Integrado Latinoamericano, MILA\"}]},{\"@type\":\"WebSite\",\"@id\":\"https:\\\/\\\/centrourbano.com\\\/revista\\\/#website\",\"url\":\"https:\\\/\\\/centrourbano.com\\\/revista\\\/\",\"name\":\"Centro Urbano\",\"description\":\"Medio especializado en los sectores vivienda, inmobiliario, construcci\u00f3n, arquitectura y urbanismo.\",\"publisher\":{\"@id\":\"https:\\\/\\\/centrourbano.com\\\/revista\\\/#organization\"},\"potentialAction\":[{\"@type\":\"SearchAction\",\"target\":{\"@type\":\"EntryPoint\",\"urlTemplate\":\"https:\\\/\\\/centrourbano.com\\\/revista\\\/?s={search_term_string}\"},\"query-input\":{\"@type\":\"PropertyValueSpecification\",\"valueRequired\":true,\"valueName\":\"search_term_string\"}}],\"inLanguage\":\"es\"},{\"@type\":\"Organization\",\"@id\":\"https:\\\/\\\/centrourbano.com\\\/revista\\\/#organization\",\"name\":\"Centro Urbano\",\"url\":\"https:\\\/\\\/centrourbano.com\\\/revista\\\/\",\"logo\":{\"@type\":\"ImageObject\",\"inLanguage\":\"es\",\"@id\":\"https:\\\/\\\/centrourbano.com\\\/revista\\\/#\\\/schema\\\/logo\\\/image\\\/\",\"url\":\"https:\\\/\\\/centrourbano.com\\\/revista\\\/wp-content\\\/uploads\\\/web_CU_logo-1.png\",\"contentUrl\":\"https:\\\/\\\/centrourbano.com\\\/revista\\\/wp-content\\\/uploads\\\/web_CU_logo-1.png\",\"width\":350,\"height\":91,\"caption\":\"Centro Urbano\"},\"image\":{\"@id\":\"https:\\\/\\\/centrourbano.com\\\/revista\\\/#\\\/schema\\\/logo\\\/image\\\/\"},\"sameAs\":[\"https:\\\/\\\/www.facebook.com\\\/portalcentrourbano\",\"https:\\\/\\\/x.com\\\/CentroUrbano\",\"https:\\\/\\\/www.instagram.com\\\/centro_urbano\\\/\",\"https:\\\/\\\/www.linkedin.com\\\/company\\\/centro-urbano\\\/\",\"http:\\\/\\\/www.youtube.com\\\/user\\\/portalcentrourbano\"]},{\"@type\":\"Person\",\"@id\":\"https:\\\/\\\/centrourbano.com\\\/revista\\\/#\\\/schema\\\/person\\\/680e7c50f9d6e917e416c9efdc26f996\",\"name\":\"Redacci\u00f3n Centro Urbano\",\"image\":{\"@type\":\"ImageObject\",\"inLanguage\":\"es\",\"@id\":\"https:\\\/\\\/secure.gravatar.com\\\/avatar\\\/15a789f894398c0f311f3a7a2ee28032bbc0483098539da66b6a045aa810bf35?s=96&d=mm&r=g\",\"url\":\"https:\\\/\\\/secure.gravatar.com\\\/avatar\\\/15a789f894398c0f311f3a7a2ee28032bbc0483098539da66b6a045aa810bf35?s=96&d=mm&r=g\",\"contentUrl\":\"https:\\\/\\\/secure.gravatar.com\\\/avatar\\\/15a789f894398c0f311f3a7a2ee28032bbc0483098539da66b6a045aa810bf35?s=96&d=mm&r=g\",\"caption\":\"Redacci\u00f3n Centro Urbano\"},\"url\":\"https:\\\/\\\/centrourbano.com\\\/revista\\\/author\\\/editorial\\\/\"}]}<\/script>\n<!-- \/ Yoast SEO plugin. -->","yoast_head_json":{"title":"Bolsa Mexicana de Valores conmemora su incorporaci\u00f3n al Mercado Integrado Latinoamericano, MILA -","description":"&nbsp; MILA tiene como objetivo lograr una mejor y mayor exposici\u00f3n de los mercados que lo integran, as\u00ed como una mayor oferta de productos y","robots":{"index":"index","follow":"follow","max-snippet":"max-snippet:-1","max-image-preview":"max-image-preview:large","max-video-preview":"max-video-preview:-1"},"canonical":"https:\/\/centrourbano.com\/revista\/saladeprensa\/bolsa-mexicana-de-valores-conmemora-su-incorporacion-al-mercado-integrado-latinoamericano-mila\/","og_locale":"es_ES","og_type":"article","og_title":"Bolsa Mexicana de Valores conmemora su incorporaci\u00f3n al Mercado Integrado Latinoamericano, MILA -","og_description":"&nbsp; MILA tiene como objetivo lograr una mejor y mayor exposici\u00f3n de los mercados que lo integran, as\u00ed como una mayor oferta de productos y","og_url":"https:\/\/centrourbano.com\/revista\/saladeprensa\/bolsa-mexicana-de-valores-conmemora-su-incorporacion-al-mercado-integrado-latinoamericano-mila\/","og_site_name":"Centro Urbano","article_publisher":"https:\/\/www.facebook.com\/portalcentrourbano","article_published_time":"2015-01-22T00:04:26+00:00","article_modified_time":"2015-01-28T00:07:52+00:00","og_image":[{"width":350,"height":91,"url":"https:\/\/centrourbano.com\/revista\/wp-content\/uploads\/CU-logo.png","type":"image\/png"}],"author":"Redacci\u00f3n Centro Urbano","twitter_card":"summary_large_image","twitter_creator":"@CentroUrbano","twitter_site":"@CentroUrbano","twitter_misc":{"Escrito por":"Redacci\u00f3n Centro Urbano","Tiempo de lectura":"2 minutos"},"schema":{"@context":"https:\/\/schema.org","@graph":[{"@type":"Article","@id":"https:\/\/centrourbano.com\/revista\/saladeprensa\/bolsa-mexicana-de-valores-conmemora-su-incorporacion-al-mercado-integrado-latinoamericano-mila\/#article","isPartOf":{"@id":"https:\/\/centrourbano.com\/revista\/saladeprensa\/bolsa-mexicana-de-valores-conmemora-su-incorporacion-al-mercado-integrado-latinoamericano-mila\/"},"author":{"name":"Redacci\u00f3n Centro Urbano","@id":"https:\/\/centrourbano.com\/revista\/#\/schema\/person\/680e7c50f9d6e917e416c9efdc26f996"},"headline":"Bolsa Mexicana de Valores conmemora su incorporaci\u00f3n al Mercado Integrado Latinoamericano, MILA","datePublished":"2015-01-22T00:04:26+00:00","dateModified":"2015-01-28T00:07:52+00:00","mainEntityOfPage":{"@id":"https:\/\/centrourbano.com\/revista\/saladeprensa\/bolsa-mexicana-de-valores-conmemora-su-incorporacion-al-mercado-integrado-latinoamericano-mila\/"},"wordCount":496,"commentCount":0,"publisher":{"@id":"https:\/\/centrourbano.com\/revista\/#organization"},"articleSection":["Sala de Prensa"],"inLanguage":"es","potentialAction":[{"@type":"CommentAction","name":"Comment","target":["https:\/\/centrourbano.com\/revista\/saladeprensa\/bolsa-mexicana-de-valores-conmemora-su-incorporacion-al-mercado-integrado-latinoamericano-mila\/#respond"]}]},{"@type":"WebPage","@id":"https:\/\/centrourbano.com\/revista\/saladeprensa\/bolsa-mexicana-de-valores-conmemora-su-incorporacion-al-mercado-integrado-latinoamericano-mila\/","url":"https:\/\/centrourbano.com\/revista\/saladeprensa\/bolsa-mexicana-de-valores-conmemora-su-incorporacion-al-mercado-integrado-latinoamericano-mila\/","name":"Bolsa Mexicana de Valores conmemora su incorporaci\u00f3n al Mercado Integrado Latinoamericano, MILA -","isPartOf":{"@id":"https:\/\/centrourbano.com\/revista\/#website"},"datePublished":"2015-01-22T00:04:26+00:00","dateModified":"2015-01-28T00:07:52+00:00","description":"&nbsp; MILA tiene como objetivo lograr una mejor y mayor exposici\u00f3n de los mercados que lo integran, as\u00ed como una mayor oferta de productos y","breadcrumb":{"@id":"https:\/\/centrourbano.com\/revista\/saladeprensa\/bolsa-mexicana-de-valores-conmemora-su-incorporacion-al-mercado-integrado-latinoamericano-mila\/#breadcrumb"},"inLanguage":"es","potentialAction":[{"@type":"ReadAction","target":["https:\/\/centrourbano.com\/revista\/saladeprensa\/bolsa-mexicana-de-valores-conmemora-su-incorporacion-al-mercado-integrado-latinoamericano-mila\/"]}]},{"@type":"BreadcrumbList","@id":"https:\/\/centrourbano.com\/revista\/saladeprensa\/bolsa-mexicana-de-valores-conmemora-su-incorporacion-al-mercado-integrado-latinoamericano-mila\/#breadcrumb","itemListElement":[{"@type":"ListItem","position":1,"name":"Portada","item":"https:\/\/centrourbano.com\/revista\/"},{"@type":"ListItem","position":2,"name":"Bolsa Mexicana de Valores conmemora su incorporaci\u00f3n al Mercado Integrado Latinoamericano, MILA"}]},{"@type":"WebSite","@id":"https:\/\/centrourbano.com\/revista\/#website","url":"https:\/\/centrourbano.com\/revista\/","name":"Centro Urbano","description":"Medio especializado en los sectores vivienda, inmobiliario, construcci\u00f3n, arquitectura y urbanismo.","publisher":{"@id":"https:\/\/centrourbano.com\/revista\/#organization"},"potentialAction":[{"@type":"SearchAction","target":{"@type":"EntryPoint","urlTemplate":"https:\/\/centrourbano.com\/revista\/?s={search_term_string}"},"query-input":{"@type":"PropertyValueSpecification","valueRequired":true,"valueName":"search_term_string"}}],"inLanguage":"es"},{"@type":"Organization","@id":"https:\/\/centrourbano.com\/revista\/#organization","name":"Centro Urbano","url":"https:\/\/centrourbano.com\/revista\/","logo":{"@type":"ImageObject","inLanguage":"es","@id":"https:\/\/centrourbano.com\/revista\/#\/schema\/logo\/image\/","url":"https:\/\/centrourbano.com\/revista\/wp-content\/uploads\/web_CU_logo-1.png","contentUrl":"https:\/\/centrourbano.com\/revista\/wp-content\/uploads\/web_CU_logo-1.png","width":350,"height":91,"caption":"Centro Urbano"},"image":{"@id":"https:\/\/centrourbano.com\/revista\/#\/schema\/logo\/image\/"},"sameAs":["https:\/\/www.facebook.com\/portalcentrourbano","https:\/\/x.com\/CentroUrbano","https:\/\/www.instagram.com\/centro_urbano\/","https:\/\/www.linkedin.com\/company\/centro-urbano\/","http:\/\/www.youtube.com\/user\/portalcentrourbano"]},{"@type":"Person","@id":"https:\/\/centrourbano.com\/revista\/#\/schema\/person\/680e7c50f9d6e917e416c9efdc26f996","name":"Redacci\u00f3n Centro Urbano","image":{"@type":"ImageObject","inLanguage":"es","@id":"https:\/\/secure.gravatar.com\/avatar\/15a789f894398c0f311f3a7a2ee28032bbc0483098539da66b6a045aa810bf35?s=96&d=mm&r=g","url":"https:\/\/secure.gravatar.com\/avatar\/15a789f894398c0f311f3a7a2ee28032bbc0483098539da66b6a045aa810bf35?s=96&d=mm&r=g","contentUrl":"https:\/\/secure.gravatar.com\/avatar\/15a789f894398c0f311f3a7a2ee28032bbc0483098539da66b6a045aa810bf35?s=96&d=mm&r=g","caption":"Redacci\u00f3n Centro Urbano"},"url":"https:\/\/centrourbano.com\/revista\/author\/editorial\/"}]}},"_links":{"self":[{"href":"https:\/\/centrourbano.com\/revista\/wp-json\/wp\/v2\/posts\/14754","targetHints":{"allow":["GET"]}}],"collection":[{"href":"https:\/\/centrourbano.com\/revista\/wp-json\/wp\/v2\/posts"}],"about":[{"href":"https:\/\/centrourbano.com\/revista\/wp-json\/wp\/v2\/types\/post"}],"author":[{"embeddable":true,"href":"https:\/\/centrourbano.com\/revista\/wp-json\/wp\/v2\/users\/14"}],"replies":[{"embeddable":true,"href":"https:\/\/centrourbano.com\/revista\/wp-json\/wp\/v2\/comments?post=14754"}],"version-history":[{"count":0,"href":"https:\/\/centrourbano.com\/revista\/wp-json\/wp\/v2\/posts\/14754\/revisions"}],"wp:attachment":[{"href":"https:\/\/centrourbano.com\/revista\/wp-json\/wp\/v2\/media?parent=14754"}],"wp:term":[{"taxonomy":"category","embeddable":true,"href":"https:\/\/centrourbano.com\/revista\/wp-json\/wp\/v2\/categories?post=14754"},{"taxonomy":"post_tag","embeddable":true,"href":"https:\/\/centrourbano.com\/revista\/wp-json\/wp\/v2\/tags?post=14754"}],"curies":[{"name":"wp","href":"https:\/\/api.w.org\/{rel}","templated":true}]}}