{"id":147468,"date":"2024-04-08T08:00:01","date_gmt":"2024-04-08T14:00:01","guid":{"rendered":"https:\/\/centrourbano.com\/?p=147468"},"modified":"2024-04-06T02:12:24","modified_gmt":"2024-04-06T08:12:24","slug":"sedatu-ordenamiento-riviera-maya","status":"publish","type":"post","link":"https:\/\/centrourbano.com\/revista\/urbanismo\/sedatu-ordenamiento-riviera-maya\/","title":{"rendered":"Impulsa Sedatu ordenamiento territorial de la Riviera Maya"},"content":{"rendered":"<p><em>La Sedatu public\u00f3 en el DOF el Programa Territorial Operativo del sur de la Riviera Maya, que <\/em><em>conducir\u00e1 las acciones y proyectos de planeaci\u00f3n<\/em><!--more--><\/p>\n<p>La <strong><a href=\"https:\/\/twitter.com\/SEDATU_mx\" target=\"_blank\" rel=\"noopener\">Secretar\u00eda<\/a> de Desarrollo Agrario, Territorial y Urbano<\/strong> (<strong>Sedatu<\/strong>) public\u00f3 en el Diario Oficial de la Federaci\u00f3n (DOF) el <strong>Programa Territorial Operativo de la Zona Sur de la Riviera Maya<\/strong> (PTO-ZSRM).<\/p>\n<p>Dicho programa conducir\u00e1 las acciones y proyectos de <a href=\"https:\/\/centrourbano.com\/urbanismo\/programa-ordenamiento-la-laguna\/\" target=\"_blank\" rel=\"noopener\">planeaci\u00f3n<\/a> en el sur de la <strong>Riviera Maya<\/strong>, a fin de anticipar los cambios de las din\u00e1micas sociodemogr\u00e1ficas, econ\u00f3micas y ambientales generadas por proyectos como el <strong>Aeropuerto Internacional de Tulum<\/strong>, el <strong>Tren Maya<\/strong> y el <strong>\u00c1rea de Protecci\u00f3n de Flora y Fauna Parque del Jaguar<\/strong>.<\/p>\n<p>Asimismo, el <strong>PTO-ZSRM<\/strong>, elaborado por la <strong>Sedatu<\/strong>, tiene una visi\u00f3n de largo plazo, por lo que establece un <strong>Modelo de Ocupaci\u00f3n Territorial<\/strong> (<strong>MOT<\/strong>) que coadyuvar\u00e1 a la identificaci\u00f3n de zonas aptas y no aptas para uso urbano.<\/p>\n<p>Es decir que el <strong>MOT<\/strong> indicar\u00e1 las \u00e1reas aptas para el desarrollo de asentamientos humanos, urbanos y rurales, con la menor afectaci\u00f3n sobre el medio ambiente y las comunidades. las comunidades.<\/p>\n<p>Al respecto, la <strong>Sedatu<\/strong> explic\u00f3 que la zona sur de la Riviera Maya est\u00e1 integrada por los municipios de <strong>Tulum<\/strong> y <strong>Felipe Carrillo Puerto<\/strong>, donde se concentran 130,711 habitantes distribuidos en 355 localidades, dos de ellas urbanas, cuatro suburbanas y 349 rurales. Adem\u00e1s, el 70% de la poblaci\u00f3n de la zona habita en el municipio de Felipe Carrillo Puerto, mientras que el 30% en Tulum.<\/p>\n<p>Adicionalmente, la zona se caracteriza por sus <strong>rasgos culturales y preservaci\u00f3n medioambienta<\/strong>l, pues alberga cinco \u00c1reas Naturales Protegidas (ANP), que representan 24% de la extensi\u00f3n total de la regi\u00f3n.<\/p>\n<p>No obstante, esta regi\u00f3n tambi\u00e9n enfrenta <strong>grandes retos<\/strong>, como disminuir las desigualdades, la marginaci\u00f3n y el grado de rezago social que actualmente mantienen un \u00edndice medio.<\/p>\n","protected":false},"excerpt":{"rendered":"<p>La Sedatu public\u00f3 en el DOF el Programa Territorial Operativo del sur de la Riviera Maya, que conducir\u00e1 las acciones y proyectos de planeaci\u00f3n<\/p>\n","protected":false},"author":73,"featured_media":147469,"comment_status":"open","ping_status":"closed","sticky":false,"template":"","format":"standard","meta":{"om_disable_all_campaigns":false,"inline_featured_image":false,"_monsterinsights_skip_tracking":false,"_monsterinsights_sitenote_active":false,"_monsterinsights_sitenote_note":"","_monsterinsights_sitenote_category":0,"footnotes":""},"categories":[82],"tags":[552,901,17826,795,105],"class_list":["post-147468","post","type-post","status-publish","format-standard","has-post-thumbnail","hentry","category-urbanismo","tag-ordenamiento-territorial","tag-planeacion","tag-programa-territorial-operativo","tag-riviera-maya","tag-sedatu"],"yoast_head":"<!-- This site is optimized with the Yoast SEO plugin v27.4 - https:\/\/yoast.com\/product\/yoast-seo-wordpress\/ -->\n<title>Impulsa Sedatu ordenamiento territorial de la Riviera Maya -<\/title>\n<meta name=\"description\" content=\"La Sedatu public\u00f3 en el DOF el Programa Territorial Operativo del sur de la Riviera Maya, que conducir\u00e1 las acciones y proyectos de planeaci\u00f3n La\" \/>\n<meta name=\"robots\" content=\"index, follow, max-snippet:-1, max-image-preview:large, max-video-preview:-1\" \/>\n<link rel=\"canonical\" href=\"https:\/\/centrourbano.com\/revista\/urbanismo\/sedatu-ordenamiento-riviera-maya\/\" \/>\n<meta property=\"og:locale\" content=\"es_ES\" \/>\n<meta property=\"og:type\" content=\"article\" \/>\n<meta property=\"og:title\" content=\"Impulsa Sedatu ordenamiento territorial de la Riviera Maya -\" \/>\n<meta property=\"og:description\" content=\"La Sedatu public\u00f3 en el DOF el Programa Territorial Operativo del sur de la Riviera Maya, que conducir\u00e1 las acciones y proyectos de planeaci\u00f3n La\" \/>\n<meta property=\"og:url\" content=\"https:\/\/centrourbano.com\/revista\/urbanismo\/sedatu-ordenamiento-riviera-maya\/\" \/>\n<meta property=\"og:site_name\" content=\"Centro Urbano\" \/>\n<meta property=\"article:publisher\" content=\"https:\/\/www.facebook.com\/portalcentrourbano\" \/>\n<meta property=\"article:published_time\" content=\"2024-04-08T14:00:01+00:00\" \/>\n<meta property=\"og:image\" content=\"https:\/\/centrourbano.com\/revista\/wp-content\/uploads\/Impulsa-Sedatu-ordenamiento-territorial-de-la-Riviera-Maya.jpg\" \/>\n\t<meta property=\"og:image:width\" content=\"1100\" \/>\n\t<meta property=\"og:image:height\" content=\"898\" \/>\n\t<meta property=\"og:image:type\" content=\"image\/jpeg\" \/>\n<meta name=\"author\" content=\"Fernanda Hern\u00e1ndez\" \/>\n<meta name=\"twitter:card\" content=\"summary_large_image\" \/>\n<meta name=\"twitter:creator\" content=\"@https:\/\/twitter.com\/Nannz_Hernandez\" \/>\n<meta name=\"twitter:site\" content=\"@CentroUrbano\" \/>\n<meta name=\"twitter:label1\" content=\"Escrito por\" \/>\n\t<meta name=\"twitter:data1\" content=\"Fernanda Hern\u00e1ndez\" \/>\n\t<meta name=\"twitter:label2\" content=\"Tiempo de lectura\" \/>\n\t<meta name=\"twitter:data2\" content=\"2 minutos\" \/>\n<script type=\"application\/ld+json\" class=\"yoast-schema-graph\">{\"@context\":\"https:\\\/\\\/schema.org\",\"@graph\":[{\"@type\":\"Article\",\"@id\":\"https:\\\/\\\/centrourbano.com\\\/revista\\\/urbanismo\\\/sedatu-ordenamiento-riviera-maya\\\/#article\",\"isPartOf\":{\"@id\":\"https:\\\/\\\/centrourbano.com\\\/revista\\\/urbanismo\\\/sedatu-ordenamiento-riviera-maya\\\/\"},\"author\":{\"name\":\"Fernanda Hern\u00e1ndez\",\"@id\":\"https:\\\/\\\/centrourbano.com\\\/revista\\\/#\\\/schema\\\/person\\\/b190b20bbbceb41ec72278c546fa8df3\"},\"headline\":\"Impulsa Sedatu ordenamiento territorial de la Riviera Maya\",\"datePublished\":\"2024-04-08T14:00:01+00:00\",\"mainEntityOfPage\":{\"@id\":\"https:\\\/\\\/centrourbano.com\\\/revista\\\/urbanismo\\\/sedatu-ordenamiento-riviera-maya\\\/\"},\"wordCount\":318,\"commentCount\":0,\"publisher\":{\"@id\":\"https:\\\/\\\/centrourbano.com\\\/revista\\\/#organization\"},\"image\":{\"@id\":\"https:\\\/\\\/centrourbano.com\\\/revista\\\/urbanismo\\\/sedatu-ordenamiento-riviera-maya\\\/#primaryimage\"},\"thumbnailUrl\":\"https:\\\/\\\/centrourbano.com\\\/revista\\\/wp-content\\\/uploads\\\/Impulsa-Sedatu-ordenamiento-territorial-de-la-Riviera-Maya.jpg\",\"keywords\":[\"ordenamiento territorial\",\"Planeaci\u00f3n\",\"Programa Territorial Operativo\",\"Riviera Maya\",\"Sedatu\"],\"articleSection\":[\"Urbanismo\"],\"inLanguage\":\"es\",\"potentialAction\":[{\"@type\":\"CommentAction\",\"name\":\"Comment\",\"target\":[\"https:\\\/\\\/centrourbano.com\\\/revista\\\/urbanismo\\\/sedatu-ordenamiento-riviera-maya\\\/#respond\"]}]},{\"@type\":\"WebPage\",\"@id\":\"https:\\\/\\\/centrourbano.com\\\/revista\\\/urbanismo\\\/sedatu-ordenamiento-riviera-maya\\\/\",\"url\":\"https:\\\/\\\/centrourbano.com\\\/revista\\\/urbanismo\\\/sedatu-ordenamiento-riviera-maya\\\/\",\"name\":\"Impulsa Sedatu ordenamiento territorial de la Riviera Maya -\",\"isPartOf\":{\"@id\":\"https:\\\/\\\/centrourbano.com\\\/revista\\\/#website\"},\"primaryImageOfPage\":{\"@id\":\"https:\\\/\\\/centrourbano.com\\\/revista\\\/urbanismo\\\/sedatu-ordenamiento-riviera-maya\\\/#primaryimage\"},\"image\":{\"@id\":\"https:\\\/\\\/centrourbano.com\\\/revista\\\/urbanismo\\\/sedatu-ordenamiento-riviera-maya\\\/#primaryimage\"},\"thumbnailUrl\":\"https:\\\/\\\/centrourbano.com\\\/revista\\\/wp-content\\\/uploads\\\/Impulsa-Sedatu-ordenamiento-territorial-de-la-Riviera-Maya.jpg\",\"datePublished\":\"2024-04-08T14:00:01+00:00\",\"description\":\"La Sedatu public\u00f3 en el DOF el Programa Territorial Operativo del sur de la Riviera Maya, que conducir\u00e1 las acciones y proyectos de planeaci\u00f3n La\",\"breadcrumb\":{\"@id\":\"https:\\\/\\\/centrourbano.com\\\/revista\\\/urbanismo\\\/sedatu-ordenamiento-riviera-maya\\\/#breadcrumb\"},\"inLanguage\":\"es\",\"potentialAction\":[{\"@type\":\"ReadAction\",\"target\":[\"https:\\\/\\\/centrourbano.com\\\/revista\\\/urbanismo\\\/sedatu-ordenamiento-riviera-maya\\\/\"]}]},{\"@type\":\"ImageObject\",\"inLanguage\":\"es\",\"@id\":\"https:\\\/\\\/centrourbano.com\\\/revista\\\/urbanismo\\\/sedatu-ordenamiento-riviera-maya\\\/#primaryimage\",\"url\":\"https:\\\/\\\/centrourbano.com\\\/revista\\\/wp-content\\\/uploads\\\/Impulsa-Sedatu-ordenamiento-territorial-de-la-Riviera-Maya.jpg\",\"contentUrl\":\"https:\\\/\\\/centrourbano.com\\\/revista\\\/wp-content\\\/uploads\\\/Impulsa-Sedatu-ordenamiento-territorial-de-la-Riviera-Maya.jpg\",\"width\":1100,\"height\":898,\"caption\":\"La Sedatu public\u00f3 en el DOF el Programa Territorial Operativo del sur de la Riviera Maya, que conducir\u00e1 las acciones y proyectos de planeaci\u00f3n\"},{\"@type\":\"BreadcrumbList\",\"@id\":\"https:\\\/\\\/centrourbano.com\\\/revista\\\/urbanismo\\\/sedatu-ordenamiento-riviera-maya\\\/#breadcrumb\",\"itemListElement\":[{\"@type\":\"ListItem\",\"position\":1,\"name\":\"Portada\",\"item\":\"https:\\\/\\\/centrourbano.com\\\/revista\\\/\"},{\"@type\":\"ListItem\",\"position\":2,\"name\":\"Impulsa Sedatu ordenamiento territorial de la Riviera Maya\"}]},{\"@type\":\"WebSite\",\"@id\":\"https:\\\/\\\/centrourbano.com\\\/revista\\\/#website\",\"url\":\"https:\\\/\\\/centrourbano.com\\\/revista\\\/\",\"name\":\"Centro Urbano\",\"description\":\"Medio especializado en los sectores vivienda, inmobiliario, construcci\u00f3n, arquitectura y urbanismo.\",\"publisher\":{\"@id\":\"https:\\\/\\\/centrourbano.com\\\/revista\\\/#organization\"},\"potentialAction\":[{\"@type\":\"SearchAction\",\"target\":{\"@type\":\"EntryPoint\",\"urlTemplate\":\"https:\\\/\\\/centrourbano.com\\\/revista\\\/?s={search_term_string}\"},\"query-input\":{\"@type\":\"PropertyValueSpecification\",\"valueRequired\":true,\"valueName\":\"search_term_string\"}}],\"inLanguage\":\"es\"},{\"@type\":\"Organization\",\"@id\":\"https:\\\/\\\/centrourbano.com\\\/revista\\\/#organization\",\"name\":\"Centro Urbano\",\"url\":\"https:\\\/\\\/centrourbano.com\\\/revista\\\/\",\"logo\":{\"@type\":\"ImageObject\",\"inLanguage\":\"es\",\"@id\":\"https:\\\/\\\/centrourbano.com\\\/revista\\\/#\\\/schema\\\/logo\\\/image\\\/\",\"url\":\"https:\\\/\\\/centrourbano.com\\\/revista\\\/wp-content\\\/uploads\\\/web_CU_logo-1.png\",\"contentUrl\":\"https:\\\/\\\/centrourbano.com\\\/revista\\\/wp-content\\\/uploads\\\/web_CU_logo-1.png\",\"width\":350,\"height\":91,\"caption\":\"Centro Urbano\"},\"image\":{\"@id\":\"https:\\\/\\\/centrourbano.com\\\/revista\\\/#\\\/schema\\\/logo\\\/image\\\/\"},\"sameAs\":[\"https:\\\/\\\/www.facebook.com\\\/portalcentrourbano\",\"https:\\\/\\\/x.com\\\/CentroUrbano\",\"https:\\\/\\\/www.instagram.com\\\/centro_urbano\\\/\",\"https:\\\/\\\/www.linkedin.com\\\/company\\\/centro-urbano\\\/\",\"http:\\\/\\\/www.youtube.com\\\/user\\\/portalcentrourbano\"]},{\"@type\":\"Person\",\"@id\":\"https:\\\/\\\/centrourbano.com\\\/revista\\\/#\\\/schema\\\/person\\\/b190b20bbbceb41ec72278c546fa8df3\",\"name\":\"Fernanda Hern\u00e1ndez\",\"image\":{\"@type\":\"ImageObject\",\"inLanguage\":\"es\",\"@id\":\"https:\\\/\\\/secure.gravatar.com\\\/avatar\\\/9471831fb0a24eae9d32d826a7cb8ef07c34a41520aca1a0ab1f5c0903ba49b9?s=96&d=mm&r=g\",\"url\":\"https:\\\/\\\/secure.gravatar.com\\\/avatar\\\/9471831fb0a24eae9d32d826a7cb8ef07c34a41520aca1a0ab1f5c0903ba49b9?s=96&d=mm&r=g\",\"contentUrl\":\"https:\\\/\\\/secure.gravatar.com\\\/avatar\\\/9471831fb0a24eae9d32d826a7cb8ef07c34a41520aca1a0ab1f5c0903ba49b9?s=96&d=mm&r=g\",\"caption\":\"Fernanda Hern\u00e1ndez\"},\"description\":\"Reportera y redactora en Centro Urbano. Soy egresada de la licenciatura en Ciencias de la Comunicaci\u00f3n de la Facultad de Ciencias Pol\u00edticas y Sociales (UNAM). Me interesa la cultura, el urbanismo y la arquitectura. Amante del mundo digital, el cine, la m\u00fasica, la lectura y la escritura.\",\"sameAs\":[\"https:\\\/\\\/x.com\\\/https:\\\/\\\/twitter.com\\\/Nannz_Hernandez\"],\"url\":\"https:\\\/\\\/centrourbano.com\\\/revista\\\/author\\\/fernanda-hernandez\\\/\"}]}<\/script>\n<!-- \/ Yoast SEO plugin. -->","yoast_head_json":{"title":"Impulsa Sedatu ordenamiento territorial de la Riviera Maya -","description":"La Sedatu public\u00f3 en el DOF el Programa Territorial Operativo del sur de la Riviera Maya, que conducir\u00e1 las acciones y proyectos de planeaci\u00f3n La","robots":{"index":"index","follow":"follow","max-snippet":"max-snippet:-1","max-image-preview":"max-image-preview:large","max-video-preview":"max-video-preview:-1"},"canonical":"https:\/\/centrourbano.com\/revista\/urbanismo\/sedatu-ordenamiento-riviera-maya\/","og_locale":"es_ES","og_type":"article","og_title":"Impulsa Sedatu ordenamiento territorial de la Riviera Maya -","og_description":"La Sedatu public\u00f3 en el DOF el Programa Territorial Operativo del sur de la Riviera Maya, que conducir\u00e1 las acciones y proyectos de planeaci\u00f3n La","og_url":"https:\/\/centrourbano.com\/revista\/urbanismo\/sedatu-ordenamiento-riviera-maya\/","og_site_name":"Centro Urbano","article_publisher":"https:\/\/www.facebook.com\/portalcentrourbano","article_published_time":"2024-04-08T14:00:01+00:00","og_image":[{"width":1100,"height":898,"url":"https:\/\/centrourbano.com\/revista\/wp-content\/uploads\/Impulsa-Sedatu-ordenamiento-territorial-de-la-Riviera-Maya.jpg","type":"image\/jpeg"}],"author":"Fernanda Hern\u00e1ndez","twitter_card":"summary_large_image","twitter_creator":"@https:\/\/twitter.com\/Nannz_Hernandez","twitter_site":"@CentroUrbano","twitter_misc":{"Escrito por":"Fernanda Hern\u00e1ndez","Tiempo de lectura":"2 minutos"},"schema":{"@context":"https:\/\/schema.org","@graph":[{"@type":"Article","@id":"https:\/\/centrourbano.com\/revista\/urbanismo\/sedatu-ordenamiento-riviera-maya\/#article","isPartOf":{"@id":"https:\/\/centrourbano.com\/revista\/urbanismo\/sedatu-ordenamiento-riviera-maya\/"},"author":{"name":"Fernanda Hern\u00e1ndez","@id":"https:\/\/centrourbano.com\/revista\/#\/schema\/person\/b190b20bbbceb41ec72278c546fa8df3"},"headline":"Impulsa Sedatu ordenamiento territorial de la Riviera Maya","datePublished":"2024-04-08T14:00:01+00:00","mainEntityOfPage":{"@id":"https:\/\/centrourbano.com\/revista\/urbanismo\/sedatu-ordenamiento-riviera-maya\/"},"wordCount":318,"commentCount":0,"publisher":{"@id":"https:\/\/centrourbano.com\/revista\/#organization"},"image":{"@id":"https:\/\/centrourbano.com\/revista\/urbanismo\/sedatu-ordenamiento-riviera-maya\/#primaryimage"},"thumbnailUrl":"https:\/\/centrourbano.com\/revista\/wp-content\/uploads\/Impulsa-Sedatu-ordenamiento-territorial-de-la-Riviera-Maya.jpg","keywords":["ordenamiento territorial","Planeaci\u00f3n","Programa Territorial Operativo","Riviera Maya","Sedatu"],"articleSection":["Urbanismo"],"inLanguage":"es","potentialAction":[{"@type":"CommentAction","name":"Comment","target":["https:\/\/centrourbano.com\/revista\/urbanismo\/sedatu-ordenamiento-riviera-maya\/#respond"]}]},{"@type":"WebPage","@id":"https:\/\/centrourbano.com\/revista\/urbanismo\/sedatu-ordenamiento-riviera-maya\/","url":"https:\/\/centrourbano.com\/revista\/urbanismo\/sedatu-ordenamiento-riviera-maya\/","name":"Impulsa Sedatu ordenamiento territorial de la Riviera Maya -","isPartOf":{"@id":"https:\/\/centrourbano.com\/revista\/#website"},"primaryImageOfPage":{"@id":"https:\/\/centrourbano.com\/revista\/urbanismo\/sedatu-ordenamiento-riviera-maya\/#primaryimage"},"image":{"@id":"https:\/\/centrourbano.com\/revista\/urbanismo\/sedatu-ordenamiento-riviera-maya\/#primaryimage"},"thumbnailUrl":"https:\/\/centrourbano.com\/revista\/wp-content\/uploads\/Impulsa-Sedatu-ordenamiento-territorial-de-la-Riviera-Maya.jpg","datePublished":"2024-04-08T14:00:01+00:00","description":"La Sedatu public\u00f3 en el DOF el Programa Territorial Operativo del sur de la Riviera Maya, que conducir\u00e1 las acciones y proyectos de planeaci\u00f3n La","breadcrumb":{"@id":"https:\/\/centrourbano.com\/revista\/urbanismo\/sedatu-ordenamiento-riviera-maya\/#breadcrumb"},"inLanguage":"es","potentialAction":[{"@type":"ReadAction","target":["https:\/\/centrourbano.com\/revista\/urbanismo\/sedatu-ordenamiento-riviera-maya\/"]}]},{"@type":"ImageObject","inLanguage":"es","@id":"https:\/\/centrourbano.com\/revista\/urbanismo\/sedatu-ordenamiento-riviera-maya\/#primaryimage","url":"https:\/\/centrourbano.com\/revista\/wp-content\/uploads\/Impulsa-Sedatu-ordenamiento-territorial-de-la-Riviera-Maya.jpg","contentUrl":"https:\/\/centrourbano.com\/revista\/wp-content\/uploads\/Impulsa-Sedatu-ordenamiento-territorial-de-la-Riviera-Maya.jpg","width":1100,"height":898,"caption":"La Sedatu public\u00f3 en el DOF el Programa Territorial Operativo del sur de la Riviera Maya, que conducir\u00e1 las acciones y proyectos de planeaci\u00f3n"},{"@type":"BreadcrumbList","@id":"https:\/\/centrourbano.com\/revista\/urbanismo\/sedatu-ordenamiento-riviera-maya\/#breadcrumb","itemListElement":[{"@type":"ListItem","position":1,"name":"Portada","item":"https:\/\/centrourbano.com\/revista\/"},{"@type":"ListItem","position":2,"name":"Impulsa Sedatu ordenamiento territorial de la Riviera Maya"}]},{"@type":"WebSite","@id":"https:\/\/centrourbano.com\/revista\/#website","url":"https:\/\/centrourbano.com\/revista\/","name":"Centro Urbano","description":"Medio especializado en los sectores vivienda, inmobiliario, construcci\u00f3n, arquitectura y urbanismo.","publisher":{"@id":"https:\/\/centrourbano.com\/revista\/#organization"},"potentialAction":[{"@type":"SearchAction","target":{"@type":"EntryPoint","urlTemplate":"https:\/\/centrourbano.com\/revista\/?s={search_term_string}"},"query-input":{"@type":"PropertyValueSpecification","valueRequired":true,"valueName":"search_term_string"}}],"inLanguage":"es"},{"@type":"Organization","@id":"https:\/\/centrourbano.com\/revista\/#organization","name":"Centro Urbano","url":"https:\/\/centrourbano.com\/revista\/","logo":{"@type":"ImageObject","inLanguage":"es","@id":"https:\/\/centrourbano.com\/revista\/#\/schema\/logo\/image\/","url":"https:\/\/centrourbano.com\/revista\/wp-content\/uploads\/web_CU_logo-1.png","contentUrl":"https:\/\/centrourbano.com\/revista\/wp-content\/uploads\/web_CU_logo-1.png","width":350,"height":91,"caption":"Centro Urbano"},"image":{"@id":"https:\/\/centrourbano.com\/revista\/#\/schema\/logo\/image\/"},"sameAs":["https:\/\/www.facebook.com\/portalcentrourbano","https:\/\/x.com\/CentroUrbano","https:\/\/www.instagram.com\/centro_urbano\/","https:\/\/www.linkedin.com\/company\/centro-urbano\/","http:\/\/www.youtube.com\/user\/portalcentrourbano"]},{"@type":"Person","@id":"https:\/\/centrourbano.com\/revista\/#\/schema\/person\/b190b20bbbceb41ec72278c546fa8df3","name":"Fernanda Hern\u00e1ndez","image":{"@type":"ImageObject","inLanguage":"es","@id":"https:\/\/secure.gravatar.com\/avatar\/9471831fb0a24eae9d32d826a7cb8ef07c34a41520aca1a0ab1f5c0903ba49b9?s=96&d=mm&r=g","url":"https:\/\/secure.gravatar.com\/avatar\/9471831fb0a24eae9d32d826a7cb8ef07c34a41520aca1a0ab1f5c0903ba49b9?s=96&d=mm&r=g","contentUrl":"https:\/\/secure.gravatar.com\/avatar\/9471831fb0a24eae9d32d826a7cb8ef07c34a41520aca1a0ab1f5c0903ba49b9?s=96&d=mm&r=g","caption":"Fernanda Hern\u00e1ndez"},"description":"Reportera y redactora en Centro Urbano. Soy egresada de la licenciatura en Ciencias de la Comunicaci\u00f3n de la Facultad de Ciencias Pol\u00edticas y Sociales (UNAM). Me interesa la cultura, el urbanismo y la arquitectura. Amante del mundo digital, el cine, la m\u00fasica, la lectura y la escritura.","sameAs":["https:\/\/x.com\/https:\/\/twitter.com\/Nannz_Hernandez"],"url":"https:\/\/centrourbano.com\/revista\/author\/fernanda-hernandez\/"}]}},"_links":{"self":[{"href":"https:\/\/centrourbano.com\/revista\/wp-json\/wp\/v2\/posts\/147468","targetHints":{"allow":["GET"]}}],"collection":[{"href":"https:\/\/centrourbano.com\/revista\/wp-json\/wp\/v2\/posts"}],"about":[{"href":"https:\/\/centrourbano.com\/revista\/wp-json\/wp\/v2\/types\/post"}],"author":[{"embeddable":true,"href":"https:\/\/centrourbano.com\/revista\/wp-json\/wp\/v2\/users\/73"}],"replies":[{"embeddable":true,"href":"https:\/\/centrourbano.com\/revista\/wp-json\/wp\/v2\/comments?post=147468"}],"version-history":[{"count":1,"href":"https:\/\/centrourbano.com\/revista\/wp-json\/wp\/v2\/posts\/147468\/revisions"}],"predecessor-version":[{"id":147470,"href":"https:\/\/centrourbano.com\/revista\/wp-json\/wp\/v2\/posts\/147468\/revisions\/147470"}],"wp:featuredmedia":[{"embeddable":true,"href":"https:\/\/centrourbano.com\/revista\/wp-json\/wp\/v2\/media\/147469"}],"wp:attachment":[{"href":"https:\/\/centrourbano.com\/revista\/wp-json\/wp\/v2\/media?parent=147468"}],"wp:term":[{"taxonomy":"category","embeddable":true,"href":"https:\/\/centrourbano.com\/revista\/wp-json\/wp\/v2\/categories?post=147468"},{"taxonomy":"post_tag","embeddable":true,"href":"https:\/\/centrourbano.com\/revista\/wp-json\/wp\/v2\/tags?post=147468"}],"curies":[{"name":"wp","href":"https:\/\/api.w.org\/{rel}","templated":true}]}}