{"id":147140,"date":"2024-03-19T09:18:00","date_gmt":"2024-03-19T15:18:00","guid":{"rendered":"https:\/\/centrourbano.com\/?p=147140"},"modified":"2024-03-19T09:18:00","modified_gmt":"2024-03-19T15:18:00","slug":"santiago-clara-y-salomon-que-van-a-hacer-para-enfrentar-la-crisis-de-vivienda-chilanga","status":"publish","type":"post","link":"https:\/\/centrourbano.com\/revista\/opinion\/santiago-clara-y-salomon-que-van-a-hacer-para-enfrentar-la-crisis-de-vivienda-chilanga\/","title":{"rendered":"Santiago, Clara y Salom\u00f3n; \u00bfqu\u00e9 van a hacer para enfrentar la crisis de vivienda chilanga?"},"content":{"rendered":"<p><em><span style=\"font-weight: 400;\">No todo se trata de la elecci\u00f3n Presidencial. Toca preguntar a Santiago, Clara y Salom\u00f3n; \u00bfqu\u00e9 van a hacer para enfrentar la crisis de vivienda chilanga<\/span><\/em><\/p>\n<p><em>Por Horacio Urbano*<\/em><!--more--><\/p>\n<p><span style=\"font-weight: 400;\">Tiempos de Campa\u00f1as son Tiempo de Promesas, en que, sin embargo, candidatas y candidatos deben tener bien levantadas las antenas para identificar con mucha precisi\u00f3n los grandes temas que definen el momento que se vive en los lugares en que buscan gobernar o legislar.<\/span><\/p>\n<p><span style=\"font-weight: 400;\">Porque no todo es grilla\u2026 Que tampoco sobra salir a ver qu\u00e9 piedrita molesta en los zapatos de la gente\u2026<\/span><\/p>\n<p><span style=\"font-weight: 400;\">Tiempos de Campa\u00f1as, en que tambi\u00e9n como sociedad tendr\u00edamos que ser mucho mas participativos y exigentes, para no conformarnos con promesas chatarra, de esas atrapa votos y enga\u00f1a bobos, y pedir, en cambio, soluciones precisas ante los grandes retos que definen nuestra realidad.<\/span><\/p>\n<p><span style=\"font-weight: 400;\">Y en este contexto hay que dividir con total claridad lo que sucede en los \u00e1mbitos nacional y local, porque si bien la elecci\u00f3n presidencial acapara titulares, el hecho es que cada uno de nosotros vivimos en lugares muy espec\u00edficos, que responden al desempe\u00f1o de los gobiernos y legislativos locales.<\/span><\/p>\n<p><span style=\"font-weight: 400;\">S\u00ed. Es muy importante la definici\u00f3n de la Presidencia, pero eso no implica que no nos preocupemos por lo que espec\u00edficamente pase en los lugares en que vivimos.<\/span><\/p>\n<p><span style=\"font-weight: 400;\">Porque s\u00ed, todos estamos atentos a la carrera presidencial, pero s\u00ed tambi\u00e9n, para cada uno de nosotros es al menos igual de importante la definici\u00f3n de los gobiernos estatal y municipal.<\/span><\/p>\n<p><span style=\"font-weight: 400;\">Porque no nos equivoquemos, m\u00e1s all\u00e1 de la pol\u00edtica, es en el \u00e1mbito local donde se definen las condiciones que a su vez marcan a fuego nuestra cotidianidad y nuestras posibilidades de desarrollo.<\/span><\/p>\n<p><span style=\"font-weight: 400;\">No nos equivoquemos; es en lo local\u2026\u00a0<\/span><\/p>\n<p><span style=\"font-weight: 400;\">Y como chilango que soy, claro que me interesa, y mucho, saber qui\u00e9n gana la Presidencia, pero reconociendo que de estas elecciones espero respuestas para los problemas que marcan mi cotidianidad.<\/span><\/p>\n<p><span style=\"font-weight: 400;\">Y mi realidad cotidiana\u2026 Mi realidad chilanga, est\u00e1 marcada por la violencia, falta de agua, mala calidad del transporte p\u00fablico, contaminaci\u00f3n, desorden urbano\u2026 Y una Crisis de Vivienda que ya es m\u00e1s que evidente.<\/span><\/p>\n<p><span style=\"font-weight: 400;\">Claro que estoy y estar\u00e9 al pendiente de la elecci\u00f3n Presidencial; en ella estar\u00e1 mi \u201cojo al gato\u201d\u2026 Pero, qu\u00e9 caray, mi \u201cojo al garabato\u201d, estar\u00e1 bien, pero muy bien dirigido, a la elecci\u00f3n local, la de la Ciudad de M\u00e9xico, que incluye: jefe de gobierno, alcaldes y legisladores.<\/span><\/p>\n<p><span style=\"font-weight: 400;\">Y de eso quiero que hablen particularmente quienes aspiran a gobernar la capital del pa\u00eds.<\/span><\/p>\n<p><span style=\"font-weight: 400;\">As\u00ed que pregunto a ustedes; <\/span><b>Santiago Taboada<\/b><span style=\"font-weight: 400;\">, <\/span><b>Clara Brugada<\/b><span style=\"font-weight: 400;\"> y <\/span><b>Salom\u00f3n Chertorivski<\/b><span style=\"font-weight: 400;\">; \u00bfCu\u00e1les son sus propuestas para hacer frente a los inmensos retos que nuestra ciudad enfrenta en materia de violencia, falta de agua, mala calidad del transporte p\u00fablico, contaminaci\u00f3n, desorden urbano y encarecimiento y escasez de vivienda?<\/span><\/p>\n<p><span style=\"font-weight: 400;\">De eso los quiero o\u00edr hablar. Y espero propuestas bien razonadas y contundentes.<\/span><\/p>\n<p><span style=\"font-weight: 400;\">Porque, muy en especial en los temas que manejo, ciudades y viviendas, son m\u00e1s que evidentes los enormes retos de una ciudad que forma parte de una inmensa zona metropolitana que se ha transformado al capricho del urbanismo silvestre.<\/span><\/p>\n<p><span style=\"font-weight: 400;\">Una ciudad que ha crecido en forma an\u00e1rquica, y en muchos casos irregular e ilegal, y en la que ya enfrentamos crisis enormes por falta de agua y vivienda.<\/span><\/p>\n<p><span style=\"font-weight: 400;\">\u00bfQu\u00e9 van a hacer para compensar la debilidad de los instrumentos de planeaci\u00f3n urbana, para revertir el efecto de la falta de inversi\u00f3n en todo tipo de infraestructuras y para implementar una verdadera pol\u00edtica de vivienda que tenga capacidad de atender los inmensos retos de una poblaci\u00f3n grande y diversa?<\/span><\/p>\n<p><span style=\"font-weight: 400;\">No los quiero importunar, pero tengo algunas sugerencias que espero les sirva y tomen en cuenta:<\/span><\/p>\n<ul>\n<li style=\"font-weight: 400;\" aria-level=\"1\"><span style=\"font-weight: 400;\">Comprom\u00e9tanse a reactivar inmediatamente la operaci\u00f3n del Instituto de Planeaci\u00f3n Democr\u00e1tica y Prospectiva de la CDMX, y comprom\u00e9tanse a que en menos de un a\u00f1o tengamos los programas de ordenamiento territorial y desarrollo urbano que la ciudad necesita.<\/span><\/li>\n<li style=\"font-weight: 400;\" aria-level=\"1\"><span style=\"font-weight: 400;\">Comprom\u00e9tanse a que en tanto eso se logra, har\u00e1n uso de los instrumentos a su alcance para dar viabilidad,\u00a0 v\u00eda actualizaciones a usos del suelo, al desarrollo de los proyectos, p\u00fablicos y privados, que la ciudad necesita, con especial \u00e9nfasis en la vivienda y con prioridad en aquella dirigida a los grupos de menores ingresos.<\/span><\/li>\n<li style=\"font-weight: 400;\" aria-level=\"1\"><span style=\"font-weight: 400;\">Comprom\u00e9tanse a invertir en infraestructuras prioritarias, muy en especial en aquellas que garanticen el abasto de agua y la viabilidad de una visi\u00f3n de desarrollo urbano.<\/span><\/li>\n<li style=\"font-weight: 400;\" aria-level=\"1\"><span style=\"font-weight: 400;\">Comprom\u00e9tanse a modelar una verdadera y poderosa Pol\u00edtica de Vivienda integral y local, que considere respuestas para todos los grupos de poblaci\u00f3n, con base en un amplio cat\u00e1logo de modelos de ocupaci\u00f3n, producci\u00f3n y financiamiento de vivienda, s\u00f3lidamente respaldado con las indispensables alianzas con sociedad y sector privado.<\/span><\/li>\n<li style=\"font-weight: 400;\" aria-level=\"1\"><span style=\"font-weight: 400;\">Comprom\u00e9tanse a no ver como enemigo al sector inmobiliario y a reconocerlo como un eslab\u00f3n m\u00e1s, un eslab\u00f3n muy importante e imprescindible, en la cadena de valor que nuestra ciudad requiere.<\/span><\/li>\n<\/ul>\n<p><span style=\"font-weight: 400;\">No todo trata de la elecci\u00f3n Presidencial, porque a fin de cuentas todos vivimos en una casa que est\u00e1 en un barrio de una ciudad. Toca preguntar a Santiago, Clara y Salom\u00f3n; \u00bfqu\u00e9 van a hacer para enfrentar la crisis de vivienda chilanga?<\/span><\/p>\n<p><span style=\"font-weight: 400;\">Quiero conocer sus propuestas y espero que esas propuestas tengan adem\u00e1s impacto en los \u00e1mbitos social, ambiental, urbano y econ\u00f3mico.\u00a0<\/span><\/p>\n<p><span style=\"font-weight: 400;\">No espero menos que eso.<\/span><\/p>\n<p><b>Cibergesti\u00f3n y el futuro del cr\u00e9dito hipotecario\u00a0<\/b><\/p>\n<p><b><a href=\"https:\/\/twitter.com\/Cibergestionlat\">Cibergesti\u00f3n<\/a> <\/b><span style=\"font-weight: 400;\">es el brazo operador del cr\u00e9dito hipotecario en Am\u00e9rica Latina. En 2023 gestionaron el proceso hipotecario, en algunos casos de principio a fin (<\/span><i><span style=\"font-weight: 400;\">end to end)<\/span><\/i><span style=\"font-weight: 400;\">, de m\u00e1s de 125,000 cr\u00e9ditos en la regi\u00f3n.<\/span><\/p>\n<p><span style=\"font-weight: 400;\">Esta compa\u00f1\u00eda de alcance multinacional, que tiene como cabeza regional al mexicano <\/span><b>Jos\u00e9 \u00c1ngel Borbolla<\/b><span style=\"font-weight: 400;\">, est\u00e1 enfocada en hacer el proceso hipotecario m\u00e1s eficiente y r\u00e1pido con la integraci\u00f3n de herramientas tecnol\u00f3gicas que conecten a los actores participantes del sector y la digitalizaci\u00f3n de procesos.\u00a0<\/span><\/p>\n<p><span style=\"font-weight: 400;\">Hoy hay cr\u00e9ditos que se tramitan y otorgan en menos de 8 d\u00edas, pero no sucede as\u00ed en todos los casos, ni en todos los pa\u00edses.<\/span><\/p>\n<p><span style=\"font-weight: 400;\">Buscando analizar las mejores pr\u00e1cticas, Cibergesti\u00f3n abrir\u00e1 un espacio de conversaci\u00f3n estrat\u00e9gica que abordar\u00e1 la evoluci\u00f3n de los mercados hipotecarios en la regi\u00f3n, en el que participar\u00e1n los principales l\u00edderes de opini\u00f3n en la materia, procedentes de Colombia, Chile, Espa\u00f1a, M\u00e9xico, Per\u00fa y Portugal.<\/span><\/p>\n<p><span style=\"font-weight: 400;\">En el <\/span><b>Summit Cibergesti\u00f3n<\/b><span style=\"font-weight: 400;\">, que se llevar\u00e1 a cabo el 11 de abril en la Ciudad de M\u00e9xico, se analizar\u00e1 la situaci\u00f3n del mercado inmobiliario e hipotecario en Iberoam\u00e9rica, as\u00ed como temas enfocados a innovaci\u00f3n en el financiamiento inmobiliario y la incorporaci\u00f3n de tecnolog\u00eda en diversas etapas del proceso hipotecario.<\/span><\/p>\n<p><span style=\"font-weight: 400;\">Sin duda un foro que impulsar\u00e1 el ecosistema de la industria inmobiliaria para la pr\u00f3xima d\u00e9cada.<\/span><\/p>\n<p><span style=\"font-weight: 400;\">M\u00e1s informaci\u00f3n en:<a href=\"https:\/\/cibergestion.com\/summit\/\"> https:\/\/cibergestion.com\/summit\/\u00a0\u00a0<\/a><\/span><\/p>\n<p><b>Propuestas de vivienda<\/b><\/p>\n<p><span style=\"font-weight: 400;\">En un contexto en que habr\u00eda que reconocer retos y proponer soluciones, y en el an\u00e1lisis de las pol\u00edticas de vivienda del futuro, aprovech\u00e9 este espacio para abrir una lista de propuestas, que prometo enriquecer, soltando cada semana tres ideas simples, que se ir\u00e1n sumando para aportar elementos al complejo proceso de modelar una respuesta eficiente, oportuna y suficiente, al reto habitacional.\u00a0<\/span><\/p>\n<p><span style=\"font-weight: 400;\">Esta es la sexta entrega de esta serie, que contaba ya con 15 ideas, dejo aqu\u00ed tres temas m\u00e1s, y ya van 18:<\/span><\/p>\n<p><span style=\"font-weight: 400;\">Diecis\u00e9is. Actualizar instrumentos de planeaci\u00f3n urbana para garantizar que fomenten densidades medias y altas y usos de suelo mixtos.<\/span><\/p>\n<p><span style=\"font-weight: 400;\">Diecisiete. Actualizar instrumentos de planeaci\u00f3n urbana eliminando la exigencia de un m\u00ednimo de cajones de estacionamiento. Hay que quitar incentivos al uso del autom\u00f3vil y quitar a la vivienda el impacto en costo de esos espacios.<\/span><\/p>\n<p><span style=\"font-weight: 400;\">Dieciocho. Hacer ajustes normativos que fomenten el desarrollo de viviendas y conjuntos habitacionales que tengan la capacidad de producir la energ\u00eda que consumen.<\/span><\/p>\n<p><span style=\"font-weight: 400;\">Aqu\u00ed seguiremos soltando ideas y buscando qui\u00e9n les preste atenci\u00f3n.<\/span><\/p>\n<p>&nbsp;<\/p>\n<p><!--more--><\/p>\n<p style=\"text-align: right;\"><strong>*Horacio Urbano<\/strong><br \/>\n<strong>Presidente de Centro Urbano<\/strong><\/p>\n","protected":false},"excerpt":{"rendered":"<p>No todo se trata de la elecci\u00f3n Presidencial. Toca preguntar a Santiago, Clara y Salom\u00f3n; \u00bfqu\u00e9 van a hacer para enfrentar la crisis de vivienda chilanga Por Horacio Urbano*<\/p>\n","protected":false},"author":13,"featured_media":147141,"comment_status":"open","ping_status":"closed","sticky":false,"template":"","format":"standard","meta":{"om_disable_all_campaigns":false,"inline_featured_image":false,"_monsterinsights_skip_tracking":false,"_monsterinsights_sitenote_active":false,"_monsterinsights_sitenote_note":"","_monsterinsights_sitenote_category":0,"footnotes":""},"categories":[241,242,5],"tags":[16650,21195,11956,22585,170,163],"class_list":["post-147140","post","type-post","status-publish","format-standard","has-post-thumbnail","hentry","category-blog-desde-la-casa","category-blog-de-invitado","category-opinion","tag-crisis-de-vivienda","tag-desde-la-casa","tag-eleccion-presidencial","tag-en-la-opinion-de","tag-horacio-urbano","tag-opinion"],"yoast_head":"<!-- This site is optimized with the Yoast SEO plugin v27.4 - https:\/\/yoast.com\/product\/yoast-seo-wordpress\/ -->\n<title>Santiago, Clara y Salom\u00f3n; \u00bfqu\u00e9 van a hacer para enfrentar la crisis de vivienda chilanga? -<\/title>\n<meta name=\"description\" content=\"No todo se trata de la elecci\u00f3n Presidencial. Toca preguntar a Santiago, Clara y Salom\u00f3n; \u00bfqu\u00e9 van a hacer para enfrentar la crisis de vivienda chilanga\" \/>\n<meta name=\"robots\" content=\"index, follow, max-snippet:-1, max-image-preview:large, max-video-preview:-1\" \/>\n<link rel=\"canonical\" href=\"https:\/\/centrourbano.com\/revista\/opinion\/santiago-clara-y-salomon-que-van-a-hacer-para-enfrentar-la-crisis-de-vivienda-chilanga\/\" \/>\n<meta property=\"og:locale\" content=\"es_ES\" \/>\n<meta property=\"og:type\" content=\"article\" \/>\n<meta property=\"og:title\" content=\"Santiago, Clara y Salom\u00f3n; \u00bfqu\u00e9 van a hacer para enfrentar la crisis de vivienda chilanga? -\" \/>\n<meta property=\"og:description\" content=\"No todo se trata de la elecci\u00f3n Presidencial. Toca preguntar a Santiago, Clara y Salom\u00f3n; \u00bfqu\u00e9 van a hacer para enfrentar la crisis de vivienda chilanga\" \/>\n<meta property=\"og:url\" content=\"https:\/\/centrourbano.com\/revista\/opinion\/santiago-clara-y-salomon-que-van-a-hacer-para-enfrentar-la-crisis-de-vivienda-chilanga\/\" \/>\n<meta property=\"og:site_name\" content=\"Centro Urbano\" \/>\n<meta property=\"article:publisher\" content=\"https:\/\/www.facebook.com\/portalcentrourbano\" \/>\n<meta property=\"article:author\" content=\"https:\/\/www.facebook.com\/urbano.horacio\/\" \/>\n<meta property=\"article:published_time\" content=\"2024-03-19T15:18:00+00:00\" \/>\n<meta property=\"og:image\" content=\"https:\/\/centrourbano.com\/revista\/wp-content\/uploads\/Horacio-Urbano-1-73.jpg\" \/>\n\t<meta property=\"og:image:width\" content=\"445\" \/>\n\t<meta property=\"og:image:height\" content=\"445\" \/>\n\t<meta property=\"og:image:type\" content=\"image\/jpeg\" \/>\n<meta name=\"author\" content=\"Horacio Urbano\" \/>\n<meta name=\"twitter:card\" content=\"summary_large_image\" \/>\n<meta name=\"twitter:creator\" content=\"@https:\/\/twitter.com\/horacio_urbano\" \/>\n<meta name=\"twitter:site\" content=\"@CentroUrbano\" \/>\n<meta name=\"twitter:label1\" content=\"Escrito por\" \/>\n\t<meta name=\"twitter:data1\" content=\"Horacio Urbano\" \/>\n\t<meta name=\"twitter:label2\" content=\"Tiempo de lectura\" \/>\n\t<meta name=\"twitter:data2\" content=\"7 minutos\" \/>\n<script type=\"application\/ld+json\" class=\"yoast-schema-graph\">{\"@context\":\"https:\\\/\\\/schema.org\",\"@graph\":[{\"@type\":\"Article\",\"@id\":\"https:\\\/\\\/centrourbano.com\\\/revista\\\/opinion\\\/santiago-clara-y-salomon-que-van-a-hacer-para-enfrentar-la-crisis-de-vivienda-chilanga\\\/#article\",\"isPartOf\":{\"@id\":\"https:\\\/\\\/centrourbano.com\\\/revista\\\/opinion\\\/santiago-clara-y-salomon-que-van-a-hacer-para-enfrentar-la-crisis-de-vivienda-chilanga\\\/\"},\"author\":{\"name\":\"Horacio Urbano\",\"@id\":\"https:\\\/\\\/centrourbano.com\\\/revista\\\/#\\\/schema\\\/person\\\/69755154fe97eeebe4fe9394cb318d28\"},\"headline\":\"Santiago, Clara y Salom\u00f3n; \u00bfqu\u00e9 van a hacer para enfrentar la crisis de vivienda chilanga?\",\"datePublished\":\"2024-03-19T15:18:00+00:00\",\"mainEntityOfPage\":{\"@id\":\"https:\\\/\\\/centrourbano.com\\\/revista\\\/opinion\\\/santiago-clara-y-salomon-que-van-a-hacer-para-enfrentar-la-crisis-de-vivienda-chilanga\\\/\"},\"wordCount\":1413,\"commentCount\":0,\"publisher\":{\"@id\":\"https:\\\/\\\/centrourbano.com\\\/revista\\\/#organization\"},\"image\":{\"@id\":\"https:\\\/\\\/centrourbano.com\\\/revista\\\/opinion\\\/santiago-clara-y-salomon-que-van-a-hacer-para-enfrentar-la-crisis-de-vivienda-chilanga\\\/#primaryimage\"},\"thumbnailUrl\":\"https:\\\/\\\/centrourbano.com\\\/revista\\\/wp-content\\\/uploads\\\/Horacio-Urbano-1-73.jpg\",\"keywords\":[\"crisis de vivienda\",\"Desde la Casa\",\"elecci\u00f3n presidencial\",\"En la opini\u00f3n de\",\"Horacio Urbano\",\"Opini\u00f3n\"],\"articleSection\":[\"Desde la Casa\",\"En la opini\u00f3n de\",\"Opini\u00f3n\"],\"inLanguage\":\"es\",\"potentialAction\":[{\"@type\":\"CommentAction\",\"name\":\"Comment\",\"target\":[\"https:\\\/\\\/centrourbano.com\\\/revista\\\/opinion\\\/santiago-clara-y-salomon-que-van-a-hacer-para-enfrentar-la-crisis-de-vivienda-chilanga\\\/#respond\"]}]},{\"@type\":\"WebPage\",\"@id\":\"https:\\\/\\\/centrourbano.com\\\/revista\\\/opinion\\\/santiago-clara-y-salomon-que-van-a-hacer-para-enfrentar-la-crisis-de-vivienda-chilanga\\\/\",\"url\":\"https:\\\/\\\/centrourbano.com\\\/revista\\\/opinion\\\/santiago-clara-y-salomon-que-van-a-hacer-para-enfrentar-la-crisis-de-vivienda-chilanga\\\/\",\"name\":\"Santiago, Clara y Salom\u00f3n; \u00bfqu\u00e9 van a hacer para enfrentar la crisis de vivienda chilanga? -\",\"isPartOf\":{\"@id\":\"https:\\\/\\\/centrourbano.com\\\/revista\\\/#website\"},\"primaryImageOfPage\":{\"@id\":\"https:\\\/\\\/centrourbano.com\\\/revista\\\/opinion\\\/santiago-clara-y-salomon-que-van-a-hacer-para-enfrentar-la-crisis-de-vivienda-chilanga\\\/#primaryimage\"},\"image\":{\"@id\":\"https:\\\/\\\/centrourbano.com\\\/revista\\\/opinion\\\/santiago-clara-y-salomon-que-van-a-hacer-para-enfrentar-la-crisis-de-vivienda-chilanga\\\/#primaryimage\"},\"thumbnailUrl\":\"https:\\\/\\\/centrourbano.com\\\/revista\\\/wp-content\\\/uploads\\\/Horacio-Urbano-1-73.jpg\",\"datePublished\":\"2024-03-19T15:18:00+00:00\",\"description\":\"No todo se trata de la elecci\u00f3n Presidencial. Toca preguntar a Santiago, Clara y Salom\u00f3n; \u00bfqu\u00e9 van a hacer para enfrentar la crisis de vivienda chilanga\",\"breadcrumb\":{\"@id\":\"https:\\\/\\\/centrourbano.com\\\/revista\\\/opinion\\\/santiago-clara-y-salomon-que-van-a-hacer-para-enfrentar-la-crisis-de-vivienda-chilanga\\\/#breadcrumb\"},\"inLanguage\":\"es\",\"potentialAction\":[{\"@type\":\"ReadAction\",\"target\":[\"https:\\\/\\\/centrourbano.com\\\/revista\\\/opinion\\\/santiago-clara-y-salomon-que-van-a-hacer-para-enfrentar-la-crisis-de-vivienda-chilanga\\\/\"]}]},{\"@type\":\"ImageObject\",\"inLanguage\":\"es\",\"@id\":\"https:\\\/\\\/centrourbano.com\\\/revista\\\/opinion\\\/santiago-clara-y-salomon-que-van-a-hacer-para-enfrentar-la-crisis-de-vivienda-chilanga\\\/#primaryimage\",\"url\":\"https:\\\/\\\/centrourbano.com\\\/revista\\\/wp-content\\\/uploads\\\/Horacio-Urbano-1-73.jpg\",\"contentUrl\":\"https:\\\/\\\/centrourbano.com\\\/revista\\\/wp-content\\\/uploads\\\/Horacio-Urbano-1-73.jpg\",\"width\":445,\"height\":445,\"caption\":\"Santiago, Clara y Salom\u00f3n; \u00bfqu\u00e9 van a hacer para enfrentar la crisis de vivienda chilanga?\"},{\"@type\":\"BreadcrumbList\",\"@id\":\"https:\\\/\\\/centrourbano.com\\\/revista\\\/opinion\\\/santiago-clara-y-salomon-que-van-a-hacer-para-enfrentar-la-crisis-de-vivienda-chilanga\\\/#breadcrumb\",\"itemListElement\":[{\"@type\":\"ListItem\",\"position\":1,\"name\":\"Portada\",\"item\":\"https:\\\/\\\/centrourbano.com\\\/revista\\\/\"},{\"@type\":\"ListItem\",\"position\":2,\"name\":\"Santiago, Clara y Salom\u00f3n; \u00bfqu\u00e9 van a hacer para enfrentar la crisis de vivienda chilanga?\"}]},{\"@type\":\"WebSite\",\"@id\":\"https:\\\/\\\/centrourbano.com\\\/revista\\\/#website\",\"url\":\"https:\\\/\\\/centrourbano.com\\\/revista\\\/\",\"name\":\"Centro Urbano\",\"description\":\"Medio especializado en los sectores vivienda, inmobiliario, construcci\u00f3n, arquitectura y urbanismo.\",\"publisher\":{\"@id\":\"https:\\\/\\\/centrourbano.com\\\/revista\\\/#organization\"},\"potentialAction\":[{\"@type\":\"SearchAction\",\"target\":{\"@type\":\"EntryPoint\",\"urlTemplate\":\"https:\\\/\\\/centrourbano.com\\\/revista\\\/?s={search_term_string}\"},\"query-input\":{\"@type\":\"PropertyValueSpecification\",\"valueRequired\":true,\"valueName\":\"search_term_string\"}}],\"inLanguage\":\"es\"},{\"@type\":\"Organization\",\"@id\":\"https:\\\/\\\/centrourbano.com\\\/revista\\\/#organization\",\"name\":\"Centro Urbano\",\"url\":\"https:\\\/\\\/centrourbano.com\\\/revista\\\/\",\"logo\":{\"@type\":\"ImageObject\",\"inLanguage\":\"es\",\"@id\":\"https:\\\/\\\/centrourbano.com\\\/revista\\\/#\\\/schema\\\/logo\\\/image\\\/\",\"url\":\"https:\\\/\\\/centrourbano.com\\\/revista\\\/wp-content\\\/uploads\\\/web_CU_logo-1.png\",\"contentUrl\":\"https:\\\/\\\/centrourbano.com\\\/revista\\\/wp-content\\\/uploads\\\/web_CU_logo-1.png\",\"width\":350,\"height\":91,\"caption\":\"Centro Urbano\"},\"image\":{\"@id\":\"https:\\\/\\\/centrourbano.com\\\/revista\\\/#\\\/schema\\\/logo\\\/image\\\/\"},\"sameAs\":[\"https:\\\/\\\/www.facebook.com\\\/portalcentrourbano\",\"https:\\\/\\\/x.com\\\/CentroUrbano\",\"https:\\\/\\\/www.instagram.com\\\/centro_urbano\\\/\",\"https:\\\/\\\/www.linkedin.com\\\/company\\\/centro-urbano\\\/\",\"http:\\\/\\\/www.youtube.com\\\/user\\\/portalcentrourbano\"]},{\"@type\":\"Person\",\"@id\":\"https:\\\/\\\/centrourbano.com\\\/revista\\\/#\\\/schema\\\/person\\\/69755154fe97eeebe4fe9394cb318d28\",\"name\":\"Horacio Urbano\",\"image\":{\"@type\":\"ImageObject\",\"inLanguage\":\"es\",\"@id\":\"https:\\\/\\\/secure.gravatar.com\\\/avatar\\\/bf4232bac122249113b7bcc4636a8d0432b9fa8bcce4243f1ed6c1ecb8fe915f?s=96&d=mm&r=g\",\"url\":\"https:\\\/\\\/secure.gravatar.com\\\/avatar\\\/bf4232bac122249113b7bcc4636a8d0432b9fa8bcce4243f1ed6c1ecb8fe915f?s=96&d=mm&r=g\",\"contentUrl\":\"https:\\\/\\\/secure.gravatar.com\\\/avatar\\\/bf4232bac122249113b7bcc4636a8d0432b9fa8bcce4243f1ed6c1ecb8fe915f?s=96&d=mm&r=g\",\"caption\":\"Horacio Urbano\"},\"description\":\"Horacio Urbano es arquitecto. Su experiencia profesional se ha desarrollado en los diferentes \u00e1mbitos que definen la industria de la vivienda. En 1999 inici\u00f3 un proyecto editorial dirigido a los sectores inmobiliario y construcci\u00f3n que a lo largo de los a\u00f1os se ha convertido en una poderosa plataforma multimedios y en una verdadera referencia para esta industria. Fundador, junto con la tambi\u00e9n arquitecta Roxana Fabris, de Grupo Centro Urbano, firma que impulsa y desarrolla una serie de esfuerzos de comunicaci\u00f3n relacionados con estos sectores. Como parte de su trabajo en M\u00e9xico y el extranjero, ha escrito o participado en una serie de libros especializados, es colaborador de diferentes medios impresos y electr\u00f3nicos, es activo conferencista y bajo diferentes modelos colabora tambi\u00e9n con diversas empresas e instituciones p\u00fablicas y privadas del sector.\",\"sameAs\":[\"http:\\\/\\\/horaciourbano.com\\\/home\\\/\",\"https:\\\/\\\/www.facebook.com\\\/urbano.horacio\\\/\",\"https:\\\/\\\/x.com\\\/https:\\\/\\\/twitter.com\\\/horacio_urbano\"],\"url\":\"https:\\\/\\\/centrourbano.com\\\/revista\\\/author\\\/horacio-urbano\\\/\"}]}<\/script>\n<!-- \/ Yoast SEO plugin. -->","yoast_head_json":{"title":"Santiago, Clara y Salom\u00f3n; \u00bfqu\u00e9 van a hacer para enfrentar la crisis de vivienda chilanga? -","description":"No todo se trata de la elecci\u00f3n Presidencial. Toca preguntar a Santiago, Clara y Salom\u00f3n; \u00bfqu\u00e9 van a hacer para enfrentar la crisis de vivienda chilanga","robots":{"index":"index","follow":"follow","max-snippet":"max-snippet:-1","max-image-preview":"max-image-preview:large","max-video-preview":"max-video-preview:-1"},"canonical":"https:\/\/centrourbano.com\/revista\/opinion\/santiago-clara-y-salomon-que-van-a-hacer-para-enfrentar-la-crisis-de-vivienda-chilanga\/","og_locale":"es_ES","og_type":"article","og_title":"Santiago, Clara y Salom\u00f3n; \u00bfqu\u00e9 van a hacer para enfrentar la crisis de vivienda chilanga? -","og_description":"No todo se trata de la elecci\u00f3n Presidencial. Toca preguntar a Santiago, Clara y Salom\u00f3n; \u00bfqu\u00e9 van a hacer para enfrentar la crisis de vivienda chilanga","og_url":"https:\/\/centrourbano.com\/revista\/opinion\/santiago-clara-y-salomon-que-van-a-hacer-para-enfrentar-la-crisis-de-vivienda-chilanga\/","og_site_name":"Centro Urbano","article_publisher":"https:\/\/www.facebook.com\/portalcentrourbano","article_author":"https:\/\/www.facebook.com\/urbano.horacio\/","article_published_time":"2024-03-19T15:18:00+00:00","og_image":[{"width":445,"height":445,"url":"https:\/\/centrourbano.com\/revista\/wp-content\/uploads\/Horacio-Urbano-1-73.jpg","type":"image\/jpeg"}],"author":"Horacio Urbano","twitter_card":"summary_large_image","twitter_creator":"@https:\/\/twitter.com\/horacio_urbano","twitter_site":"@CentroUrbano","twitter_misc":{"Escrito por":"Horacio Urbano","Tiempo de lectura":"7 minutos"},"schema":{"@context":"https:\/\/schema.org","@graph":[{"@type":"Article","@id":"https:\/\/centrourbano.com\/revista\/opinion\/santiago-clara-y-salomon-que-van-a-hacer-para-enfrentar-la-crisis-de-vivienda-chilanga\/#article","isPartOf":{"@id":"https:\/\/centrourbano.com\/revista\/opinion\/santiago-clara-y-salomon-que-van-a-hacer-para-enfrentar-la-crisis-de-vivienda-chilanga\/"},"author":{"name":"Horacio Urbano","@id":"https:\/\/centrourbano.com\/revista\/#\/schema\/person\/69755154fe97eeebe4fe9394cb318d28"},"headline":"Santiago, Clara y Salom\u00f3n; \u00bfqu\u00e9 van a hacer para enfrentar la crisis de vivienda chilanga?","datePublished":"2024-03-19T15:18:00+00:00","mainEntityOfPage":{"@id":"https:\/\/centrourbano.com\/revista\/opinion\/santiago-clara-y-salomon-que-van-a-hacer-para-enfrentar-la-crisis-de-vivienda-chilanga\/"},"wordCount":1413,"commentCount":0,"publisher":{"@id":"https:\/\/centrourbano.com\/revista\/#organization"},"image":{"@id":"https:\/\/centrourbano.com\/revista\/opinion\/santiago-clara-y-salomon-que-van-a-hacer-para-enfrentar-la-crisis-de-vivienda-chilanga\/#primaryimage"},"thumbnailUrl":"https:\/\/centrourbano.com\/revista\/wp-content\/uploads\/Horacio-Urbano-1-73.jpg","keywords":["crisis de vivienda","Desde la Casa","elecci\u00f3n presidencial","En la opini\u00f3n de","Horacio Urbano","Opini\u00f3n"],"articleSection":["Desde la Casa","En la opini\u00f3n de","Opini\u00f3n"],"inLanguage":"es","potentialAction":[{"@type":"CommentAction","name":"Comment","target":["https:\/\/centrourbano.com\/revista\/opinion\/santiago-clara-y-salomon-que-van-a-hacer-para-enfrentar-la-crisis-de-vivienda-chilanga\/#respond"]}]},{"@type":"WebPage","@id":"https:\/\/centrourbano.com\/revista\/opinion\/santiago-clara-y-salomon-que-van-a-hacer-para-enfrentar-la-crisis-de-vivienda-chilanga\/","url":"https:\/\/centrourbano.com\/revista\/opinion\/santiago-clara-y-salomon-que-van-a-hacer-para-enfrentar-la-crisis-de-vivienda-chilanga\/","name":"Santiago, Clara y Salom\u00f3n; \u00bfqu\u00e9 van a hacer para enfrentar la crisis de vivienda chilanga? -","isPartOf":{"@id":"https:\/\/centrourbano.com\/revista\/#website"},"primaryImageOfPage":{"@id":"https:\/\/centrourbano.com\/revista\/opinion\/santiago-clara-y-salomon-que-van-a-hacer-para-enfrentar-la-crisis-de-vivienda-chilanga\/#primaryimage"},"image":{"@id":"https:\/\/centrourbano.com\/revista\/opinion\/santiago-clara-y-salomon-que-van-a-hacer-para-enfrentar-la-crisis-de-vivienda-chilanga\/#primaryimage"},"thumbnailUrl":"https:\/\/centrourbano.com\/revista\/wp-content\/uploads\/Horacio-Urbano-1-73.jpg","datePublished":"2024-03-19T15:18:00+00:00","description":"No todo se trata de la elecci\u00f3n Presidencial. Toca preguntar a Santiago, Clara y Salom\u00f3n; \u00bfqu\u00e9 van a hacer para enfrentar la crisis de vivienda chilanga","breadcrumb":{"@id":"https:\/\/centrourbano.com\/revista\/opinion\/santiago-clara-y-salomon-que-van-a-hacer-para-enfrentar-la-crisis-de-vivienda-chilanga\/#breadcrumb"},"inLanguage":"es","potentialAction":[{"@type":"ReadAction","target":["https:\/\/centrourbano.com\/revista\/opinion\/santiago-clara-y-salomon-que-van-a-hacer-para-enfrentar-la-crisis-de-vivienda-chilanga\/"]}]},{"@type":"ImageObject","inLanguage":"es","@id":"https:\/\/centrourbano.com\/revista\/opinion\/santiago-clara-y-salomon-que-van-a-hacer-para-enfrentar-la-crisis-de-vivienda-chilanga\/#primaryimage","url":"https:\/\/centrourbano.com\/revista\/wp-content\/uploads\/Horacio-Urbano-1-73.jpg","contentUrl":"https:\/\/centrourbano.com\/revista\/wp-content\/uploads\/Horacio-Urbano-1-73.jpg","width":445,"height":445,"caption":"Santiago, Clara y Salom\u00f3n; \u00bfqu\u00e9 van a hacer para enfrentar la crisis de vivienda chilanga?"},{"@type":"BreadcrumbList","@id":"https:\/\/centrourbano.com\/revista\/opinion\/santiago-clara-y-salomon-que-van-a-hacer-para-enfrentar-la-crisis-de-vivienda-chilanga\/#breadcrumb","itemListElement":[{"@type":"ListItem","position":1,"name":"Portada","item":"https:\/\/centrourbano.com\/revista\/"},{"@type":"ListItem","position":2,"name":"Santiago, Clara y Salom\u00f3n; \u00bfqu\u00e9 van a hacer para enfrentar la crisis de vivienda chilanga?"}]},{"@type":"WebSite","@id":"https:\/\/centrourbano.com\/revista\/#website","url":"https:\/\/centrourbano.com\/revista\/","name":"Centro Urbano","description":"Medio especializado en los sectores vivienda, inmobiliario, construcci\u00f3n, arquitectura y urbanismo.","publisher":{"@id":"https:\/\/centrourbano.com\/revista\/#organization"},"potentialAction":[{"@type":"SearchAction","target":{"@type":"EntryPoint","urlTemplate":"https:\/\/centrourbano.com\/revista\/?s={search_term_string}"},"query-input":{"@type":"PropertyValueSpecification","valueRequired":true,"valueName":"search_term_string"}}],"inLanguage":"es"},{"@type":"Organization","@id":"https:\/\/centrourbano.com\/revista\/#organization","name":"Centro Urbano","url":"https:\/\/centrourbano.com\/revista\/","logo":{"@type":"ImageObject","inLanguage":"es","@id":"https:\/\/centrourbano.com\/revista\/#\/schema\/logo\/image\/","url":"https:\/\/centrourbano.com\/revista\/wp-content\/uploads\/web_CU_logo-1.png","contentUrl":"https:\/\/centrourbano.com\/revista\/wp-content\/uploads\/web_CU_logo-1.png","width":350,"height":91,"caption":"Centro Urbano"},"image":{"@id":"https:\/\/centrourbano.com\/revista\/#\/schema\/logo\/image\/"},"sameAs":["https:\/\/www.facebook.com\/portalcentrourbano","https:\/\/x.com\/CentroUrbano","https:\/\/www.instagram.com\/centro_urbano\/","https:\/\/www.linkedin.com\/company\/centro-urbano\/","http:\/\/www.youtube.com\/user\/portalcentrourbano"]},{"@type":"Person","@id":"https:\/\/centrourbano.com\/revista\/#\/schema\/person\/69755154fe97eeebe4fe9394cb318d28","name":"Horacio Urbano","image":{"@type":"ImageObject","inLanguage":"es","@id":"https:\/\/secure.gravatar.com\/avatar\/bf4232bac122249113b7bcc4636a8d0432b9fa8bcce4243f1ed6c1ecb8fe915f?s=96&d=mm&r=g","url":"https:\/\/secure.gravatar.com\/avatar\/bf4232bac122249113b7bcc4636a8d0432b9fa8bcce4243f1ed6c1ecb8fe915f?s=96&d=mm&r=g","contentUrl":"https:\/\/secure.gravatar.com\/avatar\/bf4232bac122249113b7bcc4636a8d0432b9fa8bcce4243f1ed6c1ecb8fe915f?s=96&d=mm&r=g","caption":"Horacio Urbano"},"description":"Horacio Urbano es arquitecto. Su experiencia profesional se ha desarrollado en los diferentes \u00e1mbitos que definen la industria de la vivienda. En 1999 inici\u00f3 un proyecto editorial dirigido a los sectores inmobiliario y construcci\u00f3n que a lo largo de los a\u00f1os se ha convertido en una poderosa plataforma multimedios y en una verdadera referencia para esta industria. Fundador, junto con la tambi\u00e9n arquitecta Roxana Fabris, de Grupo Centro Urbano, firma que impulsa y desarrolla una serie de esfuerzos de comunicaci\u00f3n relacionados con estos sectores. Como parte de su trabajo en M\u00e9xico y el extranjero, ha escrito o participado en una serie de libros especializados, es colaborador de diferentes medios impresos y electr\u00f3nicos, es activo conferencista y bajo diferentes modelos colabora tambi\u00e9n con diversas empresas e instituciones p\u00fablicas y privadas del sector.","sameAs":["http:\/\/horaciourbano.com\/home\/","https:\/\/www.facebook.com\/urbano.horacio\/","https:\/\/x.com\/https:\/\/twitter.com\/horacio_urbano"],"url":"https:\/\/centrourbano.com\/revista\/author\/horacio-urbano\/"}]}},"_links":{"self":[{"href":"https:\/\/centrourbano.com\/revista\/wp-json\/wp\/v2\/posts\/147140","targetHints":{"allow":["GET"]}}],"collection":[{"href":"https:\/\/centrourbano.com\/revista\/wp-json\/wp\/v2\/posts"}],"about":[{"href":"https:\/\/centrourbano.com\/revista\/wp-json\/wp\/v2\/types\/post"}],"author":[{"embeddable":true,"href":"https:\/\/centrourbano.com\/revista\/wp-json\/wp\/v2\/users\/13"}],"replies":[{"embeddable":true,"href":"https:\/\/centrourbano.com\/revista\/wp-json\/wp\/v2\/comments?post=147140"}],"version-history":[{"count":1,"href":"https:\/\/centrourbano.com\/revista\/wp-json\/wp\/v2\/posts\/147140\/revisions"}],"predecessor-version":[{"id":147142,"href":"https:\/\/centrourbano.com\/revista\/wp-json\/wp\/v2\/posts\/147140\/revisions\/147142"}],"wp:featuredmedia":[{"embeddable":true,"href":"https:\/\/centrourbano.com\/revista\/wp-json\/wp\/v2\/media\/147141"}],"wp:attachment":[{"href":"https:\/\/centrourbano.com\/revista\/wp-json\/wp\/v2\/media?parent=147140"}],"wp:term":[{"taxonomy":"category","embeddable":true,"href":"https:\/\/centrourbano.com\/revista\/wp-json\/wp\/v2\/categories?post=147140"},{"taxonomy":"post_tag","embeddable":true,"href":"https:\/\/centrourbano.com\/revista\/wp-json\/wp\/v2\/tags?post=147140"}],"curies":[{"name":"wp","href":"https:\/\/api.w.org\/{rel}","templated":true}]}}