{"id":147110,"date":"2024-03-15T14:13:12","date_gmt":"2024-03-15T20:13:12","guid":{"rendered":"https:\/\/centrourbano.com\/?p=147110"},"modified":"2024-03-15T14:13:12","modified_gmt":"2024-03-15T20:13:12","slug":"%e2%96%b6%ef%b8%8f-video-expectativas-2024","status":"publish","type":"post","link":"https:\/\/centrourbano.com\/revista\/sin-categoria\/%e2%96%b6%ef%b8%8f-video-expectativas-2024\/","title":{"rendered":"\u25b6\ufe0f Video | Expectativas 2024"},"content":{"rendered":"<p class=\"selectable-text copyable-text iq0m558w g0rxnol2\" dir=\"ltr\"><span class=\"selectable-text copyable-text\">En una exclusiva entrevista en <a class=\"x1i10hfl xjbqb8w x1ejq31n xd10rxx x1sy0etr x17r0tee x972fbf xcfux6l x1qhh985 xm0m39n x9f619 x1ypdohk xt0psk2 xe8uvvx xdj266r x11i5rnm xat24cr x1mh8g0r xexx8yu x4uap5 x18d9i69 xkhd6sd x16tdsg8 x1hl2dhg xggy1nq x1a2a7pz xt0b8zv xzsf02u x1s688f\" tabindex=\"0\" role=\"link\" href=\"https:\/\/www.facebook.com\/hashtag\/centrourbanohome?__eep__=6&amp;__tn__=*NK*F\">#CentroUrbanoHome<\/a>, Gregorio S\u00e1nchez Hern\u00e1ndez, Director Corporativo de Negocios en \u00a0<a class=\"x1i10hfl xjbqb8w x1ejq31n xd10rxx x1sy0etr x17r0tee x972fbf xcfux6l x1qhh985 xm0m39n x9f619 x1ypdohk xt0psk2 xe8uvvx xdj266r x11i5rnm xat24cr x1mh8g0r xexx8yu x4uap5 x18d9i69 xkhd6sd x16tdsg8 x1hl2dhg xggy1nq x1a2a7pz xt0b8zv xzsf02u x1s688f\" tabindex=\"0\" role=\"link\" href=\"https:\/\/www.facebook.com\/BancoBIM?__tn__=-]K*F\"><span class=\"xt0psk2\">Banco BIM<\/span><\/a>, ofreci\u00f3 un an\u00e1lisis detallado del <strong>desempe\u00f1o financiero del primer trimestre de 2024<\/strong> y deline\u00f3 las perspectivas clave para el<strong> sector financiero en el presente a\u00f1o.<\/strong><\/span><\/p>\n<p class=\"selectable-text copyable-text iq0m558w g0rxnol2\" dir=\"ltr\"><span class=\"selectable-text copyable-text\">S\u00e1nchez Hern\u00e1ndez comenz\u00f3 evaluando el primer trimestre del a\u00f1o, reconociendo los desaf\u00edos inherentes a marzo, caracterizado por festividades y puentes que impactaron en la actividad econ\u00f3mica. A pesar de esto, destac\u00f3 que enero y febrero se mantuvieron en l\u00ednea con a\u00f1os anteriores, aunque ligeramente por debajo de los registros de 2023.<\/span><\/p>\n<p class=\"selectable-text copyable-text iq0m558w g0rxnol2\" dir=\"ltr\"><span class=\"selectable-text copyable-text\">El director corporativo resalt\u00f3 los logros alcanzados en 2023, incluyendo un crecimiento del 17% en la inversi\u00f3n crediticia y un incremento del 29% en la captaci\u00f3n de recursos. Adem\u00e1s, enfatiz\u00f3 el<strong> compromiso del banco con la responsabilidad social corporativa y la sostenibilidad,<\/strong> evidenciado por la certificaci\u00f3n como empresa socialmente responsable y la mejora en la calificaci\u00f3n crediticia.<\/span><\/p>\n<p class=\"selectable-text copyable-text iq0m558w g0rxnol2\" dir=\"ltr\"><span class=\"selectable-text copyable-text\">En cuanto a las proyecciones para 2024, S\u00e1nchez Hern\u00e1ndez anunci\u00f3 el<strong> lanzamiento de dos nuevos productos: cr\u00e9ditos para centros de distribuci\u00f3n y cr\u00e9ditos hipotecarios.<\/strong> Estas iniciativas estrat\u00e9gicas buscan <strong>diversificar la cartera del banco y adaptarse a las demandas del mercado.<\/strong><\/span><\/p>\n<p class=\"selectable-text copyable-text iq0m558w g0rxnol2\" dir=\"ltr\"><span class=\"selectable-text copyable-text\">Con respecto al <strong>cr\u00e9dito hipotecario,<\/strong> el director corporativo indic\u00f3 que el <strong>banco tiene como objetivo llegar a todo el pa\u00eds<\/strong>, priorizando ciudades donde ya tienen presencia. Se enfocar\u00e1n en <strong>viviendas con un valor promedio entre 1.2 y 1.6 millones de pesos<\/strong>, estableciendo <strong>alianzas estrat\u00e9gicas con desarrolladores y expandiendo gradualmente hacia el mercado abierto.<\/strong><\/span><\/p>\n<p class=\"selectable-text copyable-text iq0m558w g0rxnol2\" dir=\"ltr\"><span class=\"selectable-text copyable-text\">S\u00e1nchez Hern\u00e1ndez tambi\u00e9n anticip\u00f3 el impacto positivo del<strong> crecimiento del sector industrial,<\/strong> especialmente con la <strong>tendencia del nearshoring<\/strong>, en la demanda de vivienda. Destac\u00f3 la estrecha relaci\u00f3n entre empleo y mercado inmobiliario, vislumbrando una oportunidad significativa para la colocaci\u00f3n de <strong>cr\u00e9ditos hipotecarios en zonas influenciadas por esta tendencia.<\/strong><\/span><\/p>\n<p>&nbsp;<\/p>\n<p><iframe loading=\"lazy\" style=\"border: none; overflow: hidden;\" src=\"https:\/\/www.facebook.com\/plugins\/video.php?height=314&amp;href=https%3A%2F%2Fwww.facebook.com%2Fportalcentrourbano%2Fvideos%2F1397526820869120%2F&amp;show_text=false&amp;width=560&amp;t=0\" width=\"560\" height=\"314\" frameborder=\"0\" scrolling=\"no\" allowfullscreen=\"allowfullscreen\"><\/iframe><\/p>\n","protected":false},"excerpt":{"rendered":"<p>En una exclusiva entrevista en #CentroUrbanoHome, Gregorio S\u00e1nchez Hern\u00e1ndez, Director Corporativo de Negocios en \u00a0Banco BIM, ofreci\u00f3 un an\u00e1lisis detallado del desempe\u00f1o financiero del primer trimestre de 2024 y deline\u00f3 las perspectivas clave para el sector financiero en el presente a\u00f1o. S\u00e1nchez Hern\u00e1ndez comenz\u00f3 evaluando el primer trimestre del a\u00f1o, reconociendo los desaf\u00edos inherentes a [&hellip;]<\/p>\n","protected":false},"author":14,"featured_media":147111,"comment_status":"open","ping_status":"closed","sticky":false,"template":"","format":"standard","meta":{"om_disable_all_campaigns":false,"inline_featured_image":false,"_monsterinsights_skip_tracking":false,"_monsterinsights_sitenote_active":false,"_monsterinsights_sitenote_note":"","_monsterinsights_sitenote_category":0,"footnotes":""},"categories":[10,18124,20344,1,11],"tags":[22251,22066,18025,210,24145,1239,3273,8334],"class_list":["post-147110","post","type-post","status-publish","format-standard","has-post-thumbnail","hentry","category-centro-urbano-digital","category-centro-urbano-home","category-entrevistas-centro-urbano-digital","category-sin-categoria","category-videos","tag-banco-bim","tag-centro-urbano-digital","tag-centro-urbano-home","tag-creditos-hipotecarios","tag-desempeno-financiero","tag-entrevista","tag-sector-industrial","tag-video"],"yoast_head":"<!-- This site is optimized with the Yoast SEO plugin v27.4 - https:\/\/yoast.com\/product\/yoast-seo-wordpress\/ -->\n<title>\u25b6\ufe0f Video | Expectativas 2024 -<\/title>\n<meta name=\"description\" content=\"En una exclusiva entrevista en #CentroUrbanoHome, Gregorio S\u00e1nchez Hern\u00e1ndez, Director Corporativo de Negocios en \u00a0Banco BIM, ofreci\u00f3 un an\u00e1lisis\" \/>\n<meta name=\"robots\" content=\"index, follow, max-snippet:-1, max-image-preview:large, max-video-preview:-1\" \/>\n<link rel=\"canonical\" href=\"https:\/\/centrourbano.com\/revista\/sin-categoria\/\u25b6\ufe0f-video-expectativas-2024\/\" \/>\n<meta property=\"og:locale\" content=\"es_ES\" \/>\n<meta property=\"og:type\" content=\"article\" \/>\n<meta property=\"og:title\" content=\"\u25b6\ufe0f Video | Expectativas 2024 -\" \/>\n<meta property=\"og:description\" content=\"En una exclusiva entrevista en #CentroUrbanoHome, Gregorio S\u00e1nchez Hern\u00e1ndez, Director Corporativo de Negocios en \u00a0Banco BIM, ofreci\u00f3 un an\u00e1lisis\" \/>\n<meta property=\"og:url\" content=\"https:\/\/centrourbano.com\/revista\/sin-categoria\/\u25b6\ufe0f-video-expectativas-2024\/\" \/>\n<meta property=\"og:site_name\" content=\"Centro Urbano\" \/>\n<meta property=\"article:publisher\" content=\"https:\/\/www.facebook.com\/portalcentrourbano\" \/>\n<meta property=\"article:published_time\" content=\"2024-03-15T20:13:12+00:00\" \/>\n<meta property=\"og:image\" content=\"https:\/\/centrourbano.com\/revista\/wp-content\/uploads\/BIM-EXPECTATIVAS-2024.jpg\" \/>\n\t<meta property=\"og:image:width\" content=\"1080\" \/>\n\t<meta property=\"og:image:height\" content=\"1080\" \/>\n\t<meta property=\"og:image:type\" content=\"image\/jpeg\" \/>\n<meta name=\"author\" content=\"Redacci\u00f3n Centro Urbano\" \/>\n<meta name=\"twitter:card\" content=\"summary_large_image\" \/>\n<meta name=\"twitter:creator\" content=\"@CentroUrbano\" \/>\n<meta name=\"twitter:site\" content=\"@CentroUrbano\" \/>\n<meta name=\"twitter:label1\" content=\"Escrito por\" \/>\n\t<meta name=\"twitter:data1\" content=\"Redacci\u00f3n Centro Urbano\" \/>\n\t<meta name=\"twitter:label2\" content=\"Tiempo de lectura\" \/>\n\t<meta name=\"twitter:data2\" content=\"2 minutos\" \/>\n<script type=\"application\/ld+json\" class=\"yoast-schema-graph\">{\"@context\":\"https:\\\/\\\/schema.org\",\"@graph\":[{\"@type\":\"Article\",\"@id\":\"https:\\\/\\\/centrourbano.com\\\/revista\\\/sin-categoria\\\/%e2%96%b6%ef%b8%8f-video-expectativas-2024\\\/#article\",\"isPartOf\":{\"@id\":\"https:\\\/\\\/centrourbano.com\\\/revista\\\/sin-categoria\\\/%e2%96%b6%ef%b8%8f-video-expectativas-2024\\\/\"},\"author\":{\"name\":\"Redacci\u00f3n Centro Urbano\",\"@id\":\"https:\\\/\\\/centrourbano.com\\\/revista\\\/#\\\/schema\\\/person\\\/680e7c50f9d6e917e416c9efdc26f996\"},\"headline\":\"\u25b6\ufe0f Video | Expectativas 2024\",\"datePublished\":\"2024-03-15T20:13:12+00:00\",\"mainEntityOfPage\":{\"@id\":\"https:\\\/\\\/centrourbano.com\\\/revista\\\/sin-categoria\\\/%e2%96%b6%ef%b8%8f-video-expectativas-2024\\\/\"},\"wordCount\":318,\"commentCount\":0,\"publisher\":{\"@id\":\"https:\\\/\\\/centrourbano.com\\\/revista\\\/#organization\"},\"image\":{\"@id\":\"https:\\\/\\\/centrourbano.com\\\/revista\\\/sin-categoria\\\/%e2%96%b6%ef%b8%8f-video-expectativas-2024\\\/#primaryimage\"},\"thumbnailUrl\":\"https:\\\/\\\/centrourbano.com\\\/revista\\\/wp-content\\\/uploads\\\/BIM-EXPECTATIVAS-2024.jpg\",\"keywords\":[\"Banco BIM\",\"Centro Urbano Digital\",\"Centro Urbano Home\",\"Cr\u00e9ditos hipotecarios\",\"desempe\u00f1o financiero\",\"Entrevista\",\"sector industrial\",\"video\"],\"articleSection\":{\"0\":\"Centro Urbano Digital\",\"1\":\"Centro Urbano Home\",\"2\":\"Entrevistas\",\"4\":\"Videos\"},\"inLanguage\":\"es\",\"potentialAction\":[{\"@type\":\"CommentAction\",\"name\":\"Comment\",\"target\":[\"https:\\\/\\\/centrourbano.com\\\/revista\\\/sin-categoria\\\/%e2%96%b6%ef%b8%8f-video-expectativas-2024\\\/#respond\"]}]},{\"@type\":\"WebPage\",\"@id\":\"https:\\\/\\\/centrourbano.com\\\/revista\\\/sin-categoria\\\/%e2%96%b6%ef%b8%8f-video-expectativas-2024\\\/\",\"url\":\"https:\\\/\\\/centrourbano.com\\\/revista\\\/sin-categoria\\\/%e2%96%b6%ef%b8%8f-video-expectativas-2024\\\/\",\"name\":\"\u25b6\ufe0f Video | Expectativas 2024 -\",\"isPartOf\":{\"@id\":\"https:\\\/\\\/centrourbano.com\\\/revista\\\/#website\"},\"primaryImageOfPage\":{\"@id\":\"https:\\\/\\\/centrourbano.com\\\/revista\\\/sin-categoria\\\/%e2%96%b6%ef%b8%8f-video-expectativas-2024\\\/#primaryimage\"},\"image\":{\"@id\":\"https:\\\/\\\/centrourbano.com\\\/revista\\\/sin-categoria\\\/%e2%96%b6%ef%b8%8f-video-expectativas-2024\\\/#primaryimage\"},\"thumbnailUrl\":\"https:\\\/\\\/centrourbano.com\\\/revista\\\/wp-content\\\/uploads\\\/BIM-EXPECTATIVAS-2024.jpg\",\"datePublished\":\"2024-03-15T20:13:12+00:00\",\"description\":\"En una exclusiva entrevista en #CentroUrbanoHome, Gregorio S\u00e1nchez Hern\u00e1ndez, Director Corporativo de Negocios en \u00a0Banco BIM, ofreci\u00f3 un an\u00e1lisis\",\"breadcrumb\":{\"@id\":\"https:\\\/\\\/centrourbano.com\\\/revista\\\/sin-categoria\\\/%e2%96%b6%ef%b8%8f-video-expectativas-2024\\\/#breadcrumb\"},\"inLanguage\":\"es\",\"potentialAction\":[{\"@type\":\"ReadAction\",\"target\":[\"https:\\\/\\\/centrourbano.com\\\/revista\\\/sin-categoria\\\/%e2%96%b6%ef%b8%8f-video-expectativas-2024\\\/\"]}]},{\"@type\":\"ImageObject\",\"inLanguage\":\"es\",\"@id\":\"https:\\\/\\\/centrourbano.com\\\/revista\\\/sin-categoria\\\/%e2%96%b6%ef%b8%8f-video-expectativas-2024\\\/#primaryimage\",\"url\":\"https:\\\/\\\/centrourbano.com\\\/revista\\\/wp-content\\\/uploads\\\/BIM-EXPECTATIVAS-2024.jpg\",\"contentUrl\":\"https:\\\/\\\/centrourbano.com\\\/revista\\\/wp-content\\\/uploads\\\/BIM-EXPECTATIVAS-2024.jpg\",\"width\":1080,\"height\":1080,\"caption\":\"\u25b6\ufe0f Video | Expectativas 2024\"},{\"@type\":\"BreadcrumbList\",\"@id\":\"https:\\\/\\\/centrourbano.com\\\/revista\\\/sin-categoria\\\/%e2%96%b6%ef%b8%8f-video-expectativas-2024\\\/#breadcrumb\",\"itemListElement\":[{\"@type\":\"ListItem\",\"position\":1,\"name\":\"Portada\",\"item\":\"https:\\\/\\\/centrourbano.com\\\/revista\\\/\"},{\"@type\":\"ListItem\",\"position\":2,\"name\":\"\u25b6\ufe0f Video | Expectativas 2024\"}]},{\"@type\":\"WebSite\",\"@id\":\"https:\\\/\\\/centrourbano.com\\\/revista\\\/#website\",\"url\":\"https:\\\/\\\/centrourbano.com\\\/revista\\\/\",\"name\":\"Centro Urbano\",\"description\":\"Medio especializado en los sectores vivienda, inmobiliario, construcci\u00f3n, arquitectura y urbanismo.\",\"publisher\":{\"@id\":\"https:\\\/\\\/centrourbano.com\\\/revista\\\/#organization\"},\"potentialAction\":[{\"@type\":\"SearchAction\",\"target\":{\"@type\":\"EntryPoint\",\"urlTemplate\":\"https:\\\/\\\/centrourbano.com\\\/revista\\\/?s={search_term_string}\"},\"query-input\":{\"@type\":\"PropertyValueSpecification\",\"valueRequired\":true,\"valueName\":\"search_term_string\"}}],\"inLanguage\":\"es\"},{\"@type\":\"Organization\",\"@id\":\"https:\\\/\\\/centrourbano.com\\\/revista\\\/#organization\",\"name\":\"Centro Urbano\",\"url\":\"https:\\\/\\\/centrourbano.com\\\/revista\\\/\",\"logo\":{\"@type\":\"ImageObject\",\"inLanguage\":\"es\",\"@id\":\"https:\\\/\\\/centrourbano.com\\\/revista\\\/#\\\/schema\\\/logo\\\/image\\\/\",\"url\":\"https:\\\/\\\/centrourbano.com\\\/revista\\\/wp-content\\\/uploads\\\/web_CU_logo-1.png\",\"contentUrl\":\"https:\\\/\\\/centrourbano.com\\\/revista\\\/wp-content\\\/uploads\\\/web_CU_logo-1.png\",\"width\":350,\"height\":91,\"caption\":\"Centro Urbano\"},\"image\":{\"@id\":\"https:\\\/\\\/centrourbano.com\\\/revista\\\/#\\\/schema\\\/logo\\\/image\\\/\"},\"sameAs\":[\"https:\\\/\\\/www.facebook.com\\\/portalcentrourbano\",\"https:\\\/\\\/x.com\\\/CentroUrbano\",\"https:\\\/\\\/www.instagram.com\\\/centro_urbano\\\/\",\"https:\\\/\\\/www.linkedin.com\\\/company\\\/centro-urbano\\\/\",\"http:\\\/\\\/www.youtube.com\\\/user\\\/portalcentrourbano\"]},{\"@type\":\"Person\",\"@id\":\"https:\\\/\\\/centrourbano.com\\\/revista\\\/#\\\/schema\\\/person\\\/680e7c50f9d6e917e416c9efdc26f996\",\"name\":\"Redacci\u00f3n Centro Urbano\",\"image\":{\"@type\":\"ImageObject\",\"inLanguage\":\"es\",\"@id\":\"https:\\\/\\\/secure.gravatar.com\\\/avatar\\\/15a789f894398c0f311f3a7a2ee28032bbc0483098539da66b6a045aa810bf35?s=96&d=mm&r=g\",\"url\":\"https:\\\/\\\/secure.gravatar.com\\\/avatar\\\/15a789f894398c0f311f3a7a2ee28032bbc0483098539da66b6a045aa810bf35?s=96&d=mm&r=g\",\"contentUrl\":\"https:\\\/\\\/secure.gravatar.com\\\/avatar\\\/15a789f894398c0f311f3a7a2ee28032bbc0483098539da66b6a045aa810bf35?s=96&d=mm&r=g\",\"caption\":\"Redacci\u00f3n Centro Urbano\"},\"url\":\"https:\\\/\\\/centrourbano.com\\\/revista\\\/author\\\/editorial\\\/\"}]}<\/script>\n<!-- \/ Yoast SEO plugin. -->","yoast_head_json":{"title":"\u25b6\ufe0f Video | Expectativas 2024 -","description":"En una exclusiva entrevista en #CentroUrbanoHome, Gregorio S\u00e1nchez Hern\u00e1ndez, Director Corporativo de Negocios en \u00a0Banco BIM, ofreci\u00f3 un an\u00e1lisis","robots":{"index":"index","follow":"follow","max-snippet":"max-snippet:-1","max-image-preview":"max-image-preview:large","max-video-preview":"max-video-preview:-1"},"canonical":"https:\/\/centrourbano.com\/revista\/sin-categoria\/\u25b6\ufe0f-video-expectativas-2024\/","og_locale":"es_ES","og_type":"article","og_title":"\u25b6\ufe0f Video | Expectativas 2024 -","og_description":"En una exclusiva entrevista en #CentroUrbanoHome, Gregorio S\u00e1nchez Hern\u00e1ndez, Director Corporativo de Negocios en \u00a0Banco BIM, ofreci\u00f3 un an\u00e1lisis","og_url":"https:\/\/centrourbano.com\/revista\/sin-categoria\/\u25b6\ufe0f-video-expectativas-2024\/","og_site_name":"Centro Urbano","article_publisher":"https:\/\/www.facebook.com\/portalcentrourbano","article_published_time":"2024-03-15T20:13:12+00:00","og_image":[{"width":1080,"height":1080,"url":"https:\/\/centrourbano.com\/revista\/wp-content\/uploads\/BIM-EXPECTATIVAS-2024.jpg","type":"image\/jpeg"}],"author":"Redacci\u00f3n Centro Urbano","twitter_card":"summary_large_image","twitter_creator":"@CentroUrbano","twitter_site":"@CentroUrbano","twitter_misc":{"Escrito por":"Redacci\u00f3n Centro Urbano","Tiempo de lectura":"2 minutos"},"schema":{"@context":"https:\/\/schema.org","@graph":[{"@type":"Article","@id":"https:\/\/centrourbano.com\/revista\/sin-categoria\/%e2%96%b6%ef%b8%8f-video-expectativas-2024\/#article","isPartOf":{"@id":"https:\/\/centrourbano.com\/revista\/sin-categoria\/%e2%96%b6%ef%b8%8f-video-expectativas-2024\/"},"author":{"name":"Redacci\u00f3n Centro Urbano","@id":"https:\/\/centrourbano.com\/revista\/#\/schema\/person\/680e7c50f9d6e917e416c9efdc26f996"},"headline":"\u25b6\ufe0f Video | Expectativas 2024","datePublished":"2024-03-15T20:13:12+00:00","mainEntityOfPage":{"@id":"https:\/\/centrourbano.com\/revista\/sin-categoria\/%e2%96%b6%ef%b8%8f-video-expectativas-2024\/"},"wordCount":318,"commentCount":0,"publisher":{"@id":"https:\/\/centrourbano.com\/revista\/#organization"},"image":{"@id":"https:\/\/centrourbano.com\/revista\/sin-categoria\/%e2%96%b6%ef%b8%8f-video-expectativas-2024\/#primaryimage"},"thumbnailUrl":"https:\/\/centrourbano.com\/revista\/wp-content\/uploads\/BIM-EXPECTATIVAS-2024.jpg","keywords":["Banco BIM","Centro Urbano Digital","Centro Urbano Home","Cr\u00e9ditos hipotecarios","desempe\u00f1o financiero","Entrevista","sector industrial","video"],"articleSection":{"0":"Centro Urbano Digital","1":"Centro Urbano Home","2":"Entrevistas","4":"Videos"},"inLanguage":"es","potentialAction":[{"@type":"CommentAction","name":"Comment","target":["https:\/\/centrourbano.com\/revista\/sin-categoria\/%e2%96%b6%ef%b8%8f-video-expectativas-2024\/#respond"]}]},{"@type":"WebPage","@id":"https:\/\/centrourbano.com\/revista\/sin-categoria\/%e2%96%b6%ef%b8%8f-video-expectativas-2024\/","url":"https:\/\/centrourbano.com\/revista\/sin-categoria\/%e2%96%b6%ef%b8%8f-video-expectativas-2024\/","name":"\u25b6\ufe0f Video | Expectativas 2024 -","isPartOf":{"@id":"https:\/\/centrourbano.com\/revista\/#website"},"primaryImageOfPage":{"@id":"https:\/\/centrourbano.com\/revista\/sin-categoria\/%e2%96%b6%ef%b8%8f-video-expectativas-2024\/#primaryimage"},"image":{"@id":"https:\/\/centrourbano.com\/revista\/sin-categoria\/%e2%96%b6%ef%b8%8f-video-expectativas-2024\/#primaryimage"},"thumbnailUrl":"https:\/\/centrourbano.com\/revista\/wp-content\/uploads\/BIM-EXPECTATIVAS-2024.jpg","datePublished":"2024-03-15T20:13:12+00:00","description":"En una exclusiva entrevista en #CentroUrbanoHome, Gregorio S\u00e1nchez Hern\u00e1ndez, Director Corporativo de Negocios en \u00a0Banco BIM, ofreci\u00f3 un an\u00e1lisis","breadcrumb":{"@id":"https:\/\/centrourbano.com\/revista\/sin-categoria\/%e2%96%b6%ef%b8%8f-video-expectativas-2024\/#breadcrumb"},"inLanguage":"es","potentialAction":[{"@type":"ReadAction","target":["https:\/\/centrourbano.com\/revista\/sin-categoria\/%e2%96%b6%ef%b8%8f-video-expectativas-2024\/"]}]},{"@type":"ImageObject","inLanguage":"es","@id":"https:\/\/centrourbano.com\/revista\/sin-categoria\/%e2%96%b6%ef%b8%8f-video-expectativas-2024\/#primaryimage","url":"https:\/\/centrourbano.com\/revista\/wp-content\/uploads\/BIM-EXPECTATIVAS-2024.jpg","contentUrl":"https:\/\/centrourbano.com\/revista\/wp-content\/uploads\/BIM-EXPECTATIVAS-2024.jpg","width":1080,"height":1080,"caption":"\u25b6\ufe0f Video | Expectativas 2024"},{"@type":"BreadcrumbList","@id":"https:\/\/centrourbano.com\/revista\/sin-categoria\/%e2%96%b6%ef%b8%8f-video-expectativas-2024\/#breadcrumb","itemListElement":[{"@type":"ListItem","position":1,"name":"Portada","item":"https:\/\/centrourbano.com\/revista\/"},{"@type":"ListItem","position":2,"name":"\u25b6\ufe0f Video | Expectativas 2024"}]},{"@type":"WebSite","@id":"https:\/\/centrourbano.com\/revista\/#website","url":"https:\/\/centrourbano.com\/revista\/","name":"Centro Urbano","description":"Medio especializado en los sectores vivienda, inmobiliario, construcci\u00f3n, arquitectura y urbanismo.","publisher":{"@id":"https:\/\/centrourbano.com\/revista\/#organization"},"potentialAction":[{"@type":"SearchAction","target":{"@type":"EntryPoint","urlTemplate":"https:\/\/centrourbano.com\/revista\/?s={search_term_string}"},"query-input":{"@type":"PropertyValueSpecification","valueRequired":true,"valueName":"search_term_string"}}],"inLanguage":"es"},{"@type":"Organization","@id":"https:\/\/centrourbano.com\/revista\/#organization","name":"Centro Urbano","url":"https:\/\/centrourbano.com\/revista\/","logo":{"@type":"ImageObject","inLanguage":"es","@id":"https:\/\/centrourbano.com\/revista\/#\/schema\/logo\/image\/","url":"https:\/\/centrourbano.com\/revista\/wp-content\/uploads\/web_CU_logo-1.png","contentUrl":"https:\/\/centrourbano.com\/revista\/wp-content\/uploads\/web_CU_logo-1.png","width":350,"height":91,"caption":"Centro Urbano"},"image":{"@id":"https:\/\/centrourbano.com\/revista\/#\/schema\/logo\/image\/"},"sameAs":["https:\/\/www.facebook.com\/portalcentrourbano","https:\/\/x.com\/CentroUrbano","https:\/\/www.instagram.com\/centro_urbano\/","https:\/\/www.linkedin.com\/company\/centro-urbano\/","http:\/\/www.youtube.com\/user\/portalcentrourbano"]},{"@type":"Person","@id":"https:\/\/centrourbano.com\/revista\/#\/schema\/person\/680e7c50f9d6e917e416c9efdc26f996","name":"Redacci\u00f3n Centro Urbano","image":{"@type":"ImageObject","inLanguage":"es","@id":"https:\/\/secure.gravatar.com\/avatar\/15a789f894398c0f311f3a7a2ee28032bbc0483098539da66b6a045aa810bf35?s=96&d=mm&r=g","url":"https:\/\/secure.gravatar.com\/avatar\/15a789f894398c0f311f3a7a2ee28032bbc0483098539da66b6a045aa810bf35?s=96&d=mm&r=g","contentUrl":"https:\/\/secure.gravatar.com\/avatar\/15a789f894398c0f311f3a7a2ee28032bbc0483098539da66b6a045aa810bf35?s=96&d=mm&r=g","caption":"Redacci\u00f3n Centro Urbano"},"url":"https:\/\/centrourbano.com\/revista\/author\/editorial\/"}]}},"_links":{"self":[{"href":"https:\/\/centrourbano.com\/revista\/wp-json\/wp\/v2\/posts\/147110","targetHints":{"allow":["GET"]}}],"collection":[{"href":"https:\/\/centrourbano.com\/revista\/wp-json\/wp\/v2\/posts"}],"about":[{"href":"https:\/\/centrourbano.com\/revista\/wp-json\/wp\/v2\/types\/post"}],"author":[{"embeddable":true,"href":"https:\/\/centrourbano.com\/revista\/wp-json\/wp\/v2\/users\/14"}],"replies":[{"embeddable":true,"href":"https:\/\/centrourbano.com\/revista\/wp-json\/wp\/v2\/comments?post=147110"}],"version-history":[{"count":1,"href":"https:\/\/centrourbano.com\/revista\/wp-json\/wp\/v2\/posts\/147110\/revisions"}],"predecessor-version":[{"id":147123,"href":"https:\/\/centrourbano.com\/revista\/wp-json\/wp\/v2\/posts\/147110\/revisions\/147123"}],"wp:featuredmedia":[{"embeddable":true,"href":"https:\/\/centrourbano.com\/revista\/wp-json\/wp\/v2\/media\/147111"}],"wp:attachment":[{"href":"https:\/\/centrourbano.com\/revista\/wp-json\/wp\/v2\/media?parent=147110"}],"wp:term":[{"taxonomy":"category","embeddable":true,"href":"https:\/\/centrourbano.com\/revista\/wp-json\/wp\/v2\/categories?post=147110"},{"taxonomy":"post_tag","embeddable":true,"href":"https:\/\/centrourbano.com\/revista\/wp-json\/wp\/v2\/tags?post=147110"}],"curies":[{"name":"wp","href":"https:\/\/api.w.org\/{rel}","templated":true}]}}