{"id":146936,"date":"2024-03-08T16:17:19","date_gmt":"2024-03-08T22:17:19","guid":{"rendered":"https:\/\/centrourbano.com\/?p=146936"},"modified":"2024-03-08T16:17:19","modified_gmt":"2024-03-08T22:17:19","slug":"bmv-campanazo-equidad-de-genero","status":"publish","type":"post","link":"https:\/\/centrourbano.com\/revista\/actualidad\/bmv-campanazo-equidad-de-genero\/","title":{"rendered":"BMV da campanazo por la equidad de g\u00e9nero financiera y empresarial"},"content":{"rendered":"<p>Durante la ceremonia se resalt\u00f3 la importancia de la equidad de g\u00e9nero en materia financiera, pues representan una oportunidad de impulso a la econom\u00eda<!--more--><\/p>\n<p>Grupo Bolsa Mexicana de Valores (<a href=\"https:\/\/www.bmv.com.mx\/\" target=\"_blank\" rel=\"noopener\">Grupo BMV<\/a>) junto con ONU Mujeres y Pacto Global, participan por <strong>sexto a\u00f1o consecutivo el \u2018Ring the Bell for Gender Equality\u2019. <\/strong>Esta iniciativa reafirma el compromiso de estos organismos para impulsar la <strong>equidad de g\u00e9nero en el sector financiero y empresarial <\/strong>en M\u00e9xico.<\/p>\n<p>Para llevar a cabo dicho objetivo, BMV se une <strong>a m\u00e1s de 100 Bolsas de Valores y Contrapartes Centrales de Valores<\/strong>; de esta forma, se fomenta la equidad de oportunidades en diversos pa\u00edses. Al tiempo que se promueve la adopci\u00f3n de los Objetivos de Desarrollo Sostenible y la adhesi\u00f3n a los Principios de Empoderamiento de la Mujer (WEPs, por sus siglas en ingl\u00e9s) desarrollados por la Organizaci\u00f3n de Naciones Unidas (ONU).<\/p>\n<p>Este a\u00f1o, el trabajo de estas organizaciones se enfoca en <strong>\u2018Financiar los derechos de las mujeres: acelerar la igualdad\u2019. <\/strong>Por ello, en conjunto, enfocar\u00e1n sus esfuerzos en generar espacios inclusivos, fomentando la transparencia en pol\u00edticas de g\u00e9nero que se adhieran a los Principios de Empoderamiento de la Mujer de la ONU.<\/p>\n<h2>La importancia de la equidad de g\u00e9nero en la econom\u00eda<\/h2>\n<p>Al encabezar el campanazo, Jos\u00e9-Oriol Bosch, director general del <a href=\"https:\/\/centrourbano.com\/?s=bmv\" target=\"_blank\" rel=\"noopener\">Grupo BMV<\/a>, record\u00f3 que <strong>desde el 2019, BMV ha realizado acciones en materia de equidad de g\u00e9nero<\/strong> debido a que el Grupo reconoce la importancia de financiar el empoderamiento econ\u00f3mico de las mujeres.<\/p>\n<blockquote><p>\u201cEn GBMV estamos convencidos del gran papel que tienen las mujeres mexicanas y de todo el mundo en la transformaci\u00f3n y desarrollo de las empresas y del mercado burs\u00e1til. Promover la equidad de oportunidades y el gran talento y liderazgo de las mujeres alrededor del mundo es la clave para crear verdadero valor sostenible tanto para el sector burs\u00e1til como para el mundo\u201d, coment\u00f3.<\/p><\/blockquote>\n<p>En su participaci\u00f3n en la ceremonia, Galia Borja G\u00f3mez, subgobernadora del Banco de M\u00e9xico, resalt\u00f3 que, en los \u00faltimos a\u00f1os, las diversas Bolsas de Valores han emitido <strong>bonos destinados a la inclusi\u00f3n financiera<\/strong>, el impulso a la <strong>creaci\u00f3n y cuidado de puestos de trabajos para mujeres<\/strong> y la promoci\u00f3n de estas a puestos de toma de decisiones o alto rango.<\/p>\n<blockquote><p>\u201cLos mercados de valores juegan un papel relevante para fomentar la inversi\u00f3n en las mujeres, por ejemplo, a trav\u00e9s de la emisi\u00f3n de bonos de g\u00e9nero. En el caso de M\u00e9xico encontramos emisores cuyos recursos acumulan cerca de 40,000 millones de pesos, desde su primera emisi\u00f3n en 2020, y se han destinado a programas para impulsar la inclusi\u00f3n financiera, el emprendimiento, la mayor participaci\u00f3n en puestos directivos y consejos de administraci\u00f3n, as\u00ed como la formaci\u00f3n de capital humano. Por nuestra parte, el Banco de M\u00e9xico ha publicado en su reporte de Estabilidad Financiera que, con el aumento en el porcentaje de mujeres en las carteras crediticias, disminuye el riesgo crediticio y mejora el perfil de pagos\u201d, resalt\u00f3.<\/p><\/blockquote>\n<p>Por su parte, <strong>Lourdes Colinas, oficial nacional de ONU Mujeres M\u00e9xico<\/strong>, resalt\u00f3 que el financiar proyectos de equidad de g\u00e9nero representa una apuesta inteligente, pues las mujeres tienen la capacidad para impulsar una econom\u00eda fuerte.<\/p>\n<p>Por el contrario, existe una alarmante <strong>falta de financiamiento<\/strong> dirigido a mujeres, lo cual genera un <strong>d\u00e9ficit de 360,000 millones de d\u00f3lares<\/strong> (mdd), por lo que es necesario contar con m\u00e1s y mejores productos financieros.<\/p>\n<blockquote><p>\u201cEstamos en un punto cr\u00edtico para alcanzar la Agenda 2030, financiar iniciativas para la igualdad de g\u00e9nero es una decisi\u00f3n econ\u00f3mica inteligente y representa la oportunidad para avanzar hacia sociedades m\u00e1s igualitarias y m\u00e1s inclusivas. Reconocemos el rol crucial de las Bolsas de Valores para acelerar el progreso en materia de sostenibilidad e igualdad, tanto a nivel interno, como a nivel de los mercados y de las propias comunidades\u201d, coment\u00f3.<\/p><\/blockquote>\n<p><strong>Finalmente<\/strong>, Colinas resalt\u00f3 que es necesario generar las condiciones necesarias para que m\u00e1s mujeres puedan unirse a la fuerza laboral, pues la pr\u00f3xima generaci\u00f3n de <strong>mujeres invertir\u00e1 a la semana alrededor de 12 horas m\u00e1s en labores del hogar <\/strong>y no remuneradas <strong>que los hombres<\/strong>.<\/p>\n<p>&nbsp;<\/p>\n<img loading=\"lazy\" decoding=\"async\" class=\"aligncenter size-large wp-image-146944\" src=\"https:\/\/centrourbano.com\/revista\/wp-content\/uploads\/WhatsApp-Image-2024-03-08-at-12.16.35-PM-1000x666.jpeg\" alt=\"BMV da campanazo por la equidad de g\u00e9nero financiera y empresarial\" width=\"1000\" height=\"666\" srcset=\"https:\/\/centrourbano.com\/revista\/wp-content\/uploads\/WhatsApp-Image-2024-03-08-at-12.16.35-PM-1000x666.jpeg 1000w, https:\/\/centrourbano.com\/revista\/wp-content\/uploads\/WhatsApp-Image-2024-03-08-at-12.16.35-PM-300x200.jpeg 300w, https:\/\/centrourbano.com\/revista\/wp-content\/uploads\/WhatsApp-Image-2024-03-08-at-12.16.35-PM-768x512.jpeg 768w, https:\/\/centrourbano.com\/revista\/wp-content\/uploads\/WhatsApp-Image-2024-03-08-at-12.16.35-PM-1536x1023.jpeg 1536w, https:\/\/centrourbano.com\/revista\/wp-content\/uploads\/WhatsApp-Image-2024-03-08-at-12.16.35-PM.jpeg 1600w\" sizes=\"auto, (max-width: 1000px) 100vw, 1000px\" \/>\n","protected":false},"excerpt":{"rendered":"<p>Durante la ceremonia se resalt\u00f3 la importancia de la equidad de g\u00e9nero en materia financiera, pues representan una oportunidad de impulso a la econom\u00eda<\/p>\n","protected":false},"author":88,"featured_media":146937,"comment_status":"open","ping_status":"closed","sticky":false,"template":"","format":"standard","meta":{"om_disable_all_campaigns":false,"inline_featured_image":false,"_monsterinsights_skip_tracking":false,"_monsterinsights_sitenote_active":false,"_monsterinsights_sitenote_note":"","_monsterinsights_sitenote_category":0,"footnotes":""},"categories":[80],"tags":[24118,2681,23697,24117],"class_list":["post-146936","post","type-post","status-publish","format-standard","has-post-thumbnail","hentry","category-actualidad","tag-ring-the-bell-for-gender-equality","tag-equidad-de-genero","tag-grupo-bmv","tag-uno"],"yoast_head":"<!-- This site is optimized with the Yoast SEO plugin v27.5 - https:\/\/yoast.com\/product\/yoast-seo-wordpress\/ -->\n<title>BMV da campanazo por la equidad de g\u00e9nero financiera y empresarial -<\/title>\n<meta name=\"description\" content=\"Durante la ceremonia se resalt\u00f3 la importancia de la equidad de g\u00e9nero en materia financiera, pues representan una oportunidad de impulso a la econom\u00eda\" \/>\n<meta name=\"robots\" content=\"index, follow, max-snippet:-1, max-image-preview:large, max-video-preview:-1\" \/>\n<link rel=\"canonical\" href=\"https:\/\/centrourbano.com\/revista\/actualidad\/bmv-campanazo-equidad-de-genero\/\" \/>\n<meta property=\"og:locale\" content=\"es_ES\" \/>\n<meta property=\"og:type\" content=\"article\" \/>\n<meta property=\"og:title\" content=\"BMV da campanazo por la equidad de g\u00e9nero financiera y empresarial -\" \/>\n<meta property=\"og:description\" content=\"Durante la ceremonia se resalt\u00f3 la importancia de la equidad de g\u00e9nero en materia financiera, pues representan una oportunidad de impulso a la econom\u00eda\" \/>\n<meta property=\"og:url\" content=\"https:\/\/centrourbano.com\/revista\/actualidad\/bmv-campanazo-equidad-de-genero\/\" \/>\n<meta property=\"og:site_name\" content=\"Centro Urbano\" \/>\n<meta property=\"article:publisher\" content=\"https:\/\/www.facebook.com\/portalcentrourbano\" \/>\n<meta property=\"article:published_time\" content=\"2024-03-08T22:17:19+00:00\" \/>\n<meta property=\"og:image\" content=\"https:\/\/centrourbano.com\/revista\/wp-content\/uploads\/pfkwkfkr.jpg\" \/>\n\t<meta property=\"og:image:width\" content=\"800\" \/>\n\t<meta property=\"og:image:height\" content=\"800\" \/>\n\t<meta property=\"og:image:type\" content=\"image\/jpeg\" \/>\n<meta name=\"author\" content=\"Rebeca Romero\" \/>\n<meta name=\"twitter:card\" content=\"summary_large_image\" \/>\n<meta name=\"twitter:creator\" content=\"@CentroUrbano\" \/>\n<meta name=\"twitter:site\" content=\"@CentroUrbano\" \/>\n<meta name=\"twitter:label1\" content=\"Escrito por\" \/>\n\t<meta name=\"twitter:data1\" content=\"Rebeca Romero\" \/>\n\t<meta name=\"twitter:label2\" content=\"Tiempo de lectura\" \/>\n\t<meta name=\"twitter:data2\" content=\"4 minutos\" \/>\n<script type=\"application\/ld+json\" class=\"yoast-schema-graph\">{\"@context\":\"https:\\\/\\\/schema.org\",\"@graph\":[{\"@type\":\"Article\",\"@id\":\"https:\\\/\\\/centrourbano.com\\\/revista\\\/actualidad\\\/bmv-campanazo-equidad-de-genero\\\/#article\",\"isPartOf\":{\"@id\":\"https:\\\/\\\/centrourbano.com\\\/revista\\\/actualidad\\\/bmv-campanazo-equidad-de-genero\\\/\"},\"author\":{\"name\":\"Rebeca Romero\",\"@id\":\"https:\\\/\\\/centrourbano.com\\\/revista\\\/#\\\/schema\\\/person\\\/585fcd52a02a59422de60d5ae8e0f491\"},\"headline\":\"BMV da campanazo por la equidad de g\u00e9nero financiera y empresarial\",\"datePublished\":\"2024-03-08T22:17:19+00:00\",\"mainEntityOfPage\":{\"@id\":\"https:\\\/\\\/centrourbano.com\\\/revista\\\/actualidad\\\/bmv-campanazo-equidad-de-genero\\\/\"},\"wordCount\":735,\"commentCount\":0,\"publisher\":{\"@id\":\"https:\\\/\\\/centrourbano.com\\\/revista\\\/#organization\"},\"image\":{\"@id\":\"https:\\\/\\\/centrourbano.com\\\/revista\\\/actualidad\\\/bmv-campanazo-equidad-de-genero\\\/#primaryimage\"},\"thumbnailUrl\":\"https:\\\/\\\/centrourbano.com\\\/revista\\\/wp-content\\\/uploads\\\/pfkwkfkr.jpg\",\"keywords\":[\"\u2018Ring the Bell for Gender Equality\u2019\",\"Equidad de g\u00e9nero\",\"Grupo BMV\",\"UNO\"],\"articleSection\":[\"Actualidad\"],\"inLanguage\":\"es\",\"potentialAction\":[{\"@type\":\"CommentAction\",\"name\":\"Comment\",\"target\":[\"https:\\\/\\\/centrourbano.com\\\/revista\\\/actualidad\\\/bmv-campanazo-equidad-de-genero\\\/#respond\"]}]},{\"@type\":\"WebPage\",\"@id\":\"https:\\\/\\\/centrourbano.com\\\/revista\\\/actualidad\\\/bmv-campanazo-equidad-de-genero\\\/\",\"url\":\"https:\\\/\\\/centrourbano.com\\\/revista\\\/actualidad\\\/bmv-campanazo-equidad-de-genero\\\/\",\"name\":\"BMV da campanazo por la equidad de g\u00e9nero financiera y empresarial -\",\"isPartOf\":{\"@id\":\"https:\\\/\\\/centrourbano.com\\\/revista\\\/#website\"},\"primaryImageOfPage\":{\"@id\":\"https:\\\/\\\/centrourbano.com\\\/revista\\\/actualidad\\\/bmv-campanazo-equidad-de-genero\\\/#primaryimage\"},\"image\":{\"@id\":\"https:\\\/\\\/centrourbano.com\\\/revista\\\/actualidad\\\/bmv-campanazo-equidad-de-genero\\\/#primaryimage\"},\"thumbnailUrl\":\"https:\\\/\\\/centrourbano.com\\\/revista\\\/wp-content\\\/uploads\\\/pfkwkfkr.jpg\",\"datePublished\":\"2024-03-08T22:17:19+00:00\",\"description\":\"Durante la ceremonia se resalt\u00f3 la importancia de la equidad de g\u00e9nero en materia financiera, pues representan una oportunidad de impulso a la econom\u00eda\",\"breadcrumb\":{\"@id\":\"https:\\\/\\\/centrourbano.com\\\/revista\\\/actualidad\\\/bmv-campanazo-equidad-de-genero\\\/#breadcrumb\"},\"inLanguage\":\"es\",\"potentialAction\":[{\"@type\":\"ReadAction\",\"target\":[\"https:\\\/\\\/centrourbano.com\\\/revista\\\/actualidad\\\/bmv-campanazo-equidad-de-genero\\\/\"]}]},{\"@type\":\"ImageObject\",\"inLanguage\":\"es\",\"@id\":\"https:\\\/\\\/centrourbano.com\\\/revista\\\/actualidad\\\/bmv-campanazo-equidad-de-genero\\\/#primaryimage\",\"url\":\"https:\\\/\\\/centrourbano.com\\\/revista\\\/wp-content\\\/uploads\\\/pfkwkfkr.jpg\",\"contentUrl\":\"https:\\\/\\\/centrourbano.com\\\/revista\\\/wp-content\\\/uploads\\\/pfkwkfkr.jpg\",\"width\":800,\"height\":800,\"caption\":\"BMV da campanazo por la equidad de g\u00e9nero financiera y empresarial\"},{\"@type\":\"BreadcrumbList\",\"@id\":\"https:\\\/\\\/centrourbano.com\\\/revista\\\/actualidad\\\/bmv-campanazo-equidad-de-genero\\\/#breadcrumb\",\"itemListElement\":[{\"@type\":\"ListItem\",\"position\":1,\"name\":\"Portada\",\"item\":\"https:\\\/\\\/centrourbano.com\\\/revista\\\/\"},{\"@type\":\"ListItem\",\"position\":2,\"name\":\"BMV da campanazo por la equidad de g\u00e9nero financiera y empresarial\"}]},{\"@type\":\"WebSite\",\"@id\":\"https:\\\/\\\/centrourbano.com\\\/revista\\\/#website\",\"url\":\"https:\\\/\\\/centrourbano.com\\\/revista\\\/\",\"name\":\"Centro Urbano\",\"description\":\"Medio especializado en los sectores vivienda, inmobiliario, construcci\u00f3n, arquitectura y urbanismo.\",\"publisher\":{\"@id\":\"https:\\\/\\\/centrourbano.com\\\/revista\\\/#organization\"},\"potentialAction\":[{\"@type\":\"SearchAction\",\"target\":{\"@type\":\"EntryPoint\",\"urlTemplate\":\"https:\\\/\\\/centrourbano.com\\\/revista\\\/?s={search_term_string}\"},\"query-input\":{\"@type\":\"PropertyValueSpecification\",\"valueRequired\":true,\"valueName\":\"search_term_string\"}}],\"inLanguage\":\"es\"},{\"@type\":\"Organization\",\"@id\":\"https:\\\/\\\/centrourbano.com\\\/revista\\\/#organization\",\"name\":\"Centro Urbano\",\"url\":\"https:\\\/\\\/centrourbano.com\\\/revista\\\/\",\"logo\":{\"@type\":\"ImageObject\",\"inLanguage\":\"es\",\"@id\":\"https:\\\/\\\/centrourbano.com\\\/revista\\\/#\\\/schema\\\/logo\\\/image\\\/\",\"url\":\"https:\\\/\\\/centrourbano.com\\\/revista\\\/wp-content\\\/uploads\\\/web_CU_logo-1.png\",\"contentUrl\":\"https:\\\/\\\/centrourbano.com\\\/revista\\\/wp-content\\\/uploads\\\/web_CU_logo-1.png\",\"width\":350,\"height\":91,\"caption\":\"Centro Urbano\"},\"image\":{\"@id\":\"https:\\\/\\\/centrourbano.com\\\/revista\\\/#\\\/schema\\\/logo\\\/image\\\/\"},\"sameAs\":[\"https:\\\/\\\/www.facebook.com\\\/portalcentrourbano\",\"https:\\\/\\\/x.com\\\/CentroUrbano\",\"https:\\\/\\\/www.instagram.com\\\/centro_urbano\\\/\",\"https:\\\/\\\/www.linkedin.com\\\/company\\\/centro-urbano\\\/\",\"http:\\\/\\\/www.youtube.com\\\/user\\\/portalcentrourbano\"]},{\"@type\":\"Person\",\"@id\":\"https:\\\/\\\/centrourbano.com\\\/revista\\\/#\\\/schema\\\/person\\\/585fcd52a02a59422de60d5ae8e0f491\",\"name\":\"Rebeca Romero\",\"image\":{\"@type\":\"ImageObject\",\"inLanguage\":\"es\",\"@id\":\"https:\\\/\\\/secure.gravatar.com\\\/avatar\\\/aee0068ae3cc041082e0e84a8258fe5ccc00a733f187bde73b0b40d86b892826?s=96&d=mm&r=g\",\"url\":\"https:\\\/\\\/secure.gravatar.com\\\/avatar\\\/aee0068ae3cc041082e0e84a8258fe5ccc00a733f187bde73b0b40d86b892826?s=96&d=mm&r=g\",\"contentUrl\":\"https:\\\/\\\/secure.gravatar.com\\\/avatar\\\/aee0068ae3cc041082e0e84a8258fe5ccc00a733f187bde73b0b40d86b892826?s=96&d=mm&r=g\",\"caption\":\"Rebeca Romero\"},\"url\":\"https:\\\/\\\/centrourbano.com\\\/revista\\\/author\\\/rebeca-romero\\\/\"}]}<\/script>\n<!-- \/ Yoast SEO plugin. -->","yoast_head_json":{"title":"BMV da campanazo por la equidad de g\u00e9nero financiera y empresarial -","description":"Durante la ceremonia se resalt\u00f3 la importancia de la equidad de g\u00e9nero en materia financiera, pues representan una oportunidad de impulso a la econom\u00eda","robots":{"index":"index","follow":"follow","max-snippet":"max-snippet:-1","max-image-preview":"max-image-preview:large","max-video-preview":"max-video-preview:-1"},"canonical":"https:\/\/centrourbano.com\/revista\/actualidad\/bmv-campanazo-equidad-de-genero\/","og_locale":"es_ES","og_type":"article","og_title":"BMV da campanazo por la equidad de g\u00e9nero financiera y empresarial -","og_description":"Durante la ceremonia se resalt\u00f3 la importancia de la equidad de g\u00e9nero en materia financiera, pues representan una oportunidad de impulso a la econom\u00eda","og_url":"https:\/\/centrourbano.com\/revista\/actualidad\/bmv-campanazo-equidad-de-genero\/","og_site_name":"Centro Urbano","article_publisher":"https:\/\/www.facebook.com\/portalcentrourbano","article_published_time":"2024-03-08T22:17:19+00:00","og_image":[{"width":800,"height":800,"url":"https:\/\/centrourbano.com\/revista\/wp-content\/uploads\/pfkwkfkr.jpg","type":"image\/jpeg"}],"author":"Rebeca Romero","twitter_card":"summary_large_image","twitter_creator":"@CentroUrbano","twitter_site":"@CentroUrbano","twitter_misc":{"Escrito por":"Rebeca Romero","Tiempo de lectura":"4 minutos"},"schema":{"@context":"https:\/\/schema.org","@graph":[{"@type":"Article","@id":"https:\/\/centrourbano.com\/revista\/actualidad\/bmv-campanazo-equidad-de-genero\/#article","isPartOf":{"@id":"https:\/\/centrourbano.com\/revista\/actualidad\/bmv-campanazo-equidad-de-genero\/"},"author":{"name":"Rebeca Romero","@id":"https:\/\/centrourbano.com\/revista\/#\/schema\/person\/585fcd52a02a59422de60d5ae8e0f491"},"headline":"BMV da campanazo por la equidad de g\u00e9nero financiera y empresarial","datePublished":"2024-03-08T22:17:19+00:00","mainEntityOfPage":{"@id":"https:\/\/centrourbano.com\/revista\/actualidad\/bmv-campanazo-equidad-de-genero\/"},"wordCount":735,"commentCount":0,"publisher":{"@id":"https:\/\/centrourbano.com\/revista\/#organization"},"image":{"@id":"https:\/\/centrourbano.com\/revista\/actualidad\/bmv-campanazo-equidad-de-genero\/#primaryimage"},"thumbnailUrl":"https:\/\/centrourbano.com\/revista\/wp-content\/uploads\/pfkwkfkr.jpg","keywords":["\u2018Ring the Bell for Gender Equality\u2019","Equidad de g\u00e9nero","Grupo BMV","UNO"],"articleSection":["Actualidad"],"inLanguage":"es","potentialAction":[{"@type":"CommentAction","name":"Comment","target":["https:\/\/centrourbano.com\/revista\/actualidad\/bmv-campanazo-equidad-de-genero\/#respond"]}]},{"@type":"WebPage","@id":"https:\/\/centrourbano.com\/revista\/actualidad\/bmv-campanazo-equidad-de-genero\/","url":"https:\/\/centrourbano.com\/revista\/actualidad\/bmv-campanazo-equidad-de-genero\/","name":"BMV da campanazo por la equidad de g\u00e9nero financiera y empresarial -","isPartOf":{"@id":"https:\/\/centrourbano.com\/revista\/#website"},"primaryImageOfPage":{"@id":"https:\/\/centrourbano.com\/revista\/actualidad\/bmv-campanazo-equidad-de-genero\/#primaryimage"},"image":{"@id":"https:\/\/centrourbano.com\/revista\/actualidad\/bmv-campanazo-equidad-de-genero\/#primaryimage"},"thumbnailUrl":"https:\/\/centrourbano.com\/revista\/wp-content\/uploads\/pfkwkfkr.jpg","datePublished":"2024-03-08T22:17:19+00:00","description":"Durante la ceremonia se resalt\u00f3 la importancia de la equidad de g\u00e9nero en materia financiera, pues representan una oportunidad de impulso a la econom\u00eda","breadcrumb":{"@id":"https:\/\/centrourbano.com\/revista\/actualidad\/bmv-campanazo-equidad-de-genero\/#breadcrumb"},"inLanguage":"es","potentialAction":[{"@type":"ReadAction","target":["https:\/\/centrourbano.com\/revista\/actualidad\/bmv-campanazo-equidad-de-genero\/"]}]},{"@type":"ImageObject","inLanguage":"es","@id":"https:\/\/centrourbano.com\/revista\/actualidad\/bmv-campanazo-equidad-de-genero\/#primaryimage","url":"https:\/\/centrourbano.com\/revista\/wp-content\/uploads\/pfkwkfkr.jpg","contentUrl":"https:\/\/centrourbano.com\/revista\/wp-content\/uploads\/pfkwkfkr.jpg","width":800,"height":800,"caption":"BMV da campanazo por la equidad de g\u00e9nero financiera y empresarial"},{"@type":"BreadcrumbList","@id":"https:\/\/centrourbano.com\/revista\/actualidad\/bmv-campanazo-equidad-de-genero\/#breadcrumb","itemListElement":[{"@type":"ListItem","position":1,"name":"Portada","item":"https:\/\/centrourbano.com\/revista\/"},{"@type":"ListItem","position":2,"name":"BMV da campanazo por la equidad de g\u00e9nero financiera y empresarial"}]},{"@type":"WebSite","@id":"https:\/\/centrourbano.com\/revista\/#website","url":"https:\/\/centrourbano.com\/revista\/","name":"Centro Urbano","description":"Medio especializado en los sectores vivienda, inmobiliario, construcci\u00f3n, arquitectura y urbanismo.","publisher":{"@id":"https:\/\/centrourbano.com\/revista\/#organization"},"potentialAction":[{"@type":"SearchAction","target":{"@type":"EntryPoint","urlTemplate":"https:\/\/centrourbano.com\/revista\/?s={search_term_string}"},"query-input":{"@type":"PropertyValueSpecification","valueRequired":true,"valueName":"search_term_string"}}],"inLanguage":"es"},{"@type":"Organization","@id":"https:\/\/centrourbano.com\/revista\/#organization","name":"Centro Urbano","url":"https:\/\/centrourbano.com\/revista\/","logo":{"@type":"ImageObject","inLanguage":"es","@id":"https:\/\/centrourbano.com\/revista\/#\/schema\/logo\/image\/","url":"https:\/\/centrourbano.com\/revista\/wp-content\/uploads\/web_CU_logo-1.png","contentUrl":"https:\/\/centrourbano.com\/revista\/wp-content\/uploads\/web_CU_logo-1.png","width":350,"height":91,"caption":"Centro Urbano"},"image":{"@id":"https:\/\/centrourbano.com\/revista\/#\/schema\/logo\/image\/"},"sameAs":["https:\/\/www.facebook.com\/portalcentrourbano","https:\/\/x.com\/CentroUrbano","https:\/\/www.instagram.com\/centro_urbano\/","https:\/\/www.linkedin.com\/company\/centro-urbano\/","http:\/\/www.youtube.com\/user\/portalcentrourbano"]},{"@type":"Person","@id":"https:\/\/centrourbano.com\/revista\/#\/schema\/person\/585fcd52a02a59422de60d5ae8e0f491","name":"Rebeca Romero","image":{"@type":"ImageObject","inLanguage":"es","@id":"https:\/\/secure.gravatar.com\/avatar\/aee0068ae3cc041082e0e84a8258fe5ccc00a733f187bde73b0b40d86b892826?s=96&d=mm&r=g","url":"https:\/\/secure.gravatar.com\/avatar\/aee0068ae3cc041082e0e84a8258fe5ccc00a733f187bde73b0b40d86b892826?s=96&d=mm&r=g","contentUrl":"https:\/\/secure.gravatar.com\/avatar\/aee0068ae3cc041082e0e84a8258fe5ccc00a733f187bde73b0b40d86b892826?s=96&d=mm&r=g","caption":"Rebeca Romero"},"url":"https:\/\/centrourbano.com\/revista\/author\/rebeca-romero\/"}]}},"_links":{"self":[{"href":"https:\/\/centrourbano.com\/revista\/wp-json\/wp\/v2\/posts\/146936","targetHints":{"allow":["GET"]}}],"collection":[{"href":"https:\/\/centrourbano.com\/revista\/wp-json\/wp\/v2\/posts"}],"about":[{"href":"https:\/\/centrourbano.com\/revista\/wp-json\/wp\/v2\/types\/post"}],"author":[{"embeddable":true,"href":"https:\/\/centrourbano.com\/revista\/wp-json\/wp\/v2\/users\/88"}],"replies":[{"embeddable":true,"href":"https:\/\/centrourbano.com\/revista\/wp-json\/wp\/v2\/comments?post=146936"}],"version-history":[{"count":1,"href":"https:\/\/centrourbano.com\/revista\/wp-json\/wp\/v2\/posts\/146936\/revisions"}],"predecessor-version":[{"id":146945,"href":"https:\/\/centrourbano.com\/revista\/wp-json\/wp\/v2\/posts\/146936\/revisions\/146945"}],"wp:featuredmedia":[{"embeddable":true,"href":"https:\/\/centrourbano.com\/revista\/wp-json\/wp\/v2\/media\/146937"}],"wp:attachment":[{"href":"https:\/\/centrourbano.com\/revista\/wp-json\/wp\/v2\/media?parent=146936"}],"wp:term":[{"taxonomy":"category","embeddable":true,"href":"https:\/\/centrourbano.com\/revista\/wp-json\/wp\/v2\/categories?post=146936"},{"taxonomy":"post_tag","embeddable":true,"href":"https:\/\/centrourbano.com\/revista\/wp-json\/wp\/v2\/tags?post=146936"}],"curies":[{"name":"wp","href":"https:\/\/api.w.org\/{rel}","templated":true}]}}