{"id":146927,"date":"2024-03-08T14:35:56","date_gmt":"2024-03-08T20:35:56","guid":{"rendered":"https:\/\/centrourbano.com\/?p=146927"},"modified":"2024-03-08T14:35:56","modified_gmt":"2024-03-08T20:35:56","slug":"%e2%96%b6%ef%b8%8f-video-arquitectura-con-perspectiva-de-genero","status":"publish","type":"post","link":"https:\/\/centrourbano.com\/revista\/centro-urbano-home\/centro-urbano-digital\/%e2%96%b6%ef%b8%8f-video-arquitectura-con-perspectiva-de-genero\/","title":{"rendered":"\u25b6\ufe0f Video | Arquitectura con Perspectiva de G\u00e9nero"},"content":{"rendered":"<p>En <strong><span style=\"color: #ff6600;\">#<a style=\"color: #ff6600;\" href=\"https:\/\/www.facebook.com\/portalcentrourbano\">CentroUrbano<\/a><\/span><\/strong> conmemoramos el <strong><span style=\"color: #800080;\">D\u00eda Internacional de la Mujer<\/span><\/strong> con una entre la reconocida arquitecta<strong><a href=\"https:\/\/twitter.com\/Tabilbao\"> Tatiana Bilbao<\/a><\/strong> y la presidenta de Fundaci\u00f3n <strong><a href=\"https:\/\/twitter.com\/ConstruyendoyC\">Construyendo y Creciendo<\/a><\/strong>, <a href=\"https:\/\/twitter.com\/roxanafabris\"><strong>Roxana Fabris<\/strong><\/a>. Esta charla marca el inicio de un ciclo dedicado a abordar el <strong>desaf\u00edo de construir ciudades inclusiva<\/strong>s.<\/p>\n<p>Durante la conversaci\u00f3n, <strong>Tatiana Bilbao<\/strong> reflexiona sobre su <strong>experiencia<\/strong> <strong>como mujer en la arquitectura, un campo predominantemente masculino.<\/strong> Aunque m\u00e1s mujeres estudian arquitectura, el <strong>porcentaje en el mundo profesional sigue siendo bajo,<\/strong> con <strong>desigualdades salariales y de posici\u00f3n<\/strong>. Bilbao comparte que ha sido privilegiada en su carrera, pero reconoce la <strong>necesidad de transformar<\/strong> el enfoque desde la <strong>perspectiva de g\u00e9nero.<\/strong><\/p>\n<p>Fabris destaca la importancia de <strong>celebrar los logros de las mujeres y convertirse en ejemplos para otras,<\/strong> <strong>especialmente aquellas que trabajan en entornos masculinos,<\/strong> como las <strong>mujeres de la construcci\u00f3n.<\/strong> Bilbao enfatiza que el ejemplo no es suficiente y aboga por cambios en <strong>pol\u00edticas p\u00fablicas y legislaci\u00f3n para brindar oportunidades<\/strong> a quienes carecen de privilegios.<\/p>\n<p>La conversaci\u00f3n se adentra en la <strong>perspectiva de g\u00e9nero en la arquitectura,<\/strong> se\u00f1alando que las <strong>mujeres pueden aportar una visi\u00f3n \u00fanica en la planificaci\u00f3n urbana.<\/strong> Bilbao destaca la importancia de centrarse en el cuidado como el n\u00facleo de la existencia, transformando la sociedad para priorizar la atenci\u00f3n a los cuerpos que producen y sustentan la vida.<\/p>\n<p>En cuanto a los proyectos arquitect\u00f3nicos, Bilbao aboga por integrar el cuidado en todas las dimensiones, desde el dise\u00f1o de viviendas hasta la planificaci\u00f3n de ciudades. La entrevista destaca la necesidad de repensar la sociedad como una estructura para el cuidado, antes que una mera m\u00e1quina de producci\u00f3n.<\/p>\n<p><iframe loading=\"lazy\" style=\"border: none; overflow: hidden;\" src=\"https:\/\/www.facebook.com\/plugins\/video.php?height=314&amp;href=https%3A%2F%2Fwww.facebook.com%2Fportalcentrourbano%2Fvideos%2F1947000795695966%2F&amp;show_text=false&amp;width=560&amp;t=0\" width=\"560\" height=\"314\" frameborder=\"0\" scrolling=\"no\" allowfullscreen=\"allowfullscreen\"><\/iframe><\/p>\n","protected":false},"excerpt":{"rendered":"<p>En #CentroUrbano conmemoramos el D\u00eda Internacional de la Mujer con una entre la reconocida arquitecta Tatiana Bilbao y la presidenta de Fundaci\u00f3n Construyendo y Creciendo, Roxana Fabris. Esta charla marca el inicio de un ciclo dedicado a abordar el desaf\u00edo de construir ciudades inclusivas. Durante la conversaci\u00f3n, Tatiana Bilbao reflexiona sobre su experiencia como mujer [&hellip;]<\/p>\n","protected":false},"author":14,"featured_media":146932,"comment_status":"open","ping_status":"closed","sticky":false,"template":"","format":"standard","meta":{"om_disable_all_campaigns":false,"inline_featured_image":false,"_monsterinsights_skip_tracking":false,"_monsterinsights_sitenote_active":false,"_monsterinsights_sitenote_note":"","_monsterinsights_sitenote_category":0,"footnotes":""},"categories":[10,18124,20344,11],"tags":[20296,24114,20,7862,2435,9555],"class_list":["post-146927","post","type-post","status-publish","format-standard","has-post-thumbnail","hentry","category-centro-urbano-digital","category-centro-urbano-home","category-entrevistas-centro-urbano-digital","category-videos","tag-8m","tag-8m2024","tag-arquitectura","tag-dia-internacional-de-la-mujer","tag-inclusion","tag-perspectiva-de-genero"],"yoast_head":"<!-- This site is optimized with the Yoast SEO plugin v27.4 - https:\/\/yoast.com\/product\/yoast-seo-wordpress\/ -->\n<title>\u25b6\ufe0f Video | Arquitectura con Perspectiva de G\u00e9nero -<\/title>\n<meta name=\"description\" content=\"En #CentroUrbano conmemoramos el D\u00eda Internacional de la Mujer con una entre la reconocida arquitecta Tatiana Bilbao y la presidenta de Fundaci\u00f3n\" \/>\n<meta name=\"robots\" content=\"index, follow, max-snippet:-1, max-image-preview:large, max-video-preview:-1\" \/>\n<link rel=\"canonical\" href=\"https:\/\/centrourbano.com\/revista\/centro-urbano-home\/centro-urbano-digital\/\u25b6\ufe0f-video-arquitectura-con-perspectiva-de-genero\/\" \/>\n<meta property=\"og:locale\" content=\"es_ES\" \/>\n<meta property=\"og:type\" content=\"article\" \/>\n<meta property=\"og:title\" content=\"\u25b6\ufe0f Video | Arquitectura con Perspectiva de G\u00e9nero -\" \/>\n<meta property=\"og:description\" content=\"En #CentroUrbano conmemoramos el D\u00eda Internacional de la Mujer con una entre la reconocida arquitecta Tatiana Bilbao y la presidenta de Fundaci\u00f3n\" \/>\n<meta property=\"og:url\" content=\"https:\/\/centrourbano.com\/revista\/centro-urbano-home\/centro-urbano-digital\/\u25b6\ufe0f-video-arquitectura-con-perspectiva-de-genero\/\" \/>\n<meta property=\"og:site_name\" content=\"Centro Urbano\" \/>\n<meta property=\"article:publisher\" content=\"https:\/\/www.facebook.com\/portalcentrourbano\" \/>\n<meta property=\"article:published_time\" content=\"2024-03-08T20:35:56+00:00\" \/>\n<meta property=\"og:image\" content=\"https:\/\/centrourbano.com\/revista\/wp-content\/uploads\/Diseno-sin-titulo-3-25.png\" \/>\n\t<meta property=\"og:image:width\" content=\"1323\" \/>\n\t<meta property=\"og:image:height\" content=\"1323\" \/>\n\t<meta property=\"og:image:type\" content=\"image\/png\" \/>\n<meta name=\"author\" content=\"Redacci\u00f3n Centro Urbano\" \/>\n<meta name=\"twitter:card\" content=\"summary_large_image\" \/>\n<meta name=\"twitter:creator\" content=\"@CentroUrbano\" \/>\n<meta name=\"twitter:site\" content=\"@CentroUrbano\" \/>\n<meta name=\"twitter:label1\" content=\"Escrito por\" \/>\n\t<meta name=\"twitter:data1\" content=\"Redacci\u00f3n Centro Urbano\" \/>\n\t<meta name=\"twitter:label2\" content=\"Tiempo de lectura\" \/>\n\t<meta name=\"twitter:data2\" content=\"1 minuto\" \/>\n<script type=\"application\/ld+json\" class=\"yoast-schema-graph\">{\"@context\":\"https:\\\/\\\/schema.org\",\"@graph\":[{\"@type\":\"Article\",\"@id\":\"https:\\\/\\\/centrourbano.com\\\/revista\\\/centro-urbano-home\\\/centro-urbano-digital\\\/%e2%96%b6%ef%b8%8f-video-arquitectura-con-perspectiva-de-genero\\\/#article\",\"isPartOf\":{\"@id\":\"https:\\\/\\\/centrourbano.com\\\/revista\\\/centro-urbano-home\\\/centro-urbano-digital\\\/%e2%96%b6%ef%b8%8f-video-arquitectura-con-perspectiva-de-genero\\\/\"},\"author\":{\"name\":\"Redacci\u00f3n Centro Urbano\",\"@id\":\"https:\\\/\\\/centrourbano.com\\\/revista\\\/#\\\/schema\\\/person\\\/680e7c50f9d6e917e416c9efdc26f996\"},\"headline\":\"\u25b6\ufe0f Video | Arquitectura con Perspectiva de G\u00e9nero\",\"datePublished\":\"2024-03-08T20:35:56+00:00\",\"mainEntityOfPage\":{\"@id\":\"https:\\\/\\\/centrourbano.com\\\/revista\\\/centro-urbano-home\\\/centro-urbano-digital\\\/%e2%96%b6%ef%b8%8f-video-arquitectura-con-perspectiva-de-genero\\\/\"},\"wordCount\":293,\"commentCount\":0,\"publisher\":{\"@id\":\"https:\\\/\\\/centrourbano.com\\\/revista\\\/#organization\"},\"image\":{\"@id\":\"https:\\\/\\\/centrourbano.com\\\/revista\\\/centro-urbano-home\\\/centro-urbano-digital\\\/%e2%96%b6%ef%b8%8f-video-arquitectura-con-perspectiva-de-genero\\\/#primaryimage\"},\"thumbnailUrl\":\"https:\\\/\\\/centrourbano.com\\\/revista\\\/wp-content\\\/uploads\\\/Diseno-sin-titulo-3-25.png\",\"keywords\":[\"#8M\",\"8M2024\",\"arquitectura\",\"D\u00eda Internacional de la Mujer\",\"inclusi\u00f3n\",\"perspectiva de g\u00e9nero\"],\"articleSection\":[\"Centro Urbano Digital\",\"Centro Urbano Home\",\"Entrevistas\",\"Videos\"],\"inLanguage\":\"es\",\"potentialAction\":[{\"@type\":\"CommentAction\",\"name\":\"Comment\",\"target\":[\"https:\\\/\\\/centrourbano.com\\\/revista\\\/centro-urbano-home\\\/centro-urbano-digital\\\/%e2%96%b6%ef%b8%8f-video-arquitectura-con-perspectiva-de-genero\\\/#respond\"]}]},{\"@type\":\"WebPage\",\"@id\":\"https:\\\/\\\/centrourbano.com\\\/revista\\\/centro-urbano-home\\\/centro-urbano-digital\\\/%e2%96%b6%ef%b8%8f-video-arquitectura-con-perspectiva-de-genero\\\/\",\"url\":\"https:\\\/\\\/centrourbano.com\\\/revista\\\/centro-urbano-home\\\/centro-urbano-digital\\\/%e2%96%b6%ef%b8%8f-video-arquitectura-con-perspectiva-de-genero\\\/\",\"name\":\"\u25b6\ufe0f Video | Arquitectura con Perspectiva de G\u00e9nero -\",\"isPartOf\":{\"@id\":\"https:\\\/\\\/centrourbano.com\\\/revista\\\/#website\"},\"primaryImageOfPage\":{\"@id\":\"https:\\\/\\\/centrourbano.com\\\/revista\\\/centro-urbano-home\\\/centro-urbano-digital\\\/%e2%96%b6%ef%b8%8f-video-arquitectura-con-perspectiva-de-genero\\\/#primaryimage\"},\"image\":{\"@id\":\"https:\\\/\\\/centrourbano.com\\\/revista\\\/centro-urbano-home\\\/centro-urbano-digital\\\/%e2%96%b6%ef%b8%8f-video-arquitectura-con-perspectiva-de-genero\\\/#primaryimage\"},\"thumbnailUrl\":\"https:\\\/\\\/centrourbano.com\\\/revista\\\/wp-content\\\/uploads\\\/Diseno-sin-titulo-3-25.png\",\"datePublished\":\"2024-03-08T20:35:56+00:00\",\"description\":\"En #CentroUrbano conmemoramos el D\u00eda Internacional de la Mujer con una entre la reconocida arquitecta Tatiana Bilbao y la presidenta de Fundaci\u00f3n\",\"breadcrumb\":{\"@id\":\"https:\\\/\\\/centrourbano.com\\\/revista\\\/centro-urbano-home\\\/centro-urbano-digital\\\/%e2%96%b6%ef%b8%8f-video-arquitectura-con-perspectiva-de-genero\\\/#breadcrumb\"},\"inLanguage\":\"es\",\"potentialAction\":[{\"@type\":\"ReadAction\",\"target\":[\"https:\\\/\\\/centrourbano.com\\\/revista\\\/centro-urbano-home\\\/centro-urbano-digital\\\/%e2%96%b6%ef%b8%8f-video-arquitectura-con-perspectiva-de-genero\\\/\"]}]},{\"@type\":\"ImageObject\",\"inLanguage\":\"es\",\"@id\":\"https:\\\/\\\/centrourbano.com\\\/revista\\\/centro-urbano-home\\\/centro-urbano-digital\\\/%e2%96%b6%ef%b8%8f-video-arquitectura-con-perspectiva-de-genero\\\/#primaryimage\",\"url\":\"https:\\\/\\\/centrourbano.com\\\/revista\\\/wp-content\\\/uploads\\\/Diseno-sin-titulo-3-25.png\",\"contentUrl\":\"https:\\\/\\\/centrourbano.com\\\/revista\\\/wp-content\\\/uploads\\\/Diseno-sin-titulo-3-25.png\",\"width\":1323,\"height\":1323,\"caption\":\"\u25b6\ufe0f Video | Arquitectura con Perspectiva de G\u00e9nero\"},{\"@type\":\"BreadcrumbList\",\"@id\":\"https:\\\/\\\/centrourbano.com\\\/revista\\\/centro-urbano-home\\\/centro-urbano-digital\\\/%e2%96%b6%ef%b8%8f-video-arquitectura-con-perspectiva-de-genero\\\/#breadcrumb\",\"itemListElement\":[{\"@type\":\"ListItem\",\"position\":1,\"name\":\"Portada\",\"item\":\"https:\\\/\\\/centrourbano.com\\\/revista\\\/\"},{\"@type\":\"ListItem\",\"position\":2,\"name\":\"\u25b6\ufe0f Video | Arquitectura con Perspectiva de G\u00e9nero\"}]},{\"@type\":\"WebSite\",\"@id\":\"https:\\\/\\\/centrourbano.com\\\/revista\\\/#website\",\"url\":\"https:\\\/\\\/centrourbano.com\\\/revista\\\/\",\"name\":\"Centro Urbano\",\"description\":\"Medio especializado en los sectores vivienda, inmobiliario, construcci\u00f3n, arquitectura y urbanismo.\",\"publisher\":{\"@id\":\"https:\\\/\\\/centrourbano.com\\\/revista\\\/#organization\"},\"potentialAction\":[{\"@type\":\"SearchAction\",\"target\":{\"@type\":\"EntryPoint\",\"urlTemplate\":\"https:\\\/\\\/centrourbano.com\\\/revista\\\/?s={search_term_string}\"},\"query-input\":{\"@type\":\"PropertyValueSpecification\",\"valueRequired\":true,\"valueName\":\"search_term_string\"}}],\"inLanguage\":\"es\"},{\"@type\":\"Organization\",\"@id\":\"https:\\\/\\\/centrourbano.com\\\/revista\\\/#organization\",\"name\":\"Centro Urbano\",\"url\":\"https:\\\/\\\/centrourbano.com\\\/revista\\\/\",\"logo\":{\"@type\":\"ImageObject\",\"inLanguage\":\"es\",\"@id\":\"https:\\\/\\\/centrourbano.com\\\/revista\\\/#\\\/schema\\\/logo\\\/image\\\/\",\"url\":\"https:\\\/\\\/centrourbano.com\\\/revista\\\/wp-content\\\/uploads\\\/web_CU_logo-1.png\",\"contentUrl\":\"https:\\\/\\\/centrourbano.com\\\/revista\\\/wp-content\\\/uploads\\\/web_CU_logo-1.png\",\"width\":350,\"height\":91,\"caption\":\"Centro Urbano\"},\"image\":{\"@id\":\"https:\\\/\\\/centrourbano.com\\\/revista\\\/#\\\/schema\\\/logo\\\/image\\\/\"},\"sameAs\":[\"https:\\\/\\\/www.facebook.com\\\/portalcentrourbano\",\"https:\\\/\\\/x.com\\\/CentroUrbano\",\"https:\\\/\\\/www.instagram.com\\\/centro_urbano\\\/\",\"https:\\\/\\\/www.linkedin.com\\\/company\\\/centro-urbano\\\/\",\"http:\\\/\\\/www.youtube.com\\\/user\\\/portalcentrourbano\"]},{\"@type\":\"Person\",\"@id\":\"https:\\\/\\\/centrourbano.com\\\/revista\\\/#\\\/schema\\\/person\\\/680e7c50f9d6e917e416c9efdc26f996\",\"name\":\"Redacci\u00f3n Centro Urbano\",\"image\":{\"@type\":\"ImageObject\",\"inLanguage\":\"es\",\"@id\":\"https:\\\/\\\/secure.gravatar.com\\\/avatar\\\/15a789f894398c0f311f3a7a2ee28032bbc0483098539da66b6a045aa810bf35?s=96&d=mm&r=g\",\"url\":\"https:\\\/\\\/secure.gravatar.com\\\/avatar\\\/15a789f894398c0f311f3a7a2ee28032bbc0483098539da66b6a045aa810bf35?s=96&d=mm&r=g\",\"contentUrl\":\"https:\\\/\\\/secure.gravatar.com\\\/avatar\\\/15a789f894398c0f311f3a7a2ee28032bbc0483098539da66b6a045aa810bf35?s=96&d=mm&r=g\",\"caption\":\"Redacci\u00f3n Centro Urbano\"},\"url\":\"https:\\\/\\\/centrourbano.com\\\/revista\\\/author\\\/editorial\\\/\"}]}<\/script>\n<!-- \/ Yoast SEO plugin. -->","yoast_head_json":{"title":"\u25b6\ufe0f Video | Arquitectura con Perspectiva de G\u00e9nero -","description":"En #CentroUrbano conmemoramos el D\u00eda Internacional de la Mujer con una entre la reconocida arquitecta Tatiana Bilbao y la presidenta de Fundaci\u00f3n","robots":{"index":"index","follow":"follow","max-snippet":"max-snippet:-1","max-image-preview":"max-image-preview:large","max-video-preview":"max-video-preview:-1"},"canonical":"https:\/\/centrourbano.com\/revista\/centro-urbano-home\/centro-urbano-digital\/\u25b6\ufe0f-video-arquitectura-con-perspectiva-de-genero\/","og_locale":"es_ES","og_type":"article","og_title":"\u25b6\ufe0f Video | Arquitectura con Perspectiva de G\u00e9nero -","og_description":"En #CentroUrbano conmemoramos el D\u00eda Internacional de la Mujer con una entre la reconocida arquitecta Tatiana Bilbao y la presidenta de Fundaci\u00f3n","og_url":"https:\/\/centrourbano.com\/revista\/centro-urbano-home\/centro-urbano-digital\/\u25b6\ufe0f-video-arquitectura-con-perspectiva-de-genero\/","og_site_name":"Centro Urbano","article_publisher":"https:\/\/www.facebook.com\/portalcentrourbano","article_published_time":"2024-03-08T20:35:56+00:00","og_image":[{"width":1323,"height":1323,"url":"https:\/\/centrourbano.com\/revista\/wp-content\/uploads\/Diseno-sin-titulo-3-25.png","type":"image\/png"}],"author":"Redacci\u00f3n Centro Urbano","twitter_card":"summary_large_image","twitter_creator":"@CentroUrbano","twitter_site":"@CentroUrbano","twitter_misc":{"Escrito por":"Redacci\u00f3n Centro Urbano","Tiempo de lectura":"1 minuto"},"schema":{"@context":"https:\/\/schema.org","@graph":[{"@type":"Article","@id":"https:\/\/centrourbano.com\/revista\/centro-urbano-home\/centro-urbano-digital\/%e2%96%b6%ef%b8%8f-video-arquitectura-con-perspectiva-de-genero\/#article","isPartOf":{"@id":"https:\/\/centrourbano.com\/revista\/centro-urbano-home\/centro-urbano-digital\/%e2%96%b6%ef%b8%8f-video-arquitectura-con-perspectiva-de-genero\/"},"author":{"name":"Redacci\u00f3n Centro Urbano","@id":"https:\/\/centrourbano.com\/revista\/#\/schema\/person\/680e7c50f9d6e917e416c9efdc26f996"},"headline":"\u25b6\ufe0f Video | Arquitectura con Perspectiva de G\u00e9nero","datePublished":"2024-03-08T20:35:56+00:00","mainEntityOfPage":{"@id":"https:\/\/centrourbano.com\/revista\/centro-urbano-home\/centro-urbano-digital\/%e2%96%b6%ef%b8%8f-video-arquitectura-con-perspectiva-de-genero\/"},"wordCount":293,"commentCount":0,"publisher":{"@id":"https:\/\/centrourbano.com\/revista\/#organization"},"image":{"@id":"https:\/\/centrourbano.com\/revista\/centro-urbano-home\/centro-urbano-digital\/%e2%96%b6%ef%b8%8f-video-arquitectura-con-perspectiva-de-genero\/#primaryimage"},"thumbnailUrl":"https:\/\/centrourbano.com\/revista\/wp-content\/uploads\/Diseno-sin-titulo-3-25.png","keywords":["#8M","8M2024","arquitectura","D\u00eda Internacional de la Mujer","inclusi\u00f3n","perspectiva de g\u00e9nero"],"articleSection":["Centro Urbano Digital","Centro Urbano Home","Entrevistas","Videos"],"inLanguage":"es","potentialAction":[{"@type":"CommentAction","name":"Comment","target":["https:\/\/centrourbano.com\/revista\/centro-urbano-home\/centro-urbano-digital\/%e2%96%b6%ef%b8%8f-video-arquitectura-con-perspectiva-de-genero\/#respond"]}]},{"@type":"WebPage","@id":"https:\/\/centrourbano.com\/revista\/centro-urbano-home\/centro-urbano-digital\/%e2%96%b6%ef%b8%8f-video-arquitectura-con-perspectiva-de-genero\/","url":"https:\/\/centrourbano.com\/revista\/centro-urbano-home\/centro-urbano-digital\/%e2%96%b6%ef%b8%8f-video-arquitectura-con-perspectiva-de-genero\/","name":"\u25b6\ufe0f Video | Arquitectura con Perspectiva de G\u00e9nero -","isPartOf":{"@id":"https:\/\/centrourbano.com\/revista\/#website"},"primaryImageOfPage":{"@id":"https:\/\/centrourbano.com\/revista\/centro-urbano-home\/centro-urbano-digital\/%e2%96%b6%ef%b8%8f-video-arquitectura-con-perspectiva-de-genero\/#primaryimage"},"image":{"@id":"https:\/\/centrourbano.com\/revista\/centro-urbano-home\/centro-urbano-digital\/%e2%96%b6%ef%b8%8f-video-arquitectura-con-perspectiva-de-genero\/#primaryimage"},"thumbnailUrl":"https:\/\/centrourbano.com\/revista\/wp-content\/uploads\/Diseno-sin-titulo-3-25.png","datePublished":"2024-03-08T20:35:56+00:00","description":"En #CentroUrbano conmemoramos el D\u00eda Internacional de la Mujer con una entre la reconocida arquitecta Tatiana Bilbao y la presidenta de Fundaci\u00f3n","breadcrumb":{"@id":"https:\/\/centrourbano.com\/revista\/centro-urbano-home\/centro-urbano-digital\/%e2%96%b6%ef%b8%8f-video-arquitectura-con-perspectiva-de-genero\/#breadcrumb"},"inLanguage":"es","potentialAction":[{"@type":"ReadAction","target":["https:\/\/centrourbano.com\/revista\/centro-urbano-home\/centro-urbano-digital\/%e2%96%b6%ef%b8%8f-video-arquitectura-con-perspectiva-de-genero\/"]}]},{"@type":"ImageObject","inLanguage":"es","@id":"https:\/\/centrourbano.com\/revista\/centro-urbano-home\/centro-urbano-digital\/%e2%96%b6%ef%b8%8f-video-arquitectura-con-perspectiva-de-genero\/#primaryimage","url":"https:\/\/centrourbano.com\/revista\/wp-content\/uploads\/Diseno-sin-titulo-3-25.png","contentUrl":"https:\/\/centrourbano.com\/revista\/wp-content\/uploads\/Diseno-sin-titulo-3-25.png","width":1323,"height":1323,"caption":"\u25b6\ufe0f Video | Arquitectura con Perspectiva de G\u00e9nero"},{"@type":"BreadcrumbList","@id":"https:\/\/centrourbano.com\/revista\/centro-urbano-home\/centro-urbano-digital\/%e2%96%b6%ef%b8%8f-video-arquitectura-con-perspectiva-de-genero\/#breadcrumb","itemListElement":[{"@type":"ListItem","position":1,"name":"Portada","item":"https:\/\/centrourbano.com\/revista\/"},{"@type":"ListItem","position":2,"name":"\u25b6\ufe0f Video | Arquitectura con Perspectiva de G\u00e9nero"}]},{"@type":"WebSite","@id":"https:\/\/centrourbano.com\/revista\/#website","url":"https:\/\/centrourbano.com\/revista\/","name":"Centro Urbano","description":"Medio especializado en los sectores vivienda, inmobiliario, construcci\u00f3n, arquitectura y urbanismo.","publisher":{"@id":"https:\/\/centrourbano.com\/revista\/#organization"},"potentialAction":[{"@type":"SearchAction","target":{"@type":"EntryPoint","urlTemplate":"https:\/\/centrourbano.com\/revista\/?s={search_term_string}"},"query-input":{"@type":"PropertyValueSpecification","valueRequired":true,"valueName":"search_term_string"}}],"inLanguage":"es"},{"@type":"Organization","@id":"https:\/\/centrourbano.com\/revista\/#organization","name":"Centro Urbano","url":"https:\/\/centrourbano.com\/revista\/","logo":{"@type":"ImageObject","inLanguage":"es","@id":"https:\/\/centrourbano.com\/revista\/#\/schema\/logo\/image\/","url":"https:\/\/centrourbano.com\/revista\/wp-content\/uploads\/web_CU_logo-1.png","contentUrl":"https:\/\/centrourbano.com\/revista\/wp-content\/uploads\/web_CU_logo-1.png","width":350,"height":91,"caption":"Centro Urbano"},"image":{"@id":"https:\/\/centrourbano.com\/revista\/#\/schema\/logo\/image\/"},"sameAs":["https:\/\/www.facebook.com\/portalcentrourbano","https:\/\/x.com\/CentroUrbano","https:\/\/www.instagram.com\/centro_urbano\/","https:\/\/www.linkedin.com\/company\/centro-urbano\/","http:\/\/www.youtube.com\/user\/portalcentrourbano"]},{"@type":"Person","@id":"https:\/\/centrourbano.com\/revista\/#\/schema\/person\/680e7c50f9d6e917e416c9efdc26f996","name":"Redacci\u00f3n Centro Urbano","image":{"@type":"ImageObject","inLanguage":"es","@id":"https:\/\/secure.gravatar.com\/avatar\/15a789f894398c0f311f3a7a2ee28032bbc0483098539da66b6a045aa810bf35?s=96&d=mm&r=g","url":"https:\/\/secure.gravatar.com\/avatar\/15a789f894398c0f311f3a7a2ee28032bbc0483098539da66b6a045aa810bf35?s=96&d=mm&r=g","contentUrl":"https:\/\/secure.gravatar.com\/avatar\/15a789f894398c0f311f3a7a2ee28032bbc0483098539da66b6a045aa810bf35?s=96&d=mm&r=g","caption":"Redacci\u00f3n Centro Urbano"},"url":"https:\/\/centrourbano.com\/revista\/author\/editorial\/"}]}},"_links":{"self":[{"href":"https:\/\/centrourbano.com\/revista\/wp-json\/wp\/v2\/posts\/146927","targetHints":{"allow":["GET"]}}],"collection":[{"href":"https:\/\/centrourbano.com\/revista\/wp-json\/wp\/v2\/posts"}],"about":[{"href":"https:\/\/centrourbano.com\/revista\/wp-json\/wp\/v2\/types\/post"}],"author":[{"embeddable":true,"href":"https:\/\/centrourbano.com\/revista\/wp-json\/wp\/v2\/users\/14"}],"replies":[{"embeddable":true,"href":"https:\/\/centrourbano.com\/revista\/wp-json\/wp\/v2\/comments?post=146927"}],"version-history":[{"count":1,"href":"https:\/\/centrourbano.com\/revista\/wp-json\/wp\/v2\/posts\/146927\/revisions"}],"predecessor-version":[{"id":146933,"href":"https:\/\/centrourbano.com\/revista\/wp-json\/wp\/v2\/posts\/146927\/revisions\/146933"}],"wp:featuredmedia":[{"embeddable":true,"href":"https:\/\/centrourbano.com\/revista\/wp-json\/wp\/v2\/media\/146932"}],"wp:attachment":[{"href":"https:\/\/centrourbano.com\/revista\/wp-json\/wp\/v2\/media?parent=146927"}],"wp:term":[{"taxonomy":"category","embeddable":true,"href":"https:\/\/centrourbano.com\/revista\/wp-json\/wp\/v2\/categories?post=146927"},{"taxonomy":"post_tag","embeddable":true,"href":"https:\/\/centrourbano.com\/revista\/wp-json\/wp\/v2\/tags?post=146927"}],"curies":[{"name":"wp","href":"https:\/\/api.w.org\/{rel}","templated":true}]}}