{"id":146653,"date":"2024-03-01T08:00:58","date_gmt":"2024-03-01T14:00:58","guid":{"rendered":"https:\/\/centrourbano.com\/?p=146653"},"modified":"2024-03-01T00:02:32","modified_gmt":"2024-03-01T06:02:32","slug":"campana-ylaviviendaque-elecciones","status":"publish","type":"post","link":"https:\/\/centrourbano.com\/revista\/vivienda\/campana-ylaviviendaque-elecciones\/","title":{"rendered":"Lanzan campa\u00f1a #YLaViviendaQu\u00e9 rumbo a elecciones de 2024"},"content":{"rendered":"<p><em>La campa\u00f1a #YLaViviendaQu\u00e9 busca animar a la ciudadan\u00eda a exigir a todas las candidaturas a tomar una posici\u00f3n clara alrededor de la vivienda<\/em><!--more--><\/p>\n<p>En el marco del arranque de la <strong>contienda electoral de 2024<\/strong>, distintas organizaciones, activistas, acad\u00e9micos y civiles lanzaron la campa\u00f1a <strong>#YLaViviendaQu\u00e9<\/strong>, con el objetivo de impulsar el debate p\u00fablico sobre este tema y que la ciudadan\u00eda se sume para exigir a todas las candidaturas a tomar una posici\u00f3n clara alrededor de la vivienda.<\/p>\n<p>Los organizadores de esta <a href=\"https:\/\/twitter.com\/YLaViviendaQue\" target=\"_blank\" rel=\"noopener\">iniciativa<\/a> se\u00f1alan que, durante los pr\u00f3ximos meses, toda la informaci\u00f3n en redes sociales, medios de comunicaci\u00f3n y espacios de debate girar\u00e1 en torno a lo que hacen y dicen las y los <strong>aspirantes a ocupar un cargo p\u00fablico<\/strong>.<\/p>\n<p>\u201cYa que tendr\u00e1n toda la atenci\u00f3n, creemos que deber\u00edan tambi\u00e9n contestar sobre los temas que nos preocupan y no s\u00f3lo lo que ellos quieran posicionar. Pregunt\u00e9mosles entonces: \u00bf#<strong>LaViviendaQu\u00e9<\/strong>?\u201d, se lee en un comunicado.<\/p>\n<p>Adem\u00e1s, se explica que, actualmente, el <strong>acceso a la vivienda<\/strong> es cada vez m\u00e1s dif\u00edcil, sobre todo para las nuevas generaciones; esto debido a la limitada oferta de propiedades asequibles en venta y renta, por lo que gran parte de la poblaci\u00f3n est\u00e1 obligada a vivir en espacios de mala calidad, muy lejos de sus centros de trabajo o escuelas, o simplemente no pueden independizarse de sus familias.<\/p>\n<p>En ese sentido, la campa\u00f1a est\u00e1 pensada para animar a la ciudadan\u00eda a involucrarse en el debate y a preguntar #<strong>YlaViviendaQu\u00e9<\/strong> a cualquier <a href=\"https:\/\/centrourbano.com\/opinion\/claudia-xochitl-y-jorge-no-olviden-la-irrenunciable-esencia-humana-de-la-vivienda\/\" target=\"_blank\" rel=\"noopener\">candidato<\/a>, en cualquier localidad del pa\u00eds, con el objetivo de visibilizar las problem\u00e1ticas en materia de vivienda.<\/p>\n<p>\u201cQueremos que hagan p\u00fablico qu\u00e9 entienden de la problem\u00e1tica, qu\u00e9 piensan hacer frente a ella y comprobar su compromiso durante y despu\u00e9s de las campa\u00f1as en caso de ser elegidos\u201d.<\/p>\n<p>De igual manera, se destaca que esta campa\u00f1a va <strong>m\u00e1s all\u00e1 del periodo electoral<\/strong>, pues, con frecuencia, las promesas hechas por los candidatos durante sus campa\u00f1as terminan en el olvido.<\/p>\n<p>Por ello, se pretende que, una vez pasadas las elecciones, quienes se sumen a la campa\u00f1a #<strong>YLaViviendaQu\u00e9<\/strong> mantengan un seguimiento a estos debates y promesas, \u201cporque la lucha social por la vivienda, la ciudad y los territorios no puede limitarse a las l\u00f3gicas y a los tiempos electorales\u201d.<\/p>\n<p>\u201cEsta campa\u00f1a es completamente <strong>apartidista<\/strong> y se sostiene de la iniciativa de la gente y colectivos para organizarse. Ya sea en redes sociales o en actos presenciales, te invitamos a sumarte para exigir que todas las personas que tengan una candidatura a los <strong>ayuntamientos<\/strong>, <strong>congresos locales<\/strong> y el <strong>Congreso de la Uni\u00f3n<\/strong> se pronuncien por el tema de vivienda. Que no pase de largo, sino que sea central y se posicione de manera constante en la agenda p\u00fablica\u201d, indican las organizaciones a cargo de la iniciativa.<\/p>\n","protected":false},"excerpt":{"rendered":"<p>La campa\u00f1a #YLaViviendaQu\u00e9 busca animar a la ciudadan\u00eda a exigir a todas las candidaturas a tomar una posici\u00f3n clara alrededor de la vivienda<\/p>\n","protected":false},"author":73,"featured_media":146654,"comment_status":"open","ping_status":"closed","sticky":false,"template":"","format":"standard","meta":{"om_disable_all_campaigns":false,"inline_featured_image":false,"_monsterinsights_skip_tracking":false,"_monsterinsights_sitenote_active":false,"_monsterinsights_sitenote_note":"","_monsterinsights_sitenote_category":0,"footnotes":""},"categories":[12],"tags":[24079,128,12698,8397,60],"class_list":["post-146653","post","type-post","status-publish","format-standard","has-post-thumbnail","hentry","category-vivienda","tag-ylaviviendaque","tag-campana","tag-candidatos","tag-iniciativa","tag-vivienda-2"],"yoast_head":"<!-- This site is optimized with the Yoast SEO plugin v27.4 - https:\/\/yoast.com\/product\/yoast-seo-wordpress\/ -->\n<title>Lanzan campa\u00f1a #YLaViviendaQu\u00e9 rumbo a elecciones de 2024 -<\/title>\n<meta name=\"description\" content=\"La campa\u00f1a #YLaViviendaQu\u00e9 busca animar a la ciudadan\u00eda a exigir a todas las candidaturas a tomar una posici\u00f3n clara alrededor de la vivienda En el marco\" \/>\n<meta name=\"robots\" content=\"index, follow, max-snippet:-1, max-image-preview:large, max-video-preview:-1\" \/>\n<link rel=\"canonical\" href=\"https:\/\/centrourbano.com\/revista\/vivienda\/campana-ylaviviendaque-elecciones\/\" \/>\n<meta property=\"og:locale\" content=\"es_ES\" \/>\n<meta property=\"og:type\" content=\"article\" \/>\n<meta property=\"og:title\" content=\"Lanzan campa\u00f1a #YLaViviendaQu\u00e9 rumbo a elecciones de 2024 -\" \/>\n<meta property=\"og:description\" content=\"La campa\u00f1a #YLaViviendaQu\u00e9 busca animar a la ciudadan\u00eda a exigir a todas las candidaturas a tomar una posici\u00f3n clara alrededor de la vivienda En el marco\" \/>\n<meta property=\"og:url\" content=\"https:\/\/centrourbano.com\/revista\/vivienda\/campana-ylaviviendaque-elecciones\/\" \/>\n<meta property=\"og:site_name\" content=\"Centro Urbano\" \/>\n<meta property=\"article:publisher\" content=\"https:\/\/www.facebook.com\/portalcentrourbano\" \/>\n<meta property=\"article:published_time\" content=\"2024-03-01T14:00:58+00:00\" \/>\n<meta property=\"og:image\" content=\"https:\/\/centrourbano.com\/revista\/wp-content\/uploads\/La-campana-YLaViviendaQue-busca-animar-a-la-ciudadania-a-exigir-a-todas-las-candidaturas-a-tomar-una-posicion-clara-alrededor-de-la-vivienda.jpg\" \/>\n\t<meta property=\"og:image:width\" content=\"1000\" \/>\n\t<meta property=\"og:image:height\" content=\"810\" \/>\n\t<meta property=\"og:image:type\" content=\"image\/jpeg\" \/>\n<meta name=\"author\" content=\"Fernanda Hern\u00e1ndez\" \/>\n<meta name=\"twitter:card\" content=\"summary_large_image\" \/>\n<meta name=\"twitter:creator\" content=\"@https:\/\/twitter.com\/Nannz_Hernandez\" \/>\n<meta name=\"twitter:site\" content=\"@CentroUrbano\" \/>\n<meta name=\"twitter:label1\" content=\"Escrito por\" \/>\n\t<meta name=\"twitter:data1\" content=\"Fernanda Hern\u00e1ndez\" \/>\n\t<meta name=\"twitter:label2\" content=\"Tiempo de lectura\" \/>\n\t<meta name=\"twitter:data2\" content=\"2 minutos\" \/>\n<script type=\"application\/ld+json\" class=\"yoast-schema-graph\">{\"@context\":\"https:\\\/\\\/schema.org\",\"@graph\":[{\"@type\":\"Article\",\"@id\":\"https:\\\/\\\/centrourbano.com\\\/revista\\\/vivienda\\\/campana-ylaviviendaque-elecciones\\\/#article\",\"isPartOf\":{\"@id\":\"https:\\\/\\\/centrourbano.com\\\/revista\\\/vivienda\\\/campana-ylaviviendaque-elecciones\\\/\"},\"author\":{\"name\":\"Fernanda Hern\u00e1ndez\",\"@id\":\"https:\\\/\\\/centrourbano.com\\\/revista\\\/#\\\/schema\\\/person\\\/b190b20bbbceb41ec72278c546fa8df3\"},\"headline\":\"Lanzan campa\u00f1a #YLaViviendaQu\u00e9 rumbo a elecciones de 2024\",\"datePublished\":\"2024-03-01T14:00:58+00:00\",\"mainEntityOfPage\":{\"@id\":\"https:\\\/\\\/centrourbano.com\\\/revista\\\/vivienda\\\/campana-ylaviviendaque-elecciones\\\/\"},\"wordCount\":499,\"commentCount\":0,\"publisher\":{\"@id\":\"https:\\\/\\\/centrourbano.com\\\/revista\\\/#organization\"},\"image\":{\"@id\":\"https:\\\/\\\/centrourbano.com\\\/revista\\\/vivienda\\\/campana-ylaviviendaque-elecciones\\\/#primaryimage\"},\"thumbnailUrl\":\"https:\\\/\\\/centrourbano.com\\\/revista\\\/wp-content\\\/uploads\\\/La-campana-YLaViviendaQue-busca-animar-a-la-ciudadania-a-exigir-a-todas-las-candidaturas-a-tomar-una-posicion-clara-alrededor-de-la-vivienda.jpg\",\"keywords\":[\"#YLaViviendaQu\u00e9\",\"campa\u00f1a\",\"candidatos\",\"iniciativa\",\"vivienda\"],\"articleSection\":[\"Vivienda\"],\"inLanguage\":\"es\",\"potentialAction\":[{\"@type\":\"CommentAction\",\"name\":\"Comment\",\"target\":[\"https:\\\/\\\/centrourbano.com\\\/revista\\\/vivienda\\\/campana-ylaviviendaque-elecciones\\\/#respond\"]}]},{\"@type\":\"WebPage\",\"@id\":\"https:\\\/\\\/centrourbano.com\\\/revista\\\/vivienda\\\/campana-ylaviviendaque-elecciones\\\/\",\"url\":\"https:\\\/\\\/centrourbano.com\\\/revista\\\/vivienda\\\/campana-ylaviviendaque-elecciones\\\/\",\"name\":\"Lanzan campa\u00f1a #YLaViviendaQu\u00e9 rumbo a elecciones de 2024 -\",\"isPartOf\":{\"@id\":\"https:\\\/\\\/centrourbano.com\\\/revista\\\/#website\"},\"primaryImageOfPage\":{\"@id\":\"https:\\\/\\\/centrourbano.com\\\/revista\\\/vivienda\\\/campana-ylaviviendaque-elecciones\\\/#primaryimage\"},\"image\":{\"@id\":\"https:\\\/\\\/centrourbano.com\\\/revista\\\/vivienda\\\/campana-ylaviviendaque-elecciones\\\/#primaryimage\"},\"thumbnailUrl\":\"https:\\\/\\\/centrourbano.com\\\/revista\\\/wp-content\\\/uploads\\\/La-campana-YLaViviendaQue-busca-animar-a-la-ciudadania-a-exigir-a-todas-las-candidaturas-a-tomar-una-posicion-clara-alrededor-de-la-vivienda.jpg\",\"datePublished\":\"2024-03-01T14:00:58+00:00\",\"description\":\"La campa\u00f1a #YLaViviendaQu\u00e9 busca animar a la ciudadan\u00eda a exigir a todas las candidaturas a tomar una posici\u00f3n clara alrededor de la vivienda En el marco\",\"breadcrumb\":{\"@id\":\"https:\\\/\\\/centrourbano.com\\\/revista\\\/vivienda\\\/campana-ylaviviendaque-elecciones\\\/#breadcrumb\"},\"inLanguage\":\"es\",\"potentialAction\":[{\"@type\":\"ReadAction\",\"target\":[\"https:\\\/\\\/centrourbano.com\\\/revista\\\/vivienda\\\/campana-ylaviviendaque-elecciones\\\/\"]}]},{\"@type\":\"ImageObject\",\"inLanguage\":\"es\",\"@id\":\"https:\\\/\\\/centrourbano.com\\\/revista\\\/vivienda\\\/campana-ylaviviendaque-elecciones\\\/#primaryimage\",\"url\":\"https:\\\/\\\/centrourbano.com\\\/revista\\\/wp-content\\\/uploads\\\/La-campana-YLaViviendaQue-busca-animar-a-la-ciudadania-a-exigir-a-todas-las-candidaturas-a-tomar-una-posicion-clara-alrededor-de-la-vivienda.jpg\",\"contentUrl\":\"https:\\\/\\\/centrourbano.com\\\/revista\\\/wp-content\\\/uploads\\\/La-campana-YLaViviendaQue-busca-animar-a-la-ciudadania-a-exigir-a-todas-las-candidaturas-a-tomar-una-posicion-clara-alrededor-de-la-vivienda.jpg\",\"width\":1000,\"height\":810,\"caption\":\"La campa\u00f1a #YLaViviendaQu\u00e9 busca animar a la ciudadan\u00eda a exigir a todas las candidaturas a tomar una posici\u00f3n clara alrededor de la vivienda\"},{\"@type\":\"BreadcrumbList\",\"@id\":\"https:\\\/\\\/centrourbano.com\\\/revista\\\/vivienda\\\/campana-ylaviviendaque-elecciones\\\/#breadcrumb\",\"itemListElement\":[{\"@type\":\"ListItem\",\"position\":1,\"name\":\"Portada\",\"item\":\"https:\\\/\\\/centrourbano.com\\\/revista\\\/\"},{\"@type\":\"ListItem\",\"position\":2,\"name\":\"Lanzan campa\u00f1a #YLaViviendaQu\u00e9 rumbo a elecciones de 2024\"}]},{\"@type\":\"WebSite\",\"@id\":\"https:\\\/\\\/centrourbano.com\\\/revista\\\/#website\",\"url\":\"https:\\\/\\\/centrourbano.com\\\/revista\\\/\",\"name\":\"Centro Urbano\",\"description\":\"Medio especializado en los sectores vivienda, inmobiliario, construcci\u00f3n, arquitectura y urbanismo.\",\"publisher\":{\"@id\":\"https:\\\/\\\/centrourbano.com\\\/revista\\\/#organization\"},\"potentialAction\":[{\"@type\":\"SearchAction\",\"target\":{\"@type\":\"EntryPoint\",\"urlTemplate\":\"https:\\\/\\\/centrourbano.com\\\/revista\\\/?s={search_term_string}\"},\"query-input\":{\"@type\":\"PropertyValueSpecification\",\"valueRequired\":true,\"valueName\":\"search_term_string\"}}],\"inLanguage\":\"es\"},{\"@type\":\"Organization\",\"@id\":\"https:\\\/\\\/centrourbano.com\\\/revista\\\/#organization\",\"name\":\"Centro Urbano\",\"url\":\"https:\\\/\\\/centrourbano.com\\\/revista\\\/\",\"logo\":{\"@type\":\"ImageObject\",\"inLanguage\":\"es\",\"@id\":\"https:\\\/\\\/centrourbano.com\\\/revista\\\/#\\\/schema\\\/logo\\\/image\\\/\",\"url\":\"https:\\\/\\\/centrourbano.com\\\/revista\\\/wp-content\\\/uploads\\\/web_CU_logo-1.png\",\"contentUrl\":\"https:\\\/\\\/centrourbano.com\\\/revista\\\/wp-content\\\/uploads\\\/web_CU_logo-1.png\",\"width\":350,\"height\":91,\"caption\":\"Centro Urbano\"},\"image\":{\"@id\":\"https:\\\/\\\/centrourbano.com\\\/revista\\\/#\\\/schema\\\/logo\\\/image\\\/\"},\"sameAs\":[\"https:\\\/\\\/www.facebook.com\\\/portalcentrourbano\",\"https:\\\/\\\/x.com\\\/CentroUrbano\",\"https:\\\/\\\/www.instagram.com\\\/centro_urbano\\\/\",\"https:\\\/\\\/www.linkedin.com\\\/company\\\/centro-urbano\\\/\",\"http:\\\/\\\/www.youtube.com\\\/user\\\/portalcentrourbano\"]},{\"@type\":\"Person\",\"@id\":\"https:\\\/\\\/centrourbano.com\\\/revista\\\/#\\\/schema\\\/person\\\/b190b20bbbceb41ec72278c546fa8df3\",\"name\":\"Fernanda Hern\u00e1ndez\",\"image\":{\"@type\":\"ImageObject\",\"inLanguage\":\"es\",\"@id\":\"https:\\\/\\\/secure.gravatar.com\\\/avatar\\\/9471831fb0a24eae9d32d826a7cb8ef07c34a41520aca1a0ab1f5c0903ba49b9?s=96&d=mm&r=g\",\"url\":\"https:\\\/\\\/secure.gravatar.com\\\/avatar\\\/9471831fb0a24eae9d32d826a7cb8ef07c34a41520aca1a0ab1f5c0903ba49b9?s=96&d=mm&r=g\",\"contentUrl\":\"https:\\\/\\\/secure.gravatar.com\\\/avatar\\\/9471831fb0a24eae9d32d826a7cb8ef07c34a41520aca1a0ab1f5c0903ba49b9?s=96&d=mm&r=g\",\"caption\":\"Fernanda Hern\u00e1ndez\"},\"description\":\"Reportera y redactora en Centro Urbano. Soy egresada de la licenciatura en Ciencias de la Comunicaci\u00f3n de la Facultad de Ciencias Pol\u00edticas y Sociales (UNAM). Me interesa la cultura, el urbanismo y la arquitectura. Amante del mundo digital, el cine, la m\u00fasica, la lectura y la escritura.\",\"sameAs\":[\"https:\\\/\\\/x.com\\\/https:\\\/\\\/twitter.com\\\/Nannz_Hernandez\"],\"url\":\"https:\\\/\\\/centrourbano.com\\\/revista\\\/author\\\/fernanda-hernandez\\\/\"}]}<\/script>\n<!-- \/ Yoast SEO plugin. -->","yoast_head_json":{"title":"Lanzan campa\u00f1a #YLaViviendaQu\u00e9 rumbo a elecciones de 2024 -","description":"La campa\u00f1a #YLaViviendaQu\u00e9 busca animar a la ciudadan\u00eda a exigir a todas las candidaturas a tomar una posici\u00f3n clara alrededor de la vivienda En el marco","robots":{"index":"index","follow":"follow","max-snippet":"max-snippet:-1","max-image-preview":"max-image-preview:large","max-video-preview":"max-video-preview:-1"},"canonical":"https:\/\/centrourbano.com\/revista\/vivienda\/campana-ylaviviendaque-elecciones\/","og_locale":"es_ES","og_type":"article","og_title":"Lanzan campa\u00f1a #YLaViviendaQu\u00e9 rumbo a elecciones de 2024 -","og_description":"La campa\u00f1a #YLaViviendaQu\u00e9 busca animar a la ciudadan\u00eda a exigir a todas las candidaturas a tomar una posici\u00f3n clara alrededor de la vivienda En el marco","og_url":"https:\/\/centrourbano.com\/revista\/vivienda\/campana-ylaviviendaque-elecciones\/","og_site_name":"Centro Urbano","article_publisher":"https:\/\/www.facebook.com\/portalcentrourbano","article_published_time":"2024-03-01T14:00:58+00:00","og_image":[{"width":1000,"height":810,"url":"https:\/\/centrourbano.com\/revista\/wp-content\/uploads\/La-campana-YLaViviendaQue-busca-animar-a-la-ciudadania-a-exigir-a-todas-las-candidaturas-a-tomar-una-posicion-clara-alrededor-de-la-vivienda.jpg","type":"image\/jpeg"}],"author":"Fernanda Hern\u00e1ndez","twitter_card":"summary_large_image","twitter_creator":"@https:\/\/twitter.com\/Nannz_Hernandez","twitter_site":"@CentroUrbano","twitter_misc":{"Escrito por":"Fernanda Hern\u00e1ndez","Tiempo de lectura":"2 minutos"},"schema":{"@context":"https:\/\/schema.org","@graph":[{"@type":"Article","@id":"https:\/\/centrourbano.com\/revista\/vivienda\/campana-ylaviviendaque-elecciones\/#article","isPartOf":{"@id":"https:\/\/centrourbano.com\/revista\/vivienda\/campana-ylaviviendaque-elecciones\/"},"author":{"name":"Fernanda Hern\u00e1ndez","@id":"https:\/\/centrourbano.com\/revista\/#\/schema\/person\/b190b20bbbceb41ec72278c546fa8df3"},"headline":"Lanzan campa\u00f1a #YLaViviendaQu\u00e9 rumbo a elecciones de 2024","datePublished":"2024-03-01T14:00:58+00:00","mainEntityOfPage":{"@id":"https:\/\/centrourbano.com\/revista\/vivienda\/campana-ylaviviendaque-elecciones\/"},"wordCount":499,"commentCount":0,"publisher":{"@id":"https:\/\/centrourbano.com\/revista\/#organization"},"image":{"@id":"https:\/\/centrourbano.com\/revista\/vivienda\/campana-ylaviviendaque-elecciones\/#primaryimage"},"thumbnailUrl":"https:\/\/centrourbano.com\/revista\/wp-content\/uploads\/La-campana-YLaViviendaQue-busca-animar-a-la-ciudadania-a-exigir-a-todas-las-candidaturas-a-tomar-una-posicion-clara-alrededor-de-la-vivienda.jpg","keywords":["#YLaViviendaQu\u00e9","campa\u00f1a","candidatos","iniciativa","vivienda"],"articleSection":["Vivienda"],"inLanguage":"es","potentialAction":[{"@type":"CommentAction","name":"Comment","target":["https:\/\/centrourbano.com\/revista\/vivienda\/campana-ylaviviendaque-elecciones\/#respond"]}]},{"@type":"WebPage","@id":"https:\/\/centrourbano.com\/revista\/vivienda\/campana-ylaviviendaque-elecciones\/","url":"https:\/\/centrourbano.com\/revista\/vivienda\/campana-ylaviviendaque-elecciones\/","name":"Lanzan campa\u00f1a #YLaViviendaQu\u00e9 rumbo a elecciones de 2024 -","isPartOf":{"@id":"https:\/\/centrourbano.com\/revista\/#website"},"primaryImageOfPage":{"@id":"https:\/\/centrourbano.com\/revista\/vivienda\/campana-ylaviviendaque-elecciones\/#primaryimage"},"image":{"@id":"https:\/\/centrourbano.com\/revista\/vivienda\/campana-ylaviviendaque-elecciones\/#primaryimage"},"thumbnailUrl":"https:\/\/centrourbano.com\/revista\/wp-content\/uploads\/La-campana-YLaViviendaQue-busca-animar-a-la-ciudadania-a-exigir-a-todas-las-candidaturas-a-tomar-una-posicion-clara-alrededor-de-la-vivienda.jpg","datePublished":"2024-03-01T14:00:58+00:00","description":"La campa\u00f1a #YLaViviendaQu\u00e9 busca animar a la ciudadan\u00eda a exigir a todas las candidaturas a tomar una posici\u00f3n clara alrededor de la vivienda En el marco","breadcrumb":{"@id":"https:\/\/centrourbano.com\/revista\/vivienda\/campana-ylaviviendaque-elecciones\/#breadcrumb"},"inLanguage":"es","potentialAction":[{"@type":"ReadAction","target":["https:\/\/centrourbano.com\/revista\/vivienda\/campana-ylaviviendaque-elecciones\/"]}]},{"@type":"ImageObject","inLanguage":"es","@id":"https:\/\/centrourbano.com\/revista\/vivienda\/campana-ylaviviendaque-elecciones\/#primaryimage","url":"https:\/\/centrourbano.com\/revista\/wp-content\/uploads\/La-campana-YLaViviendaQue-busca-animar-a-la-ciudadania-a-exigir-a-todas-las-candidaturas-a-tomar-una-posicion-clara-alrededor-de-la-vivienda.jpg","contentUrl":"https:\/\/centrourbano.com\/revista\/wp-content\/uploads\/La-campana-YLaViviendaQue-busca-animar-a-la-ciudadania-a-exigir-a-todas-las-candidaturas-a-tomar-una-posicion-clara-alrededor-de-la-vivienda.jpg","width":1000,"height":810,"caption":"La campa\u00f1a #YLaViviendaQu\u00e9 busca animar a la ciudadan\u00eda a exigir a todas las candidaturas a tomar una posici\u00f3n clara alrededor de la vivienda"},{"@type":"BreadcrumbList","@id":"https:\/\/centrourbano.com\/revista\/vivienda\/campana-ylaviviendaque-elecciones\/#breadcrumb","itemListElement":[{"@type":"ListItem","position":1,"name":"Portada","item":"https:\/\/centrourbano.com\/revista\/"},{"@type":"ListItem","position":2,"name":"Lanzan campa\u00f1a #YLaViviendaQu\u00e9 rumbo a elecciones de 2024"}]},{"@type":"WebSite","@id":"https:\/\/centrourbano.com\/revista\/#website","url":"https:\/\/centrourbano.com\/revista\/","name":"Centro Urbano","description":"Medio especializado en los sectores vivienda, inmobiliario, construcci\u00f3n, arquitectura y urbanismo.","publisher":{"@id":"https:\/\/centrourbano.com\/revista\/#organization"},"potentialAction":[{"@type":"SearchAction","target":{"@type":"EntryPoint","urlTemplate":"https:\/\/centrourbano.com\/revista\/?s={search_term_string}"},"query-input":{"@type":"PropertyValueSpecification","valueRequired":true,"valueName":"search_term_string"}}],"inLanguage":"es"},{"@type":"Organization","@id":"https:\/\/centrourbano.com\/revista\/#organization","name":"Centro Urbano","url":"https:\/\/centrourbano.com\/revista\/","logo":{"@type":"ImageObject","inLanguage":"es","@id":"https:\/\/centrourbano.com\/revista\/#\/schema\/logo\/image\/","url":"https:\/\/centrourbano.com\/revista\/wp-content\/uploads\/web_CU_logo-1.png","contentUrl":"https:\/\/centrourbano.com\/revista\/wp-content\/uploads\/web_CU_logo-1.png","width":350,"height":91,"caption":"Centro Urbano"},"image":{"@id":"https:\/\/centrourbano.com\/revista\/#\/schema\/logo\/image\/"},"sameAs":["https:\/\/www.facebook.com\/portalcentrourbano","https:\/\/x.com\/CentroUrbano","https:\/\/www.instagram.com\/centro_urbano\/","https:\/\/www.linkedin.com\/company\/centro-urbano\/","http:\/\/www.youtube.com\/user\/portalcentrourbano"]},{"@type":"Person","@id":"https:\/\/centrourbano.com\/revista\/#\/schema\/person\/b190b20bbbceb41ec72278c546fa8df3","name":"Fernanda Hern\u00e1ndez","image":{"@type":"ImageObject","inLanguage":"es","@id":"https:\/\/secure.gravatar.com\/avatar\/9471831fb0a24eae9d32d826a7cb8ef07c34a41520aca1a0ab1f5c0903ba49b9?s=96&d=mm&r=g","url":"https:\/\/secure.gravatar.com\/avatar\/9471831fb0a24eae9d32d826a7cb8ef07c34a41520aca1a0ab1f5c0903ba49b9?s=96&d=mm&r=g","contentUrl":"https:\/\/secure.gravatar.com\/avatar\/9471831fb0a24eae9d32d826a7cb8ef07c34a41520aca1a0ab1f5c0903ba49b9?s=96&d=mm&r=g","caption":"Fernanda Hern\u00e1ndez"},"description":"Reportera y redactora en Centro Urbano. Soy egresada de la licenciatura en Ciencias de la Comunicaci\u00f3n de la Facultad de Ciencias Pol\u00edticas y Sociales (UNAM). Me interesa la cultura, el urbanismo y la arquitectura. Amante del mundo digital, el cine, la m\u00fasica, la lectura y la escritura.","sameAs":["https:\/\/x.com\/https:\/\/twitter.com\/Nannz_Hernandez"],"url":"https:\/\/centrourbano.com\/revista\/author\/fernanda-hernandez\/"}]}},"_links":{"self":[{"href":"https:\/\/centrourbano.com\/revista\/wp-json\/wp\/v2\/posts\/146653","targetHints":{"allow":["GET"]}}],"collection":[{"href":"https:\/\/centrourbano.com\/revista\/wp-json\/wp\/v2\/posts"}],"about":[{"href":"https:\/\/centrourbano.com\/revista\/wp-json\/wp\/v2\/types\/post"}],"author":[{"embeddable":true,"href":"https:\/\/centrourbano.com\/revista\/wp-json\/wp\/v2\/users\/73"}],"replies":[{"embeddable":true,"href":"https:\/\/centrourbano.com\/revista\/wp-json\/wp\/v2\/comments?post=146653"}],"version-history":[{"count":2,"href":"https:\/\/centrourbano.com\/revista\/wp-json\/wp\/v2\/posts\/146653\/revisions"}],"predecessor-version":[{"id":146656,"href":"https:\/\/centrourbano.com\/revista\/wp-json\/wp\/v2\/posts\/146653\/revisions\/146656"}],"wp:featuredmedia":[{"embeddable":true,"href":"https:\/\/centrourbano.com\/revista\/wp-json\/wp\/v2\/media\/146654"}],"wp:attachment":[{"href":"https:\/\/centrourbano.com\/revista\/wp-json\/wp\/v2\/media?parent=146653"}],"wp:term":[{"taxonomy":"category","embeddable":true,"href":"https:\/\/centrourbano.com\/revista\/wp-json\/wp\/v2\/categories?post=146653"},{"taxonomy":"post_tag","embeddable":true,"href":"https:\/\/centrourbano.com\/revista\/wp-json\/wp\/v2\/tags?post=146653"}],"curies":[{"name":"wp","href":"https:\/\/api.w.org\/{rel}","templated":true}]}}