{"id":146436,"date":"2024-02-20T13:44:27","date_gmt":"2024-02-20T19:44:27","guid":{"rendered":"https:\/\/centrourbano.com\/?p=146436"},"modified":"2024-02-20T13:44:27","modified_gmt":"2024-02-20T19:44:27","slug":"fibras-aumentaron-area-rentable","status":"publish","type":"post","link":"https:\/\/centrourbano.com\/revista\/inmobiliario\/fibras-aumentaron-area-rentable\/","title":{"rendered":"Fibras aumentaron 20% su \u00e1rea rentable: Amefibra"},"content":{"rendered":"<p><em>El aumento en los inmuebles sustentables es una de las tendencias en las que participar\u00e1n las fibras <\/em><!--more--><\/p>\n<p>De acuerdo con Josefina Mois\u00e9s, directora general de Amefibra, <strong>las fibras han presentado una acelerada recuperaci\u00f3n<\/strong>, ocasionada por el nearshoring, el inter\u00e9s por las empresas de establecerse en M\u00e9xico; as\u00ed como la <strong>facilidad de adaptaci\u00f3n de los espacios a las tendencias<\/strong> innovadoras del mercado inmobiliario.<\/p>\n<p>En ese sentido, <a href=\"https:\/\/amefibra.com\/\" target=\"_blank\" rel=\"noopener\">Amefibra<\/a> resalt\u00f3 que, <strong>durante del 2021 al 2023, los fideicomisos contaron con un crecimiento del 20% en su \u00e1rea rentable<\/strong>. Mientras que el valor de la inversi\u00f3n en activos inmobiliarios increment\u00f3 un 22%; cifra que equivale a 800,000 millones de pesos (mdp) en m\u00e1s de 2,000 propiedades en todo el pa\u00eds.<\/p>\n<p>Al respecto, Mois\u00e9s resalt\u00f3 que <strong>las fibras continuar\u00e1n adapt\u00e1ndose a las tendencias del mercado<\/strong>, por ejemplo, en temas sustentables. Por lo que su crecimiento podr\u00eda ser la respuesta a este esfuerzo.<\/p>\n<blockquote><p>\u201cVeremos a muchos desarrolladores incorporando pr\u00e1cticas sostenibles y nuevas tecnolog\u00edas de manera continua, en todas las etapas del proceso, as\u00ed como respondiendo \u00e1gilmente a los cambios en preferencias que marca el mercado\u201d, coment\u00f3.<\/p><\/blockquote>\n<h2>Tendencias en las que participar\u00e1n las fibras<\/h2>\n<p>Acerca de las <strong>tendencias<\/strong> a las que se sumar\u00e1n las fibras, la directora general de <a href=\"https:\/\/centrourbano.com\/?s=amefibra\" target=\"_blank\" rel=\"noopener\">Amefibra<\/a> resalt\u00f3 que el <strong>aumento de las edificaciones sustentables es de las principales<\/strong>. Esto se debe al compromiso que el mundo ha adquirido por la sostenibilidad, y las Fibras no se quedan fuera de \u00e9l.<\/p>\n<p>Por ello, la especialista estima que los fideicomisos cuenten con un crecimiento significativo de los proyectos sustentables. Esfuerzos que podr\u00edan apoyar en el uso de energ\u00edas limpias, sistemas de ahorro de recursos y desechos. As\u00ed como <strong>la b\u00fasqueda e impulso a desarrolladores respetuosos con el medioambiente<\/strong>.<\/p>\n<p>Por otra parte, la <strong>verticalizaci\u00f3n urbana<\/strong> es un tema que, durante este 2024, continuar\u00e1 con un gran impulso. Debido a que este modelo <strong>busca que sus habitantes aumenten su calidad de vida<\/strong>, que puedan aprovechar al m\u00e1ximo su tiempo y espacio; adem\u00e1s, de contar con <strong>ubicaciones que no los obliguen a realizar largos desplazamientos<\/strong>.<\/p>\n<p>Un ejemplo de ello son los proyectos inmobiliarios ubicados en zonas de mayor crecimiento, en la Ciudad de M\u00e9xico es el caso de zonas como Polanco, Del Valle y Santa Fe. Mientras que, en Nuevo Le\u00f3n, se trata de zonas como Monterrey y San Pedro Garza Garc\u00eda.<\/p>\n<p>En otros temas, Mois\u00e9s considera que los <strong>activos tangibles tengan un auge<\/strong>, pues al contar con incertidumbre econ\u00f3mica, los inversionistas buscan refugio en activos con rendimientos atractivos a largo plazo; por lo que <strong>aumenta la demanda de bienes ra\u00edces como inversi\u00f3n<\/strong>, ya que la inversi\u00f3n en inmuebles ofrece seguridad.<\/p>\n","protected":false},"excerpt":{"rendered":"<p>El aumento en los inmuebles sustentables es una de las tendencias en las que participar\u00e1n las fibras<\/p>\n","protected":false},"author":88,"featured_media":146437,"comment_status":"open","ping_status":"closed","sticky":false,"template":"","format":"standard","meta":{"om_disable_all_campaigns":false,"inline_featured_image":false,"_monsterinsights_skip_tracking":false,"_monsterinsights_sitenote_active":false,"_monsterinsights_sitenote_note":"","_monsterinsights_sitenote_category":0,"footnotes":""},"categories":[15],"tags":[18690,24042,44],"class_list":["post-146436","post","type-post","status-publish","format-standard","has-post-thumbnail","hentry","category-inmobiliario","tag-amefibra","tag-area-rentable-bruta-arb","tag-fibras"],"yoast_head":"<!-- This site is optimized with the Yoast SEO plugin v27.5 - https:\/\/yoast.com\/product\/yoast-seo-wordpress\/ -->\n<title>Fibras aumentaron 20% su \u00e1rea rentable: Amefibra -<\/title>\n<meta name=\"description\" content=\"El aumento en los inmuebles sustentables es una de las tendencias en las que participar\u00e1n las fibras De acuerdo con Josefina Mois\u00e9s, directora general de\" \/>\n<meta name=\"robots\" content=\"index, follow, max-snippet:-1, max-image-preview:large, max-video-preview:-1\" \/>\n<link rel=\"canonical\" href=\"https:\/\/centrourbano.com\/revista\/inmobiliario\/fibras-aumentaron-area-rentable\/\" \/>\n<meta property=\"og:locale\" content=\"es_ES\" \/>\n<meta property=\"og:type\" content=\"article\" \/>\n<meta property=\"og:title\" content=\"Fibras aumentaron 20% su \u00e1rea rentable: Amefibra -\" \/>\n<meta property=\"og:description\" content=\"El aumento en los inmuebles sustentables es una de las tendencias en las que participar\u00e1n las fibras De acuerdo con Josefina Mois\u00e9s, directora general de\" \/>\n<meta property=\"og:url\" content=\"https:\/\/centrourbano.com\/revista\/inmobiliario\/fibras-aumentaron-area-rentable\/\" \/>\n<meta property=\"og:site_name\" content=\"Centro Urbano\" \/>\n<meta property=\"article:publisher\" content=\"https:\/\/www.facebook.com\/portalcentrourbano\" \/>\n<meta property=\"article:published_time\" content=\"2024-02-20T19:44:27+00:00\" \/>\n<meta property=\"og:image\" content=\"https:\/\/centrourbano.com\/revista\/wp-content\/uploads\/800-parques-industriales-2.jpg\" \/>\n\t<meta property=\"og:image:width\" content=\"800\" \/>\n\t<meta property=\"og:image:height\" content=\"800\" \/>\n\t<meta property=\"og:image:type\" content=\"image\/jpeg\" \/>\n<meta name=\"author\" content=\"Rebeca Romero\" \/>\n<meta name=\"twitter:card\" content=\"summary_large_image\" \/>\n<meta name=\"twitter:creator\" content=\"@CentroUrbano\" \/>\n<meta name=\"twitter:site\" content=\"@CentroUrbano\" \/>\n<meta name=\"twitter:label1\" content=\"Escrito por\" \/>\n\t<meta name=\"twitter:data1\" content=\"Rebeca Romero\" \/>\n\t<meta name=\"twitter:label2\" content=\"Tiempo de lectura\" \/>\n\t<meta name=\"twitter:data2\" content=\"2 minutos\" \/>\n<script type=\"application\/ld+json\" class=\"yoast-schema-graph\">{\"@context\":\"https:\\\/\\\/schema.org\",\"@graph\":[{\"@type\":\"Article\",\"@id\":\"https:\\\/\\\/centrourbano.com\\\/revista\\\/inmobiliario\\\/fibras-aumentaron-area-rentable\\\/#article\",\"isPartOf\":{\"@id\":\"https:\\\/\\\/centrourbano.com\\\/revista\\\/inmobiliario\\\/fibras-aumentaron-area-rentable\\\/\"},\"author\":{\"name\":\"Rebeca Romero\",\"@id\":\"https:\\\/\\\/centrourbano.com\\\/revista\\\/#\\\/schema\\\/person\\\/c665f1c60da3ad48cd761a707b7090b0\"},\"headline\":\"Fibras aumentaron 20% su \u00e1rea rentable: Amefibra\",\"datePublished\":\"2024-02-20T19:44:27+00:00\",\"mainEntityOfPage\":{\"@id\":\"https:\\\/\\\/centrourbano.com\\\/revista\\\/inmobiliario\\\/fibras-aumentaron-area-rentable\\\/\"},\"wordCount\":463,\"commentCount\":0,\"publisher\":{\"@id\":\"https:\\\/\\\/centrourbano.com\\\/revista\\\/#organization\"},\"image\":{\"@id\":\"https:\\\/\\\/centrourbano.com\\\/revista\\\/inmobiliario\\\/fibras-aumentaron-area-rentable\\\/#primaryimage\"},\"thumbnailUrl\":\"https:\\\/\\\/centrourbano.com\\\/revista\\\/wp-content\\\/uploads\\\/800-parques-industriales-2.jpg\",\"keywords\":[\"Amefibra\",\"\u00e1rea rentable bruta (ARB)\",\"Fibras\"],\"articleSection\":[\"Inmobiliario\"],\"inLanguage\":\"es\",\"potentialAction\":[{\"@type\":\"CommentAction\",\"name\":\"Comment\",\"target\":[\"https:\\\/\\\/centrourbano.com\\\/revista\\\/inmobiliario\\\/fibras-aumentaron-area-rentable\\\/#respond\"]}]},{\"@type\":\"WebPage\",\"@id\":\"https:\\\/\\\/centrourbano.com\\\/revista\\\/inmobiliario\\\/fibras-aumentaron-area-rentable\\\/\",\"url\":\"https:\\\/\\\/centrourbano.com\\\/revista\\\/inmobiliario\\\/fibras-aumentaron-area-rentable\\\/\",\"name\":\"Fibras aumentaron 20% su \u00e1rea rentable: Amefibra -\",\"isPartOf\":{\"@id\":\"https:\\\/\\\/centrourbano.com\\\/revista\\\/#website\"},\"primaryImageOfPage\":{\"@id\":\"https:\\\/\\\/centrourbano.com\\\/revista\\\/inmobiliario\\\/fibras-aumentaron-area-rentable\\\/#primaryimage\"},\"image\":{\"@id\":\"https:\\\/\\\/centrourbano.com\\\/revista\\\/inmobiliario\\\/fibras-aumentaron-area-rentable\\\/#primaryimage\"},\"thumbnailUrl\":\"https:\\\/\\\/centrourbano.com\\\/revista\\\/wp-content\\\/uploads\\\/800-parques-industriales-2.jpg\",\"datePublished\":\"2024-02-20T19:44:27+00:00\",\"description\":\"El aumento en los inmuebles sustentables es una de las tendencias en las que participar\u00e1n las fibras De acuerdo con Josefina Mois\u00e9s, directora general de\",\"breadcrumb\":{\"@id\":\"https:\\\/\\\/centrourbano.com\\\/revista\\\/inmobiliario\\\/fibras-aumentaron-area-rentable\\\/#breadcrumb\"},\"inLanguage\":\"es\",\"potentialAction\":[{\"@type\":\"ReadAction\",\"target\":[\"https:\\\/\\\/centrourbano.com\\\/revista\\\/inmobiliario\\\/fibras-aumentaron-area-rentable\\\/\"]}]},{\"@type\":\"ImageObject\",\"inLanguage\":\"es\",\"@id\":\"https:\\\/\\\/centrourbano.com\\\/revista\\\/inmobiliario\\\/fibras-aumentaron-area-rentable\\\/#primaryimage\",\"url\":\"https:\\\/\\\/centrourbano.com\\\/revista\\\/wp-content\\\/uploads\\\/800-parques-industriales-2.jpg\",\"contentUrl\":\"https:\\\/\\\/centrourbano.com\\\/revista\\\/wp-content\\\/uploads\\\/800-parques-industriales-2.jpg\",\"width\":800,\"height\":800,\"caption\":\"Fibras aumentaron 20% su \u00e1rea rentable: Amefibra\"},{\"@type\":\"BreadcrumbList\",\"@id\":\"https:\\\/\\\/centrourbano.com\\\/revista\\\/inmobiliario\\\/fibras-aumentaron-area-rentable\\\/#breadcrumb\",\"itemListElement\":[{\"@type\":\"ListItem\",\"position\":1,\"name\":\"Portada\",\"item\":\"https:\\\/\\\/centrourbano.com\\\/revista\\\/\"},{\"@type\":\"ListItem\",\"position\":2,\"name\":\"Fibras aumentaron 20% su \u00e1rea rentable: Amefibra\"}]},{\"@type\":\"WebSite\",\"@id\":\"https:\\\/\\\/centrourbano.com\\\/revista\\\/#website\",\"url\":\"https:\\\/\\\/centrourbano.com\\\/revista\\\/\",\"name\":\"Centro Urbano\",\"description\":\"Medio especializado en los sectores vivienda, inmobiliario, construcci\u00f3n, arquitectura y urbanismo.\",\"publisher\":{\"@id\":\"https:\\\/\\\/centrourbano.com\\\/revista\\\/#organization\"},\"potentialAction\":[{\"@type\":\"SearchAction\",\"target\":{\"@type\":\"EntryPoint\",\"urlTemplate\":\"https:\\\/\\\/centrourbano.com\\\/revista\\\/?s={search_term_string}\"},\"query-input\":{\"@type\":\"PropertyValueSpecification\",\"valueRequired\":true,\"valueName\":\"search_term_string\"}}],\"inLanguage\":\"es\"},{\"@type\":\"Organization\",\"@id\":\"https:\\\/\\\/centrourbano.com\\\/revista\\\/#organization\",\"name\":\"Centro Urbano\",\"url\":\"https:\\\/\\\/centrourbano.com\\\/revista\\\/\",\"logo\":{\"@type\":\"ImageObject\",\"inLanguage\":\"es\",\"@id\":\"https:\\\/\\\/centrourbano.com\\\/revista\\\/#\\\/schema\\\/logo\\\/image\\\/\",\"url\":\"https:\\\/\\\/centrourbano.com\\\/revista\\\/wp-content\\\/uploads\\\/web_CU_logo-1.png\",\"contentUrl\":\"https:\\\/\\\/centrourbano.com\\\/revista\\\/wp-content\\\/uploads\\\/web_CU_logo-1.png\",\"width\":350,\"height\":91,\"caption\":\"Centro Urbano\"},\"image\":{\"@id\":\"https:\\\/\\\/centrourbano.com\\\/revista\\\/#\\\/schema\\\/logo\\\/image\\\/\"},\"sameAs\":[\"https:\\\/\\\/www.facebook.com\\\/portalcentrourbano\",\"https:\\\/\\\/x.com\\\/CentroUrbano\",\"https:\\\/\\\/www.instagram.com\\\/centro_urbano\\\/\",\"https:\\\/\\\/www.linkedin.com\\\/company\\\/centro-urbano\\\/\",\"http:\\\/\\\/www.youtube.com\\\/user\\\/portalcentrourbano\"]},{\"@type\":\"Person\",\"@id\":\"https:\\\/\\\/centrourbano.com\\\/revista\\\/#\\\/schema\\\/person\\\/c665f1c60da3ad48cd761a707b7090b0\",\"name\":\"Rebeca Romero\",\"image\":{\"@type\":\"ImageObject\",\"inLanguage\":\"es\",\"@id\":\"https:\\\/\\\/secure.gravatar.com\\\/avatar\\\/aee0068ae3cc041082e0e84a8258fe5ccc00a733f187bde73b0b40d86b892826?s=96&d=mm&r=g\",\"url\":\"https:\\\/\\\/secure.gravatar.com\\\/avatar\\\/aee0068ae3cc041082e0e84a8258fe5ccc00a733f187bde73b0b40d86b892826?s=96&d=mm&r=g\",\"contentUrl\":\"https:\\\/\\\/secure.gravatar.com\\\/avatar\\\/aee0068ae3cc041082e0e84a8258fe5ccc00a733f187bde73b0b40d86b892826?s=96&d=mm&r=g\",\"caption\":\"Rebeca Romero\"},\"url\":\"https:\\\/\\\/centrourbano.com\\\/revista\\\/author\\\/rebeca-romero\\\/\"}]}<\/script>\n<!-- \/ Yoast SEO plugin. -->","yoast_head_json":{"title":"Fibras aumentaron 20% su \u00e1rea rentable: Amefibra -","description":"El aumento en los inmuebles sustentables es una de las tendencias en las que participar\u00e1n las fibras De acuerdo con Josefina Mois\u00e9s, directora general de","robots":{"index":"index","follow":"follow","max-snippet":"max-snippet:-1","max-image-preview":"max-image-preview:large","max-video-preview":"max-video-preview:-1"},"canonical":"https:\/\/centrourbano.com\/revista\/inmobiliario\/fibras-aumentaron-area-rentable\/","og_locale":"es_ES","og_type":"article","og_title":"Fibras aumentaron 20% su \u00e1rea rentable: Amefibra -","og_description":"El aumento en los inmuebles sustentables es una de las tendencias en las que participar\u00e1n las fibras De acuerdo con Josefina Mois\u00e9s, directora general de","og_url":"https:\/\/centrourbano.com\/revista\/inmobiliario\/fibras-aumentaron-area-rentable\/","og_site_name":"Centro Urbano","article_publisher":"https:\/\/www.facebook.com\/portalcentrourbano","article_published_time":"2024-02-20T19:44:27+00:00","og_image":[{"width":800,"height":800,"url":"https:\/\/centrourbano.com\/revista\/wp-content\/uploads\/800-parques-industriales-2.jpg","type":"image\/jpeg"}],"author":"Rebeca Romero","twitter_card":"summary_large_image","twitter_creator":"@CentroUrbano","twitter_site":"@CentroUrbano","twitter_misc":{"Escrito por":"Rebeca Romero","Tiempo de lectura":"2 minutos"},"schema":{"@context":"https:\/\/schema.org","@graph":[{"@type":"Article","@id":"https:\/\/centrourbano.com\/revista\/inmobiliario\/fibras-aumentaron-area-rentable\/#article","isPartOf":{"@id":"https:\/\/centrourbano.com\/revista\/inmobiliario\/fibras-aumentaron-area-rentable\/"},"author":{"name":"Rebeca Romero","@id":"https:\/\/centrourbano.com\/revista\/#\/schema\/person\/c665f1c60da3ad48cd761a707b7090b0"},"headline":"Fibras aumentaron 20% su \u00e1rea rentable: Amefibra","datePublished":"2024-02-20T19:44:27+00:00","mainEntityOfPage":{"@id":"https:\/\/centrourbano.com\/revista\/inmobiliario\/fibras-aumentaron-area-rentable\/"},"wordCount":463,"commentCount":0,"publisher":{"@id":"https:\/\/centrourbano.com\/revista\/#organization"},"image":{"@id":"https:\/\/centrourbano.com\/revista\/inmobiliario\/fibras-aumentaron-area-rentable\/#primaryimage"},"thumbnailUrl":"https:\/\/centrourbano.com\/revista\/wp-content\/uploads\/800-parques-industriales-2.jpg","keywords":["Amefibra","\u00e1rea rentable bruta (ARB)","Fibras"],"articleSection":["Inmobiliario"],"inLanguage":"es","potentialAction":[{"@type":"CommentAction","name":"Comment","target":["https:\/\/centrourbano.com\/revista\/inmobiliario\/fibras-aumentaron-area-rentable\/#respond"]}]},{"@type":"WebPage","@id":"https:\/\/centrourbano.com\/revista\/inmobiliario\/fibras-aumentaron-area-rentable\/","url":"https:\/\/centrourbano.com\/revista\/inmobiliario\/fibras-aumentaron-area-rentable\/","name":"Fibras aumentaron 20% su \u00e1rea rentable: Amefibra -","isPartOf":{"@id":"https:\/\/centrourbano.com\/revista\/#website"},"primaryImageOfPage":{"@id":"https:\/\/centrourbano.com\/revista\/inmobiliario\/fibras-aumentaron-area-rentable\/#primaryimage"},"image":{"@id":"https:\/\/centrourbano.com\/revista\/inmobiliario\/fibras-aumentaron-area-rentable\/#primaryimage"},"thumbnailUrl":"https:\/\/centrourbano.com\/revista\/wp-content\/uploads\/800-parques-industriales-2.jpg","datePublished":"2024-02-20T19:44:27+00:00","description":"El aumento en los inmuebles sustentables es una de las tendencias en las que participar\u00e1n las fibras De acuerdo con Josefina Mois\u00e9s, directora general de","breadcrumb":{"@id":"https:\/\/centrourbano.com\/revista\/inmobiliario\/fibras-aumentaron-area-rentable\/#breadcrumb"},"inLanguage":"es","potentialAction":[{"@type":"ReadAction","target":["https:\/\/centrourbano.com\/revista\/inmobiliario\/fibras-aumentaron-area-rentable\/"]}]},{"@type":"ImageObject","inLanguage":"es","@id":"https:\/\/centrourbano.com\/revista\/inmobiliario\/fibras-aumentaron-area-rentable\/#primaryimage","url":"https:\/\/centrourbano.com\/revista\/wp-content\/uploads\/800-parques-industriales-2.jpg","contentUrl":"https:\/\/centrourbano.com\/revista\/wp-content\/uploads\/800-parques-industriales-2.jpg","width":800,"height":800,"caption":"Fibras aumentaron 20% su \u00e1rea rentable: Amefibra"},{"@type":"BreadcrumbList","@id":"https:\/\/centrourbano.com\/revista\/inmobiliario\/fibras-aumentaron-area-rentable\/#breadcrumb","itemListElement":[{"@type":"ListItem","position":1,"name":"Portada","item":"https:\/\/centrourbano.com\/revista\/"},{"@type":"ListItem","position":2,"name":"Fibras aumentaron 20% su \u00e1rea rentable: Amefibra"}]},{"@type":"WebSite","@id":"https:\/\/centrourbano.com\/revista\/#website","url":"https:\/\/centrourbano.com\/revista\/","name":"Centro Urbano","description":"Medio especializado en los sectores vivienda, inmobiliario, construcci\u00f3n, arquitectura y urbanismo.","publisher":{"@id":"https:\/\/centrourbano.com\/revista\/#organization"},"potentialAction":[{"@type":"SearchAction","target":{"@type":"EntryPoint","urlTemplate":"https:\/\/centrourbano.com\/revista\/?s={search_term_string}"},"query-input":{"@type":"PropertyValueSpecification","valueRequired":true,"valueName":"search_term_string"}}],"inLanguage":"es"},{"@type":"Organization","@id":"https:\/\/centrourbano.com\/revista\/#organization","name":"Centro Urbano","url":"https:\/\/centrourbano.com\/revista\/","logo":{"@type":"ImageObject","inLanguage":"es","@id":"https:\/\/centrourbano.com\/revista\/#\/schema\/logo\/image\/","url":"https:\/\/centrourbano.com\/revista\/wp-content\/uploads\/web_CU_logo-1.png","contentUrl":"https:\/\/centrourbano.com\/revista\/wp-content\/uploads\/web_CU_logo-1.png","width":350,"height":91,"caption":"Centro Urbano"},"image":{"@id":"https:\/\/centrourbano.com\/revista\/#\/schema\/logo\/image\/"},"sameAs":["https:\/\/www.facebook.com\/portalcentrourbano","https:\/\/x.com\/CentroUrbano","https:\/\/www.instagram.com\/centro_urbano\/","https:\/\/www.linkedin.com\/company\/centro-urbano\/","http:\/\/www.youtube.com\/user\/portalcentrourbano"]},{"@type":"Person","@id":"https:\/\/centrourbano.com\/revista\/#\/schema\/person\/c665f1c60da3ad48cd761a707b7090b0","name":"Rebeca Romero","image":{"@type":"ImageObject","inLanguage":"es","@id":"https:\/\/secure.gravatar.com\/avatar\/aee0068ae3cc041082e0e84a8258fe5ccc00a733f187bde73b0b40d86b892826?s=96&d=mm&r=g","url":"https:\/\/secure.gravatar.com\/avatar\/aee0068ae3cc041082e0e84a8258fe5ccc00a733f187bde73b0b40d86b892826?s=96&d=mm&r=g","contentUrl":"https:\/\/secure.gravatar.com\/avatar\/aee0068ae3cc041082e0e84a8258fe5ccc00a733f187bde73b0b40d86b892826?s=96&d=mm&r=g","caption":"Rebeca Romero"},"url":"https:\/\/centrourbano.com\/revista\/author\/rebeca-romero\/"}]}},"_links":{"self":[{"href":"https:\/\/centrourbano.com\/revista\/wp-json\/wp\/v2\/posts\/146436","targetHints":{"allow":["GET"]}}],"collection":[{"href":"https:\/\/centrourbano.com\/revista\/wp-json\/wp\/v2\/posts"}],"about":[{"href":"https:\/\/centrourbano.com\/revista\/wp-json\/wp\/v2\/types\/post"}],"author":[{"embeddable":true,"href":"https:\/\/centrourbano.com\/revista\/wp-json\/wp\/v2\/users\/88"}],"replies":[{"embeddable":true,"href":"https:\/\/centrourbano.com\/revista\/wp-json\/wp\/v2\/comments?post=146436"}],"version-history":[{"count":2,"href":"https:\/\/centrourbano.com\/revista\/wp-json\/wp\/v2\/posts\/146436\/revisions"}],"predecessor-version":[{"id":146439,"href":"https:\/\/centrourbano.com\/revista\/wp-json\/wp\/v2\/posts\/146436\/revisions\/146439"}],"wp:featuredmedia":[{"embeddable":true,"href":"https:\/\/centrourbano.com\/revista\/wp-json\/wp\/v2\/media\/146437"}],"wp:attachment":[{"href":"https:\/\/centrourbano.com\/revista\/wp-json\/wp\/v2\/media?parent=146436"}],"wp:term":[{"taxonomy":"category","embeddable":true,"href":"https:\/\/centrourbano.com\/revista\/wp-json\/wp\/v2\/categories?post=146436"},{"taxonomy":"post_tag","embeddable":true,"href":"https:\/\/centrourbano.com\/revista\/wp-json\/wp\/v2\/tags?post=146436"}],"curies":[{"name":"wp","href":"https:\/\/api.w.org\/{rel}","templated":true}]}}