{"id":146114,"date":"2024-02-09T17:00:35","date_gmt":"2024-02-09T23:00:35","guid":{"rendered":"https:\/\/centrourbano.com\/?p=146114"},"modified":"2024-02-09T17:00:35","modified_gmt":"2024-02-09T23:00:35","slug":"celebra-inbal-fundacion-de-guadalajara-con-exposicion-fotografica","status":"publish","type":"post","link":"https:\/\/centrourbano.com\/revista\/urbanismo\/celebra-inbal-fundacion-de-guadalajara-con-exposicion-fotografica\/","title":{"rendered":"Celebra Inbal fundaci\u00f3n de Guadalajara con exposici\u00f3n fotogr\u00e1fica"},"content":{"rendered":"<p><em>Esta muestra fotogr\u00e1fica se inaugur\u00f3 el pasado 8 de febrero en la Galer\u00eda Espacio Azul y permanecer\u00e1 abierta al p\u00fablico hasta el 17 de marzo<\/em><\/p>\n<p><!--more--><\/p>\n<p><strong><em>Miradas de Guadalajara. Un homenaje visual de la ciudad<\/em> <\/strong>es una exposici\u00f3n fotogr\u00e1fica presentada por el <strong><span style=\"color: #ff6600;\"><a style=\"color: #ff6600;\" href=\"https:\/\/www.cedartjco.com\/\">Centro de Educaci\u00f3n Art\u00edstica (Cedart) Jos\u00e9 Clemente Orozco<\/a><\/span><\/strong>, del <span style=\"color: #ff6600;\"><a style=\"color: #ff6600;\" href=\"https:\/\/inba.gob.mx\/\"><strong>Instituto Nacional de Bellas Artes y Literatura (Inbal)<\/strong><\/a><\/span> y la <strong><span style=\"color: #ff6600;\"><a style=\"color: #ff6600;\" href=\"https:\/\/sgeia.inba.gob.mx\/\">Subdirecci\u00f3n General de Educaci\u00f3n e Investigaci\u00f3n Art\u00edsticas (Sgeia)<\/a><\/span><\/strong>, con el fin de conmemorar la fundaci\u00f3n de Guadalajara, el 14 de febrero de 1542.<\/p>\n<p>Durante la ceremonia de inauguraci\u00f3n, Agust\u00edn Romero Rivas, egresado del Cedart, puntualiz\u00f3 que <em>Miradas de Guadalajara<\/em> busca ser un testimonio que re\u00fane las fotograf\u00edas de varios artistas, quienes conjuntan aproximadamente 80 im\u00e1genes que descubren las m\u00faltiples facetas de esta ciudad.<\/p>\n<p>Asegur\u00f3 que esta exposici\u00f3n celebra la fundaci\u00f3n de <strong><span style=\"color: #ff6600;\"><a style=\"color: #ff6600;\" href=\"https:\/\/centrourbano.com\/?s=guadalajar+\">Guadalajara<\/a><\/span><\/strong>, a trav\u00e9s de un viaje visual con diversas miradas que conforman la identidad de esta metr\u00f3poli. \u201cDesde rincones hist\u00f3ricos hasta paisajes urbanos modernos, cada fotograf\u00eda ofrece una perspectiva \u00fanica, contando historias que van m\u00e1s all\u00e1 de las palabras\u201d.<\/p>\n<p>Agreg\u00f3 que a trav\u00e9s de estas im\u00e1genes se evidencia a la ciudad como escenario y protagonista, descubriendo c\u00f3mo se convierte en un escenario din\u00e1mico, \u201cdonde se entrelazan historias, tradiciones y experiencias cotidianas\u201d, concluy\u00f3.<\/p>\n<img decoding=\"async\" src=\"https:\/\/inba.gob.mx\/multimedia\/prensa\/galerias\/19418\/19418-GAL-whatsapp_image_2024-02-08_at_11.13.19_am_(1).jpeg\" \/>\n","protected":false},"excerpt":{"rendered":"<p>Esta muestra fotogr\u00e1fica se inaugur\u00f3 el pasado 8 de febrero en la Galer\u00eda Espacio Azul y permanecer\u00e1 abierta al p\u00fablico hasta el 17 de marzo<\/p>\n","protected":false},"author":92,"featured_media":146120,"comment_status":"open","ping_status":"closed","sticky":false,"template":"","format":"standard","meta":{"om_disable_all_campaigns":false,"inline_featured_image":false,"_monsterinsights_skip_tracking":false,"_monsterinsights_sitenote_active":false,"_monsterinsights_sitenote_note":"","_monsterinsights_sitenote_category":0,"footnotes":""},"categories":[82],"tags":[23987,8833,120,14916,23986],"class_list":["post-146114","post","type-post","status-publish","format-standard","has-post-thumbnail","hentry","category-urbanismo","tag-cedart","tag-exposicion-fotografica","tag-guadalajara","tag-inbal","tag-miradas-de-guadalajara-un-homenaje-visual-de-la-ciudad"],"yoast_head":"<!-- This site is optimized with the Yoast SEO plugin v27.4 - https:\/\/yoast.com\/product\/yoast-seo-wordpress\/ -->\n<title>Celebra Inbal fundaci\u00f3n de Guadalajara con exposici\u00f3n fotogr\u00e1fica -<\/title>\n<meta name=\"description\" content=\"Esta muestra fotogr\u00e1fica se inaugur\u00f3 el pasado 8 de febrero en la Galer\u00eda Espacio Azul y permanecer\u00e1 abierta al p\u00fablico hasta el 17 de marzo Miradas de\" \/>\n<meta name=\"robots\" content=\"index, follow, max-snippet:-1, max-image-preview:large, max-video-preview:-1\" \/>\n<link rel=\"canonical\" href=\"https:\/\/centrourbano.com\/revista\/urbanismo\/celebra-inbal-fundacion-de-guadalajara-con-exposicion-fotografica\/\" \/>\n<meta property=\"og:locale\" content=\"es_ES\" \/>\n<meta property=\"og:type\" content=\"article\" \/>\n<meta property=\"og:title\" content=\"Celebra Inbal fundaci\u00f3n de Guadalajara con exposici\u00f3n fotogr\u00e1fica -\" \/>\n<meta property=\"og:description\" content=\"Esta muestra fotogr\u00e1fica se inaugur\u00f3 el pasado 8 de febrero en la Galer\u00eda Espacio Azul y permanecer\u00e1 abierta al p\u00fablico hasta el 17 de marzo Miradas de\" \/>\n<meta property=\"og:url\" content=\"https:\/\/centrourbano.com\/revista\/urbanismo\/celebra-inbal-fundacion-de-guadalajara-con-exposicion-fotografica\/\" \/>\n<meta property=\"og:site_name\" content=\"Centro Urbano\" \/>\n<meta property=\"article:publisher\" content=\"https:\/\/www.facebook.com\/portalcentrourbano\" \/>\n<meta property=\"article:published_time\" content=\"2024-02-09T23:00:35+00:00\" \/>\n<meta property=\"og:image\" content=\"https:\/\/centrourbano.com\/revista\/wp-content\/uploads\/Diseno-sin-titulo-39-1.png\" \/>\n\t<meta property=\"og:image:width\" content=\"800\" \/>\n\t<meta property=\"og:image:height\" content=\"800\" \/>\n\t<meta property=\"og:image:type\" content=\"image\/png\" \/>\n<meta name=\"author\" content=\"Daniela Ruiz\" \/>\n<meta name=\"twitter:card\" content=\"summary_large_image\" \/>\n<meta name=\"twitter:creator\" content=\"@CentroUrbano\" \/>\n<meta name=\"twitter:site\" content=\"@CentroUrbano\" \/>\n<meta name=\"twitter:label1\" content=\"Escrito por\" \/>\n\t<meta name=\"twitter:data1\" content=\"Daniela Ruiz\" \/>\n\t<meta name=\"twitter:label2\" content=\"Tiempo de lectura\" \/>\n\t<meta name=\"twitter:data2\" content=\"1 minuto\" \/>\n<script type=\"application\/ld+json\" class=\"yoast-schema-graph\">{\"@context\":\"https:\\\/\\\/schema.org\",\"@graph\":[{\"@type\":\"Article\",\"@id\":\"https:\\\/\\\/centrourbano.com\\\/revista\\\/urbanismo\\\/celebra-inbal-fundacion-de-guadalajara-con-exposicion-fotografica\\\/#article\",\"isPartOf\":{\"@id\":\"https:\\\/\\\/centrourbano.com\\\/revista\\\/urbanismo\\\/celebra-inbal-fundacion-de-guadalajara-con-exposicion-fotografica\\\/\"},\"author\":{\"name\":\"Daniela Ruiz\",\"@id\":\"https:\\\/\\\/centrourbano.com\\\/revista\\\/#\\\/schema\\\/person\\\/d8323677cec17d90f1f6a6c421c202e7\"},\"headline\":\"Celebra Inbal fundaci\u00f3n de Guadalajara con exposici\u00f3n fotogr\u00e1fica\",\"datePublished\":\"2024-02-09T23:00:35+00:00\",\"mainEntityOfPage\":{\"@id\":\"https:\\\/\\\/centrourbano.com\\\/revista\\\/urbanismo\\\/celebra-inbal-fundacion-de-guadalajara-con-exposicion-fotografica\\\/\"},\"wordCount\":238,\"commentCount\":0,\"publisher\":{\"@id\":\"https:\\\/\\\/centrourbano.com\\\/revista\\\/#organization\"},\"image\":{\"@id\":\"https:\\\/\\\/centrourbano.com\\\/revista\\\/urbanismo\\\/celebra-inbal-fundacion-de-guadalajara-con-exposicion-fotografica\\\/#primaryimage\"},\"thumbnailUrl\":\"https:\\\/\\\/centrourbano.com\\\/revista\\\/wp-content\\\/uploads\\\/Diseno-sin-titulo-39-1.png\",\"keywords\":[\"Cedart\",\"Exposici\u00f3n fotogr\u00e1fica\",\"Guadalajara\",\"INBAL\",\"Miradas de Guadalajara. Un homenaje visual de la ciudad\"],\"articleSection\":[\"Urbanismo\"],\"inLanguage\":\"es\",\"potentialAction\":[{\"@type\":\"CommentAction\",\"name\":\"Comment\",\"target\":[\"https:\\\/\\\/centrourbano.com\\\/revista\\\/urbanismo\\\/celebra-inbal-fundacion-de-guadalajara-con-exposicion-fotografica\\\/#respond\"]}]},{\"@type\":\"WebPage\",\"@id\":\"https:\\\/\\\/centrourbano.com\\\/revista\\\/urbanismo\\\/celebra-inbal-fundacion-de-guadalajara-con-exposicion-fotografica\\\/\",\"url\":\"https:\\\/\\\/centrourbano.com\\\/revista\\\/urbanismo\\\/celebra-inbal-fundacion-de-guadalajara-con-exposicion-fotografica\\\/\",\"name\":\"Celebra Inbal fundaci\u00f3n de Guadalajara con exposici\u00f3n fotogr\u00e1fica -\",\"isPartOf\":{\"@id\":\"https:\\\/\\\/centrourbano.com\\\/revista\\\/#website\"},\"primaryImageOfPage\":{\"@id\":\"https:\\\/\\\/centrourbano.com\\\/revista\\\/urbanismo\\\/celebra-inbal-fundacion-de-guadalajara-con-exposicion-fotografica\\\/#primaryimage\"},\"image\":{\"@id\":\"https:\\\/\\\/centrourbano.com\\\/revista\\\/urbanismo\\\/celebra-inbal-fundacion-de-guadalajara-con-exposicion-fotografica\\\/#primaryimage\"},\"thumbnailUrl\":\"https:\\\/\\\/centrourbano.com\\\/revista\\\/wp-content\\\/uploads\\\/Diseno-sin-titulo-39-1.png\",\"datePublished\":\"2024-02-09T23:00:35+00:00\",\"description\":\"Esta muestra fotogr\u00e1fica se inaugur\u00f3 el pasado 8 de febrero en la Galer\u00eda Espacio Azul y permanecer\u00e1 abierta al p\u00fablico hasta el 17 de marzo Miradas de\",\"breadcrumb\":{\"@id\":\"https:\\\/\\\/centrourbano.com\\\/revista\\\/urbanismo\\\/celebra-inbal-fundacion-de-guadalajara-con-exposicion-fotografica\\\/#breadcrumb\"},\"inLanguage\":\"es\",\"potentialAction\":[{\"@type\":\"ReadAction\",\"target\":[\"https:\\\/\\\/centrourbano.com\\\/revista\\\/urbanismo\\\/celebra-inbal-fundacion-de-guadalajara-con-exposicion-fotografica\\\/\"]}]},{\"@type\":\"ImageObject\",\"inLanguage\":\"es\",\"@id\":\"https:\\\/\\\/centrourbano.com\\\/revista\\\/urbanismo\\\/celebra-inbal-fundacion-de-guadalajara-con-exposicion-fotografica\\\/#primaryimage\",\"url\":\"https:\\\/\\\/centrourbano.com\\\/revista\\\/wp-content\\\/uploads\\\/Diseno-sin-titulo-39-1.png\",\"contentUrl\":\"https:\\\/\\\/centrourbano.com\\\/revista\\\/wp-content\\\/uploads\\\/Diseno-sin-titulo-39-1.png\",\"width\":800,\"height\":800,\"caption\":\"Celebra Inbal fundaci\u00f3n de Guadalajara con exposici\u00f3n fotogr\u00e1fica\"},{\"@type\":\"BreadcrumbList\",\"@id\":\"https:\\\/\\\/centrourbano.com\\\/revista\\\/urbanismo\\\/celebra-inbal-fundacion-de-guadalajara-con-exposicion-fotografica\\\/#breadcrumb\",\"itemListElement\":[{\"@type\":\"ListItem\",\"position\":1,\"name\":\"Portada\",\"item\":\"https:\\\/\\\/centrourbano.com\\\/revista\\\/\"},{\"@type\":\"ListItem\",\"position\":2,\"name\":\"Celebra Inbal fundaci\u00f3n de Guadalajara con exposici\u00f3n fotogr\u00e1fica\"}]},{\"@type\":\"WebSite\",\"@id\":\"https:\\\/\\\/centrourbano.com\\\/revista\\\/#website\",\"url\":\"https:\\\/\\\/centrourbano.com\\\/revista\\\/\",\"name\":\"Centro Urbano\",\"description\":\"Medio especializado en los sectores vivienda, inmobiliario, construcci\u00f3n, arquitectura y urbanismo.\",\"publisher\":{\"@id\":\"https:\\\/\\\/centrourbano.com\\\/revista\\\/#organization\"},\"potentialAction\":[{\"@type\":\"SearchAction\",\"target\":{\"@type\":\"EntryPoint\",\"urlTemplate\":\"https:\\\/\\\/centrourbano.com\\\/revista\\\/?s={search_term_string}\"},\"query-input\":{\"@type\":\"PropertyValueSpecification\",\"valueRequired\":true,\"valueName\":\"search_term_string\"}}],\"inLanguage\":\"es\"},{\"@type\":\"Organization\",\"@id\":\"https:\\\/\\\/centrourbano.com\\\/revista\\\/#organization\",\"name\":\"Centro Urbano\",\"url\":\"https:\\\/\\\/centrourbano.com\\\/revista\\\/\",\"logo\":{\"@type\":\"ImageObject\",\"inLanguage\":\"es\",\"@id\":\"https:\\\/\\\/centrourbano.com\\\/revista\\\/#\\\/schema\\\/logo\\\/image\\\/\",\"url\":\"https:\\\/\\\/centrourbano.com\\\/revista\\\/wp-content\\\/uploads\\\/web_CU_logo-1.png\",\"contentUrl\":\"https:\\\/\\\/centrourbano.com\\\/revista\\\/wp-content\\\/uploads\\\/web_CU_logo-1.png\",\"width\":350,\"height\":91,\"caption\":\"Centro Urbano\"},\"image\":{\"@id\":\"https:\\\/\\\/centrourbano.com\\\/revista\\\/#\\\/schema\\\/logo\\\/image\\\/\"},\"sameAs\":[\"https:\\\/\\\/www.facebook.com\\\/portalcentrourbano\",\"https:\\\/\\\/x.com\\\/CentroUrbano\",\"https:\\\/\\\/www.instagram.com\\\/centro_urbano\\\/\",\"https:\\\/\\\/www.linkedin.com\\\/company\\\/centro-urbano\\\/\",\"http:\\\/\\\/www.youtube.com\\\/user\\\/portalcentrourbano\"]},{\"@type\":\"Person\",\"@id\":\"https:\\\/\\\/centrourbano.com\\\/revista\\\/#\\\/schema\\\/person\\\/d8323677cec17d90f1f6a6c421c202e7\",\"name\":\"Daniela Ruiz\",\"image\":{\"@type\":\"ImageObject\",\"inLanguage\":\"es\",\"@id\":\"https:\\\/\\\/secure.gravatar.com\\\/avatar\\\/ec08338a9ab95e73bee642997b5b9a0ff0eed01e3f9ffce27e4629fe5fd269b0?s=96&d=mm&r=g\",\"url\":\"https:\\\/\\\/secure.gravatar.com\\\/avatar\\\/ec08338a9ab95e73bee642997b5b9a0ff0eed01e3f9ffce27e4629fe5fd269b0?s=96&d=mm&r=g\",\"contentUrl\":\"https:\\\/\\\/secure.gravatar.com\\\/avatar\\\/ec08338a9ab95e73bee642997b5b9a0ff0eed01e3f9ffce27e4629fe5fd269b0?s=96&d=mm&r=g\",\"caption\":\"Daniela Ruiz\"},\"url\":\"https:\\\/\\\/centrourbano.com\\\/revista\\\/author\\\/daniela-ruiz\\\/\"}]}<\/script>\n<!-- \/ Yoast SEO plugin. -->","yoast_head_json":{"title":"Celebra Inbal fundaci\u00f3n de Guadalajara con exposici\u00f3n fotogr\u00e1fica -","description":"Esta muestra fotogr\u00e1fica se inaugur\u00f3 el pasado 8 de febrero en la Galer\u00eda Espacio Azul y permanecer\u00e1 abierta al p\u00fablico hasta el 17 de marzo Miradas de","robots":{"index":"index","follow":"follow","max-snippet":"max-snippet:-1","max-image-preview":"max-image-preview:large","max-video-preview":"max-video-preview:-1"},"canonical":"https:\/\/centrourbano.com\/revista\/urbanismo\/celebra-inbal-fundacion-de-guadalajara-con-exposicion-fotografica\/","og_locale":"es_ES","og_type":"article","og_title":"Celebra Inbal fundaci\u00f3n de Guadalajara con exposici\u00f3n fotogr\u00e1fica -","og_description":"Esta muestra fotogr\u00e1fica se inaugur\u00f3 el pasado 8 de febrero en la Galer\u00eda Espacio Azul y permanecer\u00e1 abierta al p\u00fablico hasta el 17 de marzo Miradas de","og_url":"https:\/\/centrourbano.com\/revista\/urbanismo\/celebra-inbal-fundacion-de-guadalajara-con-exposicion-fotografica\/","og_site_name":"Centro Urbano","article_publisher":"https:\/\/www.facebook.com\/portalcentrourbano","article_published_time":"2024-02-09T23:00:35+00:00","og_image":[{"width":800,"height":800,"url":"https:\/\/centrourbano.com\/revista\/wp-content\/uploads\/Diseno-sin-titulo-39-1.png","type":"image\/png"}],"author":"Daniela Ruiz","twitter_card":"summary_large_image","twitter_creator":"@CentroUrbano","twitter_site":"@CentroUrbano","twitter_misc":{"Escrito por":"Daniela Ruiz","Tiempo de lectura":"1 minuto"},"schema":{"@context":"https:\/\/schema.org","@graph":[{"@type":"Article","@id":"https:\/\/centrourbano.com\/revista\/urbanismo\/celebra-inbal-fundacion-de-guadalajara-con-exposicion-fotografica\/#article","isPartOf":{"@id":"https:\/\/centrourbano.com\/revista\/urbanismo\/celebra-inbal-fundacion-de-guadalajara-con-exposicion-fotografica\/"},"author":{"name":"Daniela Ruiz","@id":"https:\/\/centrourbano.com\/revista\/#\/schema\/person\/d8323677cec17d90f1f6a6c421c202e7"},"headline":"Celebra Inbal fundaci\u00f3n de Guadalajara con exposici\u00f3n fotogr\u00e1fica","datePublished":"2024-02-09T23:00:35+00:00","mainEntityOfPage":{"@id":"https:\/\/centrourbano.com\/revista\/urbanismo\/celebra-inbal-fundacion-de-guadalajara-con-exposicion-fotografica\/"},"wordCount":238,"commentCount":0,"publisher":{"@id":"https:\/\/centrourbano.com\/revista\/#organization"},"image":{"@id":"https:\/\/centrourbano.com\/revista\/urbanismo\/celebra-inbal-fundacion-de-guadalajara-con-exposicion-fotografica\/#primaryimage"},"thumbnailUrl":"https:\/\/centrourbano.com\/revista\/wp-content\/uploads\/Diseno-sin-titulo-39-1.png","keywords":["Cedart","Exposici\u00f3n fotogr\u00e1fica","Guadalajara","INBAL","Miradas de Guadalajara. Un homenaje visual de la ciudad"],"articleSection":["Urbanismo"],"inLanguage":"es","potentialAction":[{"@type":"CommentAction","name":"Comment","target":["https:\/\/centrourbano.com\/revista\/urbanismo\/celebra-inbal-fundacion-de-guadalajara-con-exposicion-fotografica\/#respond"]}]},{"@type":"WebPage","@id":"https:\/\/centrourbano.com\/revista\/urbanismo\/celebra-inbal-fundacion-de-guadalajara-con-exposicion-fotografica\/","url":"https:\/\/centrourbano.com\/revista\/urbanismo\/celebra-inbal-fundacion-de-guadalajara-con-exposicion-fotografica\/","name":"Celebra Inbal fundaci\u00f3n de Guadalajara con exposici\u00f3n fotogr\u00e1fica -","isPartOf":{"@id":"https:\/\/centrourbano.com\/revista\/#website"},"primaryImageOfPage":{"@id":"https:\/\/centrourbano.com\/revista\/urbanismo\/celebra-inbal-fundacion-de-guadalajara-con-exposicion-fotografica\/#primaryimage"},"image":{"@id":"https:\/\/centrourbano.com\/revista\/urbanismo\/celebra-inbal-fundacion-de-guadalajara-con-exposicion-fotografica\/#primaryimage"},"thumbnailUrl":"https:\/\/centrourbano.com\/revista\/wp-content\/uploads\/Diseno-sin-titulo-39-1.png","datePublished":"2024-02-09T23:00:35+00:00","description":"Esta muestra fotogr\u00e1fica se inaugur\u00f3 el pasado 8 de febrero en la Galer\u00eda Espacio Azul y permanecer\u00e1 abierta al p\u00fablico hasta el 17 de marzo Miradas de","breadcrumb":{"@id":"https:\/\/centrourbano.com\/revista\/urbanismo\/celebra-inbal-fundacion-de-guadalajara-con-exposicion-fotografica\/#breadcrumb"},"inLanguage":"es","potentialAction":[{"@type":"ReadAction","target":["https:\/\/centrourbano.com\/revista\/urbanismo\/celebra-inbal-fundacion-de-guadalajara-con-exposicion-fotografica\/"]}]},{"@type":"ImageObject","inLanguage":"es","@id":"https:\/\/centrourbano.com\/revista\/urbanismo\/celebra-inbal-fundacion-de-guadalajara-con-exposicion-fotografica\/#primaryimage","url":"https:\/\/centrourbano.com\/revista\/wp-content\/uploads\/Diseno-sin-titulo-39-1.png","contentUrl":"https:\/\/centrourbano.com\/revista\/wp-content\/uploads\/Diseno-sin-titulo-39-1.png","width":800,"height":800,"caption":"Celebra Inbal fundaci\u00f3n de Guadalajara con exposici\u00f3n fotogr\u00e1fica"},{"@type":"BreadcrumbList","@id":"https:\/\/centrourbano.com\/revista\/urbanismo\/celebra-inbal-fundacion-de-guadalajara-con-exposicion-fotografica\/#breadcrumb","itemListElement":[{"@type":"ListItem","position":1,"name":"Portada","item":"https:\/\/centrourbano.com\/revista\/"},{"@type":"ListItem","position":2,"name":"Celebra Inbal fundaci\u00f3n de Guadalajara con exposici\u00f3n fotogr\u00e1fica"}]},{"@type":"WebSite","@id":"https:\/\/centrourbano.com\/revista\/#website","url":"https:\/\/centrourbano.com\/revista\/","name":"Centro Urbano","description":"Medio especializado en los sectores vivienda, inmobiliario, construcci\u00f3n, arquitectura y urbanismo.","publisher":{"@id":"https:\/\/centrourbano.com\/revista\/#organization"},"potentialAction":[{"@type":"SearchAction","target":{"@type":"EntryPoint","urlTemplate":"https:\/\/centrourbano.com\/revista\/?s={search_term_string}"},"query-input":{"@type":"PropertyValueSpecification","valueRequired":true,"valueName":"search_term_string"}}],"inLanguage":"es"},{"@type":"Organization","@id":"https:\/\/centrourbano.com\/revista\/#organization","name":"Centro Urbano","url":"https:\/\/centrourbano.com\/revista\/","logo":{"@type":"ImageObject","inLanguage":"es","@id":"https:\/\/centrourbano.com\/revista\/#\/schema\/logo\/image\/","url":"https:\/\/centrourbano.com\/revista\/wp-content\/uploads\/web_CU_logo-1.png","contentUrl":"https:\/\/centrourbano.com\/revista\/wp-content\/uploads\/web_CU_logo-1.png","width":350,"height":91,"caption":"Centro Urbano"},"image":{"@id":"https:\/\/centrourbano.com\/revista\/#\/schema\/logo\/image\/"},"sameAs":["https:\/\/www.facebook.com\/portalcentrourbano","https:\/\/x.com\/CentroUrbano","https:\/\/www.instagram.com\/centro_urbano\/","https:\/\/www.linkedin.com\/company\/centro-urbano\/","http:\/\/www.youtube.com\/user\/portalcentrourbano"]},{"@type":"Person","@id":"https:\/\/centrourbano.com\/revista\/#\/schema\/person\/d8323677cec17d90f1f6a6c421c202e7","name":"Daniela Ruiz","image":{"@type":"ImageObject","inLanguage":"es","@id":"https:\/\/secure.gravatar.com\/avatar\/ec08338a9ab95e73bee642997b5b9a0ff0eed01e3f9ffce27e4629fe5fd269b0?s=96&d=mm&r=g","url":"https:\/\/secure.gravatar.com\/avatar\/ec08338a9ab95e73bee642997b5b9a0ff0eed01e3f9ffce27e4629fe5fd269b0?s=96&d=mm&r=g","contentUrl":"https:\/\/secure.gravatar.com\/avatar\/ec08338a9ab95e73bee642997b5b9a0ff0eed01e3f9ffce27e4629fe5fd269b0?s=96&d=mm&r=g","caption":"Daniela Ruiz"},"url":"https:\/\/centrourbano.com\/revista\/author\/daniela-ruiz\/"}]}},"_links":{"self":[{"href":"https:\/\/centrourbano.com\/revista\/wp-json\/wp\/v2\/posts\/146114","targetHints":{"allow":["GET"]}}],"collection":[{"href":"https:\/\/centrourbano.com\/revista\/wp-json\/wp\/v2\/posts"}],"about":[{"href":"https:\/\/centrourbano.com\/revista\/wp-json\/wp\/v2\/types\/post"}],"author":[{"embeddable":true,"href":"https:\/\/centrourbano.com\/revista\/wp-json\/wp\/v2\/users\/92"}],"replies":[{"embeddable":true,"href":"https:\/\/centrourbano.com\/revista\/wp-json\/wp\/v2\/comments?post=146114"}],"version-history":[{"count":2,"href":"https:\/\/centrourbano.com\/revista\/wp-json\/wp\/v2\/posts\/146114\/revisions"}],"predecessor-version":[{"id":146158,"href":"https:\/\/centrourbano.com\/revista\/wp-json\/wp\/v2\/posts\/146114\/revisions\/146158"}],"wp:featuredmedia":[{"embeddable":true,"href":"https:\/\/centrourbano.com\/revista\/wp-json\/wp\/v2\/media\/146120"}],"wp:attachment":[{"href":"https:\/\/centrourbano.com\/revista\/wp-json\/wp\/v2\/media?parent=146114"}],"wp:term":[{"taxonomy":"category","embeddable":true,"href":"https:\/\/centrourbano.com\/revista\/wp-json\/wp\/v2\/categories?post=146114"},{"taxonomy":"post_tag","embeddable":true,"href":"https:\/\/centrourbano.com\/revista\/wp-json\/wp\/v2\/tags?post=146114"}],"curies":[{"name":"wp","href":"https:\/\/api.w.org\/{rel}","templated":true}]}}