{"id":145999,"date":"2024-02-06T15:31:40","date_gmt":"2024-02-06T21:31:40","guid":{"rendered":"https:\/\/centrourbano.com\/?p=145999"},"modified":"2024-02-06T15:31:40","modified_gmt":"2024-02-06T21:31:40","slug":"inaugura-amlo-carretera-oaxaca","status":"publish","type":"post","link":"https:\/\/centrourbano.com\/revista\/construccion\/inaugura-amlo-carretera-oaxaca\/","title":{"rendered":"Inaugura AMLO carretera Barranca Larga- Ventanilla, en Oaxaca"},"content":{"rendered":"<p><em>La construcci\u00f3n de la carretera implic\u00f3 una inversi\u00f3n de 13,000 mdp, y beneficiar\u00e1 a 166,000 habitantes de comunidades vulnerables de Oaxaca<\/em><!--more--><\/p>\n<p>El pasado 4 de febrero, el <strong><a href=\"https:\/\/twitter.com\/lopezobrador_\" target=\"_blank\" rel=\"noopener\">presidente<\/a> Andr\u00e9s Manuel L\u00f3pez Obrador<\/strong> encabez\u00f3 la ceremonia de inauguraci\u00f3n de la <strong>carretera Barranca Larga- Ventanilla<\/strong>, en Oaxaca; misma que posibilitar\u00e1 el traslado de la capital del estado a la Costa del Pac\u00edfico en s\u00f3lo 2.5 horas.<\/p>\n<p>Durante el evento, el mandatario indic\u00f3 que la construcci\u00f3n de la carretera implic\u00f3 una inversi\u00f3n de <strong>13,000 millones de pesos<\/strong> y gener\u00f3 1,800 empleos directos y 3,500 indirectos; adem\u00e1s de que beneficiar\u00e1 a m\u00e1s de 166,000 habitantes de comunidades vulnerables de Oaxaca.<\/p>\n<p>Asimismo, destac\u00f3 que, a partir de la inauguraci\u00f3n y hasta la conclusi\u00f3n de la actual administraci\u00f3n, en esta carretera <strong>no se cobrar\u00e1 cuota<\/strong>. Y propuso que, despu\u00e9s de septiembre de 2024, se cobre \u00fanicamente a visitantes y transporte de carga.<\/p>\n<p>\u201cConvenc\u00ed a <strong>Jorge Mendoza, director de Banobras<\/strong>, para que mientras estemos nosotros en el gobierno no se cobre la cuota aqu\u00ed, en esta carretera, y le vamos a dejar un decreto, una propuesta de que, a partir de septiembre, finales de septiembre, s\u00ed se cobre nada m\u00e1s a visitantes y a transporte de carga, pero no a los oaxaque\u00f1os\u201d, dijo.<\/p>\n<p>Adem\u00e1s, <strong>L\u00f3pez Obrador<\/strong> record\u00f3 que, al inicio de su administraci\u00f3n, en el estado de <strong>Oaxaca<\/strong>, las carreteras estaban en abandono y hab\u00eda 300 municipios sin pavimentos a sus <strong>cabeceras municipales<\/strong>; sin embargo, al t\u00e9rmino de este 2024, no habr\u00e1 caminos sin pavimentar en la entidad.<\/p>\n<p>\u201cConstatamos que los caminos estaban en el abandono, no ten\u00edan caminos pavimentados, las cabeceras municipales de <strong>Oaxaca<\/strong> de los 570 municipios, hab\u00eda 300 municipios sin pavimentos a sus cabeceras municipales. Y, desde entonces, nos propusimos que \u00edbamos a pavimentar todas las cabeceras municipales de Oaxaca, y antes de terminar mi mandato se va a cumplir. No va a quedar ninguna cabecera municipal sin pavimentar\u201d, refrend\u00f3.<\/p>\n<p>En ese sentido, inform\u00f3 que la <strong>Secretar\u00eda de Infraestructura, Comunicaciones y Transportes <\/strong>(<strong>SICT<\/strong>) atender\u00e1 los compromisos pendientes con las autoridades ejidales de la regi\u00f3n y se realizar\u00e1n obras de rehabilitaci\u00f3n para las carreteras libres de cuota.<\/p>\n<a href=\"https:\/\/centrourbano.com\/revista\/wp-content\/uploads\/Inauguracion-de-la-carretera-Barranca-Larga-Ventanilla-Oaxaca-FOTO-1.jpeg\" target=\"_blank\" rel=\"noopener\"><img loading=\"lazy\" decoding=\"async\" class=\"aligncenter wp-image-146001 \" src=\"https:\/\/centrourbano.com\/revista\/wp-content\/uploads\/Inauguracion-de-la-carretera-Barranca-Larga-Ventanilla-Oaxaca-FOTO-1.jpeg\" alt=\"\" width=\"738\" height=\"492\" srcset=\"https:\/\/centrourbano.com\/revista\/wp-content\/uploads\/Inauguracion-de-la-carretera-Barranca-Larga-Ventanilla-Oaxaca-FOTO-1.jpeg 1499w, https:\/\/centrourbano.com\/revista\/wp-content\/uploads\/Inauguracion-de-la-carretera-Barranca-Larga-Ventanilla-Oaxaca-FOTO-1-300x200.jpeg 300w, https:\/\/centrourbano.com\/revista\/wp-content\/uploads\/Inauguracion-de-la-carretera-Barranca-Larga-Ventanilla-Oaxaca-FOTO-1-1000x667.jpeg 1000w, https:\/\/centrourbano.com\/revista\/wp-content\/uploads\/Inauguracion-de-la-carretera-Barranca-Larga-Ventanilla-Oaxaca-FOTO-1-768x512.jpeg 768w\" sizes=\"auto, (max-width: 738px) 100vw, 738px\" \/><\/a>\n","protected":false},"excerpt":{"rendered":"<p>La construcci\u00f3n de la carretera implic\u00f3 una inversi\u00f3n de 13,000 mdp, y beneficiar\u00e1 a 166,000 habitantes de comunidades vulnerables de Oaxaca<\/p>\n","protected":false},"author":73,"featured_media":146000,"comment_status":"open","ping_status":"closed","sticky":false,"template":"","format":"standard","meta":{"om_disable_all_campaigns":false,"inline_featured_image":false,"_monsterinsights_skip_tracking":false,"_monsterinsights_sitenote_active":false,"_monsterinsights_sitenote_note":"","_monsterinsights_sitenote_category":0,"footnotes":""},"categories":[14],"tags":[10245,203,5576,501],"class_list":["post-145999","post","type-post","status-publish","format-standard","has-post-thumbnail","hentry","category-construccion","tag-andres-manuel-lopez-obrador","tag-carretera","tag-inauguracion","tag-oaxaca"],"yoast_head":"<!-- This site is optimized with the Yoast SEO plugin v27.4 - https:\/\/yoast.com\/product\/yoast-seo-wordpress\/ -->\n<title>Inaugura AMLO carretera Barranca Larga- Ventanilla, en Oaxaca -<\/title>\n<meta name=\"description\" content=\"La construcci\u00f3n de la carretera implic\u00f3 una inversi\u00f3n de 13,000 mdp, y beneficiar\u00e1 a 166,000 habitantes de comunidades vulnerables de Oaxaca El pasado 4\" \/>\n<meta name=\"robots\" content=\"index, follow, max-snippet:-1, max-image-preview:large, max-video-preview:-1\" \/>\n<link rel=\"canonical\" href=\"https:\/\/centrourbano.com\/revista\/construccion\/inaugura-amlo-carretera-oaxaca\/\" \/>\n<meta property=\"og:locale\" content=\"es_ES\" \/>\n<meta property=\"og:type\" content=\"article\" \/>\n<meta property=\"og:title\" content=\"Inaugura AMLO carretera Barranca Larga- Ventanilla, en Oaxaca -\" \/>\n<meta property=\"og:description\" content=\"La construcci\u00f3n de la carretera implic\u00f3 una inversi\u00f3n de 13,000 mdp, y beneficiar\u00e1 a 166,000 habitantes de comunidades vulnerables de Oaxaca El pasado 4\" \/>\n<meta property=\"og:url\" content=\"https:\/\/centrourbano.com\/revista\/construccion\/inaugura-amlo-carretera-oaxaca\/\" \/>\n<meta property=\"og:site_name\" content=\"Centro Urbano\" \/>\n<meta property=\"article:publisher\" content=\"https:\/\/www.facebook.com\/portalcentrourbano\" \/>\n<meta property=\"article:published_time\" content=\"2024-02-06T21:31:40+00:00\" \/>\n<meta property=\"og:image\" content=\"https:\/\/centrourbano.com\/revista\/wp-content\/uploads\/Inaugura-AMLO-carretera-Barranca-Larga-Ventanilla-en-Oaxaca.jpg\" \/>\n\t<meta property=\"og:image:width\" content=\"1200\" \/>\n\t<meta property=\"og:image:height\" content=\"1000\" \/>\n\t<meta property=\"og:image:type\" content=\"image\/jpeg\" \/>\n<meta name=\"author\" content=\"Fernanda Hern\u00e1ndez\" \/>\n<meta name=\"twitter:card\" content=\"summary_large_image\" \/>\n<meta name=\"twitter:creator\" content=\"@https:\/\/twitter.com\/Nannz_Hernandez\" \/>\n<meta name=\"twitter:site\" content=\"@CentroUrbano\" \/>\n<meta name=\"twitter:label1\" content=\"Escrito por\" \/>\n\t<meta name=\"twitter:data1\" content=\"Fernanda Hern\u00e1ndez\" \/>\n\t<meta name=\"twitter:label2\" content=\"Tiempo de lectura\" \/>\n\t<meta name=\"twitter:data2\" content=\"2 minutos\" \/>\n<script type=\"application\/ld+json\" class=\"yoast-schema-graph\">{\"@context\":\"https:\\\/\\\/schema.org\",\"@graph\":[{\"@type\":\"Article\",\"@id\":\"https:\\\/\\\/centrourbano.com\\\/revista\\\/construccion\\\/inaugura-amlo-carretera-oaxaca\\\/#article\",\"isPartOf\":{\"@id\":\"https:\\\/\\\/centrourbano.com\\\/revista\\\/construccion\\\/inaugura-amlo-carretera-oaxaca\\\/\"},\"author\":{\"name\":\"Fernanda Hern\u00e1ndez\",\"@id\":\"https:\\\/\\\/centrourbano.com\\\/revista\\\/#\\\/schema\\\/person\\\/b190b20bbbceb41ec72278c546fa8df3\"},\"headline\":\"Inaugura AMLO carretera Barranca Larga- Ventanilla, en Oaxaca\",\"datePublished\":\"2024-02-06T21:31:40+00:00\",\"mainEntityOfPage\":{\"@id\":\"https:\\\/\\\/centrourbano.com\\\/revista\\\/construccion\\\/inaugura-amlo-carretera-oaxaca\\\/\"},\"wordCount\":375,\"commentCount\":0,\"publisher\":{\"@id\":\"https:\\\/\\\/centrourbano.com\\\/revista\\\/#organization\"},\"image\":{\"@id\":\"https:\\\/\\\/centrourbano.com\\\/revista\\\/construccion\\\/inaugura-amlo-carretera-oaxaca\\\/#primaryimage\"},\"thumbnailUrl\":\"https:\\\/\\\/centrourbano.com\\\/revista\\\/wp-content\\\/uploads\\\/Inaugura-AMLO-carretera-Barranca-Larga-Ventanilla-en-Oaxaca.jpg\",\"keywords\":[\"Andres Manuel L\u00f3pez Obrador\",\"carretera\",\"inauguraci\u00f3n\",\"Oaxaca\"],\"articleSection\":[\"Construcci\u00f3n\"],\"inLanguage\":\"es\",\"potentialAction\":[{\"@type\":\"CommentAction\",\"name\":\"Comment\",\"target\":[\"https:\\\/\\\/centrourbano.com\\\/revista\\\/construccion\\\/inaugura-amlo-carretera-oaxaca\\\/#respond\"]}]},{\"@type\":\"WebPage\",\"@id\":\"https:\\\/\\\/centrourbano.com\\\/revista\\\/construccion\\\/inaugura-amlo-carretera-oaxaca\\\/\",\"url\":\"https:\\\/\\\/centrourbano.com\\\/revista\\\/construccion\\\/inaugura-amlo-carretera-oaxaca\\\/\",\"name\":\"Inaugura AMLO carretera Barranca Larga- Ventanilla, en Oaxaca -\",\"isPartOf\":{\"@id\":\"https:\\\/\\\/centrourbano.com\\\/revista\\\/#website\"},\"primaryImageOfPage\":{\"@id\":\"https:\\\/\\\/centrourbano.com\\\/revista\\\/construccion\\\/inaugura-amlo-carretera-oaxaca\\\/#primaryimage\"},\"image\":{\"@id\":\"https:\\\/\\\/centrourbano.com\\\/revista\\\/construccion\\\/inaugura-amlo-carretera-oaxaca\\\/#primaryimage\"},\"thumbnailUrl\":\"https:\\\/\\\/centrourbano.com\\\/revista\\\/wp-content\\\/uploads\\\/Inaugura-AMLO-carretera-Barranca-Larga-Ventanilla-en-Oaxaca.jpg\",\"datePublished\":\"2024-02-06T21:31:40+00:00\",\"description\":\"La construcci\u00f3n de la carretera implic\u00f3 una inversi\u00f3n de 13,000 mdp, y beneficiar\u00e1 a 166,000 habitantes de comunidades vulnerables de Oaxaca El pasado 4\",\"breadcrumb\":{\"@id\":\"https:\\\/\\\/centrourbano.com\\\/revista\\\/construccion\\\/inaugura-amlo-carretera-oaxaca\\\/#breadcrumb\"},\"inLanguage\":\"es\",\"potentialAction\":[{\"@type\":\"ReadAction\",\"target\":[\"https:\\\/\\\/centrourbano.com\\\/revista\\\/construccion\\\/inaugura-amlo-carretera-oaxaca\\\/\"]}]},{\"@type\":\"ImageObject\",\"inLanguage\":\"es\",\"@id\":\"https:\\\/\\\/centrourbano.com\\\/revista\\\/construccion\\\/inaugura-amlo-carretera-oaxaca\\\/#primaryimage\",\"url\":\"https:\\\/\\\/centrourbano.com\\\/revista\\\/wp-content\\\/uploads\\\/Inaugura-AMLO-carretera-Barranca-Larga-Ventanilla-en-Oaxaca.jpg\",\"contentUrl\":\"https:\\\/\\\/centrourbano.com\\\/revista\\\/wp-content\\\/uploads\\\/Inaugura-AMLO-carretera-Barranca-Larga-Ventanilla-en-Oaxaca.jpg\",\"width\":1200,\"height\":1000,\"caption\":\"La construcci\u00f3n de la carretera implic\u00f3 una inversi\u00f3n de 13,000 mdp, y beneficiar\u00e1 a 166,000 habitantes de comunidades vulnerables de Oaxaca\"},{\"@type\":\"BreadcrumbList\",\"@id\":\"https:\\\/\\\/centrourbano.com\\\/revista\\\/construccion\\\/inaugura-amlo-carretera-oaxaca\\\/#breadcrumb\",\"itemListElement\":[{\"@type\":\"ListItem\",\"position\":1,\"name\":\"Portada\",\"item\":\"https:\\\/\\\/centrourbano.com\\\/revista\\\/\"},{\"@type\":\"ListItem\",\"position\":2,\"name\":\"Inaugura AMLO carretera Barranca Larga- Ventanilla, en Oaxaca\"}]},{\"@type\":\"WebSite\",\"@id\":\"https:\\\/\\\/centrourbano.com\\\/revista\\\/#website\",\"url\":\"https:\\\/\\\/centrourbano.com\\\/revista\\\/\",\"name\":\"Centro Urbano\",\"description\":\"Medio especializado en los sectores vivienda, inmobiliario, construcci\u00f3n, arquitectura y urbanismo.\",\"publisher\":{\"@id\":\"https:\\\/\\\/centrourbano.com\\\/revista\\\/#organization\"},\"potentialAction\":[{\"@type\":\"SearchAction\",\"target\":{\"@type\":\"EntryPoint\",\"urlTemplate\":\"https:\\\/\\\/centrourbano.com\\\/revista\\\/?s={search_term_string}\"},\"query-input\":{\"@type\":\"PropertyValueSpecification\",\"valueRequired\":true,\"valueName\":\"search_term_string\"}}],\"inLanguage\":\"es\"},{\"@type\":\"Organization\",\"@id\":\"https:\\\/\\\/centrourbano.com\\\/revista\\\/#organization\",\"name\":\"Centro Urbano\",\"url\":\"https:\\\/\\\/centrourbano.com\\\/revista\\\/\",\"logo\":{\"@type\":\"ImageObject\",\"inLanguage\":\"es\",\"@id\":\"https:\\\/\\\/centrourbano.com\\\/revista\\\/#\\\/schema\\\/logo\\\/image\\\/\",\"url\":\"https:\\\/\\\/centrourbano.com\\\/revista\\\/wp-content\\\/uploads\\\/web_CU_logo-1.png\",\"contentUrl\":\"https:\\\/\\\/centrourbano.com\\\/revista\\\/wp-content\\\/uploads\\\/web_CU_logo-1.png\",\"width\":350,\"height\":91,\"caption\":\"Centro Urbano\"},\"image\":{\"@id\":\"https:\\\/\\\/centrourbano.com\\\/revista\\\/#\\\/schema\\\/logo\\\/image\\\/\"},\"sameAs\":[\"https:\\\/\\\/www.facebook.com\\\/portalcentrourbano\",\"https:\\\/\\\/x.com\\\/CentroUrbano\",\"https:\\\/\\\/www.instagram.com\\\/centro_urbano\\\/\",\"https:\\\/\\\/www.linkedin.com\\\/company\\\/centro-urbano\\\/\",\"http:\\\/\\\/www.youtube.com\\\/user\\\/portalcentrourbano\"]},{\"@type\":\"Person\",\"@id\":\"https:\\\/\\\/centrourbano.com\\\/revista\\\/#\\\/schema\\\/person\\\/b190b20bbbceb41ec72278c546fa8df3\",\"name\":\"Fernanda Hern\u00e1ndez\",\"image\":{\"@type\":\"ImageObject\",\"inLanguage\":\"es\",\"@id\":\"https:\\\/\\\/secure.gravatar.com\\\/avatar\\\/9471831fb0a24eae9d32d826a7cb8ef07c34a41520aca1a0ab1f5c0903ba49b9?s=96&d=mm&r=g\",\"url\":\"https:\\\/\\\/secure.gravatar.com\\\/avatar\\\/9471831fb0a24eae9d32d826a7cb8ef07c34a41520aca1a0ab1f5c0903ba49b9?s=96&d=mm&r=g\",\"contentUrl\":\"https:\\\/\\\/secure.gravatar.com\\\/avatar\\\/9471831fb0a24eae9d32d826a7cb8ef07c34a41520aca1a0ab1f5c0903ba49b9?s=96&d=mm&r=g\",\"caption\":\"Fernanda Hern\u00e1ndez\"},\"description\":\"Reportera y redactora en Centro Urbano. Soy egresada de la licenciatura en Ciencias de la Comunicaci\u00f3n de la Facultad de Ciencias Pol\u00edticas y Sociales (UNAM). Me interesa la cultura, el urbanismo y la arquitectura. Amante del mundo digital, el cine, la m\u00fasica, la lectura y la escritura.\",\"sameAs\":[\"https:\\\/\\\/x.com\\\/https:\\\/\\\/twitter.com\\\/Nannz_Hernandez\"],\"url\":\"https:\\\/\\\/centrourbano.com\\\/revista\\\/author\\\/fernanda-hernandez\\\/\"}]}<\/script>\n<!-- \/ Yoast SEO plugin. -->","yoast_head_json":{"title":"Inaugura AMLO carretera Barranca Larga- Ventanilla, en Oaxaca -","description":"La construcci\u00f3n de la carretera implic\u00f3 una inversi\u00f3n de 13,000 mdp, y beneficiar\u00e1 a 166,000 habitantes de comunidades vulnerables de Oaxaca El pasado 4","robots":{"index":"index","follow":"follow","max-snippet":"max-snippet:-1","max-image-preview":"max-image-preview:large","max-video-preview":"max-video-preview:-1"},"canonical":"https:\/\/centrourbano.com\/revista\/construccion\/inaugura-amlo-carretera-oaxaca\/","og_locale":"es_ES","og_type":"article","og_title":"Inaugura AMLO carretera Barranca Larga- Ventanilla, en Oaxaca -","og_description":"La construcci\u00f3n de la carretera implic\u00f3 una inversi\u00f3n de 13,000 mdp, y beneficiar\u00e1 a 166,000 habitantes de comunidades vulnerables de Oaxaca El pasado 4","og_url":"https:\/\/centrourbano.com\/revista\/construccion\/inaugura-amlo-carretera-oaxaca\/","og_site_name":"Centro Urbano","article_publisher":"https:\/\/www.facebook.com\/portalcentrourbano","article_published_time":"2024-02-06T21:31:40+00:00","og_image":[{"width":1200,"height":1000,"url":"https:\/\/centrourbano.com\/revista\/wp-content\/uploads\/Inaugura-AMLO-carretera-Barranca-Larga-Ventanilla-en-Oaxaca.jpg","type":"image\/jpeg"}],"author":"Fernanda Hern\u00e1ndez","twitter_card":"summary_large_image","twitter_creator":"@https:\/\/twitter.com\/Nannz_Hernandez","twitter_site":"@CentroUrbano","twitter_misc":{"Escrito por":"Fernanda Hern\u00e1ndez","Tiempo de lectura":"2 minutos"},"schema":{"@context":"https:\/\/schema.org","@graph":[{"@type":"Article","@id":"https:\/\/centrourbano.com\/revista\/construccion\/inaugura-amlo-carretera-oaxaca\/#article","isPartOf":{"@id":"https:\/\/centrourbano.com\/revista\/construccion\/inaugura-amlo-carretera-oaxaca\/"},"author":{"name":"Fernanda Hern\u00e1ndez","@id":"https:\/\/centrourbano.com\/revista\/#\/schema\/person\/b190b20bbbceb41ec72278c546fa8df3"},"headline":"Inaugura AMLO carretera Barranca Larga- Ventanilla, en Oaxaca","datePublished":"2024-02-06T21:31:40+00:00","mainEntityOfPage":{"@id":"https:\/\/centrourbano.com\/revista\/construccion\/inaugura-amlo-carretera-oaxaca\/"},"wordCount":375,"commentCount":0,"publisher":{"@id":"https:\/\/centrourbano.com\/revista\/#organization"},"image":{"@id":"https:\/\/centrourbano.com\/revista\/construccion\/inaugura-amlo-carretera-oaxaca\/#primaryimage"},"thumbnailUrl":"https:\/\/centrourbano.com\/revista\/wp-content\/uploads\/Inaugura-AMLO-carretera-Barranca-Larga-Ventanilla-en-Oaxaca.jpg","keywords":["Andres Manuel L\u00f3pez Obrador","carretera","inauguraci\u00f3n","Oaxaca"],"articleSection":["Construcci\u00f3n"],"inLanguage":"es","potentialAction":[{"@type":"CommentAction","name":"Comment","target":["https:\/\/centrourbano.com\/revista\/construccion\/inaugura-amlo-carretera-oaxaca\/#respond"]}]},{"@type":"WebPage","@id":"https:\/\/centrourbano.com\/revista\/construccion\/inaugura-amlo-carretera-oaxaca\/","url":"https:\/\/centrourbano.com\/revista\/construccion\/inaugura-amlo-carretera-oaxaca\/","name":"Inaugura AMLO carretera Barranca Larga- Ventanilla, en Oaxaca -","isPartOf":{"@id":"https:\/\/centrourbano.com\/revista\/#website"},"primaryImageOfPage":{"@id":"https:\/\/centrourbano.com\/revista\/construccion\/inaugura-amlo-carretera-oaxaca\/#primaryimage"},"image":{"@id":"https:\/\/centrourbano.com\/revista\/construccion\/inaugura-amlo-carretera-oaxaca\/#primaryimage"},"thumbnailUrl":"https:\/\/centrourbano.com\/revista\/wp-content\/uploads\/Inaugura-AMLO-carretera-Barranca-Larga-Ventanilla-en-Oaxaca.jpg","datePublished":"2024-02-06T21:31:40+00:00","description":"La construcci\u00f3n de la carretera implic\u00f3 una inversi\u00f3n de 13,000 mdp, y beneficiar\u00e1 a 166,000 habitantes de comunidades vulnerables de Oaxaca El pasado 4","breadcrumb":{"@id":"https:\/\/centrourbano.com\/revista\/construccion\/inaugura-amlo-carretera-oaxaca\/#breadcrumb"},"inLanguage":"es","potentialAction":[{"@type":"ReadAction","target":["https:\/\/centrourbano.com\/revista\/construccion\/inaugura-amlo-carretera-oaxaca\/"]}]},{"@type":"ImageObject","inLanguage":"es","@id":"https:\/\/centrourbano.com\/revista\/construccion\/inaugura-amlo-carretera-oaxaca\/#primaryimage","url":"https:\/\/centrourbano.com\/revista\/wp-content\/uploads\/Inaugura-AMLO-carretera-Barranca-Larga-Ventanilla-en-Oaxaca.jpg","contentUrl":"https:\/\/centrourbano.com\/revista\/wp-content\/uploads\/Inaugura-AMLO-carretera-Barranca-Larga-Ventanilla-en-Oaxaca.jpg","width":1200,"height":1000,"caption":"La construcci\u00f3n de la carretera implic\u00f3 una inversi\u00f3n de 13,000 mdp, y beneficiar\u00e1 a 166,000 habitantes de comunidades vulnerables de Oaxaca"},{"@type":"BreadcrumbList","@id":"https:\/\/centrourbano.com\/revista\/construccion\/inaugura-amlo-carretera-oaxaca\/#breadcrumb","itemListElement":[{"@type":"ListItem","position":1,"name":"Portada","item":"https:\/\/centrourbano.com\/revista\/"},{"@type":"ListItem","position":2,"name":"Inaugura AMLO carretera Barranca Larga- Ventanilla, en Oaxaca"}]},{"@type":"WebSite","@id":"https:\/\/centrourbano.com\/revista\/#website","url":"https:\/\/centrourbano.com\/revista\/","name":"Centro Urbano","description":"Medio especializado en los sectores vivienda, inmobiliario, construcci\u00f3n, arquitectura y urbanismo.","publisher":{"@id":"https:\/\/centrourbano.com\/revista\/#organization"},"potentialAction":[{"@type":"SearchAction","target":{"@type":"EntryPoint","urlTemplate":"https:\/\/centrourbano.com\/revista\/?s={search_term_string}"},"query-input":{"@type":"PropertyValueSpecification","valueRequired":true,"valueName":"search_term_string"}}],"inLanguage":"es"},{"@type":"Organization","@id":"https:\/\/centrourbano.com\/revista\/#organization","name":"Centro Urbano","url":"https:\/\/centrourbano.com\/revista\/","logo":{"@type":"ImageObject","inLanguage":"es","@id":"https:\/\/centrourbano.com\/revista\/#\/schema\/logo\/image\/","url":"https:\/\/centrourbano.com\/revista\/wp-content\/uploads\/web_CU_logo-1.png","contentUrl":"https:\/\/centrourbano.com\/revista\/wp-content\/uploads\/web_CU_logo-1.png","width":350,"height":91,"caption":"Centro Urbano"},"image":{"@id":"https:\/\/centrourbano.com\/revista\/#\/schema\/logo\/image\/"},"sameAs":["https:\/\/www.facebook.com\/portalcentrourbano","https:\/\/x.com\/CentroUrbano","https:\/\/www.instagram.com\/centro_urbano\/","https:\/\/www.linkedin.com\/company\/centro-urbano\/","http:\/\/www.youtube.com\/user\/portalcentrourbano"]},{"@type":"Person","@id":"https:\/\/centrourbano.com\/revista\/#\/schema\/person\/b190b20bbbceb41ec72278c546fa8df3","name":"Fernanda Hern\u00e1ndez","image":{"@type":"ImageObject","inLanguage":"es","@id":"https:\/\/secure.gravatar.com\/avatar\/9471831fb0a24eae9d32d826a7cb8ef07c34a41520aca1a0ab1f5c0903ba49b9?s=96&d=mm&r=g","url":"https:\/\/secure.gravatar.com\/avatar\/9471831fb0a24eae9d32d826a7cb8ef07c34a41520aca1a0ab1f5c0903ba49b9?s=96&d=mm&r=g","contentUrl":"https:\/\/secure.gravatar.com\/avatar\/9471831fb0a24eae9d32d826a7cb8ef07c34a41520aca1a0ab1f5c0903ba49b9?s=96&d=mm&r=g","caption":"Fernanda Hern\u00e1ndez"},"description":"Reportera y redactora en Centro Urbano. Soy egresada de la licenciatura en Ciencias de la Comunicaci\u00f3n de la Facultad de Ciencias Pol\u00edticas y Sociales (UNAM). Me interesa la cultura, el urbanismo y la arquitectura. Amante del mundo digital, el cine, la m\u00fasica, la lectura y la escritura.","sameAs":["https:\/\/x.com\/https:\/\/twitter.com\/Nannz_Hernandez"],"url":"https:\/\/centrourbano.com\/revista\/author\/fernanda-hernandez\/"}]}},"_links":{"self":[{"href":"https:\/\/centrourbano.com\/revista\/wp-json\/wp\/v2\/posts\/145999","targetHints":{"allow":["GET"]}}],"collection":[{"href":"https:\/\/centrourbano.com\/revista\/wp-json\/wp\/v2\/posts"}],"about":[{"href":"https:\/\/centrourbano.com\/revista\/wp-json\/wp\/v2\/types\/post"}],"author":[{"embeddable":true,"href":"https:\/\/centrourbano.com\/revista\/wp-json\/wp\/v2\/users\/73"}],"replies":[{"embeddable":true,"href":"https:\/\/centrourbano.com\/revista\/wp-json\/wp\/v2\/comments?post=145999"}],"version-history":[{"count":1,"href":"https:\/\/centrourbano.com\/revista\/wp-json\/wp\/v2\/posts\/145999\/revisions"}],"predecessor-version":[{"id":146008,"href":"https:\/\/centrourbano.com\/revista\/wp-json\/wp\/v2\/posts\/145999\/revisions\/146008"}],"wp:featuredmedia":[{"embeddable":true,"href":"https:\/\/centrourbano.com\/revista\/wp-json\/wp\/v2\/media\/146000"}],"wp:attachment":[{"href":"https:\/\/centrourbano.com\/revista\/wp-json\/wp\/v2\/media?parent=145999"}],"wp:term":[{"taxonomy":"category","embeddable":true,"href":"https:\/\/centrourbano.com\/revista\/wp-json\/wp\/v2\/categories?post=145999"},{"taxonomy":"post_tag","embeddable":true,"href":"https:\/\/centrourbano.com\/revista\/wp-json\/wp\/v2\/tags?post=145999"}],"curies":[{"name":"wp","href":"https:\/\/api.w.org\/{rel}","templated":true}]}}