{"id":14596,"date":"2015-01-22T15:16:50","date_gmt":"2015-01-22T21:16:50","guid":{"rendered":"http:\/\/centrourbano.com\/?p=14596"},"modified":"2015-01-22T15:16:50","modified_gmt":"2015-01-22T21:16:50","slug":"acuerda-urbi-plan-de-negocios-tras-reestructura","status":"publish","type":"post","link":"https:\/\/centrourbano.com\/revista\/vivienda\/acuerda-urbi-plan-de-negocios-tras-reestructura\/","title":{"rendered":"Acuerda Urbi plan de negocios tras reestructura"},"content":{"rendered":"<p>&nbsp;<\/p>\n<p><em>La compa\u00f1\u00eda design\u00f3 un nuevo conciliador y acordaron su nuevo plan de negocios alineado a la Pol\u00edtica Nacional de Vivienda<\/em><!--more--><\/p>\n<p>Tras iniciar la etapa de conciliaci\u00f3n de la compa\u00f1\u00eda Desarrollos Urbanos (Urbi), iniciaron la resstructuraci\u00f3n de la misma con un plan de negocios para el periodo 2015-2020, mismo que est\u00e1 basado en cuatro l\u00edneas de acci\u00f3n principal: la adecuaci\u00f3n de los productos y servicios de la empresa a la realidad actual del mercado, el fortalecimiento de las capacidades operativas de la organizaci\u00f3n, el aprovechamiento de la profunda experiencia y talento de su capital humano y un plan de reestructura financiera s\u00f3lido y viable.<\/p>\n<p>La Compa\u00f1\u00eda considera que su plan de negocios se encuentra alineado a la Pol\u00edtica Nacional de Vivienda que ha establecido las condiciones para lograr un crecimiento sostenido de la industria en los pr\u00f3ximos a\u00f1os, promoviendo el desarrollo de comunidades sustentables que generen calidad de vida.<\/p>\n<p>Urbi continuar\u00e1 operando en las plazas en donde tiene presencia, ahora bajo las normas de la Ley de Concursos Mercantiles. Por lo anterior, mantendr\u00e1 vigentes las relaciones con sus trabajadores, proveedores, acreedores, instituciones de vivienda, entidades gubernamentales federales, estatales y municipales, as\u00ed como con el gran p\u00fablico inversionista.<\/p>\n","protected":false},"excerpt":{"rendered":"<p>&nbsp; La compa\u00f1\u00eda design\u00f3 un nuevo conciliador y acordaron su nuevo plan de negocios alineado a la Pol\u00edtica Nacional de Vivienda<\/p>\n","protected":false},"author":77,"featured_media":0,"comment_status":"open","ping_status":"closed","sticky":false,"template":"","format":"standard","meta":{"footnotes":""},"categories":[12],"tags":[4222,1024,480],"class_list":["post-14596","post","type-post","status-publish","format-standard","hentry","category-vivienda","tag-ley-de-concursos-mercantiles","tag-politica-nacional-de-vivienda","tag-urbi"],"yoast_head":"<!-- This site is optimized with the Yoast SEO plugin v28.4 - https:\/\/yoast.com\/product\/yoast-seo-wordpress\/ -->\n<title>Acuerda Urbi plan de negocios tras reestructura -<\/title>\n<meta name=\"description\" content=\"&nbsp; La compa\u00f1\u00eda design\u00f3 un nuevo conciliador y acordaron su nuevo plan de negocios alineado a la Pol\u00edtica Nacional de Vivienda Tras iniciar la etapa de\" \/>\n<meta name=\"robots\" content=\"index, follow, max-snippet:-1, max-image-preview:large, max-video-preview:-1\" \/>\n<link rel=\"canonical\" href=\"https:\/\/centrourbano.com\/revista\/vivienda\/acuerda-urbi-plan-de-negocios-tras-reestructura\/\" \/>\n<meta property=\"og:locale\" content=\"es_ES\" \/>\n<meta property=\"og:type\" content=\"article\" \/>\n<meta property=\"og:title\" content=\"Acuerda Urbi plan de negocios tras reestructura -\" \/>\n<meta property=\"og:description\" content=\"&nbsp; La compa\u00f1\u00eda design\u00f3 un nuevo conciliador y acordaron su nuevo plan de negocios alineado a la Pol\u00edtica Nacional de Vivienda Tras iniciar la etapa de\" \/>\n<meta property=\"og:url\" content=\"https:\/\/centrourbano.com\/revista\/vivienda\/acuerda-urbi-plan-de-negocios-tras-reestructura\/\" \/>\n<meta property=\"og:site_name\" content=\"Centro Urbano\" \/>\n<meta property=\"article:publisher\" content=\"https:\/\/www.facebook.com\/portalcentrourbano\" \/>\n<meta property=\"article:published_time\" content=\"2015-01-22T21:16:50+00:00\" \/>\n<meta property=\"og:image\" content=\"https:\/\/centrourbano.com\/revista\/wp-content\/uploads\/CU-logo.png\" \/>\n\t<meta property=\"og:image:width\" content=\"350\" \/>\n\t<meta property=\"og:image:height\" content=\"91\" \/>\n\t<meta property=\"og:image:type\" content=\"image\/png\" \/>\n<meta name=\"author\" content=\"G4A\" \/>\n<meta name=\"twitter:card\" content=\"summary_large_image\" \/>\n<meta name=\"twitter:creator\" content=\"@CentroUrbano\" \/>\n<meta name=\"twitter:site\" content=\"@CentroUrbano\" \/>\n<meta name=\"twitter:label1\" content=\"Escrito por\" \/>\n\t<meta name=\"twitter:data1\" content=\"G4A\" \/>\n\t<meta name=\"twitter:label2\" content=\"Tiempo de lectura\" \/>\n\t<meta name=\"twitter:data2\" content=\"1 minuto\" \/>\n<script type=\"application\/ld+json\" class=\"yoast-schema-graph\">{\"@context\":\"https:\\\/\\\/schema.org\",\"@graph\":[{\"@type\":\"Article\",\"@id\":\"https:\\\/\\\/centrourbano.com\\\/revista\\\/vivienda\\\/acuerda-urbi-plan-de-negocios-tras-reestructura\\\/#article\",\"isPartOf\":{\"@id\":\"https:\\\/\\\/centrourbano.com\\\/revista\\\/vivienda\\\/acuerda-urbi-plan-de-negocios-tras-reestructura\\\/\"},\"author\":{\"name\":\"G4A\",\"@id\":\"https:\\\/\\\/centrourbano.com\\\/revista\\\/#\\\/schema\\\/person\\\/370fa0ba2d8dd5bde3fdb8b62ad360aa\"},\"headline\":\"Acuerda Urbi plan de negocios tras reestructura\",\"datePublished\":\"2015-01-22T21:16:50+00:00\",\"mainEntityOfPage\":{\"@id\":\"https:\\\/\\\/centrourbano.com\\\/revista\\\/vivienda\\\/acuerda-urbi-plan-de-negocios-tras-reestructura\\\/\"},\"wordCount\":219,\"commentCount\":0,\"publisher\":{\"@id\":\"https:\\\/\\\/centrourbano.com\\\/revista\\\/#organization\"},\"keywords\":[\"Ley de Concursos Mercantiles\",\"Pol\u00edtica Nacional de Vivienda\",\"Urbi\"],\"articleSection\":[\"Vivienda\"],\"inLanguage\":\"es\"},{\"@type\":\"WebPage\",\"@id\":\"https:\\\/\\\/centrourbano.com\\\/revista\\\/vivienda\\\/acuerda-urbi-plan-de-negocios-tras-reestructura\\\/\",\"url\":\"https:\\\/\\\/centrourbano.com\\\/revista\\\/vivienda\\\/acuerda-urbi-plan-de-negocios-tras-reestructura\\\/\",\"name\":\"Acuerda Urbi plan de negocios tras reestructura -\",\"isPartOf\":{\"@id\":\"https:\\\/\\\/centrourbano.com\\\/revista\\\/#website\"},\"datePublished\":\"2015-01-22T21:16:50+00:00\",\"description\":\"&nbsp; La compa\u00f1\u00eda design\u00f3 un nuevo conciliador y acordaron su nuevo plan de negocios alineado a la Pol\u00edtica Nacional de Vivienda Tras iniciar la etapa de\",\"breadcrumb\":{\"@id\":\"https:\\\/\\\/centrourbano.com\\\/revista\\\/vivienda\\\/acuerda-urbi-plan-de-negocios-tras-reestructura\\\/#breadcrumb\"},\"inLanguage\":\"es\",\"potentialAction\":[{\"@type\":\"ReadAction\",\"target\":[\"https:\\\/\\\/centrourbano.com\\\/revista\\\/vivienda\\\/acuerda-urbi-plan-de-negocios-tras-reestructura\\\/\"]}]},{\"@type\":\"BreadcrumbList\",\"@id\":\"https:\\\/\\\/centrourbano.com\\\/revista\\\/vivienda\\\/acuerda-urbi-plan-de-negocios-tras-reestructura\\\/#breadcrumb\",\"itemListElement\":[{\"@type\":\"ListItem\",\"position\":1,\"name\":\"Portada\",\"item\":\"https:\\\/\\\/centrourbano.com\\\/revista\\\/\"},{\"@type\":\"ListItem\",\"position\":2,\"name\":\"Acuerda Urbi plan de negocios tras reestructura\"}]},{\"@type\":\"WebSite\",\"@id\":\"https:\\\/\\\/centrourbano.com\\\/revista\\\/#website\",\"url\":\"https:\\\/\\\/centrourbano.com\\\/revista\\\/\",\"name\":\"Centro Urbano\",\"description\":\"Medio especializado en los sectores vivienda, inmobiliario, construcci\u00f3n, arquitectura y urbanismo.\",\"publisher\":{\"@id\":\"https:\\\/\\\/centrourbano.com\\\/revista\\\/#organization\"},\"potentialAction\":[{\"@type\":\"SearchAction\",\"target\":{\"@type\":\"EntryPoint\",\"urlTemplate\":\"https:\\\/\\\/centrourbano.com\\\/revista\\\/?s={search_term_string}\"},\"query-input\":{\"@type\":\"PropertyValueSpecification\",\"valueRequired\":true,\"valueName\":\"search_term_string\"}}],\"inLanguage\":\"es\"},{\"@type\":\"Organization\",\"@id\":\"https:\\\/\\\/centrourbano.com\\\/revista\\\/#organization\",\"name\":\"Centro Urbano\",\"url\":\"https:\\\/\\\/centrourbano.com\\\/revista\\\/\",\"logo\":{\"@type\":\"ImageObject\",\"inLanguage\":\"es\",\"@id\":\"https:\\\/\\\/centrourbano.com\\\/revista\\\/#\\\/schema\\\/logo\\\/image\\\/\",\"url\":\"https:\\\/\\\/centrourbano.com\\\/revista\\\/wp-content\\\/uploads\\\/web_CU_logo-1.png\",\"contentUrl\":\"https:\\\/\\\/centrourbano.com\\\/revista\\\/wp-content\\\/uploads\\\/web_CU_logo-1.png\",\"width\":350,\"height\":91,\"caption\":\"Centro Urbano\"},\"image\":{\"@id\":\"https:\\\/\\\/centrourbano.com\\\/revista\\\/#\\\/schema\\\/logo\\\/image\\\/\"},\"sameAs\":[\"https:\\\/\\\/www.facebook.com\\\/portalcentrourbano\",\"https:\\\/\\\/x.com\\\/CentroUrbano\",\"https:\\\/\\\/www.instagram.com\\\/centro_urbano\\\/\",\"https:\\\/\\\/www.linkedin.com\\\/company\\\/centro-urbano\\\/\",\"http:\\\/\\\/www.youtube.com\\\/user\\\/portalcentrourbano\"]},{\"@type\":\"Person\",\"@id\":\"https:\\\/\\\/centrourbano.com\\\/revista\\\/#\\\/schema\\\/person\\\/370fa0ba2d8dd5bde3fdb8b62ad360aa\",\"name\":\"G4A\",\"image\":{\"@type\":\"ImageObject\",\"inLanguage\":\"es\",\"@id\":\"https:\\\/\\\/secure.gravatar.com\\\/avatar\\\/932a97121b13d5de5bbd8193c6c83d3b92c9eda0f39623607d4280e7a5778d97?s=96&d=mm&r=g\",\"url\":\"https:\\\/\\\/secure.gravatar.com\\\/avatar\\\/932a97121b13d5de5bbd8193c6c83d3b92c9eda0f39623607d4280e7a5778d97?s=96&d=mm&r=g\",\"contentUrl\":\"https:\\\/\\\/secure.gravatar.com\\\/avatar\\\/932a97121b13d5de5bbd8193c6c83d3b92c9eda0f39623607d4280e7a5778d97?s=96&d=mm&r=g\",\"caption\":\"G4A\"},\"url\":\"https:\\\/\\\/centrourbano.com\\\/revista\\\/author\\\/admin-g4a\\\/\"}]}<\/script>\n<!-- \/ Yoast SEO plugin. -->","yoast_head_json":{"title":"Acuerda Urbi plan de negocios tras reestructura -","description":"&nbsp; La compa\u00f1\u00eda design\u00f3 un nuevo conciliador y acordaron su nuevo plan de negocios alineado a la Pol\u00edtica Nacional de Vivienda Tras iniciar la etapa de","robots":{"index":"index","follow":"follow","max-snippet":"max-snippet:-1","max-image-preview":"max-image-preview:large","max-video-preview":"max-video-preview:-1"},"canonical":"https:\/\/centrourbano.com\/revista\/vivienda\/acuerda-urbi-plan-de-negocios-tras-reestructura\/","og_locale":"es_ES","og_type":"article","og_title":"Acuerda Urbi plan de negocios tras reestructura -","og_description":"&nbsp; La compa\u00f1\u00eda design\u00f3 un nuevo conciliador y acordaron su nuevo plan de negocios alineado a la Pol\u00edtica Nacional de Vivienda Tras iniciar la etapa de","og_url":"https:\/\/centrourbano.com\/revista\/vivienda\/acuerda-urbi-plan-de-negocios-tras-reestructura\/","og_site_name":"Centro Urbano","article_publisher":"https:\/\/www.facebook.com\/portalcentrourbano","article_published_time":"2015-01-22T21:16:50+00:00","og_image":[{"width":350,"height":91,"url":"https:\/\/centrourbano.com\/revista\/wp-content\/uploads\/CU-logo.png","type":"image\/png"}],"author":"G4A","twitter_card":"summary_large_image","twitter_creator":"@CentroUrbano","twitter_site":"@CentroUrbano","twitter_misc":{"Escrito por":"G4A","Tiempo de lectura":"1 minuto"},"schema":{"@context":"https:\/\/schema.org","@graph":[{"@type":"Article","@id":"https:\/\/centrourbano.com\/revista\/vivienda\/acuerda-urbi-plan-de-negocios-tras-reestructura\/#article","isPartOf":{"@id":"https:\/\/centrourbano.com\/revista\/vivienda\/acuerda-urbi-plan-de-negocios-tras-reestructura\/"},"author":{"name":"G4A","@id":"https:\/\/centrourbano.com\/revista\/#\/schema\/person\/370fa0ba2d8dd5bde3fdb8b62ad360aa"},"headline":"Acuerda Urbi plan de negocios tras reestructura","datePublished":"2015-01-22T21:16:50+00:00","mainEntityOfPage":{"@id":"https:\/\/centrourbano.com\/revista\/vivienda\/acuerda-urbi-plan-de-negocios-tras-reestructura\/"},"wordCount":219,"commentCount":0,"publisher":{"@id":"https:\/\/centrourbano.com\/revista\/#organization"},"keywords":["Ley de Concursos Mercantiles","Pol\u00edtica Nacional de Vivienda","Urbi"],"articleSection":["Vivienda"],"inLanguage":"es"},{"@type":"WebPage","@id":"https:\/\/centrourbano.com\/revista\/vivienda\/acuerda-urbi-plan-de-negocios-tras-reestructura\/","url":"https:\/\/centrourbano.com\/revista\/vivienda\/acuerda-urbi-plan-de-negocios-tras-reestructura\/","name":"Acuerda Urbi plan de negocios tras reestructura -","isPartOf":{"@id":"https:\/\/centrourbano.com\/revista\/#website"},"datePublished":"2015-01-22T21:16:50+00:00","description":"&nbsp; La compa\u00f1\u00eda design\u00f3 un nuevo conciliador y acordaron su nuevo plan de negocios alineado a la Pol\u00edtica Nacional de Vivienda Tras iniciar la etapa de","breadcrumb":{"@id":"https:\/\/centrourbano.com\/revista\/vivienda\/acuerda-urbi-plan-de-negocios-tras-reestructura\/#breadcrumb"},"inLanguage":"es","potentialAction":[{"@type":"ReadAction","target":["https:\/\/centrourbano.com\/revista\/vivienda\/acuerda-urbi-plan-de-negocios-tras-reestructura\/"]}]},{"@type":"BreadcrumbList","@id":"https:\/\/centrourbano.com\/revista\/vivienda\/acuerda-urbi-plan-de-negocios-tras-reestructura\/#breadcrumb","itemListElement":[{"@type":"ListItem","position":1,"name":"Portada","item":"https:\/\/centrourbano.com\/revista\/"},{"@type":"ListItem","position":2,"name":"Acuerda Urbi plan de negocios tras reestructura"}]},{"@type":"WebSite","@id":"https:\/\/centrourbano.com\/revista\/#website","url":"https:\/\/centrourbano.com\/revista\/","name":"Centro Urbano","description":"Medio especializado en los sectores vivienda, inmobiliario, construcci\u00f3n, arquitectura y urbanismo.","publisher":{"@id":"https:\/\/centrourbano.com\/revista\/#organization"},"potentialAction":[{"@type":"SearchAction","target":{"@type":"EntryPoint","urlTemplate":"https:\/\/centrourbano.com\/revista\/?s={search_term_string}"},"query-input":{"@type":"PropertyValueSpecification","valueRequired":true,"valueName":"search_term_string"}}],"inLanguage":"es"},{"@type":"Organization","@id":"https:\/\/centrourbano.com\/revista\/#organization","name":"Centro Urbano","url":"https:\/\/centrourbano.com\/revista\/","logo":{"@type":"ImageObject","inLanguage":"es","@id":"https:\/\/centrourbano.com\/revista\/#\/schema\/logo\/image\/","url":"https:\/\/centrourbano.com\/revista\/wp-content\/uploads\/web_CU_logo-1.png","contentUrl":"https:\/\/centrourbano.com\/revista\/wp-content\/uploads\/web_CU_logo-1.png","width":350,"height":91,"caption":"Centro Urbano"},"image":{"@id":"https:\/\/centrourbano.com\/revista\/#\/schema\/logo\/image\/"},"sameAs":["https:\/\/www.facebook.com\/portalcentrourbano","https:\/\/x.com\/CentroUrbano","https:\/\/www.instagram.com\/centro_urbano\/","https:\/\/www.linkedin.com\/company\/centro-urbano\/","http:\/\/www.youtube.com\/user\/portalcentrourbano"]},{"@type":"Person","@id":"https:\/\/centrourbano.com\/revista\/#\/schema\/person\/370fa0ba2d8dd5bde3fdb8b62ad360aa","name":"G4A","image":{"@type":"ImageObject","inLanguage":"es","@id":"https:\/\/secure.gravatar.com\/avatar\/932a97121b13d5de5bbd8193c6c83d3b92c9eda0f39623607d4280e7a5778d97?s=96&d=mm&r=g","url":"https:\/\/secure.gravatar.com\/avatar\/932a97121b13d5de5bbd8193c6c83d3b92c9eda0f39623607d4280e7a5778d97?s=96&d=mm&r=g","contentUrl":"https:\/\/secure.gravatar.com\/avatar\/932a97121b13d5de5bbd8193c6c83d3b92c9eda0f39623607d4280e7a5778d97?s=96&d=mm&r=g","caption":"G4A"},"url":"https:\/\/centrourbano.com\/revista\/author\/admin-g4a\/"}]}},"_links":{"self":[{"href":"https:\/\/centrourbano.com\/revista\/wp-json\/wp\/v2\/posts\/14596","targetHints":{"allow":["GET"]}}],"collection":[{"href":"https:\/\/centrourbano.com\/revista\/wp-json\/wp\/v2\/posts"}],"about":[{"href":"https:\/\/centrourbano.com\/revista\/wp-json\/wp\/v2\/types\/post"}],"author":[{"embeddable":true,"href":"https:\/\/centrourbano.com\/revista\/wp-json\/wp\/v2\/users\/77"}],"replies":[{"embeddable":true,"href":"https:\/\/centrourbano.com\/revista\/wp-json\/wp\/v2\/comments?post=14596"}],"version-history":[{"count":0,"href":"https:\/\/centrourbano.com\/revista\/wp-json\/wp\/v2\/posts\/14596\/revisions"}],"wp:attachment":[{"href":"https:\/\/centrourbano.com\/revista\/wp-json\/wp\/v2\/media?parent=14596"}],"wp:term":[{"taxonomy":"category","embeddable":true,"href":"https:\/\/centrourbano.com\/revista\/wp-json\/wp\/v2\/categories?post=14596"},{"taxonomy":"post_tag","embeddable":true,"href":"https:\/\/centrourbano.com\/revista\/wp-json\/wp\/v2\/tags?post=14596"}],"curies":[{"name":"wp","href":"https:\/\/api.w.org\/{rel}","templated":true}]}}