{"id":145786,"date":"2024-01-30T14:31:26","date_gmt":"2024-01-30T20:31:26","guid":{"rendered":"https:\/\/centrourbano.com\/?p=145786"},"modified":"2024-01-30T14:31:26","modified_gmt":"2024-01-30T20:31:26","slug":"presenta-marti-batres-diseno-del-ultimo-tiraje-de-boletos-del-metro","status":"publish","type":"post","link":"https:\/\/centrourbano.com\/revista\/urbanismo\/presenta-marti-batres-diseno-del-ultimo-tiraje-de-boletos-del-metro\/","title":{"rendered":"Presenta Mart\u00ed Batres dise\u00f1o del \u00faltimo tiraje de boletos del Metro"},"content":{"rendered":"<p><em>Despu\u00e9s de casi 55 a\u00f1os de ser parte de la cotidianidad de muchos capitalinos, el boleto magn\u00e9tico vive su \u00faltima etapa de funcionamiento, para dar paso a la Tarjeta de Movilidad Integrada<\/em><\/p>\n<p><!--more--><\/p>\n<p>El jefe de Gobierno de la Ciudad de M\u00e9xico, Mart\u00ed Batres Guadarrama, present\u00f3 el \u00faltimo modelo del boleto del <span style=\"color: #ff6600;\"><a style=\"color: #ff6600;\" href=\"https:\/\/www.metro.cdmx.gob.mx\/\"><strong>Sistema del Transporte Colectivo (STC) Metro<\/strong><\/a><\/span>, del cual se imprimir\u00e1n 14 millones de unidades y su dise\u00f1o evocar\u00e1 los primeros boletos emitidos en 1969 con la inauguraci\u00f3n de la L\u00ednea 1, la primera de esta red de transporte p\u00fablico.<\/p>\n<blockquote><p>\u201cTermina la era del boleto del Metro, comienza la era de la tarjeta de Movilidad; en esta revoluci\u00f3n tecnol\u00f3gica importante que vive nuestra movilidad en la Ciudad de M\u00e9xico. (&#8230;) Este formato de boleto con l\u00ednea magn\u00e9tica se ha estado imprimiendo desde que naci\u00f3 el <span style=\"color: #ff6600;\"><a style=\"color: #ff6600;\" href=\"https:\/\/centrourbano.com\/?s=metro\"><strong>Metro<\/strong><\/a><\/span>, desde 1969. Ha tenido diversos dibujos, pero ha tenido siempre este tama\u00f1o y esta caracter\u00edstica de tener una l\u00ednea magn\u00e9tica para que se pueda introducir por los torniquetes, en el \u00e1rea de torniquetes. Sin embargo, lleg\u00f3 a su fin, se acab\u00f3 el boleto del Metro, tecnol\u00f3gicamente termin\u00f3 su vida \u00fatil y ahora es sustituido por la Tarjeta de Movilidad Integrada\u201d, indic\u00f3.<\/p><\/blockquote>\n<p>Batres detall\u00f3 que esta \u00faltima edici\u00f3n de boletos podr\u00e1 ser adquirida por los usuarios en las estaciones de las L\u00edneas 2, 3, en las terminales de todas las l\u00edneas, y utilizada en las L\u00edneas 2 y 3 en lo que resta de enero y febrero.<\/p>\n<blockquote><p>\u201cEs importante para la ciudadan\u00eda, para que la gente sepa que, si siguen usando boletos del Metro, solo podr\u00e1n hacerlo hasta que termine el mes de febrero; al empezar marzo, ya se tendr\u00e1 que utilizar la Tarjeta de Movilidad Integrada necesariamente en todas las l\u00edneas del Metro\u201d, indic\u00f3.<\/p><\/blockquote>\n<h3>Taquilleras conservar\u00e1n sus empleos<\/h3>\n<p>Asimismo, el mandatario capitalino asegur\u00f3 que las taquilleras mantendr\u00e1n sus puestos de trabajo, ya que aunque no se vendan boletos, se vender\u00e1n Tarjetas de Movilidad Integrada y se recargar\u00e1n.<\/p>\n<blockquote><p>\u00abEl cambio tecnol\u00f3gico no afectar\u00e1 a las trabajadoras de las taquillas del Metro que por lo dem\u00e1s hacen una gran labor, hist\u00f3ricamente siempre lo han hecho\u201d, afirm\u00f3.<\/p><\/blockquote>\n<h3>CDMX, primera ciudad en el mundo en implementar el boleto<\/h3>\n<p>En su participaci\u00f3n, el director general del STC Metro, Guillermo Calder\u00f3n Aguilera, record\u00f3 que la capital del pa\u00eds fue la primera ciudad en el mundo en implementar el boleto. M\u00e1s de 180 millones de piezas con distintos dise\u00f1os, cintas magn\u00e9ticas y elementos de seguridad, como n\u00famero de folio, n\u00famero de serie y nomenclatura, dijo, fueron elaboradas en los talleres de la <strong><span style=\"color: #ff6600;\"><a style=\"color: #ff6600;\" href=\"https:\/\/www.comisa.cdmx.gob.mx\/\">Corporaci\u00f3n Mexicana de Impresi\u00f3n (COMISA)<\/a><\/span><\/strong>.<\/p>\n<p>A su vez, precis\u00f3 que el reemplazo en su totalidad del boleto magn\u00e9tico por la Tarjeta de Movilidad Integrada se complementa con otras modernizaciones, tales como la adquisici\u00f3n de mil 500 torniquetes, 870 validadores y 206 garitas o puertas de cortes\u00eda, as\u00ed como 72 m\u00e1quinas expendedoras, que se suman a las 314 ya existentes.<\/p>\n<h3>Beneficios de usar la Tarjeta de Movilidad Integrada<\/h3>\n<p>De acuerdo con Calder\u00f3n Aguilera, los beneficios de usar exclusivamente la Tarjeta de Movilidad para los usuarios son:<\/p>\n<ul style=\"list-style-type: square;\">\n<li>Ahorro en tiempo de espera de filas.<\/li>\n<li>Evita la eventual venta ilegal de boletos.<\/li>\n<\/ul>\n","protected":false},"excerpt":{"rendered":"<p>Despu\u00e9s de casi 55 a\u00f1os de ser parte de la cotidianidad de muchos capitalinos, el boleto magn\u00e9tico vive su \u00faltima etapa de funcionamiento, para dar paso a la Tarjeta de Movilidad Integrada<\/p>\n","protected":false},"author":92,"featured_media":145787,"comment_status":"open","ping_status":"closed","sticky":false,"template":"","format":"standard","meta":{"om_disable_all_campaigns":false,"inline_featured_image":false,"_monsterinsights_skip_tracking":false,"_monsterinsights_sitenote_active":false,"_monsterinsights_sitenote_note":"","_monsterinsights_sitenote_category":0,"footnotes":""},"categories":[82],"tags":[23948,23947,32,17230],"class_list":["post-145786","post","type-post","status-publish","format-standard","has-post-thumbnail","hentry","category-urbanismo","tag-boleto-magnetico","tag-marti-batres-guadarrama","tag-metro","tag-tarjeta-de-movilidad-integrada"],"yoast_head":"<!-- This site is optimized with the Yoast SEO plugin v27.4 - https:\/\/yoast.com\/product\/yoast-seo-wordpress\/ -->\n<title>Presenta Mart\u00ed Batres dise\u00f1o del \u00faltimo tiraje de boletos del Metro -<\/title>\n<meta name=\"description\" content=\"Despu\u00e9s de casi 55 a\u00f1os de ser parte de la cotidianidad de muchos capitalinos, el boleto magn\u00e9tico vive su \u00faltima etapa de funcionamiento, para dar paso a\" \/>\n<meta name=\"robots\" content=\"index, follow, max-snippet:-1, max-image-preview:large, max-video-preview:-1\" \/>\n<link rel=\"canonical\" href=\"https:\/\/centrourbano.com\/revista\/urbanismo\/presenta-marti-batres-diseno-del-ultimo-tiraje-de-boletos-del-metro\/\" \/>\n<meta property=\"og:locale\" content=\"es_ES\" \/>\n<meta property=\"og:type\" content=\"article\" \/>\n<meta property=\"og:title\" content=\"Presenta Mart\u00ed Batres dise\u00f1o del \u00faltimo tiraje de boletos del Metro -\" \/>\n<meta property=\"og:description\" content=\"Despu\u00e9s de casi 55 a\u00f1os de ser parte de la cotidianidad de muchos capitalinos, el boleto magn\u00e9tico vive su \u00faltima etapa de funcionamiento, para dar paso a\" \/>\n<meta property=\"og:url\" content=\"https:\/\/centrourbano.com\/revista\/urbanismo\/presenta-marti-batres-diseno-del-ultimo-tiraje-de-boletos-del-metro\/\" \/>\n<meta property=\"og:site_name\" content=\"Centro Urbano\" \/>\n<meta property=\"article:publisher\" content=\"https:\/\/www.facebook.com\/portalcentrourbano\" \/>\n<meta property=\"article:published_time\" content=\"2024-01-30T20:31:26+00:00\" \/>\n<meta property=\"og:image\" content=\"https:\/\/centrourbano.com\/revista\/wp-content\/uploads\/Diseno-sin-titulo-5-13.png\" \/>\n\t<meta property=\"og:image:width\" content=\"800\" \/>\n\t<meta property=\"og:image:height\" content=\"800\" \/>\n\t<meta property=\"og:image:type\" content=\"image\/png\" \/>\n<meta name=\"author\" content=\"Daniela Ruiz\" \/>\n<meta name=\"twitter:card\" content=\"summary_large_image\" \/>\n<meta name=\"twitter:creator\" content=\"@CentroUrbano\" \/>\n<meta name=\"twitter:site\" content=\"@CentroUrbano\" \/>\n<meta name=\"twitter:label1\" content=\"Escrito por\" \/>\n\t<meta name=\"twitter:data1\" content=\"Daniela Ruiz\" \/>\n\t<meta name=\"twitter:label2\" content=\"Tiempo de lectura\" \/>\n\t<meta name=\"twitter:data2\" content=\"3 minutos\" \/>\n<script type=\"application\/ld+json\" class=\"yoast-schema-graph\">{\"@context\":\"https:\\\/\\\/schema.org\",\"@graph\":[{\"@type\":\"Article\",\"@id\":\"https:\\\/\\\/centrourbano.com\\\/revista\\\/urbanismo\\\/presenta-marti-batres-diseno-del-ultimo-tiraje-de-boletos-del-metro\\\/#article\",\"isPartOf\":{\"@id\":\"https:\\\/\\\/centrourbano.com\\\/revista\\\/urbanismo\\\/presenta-marti-batres-diseno-del-ultimo-tiraje-de-boletos-del-metro\\\/\"},\"author\":{\"name\":\"Daniela Ruiz\",\"@id\":\"https:\\\/\\\/centrourbano.com\\\/revista\\\/#\\\/schema\\\/person\\\/d8323677cec17d90f1f6a6c421c202e7\"},\"headline\":\"Presenta Mart\u00ed Batres dise\u00f1o del \u00faltimo tiraje de boletos del Metro\",\"datePublished\":\"2024-01-30T20:31:26+00:00\",\"mainEntityOfPage\":{\"@id\":\"https:\\\/\\\/centrourbano.com\\\/revista\\\/urbanismo\\\/presenta-marti-batres-diseno-del-ultimo-tiraje-de-boletos-del-metro\\\/\"},\"wordCount\":564,\"commentCount\":0,\"publisher\":{\"@id\":\"https:\\\/\\\/centrourbano.com\\\/revista\\\/#organization\"},\"image\":{\"@id\":\"https:\\\/\\\/centrourbano.com\\\/revista\\\/urbanismo\\\/presenta-marti-batres-diseno-del-ultimo-tiraje-de-boletos-del-metro\\\/#primaryimage\"},\"thumbnailUrl\":\"https:\\\/\\\/centrourbano.com\\\/revista\\\/wp-content\\\/uploads\\\/Diseno-sin-titulo-5-13.png\",\"keywords\":[\"boleto magn\u00e9tico\",\"Mart\u00ed Batres Guadarrama\",\"metro\",\"Tarjeta de Movilidad Integrada\"],\"articleSection\":[\"Urbanismo\"],\"inLanguage\":\"es\",\"potentialAction\":[{\"@type\":\"CommentAction\",\"name\":\"Comment\",\"target\":[\"https:\\\/\\\/centrourbano.com\\\/revista\\\/urbanismo\\\/presenta-marti-batres-diseno-del-ultimo-tiraje-de-boletos-del-metro\\\/#respond\"]}]},{\"@type\":\"WebPage\",\"@id\":\"https:\\\/\\\/centrourbano.com\\\/revista\\\/urbanismo\\\/presenta-marti-batres-diseno-del-ultimo-tiraje-de-boletos-del-metro\\\/\",\"url\":\"https:\\\/\\\/centrourbano.com\\\/revista\\\/urbanismo\\\/presenta-marti-batres-diseno-del-ultimo-tiraje-de-boletos-del-metro\\\/\",\"name\":\"Presenta Mart\u00ed Batres dise\u00f1o del \u00faltimo tiraje de boletos del Metro -\",\"isPartOf\":{\"@id\":\"https:\\\/\\\/centrourbano.com\\\/revista\\\/#website\"},\"primaryImageOfPage\":{\"@id\":\"https:\\\/\\\/centrourbano.com\\\/revista\\\/urbanismo\\\/presenta-marti-batres-diseno-del-ultimo-tiraje-de-boletos-del-metro\\\/#primaryimage\"},\"image\":{\"@id\":\"https:\\\/\\\/centrourbano.com\\\/revista\\\/urbanismo\\\/presenta-marti-batres-diseno-del-ultimo-tiraje-de-boletos-del-metro\\\/#primaryimage\"},\"thumbnailUrl\":\"https:\\\/\\\/centrourbano.com\\\/revista\\\/wp-content\\\/uploads\\\/Diseno-sin-titulo-5-13.png\",\"datePublished\":\"2024-01-30T20:31:26+00:00\",\"description\":\"Despu\u00e9s de casi 55 a\u00f1os de ser parte de la cotidianidad de muchos capitalinos, el boleto magn\u00e9tico vive su \u00faltima etapa de funcionamiento, para dar paso a\",\"breadcrumb\":{\"@id\":\"https:\\\/\\\/centrourbano.com\\\/revista\\\/urbanismo\\\/presenta-marti-batres-diseno-del-ultimo-tiraje-de-boletos-del-metro\\\/#breadcrumb\"},\"inLanguage\":\"es\",\"potentialAction\":[{\"@type\":\"ReadAction\",\"target\":[\"https:\\\/\\\/centrourbano.com\\\/revista\\\/urbanismo\\\/presenta-marti-batres-diseno-del-ultimo-tiraje-de-boletos-del-metro\\\/\"]}]},{\"@type\":\"ImageObject\",\"inLanguage\":\"es\",\"@id\":\"https:\\\/\\\/centrourbano.com\\\/revista\\\/urbanismo\\\/presenta-marti-batres-diseno-del-ultimo-tiraje-de-boletos-del-metro\\\/#primaryimage\",\"url\":\"https:\\\/\\\/centrourbano.com\\\/revista\\\/wp-content\\\/uploads\\\/Diseno-sin-titulo-5-13.png\",\"contentUrl\":\"https:\\\/\\\/centrourbano.com\\\/revista\\\/wp-content\\\/uploads\\\/Diseno-sin-titulo-5-13.png\",\"width\":800,\"height\":800,\"caption\":\"Presenta Mart\u00ed Batres el \u00faltimo modelo del boleto del Metro\"},{\"@type\":\"BreadcrumbList\",\"@id\":\"https:\\\/\\\/centrourbano.com\\\/revista\\\/urbanismo\\\/presenta-marti-batres-diseno-del-ultimo-tiraje-de-boletos-del-metro\\\/#breadcrumb\",\"itemListElement\":[{\"@type\":\"ListItem\",\"position\":1,\"name\":\"Portada\",\"item\":\"https:\\\/\\\/centrourbano.com\\\/revista\\\/\"},{\"@type\":\"ListItem\",\"position\":2,\"name\":\"Presenta Mart\u00ed Batres dise\u00f1o del \u00faltimo tiraje de boletos del Metro\"}]},{\"@type\":\"WebSite\",\"@id\":\"https:\\\/\\\/centrourbano.com\\\/revista\\\/#website\",\"url\":\"https:\\\/\\\/centrourbano.com\\\/revista\\\/\",\"name\":\"Centro Urbano\",\"description\":\"Medio especializado en los sectores vivienda, inmobiliario, construcci\u00f3n, arquitectura y urbanismo.\",\"publisher\":{\"@id\":\"https:\\\/\\\/centrourbano.com\\\/revista\\\/#organization\"},\"potentialAction\":[{\"@type\":\"SearchAction\",\"target\":{\"@type\":\"EntryPoint\",\"urlTemplate\":\"https:\\\/\\\/centrourbano.com\\\/revista\\\/?s={search_term_string}\"},\"query-input\":{\"@type\":\"PropertyValueSpecification\",\"valueRequired\":true,\"valueName\":\"search_term_string\"}}],\"inLanguage\":\"es\"},{\"@type\":\"Organization\",\"@id\":\"https:\\\/\\\/centrourbano.com\\\/revista\\\/#organization\",\"name\":\"Centro Urbano\",\"url\":\"https:\\\/\\\/centrourbano.com\\\/revista\\\/\",\"logo\":{\"@type\":\"ImageObject\",\"inLanguage\":\"es\",\"@id\":\"https:\\\/\\\/centrourbano.com\\\/revista\\\/#\\\/schema\\\/logo\\\/image\\\/\",\"url\":\"https:\\\/\\\/centrourbano.com\\\/revista\\\/wp-content\\\/uploads\\\/web_CU_logo-1.png\",\"contentUrl\":\"https:\\\/\\\/centrourbano.com\\\/revista\\\/wp-content\\\/uploads\\\/web_CU_logo-1.png\",\"width\":350,\"height\":91,\"caption\":\"Centro Urbano\"},\"image\":{\"@id\":\"https:\\\/\\\/centrourbano.com\\\/revista\\\/#\\\/schema\\\/logo\\\/image\\\/\"},\"sameAs\":[\"https:\\\/\\\/www.facebook.com\\\/portalcentrourbano\",\"https:\\\/\\\/x.com\\\/CentroUrbano\",\"https:\\\/\\\/www.instagram.com\\\/centro_urbano\\\/\",\"https:\\\/\\\/www.linkedin.com\\\/company\\\/centro-urbano\\\/\",\"http:\\\/\\\/www.youtube.com\\\/user\\\/portalcentrourbano\"]},{\"@type\":\"Person\",\"@id\":\"https:\\\/\\\/centrourbano.com\\\/revista\\\/#\\\/schema\\\/person\\\/d8323677cec17d90f1f6a6c421c202e7\",\"name\":\"Daniela Ruiz\",\"image\":{\"@type\":\"ImageObject\",\"inLanguage\":\"es\",\"@id\":\"https:\\\/\\\/secure.gravatar.com\\\/avatar\\\/ec08338a9ab95e73bee642997b5b9a0ff0eed01e3f9ffce27e4629fe5fd269b0?s=96&d=mm&r=g\",\"url\":\"https:\\\/\\\/secure.gravatar.com\\\/avatar\\\/ec08338a9ab95e73bee642997b5b9a0ff0eed01e3f9ffce27e4629fe5fd269b0?s=96&d=mm&r=g\",\"contentUrl\":\"https:\\\/\\\/secure.gravatar.com\\\/avatar\\\/ec08338a9ab95e73bee642997b5b9a0ff0eed01e3f9ffce27e4629fe5fd269b0?s=96&d=mm&r=g\",\"caption\":\"Daniela Ruiz\"},\"url\":\"https:\\\/\\\/centrourbano.com\\\/revista\\\/author\\\/daniela-ruiz\\\/\"}]}<\/script>\n<!-- \/ Yoast SEO plugin. -->","yoast_head_json":{"title":"Presenta Mart\u00ed Batres dise\u00f1o del \u00faltimo tiraje de boletos del Metro -","description":"Despu\u00e9s de casi 55 a\u00f1os de ser parte de la cotidianidad de muchos capitalinos, el boleto magn\u00e9tico vive su \u00faltima etapa de funcionamiento, para dar paso a","robots":{"index":"index","follow":"follow","max-snippet":"max-snippet:-1","max-image-preview":"max-image-preview:large","max-video-preview":"max-video-preview:-1"},"canonical":"https:\/\/centrourbano.com\/revista\/urbanismo\/presenta-marti-batres-diseno-del-ultimo-tiraje-de-boletos-del-metro\/","og_locale":"es_ES","og_type":"article","og_title":"Presenta Mart\u00ed Batres dise\u00f1o del \u00faltimo tiraje de boletos del Metro -","og_description":"Despu\u00e9s de casi 55 a\u00f1os de ser parte de la cotidianidad de muchos capitalinos, el boleto magn\u00e9tico vive su \u00faltima etapa de funcionamiento, para dar paso a","og_url":"https:\/\/centrourbano.com\/revista\/urbanismo\/presenta-marti-batres-diseno-del-ultimo-tiraje-de-boletos-del-metro\/","og_site_name":"Centro Urbano","article_publisher":"https:\/\/www.facebook.com\/portalcentrourbano","article_published_time":"2024-01-30T20:31:26+00:00","og_image":[{"width":800,"height":800,"url":"https:\/\/centrourbano.com\/revista\/wp-content\/uploads\/Diseno-sin-titulo-5-13.png","type":"image\/png"}],"author":"Daniela Ruiz","twitter_card":"summary_large_image","twitter_creator":"@CentroUrbano","twitter_site":"@CentroUrbano","twitter_misc":{"Escrito por":"Daniela Ruiz","Tiempo de lectura":"3 minutos"},"schema":{"@context":"https:\/\/schema.org","@graph":[{"@type":"Article","@id":"https:\/\/centrourbano.com\/revista\/urbanismo\/presenta-marti-batres-diseno-del-ultimo-tiraje-de-boletos-del-metro\/#article","isPartOf":{"@id":"https:\/\/centrourbano.com\/revista\/urbanismo\/presenta-marti-batres-diseno-del-ultimo-tiraje-de-boletos-del-metro\/"},"author":{"name":"Daniela Ruiz","@id":"https:\/\/centrourbano.com\/revista\/#\/schema\/person\/d8323677cec17d90f1f6a6c421c202e7"},"headline":"Presenta Mart\u00ed Batres dise\u00f1o del \u00faltimo tiraje de boletos del Metro","datePublished":"2024-01-30T20:31:26+00:00","mainEntityOfPage":{"@id":"https:\/\/centrourbano.com\/revista\/urbanismo\/presenta-marti-batres-diseno-del-ultimo-tiraje-de-boletos-del-metro\/"},"wordCount":564,"commentCount":0,"publisher":{"@id":"https:\/\/centrourbano.com\/revista\/#organization"},"image":{"@id":"https:\/\/centrourbano.com\/revista\/urbanismo\/presenta-marti-batres-diseno-del-ultimo-tiraje-de-boletos-del-metro\/#primaryimage"},"thumbnailUrl":"https:\/\/centrourbano.com\/revista\/wp-content\/uploads\/Diseno-sin-titulo-5-13.png","keywords":["boleto magn\u00e9tico","Mart\u00ed Batres Guadarrama","metro","Tarjeta de Movilidad Integrada"],"articleSection":["Urbanismo"],"inLanguage":"es","potentialAction":[{"@type":"CommentAction","name":"Comment","target":["https:\/\/centrourbano.com\/revista\/urbanismo\/presenta-marti-batres-diseno-del-ultimo-tiraje-de-boletos-del-metro\/#respond"]}]},{"@type":"WebPage","@id":"https:\/\/centrourbano.com\/revista\/urbanismo\/presenta-marti-batres-diseno-del-ultimo-tiraje-de-boletos-del-metro\/","url":"https:\/\/centrourbano.com\/revista\/urbanismo\/presenta-marti-batres-diseno-del-ultimo-tiraje-de-boletos-del-metro\/","name":"Presenta Mart\u00ed Batres dise\u00f1o del \u00faltimo tiraje de boletos del Metro -","isPartOf":{"@id":"https:\/\/centrourbano.com\/revista\/#website"},"primaryImageOfPage":{"@id":"https:\/\/centrourbano.com\/revista\/urbanismo\/presenta-marti-batres-diseno-del-ultimo-tiraje-de-boletos-del-metro\/#primaryimage"},"image":{"@id":"https:\/\/centrourbano.com\/revista\/urbanismo\/presenta-marti-batres-diseno-del-ultimo-tiraje-de-boletos-del-metro\/#primaryimage"},"thumbnailUrl":"https:\/\/centrourbano.com\/revista\/wp-content\/uploads\/Diseno-sin-titulo-5-13.png","datePublished":"2024-01-30T20:31:26+00:00","description":"Despu\u00e9s de casi 55 a\u00f1os de ser parte de la cotidianidad de muchos capitalinos, el boleto magn\u00e9tico vive su \u00faltima etapa de funcionamiento, para dar paso a","breadcrumb":{"@id":"https:\/\/centrourbano.com\/revista\/urbanismo\/presenta-marti-batres-diseno-del-ultimo-tiraje-de-boletos-del-metro\/#breadcrumb"},"inLanguage":"es","potentialAction":[{"@type":"ReadAction","target":["https:\/\/centrourbano.com\/revista\/urbanismo\/presenta-marti-batres-diseno-del-ultimo-tiraje-de-boletos-del-metro\/"]}]},{"@type":"ImageObject","inLanguage":"es","@id":"https:\/\/centrourbano.com\/revista\/urbanismo\/presenta-marti-batres-diseno-del-ultimo-tiraje-de-boletos-del-metro\/#primaryimage","url":"https:\/\/centrourbano.com\/revista\/wp-content\/uploads\/Diseno-sin-titulo-5-13.png","contentUrl":"https:\/\/centrourbano.com\/revista\/wp-content\/uploads\/Diseno-sin-titulo-5-13.png","width":800,"height":800,"caption":"Presenta Mart\u00ed Batres el \u00faltimo modelo del boleto del Metro"},{"@type":"BreadcrumbList","@id":"https:\/\/centrourbano.com\/revista\/urbanismo\/presenta-marti-batres-diseno-del-ultimo-tiraje-de-boletos-del-metro\/#breadcrumb","itemListElement":[{"@type":"ListItem","position":1,"name":"Portada","item":"https:\/\/centrourbano.com\/revista\/"},{"@type":"ListItem","position":2,"name":"Presenta Mart\u00ed Batres dise\u00f1o del \u00faltimo tiraje de boletos del Metro"}]},{"@type":"WebSite","@id":"https:\/\/centrourbano.com\/revista\/#website","url":"https:\/\/centrourbano.com\/revista\/","name":"Centro Urbano","description":"Medio especializado en los sectores vivienda, inmobiliario, construcci\u00f3n, arquitectura y urbanismo.","publisher":{"@id":"https:\/\/centrourbano.com\/revista\/#organization"},"potentialAction":[{"@type":"SearchAction","target":{"@type":"EntryPoint","urlTemplate":"https:\/\/centrourbano.com\/revista\/?s={search_term_string}"},"query-input":{"@type":"PropertyValueSpecification","valueRequired":true,"valueName":"search_term_string"}}],"inLanguage":"es"},{"@type":"Organization","@id":"https:\/\/centrourbano.com\/revista\/#organization","name":"Centro Urbano","url":"https:\/\/centrourbano.com\/revista\/","logo":{"@type":"ImageObject","inLanguage":"es","@id":"https:\/\/centrourbano.com\/revista\/#\/schema\/logo\/image\/","url":"https:\/\/centrourbano.com\/revista\/wp-content\/uploads\/web_CU_logo-1.png","contentUrl":"https:\/\/centrourbano.com\/revista\/wp-content\/uploads\/web_CU_logo-1.png","width":350,"height":91,"caption":"Centro Urbano"},"image":{"@id":"https:\/\/centrourbano.com\/revista\/#\/schema\/logo\/image\/"},"sameAs":["https:\/\/www.facebook.com\/portalcentrourbano","https:\/\/x.com\/CentroUrbano","https:\/\/www.instagram.com\/centro_urbano\/","https:\/\/www.linkedin.com\/company\/centro-urbano\/","http:\/\/www.youtube.com\/user\/portalcentrourbano"]},{"@type":"Person","@id":"https:\/\/centrourbano.com\/revista\/#\/schema\/person\/d8323677cec17d90f1f6a6c421c202e7","name":"Daniela Ruiz","image":{"@type":"ImageObject","inLanguage":"es","@id":"https:\/\/secure.gravatar.com\/avatar\/ec08338a9ab95e73bee642997b5b9a0ff0eed01e3f9ffce27e4629fe5fd269b0?s=96&d=mm&r=g","url":"https:\/\/secure.gravatar.com\/avatar\/ec08338a9ab95e73bee642997b5b9a0ff0eed01e3f9ffce27e4629fe5fd269b0?s=96&d=mm&r=g","contentUrl":"https:\/\/secure.gravatar.com\/avatar\/ec08338a9ab95e73bee642997b5b9a0ff0eed01e3f9ffce27e4629fe5fd269b0?s=96&d=mm&r=g","caption":"Daniela Ruiz"},"url":"https:\/\/centrourbano.com\/revista\/author\/daniela-ruiz\/"}]}},"_links":{"self":[{"href":"https:\/\/centrourbano.com\/revista\/wp-json\/wp\/v2\/posts\/145786","targetHints":{"allow":["GET"]}}],"collection":[{"href":"https:\/\/centrourbano.com\/revista\/wp-json\/wp\/v2\/posts"}],"about":[{"href":"https:\/\/centrourbano.com\/revista\/wp-json\/wp\/v2\/types\/post"}],"author":[{"embeddable":true,"href":"https:\/\/centrourbano.com\/revista\/wp-json\/wp\/v2\/users\/92"}],"replies":[{"embeddable":true,"href":"https:\/\/centrourbano.com\/revista\/wp-json\/wp\/v2\/comments?post=145786"}],"version-history":[{"count":5,"href":"https:\/\/centrourbano.com\/revista\/wp-json\/wp\/v2\/posts\/145786\/revisions"}],"predecessor-version":[{"id":145818,"href":"https:\/\/centrourbano.com\/revista\/wp-json\/wp\/v2\/posts\/145786\/revisions\/145818"}],"wp:featuredmedia":[{"embeddable":true,"href":"https:\/\/centrourbano.com\/revista\/wp-json\/wp\/v2\/media\/145787"}],"wp:attachment":[{"href":"https:\/\/centrourbano.com\/revista\/wp-json\/wp\/v2\/media?parent=145786"}],"wp:term":[{"taxonomy":"category","embeddable":true,"href":"https:\/\/centrourbano.com\/revista\/wp-json\/wp\/v2\/categories?post=145786"},{"taxonomy":"post_tag","embeddable":true,"href":"https:\/\/centrourbano.com\/revista\/wp-json\/wp\/v2\/tags?post=145786"}],"curies":[{"name":"wp","href":"https:\/\/api.w.org\/{rel}","templated":true}]}}