{"id":14553,"date":"2015-01-21T18:16:49","date_gmt":"2015-01-22T00:16:49","guid":{"rendered":"http:\/\/centrourbano.com\/?p=14553"},"modified":"2015-01-21T18:16:49","modified_gmt":"2015-01-22T00:16:49","slug":"pone-en-marcha-jefe-de-gobierno-primeras-unidades-moviles-de-rehabilitacion","status":"publish","type":"post","link":"https:\/\/centrourbano.com\/revista\/saladeprensa\/pone-en-marcha-jefe-de-gobierno-primeras-unidades-moviles-de-rehabilitacion\/","title":{"rendered":"Pone en marcha jefe de Gobierno primeras unidades m\u00f3viles de rehabilitaci\u00f3n"},"content":{"rendered":"<p>&nbsp;<\/p>\n<ul>\n<li>Recorrer\u00e1n la Ciudad de M\u00e9xico para brindar atenci\u00f3n a personas con discapacidad de escasos recursos.<\/li>\n<\/ul>\n<p>&nbsp;<\/p>\n<ul>\n<li>Tambi\u00e9n se entregaron 850 ayudas t\u00e9cnicas como aparatos auditivos, sillas de ruedas y bastones.<\/li>\n<\/ul>\n<p><!--more--><\/p>\n<p>&nbsp;<\/p>\n<p>El Jefe de Gobierno de la Ciudad de M\u00e9xico, Miguel \u00c1ngel Mancera Espinosa, puso en marcha cuatro Unidades M\u00f3viles de Rehabilitaci\u00f3n que recorrer\u00e1n la CDMX para beneficiar a personas con discapacidad de escasos recursos\u00a0que habitan en zonas consideradas de bajo \u00edndice de desarrollo social.<\/p>\n<p>&nbsp;<\/p>\n<p>Asimismo, realiz\u00f3 la entrega simb\u00f3lica de 850 ayudas t\u00e9cnicas, que tienen como objetivo fortalecer la movilidad e impulsar el desarrollo para una vida independiente de este sector de la poblaci\u00f3n.<\/p>\n<p>&nbsp;<\/p>\n<p>\u00abVamos a continuar rompiendo barreas en la ciudad para las personas con discapacidad, es una tarea de todos los d\u00edas\u00bb, afirm\u00f3.<\/p>\n<p>&nbsp;<\/p>\n<p>Estas acciones forman parte del compromiso que el ejecutivo local hizo el pasado mes de diciembre para fortalecer las iniciativas de su administraci\u00f3n en favor de este sector de la poblaci\u00f3n, que asciende a 500 mil personas.<\/p>\n<p>&nbsp;<\/p>\n<p>El objetivo, dijo, es que esta ayuda llegue a quienes no pueden ir a los centros de rehabilitaci\u00f3n, donde las personas requieren recibir este tipo de terapia que puede cambiarles la vida.<\/p>\n<p>&nbsp;<\/p>\n<p>Las unidades est\u00e1n equipadas para brindar servicios de trabajo social, psicolog\u00eda, mecanoterapia, hidroterapia, terapia ocupacional, ultrasonido, electroestimulaci\u00f3n y terapia f\u00edsica.<\/p>\n<p>&nbsp;<\/p>\n<p>Por su parte, las ayudas t\u00e9cnicas est\u00e1n conformadas por 600 aparatos auditivos; 25 sillas de ruedas todoterreno, 20 sillas de ruedas est\u00e1ndar infantil, 50 sillas de ruedas est\u00e1ndar adulto, 20 sillas de ruedas PCI, 20 sillas de ruedas PCA, 40 bastones de un apoyo, 25 bastones de cuatro apoyos, 25 bastones blancos, 10 andaderas y 15 bastones canadienses.<\/p>\n<p>&nbsp;<\/p>\n<p>Con el prop\u00f3sito de seguir construyendo una ciudad incluyente e igualitaria, el mandatario capitalino anunci\u00f3 que est\u00e1 en marcha el reequipamiento de las unidades b\u00e1sicas en Ajusco y Villa Ol\u00edmpica; ejercicio que alcanzar\u00e1 ocho unidades en total.<\/p>\n<p>&nbsp;<\/p>\n<p>En su oportunidad, el Director General del Sistema para el Desarrollo Integral de la Familia de la Ciudad de M\u00e9xico (DIF-CDMX), Gamaliel Mart\u00ednez Pacheco, se\u00f1al\u00f3 que con la presentaci\u00f3n de estas unidades b\u00e1sicas de rehabilitaci\u00f3n m\u00f3viles se va a potencializar los servicios en el territorio, posicionando a la Ciudad de M\u00e9xico como un ejemplo de inclusi\u00f3n, participaci\u00f3n y garant\u00eda de los derechos humanos.<\/p>\n<p>&nbsp;<\/p>\n<p>De igual forma, Mancera Espinosa record\u00f3 algunas de las acciones que el Gobierno de la Ciudad de M\u00e9xico ha emprendido en favor de las personas con discapacidad, como los 103 elevadores en el Sistema de Transporte Colectivo (STC), a trav\u00e9s de la\u00a0Tarjeta Libre Acceso\u00a0del\u00a0Metro; y los 110 sitios web habilitados para su navegaci\u00f3n por personas en diversas condiciones de discapacidad.<\/p>\n<p>&nbsp;<\/p>\n<p>El Gobierno de la CDMX continuar\u00e1 trabajando para garantizar el ejercicio pleno de los derechos humanos y fundamentales de las personas con discapacidad, as\u00ed como favorecer el desarrollo de su autonom\u00eda.<\/p>\n<p>&nbsp;<\/p>\n<p>Cabe recordar que la Ley General para la Inclusi\u00f3n de las Personas con Discapacidad posiciona a las acciones afirmativas como apoyos de car\u00e1cter espec\u00edfico destinados a prevenir o compensar las desventajas o dificultades que tienen las personas con discapacidad en la incorporaci\u00f3n y participaci\u00f3n plena en los \u00e1mbitos de la vida pol\u00edtica, econ\u00f3mica, social y cultural.<\/p>\n<p>&nbsp;<\/p>\n<p>El Jefe de Gobierno precis\u00f3 que el gobierno de la ciudad invierte m\u00e1s de 700 millones de pesos para atender a los grupos m\u00e1s vulnerables entre los que se encuentran las personas con capacidades diferentes.<\/p>\n","protected":false},"excerpt":{"rendered":"<p>&nbsp; Recorrer\u00e1n la Ciudad de M\u00e9xico para brindar atenci\u00f3n a personas con discapacidad de escasos recursos. &nbsp; Tambi\u00e9n se entregaron 850 ayudas t\u00e9cnicas como aparatos auditivos, sillas de ruedas y bastones.<\/p>\n","protected":false},"author":14,"featured_media":0,"comment_status":"open","ping_status":"closed","sticky":false,"template":"","format":"standard","meta":{"om_disable_all_campaigns":false,"inline_featured_image":false,"_monsterinsights_skip_tracking":false,"_monsterinsights_sitenote_active":false,"_monsterinsights_sitenote_note":"","_monsterinsights_sitenote_category":0,"footnotes":""},"categories":[7],"tags":[],"class_list":["post-14553","post","type-post","status-publish","format-standard","hentry","category-saladeprensa"],"yoast_head":"<!-- This site is optimized with the Yoast SEO plugin v27.4 - https:\/\/yoast.com\/product\/yoast-seo-wordpress\/ -->\n<title>Pone en marcha jefe de Gobierno primeras unidades m\u00f3viles de rehabilitaci\u00f3n  -<\/title>\n<meta name=\"description\" content=\"&nbsp; Recorrer\u00e1n la Ciudad de M\u00e9xico para brindar atenci\u00f3n a personas con discapacidad de escasos recursos. &nbsp; Tambi\u00e9n se entregaron 850 ayudas\" \/>\n<meta name=\"robots\" content=\"index, follow, max-snippet:-1, max-image-preview:large, max-video-preview:-1\" \/>\n<link rel=\"canonical\" href=\"https:\/\/centrourbano.com\/revista\/saladeprensa\/pone-en-marcha-jefe-de-gobierno-primeras-unidades-moviles-de-rehabilitacion\/\" \/>\n<meta property=\"og:locale\" content=\"es_ES\" \/>\n<meta property=\"og:type\" content=\"article\" \/>\n<meta property=\"og:title\" content=\"Pone en marcha jefe de Gobierno primeras unidades m\u00f3viles de rehabilitaci\u00f3n  -\" \/>\n<meta property=\"og:description\" content=\"&nbsp; Recorrer\u00e1n la Ciudad de M\u00e9xico para brindar atenci\u00f3n a personas con discapacidad de escasos recursos. &nbsp; Tambi\u00e9n se entregaron 850 ayudas\" \/>\n<meta property=\"og:url\" content=\"https:\/\/centrourbano.com\/revista\/saladeprensa\/pone-en-marcha-jefe-de-gobierno-primeras-unidades-moviles-de-rehabilitacion\/\" \/>\n<meta property=\"og:site_name\" content=\"Centro Urbano\" \/>\n<meta property=\"article:publisher\" content=\"https:\/\/www.facebook.com\/portalcentrourbano\" \/>\n<meta property=\"article:published_time\" content=\"2015-01-22T00:16:49+00:00\" \/>\n<meta property=\"og:image\" content=\"https:\/\/centrourbano.com\/revista\/wp-content\/uploads\/CU-logo.png\" \/>\n\t<meta property=\"og:image:width\" content=\"350\" \/>\n\t<meta property=\"og:image:height\" content=\"91\" \/>\n\t<meta property=\"og:image:type\" content=\"image\/png\" \/>\n<meta name=\"author\" content=\"Redacci\u00f3n Centro Urbano\" \/>\n<meta name=\"twitter:card\" content=\"summary_large_image\" \/>\n<meta name=\"twitter:creator\" content=\"@CentroUrbano\" \/>\n<meta name=\"twitter:site\" content=\"@CentroUrbano\" \/>\n<meta name=\"twitter:label1\" content=\"Escrito por\" \/>\n\t<meta name=\"twitter:data1\" content=\"Redacci\u00f3n Centro Urbano\" \/>\n\t<meta name=\"twitter:label2\" content=\"Tiempo de lectura\" \/>\n\t<meta name=\"twitter:data2\" content=\"3 minutos\" \/>\n<script type=\"application\/ld+json\" class=\"yoast-schema-graph\">{\"@context\":\"https:\\\/\\\/schema.org\",\"@graph\":[{\"@type\":\"Article\",\"@id\":\"https:\\\/\\\/centrourbano.com\\\/revista\\\/saladeprensa\\\/pone-en-marcha-jefe-de-gobierno-primeras-unidades-moviles-de-rehabilitacion\\\/#article\",\"isPartOf\":{\"@id\":\"https:\\\/\\\/centrourbano.com\\\/revista\\\/saladeprensa\\\/pone-en-marcha-jefe-de-gobierno-primeras-unidades-moviles-de-rehabilitacion\\\/\"},\"author\":{\"name\":\"Redacci\u00f3n Centro Urbano\",\"@id\":\"https:\\\/\\\/centrourbano.com\\\/revista\\\/#\\\/schema\\\/person\\\/680e7c50f9d6e917e416c9efdc26f996\"},\"headline\":\"Pone en marcha jefe de Gobierno primeras unidades m\u00f3viles de rehabilitaci\u00f3n\",\"datePublished\":\"2015-01-22T00:16:49+00:00\",\"mainEntityOfPage\":{\"@id\":\"https:\\\/\\\/centrourbano.com\\\/revista\\\/saladeprensa\\\/pone-en-marcha-jefe-de-gobierno-primeras-unidades-moviles-de-rehabilitacion\\\/\"},\"wordCount\":619,\"commentCount\":0,\"publisher\":{\"@id\":\"https:\\\/\\\/centrourbano.com\\\/revista\\\/#organization\"},\"articleSection\":[\"Sala de Prensa\"],\"inLanguage\":\"es\",\"potentialAction\":[{\"@type\":\"CommentAction\",\"name\":\"Comment\",\"target\":[\"https:\\\/\\\/centrourbano.com\\\/revista\\\/saladeprensa\\\/pone-en-marcha-jefe-de-gobierno-primeras-unidades-moviles-de-rehabilitacion\\\/#respond\"]}]},{\"@type\":\"WebPage\",\"@id\":\"https:\\\/\\\/centrourbano.com\\\/revista\\\/saladeprensa\\\/pone-en-marcha-jefe-de-gobierno-primeras-unidades-moviles-de-rehabilitacion\\\/\",\"url\":\"https:\\\/\\\/centrourbano.com\\\/revista\\\/saladeprensa\\\/pone-en-marcha-jefe-de-gobierno-primeras-unidades-moviles-de-rehabilitacion\\\/\",\"name\":\"Pone en marcha jefe de Gobierno primeras unidades m\u00f3viles de rehabilitaci\u00f3n -\",\"isPartOf\":{\"@id\":\"https:\\\/\\\/centrourbano.com\\\/revista\\\/#website\"},\"datePublished\":\"2015-01-22T00:16:49+00:00\",\"description\":\"&nbsp; Recorrer\u00e1n la Ciudad de M\u00e9xico para brindar atenci\u00f3n a personas con discapacidad de escasos recursos. &nbsp; Tambi\u00e9n se entregaron 850 ayudas\",\"breadcrumb\":{\"@id\":\"https:\\\/\\\/centrourbano.com\\\/revista\\\/saladeprensa\\\/pone-en-marcha-jefe-de-gobierno-primeras-unidades-moviles-de-rehabilitacion\\\/#breadcrumb\"},\"inLanguage\":\"es\",\"potentialAction\":[{\"@type\":\"ReadAction\",\"target\":[\"https:\\\/\\\/centrourbano.com\\\/revista\\\/saladeprensa\\\/pone-en-marcha-jefe-de-gobierno-primeras-unidades-moviles-de-rehabilitacion\\\/\"]}]},{\"@type\":\"BreadcrumbList\",\"@id\":\"https:\\\/\\\/centrourbano.com\\\/revista\\\/saladeprensa\\\/pone-en-marcha-jefe-de-gobierno-primeras-unidades-moviles-de-rehabilitacion\\\/#breadcrumb\",\"itemListElement\":[{\"@type\":\"ListItem\",\"position\":1,\"name\":\"Portada\",\"item\":\"https:\\\/\\\/centrourbano.com\\\/revista\\\/\"},{\"@type\":\"ListItem\",\"position\":2,\"name\":\"Pone en marcha jefe de Gobierno primeras unidades m\u00f3viles de rehabilitaci\u00f3n\"}]},{\"@type\":\"WebSite\",\"@id\":\"https:\\\/\\\/centrourbano.com\\\/revista\\\/#website\",\"url\":\"https:\\\/\\\/centrourbano.com\\\/revista\\\/\",\"name\":\"Centro Urbano\",\"description\":\"Medio especializado en los sectores vivienda, inmobiliario, construcci\u00f3n, arquitectura y urbanismo.\",\"publisher\":{\"@id\":\"https:\\\/\\\/centrourbano.com\\\/revista\\\/#organization\"},\"potentialAction\":[{\"@type\":\"SearchAction\",\"target\":{\"@type\":\"EntryPoint\",\"urlTemplate\":\"https:\\\/\\\/centrourbano.com\\\/revista\\\/?s={search_term_string}\"},\"query-input\":{\"@type\":\"PropertyValueSpecification\",\"valueRequired\":true,\"valueName\":\"search_term_string\"}}],\"inLanguage\":\"es\"},{\"@type\":\"Organization\",\"@id\":\"https:\\\/\\\/centrourbano.com\\\/revista\\\/#organization\",\"name\":\"Centro Urbano\",\"url\":\"https:\\\/\\\/centrourbano.com\\\/revista\\\/\",\"logo\":{\"@type\":\"ImageObject\",\"inLanguage\":\"es\",\"@id\":\"https:\\\/\\\/centrourbano.com\\\/revista\\\/#\\\/schema\\\/logo\\\/image\\\/\",\"url\":\"https:\\\/\\\/centrourbano.com\\\/revista\\\/wp-content\\\/uploads\\\/web_CU_logo-1.png\",\"contentUrl\":\"https:\\\/\\\/centrourbano.com\\\/revista\\\/wp-content\\\/uploads\\\/web_CU_logo-1.png\",\"width\":350,\"height\":91,\"caption\":\"Centro Urbano\"},\"image\":{\"@id\":\"https:\\\/\\\/centrourbano.com\\\/revista\\\/#\\\/schema\\\/logo\\\/image\\\/\"},\"sameAs\":[\"https:\\\/\\\/www.facebook.com\\\/portalcentrourbano\",\"https:\\\/\\\/x.com\\\/CentroUrbano\",\"https:\\\/\\\/www.instagram.com\\\/centro_urbano\\\/\",\"https:\\\/\\\/www.linkedin.com\\\/company\\\/centro-urbano\\\/\",\"http:\\\/\\\/www.youtube.com\\\/user\\\/portalcentrourbano\"]},{\"@type\":\"Person\",\"@id\":\"https:\\\/\\\/centrourbano.com\\\/revista\\\/#\\\/schema\\\/person\\\/680e7c50f9d6e917e416c9efdc26f996\",\"name\":\"Redacci\u00f3n Centro Urbano\",\"image\":{\"@type\":\"ImageObject\",\"inLanguage\":\"es\",\"@id\":\"https:\\\/\\\/secure.gravatar.com\\\/avatar\\\/15a789f894398c0f311f3a7a2ee28032bbc0483098539da66b6a045aa810bf35?s=96&d=mm&r=g\",\"url\":\"https:\\\/\\\/secure.gravatar.com\\\/avatar\\\/15a789f894398c0f311f3a7a2ee28032bbc0483098539da66b6a045aa810bf35?s=96&d=mm&r=g\",\"contentUrl\":\"https:\\\/\\\/secure.gravatar.com\\\/avatar\\\/15a789f894398c0f311f3a7a2ee28032bbc0483098539da66b6a045aa810bf35?s=96&d=mm&r=g\",\"caption\":\"Redacci\u00f3n Centro Urbano\"},\"url\":\"https:\\\/\\\/centrourbano.com\\\/revista\\\/author\\\/editorial\\\/\"}]}<\/script>\n<!-- \/ Yoast SEO plugin. -->","yoast_head_json":{"title":"Pone en marcha jefe de Gobierno primeras unidades m\u00f3viles de rehabilitaci\u00f3n  -","description":"&nbsp; Recorrer\u00e1n la Ciudad de M\u00e9xico para brindar atenci\u00f3n a personas con discapacidad de escasos recursos. &nbsp; Tambi\u00e9n se entregaron 850 ayudas","robots":{"index":"index","follow":"follow","max-snippet":"max-snippet:-1","max-image-preview":"max-image-preview:large","max-video-preview":"max-video-preview:-1"},"canonical":"https:\/\/centrourbano.com\/revista\/saladeprensa\/pone-en-marcha-jefe-de-gobierno-primeras-unidades-moviles-de-rehabilitacion\/","og_locale":"es_ES","og_type":"article","og_title":"Pone en marcha jefe de Gobierno primeras unidades m\u00f3viles de rehabilitaci\u00f3n  -","og_description":"&nbsp; Recorrer\u00e1n la Ciudad de M\u00e9xico para brindar atenci\u00f3n a personas con discapacidad de escasos recursos. &nbsp; Tambi\u00e9n se entregaron 850 ayudas","og_url":"https:\/\/centrourbano.com\/revista\/saladeprensa\/pone-en-marcha-jefe-de-gobierno-primeras-unidades-moviles-de-rehabilitacion\/","og_site_name":"Centro Urbano","article_publisher":"https:\/\/www.facebook.com\/portalcentrourbano","article_published_time":"2015-01-22T00:16:49+00:00","og_image":[{"width":350,"height":91,"url":"https:\/\/centrourbano.com\/revista\/wp-content\/uploads\/CU-logo.png","type":"image\/png"}],"author":"Redacci\u00f3n Centro Urbano","twitter_card":"summary_large_image","twitter_creator":"@CentroUrbano","twitter_site":"@CentroUrbano","twitter_misc":{"Escrito por":"Redacci\u00f3n Centro Urbano","Tiempo de lectura":"3 minutos"},"schema":{"@context":"https:\/\/schema.org","@graph":[{"@type":"Article","@id":"https:\/\/centrourbano.com\/revista\/saladeprensa\/pone-en-marcha-jefe-de-gobierno-primeras-unidades-moviles-de-rehabilitacion\/#article","isPartOf":{"@id":"https:\/\/centrourbano.com\/revista\/saladeprensa\/pone-en-marcha-jefe-de-gobierno-primeras-unidades-moviles-de-rehabilitacion\/"},"author":{"name":"Redacci\u00f3n Centro Urbano","@id":"https:\/\/centrourbano.com\/revista\/#\/schema\/person\/680e7c50f9d6e917e416c9efdc26f996"},"headline":"Pone en marcha jefe de Gobierno primeras unidades m\u00f3viles de rehabilitaci\u00f3n","datePublished":"2015-01-22T00:16:49+00:00","mainEntityOfPage":{"@id":"https:\/\/centrourbano.com\/revista\/saladeprensa\/pone-en-marcha-jefe-de-gobierno-primeras-unidades-moviles-de-rehabilitacion\/"},"wordCount":619,"commentCount":0,"publisher":{"@id":"https:\/\/centrourbano.com\/revista\/#organization"},"articleSection":["Sala de Prensa"],"inLanguage":"es","potentialAction":[{"@type":"CommentAction","name":"Comment","target":["https:\/\/centrourbano.com\/revista\/saladeprensa\/pone-en-marcha-jefe-de-gobierno-primeras-unidades-moviles-de-rehabilitacion\/#respond"]}]},{"@type":"WebPage","@id":"https:\/\/centrourbano.com\/revista\/saladeprensa\/pone-en-marcha-jefe-de-gobierno-primeras-unidades-moviles-de-rehabilitacion\/","url":"https:\/\/centrourbano.com\/revista\/saladeprensa\/pone-en-marcha-jefe-de-gobierno-primeras-unidades-moviles-de-rehabilitacion\/","name":"Pone en marcha jefe de Gobierno primeras unidades m\u00f3viles de rehabilitaci\u00f3n -","isPartOf":{"@id":"https:\/\/centrourbano.com\/revista\/#website"},"datePublished":"2015-01-22T00:16:49+00:00","description":"&nbsp; Recorrer\u00e1n la Ciudad de M\u00e9xico para brindar atenci\u00f3n a personas con discapacidad de escasos recursos. &nbsp; Tambi\u00e9n se entregaron 850 ayudas","breadcrumb":{"@id":"https:\/\/centrourbano.com\/revista\/saladeprensa\/pone-en-marcha-jefe-de-gobierno-primeras-unidades-moviles-de-rehabilitacion\/#breadcrumb"},"inLanguage":"es","potentialAction":[{"@type":"ReadAction","target":["https:\/\/centrourbano.com\/revista\/saladeprensa\/pone-en-marcha-jefe-de-gobierno-primeras-unidades-moviles-de-rehabilitacion\/"]}]},{"@type":"BreadcrumbList","@id":"https:\/\/centrourbano.com\/revista\/saladeprensa\/pone-en-marcha-jefe-de-gobierno-primeras-unidades-moviles-de-rehabilitacion\/#breadcrumb","itemListElement":[{"@type":"ListItem","position":1,"name":"Portada","item":"https:\/\/centrourbano.com\/revista\/"},{"@type":"ListItem","position":2,"name":"Pone en marcha jefe de Gobierno primeras unidades m\u00f3viles de rehabilitaci\u00f3n"}]},{"@type":"WebSite","@id":"https:\/\/centrourbano.com\/revista\/#website","url":"https:\/\/centrourbano.com\/revista\/","name":"Centro Urbano","description":"Medio especializado en los sectores vivienda, inmobiliario, construcci\u00f3n, arquitectura y urbanismo.","publisher":{"@id":"https:\/\/centrourbano.com\/revista\/#organization"},"potentialAction":[{"@type":"SearchAction","target":{"@type":"EntryPoint","urlTemplate":"https:\/\/centrourbano.com\/revista\/?s={search_term_string}"},"query-input":{"@type":"PropertyValueSpecification","valueRequired":true,"valueName":"search_term_string"}}],"inLanguage":"es"},{"@type":"Organization","@id":"https:\/\/centrourbano.com\/revista\/#organization","name":"Centro Urbano","url":"https:\/\/centrourbano.com\/revista\/","logo":{"@type":"ImageObject","inLanguage":"es","@id":"https:\/\/centrourbano.com\/revista\/#\/schema\/logo\/image\/","url":"https:\/\/centrourbano.com\/revista\/wp-content\/uploads\/web_CU_logo-1.png","contentUrl":"https:\/\/centrourbano.com\/revista\/wp-content\/uploads\/web_CU_logo-1.png","width":350,"height":91,"caption":"Centro Urbano"},"image":{"@id":"https:\/\/centrourbano.com\/revista\/#\/schema\/logo\/image\/"},"sameAs":["https:\/\/www.facebook.com\/portalcentrourbano","https:\/\/x.com\/CentroUrbano","https:\/\/www.instagram.com\/centro_urbano\/","https:\/\/www.linkedin.com\/company\/centro-urbano\/","http:\/\/www.youtube.com\/user\/portalcentrourbano"]},{"@type":"Person","@id":"https:\/\/centrourbano.com\/revista\/#\/schema\/person\/680e7c50f9d6e917e416c9efdc26f996","name":"Redacci\u00f3n Centro Urbano","image":{"@type":"ImageObject","inLanguage":"es","@id":"https:\/\/secure.gravatar.com\/avatar\/15a789f894398c0f311f3a7a2ee28032bbc0483098539da66b6a045aa810bf35?s=96&d=mm&r=g","url":"https:\/\/secure.gravatar.com\/avatar\/15a789f894398c0f311f3a7a2ee28032bbc0483098539da66b6a045aa810bf35?s=96&d=mm&r=g","contentUrl":"https:\/\/secure.gravatar.com\/avatar\/15a789f894398c0f311f3a7a2ee28032bbc0483098539da66b6a045aa810bf35?s=96&d=mm&r=g","caption":"Redacci\u00f3n Centro Urbano"},"url":"https:\/\/centrourbano.com\/revista\/author\/editorial\/"}]}},"_links":{"self":[{"href":"https:\/\/centrourbano.com\/revista\/wp-json\/wp\/v2\/posts\/14553","targetHints":{"allow":["GET"]}}],"collection":[{"href":"https:\/\/centrourbano.com\/revista\/wp-json\/wp\/v2\/posts"}],"about":[{"href":"https:\/\/centrourbano.com\/revista\/wp-json\/wp\/v2\/types\/post"}],"author":[{"embeddable":true,"href":"https:\/\/centrourbano.com\/revista\/wp-json\/wp\/v2\/users\/14"}],"replies":[{"embeddable":true,"href":"https:\/\/centrourbano.com\/revista\/wp-json\/wp\/v2\/comments?post=14553"}],"version-history":[{"count":0,"href":"https:\/\/centrourbano.com\/revista\/wp-json\/wp\/v2\/posts\/14553\/revisions"}],"wp:attachment":[{"href":"https:\/\/centrourbano.com\/revista\/wp-json\/wp\/v2\/media?parent=14553"}],"wp:term":[{"taxonomy":"category","embeddable":true,"href":"https:\/\/centrourbano.com\/revista\/wp-json\/wp\/v2\/categories?post=14553"},{"taxonomy":"post_tag","embeddable":true,"href":"https:\/\/centrourbano.com\/revista\/wp-json\/wp\/v2\/tags?post=14553"}],"curies":[{"name":"wp","href":"https:\/\/api.w.org\/{rel}","templated":true}]}}