{"id":14550,"date":"2015-01-21T14:24:39","date_gmt":"2015-01-21T20:24:39","guid":{"rendered":"http:\/\/centrourbano.com\/?p=14550"},"modified":"2015-01-21T14:24:39","modified_gmt":"2015-01-21T20:24:39","slug":"rehabilitan-el-deportivo-renovacion-nacional","status":"publish","type":"post","link":"https:\/\/centrourbano.com\/revista\/urbanismo\/rehabilitan-el-deportivo-renovacion-nacional\/","title":{"rendered":"Rehabilitan el Deportivo Renovaci\u00f3n Nacional"},"content":{"rendered":"<p>&nbsp;<\/p>\n<p><em>Tras dos a\u00f1os de obras y 46 millones de pesos, alrededor de 2 mil usuarios se ver\u00e1n beneficiados<\/em><!--more--><\/p>\n<p>Con una inversi\u00f3n total de 46 millones de pesos, fueron rehabilitadas las instalaciones del Deportivo Renovaci\u00f3n Nacional, ubicado en la colonia Providencia, en la delegaci\u00f3n Azcapotzalco; tras dos a\u00f1os de trabajo que incluyeron un remozamiento general y construcci\u00f3n de nuevos espacios, debido al severo deterioro que presentaba.<\/p>\n<p>A finales de 2013 se inici\u00f3 la construcci\u00f3n de un muro perimetral, de los accesos norte y sur, de m\u00f3dulos sanitarios, trotapista y andador peatonal con concreto ecol\u00f3gico; adem\u00e1s de tres canchas de basquetbol a base de concreto hidr\u00e1ulico, juegos infantiles con capacidad para 70 ninos y luminarias en la plaza principal de tipo poste.<\/p>\n<p>Adem\u00e1s de las canchas de futbol, b\u00e9\u00edsbol, voleibol y baloncesto, se rehabilitaron las \u00e1reas verdes y el skate park que all\u00ed se encuentra y donde puede practicarse BMX. Con estos trabajos, m\u00e1s de dos mil usuarios se ver\u00e1n beneficiados.<\/p>\n<p>Durante la ceremonia de reinauguraci\u00f3n, donde hubo una peque\u00f1a carrera infantil, estuvo presente el jefe delegacional de la demarcaci\u00f3n, Sergio Palacios Cruz, en compa\u00f1\u00eda de los ex beisbolistas profesionales Miguel \u00c1ngel \u201cZurdo\u201d Ortiz y Miguel \u00c1ngel Tapia.<\/p>\n","protected":false},"excerpt":{"rendered":"<p>&nbsp; Tras dos a\u00f1os de obras y 46 millones de pesos, alrededor de 2 mil usuarios se ver\u00e1n beneficiados<\/p>\n","protected":false},"author":77,"featured_media":0,"comment_status":"open","ping_status":"closed","sticky":false,"template":"","format":"standard","meta":{"inline_featured_image":false,"footnotes":""},"categories":[82],"tags":[1098,4208,4204,4206,4207,4205],"class_list":["post-14550","post","type-post","status-publish","format-standard","hentry","category-urbanismo","tag-azcapotzalco","tag-colonia-providencia","tag-deportivo-renovacion-nacional","tag-miguel-angel-zurdo-ortiz","tag-miguel-angel-tapia","tag-sergio-palacios-cruz"],"yoast_head":"<!-- This site is optimized with the Yoast SEO plugin v28.4 - https:\/\/yoast.com\/product\/yoast-seo-wordpress\/ -->\n<title>Rehabilitan el Deportivo Renovaci\u00f3n Nacional -<\/title>\n<meta name=\"description\" content=\"&nbsp; Tras dos a\u00f1os de obras y 46 millones de pesos, alrededor de 2 mil usuarios se ver\u00e1n beneficiados Con una inversi\u00f3n total de 46 millones de pesos,\" \/>\n<meta name=\"robots\" content=\"index, follow, max-snippet:-1, max-image-preview:large, max-video-preview:-1\" \/>\n<link rel=\"canonical\" href=\"https:\/\/centrourbano.com\/revista\/urbanismo\/rehabilitan-el-deportivo-renovacion-nacional\/\" \/>\n<meta property=\"og:locale\" content=\"es_ES\" \/>\n<meta property=\"og:type\" content=\"article\" \/>\n<meta property=\"og:title\" content=\"Rehabilitan el Deportivo Renovaci\u00f3n Nacional -\" \/>\n<meta property=\"og:description\" content=\"&nbsp; Tras dos a\u00f1os de obras y 46 millones de pesos, alrededor de 2 mil usuarios se ver\u00e1n beneficiados Con una inversi\u00f3n total de 46 millones de pesos,\" \/>\n<meta property=\"og:url\" content=\"https:\/\/centrourbano.com\/revista\/urbanismo\/rehabilitan-el-deportivo-renovacion-nacional\/\" \/>\n<meta property=\"og:site_name\" content=\"Centro Urbano\" \/>\n<meta property=\"article:publisher\" content=\"https:\/\/www.facebook.com\/portalcentrourbano\" \/>\n<meta property=\"article:published_time\" content=\"2015-01-21T20:24:39+00:00\" \/>\n<meta property=\"og:image\" content=\"https:\/\/centrourbano.com\/revista\/wp-content\/uploads\/CU-logo.png\" \/>\n\t<meta property=\"og:image:width\" content=\"350\" \/>\n\t<meta property=\"og:image:height\" content=\"91\" \/>\n\t<meta property=\"og:image:type\" content=\"image\/png\" \/>\n<meta name=\"author\" content=\"G4A\" \/>\n<meta name=\"twitter:card\" content=\"summary_large_image\" \/>\n<meta name=\"twitter:creator\" content=\"@CentroUrbano\" \/>\n<meta name=\"twitter:site\" content=\"@CentroUrbano\" \/>\n<meta name=\"twitter:label1\" content=\"Escrito por\" \/>\n\t<meta name=\"twitter:data1\" content=\"G4A\" \/>\n\t<meta name=\"twitter:label2\" content=\"Tiempo de lectura\" \/>\n\t<meta name=\"twitter:data2\" content=\"1 minuto\" \/>\n<script type=\"application\/ld+json\" class=\"yoast-schema-graph\">{\"@context\":\"https:\\\/\\\/schema.org\",\"@graph\":[{\"@type\":\"Article\",\"@id\":\"https:\\\/\\\/centrourbano.com\\\/revista\\\/urbanismo\\\/rehabilitan-el-deportivo-renovacion-nacional\\\/#article\",\"isPartOf\":{\"@id\":\"https:\\\/\\\/centrourbano.com\\\/revista\\\/urbanismo\\\/rehabilitan-el-deportivo-renovacion-nacional\\\/\"},\"author\":{\"name\":\"G4A\",\"@id\":\"https:\\\/\\\/centrourbano.com\\\/revista\\\/#\\\/schema\\\/person\\\/370fa0ba2d8dd5bde3fdb8b62ad360aa\"},\"headline\":\"Rehabilitan el Deportivo Renovaci\u00f3n Nacional\",\"datePublished\":\"2015-01-21T20:24:39+00:00\",\"mainEntityOfPage\":{\"@id\":\"https:\\\/\\\/centrourbano.com\\\/revista\\\/urbanismo\\\/rehabilitan-el-deportivo-renovacion-nacional\\\/\"},\"wordCount\":218,\"commentCount\":0,\"publisher\":{\"@id\":\"https:\\\/\\\/centrourbano.com\\\/revista\\\/#organization\"},\"keywords\":[\"Azcapotzalco\",\"Colonia Providencia\",\"Deportivo Renovaci\u00f3n Nacional\",\"Miguel \u00c1ngel \\\"Zurdo\\\" Ortiz\",\"Miguel \u00c1ngel Tapia\",\"Sergio Palacios Cruz\"],\"articleSection\":[\"Urbanismo\"],\"inLanguage\":\"es\"},{\"@type\":\"WebPage\",\"@id\":\"https:\\\/\\\/centrourbano.com\\\/revista\\\/urbanismo\\\/rehabilitan-el-deportivo-renovacion-nacional\\\/\",\"url\":\"https:\\\/\\\/centrourbano.com\\\/revista\\\/urbanismo\\\/rehabilitan-el-deportivo-renovacion-nacional\\\/\",\"name\":\"Rehabilitan el Deportivo Renovaci\u00f3n Nacional -\",\"isPartOf\":{\"@id\":\"https:\\\/\\\/centrourbano.com\\\/revista\\\/#website\"},\"datePublished\":\"2015-01-21T20:24:39+00:00\",\"description\":\"&nbsp; Tras dos a\u00f1os de obras y 46 millones de pesos, alrededor de 2 mil usuarios se ver\u00e1n beneficiados Con una inversi\u00f3n total de 46 millones de pesos,\",\"breadcrumb\":{\"@id\":\"https:\\\/\\\/centrourbano.com\\\/revista\\\/urbanismo\\\/rehabilitan-el-deportivo-renovacion-nacional\\\/#breadcrumb\"},\"inLanguage\":\"es\",\"potentialAction\":[{\"@type\":\"ReadAction\",\"target\":[\"https:\\\/\\\/centrourbano.com\\\/revista\\\/urbanismo\\\/rehabilitan-el-deportivo-renovacion-nacional\\\/\"]}]},{\"@type\":\"BreadcrumbList\",\"@id\":\"https:\\\/\\\/centrourbano.com\\\/revista\\\/urbanismo\\\/rehabilitan-el-deportivo-renovacion-nacional\\\/#breadcrumb\",\"itemListElement\":[{\"@type\":\"ListItem\",\"position\":1,\"name\":\"Portada\",\"item\":\"https:\\\/\\\/centrourbano.com\\\/revista\\\/\"},{\"@type\":\"ListItem\",\"position\":2,\"name\":\"Rehabilitan el Deportivo Renovaci\u00f3n Nacional\"}]},{\"@type\":\"WebSite\",\"@id\":\"https:\\\/\\\/centrourbano.com\\\/revista\\\/#website\",\"url\":\"https:\\\/\\\/centrourbano.com\\\/revista\\\/\",\"name\":\"Centro Urbano\",\"description\":\"Medio especializado en los sectores vivienda, inmobiliario, construcci\u00f3n, arquitectura y urbanismo.\",\"publisher\":{\"@id\":\"https:\\\/\\\/centrourbano.com\\\/revista\\\/#organization\"},\"potentialAction\":[{\"@type\":\"SearchAction\",\"target\":{\"@type\":\"EntryPoint\",\"urlTemplate\":\"https:\\\/\\\/centrourbano.com\\\/revista\\\/?s={search_term_string}\"},\"query-input\":{\"@type\":\"PropertyValueSpecification\",\"valueRequired\":true,\"valueName\":\"search_term_string\"}}],\"inLanguage\":\"es\"},{\"@type\":\"Organization\",\"@id\":\"https:\\\/\\\/centrourbano.com\\\/revista\\\/#organization\",\"name\":\"Centro Urbano\",\"url\":\"https:\\\/\\\/centrourbano.com\\\/revista\\\/\",\"logo\":{\"@type\":\"ImageObject\",\"inLanguage\":\"es\",\"@id\":\"https:\\\/\\\/centrourbano.com\\\/revista\\\/#\\\/schema\\\/logo\\\/image\\\/\",\"url\":\"https:\\\/\\\/centrourbano.com\\\/revista\\\/wp-content\\\/uploads\\\/web_CU_logo-1.png\",\"contentUrl\":\"https:\\\/\\\/centrourbano.com\\\/revista\\\/wp-content\\\/uploads\\\/web_CU_logo-1.png\",\"width\":350,\"height\":91,\"caption\":\"Centro Urbano\"},\"image\":{\"@id\":\"https:\\\/\\\/centrourbano.com\\\/revista\\\/#\\\/schema\\\/logo\\\/image\\\/\"},\"sameAs\":[\"https:\\\/\\\/www.facebook.com\\\/portalcentrourbano\",\"https:\\\/\\\/x.com\\\/CentroUrbano\",\"https:\\\/\\\/www.instagram.com\\\/centro_urbano\\\/\",\"https:\\\/\\\/www.linkedin.com\\\/company\\\/centro-urbano\\\/\",\"http:\\\/\\\/www.youtube.com\\\/user\\\/portalcentrourbano\"]},{\"@type\":\"Person\",\"@id\":\"https:\\\/\\\/centrourbano.com\\\/revista\\\/#\\\/schema\\\/person\\\/370fa0ba2d8dd5bde3fdb8b62ad360aa\",\"name\":\"G4A\",\"image\":{\"@type\":\"ImageObject\",\"inLanguage\":\"es\",\"@id\":\"https:\\\/\\\/secure.gravatar.com\\\/avatar\\\/932a97121b13d5de5bbd8193c6c83d3b92c9eda0f39623607d4280e7a5778d97?s=96&d=mm&r=g\",\"url\":\"https:\\\/\\\/secure.gravatar.com\\\/avatar\\\/932a97121b13d5de5bbd8193c6c83d3b92c9eda0f39623607d4280e7a5778d97?s=96&d=mm&r=g\",\"contentUrl\":\"https:\\\/\\\/secure.gravatar.com\\\/avatar\\\/932a97121b13d5de5bbd8193c6c83d3b92c9eda0f39623607d4280e7a5778d97?s=96&d=mm&r=g\",\"caption\":\"G4A\"},\"url\":\"https:\\\/\\\/centrourbano.com\\\/revista\\\/author\\\/admin-g4a\\\/\"}]}<\/script>\n<!-- \/ Yoast SEO plugin. -->","yoast_head_json":{"title":"Rehabilitan el Deportivo Renovaci\u00f3n Nacional -","description":"&nbsp; Tras dos a\u00f1os de obras y 46 millones de pesos, alrededor de 2 mil usuarios se ver\u00e1n beneficiados Con una inversi\u00f3n total de 46 millones de pesos,","robots":{"index":"index","follow":"follow","max-snippet":"max-snippet:-1","max-image-preview":"max-image-preview:large","max-video-preview":"max-video-preview:-1"},"canonical":"https:\/\/centrourbano.com\/revista\/urbanismo\/rehabilitan-el-deportivo-renovacion-nacional\/","og_locale":"es_ES","og_type":"article","og_title":"Rehabilitan el Deportivo Renovaci\u00f3n Nacional -","og_description":"&nbsp; Tras dos a\u00f1os de obras y 46 millones de pesos, alrededor de 2 mil usuarios se ver\u00e1n beneficiados Con una inversi\u00f3n total de 46 millones de pesos,","og_url":"https:\/\/centrourbano.com\/revista\/urbanismo\/rehabilitan-el-deportivo-renovacion-nacional\/","og_site_name":"Centro Urbano","article_publisher":"https:\/\/www.facebook.com\/portalcentrourbano","article_published_time":"2015-01-21T20:24:39+00:00","og_image":[{"width":350,"height":91,"url":"https:\/\/centrourbano.com\/revista\/wp-content\/uploads\/CU-logo.png","type":"image\/png"}],"author":"G4A","twitter_card":"summary_large_image","twitter_creator":"@CentroUrbano","twitter_site":"@CentroUrbano","twitter_misc":{"Escrito por":"G4A","Tiempo de lectura":"1 minuto"},"schema":{"@context":"https:\/\/schema.org","@graph":[{"@type":"Article","@id":"https:\/\/centrourbano.com\/revista\/urbanismo\/rehabilitan-el-deportivo-renovacion-nacional\/#article","isPartOf":{"@id":"https:\/\/centrourbano.com\/revista\/urbanismo\/rehabilitan-el-deportivo-renovacion-nacional\/"},"author":{"name":"G4A","@id":"https:\/\/centrourbano.com\/revista\/#\/schema\/person\/370fa0ba2d8dd5bde3fdb8b62ad360aa"},"headline":"Rehabilitan el Deportivo Renovaci\u00f3n Nacional","datePublished":"2015-01-21T20:24:39+00:00","mainEntityOfPage":{"@id":"https:\/\/centrourbano.com\/revista\/urbanismo\/rehabilitan-el-deportivo-renovacion-nacional\/"},"wordCount":218,"commentCount":0,"publisher":{"@id":"https:\/\/centrourbano.com\/revista\/#organization"},"keywords":["Azcapotzalco","Colonia Providencia","Deportivo Renovaci\u00f3n Nacional","Miguel \u00c1ngel \"Zurdo\" Ortiz","Miguel \u00c1ngel Tapia","Sergio Palacios Cruz"],"articleSection":["Urbanismo"],"inLanguage":"es"},{"@type":"WebPage","@id":"https:\/\/centrourbano.com\/revista\/urbanismo\/rehabilitan-el-deportivo-renovacion-nacional\/","url":"https:\/\/centrourbano.com\/revista\/urbanismo\/rehabilitan-el-deportivo-renovacion-nacional\/","name":"Rehabilitan el Deportivo Renovaci\u00f3n Nacional -","isPartOf":{"@id":"https:\/\/centrourbano.com\/revista\/#website"},"datePublished":"2015-01-21T20:24:39+00:00","description":"&nbsp; Tras dos a\u00f1os de obras y 46 millones de pesos, alrededor de 2 mil usuarios se ver\u00e1n beneficiados Con una inversi\u00f3n total de 46 millones de pesos,","breadcrumb":{"@id":"https:\/\/centrourbano.com\/revista\/urbanismo\/rehabilitan-el-deportivo-renovacion-nacional\/#breadcrumb"},"inLanguage":"es","potentialAction":[{"@type":"ReadAction","target":["https:\/\/centrourbano.com\/revista\/urbanismo\/rehabilitan-el-deportivo-renovacion-nacional\/"]}]},{"@type":"BreadcrumbList","@id":"https:\/\/centrourbano.com\/revista\/urbanismo\/rehabilitan-el-deportivo-renovacion-nacional\/#breadcrumb","itemListElement":[{"@type":"ListItem","position":1,"name":"Portada","item":"https:\/\/centrourbano.com\/revista\/"},{"@type":"ListItem","position":2,"name":"Rehabilitan el Deportivo Renovaci\u00f3n Nacional"}]},{"@type":"WebSite","@id":"https:\/\/centrourbano.com\/revista\/#website","url":"https:\/\/centrourbano.com\/revista\/","name":"Centro Urbano","description":"Medio especializado en los sectores vivienda, inmobiliario, construcci\u00f3n, arquitectura y urbanismo.","publisher":{"@id":"https:\/\/centrourbano.com\/revista\/#organization"},"potentialAction":[{"@type":"SearchAction","target":{"@type":"EntryPoint","urlTemplate":"https:\/\/centrourbano.com\/revista\/?s={search_term_string}"},"query-input":{"@type":"PropertyValueSpecification","valueRequired":true,"valueName":"search_term_string"}}],"inLanguage":"es"},{"@type":"Organization","@id":"https:\/\/centrourbano.com\/revista\/#organization","name":"Centro Urbano","url":"https:\/\/centrourbano.com\/revista\/","logo":{"@type":"ImageObject","inLanguage":"es","@id":"https:\/\/centrourbano.com\/revista\/#\/schema\/logo\/image\/","url":"https:\/\/centrourbano.com\/revista\/wp-content\/uploads\/web_CU_logo-1.png","contentUrl":"https:\/\/centrourbano.com\/revista\/wp-content\/uploads\/web_CU_logo-1.png","width":350,"height":91,"caption":"Centro Urbano"},"image":{"@id":"https:\/\/centrourbano.com\/revista\/#\/schema\/logo\/image\/"},"sameAs":["https:\/\/www.facebook.com\/portalcentrourbano","https:\/\/x.com\/CentroUrbano","https:\/\/www.instagram.com\/centro_urbano\/","https:\/\/www.linkedin.com\/company\/centro-urbano\/","http:\/\/www.youtube.com\/user\/portalcentrourbano"]},{"@type":"Person","@id":"https:\/\/centrourbano.com\/revista\/#\/schema\/person\/370fa0ba2d8dd5bde3fdb8b62ad360aa","name":"G4A","image":{"@type":"ImageObject","inLanguage":"es","@id":"https:\/\/secure.gravatar.com\/avatar\/932a97121b13d5de5bbd8193c6c83d3b92c9eda0f39623607d4280e7a5778d97?s=96&d=mm&r=g","url":"https:\/\/secure.gravatar.com\/avatar\/932a97121b13d5de5bbd8193c6c83d3b92c9eda0f39623607d4280e7a5778d97?s=96&d=mm&r=g","contentUrl":"https:\/\/secure.gravatar.com\/avatar\/932a97121b13d5de5bbd8193c6c83d3b92c9eda0f39623607d4280e7a5778d97?s=96&d=mm&r=g","caption":"G4A"},"url":"https:\/\/centrourbano.com\/revista\/author\/admin-g4a\/"}]}},"_links":{"self":[{"href":"https:\/\/centrourbano.com\/revista\/wp-json\/wp\/v2\/posts\/14550","targetHints":{"allow":["GET"]}}],"collection":[{"href":"https:\/\/centrourbano.com\/revista\/wp-json\/wp\/v2\/posts"}],"about":[{"href":"https:\/\/centrourbano.com\/revista\/wp-json\/wp\/v2\/types\/post"}],"author":[{"embeddable":true,"href":"https:\/\/centrourbano.com\/revista\/wp-json\/wp\/v2\/users\/77"}],"replies":[{"embeddable":true,"href":"https:\/\/centrourbano.com\/revista\/wp-json\/wp\/v2\/comments?post=14550"}],"version-history":[{"count":0,"href":"https:\/\/centrourbano.com\/revista\/wp-json\/wp\/v2\/posts\/14550\/revisions"}],"wp:attachment":[{"href":"https:\/\/centrourbano.com\/revista\/wp-json\/wp\/v2\/media?parent=14550"}],"wp:term":[{"taxonomy":"category","embeddable":true,"href":"https:\/\/centrourbano.com\/revista\/wp-json\/wp\/v2\/categories?post=14550"},{"taxonomy":"post_tag","embeddable":true,"href":"https:\/\/centrourbano.com\/revista\/wp-json\/wp\/v2\/tags?post=14550"}],"curies":[{"name":"wp","href":"https:\/\/api.w.org\/{rel}","templated":true}]}}