{"id":1455,"date":"2013-12-05T09:52:06","date_gmt":"2013-12-05T15:52:06","guid":{"rendered":"http:\/\/centrourbano.com\/?p=1455"},"modified":"2015-03-12T12:05:04","modified_gmt":"2015-03-12T18:05:04","slug":"daran-seguimiento-a-programa-de-subsidios","status":"publish","type":"post","link":"https:\/\/centrourbano.com\/revista\/vivienda\/daran-seguimiento-a-programa-de-subsidios\/","title":{"rendered":"Dar\u00e1n seguimiento a programa de subsidios"},"content":{"rendered":"<p><em>La Sedatu, Conavi y Canadevi trabajar\u00e1n con el sector p\u00fablico y privado para distribuir recursos equitativamente<\/em><\/p>\n<p><em><!--more--><\/em><\/p>\n<p>&nbsp;<\/p>\n<p>La Secretar\u00eda de Desarrollo Agrario, Territorial y Urbano (Sedatu), la Comisi\u00f3n Nacional de Vivienda (Conavi) y la C\u00e1mara Nacional de la Industria de Desarrollo y Promoci\u00f3n de vivienda (Canadevi) dieron a conocer la instauraci\u00f3n de un grupo para el seguimiento del programa de subsidios en la modalidad de adquisici\u00f3n de vivienda.<\/p>\n<p>&nbsp;<\/p>\n<p>En este sentido, el titular de Sedatu, Jorge Carlos Ram\u00edrez Mar\u00edn, expres\u00f3 que una prioridad de este grupo es dar oportunidad a los grandes desarrolladores; pero tambi\u00e9n dejar espacio para que los peque\u00f1os puedan tener un crecimiento significativo en 2014 y resalt\u00f3 que con estas acciones se representa el ritmo de trabajo que ha tenido el sector con el Gobierno.<\/p>\n<p>&nbsp;<\/p>\n<p>\u201cEstamos convencidos que debemos actuar con responsabilidad y ofrecer claridad y certeza sobre la asignaci\u00f3n \u00a0de estos recursos y el cumplimiento de las metas\u201d, reconoci\u00f3 Paloma Silva, directora general de Conavi.<\/p>\n<p>&nbsp;<\/p>\n<p>La Sedatu ser\u00e1 quien presida este grupo mientras que la Conavi fungir\u00e1 como secretario t\u00e9cnico, como miembros: por parte del sector p\u00fablico participar\u00e1n la Secretar\u00eda de Hacienda y Cr\u00e9dito P\u00fablico (SHCP), Sociedad Hipotecaria Federal (SHF), el Instituto del Fondo Nacional de Vivienda para los Trabajadores (Infonavit), el Fondo de Vivienda del Instituto de Seguridad y Servicios Sociales para los Trabajadores del Estado (Fovissste) y el Fondo Nacional de Habitaciones Populares (Fonhapo).<\/p>\n<p>Mientras que por parte del sector privado\u00a0estar\u00e1n presentes la Canadevi, la C\u00e1mara Mexicana de la Industria de la Construcci\u00f3n (CMIC), la Confederaci\u00f3n Patronal de la Rep\u00fablica Mexicana (Coparmex), as\u00ed como desarrolladoras con impacto local a trav\u00e9s de Canadevi.<\/p>\n<p>&nbsp;<\/p>\n<p>\u201cLa intenci\u00f3n de este grupo es que los recursos se distribuyan de manera equitativa a lo largo del pa\u00eds y que desde el desarrollador m\u00e1s peque\u00f1o con una presencia local al m\u00e1s grande con presencia nacional tengan el mismo acceso y la misma equidad en cuanto a la distribuci\u00f3n de los subsidios\u201d, explic\u00f3 Paloma Silva.<\/p>\n<p>&nbsp;<\/p>\n<p>Se espera que este grupo sesione de manera ordinaria cada dos meses por instrucci\u00f3n del titular de la Sedatu, para conocer los informes peri\u00f3dicamente que presente la Conavi e informaci\u00f3n relativa sobre el ejercicio del programa de subsidios 2014.<\/p>\n<p>&nbsp;<\/p>\n<p>Al respecto, el presidente de Canadevi Nacional, Fernando Abusaid Quinard, dijo que este grupo de trabajo busca dar un rumbo claro y que fortalece a la industria de la construcci\u00f3n de vivienda, adem\u00e1s de aprovechar la capacidad de los diferentes involucrados del sector p\u00fablico y privado para ejecutar de manera correcta los recursos y optimizar los subsidios con una total transparencia para generar certidumbre en el sector.<\/p>\n<p>&nbsp;<\/p>\n<p>Por su parte, el director general de la SHF, Jes\u00fas Alberto Cano V\u00e9lez, expres\u00f3 que con el esfuerzo conjunto de este grupo para brindar certeza en materia de subsidios se ha logrado que \u201cla maquinaria de nueva cuenta se vuelva a echar a andar\u201d.<\/p>\n","protected":false},"excerpt":{"rendered":"<p>La Sedatu, Conavi y Canadevi trabajar\u00e1n con el sector p\u00fablico y privado para distribuir recursos equitativamente<\/p>\n","protected":false},"author":7,"featured_media":16682,"comment_status":"open","ping_status":"closed","sticky":false,"template":"","format":"standard","meta":{"om_disable_all_campaigns":false,"inline_featured_image":false,"_monsterinsights_skip_tracking":false,"_monsterinsights_sitenote_active":false,"_monsterinsights_sitenote_note":"","_monsterinsights_sitenote_category":0,"footnotes":""},"categories":[12],"tags":[99,83,376,323,322,155,100,105,483,235],"class_list":["post-1455","post","type-post","status-publish","format-standard","has-post-thumbnail","hentry","category-vivienda","tag-canadevi","tag-cmic","tag-conavi","tag-coparmex","tag-fonhapo","tag-fovissste","tag-infonavit","tag-sedatu","tag-shcp","tag-shf"],"yoast_head":"<!-- This site is optimized with the Yoast SEO plugin v27.4 - https:\/\/yoast.com\/product\/yoast-seo-wordpress\/ -->\n<title>Dar\u00e1n seguimiento a programa de subsidios -<\/title>\n<meta name=\"description\" content=\"La Sedatu, Conavi y Canadevi trabajar\u00e1n con el sector p\u00fablico y privado para distribuir recursos equitativamente &nbsp; La Secretar\u00eda de Desarrollo\" \/>\n<meta name=\"robots\" content=\"index, follow, max-snippet:-1, max-image-preview:large, max-video-preview:-1\" \/>\n<link rel=\"canonical\" href=\"https:\/\/centrourbano.com\/revista\/vivienda\/daran-seguimiento-a-programa-de-subsidios\/\" \/>\n<meta property=\"og:locale\" content=\"es_ES\" \/>\n<meta property=\"og:type\" content=\"article\" \/>\n<meta property=\"og:title\" content=\"Dar\u00e1n seguimiento a programa de subsidios -\" \/>\n<meta property=\"og:description\" content=\"La Sedatu, Conavi y Canadevi trabajar\u00e1n con el sector p\u00fablico y privado para distribuir recursos equitativamente &nbsp; La Secretar\u00eda de Desarrollo\" \/>\n<meta property=\"og:url\" content=\"https:\/\/centrourbano.com\/revista\/vivienda\/daran-seguimiento-a-programa-de-subsidios\/\" \/>\n<meta property=\"og:site_name\" content=\"Centro Urbano\" \/>\n<meta property=\"article:publisher\" content=\"https:\/\/www.facebook.com\/portalcentrourbano\" \/>\n<meta property=\"article:published_time\" content=\"2013-12-05T15:52:06+00:00\" \/>\n<meta property=\"article:modified_time\" content=\"2015-03-12T18:05:04+00:00\" \/>\n<meta property=\"og:image\" content=\"https:\/\/centrourbano.com\/revista\/wp-content\/uploads\/MesaConavi1.jpg\" \/>\n\t<meta property=\"og:image:width\" content=\"600\" \/>\n\t<meta property=\"og:image:height\" content=\"337\" \/>\n\t<meta property=\"og:image:type\" content=\"image\/jpeg\" \/>\n<meta name=\"author\" content=\"Yuriko Barrera\" \/>\n<meta name=\"twitter:card\" content=\"summary_large_image\" \/>\n<meta name=\"twitter:creator\" content=\"@CentroUrbano\" \/>\n<meta name=\"twitter:site\" content=\"@CentroUrbano\" \/>\n<meta name=\"twitter:label1\" content=\"Escrito por\" \/>\n\t<meta name=\"twitter:data1\" content=\"Yuriko Barrera\" \/>\n\t<meta name=\"twitter:label2\" content=\"Tiempo de lectura\" \/>\n\t<meta name=\"twitter:data2\" content=\"3 minutos\" \/>\n<script type=\"application\/ld+json\" class=\"yoast-schema-graph\">{\"@context\":\"https:\\\/\\\/schema.org\",\"@graph\":[{\"@type\":\"Article\",\"@id\":\"https:\\\/\\\/centrourbano.com\\\/revista\\\/vivienda\\\/daran-seguimiento-a-programa-de-subsidios\\\/#article\",\"isPartOf\":{\"@id\":\"https:\\\/\\\/centrourbano.com\\\/revista\\\/vivienda\\\/daran-seguimiento-a-programa-de-subsidios\\\/\"},\"author\":{\"name\":\"Yuriko Barrera\",\"@id\":\"https:\\\/\\\/centrourbano.com\\\/revista\\\/#\\\/schema\\\/person\\\/c5bbb779a2487874e965890c32543e7c\"},\"headline\":\"Dar\u00e1n seguimiento a programa de subsidios\",\"datePublished\":\"2013-12-05T15:52:06+00:00\",\"dateModified\":\"2015-03-12T18:05:04+00:00\",\"mainEntityOfPage\":{\"@id\":\"https:\\\/\\\/centrourbano.com\\\/revista\\\/vivienda\\\/daran-seguimiento-a-programa-de-subsidios\\\/\"},\"wordCount\":525,\"commentCount\":0,\"publisher\":{\"@id\":\"https:\\\/\\\/centrourbano.com\\\/revista\\\/#organization\"},\"image\":{\"@id\":\"https:\\\/\\\/centrourbano.com\\\/revista\\\/vivienda\\\/daran-seguimiento-a-programa-de-subsidios\\\/#primaryimage\"},\"thumbnailUrl\":\"https:\\\/\\\/centrourbano.com\\\/revista\\\/wp-content\\\/uploads\\\/MesaConavi1.jpg\",\"keywords\":[\"Canadevi\",\"CMIC\",\"Conavi\",\"Coparmex\",\"Fonhapo\",\"Fovissste\",\"Infonavit\",\"Sedatu\",\"SHCP\",\"SHF\"],\"articleSection\":[\"Vivienda\"],\"inLanguage\":\"es\",\"potentialAction\":[{\"@type\":\"CommentAction\",\"name\":\"Comment\",\"target\":[\"https:\\\/\\\/centrourbano.com\\\/revista\\\/vivienda\\\/daran-seguimiento-a-programa-de-subsidios\\\/#respond\"]}]},{\"@type\":\"WebPage\",\"@id\":\"https:\\\/\\\/centrourbano.com\\\/revista\\\/vivienda\\\/daran-seguimiento-a-programa-de-subsidios\\\/\",\"url\":\"https:\\\/\\\/centrourbano.com\\\/revista\\\/vivienda\\\/daran-seguimiento-a-programa-de-subsidios\\\/\",\"name\":\"Dar\u00e1n seguimiento a programa de subsidios -\",\"isPartOf\":{\"@id\":\"https:\\\/\\\/centrourbano.com\\\/revista\\\/#website\"},\"primaryImageOfPage\":{\"@id\":\"https:\\\/\\\/centrourbano.com\\\/revista\\\/vivienda\\\/daran-seguimiento-a-programa-de-subsidios\\\/#primaryimage\"},\"image\":{\"@id\":\"https:\\\/\\\/centrourbano.com\\\/revista\\\/vivienda\\\/daran-seguimiento-a-programa-de-subsidios\\\/#primaryimage\"},\"thumbnailUrl\":\"https:\\\/\\\/centrourbano.com\\\/revista\\\/wp-content\\\/uploads\\\/MesaConavi1.jpg\",\"datePublished\":\"2013-12-05T15:52:06+00:00\",\"dateModified\":\"2015-03-12T18:05:04+00:00\",\"description\":\"La Sedatu, Conavi y Canadevi trabajar\u00e1n con el sector p\u00fablico y privado para distribuir recursos equitativamente &nbsp; La Secretar\u00eda de Desarrollo\",\"breadcrumb\":{\"@id\":\"https:\\\/\\\/centrourbano.com\\\/revista\\\/vivienda\\\/daran-seguimiento-a-programa-de-subsidios\\\/#breadcrumb\"},\"inLanguage\":\"es\",\"potentialAction\":[{\"@type\":\"ReadAction\",\"target\":[\"https:\\\/\\\/centrourbano.com\\\/revista\\\/vivienda\\\/daran-seguimiento-a-programa-de-subsidios\\\/\"]}]},{\"@type\":\"ImageObject\",\"inLanguage\":\"es\",\"@id\":\"https:\\\/\\\/centrourbano.com\\\/revista\\\/vivienda\\\/daran-seguimiento-a-programa-de-subsidios\\\/#primaryimage\",\"url\":\"https:\\\/\\\/centrourbano.com\\\/revista\\\/wp-content\\\/uploads\\\/MesaConavi1.jpg\",\"contentUrl\":\"https:\\\/\\\/centrourbano.com\\\/revista\\\/wp-content\\\/uploads\\\/MesaConavi1.jpg\",\"width\":600,\"height\":337},{\"@type\":\"BreadcrumbList\",\"@id\":\"https:\\\/\\\/centrourbano.com\\\/revista\\\/vivienda\\\/daran-seguimiento-a-programa-de-subsidios\\\/#breadcrumb\",\"itemListElement\":[{\"@type\":\"ListItem\",\"position\":1,\"name\":\"Portada\",\"item\":\"https:\\\/\\\/centrourbano.com\\\/revista\\\/\"},{\"@type\":\"ListItem\",\"position\":2,\"name\":\"Dar\u00e1n seguimiento a programa de subsidios\"}]},{\"@type\":\"WebSite\",\"@id\":\"https:\\\/\\\/centrourbano.com\\\/revista\\\/#website\",\"url\":\"https:\\\/\\\/centrourbano.com\\\/revista\\\/\",\"name\":\"Centro Urbano\",\"description\":\"Medio especializado en los sectores vivienda, inmobiliario, construcci\u00f3n, arquitectura y urbanismo.\",\"publisher\":{\"@id\":\"https:\\\/\\\/centrourbano.com\\\/revista\\\/#organization\"},\"potentialAction\":[{\"@type\":\"SearchAction\",\"target\":{\"@type\":\"EntryPoint\",\"urlTemplate\":\"https:\\\/\\\/centrourbano.com\\\/revista\\\/?s={search_term_string}\"},\"query-input\":{\"@type\":\"PropertyValueSpecification\",\"valueRequired\":true,\"valueName\":\"search_term_string\"}}],\"inLanguage\":\"es\"},{\"@type\":\"Organization\",\"@id\":\"https:\\\/\\\/centrourbano.com\\\/revista\\\/#organization\",\"name\":\"Centro Urbano\",\"url\":\"https:\\\/\\\/centrourbano.com\\\/revista\\\/\",\"logo\":{\"@type\":\"ImageObject\",\"inLanguage\":\"es\",\"@id\":\"https:\\\/\\\/centrourbano.com\\\/revista\\\/#\\\/schema\\\/logo\\\/image\\\/\",\"url\":\"https:\\\/\\\/centrourbano.com\\\/revista\\\/wp-content\\\/uploads\\\/web_CU_logo-1.png\",\"contentUrl\":\"https:\\\/\\\/centrourbano.com\\\/revista\\\/wp-content\\\/uploads\\\/web_CU_logo-1.png\",\"width\":350,\"height\":91,\"caption\":\"Centro Urbano\"},\"image\":{\"@id\":\"https:\\\/\\\/centrourbano.com\\\/revista\\\/#\\\/schema\\\/logo\\\/image\\\/\"},\"sameAs\":[\"https:\\\/\\\/www.facebook.com\\\/portalcentrourbano\",\"https:\\\/\\\/x.com\\\/CentroUrbano\",\"https:\\\/\\\/www.instagram.com\\\/centro_urbano\\\/\",\"https:\\\/\\\/www.linkedin.com\\\/company\\\/centro-urbano\\\/\",\"http:\\\/\\\/www.youtube.com\\\/user\\\/portalcentrourbano\"]},{\"@type\":\"Person\",\"@id\":\"https:\\\/\\\/centrourbano.com\\\/revista\\\/#\\\/schema\\\/person\\\/c5bbb779a2487874e965890c32543e7c\",\"name\":\"Yuriko Barrera\",\"image\":{\"@type\":\"ImageObject\",\"inLanguage\":\"es\",\"@id\":\"https:\\\/\\\/secure.gravatar.com\\\/avatar\\\/134d0d2b59080428f5a714c59baa8306f3f3d3a3083bd6efeff035d884a8bf97?s=96&d=mm&r=g\",\"url\":\"https:\\\/\\\/secure.gravatar.com\\\/avatar\\\/134d0d2b59080428f5a714c59baa8306f3f3d3a3083bd6efeff035d884a8bf97?s=96&d=mm&r=g\",\"contentUrl\":\"https:\\\/\\\/secure.gravatar.com\\\/avatar\\\/134d0d2b59080428f5a714c59baa8306f3f3d3a3083bd6efeff035d884a8bf97?s=96&d=mm&r=g\",\"caption\":\"Yuriko Barrera\"},\"description\":\"Egresada de la Facultad de Ciencias Pol\u00edticas y Sociales de la UNAM. Boxeadora, tragona, cocinera y bailadora. Gusto de las m\u00e1scaras t\u00e9tricas, los cuervos, el cine de terror y la m\u00fasica. Escribo en mi blog, Me divierto con lo que hago. Reportera porque amo y twittera porque quiero.\",\"url\":\"https:\\\/\\\/centrourbano.com\\\/revista\\\/author\\\/yuriko-barrera\\\/\"}]}<\/script>\n<!-- \/ Yoast SEO plugin. -->","yoast_head_json":{"title":"Dar\u00e1n seguimiento a programa de subsidios -","description":"La Sedatu, Conavi y Canadevi trabajar\u00e1n con el sector p\u00fablico y privado para distribuir recursos equitativamente &nbsp; La Secretar\u00eda de Desarrollo","robots":{"index":"index","follow":"follow","max-snippet":"max-snippet:-1","max-image-preview":"max-image-preview:large","max-video-preview":"max-video-preview:-1"},"canonical":"https:\/\/centrourbano.com\/revista\/vivienda\/daran-seguimiento-a-programa-de-subsidios\/","og_locale":"es_ES","og_type":"article","og_title":"Dar\u00e1n seguimiento a programa de subsidios -","og_description":"La Sedatu, Conavi y Canadevi trabajar\u00e1n con el sector p\u00fablico y privado para distribuir recursos equitativamente &nbsp; La Secretar\u00eda de Desarrollo","og_url":"https:\/\/centrourbano.com\/revista\/vivienda\/daran-seguimiento-a-programa-de-subsidios\/","og_site_name":"Centro Urbano","article_publisher":"https:\/\/www.facebook.com\/portalcentrourbano","article_published_time":"2013-12-05T15:52:06+00:00","article_modified_time":"2015-03-12T18:05:04+00:00","og_image":[{"width":600,"height":337,"url":"https:\/\/centrourbano.com\/revista\/wp-content\/uploads\/MesaConavi1.jpg","type":"image\/jpeg"}],"author":"Yuriko Barrera","twitter_card":"summary_large_image","twitter_creator":"@CentroUrbano","twitter_site":"@CentroUrbano","twitter_misc":{"Escrito por":"Yuriko Barrera","Tiempo de lectura":"3 minutos"},"schema":{"@context":"https:\/\/schema.org","@graph":[{"@type":"Article","@id":"https:\/\/centrourbano.com\/revista\/vivienda\/daran-seguimiento-a-programa-de-subsidios\/#article","isPartOf":{"@id":"https:\/\/centrourbano.com\/revista\/vivienda\/daran-seguimiento-a-programa-de-subsidios\/"},"author":{"name":"Yuriko Barrera","@id":"https:\/\/centrourbano.com\/revista\/#\/schema\/person\/c5bbb779a2487874e965890c32543e7c"},"headline":"Dar\u00e1n seguimiento a programa de subsidios","datePublished":"2013-12-05T15:52:06+00:00","dateModified":"2015-03-12T18:05:04+00:00","mainEntityOfPage":{"@id":"https:\/\/centrourbano.com\/revista\/vivienda\/daran-seguimiento-a-programa-de-subsidios\/"},"wordCount":525,"commentCount":0,"publisher":{"@id":"https:\/\/centrourbano.com\/revista\/#organization"},"image":{"@id":"https:\/\/centrourbano.com\/revista\/vivienda\/daran-seguimiento-a-programa-de-subsidios\/#primaryimage"},"thumbnailUrl":"https:\/\/centrourbano.com\/revista\/wp-content\/uploads\/MesaConavi1.jpg","keywords":["Canadevi","CMIC","Conavi","Coparmex","Fonhapo","Fovissste","Infonavit","Sedatu","SHCP","SHF"],"articleSection":["Vivienda"],"inLanguage":"es","potentialAction":[{"@type":"CommentAction","name":"Comment","target":["https:\/\/centrourbano.com\/revista\/vivienda\/daran-seguimiento-a-programa-de-subsidios\/#respond"]}]},{"@type":"WebPage","@id":"https:\/\/centrourbano.com\/revista\/vivienda\/daran-seguimiento-a-programa-de-subsidios\/","url":"https:\/\/centrourbano.com\/revista\/vivienda\/daran-seguimiento-a-programa-de-subsidios\/","name":"Dar\u00e1n seguimiento a programa de subsidios -","isPartOf":{"@id":"https:\/\/centrourbano.com\/revista\/#website"},"primaryImageOfPage":{"@id":"https:\/\/centrourbano.com\/revista\/vivienda\/daran-seguimiento-a-programa-de-subsidios\/#primaryimage"},"image":{"@id":"https:\/\/centrourbano.com\/revista\/vivienda\/daran-seguimiento-a-programa-de-subsidios\/#primaryimage"},"thumbnailUrl":"https:\/\/centrourbano.com\/revista\/wp-content\/uploads\/MesaConavi1.jpg","datePublished":"2013-12-05T15:52:06+00:00","dateModified":"2015-03-12T18:05:04+00:00","description":"La Sedatu, Conavi y Canadevi trabajar\u00e1n con el sector p\u00fablico y privado para distribuir recursos equitativamente &nbsp; La Secretar\u00eda de Desarrollo","breadcrumb":{"@id":"https:\/\/centrourbano.com\/revista\/vivienda\/daran-seguimiento-a-programa-de-subsidios\/#breadcrumb"},"inLanguage":"es","potentialAction":[{"@type":"ReadAction","target":["https:\/\/centrourbano.com\/revista\/vivienda\/daran-seguimiento-a-programa-de-subsidios\/"]}]},{"@type":"ImageObject","inLanguage":"es","@id":"https:\/\/centrourbano.com\/revista\/vivienda\/daran-seguimiento-a-programa-de-subsidios\/#primaryimage","url":"https:\/\/centrourbano.com\/revista\/wp-content\/uploads\/MesaConavi1.jpg","contentUrl":"https:\/\/centrourbano.com\/revista\/wp-content\/uploads\/MesaConavi1.jpg","width":600,"height":337},{"@type":"BreadcrumbList","@id":"https:\/\/centrourbano.com\/revista\/vivienda\/daran-seguimiento-a-programa-de-subsidios\/#breadcrumb","itemListElement":[{"@type":"ListItem","position":1,"name":"Portada","item":"https:\/\/centrourbano.com\/revista\/"},{"@type":"ListItem","position":2,"name":"Dar\u00e1n seguimiento a programa de subsidios"}]},{"@type":"WebSite","@id":"https:\/\/centrourbano.com\/revista\/#website","url":"https:\/\/centrourbano.com\/revista\/","name":"Centro Urbano","description":"Medio especializado en los sectores vivienda, inmobiliario, construcci\u00f3n, arquitectura y urbanismo.","publisher":{"@id":"https:\/\/centrourbano.com\/revista\/#organization"},"potentialAction":[{"@type":"SearchAction","target":{"@type":"EntryPoint","urlTemplate":"https:\/\/centrourbano.com\/revista\/?s={search_term_string}"},"query-input":{"@type":"PropertyValueSpecification","valueRequired":true,"valueName":"search_term_string"}}],"inLanguage":"es"},{"@type":"Organization","@id":"https:\/\/centrourbano.com\/revista\/#organization","name":"Centro Urbano","url":"https:\/\/centrourbano.com\/revista\/","logo":{"@type":"ImageObject","inLanguage":"es","@id":"https:\/\/centrourbano.com\/revista\/#\/schema\/logo\/image\/","url":"https:\/\/centrourbano.com\/revista\/wp-content\/uploads\/web_CU_logo-1.png","contentUrl":"https:\/\/centrourbano.com\/revista\/wp-content\/uploads\/web_CU_logo-1.png","width":350,"height":91,"caption":"Centro Urbano"},"image":{"@id":"https:\/\/centrourbano.com\/revista\/#\/schema\/logo\/image\/"},"sameAs":["https:\/\/www.facebook.com\/portalcentrourbano","https:\/\/x.com\/CentroUrbano","https:\/\/www.instagram.com\/centro_urbano\/","https:\/\/www.linkedin.com\/company\/centro-urbano\/","http:\/\/www.youtube.com\/user\/portalcentrourbano"]},{"@type":"Person","@id":"https:\/\/centrourbano.com\/revista\/#\/schema\/person\/c5bbb779a2487874e965890c32543e7c","name":"Yuriko Barrera","image":{"@type":"ImageObject","inLanguage":"es","@id":"https:\/\/secure.gravatar.com\/avatar\/134d0d2b59080428f5a714c59baa8306f3f3d3a3083bd6efeff035d884a8bf97?s=96&d=mm&r=g","url":"https:\/\/secure.gravatar.com\/avatar\/134d0d2b59080428f5a714c59baa8306f3f3d3a3083bd6efeff035d884a8bf97?s=96&d=mm&r=g","contentUrl":"https:\/\/secure.gravatar.com\/avatar\/134d0d2b59080428f5a714c59baa8306f3f3d3a3083bd6efeff035d884a8bf97?s=96&d=mm&r=g","caption":"Yuriko Barrera"},"description":"Egresada de la Facultad de Ciencias Pol\u00edticas y Sociales de la UNAM. Boxeadora, tragona, cocinera y bailadora. Gusto de las m\u00e1scaras t\u00e9tricas, los cuervos, el cine de terror y la m\u00fasica. Escribo en mi blog, Me divierto con lo que hago. Reportera porque amo y twittera porque quiero.","url":"https:\/\/centrourbano.com\/revista\/author\/yuriko-barrera\/"}]}},"_links":{"self":[{"href":"https:\/\/centrourbano.com\/revista\/wp-json\/wp\/v2\/posts\/1455","targetHints":{"allow":["GET"]}}],"collection":[{"href":"https:\/\/centrourbano.com\/revista\/wp-json\/wp\/v2\/posts"}],"about":[{"href":"https:\/\/centrourbano.com\/revista\/wp-json\/wp\/v2\/types\/post"}],"author":[{"embeddable":true,"href":"https:\/\/centrourbano.com\/revista\/wp-json\/wp\/v2\/users\/7"}],"replies":[{"embeddable":true,"href":"https:\/\/centrourbano.com\/revista\/wp-json\/wp\/v2\/comments?post=1455"}],"version-history":[{"count":0,"href":"https:\/\/centrourbano.com\/revista\/wp-json\/wp\/v2\/posts\/1455\/revisions"}],"wp:featuredmedia":[{"embeddable":true,"href":"https:\/\/centrourbano.com\/revista\/wp-json\/wp\/v2\/media\/16682"}],"wp:attachment":[{"href":"https:\/\/centrourbano.com\/revista\/wp-json\/wp\/v2\/media?parent=1455"}],"wp:term":[{"taxonomy":"category","embeddable":true,"href":"https:\/\/centrourbano.com\/revista\/wp-json\/wp\/v2\/categories?post=1455"},{"taxonomy":"post_tag","embeddable":true,"href":"https:\/\/centrourbano.com\/revista\/wp-json\/wp\/v2\/tags?post=1455"}],"curies":[{"name":"wp","href":"https:\/\/api.w.org\/{rel}","templated":true}]}}