{"id":14548,"date":"2015-01-21T13:46:06","date_gmt":"2015-01-21T19:46:06","guid":{"rendered":"http:\/\/centrourbano.com\/?p=14548"},"modified":"2015-01-21T13:46:06","modified_gmt":"2015-01-21T19:46:06","slug":"anuncia-cenfes-la-creacion-de-un-colegio-de-formacion-para-los-operarios-de-transporte-publico","status":"publish","type":"post","link":"https:\/\/centrourbano.com\/revista\/saladeprensa\/anuncia-cenfes-la-creacion-de-un-colegio-de-formacion-para-los-operarios-de-transporte-publico\/","title":{"rendered":"Anuncia CENFES la creaci\u00f3n de un colegio de formaci\u00f3n para los operarios de transporte p\u00fablico  \u00a0"},"content":{"rendered":"<p>Roc\u00edo Mej\u00eda Flores, directora general del CENFES A.C. (Centro para el Fomento de la Educaci\u00f3n y la Salud de los Operarios del Transporte P\u00fablico de la Ciudad de M\u00e9xico),anunci\u00f3 la creaci\u00f3n de una academia o colegio de formaci\u00f3n integral para los operarios de transporte p\u00fablico del D.F., con el objetivo de profesionalizar estos servicios en la ciudad.<!--more--><\/p>\n<p>La directora del centro asegur\u00f3 que este proyecto podr\u00e1 hacerse realidad en el transcurso de este a\u00f1o gracias al apoyo de la UACM (Universidad Aut\u00f3noma de la Ciudad de M\u00e9xico) y la Universidad Aut\u00f3noma Metropolitana (UAM), instituciones que otorgar\u00e1n el sustento acad\u00e9mico y de certificaci\u00f3n para los estudiantes.<\/p>\n<p>Mej\u00eda Flores afirm\u00f3 que con el fin de otorgarle todo el rigor acad\u00e9mico, la carrera contar\u00e1 con cuatro a\u00f1os de estudios en la modalidad abierta y con materias como educaci\u00f3n vial, desarrollo humano y organizaci\u00f3n laboral, adem\u00e1s de sustentarse en el programa de estudios de la Licenciatura en Ingenier\u00eda en Transporte de la UACM.<\/p>\n<p>La presentaci\u00f3n de esta nueva academia forma parte del informe de actividades de 2014 del CENFES, en donde adem\u00e1s de este proyecto destacan la campa\u00f1a para reducir el consumo de az\u00facar entre los operarios, sobre los cuales, dijo Mej\u00eda, casi un 16% presentan problemas de glucosa o diabetes.<\/p>\n<p>Aunque el proceso ha sido lento, Mej\u00eda Flores asegur\u00f3 que actualmente s\u00ed se han visto resultados sobre los h\u00e1bitos alimenticios de los operarios, quienes, a trav\u00e9s de las consejer\u00edas nutricionales y de los recetarios que se les entregan, comienzan a consumir comida m\u00e1s saludable.<\/p>\n<p>La directora del CENFES se\u00f1al\u00f3 que a\u00a0 la par de este programa se encuentra tambi\u00e9n el destinado a la prevenci\u00f3n de las adicciones, con principal atenci\u00f3n al consumo de alcohol, tabaco\u00a0 y sustancias inhalables, siendo la marihuana, la coca\u00edna y el alcohol las principales sustancias de consumo entre los m\u00e1s de 200 operarios que acuden a diario a los centros de atenci\u00f3n del CENFES.<\/p>\n<p>La creaci\u00f3n de una ventana jur\u00eddica donde los operarios encuentren asesor\u00eda jur\u00eddica y legal, es otra de las acciones del centro para este a\u00f1o. Su directora se\u00f1al\u00f3 que se pretende reorientar la evaluaci\u00f3n de pericia en el manejo hacia estrategias para la reducci\u00f3n de accidentes, con el fin de crear una cultura de prevenci\u00f3n.<\/p>\n<p>Finalmente, asegur\u00f3 que seguir\u00e1n trabajando por consolidar la certificaci\u00f3n como una referencia obligatoria para todos aquellos que quieran o pretendan ser\u00a0 operarios de transporte colectivo.<\/p>\n<p>Durante el transcurso de este 2015, el CENFES presentar\u00e1 los resultados de un estudio donde se obtuvieron las experiencias y percepciones de los operarios acerca de sus necesidades y problem\u00e1ticas, con el cual se pretenden hacer recomendaciones al Gobierno del Distrito Federal.<\/p>\n","protected":false},"excerpt":{"rendered":"<p>Roc\u00edo Mej\u00eda Flores, directora general del CENFES A.C. (Centro para el Fomento de la Educaci\u00f3n y la Salud de los Operarios del Transporte P\u00fablico de la Ciudad de M\u00e9xico),anunci\u00f3 la creaci\u00f3n de una academia o colegio de formaci\u00f3n integral para los operarios de transporte p\u00fablico del D.F., con el objetivo de profesionalizar estos servicios en [&hellip;]<\/p>\n","protected":false},"author":14,"featured_media":0,"comment_status":"open","ping_status":"closed","sticky":false,"template":"","format":"standard","meta":{"om_disable_all_campaigns":false,"inline_featured_image":false,"_monsterinsights_skip_tracking":false,"_monsterinsights_sitenote_active":false,"_monsterinsights_sitenote_note":"","_monsterinsights_sitenote_category":0,"footnotes":""},"categories":[7],"tags":[4203,231,694,3012,308],"class_list":["post-14548","post","type-post","status-publish","format-standard","hentry","category-saladeprensa","tag-cenefes","tag-gobierno-del-distrito-federal","tag-transporte-publico","tag-uacm","tag-uam"],"yoast_head":"<!-- This site is optimized with the Yoast SEO plugin v27.5 - https:\/\/yoast.com\/product\/yoast-seo-wordpress\/ -->\n<title>Anuncia CENFES la creaci\u00f3n de un colegio de formaci\u00f3n para los operarios de transporte p\u00fablico \u00a0 -<\/title>\n<meta name=\"description\" content=\"Roc\u00edo Mej\u00eda Flores, directora general del CENFES A.C. (Centro para el Fomento de la Educaci\u00f3n y la Salud de los Operarios del Transporte P\u00fablico de la\" \/>\n<meta name=\"robots\" content=\"index, follow, max-snippet:-1, max-image-preview:large, max-video-preview:-1\" \/>\n<link rel=\"canonical\" href=\"https:\/\/centrourbano.com\/revista\/saladeprensa\/anuncia-cenfes-la-creacion-de-un-colegio-de-formacion-para-los-operarios-de-transporte-publico\/\" \/>\n<meta property=\"og:locale\" content=\"es_ES\" \/>\n<meta property=\"og:type\" content=\"article\" \/>\n<meta property=\"og:title\" content=\"Anuncia CENFES la creaci\u00f3n de un colegio de formaci\u00f3n para los operarios de transporte p\u00fablico \u00a0 -\" \/>\n<meta property=\"og:description\" content=\"Roc\u00edo Mej\u00eda Flores, directora general del CENFES A.C. (Centro para el Fomento de la Educaci\u00f3n y la Salud de los Operarios del Transporte P\u00fablico de la\" \/>\n<meta property=\"og:url\" content=\"https:\/\/centrourbano.com\/revista\/saladeprensa\/anuncia-cenfes-la-creacion-de-un-colegio-de-formacion-para-los-operarios-de-transporte-publico\/\" \/>\n<meta property=\"og:site_name\" content=\"Centro Urbano\" \/>\n<meta property=\"article:publisher\" content=\"https:\/\/www.facebook.com\/portalcentrourbano\" \/>\n<meta property=\"article:published_time\" content=\"2015-01-21T19:46:06+00:00\" \/>\n<meta property=\"og:image\" content=\"https:\/\/centrourbano.com\/revista\/wp-content\/uploads\/CU-logo.png\" \/>\n\t<meta property=\"og:image:width\" content=\"350\" \/>\n\t<meta property=\"og:image:height\" content=\"91\" \/>\n\t<meta property=\"og:image:type\" content=\"image\/png\" \/>\n<meta name=\"author\" content=\"Redacci\u00f3n Centro Urbano\" \/>\n<meta name=\"twitter:card\" content=\"summary_large_image\" \/>\n<meta name=\"twitter:creator\" content=\"@CentroUrbano\" \/>\n<meta name=\"twitter:site\" content=\"@CentroUrbano\" \/>\n<meta name=\"twitter:label1\" content=\"Escrito por\" \/>\n\t<meta name=\"twitter:data1\" content=\"Redacci\u00f3n Centro Urbano\" \/>\n\t<meta name=\"twitter:label2\" content=\"Tiempo de lectura\" \/>\n\t<meta name=\"twitter:data2\" content=\"2 minutos\" \/>\n<script type=\"application\/ld+json\" class=\"yoast-schema-graph\">{\"@context\":\"https:\\\/\\\/schema.org\",\"@graph\":[{\"@type\":\"Article\",\"@id\":\"https:\\\/\\\/centrourbano.com\\\/revista\\\/saladeprensa\\\/anuncia-cenfes-la-creacion-de-un-colegio-de-formacion-para-los-operarios-de-transporte-publico\\\/#article\",\"isPartOf\":{\"@id\":\"https:\\\/\\\/centrourbano.com\\\/revista\\\/saladeprensa\\\/anuncia-cenfes-la-creacion-de-un-colegio-de-formacion-para-los-operarios-de-transporte-publico\\\/\"},\"author\":{\"name\":\"Redacci\u00f3n Centro Urbano\",\"@id\":\"https:\\\/\\\/centrourbano.com\\\/revista\\\/#\\\/schema\\\/person\\\/5259f06e282c59482812d0e9a84a6440\"},\"headline\":\"Anuncia CENFES la creaci\u00f3n de un colegio de formaci\u00f3n para los operarios de transporte p\u00fablico \u00a0\",\"datePublished\":\"2015-01-21T19:46:06+00:00\",\"mainEntityOfPage\":{\"@id\":\"https:\\\/\\\/centrourbano.com\\\/revista\\\/saladeprensa\\\/anuncia-cenfes-la-creacion-de-un-colegio-de-formacion-para-los-operarios-de-transporte-publico\\\/\"},\"wordCount\":504,\"commentCount\":0,\"publisher\":{\"@id\":\"https:\\\/\\\/centrourbano.com\\\/revista\\\/#organization\"},\"keywords\":[\"CENEFES\",\"Gobierno del Distrito Federal\",\"Transporte p\u00fablico\",\"UACM\",\"UAM\"],\"articleSection\":[\"Sala de Prensa\"],\"inLanguage\":\"es\",\"potentialAction\":[{\"@type\":\"CommentAction\",\"name\":\"Comment\",\"target\":[\"https:\\\/\\\/centrourbano.com\\\/revista\\\/saladeprensa\\\/anuncia-cenfes-la-creacion-de-un-colegio-de-formacion-para-los-operarios-de-transporte-publico\\\/#respond\"]}]},{\"@type\":\"WebPage\",\"@id\":\"https:\\\/\\\/centrourbano.com\\\/revista\\\/saladeprensa\\\/anuncia-cenfes-la-creacion-de-un-colegio-de-formacion-para-los-operarios-de-transporte-publico\\\/\",\"url\":\"https:\\\/\\\/centrourbano.com\\\/revista\\\/saladeprensa\\\/anuncia-cenfes-la-creacion-de-un-colegio-de-formacion-para-los-operarios-de-transporte-publico\\\/\",\"name\":\"Anuncia CENFES la creaci\u00f3n de un colegio de formaci\u00f3n para los operarios de transporte p\u00fablico \u00a0 -\",\"isPartOf\":{\"@id\":\"https:\\\/\\\/centrourbano.com\\\/revista\\\/#website\"},\"datePublished\":\"2015-01-21T19:46:06+00:00\",\"description\":\"Roc\u00edo Mej\u00eda Flores, directora general del CENFES A.C. (Centro para el Fomento de la Educaci\u00f3n y la Salud de los Operarios del Transporte P\u00fablico de la\",\"breadcrumb\":{\"@id\":\"https:\\\/\\\/centrourbano.com\\\/revista\\\/saladeprensa\\\/anuncia-cenfes-la-creacion-de-un-colegio-de-formacion-para-los-operarios-de-transporte-publico\\\/#breadcrumb\"},\"inLanguage\":\"es\",\"potentialAction\":[{\"@type\":\"ReadAction\",\"target\":[\"https:\\\/\\\/centrourbano.com\\\/revista\\\/saladeprensa\\\/anuncia-cenfes-la-creacion-de-un-colegio-de-formacion-para-los-operarios-de-transporte-publico\\\/\"]}]},{\"@type\":\"BreadcrumbList\",\"@id\":\"https:\\\/\\\/centrourbano.com\\\/revista\\\/saladeprensa\\\/anuncia-cenfes-la-creacion-de-un-colegio-de-formacion-para-los-operarios-de-transporte-publico\\\/#breadcrumb\",\"itemListElement\":[{\"@type\":\"ListItem\",\"position\":1,\"name\":\"Portada\",\"item\":\"https:\\\/\\\/centrourbano.com\\\/revista\\\/\"},{\"@type\":\"ListItem\",\"position\":2,\"name\":\"Anuncia CENFES la creaci\u00f3n de un colegio de formaci\u00f3n para los operarios de transporte p\u00fablico \u00a0\"}]},{\"@type\":\"WebSite\",\"@id\":\"https:\\\/\\\/centrourbano.com\\\/revista\\\/#website\",\"url\":\"https:\\\/\\\/centrourbano.com\\\/revista\\\/\",\"name\":\"Centro Urbano\",\"description\":\"Medio especializado en los sectores vivienda, inmobiliario, construcci\u00f3n, arquitectura y urbanismo.\",\"publisher\":{\"@id\":\"https:\\\/\\\/centrourbano.com\\\/revista\\\/#organization\"},\"potentialAction\":[{\"@type\":\"SearchAction\",\"target\":{\"@type\":\"EntryPoint\",\"urlTemplate\":\"https:\\\/\\\/centrourbano.com\\\/revista\\\/?s={search_term_string}\"},\"query-input\":{\"@type\":\"PropertyValueSpecification\",\"valueRequired\":true,\"valueName\":\"search_term_string\"}}],\"inLanguage\":\"es\"},{\"@type\":\"Organization\",\"@id\":\"https:\\\/\\\/centrourbano.com\\\/revista\\\/#organization\",\"name\":\"Centro Urbano\",\"url\":\"https:\\\/\\\/centrourbano.com\\\/revista\\\/\",\"logo\":{\"@type\":\"ImageObject\",\"inLanguage\":\"es\",\"@id\":\"https:\\\/\\\/centrourbano.com\\\/revista\\\/#\\\/schema\\\/logo\\\/image\\\/\",\"url\":\"https:\\\/\\\/centrourbano.com\\\/revista\\\/wp-content\\\/uploads\\\/web_CU_logo-1.png\",\"contentUrl\":\"https:\\\/\\\/centrourbano.com\\\/revista\\\/wp-content\\\/uploads\\\/web_CU_logo-1.png\",\"width\":350,\"height\":91,\"caption\":\"Centro Urbano\"},\"image\":{\"@id\":\"https:\\\/\\\/centrourbano.com\\\/revista\\\/#\\\/schema\\\/logo\\\/image\\\/\"},\"sameAs\":[\"https:\\\/\\\/www.facebook.com\\\/portalcentrourbano\",\"https:\\\/\\\/x.com\\\/CentroUrbano\",\"https:\\\/\\\/www.instagram.com\\\/centro_urbano\\\/\",\"https:\\\/\\\/www.linkedin.com\\\/company\\\/centro-urbano\\\/\",\"http:\\\/\\\/www.youtube.com\\\/user\\\/portalcentrourbano\"]},{\"@type\":\"Person\",\"@id\":\"https:\\\/\\\/centrourbano.com\\\/revista\\\/#\\\/schema\\\/person\\\/5259f06e282c59482812d0e9a84a6440\",\"name\":\"Redacci\u00f3n Centro Urbano\",\"image\":{\"@type\":\"ImageObject\",\"inLanguage\":\"es\",\"@id\":\"https:\\\/\\\/secure.gravatar.com\\\/avatar\\\/15a789f894398c0f311f3a7a2ee28032bbc0483098539da66b6a045aa810bf35?s=96&d=mm&r=g\",\"url\":\"https:\\\/\\\/secure.gravatar.com\\\/avatar\\\/15a789f894398c0f311f3a7a2ee28032bbc0483098539da66b6a045aa810bf35?s=96&d=mm&r=g\",\"contentUrl\":\"https:\\\/\\\/secure.gravatar.com\\\/avatar\\\/15a789f894398c0f311f3a7a2ee28032bbc0483098539da66b6a045aa810bf35?s=96&d=mm&r=g\",\"caption\":\"Redacci\u00f3n Centro Urbano\"},\"url\":\"https:\\\/\\\/centrourbano.com\\\/revista\\\/author\\\/editorial\\\/\"}]}<\/script>\n<!-- \/ Yoast SEO plugin. -->","yoast_head_json":{"title":"Anuncia CENFES la creaci\u00f3n de un colegio de formaci\u00f3n para los operarios de transporte p\u00fablico \u00a0 -","description":"Roc\u00edo Mej\u00eda Flores, directora general del CENFES A.C. (Centro para el Fomento de la Educaci\u00f3n y la Salud de los Operarios del Transporte P\u00fablico de la","robots":{"index":"index","follow":"follow","max-snippet":"max-snippet:-1","max-image-preview":"max-image-preview:large","max-video-preview":"max-video-preview:-1"},"canonical":"https:\/\/centrourbano.com\/revista\/saladeprensa\/anuncia-cenfes-la-creacion-de-un-colegio-de-formacion-para-los-operarios-de-transporte-publico\/","og_locale":"es_ES","og_type":"article","og_title":"Anuncia CENFES la creaci\u00f3n de un colegio de formaci\u00f3n para los operarios de transporte p\u00fablico \u00a0 -","og_description":"Roc\u00edo Mej\u00eda Flores, directora general del CENFES A.C. (Centro para el Fomento de la Educaci\u00f3n y la Salud de los Operarios del Transporte P\u00fablico de la","og_url":"https:\/\/centrourbano.com\/revista\/saladeprensa\/anuncia-cenfes-la-creacion-de-un-colegio-de-formacion-para-los-operarios-de-transporte-publico\/","og_site_name":"Centro Urbano","article_publisher":"https:\/\/www.facebook.com\/portalcentrourbano","article_published_time":"2015-01-21T19:46:06+00:00","og_image":[{"width":350,"height":91,"url":"https:\/\/centrourbano.com\/revista\/wp-content\/uploads\/CU-logo.png","type":"image\/png"}],"author":"Redacci\u00f3n Centro Urbano","twitter_card":"summary_large_image","twitter_creator":"@CentroUrbano","twitter_site":"@CentroUrbano","twitter_misc":{"Escrito por":"Redacci\u00f3n Centro Urbano","Tiempo de lectura":"2 minutos"},"schema":{"@context":"https:\/\/schema.org","@graph":[{"@type":"Article","@id":"https:\/\/centrourbano.com\/revista\/saladeprensa\/anuncia-cenfes-la-creacion-de-un-colegio-de-formacion-para-los-operarios-de-transporte-publico\/#article","isPartOf":{"@id":"https:\/\/centrourbano.com\/revista\/saladeprensa\/anuncia-cenfes-la-creacion-de-un-colegio-de-formacion-para-los-operarios-de-transporte-publico\/"},"author":{"name":"Redacci\u00f3n Centro Urbano","@id":"https:\/\/centrourbano.com\/revista\/#\/schema\/person\/5259f06e282c59482812d0e9a84a6440"},"headline":"Anuncia CENFES la creaci\u00f3n de un colegio de formaci\u00f3n para los operarios de transporte p\u00fablico \u00a0","datePublished":"2015-01-21T19:46:06+00:00","mainEntityOfPage":{"@id":"https:\/\/centrourbano.com\/revista\/saladeprensa\/anuncia-cenfes-la-creacion-de-un-colegio-de-formacion-para-los-operarios-de-transporte-publico\/"},"wordCount":504,"commentCount":0,"publisher":{"@id":"https:\/\/centrourbano.com\/revista\/#organization"},"keywords":["CENEFES","Gobierno del Distrito Federal","Transporte p\u00fablico","UACM","UAM"],"articleSection":["Sala de Prensa"],"inLanguage":"es","potentialAction":[{"@type":"CommentAction","name":"Comment","target":["https:\/\/centrourbano.com\/revista\/saladeprensa\/anuncia-cenfes-la-creacion-de-un-colegio-de-formacion-para-los-operarios-de-transporte-publico\/#respond"]}]},{"@type":"WebPage","@id":"https:\/\/centrourbano.com\/revista\/saladeprensa\/anuncia-cenfes-la-creacion-de-un-colegio-de-formacion-para-los-operarios-de-transporte-publico\/","url":"https:\/\/centrourbano.com\/revista\/saladeprensa\/anuncia-cenfes-la-creacion-de-un-colegio-de-formacion-para-los-operarios-de-transporte-publico\/","name":"Anuncia CENFES la creaci\u00f3n de un colegio de formaci\u00f3n para los operarios de transporte p\u00fablico \u00a0 -","isPartOf":{"@id":"https:\/\/centrourbano.com\/revista\/#website"},"datePublished":"2015-01-21T19:46:06+00:00","description":"Roc\u00edo Mej\u00eda Flores, directora general del CENFES A.C. (Centro para el Fomento de la Educaci\u00f3n y la Salud de los Operarios del Transporte P\u00fablico de la","breadcrumb":{"@id":"https:\/\/centrourbano.com\/revista\/saladeprensa\/anuncia-cenfes-la-creacion-de-un-colegio-de-formacion-para-los-operarios-de-transporte-publico\/#breadcrumb"},"inLanguage":"es","potentialAction":[{"@type":"ReadAction","target":["https:\/\/centrourbano.com\/revista\/saladeprensa\/anuncia-cenfes-la-creacion-de-un-colegio-de-formacion-para-los-operarios-de-transporte-publico\/"]}]},{"@type":"BreadcrumbList","@id":"https:\/\/centrourbano.com\/revista\/saladeprensa\/anuncia-cenfes-la-creacion-de-un-colegio-de-formacion-para-los-operarios-de-transporte-publico\/#breadcrumb","itemListElement":[{"@type":"ListItem","position":1,"name":"Portada","item":"https:\/\/centrourbano.com\/revista\/"},{"@type":"ListItem","position":2,"name":"Anuncia CENFES la creaci\u00f3n de un colegio de formaci\u00f3n para los operarios de transporte p\u00fablico \u00a0"}]},{"@type":"WebSite","@id":"https:\/\/centrourbano.com\/revista\/#website","url":"https:\/\/centrourbano.com\/revista\/","name":"Centro Urbano","description":"Medio especializado en los sectores vivienda, inmobiliario, construcci\u00f3n, arquitectura y urbanismo.","publisher":{"@id":"https:\/\/centrourbano.com\/revista\/#organization"},"potentialAction":[{"@type":"SearchAction","target":{"@type":"EntryPoint","urlTemplate":"https:\/\/centrourbano.com\/revista\/?s={search_term_string}"},"query-input":{"@type":"PropertyValueSpecification","valueRequired":true,"valueName":"search_term_string"}}],"inLanguage":"es"},{"@type":"Organization","@id":"https:\/\/centrourbano.com\/revista\/#organization","name":"Centro Urbano","url":"https:\/\/centrourbano.com\/revista\/","logo":{"@type":"ImageObject","inLanguage":"es","@id":"https:\/\/centrourbano.com\/revista\/#\/schema\/logo\/image\/","url":"https:\/\/centrourbano.com\/revista\/wp-content\/uploads\/web_CU_logo-1.png","contentUrl":"https:\/\/centrourbano.com\/revista\/wp-content\/uploads\/web_CU_logo-1.png","width":350,"height":91,"caption":"Centro Urbano"},"image":{"@id":"https:\/\/centrourbano.com\/revista\/#\/schema\/logo\/image\/"},"sameAs":["https:\/\/www.facebook.com\/portalcentrourbano","https:\/\/x.com\/CentroUrbano","https:\/\/www.instagram.com\/centro_urbano\/","https:\/\/www.linkedin.com\/company\/centro-urbano\/","http:\/\/www.youtube.com\/user\/portalcentrourbano"]},{"@type":"Person","@id":"https:\/\/centrourbano.com\/revista\/#\/schema\/person\/5259f06e282c59482812d0e9a84a6440","name":"Redacci\u00f3n Centro Urbano","image":{"@type":"ImageObject","inLanguage":"es","@id":"https:\/\/secure.gravatar.com\/avatar\/15a789f894398c0f311f3a7a2ee28032bbc0483098539da66b6a045aa810bf35?s=96&d=mm&r=g","url":"https:\/\/secure.gravatar.com\/avatar\/15a789f894398c0f311f3a7a2ee28032bbc0483098539da66b6a045aa810bf35?s=96&d=mm&r=g","contentUrl":"https:\/\/secure.gravatar.com\/avatar\/15a789f894398c0f311f3a7a2ee28032bbc0483098539da66b6a045aa810bf35?s=96&d=mm&r=g","caption":"Redacci\u00f3n Centro Urbano"},"url":"https:\/\/centrourbano.com\/revista\/author\/editorial\/"}]}},"_links":{"self":[{"href":"https:\/\/centrourbano.com\/revista\/wp-json\/wp\/v2\/posts\/14548","targetHints":{"allow":["GET"]}}],"collection":[{"href":"https:\/\/centrourbano.com\/revista\/wp-json\/wp\/v2\/posts"}],"about":[{"href":"https:\/\/centrourbano.com\/revista\/wp-json\/wp\/v2\/types\/post"}],"author":[{"embeddable":true,"href":"https:\/\/centrourbano.com\/revista\/wp-json\/wp\/v2\/users\/14"}],"replies":[{"embeddable":true,"href":"https:\/\/centrourbano.com\/revista\/wp-json\/wp\/v2\/comments?post=14548"}],"version-history":[{"count":0,"href":"https:\/\/centrourbano.com\/revista\/wp-json\/wp\/v2\/posts\/14548\/revisions"}],"wp:attachment":[{"href":"https:\/\/centrourbano.com\/revista\/wp-json\/wp\/v2\/media?parent=14548"}],"wp:term":[{"taxonomy":"category","embeddable":true,"href":"https:\/\/centrourbano.com\/revista\/wp-json\/wp\/v2\/categories?post=14548"},{"taxonomy":"post_tag","embeddable":true,"href":"https:\/\/centrourbano.com\/revista\/wp-json\/wp\/v2\/tags?post=14548"}],"curies":[{"name":"wp","href":"https:\/\/api.w.org\/{rel}","templated":true}]}}