{"id":145443,"date":"2024-01-19T15:29:05","date_gmt":"2024-01-19T21:29:05","guid":{"rendered":"https:\/\/centrourbano.com\/?p=145443"},"modified":"2024-01-26T15:30:46","modified_gmt":"2024-01-26T21:30:46","slug":"ampi-muestra-su-compromiso-con-la-industria-inmobiliaria-a-traves-de-la-capacitacion-continua","status":"publish","type":"post","link":"https:\/\/centrourbano.com\/revista\/inmobiliario\/ampi-muestra-su-compromiso-con-la-industria-inmobiliaria-a-traves-de-la-capacitacion-continua\/","title":{"rendered":"AMPI muestra su compromiso con la industria inmobiliaria a trav\u00e9s de la capacitaci\u00f3n continua"},"content":{"rendered":"<p><em>AMPI, una l\u00edder en el mercado inmobiliario, destaca la importancia de la profesionalizaci\u00f3n brindando oportunidades educativas de calidad.<\/em><\/p>\n<p><!--more--><\/p>\n<p>Previo a la toma de protesta del nuevo presidente de la <span style=\"color: #ff6600;\"><a style=\"color: #ff6600;\" href=\"https:\/\/ampi.org\/\"><strong>Asociaci\u00f3n Mexicana de Profesionales Inmobiliarios (AMPI)<\/strong><\/a><\/span>, Emilio Rojas Cobi\u00e1n, que se llevar\u00e1 a cabo el pr\u00f3ximo 25 de enero en el Ex Convento de San Hip\u00f3lito en la Ciudad de M\u00e9xico, AMPI realiz\u00f3 una rueda de prensa, en la que Rojas Cobi\u00e1n tuvo su primer acercamiento con los medios de comunicaci\u00f3n nacionales, en el cual destac\u00f3 uno de los principales objetivos de la asociaci\u00f3n; el de profesionalizar la actividad inmobiliaria a trav\u00e9s de la capacitaci\u00f3n constante.<\/p>\n<p>AMPI es una organizaci\u00f3n no gubernamental con m\u00e1s de seis d\u00e9cadas de trayectoria que capacita, a trav\u00e9s de diplomados, cursos, talleres, seminarios y licenciaturas, a asociados y afiliados en todas las \u00e1reas y niveles del \u00e1mbito inmobiliario, con el fin de apoyar el fortalecimiento de las empresas en el sector y mostrar su compromiso con la industria inmobiliaria, la cual enfrenta grandes retos y oportunidades este 2024.<\/p>\n<blockquote><p>\u00abTenemos, un <span style=\"color: #ff6600;\"><strong>Centro de Capacitaci\u00f3n, Investigaci\u00f3n y Estad\u00edstica<\/strong><\/span>, donde ya certificamos m\u00e1s de cinco mil inmobiliarios en un a\u00f1o [&#8230;] Y tambi\u00e9n somos el mayor capacitador del tema inmobiliario de Am\u00e9rica Latina, lo que hace que el AMPI sea un referente para el tema educativo [&#8230;] Los otros organismos empresariales nos reconocen por ello\u00bb, coment\u00f3 al respecto el nuevo presidente.<\/p>\n<p>\u00abDentro de nuestra organizaci\u00f3n tambien tenemos los institutos, el <span style=\"color: #ff6600;\"><a style=\"color: #ff6600;\" href=\"http:\/\/icei.mx\/\"><strong>Instituto Comercial e Industrial<\/strong><\/a><\/span> y el Instituto de Administradores de Inmuebles, ambos todav\u00eda con presencia m\u00e1s regional\u00bb, agreg\u00f3<\/p><\/blockquote>\n<p>Cabe mencionar que uno de sus ejes estrat\u00e9gicos para este 2024 es convertir al <span style=\"color: #ff6600;\"><strong><a style=\"color: #ff6600;\" href=\"https:\/\/ampi.org\/ccie\/\">Centro de Capacitaci\u00f3n, Investigaci\u00f3n y Estad\u00edstica (CCIE)<\/a><\/strong><\/span> en el instituto l\u00edder en capacitaci\u00f3n de bienes ra\u00edces tanto en M\u00e9xico como en Latinoam\u00e9rica, pues considera que es necesario que un \u00abagente inmobiliario est\u00e9 capacitado con un alto sentido de \u00e9tica profesional, porque lo que tiene en sus manos es el patrimonio, esfuerzo y el trabajo de las familias\u00bb.<\/p>\n<p>&nbsp;<\/p>\n<p style=\"padding-left: 120px;\"><em><span style=\"color: #000000;\"><strong>Te puede interesar:<\/strong><\/span><span style=\"color: #ff6600;\"><strong> <a class=\"gray-to-main\" style=\"color: #ff6600;\" href=\"https:\/\/centrourbano.com\/vivienda\/demanda-vivienda-reto-2024-ampi\/\">Atender demanda de vivienda, el reto para 2024: AMPI<\/a><\/strong><\/span><\/em><\/p>\n<p>&nbsp;<\/p>\n<p>Asimismo, el vicepresidente ejecutivo nacional de AMPI, Karim Antonio Oviedo, coincidi\u00f3 con \u00e9l al mencionar la capacitaci\u00f3n constante que reciben los socios sobre temas de actualidad en el sector.<\/p>\n<blockquote><p>\u00a0\u00abEn AMPI somos el ente certificador que mas certificaciones ha dado a nivel nacional. El siguiente ente certificador solamente ha dado el 30% de las certificaciones que nosotros logramos dar en un a\u00f1o. Eso significa que la gran mayor\u00eda de nuestros socios constantemente est\u00e1n capacitados, entonces si vas a dejar algo que es importante para ti, como es el patrimonio, entonces d\u00e9jalo en manos expertas, porque si lo vas a dejar en manos de cualquiera, pues vas a tener un problema\u00bb, expres\u00f3 el vicepresidente.<\/p><\/blockquote>\n","protected":false},"excerpt":{"rendered":"<p>AMPI, una l\u00edder en el mercado inmobiliario, destaca la importancia de la profesionalizaci\u00f3n brindando oportunidades educativas de calidad.<\/p>\n","protected":false},"author":92,"featured_media":145444,"comment_status":"open","ping_status":"closed","sticky":false,"template":"","format":"standard","meta":{"om_disable_all_campaigns":false,"inline_featured_image":false,"_monsterinsights_skip_tracking":false,"_monsterinsights_sitenote_active":false,"_monsterinsights_sitenote_note":"","_monsterinsights_sitenote_category":0,"footnotes":""},"categories":[15],"tags":[14192,6306,23900,23901,13605],"class_list":["post-145443","post","type-post","status-publish","format-standard","has-post-thumbnail","hentry","category-inmobiliario","tag-asociacion-mexicana-de-profesionales-inmobiliarios-ampi","tag-capacitacion","tag-emilio-rojas-cobian","tag-rueda-de-prensa","tag-toma-de-protesta"],"yoast_head":"<!-- This site is optimized with the Yoast SEO plugin v27.4 - https:\/\/yoast.com\/product\/yoast-seo-wordpress\/ -->\n<title>AMPI muestra su compromiso con la industria inmobiliaria a trav\u00e9s de la capacitaci\u00f3n continua -<\/title>\n<meta name=\"description\" content=\"AMPI, una l\u00edder en el mercado inmobiliario, destaca la importancia de la profesionalizaci\u00f3n brindando oportunidades educativas de calidad. Previo a la\" \/>\n<meta name=\"robots\" content=\"index, follow, max-snippet:-1, max-image-preview:large, max-video-preview:-1\" \/>\n<link rel=\"canonical\" href=\"https:\/\/centrourbano.com\/revista\/inmobiliario\/ampi-muestra-su-compromiso-con-la-industria-inmobiliaria-a-traves-de-la-capacitacion-continua\/\" \/>\n<meta property=\"og:locale\" content=\"es_ES\" \/>\n<meta property=\"og:type\" content=\"article\" \/>\n<meta property=\"og:title\" content=\"AMPI muestra su compromiso con la industria inmobiliaria a trav\u00e9s de la capacitaci\u00f3n continua -\" \/>\n<meta property=\"og:description\" content=\"AMPI, una l\u00edder en el mercado inmobiliario, destaca la importancia de la profesionalizaci\u00f3n brindando oportunidades educativas de calidad. Previo a la\" \/>\n<meta property=\"og:url\" content=\"https:\/\/centrourbano.com\/revista\/inmobiliario\/ampi-muestra-su-compromiso-con-la-industria-inmobiliaria-a-traves-de-la-capacitacion-continua\/\" \/>\n<meta property=\"og:site_name\" content=\"Centro Urbano\" \/>\n<meta property=\"article:publisher\" content=\"https:\/\/www.facebook.com\/portalcentrourbano\" \/>\n<meta property=\"article:published_time\" content=\"2024-01-19T21:29:05+00:00\" \/>\n<meta property=\"article:modified_time\" content=\"2024-01-26T21:30:46+00:00\" \/>\n<meta property=\"og:image\" content=\"https:\/\/centrourbano.com\/revista\/wp-content\/uploads\/Diseno-sin-titulo-24-1.png\" \/>\n\t<meta property=\"og:image:width\" content=\"800\" \/>\n\t<meta property=\"og:image:height\" content=\"800\" \/>\n\t<meta property=\"og:image:type\" content=\"image\/png\" \/>\n<meta name=\"author\" content=\"Daniela Ruiz\" \/>\n<meta name=\"twitter:card\" content=\"summary_large_image\" \/>\n<meta name=\"twitter:creator\" content=\"@CentroUrbano\" \/>\n<meta name=\"twitter:site\" content=\"@CentroUrbano\" \/>\n<meta name=\"twitter:label1\" content=\"Escrito por\" \/>\n\t<meta name=\"twitter:data1\" content=\"Daniela Ruiz\" \/>\n\t<meta name=\"twitter:label2\" content=\"Tiempo de lectura\" \/>\n\t<meta name=\"twitter:data2\" content=\"2 minutos\" \/>\n<script type=\"application\/ld+json\" class=\"yoast-schema-graph\">{\"@context\":\"https:\\\/\\\/schema.org\",\"@graph\":[{\"@type\":\"Article\",\"@id\":\"https:\\\/\\\/centrourbano.com\\\/revista\\\/inmobiliario\\\/ampi-muestra-su-compromiso-con-la-industria-inmobiliaria-a-traves-de-la-capacitacion-continua\\\/#article\",\"isPartOf\":{\"@id\":\"https:\\\/\\\/centrourbano.com\\\/revista\\\/inmobiliario\\\/ampi-muestra-su-compromiso-con-la-industria-inmobiliaria-a-traves-de-la-capacitacion-continua\\\/\"},\"author\":{\"name\":\"Daniela Ruiz\",\"@id\":\"https:\\\/\\\/centrourbano.com\\\/revista\\\/#\\\/schema\\\/person\\\/d8323677cec17d90f1f6a6c421c202e7\"},\"headline\":\"AMPI muestra su compromiso con la industria inmobiliaria a trav\u00e9s de la capacitaci\u00f3n continua\",\"datePublished\":\"2024-01-19T21:29:05+00:00\",\"dateModified\":\"2024-01-26T21:30:46+00:00\",\"mainEntityOfPage\":{\"@id\":\"https:\\\/\\\/centrourbano.com\\\/revista\\\/inmobiliario\\\/ampi-muestra-su-compromiso-con-la-industria-inmobiliaria-a-traves-de-la-capacitacion-continua\\\/\"},\"wordCount\":506,\"commentCount\":0,\"publisher\":{\"@id\":\"https:\\\/\\\/centrourbano.com\\\/revista\\\/#organization\"},\"image\":{\"@id\":\"https:\\\/\\\/centrourbano.com\\\/revista\\\/inmobiliario\\\/ampi-muestra-su-compromiso-con-la-industria-inmobiliaria-a-traves-de-la-capacitacion-continua\\\/#primaryimage\"},\"thumbnailUrl\":\"https:\\\/\\\/centrourbano.com\\\/revista\\\/wp-content\\\/uploads\\\/Diseno-sin-titulo-24-1.png\",\"keywords\":[\"Asociaci\u00f3n Mexicana de Profesionales Inmobiliarios (AMPI)\",\"capacitaci\u00f3n\",\"Emilio Rojas Cobi\u00e1n\",\"rueda de prensa\",\"Toma de Protesta\"],\"articleSection\":[\"Inmobiliario\"],\"inLanguage\":\"es\",\"potentialAction\":[{\"@type\":\"CommentAction\",\"name\":\"Comment\",\"target\":[\"https:\\\/\\\/centrourbano.com\\\/revista\\\/inmobiliario\\\/ampi-muestra-su-compromiso-con-la-industria-inmobiliaria-a-traves-de-la-capacitacion-continua\\\/#respond\"]}]},{\"@type\":\"WebPage\",\"@id\":\"https:\\\/\\\/centrourbano.com\\\/revista\\\/inmobiliario\\\/ampi-muestra-su-compromiso-con-la-industria-inmobiliaria-a-traves-de-la-capacitacion-continua\\\/\",\"url\":\"https:\\\/\\\/centrourbano.com\\\/revista\\\/inmobiliario\\\/ampi-muestra-su-compromiso-con-la-industria-inmobiliaria-a-traves-de-la-capacitacion-continua\\\/\",\"name\":\"AMPI muestra su compromiso con la industria inmobiliaria a trav\u00e9s de la capacitaci\u00f3n continua -\",\"isPartOf\":{\"@id\":\"https:\\\/\\\/centrourbano.com\\\/revista\\\/#website\"},\"primaryImageOfPage\":{\"@id\":\"https:\\\/\\\/centrourbano.com\\\/revista\\\/inmobiliario\\\/ampi-muestra-su-compromiso-con-la-industria-inmobiliaria-a-traves-de-la-capacitacion-continua\\\/#primaryimage\"},\"image\":{\"@id\":\"https:\\\/\\\/centrourbano.com\\\/revista\\\/inmobiliario\\\/ampi-muestra-su-compromiso-con-la-industria-inmobiliaria-a-traves-de-la-capacitacion-continua\\\/#primaryimage\"},\"thumbnailUrl\":\"https:\\\/\\\/centrourbano.com\\\/revista\\\/wp-content\\\/uploads\\\/Diseno-sin-titulo-24-1.png\",\"datePublished\":\"2024-01-19T21:29:05+00:00\",\"dateModified\":\"2024-01-26T21:30:46+00:00\",\"description\":\"AMPI, una l\u00edder en el mercado inmobiliario, destaca la importancia de la profesionalizaci\u00f3n brindando oportunidades educativas de calidad. Previo a la\",\"breadcrumb\":{\"@id\":\"https:\\\/\\\/centrourbano.com\\\/revista\\\/inmobiliario\\\/ampi-muestra-su-compromiso-con-la-industria-inmobiliaria-a-traves-de-la-capacitacion-continua\\\/#breadcrumb\"},\"inLanguage\":\"es\",\"potentialAction\":[{\"@type\":\"ReadAction\",\"target\":[\"https:\\\/\\\/centrourbano.com\\\/revista\\\/inmobiliario\\\/ampi-muestra-su-compromiso-con-la-industria-inmobiliaria-a-traves-de-la-capacitacion-continua\\\/\"]}]},{\"@type\":\"ImageObject\",\"inLanguage\":\"es\",\"@id\":\"https:\\\/\\\/centrourbano.com\\\/revista\\\/inmobiliario\\\/ampi-muestra-su-compromiso-con-la-industria-inmobiliaria-a-traves-de-la-capacitacion-continua\\\/#primaryimage\",\"url\":\"https:\\\/\\\/centrourbano.com\\\/revista\\\/wp-content\\\/uploads\\\/Diseno-sin-titulo-24-1.png\",\"contentUrl\":\"https:\\\/\\\/centrourbano.com\\\/revista\\\/wp-content\\\/uploads\\\/Diseno-sin-titulo-24-1.png\",\"width\":800,\"height\":800,\"caption\":\"AMPI muestra su compromiso con la industria inmobiliaria a trav\u00e9s de la capacitaci\u00f3n continua\"},{\"@type\":\"BreadcrumbList\",\"@id\":\"https:\\\/\\\/centrourbano.com\\\/revista\\\/inmobiliario\\\/ampi-muestra-su-compromiso-con-la-industria-inmobiliaria-a-traves-de-la-capacitacion-continua\\\/#breadcrumb\",\"itemListElement\":[{\"@type\":\"ListItem\",\"position\":1,\"name\":\"Portada\",\"item\":\"https:\\\/\\\/centrourbano.com\\\/revista\\\/\"},{\"@type\":\"ListItem\",\"position\":2,\"name\":\"AMPI muestra su compromiso con la industria inmobiliaria a trav\u00e9s de la capacitaci\u00f3n continua\"}]},{\"@type\":\"WebSite\",\"@id\":\"https:\\\/\\\/centrourbano.com\\\/revista\\\/#website\",\"url\":\"https:\\\/\\\/centrourbano.com\\\/revista\\\/\",\"name\":\"Centro Urbano\",\"description\":\"Medio especializado en los sectores vivienda, inmobiliario, construcci\u00f3n, arquitectura y urbanismo.\",\"publisher\":{\"@id\":\"https:\\\/\\\/centrourbano.com\\\/revista\\\/#organization\"},\"potentialAction\":[{\"@type\":\"SearchAction\",\"target\":{\"@type\":\"EntryPoint\",\"urlTemplate\":\"https:\\\/\\\/centrourbano.com\\\/revista\\\/?s={search_term_string}\"},\"query-input\":{\"@type\":\"PropertyValueSpecification\",\"valueRequired\":true,\"valueName\":\"search_term_string\"}}],\"inLanguage\":\"es\"},{\"@type\":\"Organization\",\"@id\":\"https:\\\/\\\/centrourbano.com\\\/revista\\\/#organization\",\"name\":\"Centro Urbano\",\"url\":\"https:\\\/\\\/centrourbano.com\\\/revista\\\/\",\"logo\":{\"@type\":\"ImageObject\",\"inLanguage\":\"es\",\"@id\":\"https:\\\/\\\/centrourbano.com\\\/revista\\\/#\\\/schema\\\/logo\\\/image\\\/\",\"url\":\"https:\\\/\\\/centrourbano.com\\\/revista\\\/wp-content\\\/uploads\\\/web_CU_logo-1.png\",\"contentUrl\":\"https:\\\/\\\/centrourbano.com\\\/revista\\\/wp-content\\\/uploads\\\/web_CU_logo-1.png\",\"width\":350,\"height\":91,\"caption\":\"Centro Urbano\"},\"image\":{\"@id\":\"https:\\\/\\\/centrourbano.com\\\/revista\\\/#\\\/schema\\\/logo\\\/image\\\/\"},\"sameAs\":[\"https:\\\/\\\/www.facebook.com\\\/portalcentrourbano\",\"https:\\\/\\\/x.com\\\/CentroUrbano\",\"https:\\\/\\\/www.instagram.com\\\/centro_urbano\\\/\",\"https:\\\/\\\/www.linkedin.com\\\/company\\\/centro-urbano\\\/\",\"http:\\\/\\\/www.youtube.com\\\/user\\\/portalcentrourbano\"]},{\"@type\":\"Person\",\"@id\":\"https:\\\/\\\/centrourbano.com\\\/revista\\\/#\\\/schema\\\/person\\\/d8323677cec17d90f1f6a6c421c202e7\",\"name\":\"Daniela Ruiz\",\"image\":{\"@type\":\"ImageObject\",\"inLanguage\":\"es\",\"@id\":\"https:\\\/\\\/secure.gravatar.com\\\/avatar\\\/ec08338a9ab95e73bee642997b5b9a0ff0eed01e3f9ffce27e4629fe5fd269b0?s=96&d=mm&r=g\",\"url\":\"https:\\\/\\\/secure.gravatar.com\\\/avatar\\\/ec08338a9ab95e73bee642997b5b9a0ff0eed01e3f9ffce27e4629fe5fd269b0?s=96&d=mm&r=g\",\"contentUrl\":\"https:\\\/\\\/secure.gravatar.com\\\/avatar\\\/ec08338a9ab95e73bee642997b5b9a0ff0eed01e3f9ffce27e4629fe5fd269b0?s=96&d=mm&r=g\",\"caption\":\"Daniela Ruiz\"},\"url\":\"https:\\\/\\\/centrourbano.com\\\/revista\\\/author\\\/daniela-ruiz\\\/\"}]}<\/script>\n<!-- \/ Yoast SEO plugin. -->","yoast_head_json":{"title":"AMPI muestra su compromiso con la industria inmobiliaria a trav\u00e9s de la capacitaci\u00f3n continua -","description":"AMPI, una l\u00edder en el mercado inmobiliario, destaca la importancia de la profesionalizaci\u00f3n brindando oportunidades educativas de calidad. Previo a la","robots":{"index":"index","follow":"follow","max-snippet":"max-snippet:-1","max-image-preview":"max-image-preview:large","max-video-preview":"max-video-preview:-1"},"canonical":"https:\/\/centrourbano.com\/revista\/inmobiliario\/ampi-muestra-su-compromiso-con-la-industria-inmobiliaria-a-traves-de-la-capacitacion-continua\/","og_locale":"es_ES","og_type":"article","og_title":"AMPI muestra su compromiso con la industria inmobiliaria a trav\u00e9s de la capacitaci\u00f3n continua -","og_description":"AMPI, una l\u00edder en el mercado inmobiliario, destaca la importancia de la profesionalizaci\u00f3n brindando oportunidades educativas de calidad. Previo a la","og_url":"https:\/\/centrourbano.com\/revista\/inmobiliario\/ampi-muestra-su-compromiso-con-la-industria-inmobiliaria-a-traves-de-la-capacitacion-continua\/","og_site_name":"Centro Urbano","article_publisher":"https:\/\/www.facebook.com\/portalcentrourbano","article_published_time":"2024-01-19T21:29:05+00:00","article_modified_time":"2024-01-26T21:30:46+00:00","og_image":[{"width":800,"height":800,"url":"https:\/\/centrourbano.com\/revista\/wp-content\/uploads\/Diseno-sin-titulo-24-1.png","type":"image\/png"}],"author":"Daniela Ruiz","twitter_card":"summary_large_image","twitter_creator":"@CentroUrbano","twitter_site":"@CentroUrbano","twitter_misc":{"Escrito por":"Daniela Ruiz","Tiempo de lectura":"2 minutos"},"schema":{"@context":"https:\/\/schema.org","@graph":[{"@type":"Article","@id":"https:\/\/centrourbano.com\/revista\/inmobiliario\/ampi-muestra-su-compromiso-con-la-industria-inmobiliaria-a-traves-de-la-capacitacion-continua\/#article","isPartOf":{"@id":"https:\/\/centrourbano.com\/revista\/inmobiliario\/ampi-muestra-su-compromiso-con-la-industria-inmobiliaria-a-traves-de-la-capacitacion-continua\/"},"author":{"name":"Daniela Ruiz","@id":"https:\/\/centrourbano.com\/revista\/#\/schema\/person\/d8323677cec17d90f1f6a6c421c202e7"},"headline":"AMPI muestra su compromiso con la industria inmobiliaria a trav\u00e9s de la capacitaci\u00f3n continua","datePublished":"2024-01-19T21:29:05+00:00","dateModified":"2024-01-26T21:30:46+00:00","mainEntityOfPage":{"@id":"https:\/\/centrourbano.com\/revista\/inmobiliario\/ampi-muestra-su-compromiso-con-la-industria-inmobiliaria-a-traves-de-la-capacitacion-continua\/"},"wordCount":506,"commentCount":0,"publisher":{"@id":"https:\/\/centrourbano.com\/revista\/#organization"},"image":{"@id":"https:\/\/centrourbano.com\/revista\/inmobiliario\/ampi-muestra-su-compromiso-con-la-industria-inmobiliaria-a-traves-de-la-capacitacion-continua\/#primaryimage"},"thumbnailUrl":"https:\/\/centrourbano.com\/revista\/wp-content\/uploads\/Diseno-sin-titulo-24-1.png","keywords":["Asociaci\u00f3n Mexicana de Profesionales Inmobiliarios (AMPI)","capacitaci\u00f3n","Emilio Rojas Cobi\u00e1n","rueda de prensa","Toma de Protesta"],"articleSection":["Inmobiliario"],"inLanguage":"es","potentialAction":[{"@type":"CommentAction","name":"Comment","target":["https:\/\/centrourbano.com\/revista\/inmobiliario\/ampi-muestra-su-compromiso-con-la-industria-inmobiliaria-a-traves-de-la-capacitacion-continua\/#respond"]}]},{"@type":"WebPage","@id":"https:\/\/centrourbano.com\/revista\/inmobiliario\/ampi-muestra-su-compromiso-con-la-industria-inmobiliaria-a-traves-de-la-capacitacion-continua\/","url":"https:\/\/centrourbano.com\/revista\/inmobiliario\/ampi-muestra-su-compromiso-con-la-industria-inmobiliaria-a-traves-de-la-capacitacion-continua\/","name":"AMPI muestra su compromiso con la industria inmobiliaria a trav\u00e9s de la capacitaci\u00f3n continua -","isPartOf":{"@id":"https:\/\/centrourbano.com\/revista\/#website"},"primaryImageOfPage":{"@id":"https:\/\/centrourbano.com\/revista\/inmobiliario\/ampi-muestra-su-compromiso-con-la-industria-inmobiliaria-a-traves-de-la-capacitacion-continua\/#primaryimage"},"image":{"@id":"https:\/\/centrourbano.com\/revista\/inmobiliario\/ampi-muestra-su-compromiso-con-la-industria-inmobiliaria-a-traves-de-la-capacitacion-continua\/#primaryimage"},"thumbnailUrl":"https:\/\/centrourbano.com\/revista\/wp-content\/uploads\/Diseno-sin-titulo-24-1.png","datePublished":"2024-01-19T21:29:05+00:00","dateModified":"2024-01-26T21:30:46+00:00","description":"AMPI, una l\u00edder en el mercado inmobiliario, destaca la importancia de la profesionalizaci\u00f3n brindando oportunidades educativas de calidad. Previo a la","breadcrumb":{"@id":"https:\/\/centrourbano.com\/revista\/inmobiliario\/ampi-muestra-su-compromiso-con-la-industria-inmobiliaria-a-traves-de-la-capacitacion-continua\/#breadcrumb"},"inLanguage":"es","potentialAction":[{"@type":"ReadAction","target":["https:\/\/centrourbano.com\/revista\/inmobiliario\/ampi-muestra-su-compromiso-con-la-industria-inmobiliaria-a-traves-de-la-capacitacion-continua\/"]}]},{"@type":"ImageObject","inLanguage":"es","@id":"https:\/\/centrourbano.com\/revista\/inmobiliario\/ampi-muestra-su-compromiso-con-la-industria-inmobiliaria-a-traves-de-la-capacitacion-continua\/#primaryimage","url":"https:\/\/centrourbano.com\/revista\/wp-content\/uploads\/Diseno-sin-titulo-24-1.png","contentUrl":"https:\/\/centrourbano.com\/revista\/wp-content\/uploads\/Diseno-sin-titulo-24-1.png","width":800,"height":800,"caption":"AMPI muestra su compromiso con la industria inmobiliaria a trav\u00e9s de la capacitaci\u00f3n continua"},{"@type":"BreadcrumbList","@id":"https:\/\/centrourbano.com\/revista\/inmobiliario\/ampi-muestra-su-compromiso-con-la-industria-inmobiliaria-a-traves-de-la-capacitacion-continua\/#breadcrumb","itemListElement":[{"@type":"ListItem","position":1,"name":"Portada","item":"https:\/\/centrourbano.com\/revista\/"},{"@type":"ListItem","position":2,"name":"AMPI muestra su compromiso con la industria inmobiliaria a trav\u00e9s de la capacitaci\u00f3n continua"}]},{"@type":"WebSite","@id":"https:\/\/centrourbano.com\/revista\/#website","url":"https:\/\/centrourbano.com\/revista\/","name":"Centro Urbano","description":"Medio especializado en los sectores vivienda, inmobiliario, construcci\u00f3n, arquitectura y urbanismo.","publisher":{"@id":"https:\/\/centrourbano.com\/revista\/#organization"},"potentialAction":[{"@type":"SearchAction","target":{"@type":"EntryPoint","urlTemplate":"https:\/\/centrourbano.com\/revista\/?s={search_term_string}"},"query-input":{"@type":"PropertyValueSpecification","valueRequired":true,"valueName":"search_term_string"}}],"inLanguage":"es"},{"@type":"Organization","@id":"https:\/\/centrourbano.com\/revista\/#organization","name":"Centro Urbano","url":"https:\/\/centrourbano.com\/revista\/","logo":{"@type":"ImageObject","inLanguage":"es","@id":"https:\/\/centrourbano.com\/revista\/#\/schema\/logo\/image\/","url":"https:\/\/centrourbano.com\/revista\/wp-content\/uploads\/web_CU_logo-1.png","contentUrl":"https:\/\/centrourbano.com\/revista\/wp-content\/uploads\/web_CU_logo-1.png","width":350,"height":91,"caption":"Centro Urbano"},"image":{"@id":"https:\/\/centrourbano.com\/revista\/#\/schema\/logo\/image\/"},"sameAs":["https:\/\/www.facebook.com\/portalcentrourbano","https:\/\/x.com\/CentroUrbano","https:\/\/www.instagram.com\/centro_urbano\/","https:\/\/www.linkedin.com\/company\/centro-urbano\/","http:\/\/www.youtube.com\/user\/portalcentrourbano"]},{"@type":"Person","@id":"https:\/\/centrourbano.com\/revista\/#\/schema\/person\/d8323677cec17d90f1f6a6c421c202e7","name":"Daniela Ruiz","image":{"@type":"ImageObject","inLanguage":"es","@id":"https:\/\/secure.gravatar.com\/avatar\/ec08338a9ab95e73bee642997b5b9a0ff0eed01e3f9ffce27e4629fe5fd269b0?s=96&d=mm&r=g","url":"https:\/\/secure.gravatar.com\/avatar\/ec08338a9ab95e73bee642997b5b9a0ff0eed01e3f9ffce27e4629fe5fd269b0?s=96&d=mm&r=g","contentUrl":"https:\/\/secure.gravatar.com\/avatar\/ec08338a9ab95e73bee642997b5b9a0ff0eed01e3f9ffce27e4629fe5fd269b0?s=96&d=mm&r=g","caption":"Daniela Ruiz"},"url":"https:\/\/centrourbano.com\/revista\/author\/daniela-ruiz\/"}]}},"_links":{"self":[{"href":"https:\/\/centrourbano.com\/revista\/wp-json\/wp\/v2\/posts\/145443","targetHints":{"allow":["GET"]}}],"collection":[{"href":"https:\/\/centrourbano.com\/revista\/wp-json\/wp\/v2\/posts"}],"about":[{"href":"https:\/\/centrourbano.com\/revista\/wp-json\/wp\/v2\/types\/post"}],"author":[{"embeddable":true,"href":"https:\/\/centrourbano.com\/revista\/wp-json\/wp\/v2\/users\/92"}],"replies":[{"embeddable":true,"href":"https:\/\/centrourbano.com\/revista\/wp-json\/wp\/v2\/comments?post=145443"}],"version-history":[{"count":2,"href":"https:\/\/centrourbano.com\/revista\/wp-json\/wp\/v2\/posts\/145443\/revisions"}],"predecessor-version":[{"id":145446,"href":"https:\/\/centrourbano.com\/revista\/wp-json\/wp\/v2\/posts\/145443\/revisions\/145446"}],"wp:featuredmedia":[{"embeddable":true,"href":"https:\/\/centrourbano.com\/revista\/wp-json\/wp\/v2\/media\/145444"}],"wp:attachment":[{"href":"https:\/\/centrourbano.com\/revista\/wp-json\/wp\/v2\/media?parent=145443"}],"wp:term":[{"taxonomy":"category","embeddable":true,"href":"https:\/\/centrourbano.com\/revista\/wp-json\/wp\/v2\/categories?post=145443"},{"taxonomy":"post_tag","embeddable":true,"href":"https:\/\/centrourbano.com\/revista\/wp-json\/wp\/v2\/tags?post=145443"}],"curies":[{"name":"wp","href":"https:\/\/api.w.org\/{rel}","templated":true}]}}