{"id":14536,"date":"2015-01-21T12:09:28","date_gmt":"2015-01-21T18:09:28","guid":{"rendered":"http:\/\/centrourbano.com\/?p=14536"},"modified":"2015-01-21T12:10:11","modified_gmt":"2015-01-21T18:10:11","slug":"ostar-grupo-hotelero-inaugura-inmueble-en-veracruz","status":"publish","type":"post","link":"https:\/\/centrourbano.com\/revista\/inmobiliario\/ostar-grupo-hotelero-inaugura-inmueble-en-veracruz\/","title":{"rendered":"Ostar Grupo Hotelero inaugura inmueble en Veracruz"},"content":{"rendered":"<p><em>El nuevo hotel cuenta con 108 habitaciones \u00a0est\u00e1ndar, Junior Suites y Master Suite, todas ellas estilo minimalista con balc\u00f3n<\/em><br \/>\n<!--more--><\/p>\n<p>Esta semana la empresa de Inmuebles Carso, Ostar Grupo Hotelero, inaugur\u00f3 su nuevo complejo Yes Inn Nuevo Veracruz, ubicado a 5 minutos del Aeropuerto Internacional y a 15 minutos del Centro Hist\u00f3rico de Veracruz.<\/p>\n<p>Su construcci\u00f3n tuvo una inversi\u00f3n de 11 millones de d\u00f3lares, ha generado alrededor de 600 empleos y generar\u00e1 215 empleos directos e indirectos en su operaci\u00f3n.<\/p>\n<p>El nuevo hotel cuenta con 108 habitaciones \u00a0est\u00e1ndar, Junior Suites y Master Suite, todas ellas estilo minimalista con balc\u00f3n. Adem\u00e1s, ofrece amenidades como alberca al aire libre ubicada en la planta baja, restaurante con vista a la alberca, gimnasio con modernos aparatos, estacionamiento, lavander\u00eda y tintorer\u00eda, centro de negocios, as\u00ed como sal\u00f3n multiusos con capacidad para 450 personas y divisible hasta en tres salones independientes para 90 personas cada uno<\/p>\n<p>El complejo est\u00e1 rodeado de tiendas departamentales y especializadas, restaurantes,\u00a0 cines, un centro de diversiones para ni\u00f1os, un hospital y una universidad, entre muchos otros atractivos.<\/p>\n<p>Mediante un comunicado, el director general de la\u00a0empresa, Roberto Slim Seade, destac\u00f3 que el nuevo hotel\u00a0se suma al desarrollo\u00a0de usos mixtos de Inmuebles Carso en dicha localidad veracruzana, el cual contempla m\u00e1s de 500 hect\u00e1reas, as\u00ed como una alta inversi\u00f3n y la generaci\u00f3n de miles de empleos.<\/p>\n<p>En ese sentido, indic\u00f3 que el inmueble est\u00e1 pensado para viajeros de negocios, profesionistas y de placer que buscan una estancia agradable, funcional, un esmerado\u00a0servicio\u00a0y tarifas accesibles, adem\u00e1s de una ubicaci\u00f3n privilegiada.<\/p>\n<p>Ostar Grupo Hotelero tiene m\u00e1s de 30 a\u00f1os de experiencia en la industria, y actualmente cuenta con siete hoteles en M\u00e9xico y uno en Orlando, Florida, \u00a0Estados Unidos.<\/p>\n","protected":false},"excerpt":{"rendered":"<p>El nuevo hotel cuenta con 108 habitaciones \u00a0est\u00e1ndar, Junior Suites y Master Suite, todas ellas estilo minimalista con balc\u00f3n<\/p>\n","protected":false},"author":9,"featured_media":0,"comment_status":"open","ping_status":"closed","sticky":false,"template":"","format":"standard","meta":{"om_disable_all_campaigns":false,"inline_featured_image":false,"_monsterinsights_skip_tracking":false,"_monsterinsights_sitenote_active":false,"_monsterinsights_sitenote_note":"","_monsterinsights_sitenote_category":0,"footnotes":""},"categories":[15],"tags":[1408,47,40,2155,4200,4201,70],"class_list":["post-14536","post","type-post","status-publish","format-standard","hentry","category-inmobiliario","tag-carso","tag-hotel","tag-hoteles","tag-inmuebles-carso","tag-ostar-grupo-hotelero","tag-roberto-slim-seade","tag-veracruz"],"yoast_head":"<!-- This site is optimized with the Yoast SEO plugin v27.5 - https:\/\/yoast.com\/product\/yoast-seo-wordpress\/ -->\n<title>Ostar Grupo Hotelero inaugura inmueble en Veracruz -<\/title>\n<meta name=\"description\" content=\"El nuevo hotel cuenta con 108 habitaciones \u00a0est\u00e1ndar, Junior Suites y Master Suite, todas ellas estilo minimalista con balc\u00f3n Esta semana la empresa de\" \/>\n<meta name=\"robots\" content=\"index, follow, max-snippet:-1, max-image-preview:large, max-video-preview:-1\" \/>\n<link rel=\"canonical\" href=\"https:\/\/centrourbano.com\/revista\/inmobiliario\/ostar-grupo-hotelero-inaugura-inmueble-en-veracruz\/\" \/>\n<meta property=\"og:locale\" content=\"es_ES\" \/>\n<meta property=\"og:type\" content=\"article\" \/>\n<meta property=\"og:title\" content=\"Ostar Grupo Hotelero inaugura inmueble en Veracruz -\" \/>\n<meta property=\"og:description\" content=\"El nuevo hotel cuenta con 108 habitaciones \u00a0est\u00e1ndar, Junior Suites y Master Suite, todas ellas estilo minimalista con balc\u00f3n Esta semana la empresa de\" \/>\n<meta property=\"og:url\" content=\"https:\/\/centrourbano.com\/revista\/inmobiliario\/ostar-grupo-hotelero-inaugura-inmueble-en-veracruz\/\" \/>\n<meta property=\"og:site_name\" content=\"Centro Urbano\" \/>\n<meta property=\"article:publisher\" content=\"https:\/\/www.facebook.com\/portalcentrourbano\" \/>\n<meta property=\"article:published_time\" content=\"2015-01-21T18:09:28+00:00\" \/>\n<meta property=\"article:modified_time\" content=\"2015-01-21T18:10:11+00:00\" \/>\n<meta property=\"og:image\" content=\"https:\/\/centrourbano.com\/revista\/wp-content\/uploads\/CU-logo.png\" \/>\n\t<meta property=\"og:image:width\" content=\"350\" \/>\n\t<meta property=\"og:image:height\" content=\"91\" \/>\n\t<meta property=\"og:image:type\" content=\"image\/png\" \/>\n<meta name=\"author\" content=\"Dinorah Nava\" \/>\n<meta name=\"twitter:card\" content=\"summary_large_image\" \/>\n<meta name=\"twitter:creator\" content=\"@https:\/\/twitter.com\/Dinorah_Nava28\" \/>\n<meta name=\"twitter:site\" content=\"@CentroUrbano\" \/>\n<meta name=\"twitter:label1\" content=\"Escrito por\" \/>\n\t<meta name=\"twitter:data1\" content=\"Dinorah Nava\" \/>\n\t<meta name=\"twitter:label2\" content=\"Tiempo de lectura\" \/>\n\t<meta name=\"twitter:data2\" content=\"1 minuto\" \/>\n<script type=\"application\/ld+json\" class=\"yoast-schema-graph\">{\"@context\":\"https:\\\/\\\/schema.org\",\"@graph\":[{\"@type\":\"Article\",\"@id\":\"https:\\\/\\\/centrourbano.com\\\/revista\\\/inmobiliario\\\/ostar-grupo-hotelero-inaugura-inmueble-en-veracruz\\\/#article\",\"isPartOf\":{\"@id\":\"https:\\\/\\\/centrourbano.com\\\/revista\\\/inmobiliario\\\/ostar-grupo-hotelero-inaugura-inmueble-en-veracruz\\\/\"},\"author\":{\"name\":\"Dinorah Nava\",\"@id\":\"https:\\\/\\\/centrourbano.com\\\/revista\\\/#\\\/schema\\\/person\\\/baa9e569588d5544150642a11ad28b8b\"},\"headline\":\"Ostar Grupo Hotelero inaugura inmueble en Veracruz\",\"datePublished\":\"2015-01-21T18:09:28+00:00\",\"dateModified\":\"2015-01-21T18:10:11+00:00\",\"mainEntityOfPage\":{\"@id\":\"https:\\\/\\\/centrourbano.com\\\/revista\\\/inmobiliario\\\/ostar-grupo-hotelero-inaugura-inmueble-en-veracruz\\\/\"},\"wordCount\":306,\"commentCount\":0,\"publisher\":{\"@id\":\"https:\\\/\\\/centrourbano.com\\\/revista\\\/#organization\"},\"keywords\":[\"Carso\",\"hotel\",\"hoteles\",\"Inmuebles Carso\",\"Ostar Grupo Hotelero\",\"Roberto Slim Seade\",\"Veracruz\"],\"articleSection\":[\"Inmobiliario\"],\"inLanguage\":\"es\",\"potentialAction\":[{\"@type\":\"CommentAction\",\"name\":\"Comment\",\"target\":[\"https:\\\/\\\/centrourbano.com\\\/revista\\\/inmobiliario\\\/ostar-grupo-hotelero-inaugura-inmueble-en-veracruz\\\/#respond\"]}]},{\"@type\":\"WebPage\",\"@id\":\"https:\\\/\\\/centrourbano.com\\\/revista\\\/inmobiliario\\\/ostar-grupo-hotelero-inaugura-inmueble-en-veracruz\\\/\",\"url\":\"https:\\\/\\\/centrourbano.com\\\/revista\\\/inmobiliario\\\/ostar-grupo-hotelero-inaugura-inmueble-en-veracruz\\\/\",\"name\":\"Ostar Grupo Hotelero inaugura inmueble en Veracruz -\",\"isPartOf\":{\"@id\":\"https:\\\/\\\/centrourbano.com\\\/revista\\\/#website\"},\"datePublished\":\"2015-01-21T18:09:28+00:00\",\"dateModified\":\"2015-01-21T18:10:11+00:00\",\"description\":\"El nuevo hotel cuenta con 108 habitaciones \u00a0est\u00e1ndar, Junior Suites y Master Suite, todas ellas estilo minimalista con balc\u00f3n Esta semana la empresa de\",\"breadcrumb\":{\"@id\":\"https:\\\/\\\/centrourbano.com\\\/revista\\\/inmobiliario\\\/ostar-grupo-hotelero-inaugura-inmueble-en-veracruz\\\/#breadcrumb\"},\"inLanguage\":\"es\",\"potentialAction\":[{\"@type\":\"ReadAction\",\"target\":[\"https:\\\/\\\/centrourbano.com\\\/revista\\\/inmobiliario\\\/ostar-grupo-hotelero-inaugura-inmueble-en-veracruz\\\/\"]}]},{\"@type\":\"BreadcrumbList\",\"@id\":\"https:\\\/\\\/centrourbano.com\\\/revista\\\/inmobiliario\\\/ostar-grupo-hotelero-inaugura-inmueble-en-veracruz\\\/#breadcrumb\",\"itemListElement\":[{\"@type\":\"ListItem\",\"position\":1,\"name\":\"Portada\",\"item\":\"https:\\\/\\\/centrourbano.com\\\/revista\\\/\"},{\"@type\":\"ListItem\",\"position\":2,\"name\":\"Ostar Grupo Hotelero inaugura inmueble en Veracruz\"}]},{\"@type\":\"WebSite\",\"@id\":\"https:\\\/\\\/centrourbano.com\\\/revista\\\/#website\",\"url\":\"https:\\\/\\\/centrourbano.com\\\/revista\\\/\",\"name\":\"Centro Urbano\",\"description\":\"Medio especializado en los sectores vivienda, inmobiliario, construcci\u00f3n, arquitectura y urbanismo.\",\"publisher\":{\"@id\":\"https:\\\/\\\/centrourbano.com\\\/revista\\\/#organization\"},\"potentialAction\":[{\"@type\":\"SearchAction\",\"target\":{\"@type\":\"EntryPoint\",\"urlTemplate\":\"https:\\\/\\\/centrourbano.com\\\/revista\\\/?s={search_term_string}\"},\"query-input\":{\"@type\":\"PropertyValueSpecification\",\"valueRequired\":true,\"valueName\":\"search_term_string\"}}],\"inLanguage\":\"es\"},{\"@type\":\"Organization\",\"@id\":\"https:\\\/\\\/centrourbano.com\\\/revista\\\/#organization\",\"name\":\"Centro Urbano\",\"url\":\"https:\\\/\\\/centrourbano.com\\\/revista\\\/\",\"logo\":{\"@type\":\"ImageObject\",\"inLanguage\":\"es\",\"@id\":\"https:\\\/\\\/centrourbano.com\\\/revista\\\/#\\\/schema\\\/logo\\\/image\\\/\",\"url\":\"https:\\\/\\\/centrourbano.com\\\/revista\\\/wp-content\\\/uploads\\\/web_CU_logo-1.png\",\"contentUrl\":\"https:\\\/\\\/centrourbano.com\\\/revista\\\/wp-content\\\/uploads\\\/web_CU_logo-1.png\",\"width\":350,\"height\":91,\"caption\":\"Centro Urbano\"},\"image\":{\"@id\":\"https:\\\/\\\/centrourbano.com\\\/revista\\\/#\\\/schema\\\/logo\\\/image\\\/\"},\"sameAs\":[\"https:\\\/\\\/www.facebook.com\\\/portalcentrourbano\",\"https:\\\/\\\/x.com\\\/CentroUrbano\",\"https:\\\/\\\/www.instagram.com\\\/centro_urbano\\\/\",\"https:\\\/\\\/www.linkedin.com\\\/company\\\/centro-urbano\\\/\",\"http:\\\/\\\/www.youtube.com\\\/user\\\/portalcentrourbano\"]},{\"@type\":\"Person\",\"@id\":\"https:\\\/\\\/centrourbano.com\\\/revista\\\/#\\\/schema\\\/person\\\/baa9e569588d5544150642a11ad28b8b\",\"name\":\"Dinorah Nava\",\"image\":{\"@type\":\"ImageObject\",\"inLanguage\":\"es\",\"@id\":\"https:\\\/\\\/secure.gravatar.com\\\/avatar\\\/f6ca6430c51d147f363940f84e1225aa4b8183885c11802cc3b042305a4ecc1a?s=96&d=mm&r=g\",\"url\":\"https:\\\/\\\/secure.gravatar.com\\\/avatar\\\/f6ca6430c51d147f363940f84e1225aa4b8183885c11802cc3b042305a4ecc1a?s=96&d=mm&r=g\",\"contentUrl\":\"https:\\\/\\\/secure.gravatar.com\\\/avatar\\\/f6ca6430c51d147f363940f84e1225aa4b8183885c11802cc3b042305a4ecc1a?s=96&d=mm&r=g\",\"caption\":\"Dinorah Nava\"},\"description\":\"Editora de Contenidos y Estrategias Digitales en Centro Urbano y Coeditora en Peri\u00f3dico Mi Casa. Egresada de la licenciatura en Comunicaci\u00f3n y Periodismo de la Facultad de Estudios Superiores Arag\u00f3n (UNAM). Amante de la edici\u00f3n y correcci\u00f3n de estilo, las redes sociales y el mundo digital. Especialista en temas son arquitectura, inmobiliario y urbanismo.\",\"sameAs\":[\"linkedin.com\\\/in\\\/dinorah-nava\",\"https:\\\/\\\/x.com\\\/https:\\\/\\\/twitter.com\\\/Dinorah_Nava28\"],\"url\":\"https:\\\/\\\/centrourbano.com\\\/revista\\\/author\\\/dinorah-nava\\\/\"}]}<\/script>\n<!-- \/ Yoast SEO plugin. -->","yoast_head_json":{"title":"Ostar Grupo Hotelero inaugura inmueble en Veracruz -","description":"El nuevo hotel cuenta con 108 habitaciones \u00a0est\u00e1ndar, Junior Suites y Master Suite, todas ellas estilo minimalista con balc\u00f3n Esta semana la empresa de","robots":{"index":"index","follow":"follow","max-snippet":"max-snippet:-1","max-image-preview":"max-image-preview:large","max-video-preview":"max-video-preview:-1"},"canonical":"https:\/\/centrourbano.com\/revista\/inmobiliario\/ostar-grupo-hotelero-inaugura-inmueble-en-veracruz\/","og_locale":"es_ES","og_type":"article","og_title":"Ostar Grupo Hotelero inaugura inmueble en Veracruz -","og_description":"El nuevo hotel cuenta con 108 habitaciones \u00a0est\u00e1ndar, Junior Suites y Master Suite, todas ellas estilo minimalista con balc\u00f3n Esta semana la empresa de","og_url":"https:\/\/centrourbano.com\/revista\/inmobiliario\/ostar-grupo-hotelero-inaugura-inmueble-en-veracruz\/","og_site_name":"Centro Urbano","article_publisher":"https:\/\/www.facebook.com\/portalcentrourbano","article_published_time":"2015-01-21T18:09:28+00:00","article_modified_time":"2015-01-21T18:10:11+00:00","og_image":[{"width":350,"height":91,"url":"https:\/\/centrourbano.com\/revista\/wp-content\/uploads\/CU-logo.png","type":"image\/png"}],"author":"Dinorah Nava","twitter_card":"summary_large_image","twitter_creator":"@https:\/\/twitter.com\/Dinorah_Nava28","twitter_site":"@CentroUrbano","twitter_misc":{"Escrito por":"Dinorah Nava","Tiempo de lectura":"1 minuto"},"schema":{"@context":"https:\/\/schema.org","@graph":[{"@type":"Article","@id":"https:\/\/centrourbano.com\/revista\/inmobiliario\/ostar-grupo-hotelero-inaugura-inmueble-en-veracruz\/#article","isPartOf":{"@id":"https:\/\/centrourbano.com\/revista\/inmobiliario\/ostar-grupo-hotelero-inaugura-inmueble-en-veracruz\/"},"author":{"name":"Dinorah Nava","@id":"https:\/\/centrourbano.com\/revista\/#\/schema\/person\/baa9e569588d5544150642a11ad28b8b"},"headline":"Ostar Grupo Hotelero inaugura inmueble en Veracruz","datePublished":"2015-01-21T18:09:28+00:00","dateModified":"2015-01-21T18:10:11+00:00","mainEntityOfPage":{"@id":"https:\/\/centrourbano.com\/revista\/inmobiliario\/ostar-grupo-hotelero-inaugura-inmueble-en-veracruz\/"},"wordCount":306,"commentCount":0,"publisher":{"@id":"https:\/\/centrourbano.com\/revista\/#organization"},"keywords":["Carso","hotel","hoteles","Inmuebles Carso","Ostar Grupo Hotelero","Roberto Slim Seade","Veracruz"],"articleSection":["Inmobiliario"],"inLanguage":"es","potentialAction":[{"@type":"CommentAction","name":"Comment","target":["https:\/\/centrourbano.com\/revista\/inmobiliario\/ostar-grupo-hotelero-inaugura-inmueble-en-veracruz\/#respond"]}]},{"@type":"WebPage","@id":"https:\/\/centrourbano.com\/revista\/inmobiliario\/ostar-grupo-hotelero-inaugura-inmueble-en-veracruz\/","url":"https:\/\/centrourbano.com\/revista\/inmobiliario\/ostar-grupo-hotelero-inaugura-inmueble-en-veracruz\/","name":"Ostar Grupo Hotelero inaugura inmueble en Veracruz -","isPartOf":{"@id":"https:\/\/centrourbano.com\/revista\/#website"},"datePublished":"2015-01-21T18:09:28+00:00","dateModified":"2015-01-21T18:10:11+00:00","description":"El nuevo hotel cuenta con 108 habitaciones \u00a0est\u00e1ndar, Junior Suites y Master Suite, todas ellas estilo minimalista con balc\u00f3n Esta semana la empresa de","breadcrumb":{"@id":"https:\/\/centrourbano.com\/revista\/inmobiliario\/ostar-grupo-hotelero-inaugura-inmueble-en-veracruz\/#breadcrumb"},"inLanguage":"es","potentialAction":[{"@type":"ReadAction","target":["https:\/\/centrourbano.com\/revista\/inmobiliario\/ostar-grupo-hotelero-inaugura-inmueble-en-veracruz\/"]}]},{"@type":"BreadcrumbList","@id":"https:\/\/centrourbano.com\/revista\/inmobiliario\/ostar-grupo-hotelero-inaugura-inmueble-en-veracruz\/#breadcrumb","itemListElement":[{"@type":"ListItem","position":1,"name":"Portada","item":"https:\/\/centrourbano.com\/revista\/"},{"@type":"ListItem","position":2,"name":"Ostar Grupo Hotelero inaugura inmueble en Veracruz"}]},{"@type":"WebSite","@id":"https:\/\/centrourbano.com\/revista\/#website","url":"https:\/\/centrourbano.com\/revista\/","name":"Centro Urbano","description":"Medio especializado en los sectores vivienda, inmobiliario, construcci\u00f3n, arquitectura y urbanismo.","publisher":{"@id":"https:\/\/centrourbano.com\/revista\/#organization"},"potentialAction":[{"@type":"SearchAction","target":{"@type":"EntryPoint","urlTemplate":"https:\/\/centrourbano.com\/revista\/?s={search_term_string}"},"query-input":{"@type":"PropertyValueSpecification","valueRequired":true,"valueName":"search_term_string"}}],"inLanguage":"es"},{"@type":"Organization","@id":"https:\/\/centrourbano.com\/revista\/#organization","name":"Centro Urbano","url":"https:\/\/centrourbano.com\/revista\/","logo":{"@type":"ImageObject","inLanguage":"es","@id":"https:\/\/centrourbano.com\/revista\/#\/schema\/logo\/image\/","url":"https:\/\/centrourbano.com\/revista\/wp-content\/uploads\/web_CU_logo-1.png","contentUrl":"https:\/\/centrourbano.com\/revista\/wp-content\/uploads\/web_CU_logo-1.png","width":350,"height":91,"caption":"Centro Urbano"},"image":{"@id":"https:\/\/centrourbano.com\/revista\/#\/schema\/logo\/image\/"},"sameAs":["https:\/\/www.facebook.com\/portalcentrourbano","https:\/\/x.com\/CentroUrbano","https:\/\/www.instagram.com\/centro_urbano\/","https:\/\/www.linkedin.com\/company\/centro-urbano\/","http:\/\/www.youtube.com\/user\/portalcentrourbano"]},{"@type":"Person","@id":"https:\/\/centrourbano.com\/revista\/#\/schema\/person\/baa9e569588d5544150642a11ad28b8b","name":"Dinorah Nava","image":{"@type":"ImageObject","inLanguage":"es","@id":"https:\/\/secure.gravatar.com\/avatar\/f6ca6430c51d147f363940f84e1225aa4b8183885c11802cc3b042305a4ecc1a?s=96&d=mm&r=g","url":"https:\/\/secure.gravatar.com\/avatar\/f6ca6430c51d147f363940f84e1225aa4b8183885c11802cc3b042305a4ecc1a?s=96&d=mm&r=g","contentUrl":"https:\/\/secure.gravatar.com\/avatar\/f6ca6430c51d147f363940f84e1225aa4b8183885c11802cc3b042305a4ecc1a?s=96&d=mm&r=g","caption":"Dinorah Nava"},"description":"Editora de Contenidos y Estrategias Digitales en Centro Urbano y Coeditora en Peri\u00f3dico Mi Casa. Egresada de la licenciatura en Comunicaci\u00f3n y Periodismo de la Facultad de Estudios Superiores Arag\u00f3n (UNAM). Amante de la edici\u00f3n y correcci\u00f3n de estilo, las redes sociales y el mundo digital. Especialista en temas son arquitectura, inmobiliario y urbanismo.","sameAs":["linkedin.com\/in\/dinorah-nava","https:\/\/x.com\/https:\/\/twitter.com\/Dinorah_Nava28"],"url":"https:\/\/centrourbano.com\/revista\/author\/dinorah-nava\/"}]}},"_links":{"self":[{"href":"https:\/\/centrourbano.com\/revista\/wp-json\/wp\/v2\/posts\/14536","targetHints":{"allow":["GET"]}}],"collection":[{"href":"https:\/\/centrourbano.com\/revista\/wp-json\/wp\/v2\/posts"}],"about":[{"href":"https:\/\/centrourbano.com\/revista\/wp-json\/wp\/v2\/types\/post"}],"author":[{"embeddable":true,"href":"https:\/\/centrourbano.com\/revista\/wp-json\/wp\/v2\/users\/9"}],"replies":[{"embeddable":true,"href":"https:\/\/centrourbano.com\/revista\/wp-json\/wp\/v2\/comments?post=14536"}],"version-history":[{"count":0,"href":"https:\/\/centrourbano.com\/revista\/wp-json\/wp\/v2\/posts\/14536\/revisions"}],"wp:attachment":[{"href":"https:\/\/centrourbano.com\/revista\/wp-json\/wp\/v2\/media?parent=14536"}],"wp:term":[{"taxonomy":"category","embeddable":true,"href":"https:\/\/centrourbano.com\/revista\/wp-json\/wp\/v2\/categories?post=14536"},{"taxonomy":"post_tag","embeddable":true,"href":"https:\/\/centrourbano.com\/revista\/wp-json\/wp\/v2\/tags?post=14536"}],"curies":[{"name":"wp","href":"https:\/\/api.w.org\/{rel}","templated":true}]}}