{"id":145261,"date":"2023-12-19T11:22:56","date_gmt":"2023-12-19T17:22:56","guid":{"rendered":"https:\/\/centrourbano.com\/?p=145261"},"modified":"2024-01-12T12:23:18","modified_gmt":"2024-01-12T18:23:18","slug":"fibras-durante-el-2023","status":"publish","type":"post","link":"https:\/\/centrourbano.com\/revista\/publicaciones\/fibras-durante-el-2023\/","title":{"rendered":"\u00bfC\u00f3mo les fue a las fibras durante el 2023?"},"content":{"rendered":"<p><i><span style=\"font-weight: 400;\">Luego de la recuperaci\u00f3n de los sectores durante el 2022, el Amefibra se mostr\u00f3 optimista sobre el escenario de este a\u00f1o, el cual ha marcado el crecimiento, principalmente, en centros comerciales\u00a0 <\/span><\/i><!--more--><\/p>\n<p><span style=\"font-weight: 400;\">Sim\u00f3n Galante, presidente de la Asociaci\u00f3n Mexicana de Fibras Inmobiliarias (<a href=\"https:\/\/amefibra.com\/\" target=\"_blank\" rel=\"noopener\">Amefibra<\/a>), resalt\u00f3 que este a\u00f1o fue bastante interesante, ya que, debido a la recuperaci\u00f3n obtenida antes y durante la pandemia por Covid &#8211; 19, el fideicomiso no contaba con una visi\u00f3n constante de crecimiento, no obstante, se mostraron optimistas.\u00a0<\/span><\/p>\n<p><span style=\"font-weight: 400;\">En entrevista con <\/span><i><span style=\"font-weight: 400;\">Revista Inversi\u00f3n Inmobiliaria<\/span><\/i><span style=\"font-weight: 400;\">, el Presidente de Amefibra se\u00f1al\u00f3 que este a\u00f1o mostr\u00f3 cifras complicadas que se encontraban en adaptaci\u00f3n a la nueva normalidad. Al respecto, Galante indic\u00f3 que durante la primera mitad del a\u00f1o mostr\u00f3 un mayor crecimiento general.\u00a0<\/span><\/p>\n<blockquote><p><span style=\"font-weight: 400;\">\u201cHa sido un a\u00f1o bastante interesante, creo que los resultados han sido espectaculares en la primera mitad de este a\u00f1o, y la segunda mitad de este a\u00f1o han sido un poquito sectoriales\u201d, coment\u00f3.\u00a0<\/span><\/p><\/blockquote>\n<p><span style=\"font-weight: 400;\">En ese sentido, Galante indic\u00f3 que el sector industrial es el que mayor crecimiento ha mostrado, esto propiciado por el aumento del nearshoring en el pa\u00eds, esto principalmente en la frontera norte y en el centro del pa\u00eds.\u00a0<\/span><\/p>\n<p><span style=\"font-weight: 400;\">Del mismo modo, el sector hotelero tambi\u00e9n present\u00f3 porcentajes de crecimiento sobre todo en resorts en la primera mitad del a\u00f1o, recuperaci\u00f3n que, se espera, se mantenga se presente durante el invierno y el inicio del 2023. Asimismo, el Presidente de <a href=\"https:\/\/centrourbano.com\/inmobiliario\/amefibra-extiende-portafolio\/\" target=\"_blank\" rel=\"noopener\">Amefibra<\/a> explic\u00f3 que el mercado comercial es uno de los que mayor resiliencia ha mostrado y el cual tambi\u00e9n ha presentado desarrollo, principalmente en los usos mixtos.\u00a0\u00a0<\/span><\/p>\n<p><span style=\"font-weight: 400;\">Por otra parte, y en relaci\u00f3n con la nueva normalidad, las oficinas de la Asociaci\u00f3n han mostrado m\u00e1s complicaciones para obtener una recuperaci\u00f3n, situaci\u00f3n en parte generada por el trabajo remoto que se volvi\u00f3 popular durante la contingencia. Sin embargo, Galante indic\u00f3 que algunos edificios vuelven a recuperar ocupaci\u00f3n.<\/span><\/p>\n<blockquote><p><span style=\"font-weight: 400;\">\u201cEn las oficinas s\u00ed se ve una recuperaci\u00f3n un poco m\u00e1s retadora, aunque ya vemos edificios \u00edconos de triples A, regresando ocupaciones, este, hist\u00f3ricas, y estamos empezando a ver ya movimiento. Se siente y se ve que el regreso a oficinas es importante, el trabajo en equipo (\u2026) estamos viendo un regreso\u201d, precis\u00f3.<\/span><\/p><\/blockquote>\n<p><span style=\"font-weight: 400;\">Igualmente, Sim\u00f3n Galante apunt\u00f3 que otros segmentos que han presentado una \u201crecuperaci\u00f3n bastante buena\u201d son los planteles educativos y las mini bodegas. Por lo que si bien, el 2023, hja sido complejo, se dej\u00f3 atr\u00e1s los temas generados por la pandemia.<\/span><\/p>\n<blockquote><p><span style=\"font-weight: 400;\">\u201cUna recuperaci\u00f3n bastante buena en 2023, un a\u00f1o complejo, pero obviamente en salida ya del 2020, 2021 de Covid. Vimos un 2022 muy interesante, con una recuperaci\u00f3n muy buena, y un 2023 abonando a lo que vimos en el 2022 y con buena perspectiva para el 2024\u201d, analiz\u00f3.\u00a0<\/span><\/p><\/blockquote>\n<h2><span style=\"font-weight: 400;\">Factores que influyen en Amefibra\u00a0<\/span><\/h2>\n<p><span style=\"font-weight: 400;\">Acerca de las situaciones que han influido en el crecimiento de los inmuebles de Amefibra, el Presidente de la Asociaci\u00f3n se\u00f1al\u00f3 que, sin duda, el principal factor es la colocaci\u00f3n de M\u00e9xico como principal proveedor de Estados Unidos, desplazando a China.<\/span><\/p>\n<p><span style=\"font-weight: 400;\">De la misma forma, Sim\u00f3n Galante record\u00f3 que la tasa de inter\u00e9s es un ingrediente muy importante para el mercado inmobiliario a que utiliza deuda para crecimiento. Punto que puede ser la caracter\u00edstica diferenciadora entre las fibras.\u00a0<\/span><\/p>\n<p><span style=\"font-weight: 400;\">Adem\u00e1s, Galante indic\u00f3 que, por su puesto, otro de los factores que influyen en el sector es la econom\u00eda de cada mexicano, pues de ah\u00ed fluye el poder adquisitivo.\u00a0<\/span><\/p>\n<blockquote><p><span style=\"font-weight: 400;\">\u201cTodo es un ciclo virtuoso y\/o vicioso seg\u00fan como vayamos. Si la gente en M\u00e9xico tiene trabajo, tiene oficio, tiene educaci\u00f3n, suben los salarios, todo esto se tiene que transformar en la cuesti\u00f3n hotelera, viajes dom\u00e9sticos, que tambi\u00e9n es un mercado muy importante para M\u00e9xico, tambi\u00e9n el viaje interno de negocios se nota ah\u00ed, tambi\u00e9n la asistencia a centros comerciales o las mismas oficinas tienen que ver con la din\u00e1mica interna. Entonces, todo est\u00e1 conectado\u201d, detall\u00f3.\u00a0<\/span><\/p><\/blockquote>\n<p><span style=\"font-weight: 400;\">Es decir, cuando un sector presenta crecimiento, como es el caso del mercado industrial por el nearshoring, no es la \u00fanica industria que presenta desarrollo. Pues el incremento de uno propicia el crecimiento de otros.\u00a0<\/span><\/p>\n<blockquote><p><span style=\"font-weight: 400;\">\u201cEl nearshoring no solamente es marcar una planta y v\u00e1monos, desde que vienen a conocer o ver si quieren entrar en M\u00e9xico, se quedan en un hotel, visitan nuestros centros comerciales, hasta el final de la planta productiva donde tenemos tambi\u00e9n a los transportistas ocupados, o sea, es un es una din\u00e1mica circular donde tenemos que ser poner mucha atenci\u00f3n\u201d, relat\u00f3.\u00a0\u00a0<\/span><\/p><\/blockquote>\n<p><span style=\"font-weight: 400;\">Por lo que es importante que, tanto el sector p\u00fablico como el privado, cuiden y procuren la infraestructura y los servicios que tiene y ofrece el pa\u00eds. Ya que, para industrias, como el nearshoring es necesario asegurar el abastecimiento de electricidad, entre otras cosas, para hacer m\u00e1s atractivo a M\u00e9xico ante la inversi\u00f3n extranjera.\u00a0<\/span><\/p>\n<blockquote><p><span style=\"font-weight: 400;\">\u201c(Servicios como) la electricidad, infraestructura general, drenaje, gas, que tenemos que trabajar todos gobierno e iniciativa privada para lograr; esa oportunidad est\u00e1 ah\u00ed\u201d, afirm\u00f3.\u00a0<\/span><\/p><\/blockquote>\n<h2><span style=\"font-weight: 400;\">Las fibras y sus acciones sustentables<\/span><\/h2>\n<p><span style=\"font-weight: 400;\">En otros temas, durante la entrevista, Galante habl\u00f3 sobre las acciones que Amefibra ha realizado en cuestiones sostenibles, pues estas representan el compromiso que los fideicomisos tienen con el medio ambiente y con los mexicanos.\u00a0<\/span><\/p>\n<p><span style=\"font-weight: 400;\">Por ello, el Presidente de la Asociaci\u00f3n detall\u00f3 que actualmente los fibras han emitido m\u00e1s de un mill\u00f3n de d\u00f3lares (mdd) en criterios ASG\u00a0(Ambientales, Sociales y de Gobernanza), colocando a los fideicomisos en los l\u00edderes en el tema.\u00a0<\/span><\/p>\n<blockquote><p><span style=\"font-weight: 400;\">\u201cLos l\u00edderes indiscutibles en el tema de bonos verdes con m\u00e1s de un mdd de emisi\u00f3n de bonos verdes; tambi\u00e9n somos l\u00edderes en los metros cuadrados (m<\/span><span style=\"font-weight: 400;\">2<\/span><span style=\"font-weight: 400;\">) que tenemos certificados con EDGE o con alguna de las certificaciones eh las diecis\u00e9is fibras ya presentan reportes de ASG; tenemos tambi\u00e9n tres de las fibras en el SPI Sustentability Yearbook del 2022\u201d, platic\u00f3.\u00a0<\/span><\/p><\/blockquote>\n<p><span style=\"font-weight: 400;\">Acerca de las construcciones certificadas, Galante afirm\u00f3 que son alrededor de seis millones de m2, por lo que desde la Asociaci\u00f3n continuar\u00e1n trabajando en acciones sustentables para mantenerse como l\u00edderes.<\/span><\/p>\n<blockquote><p><span style=\"font-weight: 400;\">\u201cLa Amefibra es de seis millones de m2 certificados eso es un orgullo para la Amefibra, somos la punta de lanza en todo el real estate, entonces s\u00ed creemos que hemos logrado mucho impacto en el total del sector y llevamos el liderazgo de ASG y continuaremos llev\u00e1ndolo por a\u00f1os siguientes\u201d, detall\u00f3.\u00a0<\/span><\/p><\/blockquote>\n","protected":false},"excerpt":{"rendered":"<p>Luego de la recuperaci\u00f3n de los sectores durante el 2022, el Amefibra se mostr\u00f3 optimista sobre el escenario de este a\u00f1o, el cual ha marcado el crecimiento, principalmente, en centros comerciales\u00a0<\/p>\n","protected":false},"author":88,"featured_media":145262,"comment_status":"open","ping_status":"closed","sticky":false,"template":"","format":"standard","meta":{"om_disable_all_campaigns":false,"inline_featured_image":false,"_monsterinsights_skip_tracking":false,"_monsterinsights_sitenote_active":false,"_monsterinsights_sitenote_note":"","_monsterinsights_sitenote_category":0,"footnotes":""},"categories":[15,4,7115],"tags":[18690,44,3273],"class_list":["post-145261","post","type-post","status-publish","format-standard","has-post-thumbnail","hentry","category-inmobiliario","category-publicaciones","category-revista-inversion-inmobiliaria","tag-amefibra","tag-fibras","tag-sector-industrial"],"yoast_head":"<!-- This site is optimized with the Yoast SEO plugin v27.5 - https:\/\/yoast.com\/product\/yoast-seo-wordpress\/ -->\n<title>\u00bfC\u00f3mo les fue a las fibras durante el 2023? -<\/title>\n<meta name=\"description\" content=\"Luego de la recuperaci\u00f3n de los sectores durante el 2022, el Amefibra se mostr\u00f3 optimista sobre el escenario de este a\u00f1o, el cual ha marcado el\" \/>\n<meta name=\"robots\" content=\"index, follow, max-snippet:-1, max-image-preview:large, max-video-preview:-1\" \/>\n<link rel=\"canonical\" href=\"https:\/\/centrourbano.com\/revista\/publicaciones\/fibras-durante-el-2023\/\" \/>\n<meta property=\"og:locale\" content=\"es_ES\" \/>\n<meta property=\"og:type\" content=\"article\" \/>\n<meta property=\"og:title\" content=\"\u00bfC\u00f3mo les fue a las fibras durante el 2023? -\" \/>\n<meta property=\"og:description\" content=\"Luego de la recuperaci\u00f3n de los sectores durante el 2022, el Amefibra se mostr\u00f3 optimista sobre el escenario de este a\u00f1o, el cual ha marcado el\" \/>\n<meta property=\"og:url\" content=\"https:\/\/centrourbano.com\/revista\/publicaciones\/fibras-durante-el-2023\/\" \/>\n<meta property=\"og:site_name\" content=\"Centro Urbano\" \/>\n<meta property=\"article:publisher\" content=\"https:\/\/www.facebook.com\/portalcentrourbano\" \/>\n<meta property=\"article:published_time\" content=\"2023-12-19T17:22:56+00:00\" \/>\n<meta property=\"article:modified_time\" content=\"2024-01-12T18:23:18+00:00\" \/>\n<meta property=\"og:image\" content=\"https:\/\/centrourbano.com\/revista\/wp-content\/uploads\/parques-industriales-5.jpg\" \/>\n\t<meta property=\"og:image:width\" content=\"800\" \/>\n\t<meta property=\"og:image:height\" content=\"800\" \/>\n\t<meta property=\"og:image:type\" content=\"image\/jpeg\" \/>\n<meta name=\"author\" content=\"Rebeca Romero\" \/>\n<meta name=\"twitter:card\" content=\"summary_large_image\" \/>\n<meta name=\"twitter:creator\" content=\"@CentroUrbano\" \/>\n<meta name=\"twitter:site\" content=\"@CentroUrbano\" \/>\n<meta name=\"twitter:label1\" content=\"Escrito por\" \/>\n\t<meta name=\"twitter:data1\" content=\"Rebeca Romero\" \/>\n\t<meta name=\"twitter:label2\" content=\"Tiempo de lectura\" \/>\n\t<meta name=\"twitter:data2\" content=\"6 minutos\" \/>\n<script type=\"application\/ld+json\" class=\"yoast-schema-graph\">{\"@context\":\"https:\\\/\\\/schema.org\",\"@graph\":[{\"@type\":\"Article\",\"@id\":\"https:\\\/\\\/centrourbano.com\\\/revista\\\/publicaciones\\\/fibras-durante-el-2023\\\/#article\",\"isPartOf\":{\"@id\":\"https:\\\/\\\/centrourbano.com\\\/revista\\\/publicaciones\\\/fibras-durante-el-2023\\\/\"},\"author\":{\"name\":\"Rebeca Romero\",\"@id\":\"https:\\\/\\\/centrourbano.com\\\/revista\\\/#\\\/schema\\\/person\\\/c665f1c60da3ad48cd761a707b7090b0\"},\"headline\":\"\u00bfC\u00f3mo les fue a las fibras durante el 2023?\",\"datePublished\":\"2023-12-19T17:22:56+00:00\",\"dateModified\":\"2024-01-12T18:23:18+00:00\",\"mainEntityOfPage\":{\"@id\":\"https:\\\/\\\/centrourbano.com\\\/revista\\\/publicaciones\\\/fibras-durante-el-2023\\\/\"},\"wordCount\":1116,\"commentCount\":0,\"publisher\":{\"@id\":\"https:\\\/\\\/centrourbano.com\\\/revista\\\/#organization\"},\"image\":{\"@id\":\"https:\\\/\\\/centrourbano.com\\\/revista\\\/publicaciones\\\/fibras-durante-el-2023\\\/#primaryimage\"},\"thumbnailUrl\":\"https:\\\/\\\/centrourbano.com\\\/revista\\\/wp-content\\\/uploads\\\/parques-industriales-5.jpg\",\"keywords\":[\"Amefibra\",\"Fibras\",\"sector industrial\"],\"articleSection\":[\"Inmobiliario\",\"Publicaciones\",\"Revista Inversi\u00f3n Inmobiliaria\"],\"inLanguage\":\"es\",\"potentialAction\":[{\"@type\":\"CommentAction\",\"name\":\"Comment\",\"target\":[\"https:\\\/\\\/centrourbano.com\\\/revista\\\/publicaciones\\\/fibras-durante-el-2023\\\/#respond\"]}]},{\"@type\":\"WebPage\",\"@id\":\"https:\\\/\\\/centrourbano.com\\\/revista\\\/publicaciones\\\/fibras-durante-el-2023\\\/\",\"url\":\"https:\\\/\\\/centrourbano.com\\\/revista\\\/publicaciones\\\/fibras-durante-el-2023\\\/\",\"name\":\"\u00bfC\u00f3mo les fue a las fibras durante el 2023? -\",\"isPartOf\":{\"@id\":\"https:\\\/\\\/centrourbano.com\\\/revista\\\/#website\"},\"primaryImageOfPage\":{\"@id\":\"https:\\\/\\\/centrourbano.com\\\/revista\\\/publicaciones\\\/fibras-durante-el-2023\\\/#primaryimage\"},\"image\":{\"@id\":\"https:\\\/\\\/centrourbano.com\\\/revista\\\/publicaciones\\\/fibras-durante-el-2023\\\/#primaryimage\"},\"thumbnailUrl\":\"https:\\\/\\\/centrourbano.com\\\/revista\\\/wp-content\\\/uploads\\\/parques-industriales-5.jpg\",\"datePublished\":\"2023-12-19T17:22:56+00:00\",\"dateModified\":\"2024-01-12T18:23:18+00:00\",\"description\":\"Luego de la recuperaci\u00f3n de los sectores durante el 2022, el Amefibra se mostr\u00f3 optimista sobre el escenario de este a\u00f1o, el cual ha marcado el\",\"breadcrumb\":{\"@id\":\"https:\\\/\\\/centrourbano.com\\\/revista\\\/publicaciones\\\/fibras-durante-el-2023\\\/#breadcrumb\"},\"inLanguage\":\"es\",\"potentialAction\":[{\"@type\":\"ReadAction\",\"target\":[\"https:\\\/\\\/centrourbano.com\\\/revista\\\/publicaciones\\\/fibras-durante-el-2023\\\/\"]}]},{\"@type\":\"ImageObject\",\"inLanguage\":\"es\",\"@id\":\"https:\\\/\\\/centrourbano.com\\\/revista\\\/publicaciones\\\/fibras-durante-el-2023\\\/#primaryimage\",\"url\":\"https:\\\/\\\/centrourbano.com\\\/revista\\\/wp-content\\\/uploads\\\/parques-industriales-5.jpg\",\"contentUrl\":\"https:\\\/\\\/centrourbano.com\\\/revista\\\/wp-content\\\/uploads\\\/parques-industriales-5.jpg\",\"width\":800,\"height\":800,\"caption\":\"\u00bfC\u00f3mo les fue a las fibras durante el 2023?\"},{\"@type\":\"BreadcrumbList\",\"@id\":\"https:\\\/\\\/centrourbano.com\\\/revista\\\/publicaciones\\\/fibras-durante-el-2023\\\/#breadcrumb\",\"itemListElement\":[{\"@type\":\"ListItem\",\"position\":1,\"name\":\"Portada\",\"item\":\"https:\\\/\\\/centrourbano.com\\\/revista\\\/\"},{\"@type\":\"ListItem\",\"position\":2,\"name\":\"\u00bfC\u00f3mo les fue a las fibras durante el 2023?\"}]},{\"@type\":\"WebSite\",\"@id\":\"https:\\\/\\\/centrourbano.com\\\/revista\\\/#website\",\"url\":\"https:\\\/\\\/centrourbano.com\\\/revista\\\/\",\"name\":\"Centro Urbano\",\"description\":\"Medio especializado en los sectores vivienda, inmobiliario, construcci\u00f3n, arquitectura y urbanismo.\",\"publisher\":{\"@id\":\"https:\\\/\\\/centrourbano.com\\\/revista\\\/#organization\"},\"potentialAction\":[{\"@type\":\"SearchAction\",\"target\":{\"@type\":\"EntryPoint\",\"urlTemplate\":\"https:\\\/\\\/centrourbano.com\\\/revista\\\/?s={search_term_string}\"},\"query-input\":{\"@type\":\"PropertyValueSpecification\",\"valueRequired\":true,\"valueName\":\"search_term_string\"}}],\"inLanguage\":\"es\"},{\"@type\":\"Organization\",\"@id\":\"https:\\\/\\\/centrourbano.com\\\/revista\\\/#organization\",\"name\":\"Centro Urbano\",\"url\":\"https:\\\/\\\/centrourbano.com\\\/revista\\\/\",\"logo\":{\"@type\":\"ImageObject\",\"inLanguage\":\"es\",\"@id\":\"https:\\\/\\\/centrourbano.com\\\/revista\\\/#\\\/schema\\\/logo\\\/image\\\/\",\"url\":\"https:\\\/\\\/centrourbano.com\\\/revista\\\/wp-content\\\/uploads\\\/web_CU_logo-1.png\",\"contentUrl\":\"https:\\\/\\\/centrourbano.com\\\/revista\\\/wp-content\\\/uploads\\\/web_CU_logo-1.png\",\"width\":350,\"height\":91,\"caption\":\"Centro Urbano\"},\"image\":{\"@id\":\"https:\\\/\\\/centrourbano.com\\\/revista\\\/#\\\/schema\\\/logo\\\/image\\\/\"},\"sameAs\":[\"https:\\\/\\\/www.facebook.com\\\/portalcentrourbano\",\"https:\\\/\\\/x.com\\\/CentroUrbano\",\"https:\\\/\\\/www.instagram.com\\\/centro_urbano\\\/\",\"https:\\\/\\\/www.linkedin.com\\\/company\\\/centro-urbano\\\/\",\"http:\\\/\\\/www.youtube.com\\\/user\\\/portalcentrourbano\"]},{\"@type\":\"Person\",\"@id\":\"https:\\\/\\\/centrourbano.com\\\/revista\\\/#\\\/schema\\\/person\\\/c665f1c60da3ad48cd761a707b7090b0\",\"name\":\"Rebeca Romero\",\"image\":{\"@type\":\"ImageObject\",\"inLanguage\":\"es\",\"@id\":\"https:\\\/\\\/secure.gravatar.com\\\/avatar\\\/aee0068ae3cc041082e0e84a8258fe5ccc00a733f187bde73b0b40d86b892826?s=96&d=mm&r=g\",\"url\":\"https:\\\/\\\/secure.gravatar.com\\\/avatar\\\/aee0068ae3cc041082e0e84a8258fe5ccc00a733f187bde73b0b40d86b892826?s=96&d=mm&r=g\",\"contentUrl\":\"https:\\\/\\\/secure.gravatar.com\\\/avatar\\\/aee0068ae3cc041082e0e84a8258fe5ccc00a733f187bde73b0b40d86b892826?s=96&d=mm&r=g\",\"caption\":\"Rebeca Romero\"},\"url\":\"https:\\\/\\\/centrourbano.com\\\/revista\\\/author\\\/rebeca-romero\\\/\"}]}<\/script>\n<!-- \/ Yoast SEO plugin. -->","yoast_head_json":{"title":"\u00bfC\u00f3mo les fue a las fibras durante el 2023? -","description":"Luego de la recuperaci\u00f3n de los sectores durante el 2022, el Amefibra se mostr\u00f3 optimista sobre el escenario de este a\u00f1o, el cual ha marcado el","robots":{"index":"index","follow":"follow","max-snippet":"max-snippet:-1","max-image-preview":"max-image-preview:large","max-video-preview":"max-video-preview:-1"},"canonical":"https:\/\/centrourbano.com\/revista\/publicaciones\/fibras-durante-el-2023\/","og_locale":"es_ES","og_type":"article","og_title":"\u00bfC\u00f3mo les fue a las fibras durante el 2023? -","og_description":"Luego de la recuperaci\u00f3n de los sectores durante el 2022, el Amefibra se mostr\u00f3 optimista sobre el escenario de este a\u00f1o, el cual ha marcado el","og_url":"https:\/\/centrourbano.com\/revista\/publicaciones\/fibras-durante-el-2023\/","og_site_name":"Centro Urbano","article_publisher":"https:\/\/www.facebook.com\/portalcentrourbano","article_published_time":"2023-12-19T17:22:56+00:00","article_modified_time":"2024-01-12T18:23:18+00:00","og_image":[{"width":800,"height":800,"url":"https:\/\/centrourbano.com\/revista\/wp-content\/uploads\/parques-industriales-5.jpg","type":"image\/jpeg"}],"author":"Rebeca Romero","twitter_card":"summary_large_image","twitter_creator":"@CentroUrbano","twitter_site":"@CentroUrbano","twitter_misc":{"Escrito por":"Rebeca Romero","Tiempo de lectura":"6 minutos"},"schema":{"@context":"https:\/\/schema.org","@graph":[{"@type":"Article","@id":"https:\/\/centrourbano.com\/revista\/publicaciones\/fibras-durante-el-2023\/#article","isPartOf":{"@id":"https:\/\/centrourbano.com\/revista\/publicaciones\/fibras-durante-el-2023\/"},"author":{"name":"Rebeca Romero","@id":"https:\/\/centrourbano.com\/revista\/#\/schema\/person\/c665f1c60da3ad48cd761a707b7090b0"},"headline":"\u00bfC\u00f3mo les fue a las fibras durante el 2023?","datePublished":"2023-12-19T17:22:56+00:00","dateModified":"2024-01-12T18:23:18+00:00","mainEntityOfPage":{"@id":"https:\/\/centrourbano.com\/revista\/publicaciones\/fibras-durante-el-2023\/"},"wordCount":1116,"commentCount":0,"publisher":{"@id":"https:\/\/centrourbano.com\/revista\/#organization"},"image":{"@id":"https:\/\/centrourbano.com\/revista\/publicaciones\/fibras-durante-el-2023\/#primaryimage"},"thumbnailUrl":"https:\/\/centrourbano.com\/revista\/wp-content\/uploads\/parques-industriales-5.jpg","keywords":["Amefibra","Fibras","sector industrial"],"articleSection":["Inmobiliario","Publicaciones","Revista Inversi\u00f3n Inmobiliaria"],"inLanguage":"es","potentialAction":[{"@type":"CommentAction","name":"Comment","target":["https:\/\/centrourbano.com\/revista\/publicaciones\/fibras-durante-el-2023\/#respond"]}]},{"@type":"WebPage","@id":"https:\/\/centrourbano.com\/revista\/publicaciones\/fibras-durante-el-2023\/","url":"https:\/\/centrourbano.com\/revista\/publicaciones\/fibras-durante-el-2023\/","name":"\u00bfC\u00f3mo les fue a las fibras durante el 2023? -","isPartOf":{"@id":"https:\/\/centrourbano.com\/revista\/#website"},"primaryImageOfPage":{"@id":"https:\/\/centrourbano.com\/revista\/publicaciones\/fibras-durante-el-2023\/#primaryimage"},"image":{"@id":"https:\/\/centrourbano.com\/revista\/publicaciones\/fibras-durante-el-2023\/#primaryimage"},"thumbnailUrl":"https:\/\/centrourbano.com\/revista\/wp-content\/uploads\/parques-industriales-5.jpg","datePublished":"2023-12-19T17:22:56+00:00","dateModified":"2024-01-12T18:23:18+00:00","description":"Luego de la recuperaci\u00f3n de los sectores durante el 2022, el Amefibra se mostr\u00f3 optimista sobre el escenario de este a\u00f1o, el cual ha marcado el","breadcrumb":{"@id":"https:\/\/centrourbano.com\/revista\/publicaciones\/fibras-durante-el-2023\/#breadcrumb"},"inLanguage":"es","potentialAction":[{"@type":"ReadAction","target":["https:\/\/centrourbano.com\/revista\/publicaciones\/fibras-durante-el-2023\/"]}]},{"@type":"ImageObject","inLanguage":"es","@id":"https:\/\/centrourbano.com\/revista\/publicaciones\/fibras-durante-el-2023\/#primaryimage","url":"https:\/\/centrourbano.com\/revista\/wp-content\/uploads\/parques-industriales-5.jpg","contentUrl":"https:\/\/centrourbano.com\/revista\/wp-content\/uploads\/parques-industriales-5.jpg","width":800,"height":800,"caption":"\u00bfC\u00f3mo les fue a las fibras durante el 2023?"},{"@type":"BreadcrumbList","@id":"https:\/\/centrourbano.com\/revista\/publicaciones\/fibras-durante-el-2023\/#breadcrumb","itemListElement":[{"@type":"ListItem","position":1,"name":"Portada","item":"https:\/\/centrourbano.com\/revista\/"},{"@type":"ListItem","position":2,"name":"\u00bfC\u00f3mo les fue a las fibras durante el 2023?"}]},{"@type":"WebSite","@id":"https:\/\/centrourbano.com\/revista\/#website","url":"https:\/\/centrourbano.com\/revista\/","name":"Centro Urbano","description":"Medio especializado en los sectores vivienda, inmobiliario, construcci\u00f3n, arquitectura y urbanismo.","publisher":{"@id":"https:\/\/centrourbano.com\/revista\/#organization"},"potentialAction":[{"@type":"SearchAction","target":{"@type":"EntryPoint","urlTemplate":"https:\/\/centrourbano.com\/revista\/?s={search_term_string}"},"query-input":{"@type":"PropertyValueSpecification","valueRequired":true,"valueName":"search_term_string"}}],"inLanguage":"es"},{"@type":"Organization","@id":"https:\/\/centrourbano.com\/revista\/#organization","name":"Centro Urbano","url":"https:\/\/centrourbano.com\/revista\/","logo":{"@type":"ImageObject","inLanguage":"es","@id":"https:\/\/centrourbano.com\/revista\/#\/schema\/logo\/image\/","url":"https:\/\/centrourbano.com\/revista\/wp-content\/uploads\/web_CU_logo-1.png","contentUrl":"https:\/\/centrourbano.com\/revista\/wp-content\/uploads\/web_CU_logo-1.png","width":350,"height":91,"caption":"Centro Urbano"},"image":{"@id":"https:\/\/centrourbano.com\/revista\/#\/schema\/logo\/image\/"},"sameAs":["https:\/\/www.facebook.com\/portalcentrourbano","https:\/\/x.com\/CentroUrbano","https:\/\/www.instagram.com\/centro_urbano\/","https:\/\/www.linkedin.com\/company\/centro-urbano\/","http:\/\/www.youtube.com\/user\/portalcentrourbano"]},{"@type":"Person","@id":"https:\/\/centrourbano.com\/revista\/#\/schema\/person\/c665f1c60da3ad48cd761a707b7090b0","name":"Rebeca Romero","image":{"@type":"ImageObject","inLanguage":"es","@id":"https:\/\/secure.gravatar.com\/avatar\/aee0068ae3cc041082e0e84a8258fe5ccc00a733f187bde73b0b40d86b892826?s=96&d=mm&r=g","url":"https:\/\/secure.gravatar.com\/avatar\/aee0068ae3cc041082e0e84a8258fe5ccc00a733f187bde73b0b40d86b892826?s=96&d=mm&r=g","contentUrl":"https:\/\/secure.gravatar.com\/avatar\/aee0068ae3cc041082e0e84a8258fe5ccc00a733f187bde73b0b40d86b892826?s=96&d=mm&r=g","caption":"Rebeca Romero"},"url":"https:\/\/centrourbano.com\/revista\/author\/rebeca-romero\/"}]}},"_links":{"self":[{"href":"https:\/\/centrourbano.com\/revista\/wp-json\/wp\/v2\/posts\/145261","targetHints":{"allow":["GET"]}}],"collection":[{"href":"https:\/\/centrourbano.com\/revista\/wp-json\/wp\/v2\/posts"}],"about":[{"href":"https:\/\/centrourbano.com\/revista\/wp-json\/wp\/v2\/types\/post"}],"author":[{"embeddable":true,"href":"https:\/\/centrourbano.com\/revista\/wp-json\/wp\/v2\/users\/88"}],"replies":[{"embeddable":true,"href":"https:\/\/centrourbano.com\/revista\/wp-json\/wp\/v2\/comments?post=145261"}],"version-history":[{"count":1,"href":"https:\/\/centrourbano.com\/revista\/wp-json\/wp\/v2\/posts\/145261\/revisions"}],"predecessor-version":[{"id":145263,"href":"https:\/\/centrourbano.com\/revista\/wp-json\/wp\/v2\/posts\/145261\/revisions\/145263"}],"wp:featuredmedia":[{"embeddable":true,"href":"https:\/\/centrourbano.com\/revista\/wp-json\/wp\/v2\/media\/145262"}],"wp:attachment":[{"href":"https:\/\/centrourbano.com\/revista\/wp-json\/wp\/v2\/media?parent=145261"}],"wp:term":[{"taxonomy":"category","embeddable":true,"href":"https:\/\/centrourbano.com\/revista\/wp-json\/wp\/v2\/categories?post=145261"},{"taxonomy":"post_tag","embeddable":true,"href":"https:\/\/centrourbano.com\/revista\/wp-json\/wp\/v2\/tags?post=145261"}],"curies":[{"name":"wp","href":"https:\/\/api.w.org\/{rel}","templated":true}]}}