{"id":145170,"date":"2024-01-22T12:41:37","date_gmt":"2024-01-22T18:41:37","guid":{"rendered":"https:\/\/centrourbano.com\/?p=145170"},"modified":"2024-01-22T12:41:37","modified_gmt":"2024-01-22T18:41:37","slug":"inah-cumple-85-anos-y-celebra-a-los-museos-nacionales-de-historia-y-de-antropologia","status":"publish","type":"post","link":"https:\/\/centrourbano.com\/revista\/actualidad\/inah-cumple-85-anos-y-celebra-a-los-museos-nacionales-de-historia-y-de-antropologia\/","title":{"rendered":"INAH cumple 85 a\u00f1os y celebra a los museos nacionales de Historia y de Antropolog\u00eda"},"content":{"rendered":"<p><em>El pr\u00f3ximo 3 de febrero de 2024, el Instituto Nacional de Antropolog\u00eda e Historia (INAH) cumplir\u00e1 85 a\u00f1os y a su vez conmemorar\u00e1 el 80 aniversario del Museo Nacional de Historia, y el 60 del Museo Nacional de Antropolog\u00eda.<\/em><\/p>\n<p><!--more--><\/p>\n<p>Fundado en 1939 por el presidente en turno, <strong>L\u00e1zaro Cardenas del R\u00edo<\/strong>, el INAH protege, investiga y difunde el patrimonio prehist\u00f3rico, arqueol\u00f3gico, antropol\u00f3gico, hist\u00f3rico y paleontol\u00f3gico de M\u00e9xico.<\/p>\n<p>Este organismo, adscrito a la Secretar\u00eda de Cultura federal, se ha encargado de registrar m\u00e1s de 110 mil monumentos hist\u00f3ricos de los siglos XVI al XIX, y alrededor de 53 mil sitios con vestigios arqueol\u00f3gicos, entre los cuales ha abierto al p\u00fablico 193 zonas arqueol\u00f3gicas y una paleontol\u00f3gica. Asimismo, tiene a su cargo una red de 162 museos de car\u00e1cter nacional, regional, de sitio, comunitario y metropolitano, entre los que destacan, el Museo Nacional de Historia y el Museo Nacional de Antropolog\u00eda.<\/p>\n<p>El 27 de septiembre de 1944, el <strong>Museo Nacional de Historia<\/strong> abri\u00f3 sus puertas para dar a conocer la historia y arte de M\u00e9xico a tr\u00e1ves de una de las colecciones m\u00e1s ricas y variadas del enorme patrimonio cultural de nuestro pa\u00eds.<\/p>\n<p>Por su parte, el <strong>Museo Nacional de Antropolog\u00eda (MMA)<\/strong> fue un proyecto dirigido por el arquitecto Pedro Ram\u00edrez V\u00e1zquez, en colaboraci\u00f3n con Jorge Campuzano y Rafael Mijares. Este museo abri\u00f3 sus puertas el 17 de septiembre 1964 siendo un \u00e9xito en la Ciudad de M\u00e9xico y convirti\u00e9ndose en un referente de la arquitectura moderna mexicana.<\/p>\n<p>Sus instalaciones museogr\u00e1ficas comprenden alrededor de cinco kil\u00f3metros de recorrido, cubiertos con 44 mil m\u00b2 de construcci\u00f3n, 35,700 m\u00b2 de \u00e1reas descubiertas, 13,100 m\u00b2 de estacionamiento y 33,600 m\u00b2 de jardiner\u00eda. En varios de estos espacios pueden admirarse obras murales y escult\u00f3ricas de los m\u00e1s destacados artistas pl\u00e1sticos de la \u00e9poca.<\/p>\n","protected":false},"excerpt":{"rendered":"<p>El pr\u00f3ximo 3 de febrero de 2024, el Instituto Nacional de Antropolog\u00eda e Historia (INAH) cumplir\u00e1 85 a\u00f1os y a su vez conmemorar\u00e1 el 80 aniversario del Museo Nacional de Historia, y el 60 del Museo Nacional de Antropolog\u00eda.<\/p>\n","protected":false},"author":92,"featured_media":145171,"comment_status":"open","ping_status":"closed","sticky":false,"template":"","format":"standard","meta":{"om_disable_all_campaigns":false,"inline_featured_image":false,"_monsterinsights_skip_tracking":false,"_monsterinsights_sitenote_active":false,"_monsterinsights_sitenote_note":"","_monsterinsights_sitenote_category":0,"footnotes":""},"categories":[80],"tags":[4943,671,724,8597],"class_list":["post-145170","post","type-post","status-publish","format-standard","has-post-thumbnail","hentry","category-actualidad","tag-aniversario","tag-inah","tag-museo-nacional-de-antropologia","tag-museo-nacional-de-historia"],"yoast_head":"<!-- This site is optimized with the Yoast SEO plugin v27.5 - https:\/\/yoast.com\/product\/yoast-seo-wordpress\/ -->\n<title>INAH cumple 85 a\u00f1os y celebra a los museos nacionales de Historia y de Antropolog\u00eda -<\/title>\n<meta name=\"description\" content=\"El pr\u00f3ximo 3 de febrero de 2024, el Instituto Nacional de Antropolog\u00eda e Historia (INAH) cumplir\u00e1 85 a\u00f1os y a su vez conmemorar\u00e1 el 80 aniversario del\" \/>\n<meta name=\"robots\" content=\"index, follow, max-snippet:-1, max-image-preview:large, max-video-preview:-1\" \/>\n<link rel=\"canonical\" href=\"https:\/\/centrourbano.com\/revista\/actualidad\/inah-cumple-85-anos-y-celebra-a-los-museos-nacionales-de-historia-y-de-antropologia\/\" \/>\n<meta property=\"og:locale\" content=\"es_ES\" \/>\n<meta property=\"og:type\" content=\"article\" \/>\n<meta property=\"og:title\" content=\"INAH cumple 85 a\u00f1os y celebra a los museos nacionales de Historia y de Antropolog\u00eda -\" \/>\n<meta property=\"og:description\" content=\"El pr\u00f3ximo 3 de febrero de 2024, el Instituto Nacional de Antropolog\u00eda e Historia (INAH) cumplir\u00e1 85 a\u00f1os y a su vez conmemorar\u00e1 el 80 aniversario del\" \/>\n<meta property=\"og:url\" content=\"https:\/\/centrourbano.com\/revista\/actualidad\/inah-cumple-85-anos-y-celebra-a-los-museos-nacionales-de-historia-y-de-antropologia\/\" \/>\n<meta property=\"og:site_name\" content=\"Centro Urbano\" \/>\n<meta property=\"article:publisher\" content=\"https:\/\/www.facebook.com\/portalcentrourbano\" \/>\n<meta property=\"article:published_time\" content=\"2024-01-22T18:41:37+00:00\" \/>\n<meta property=\"og:image\" content=\"https:\/\/centrourbano.com\/revista\/wp-content\/uploads\/Diseno-sin-titulo-16-1.png\" \/>\n\t<meta property=\"og:image:width\" content=\"800\" \/>\n\t<meta property=\"og:image:height\" content=\"800\" \/>\n\t<meta property=\"og:image:type\" content=\"image\/png\" \/>\n<meta name=\"author\" content=\"Daniela Ruiz\" \/>\n<meta name=\"twitter:card\" content=\"summary_large_image\" \/>\n<meta name=\"twitter:creator\" content=\"@CentroUrbano\" \/>\n<meta name=\"twitter:site\" content=\"@CentroUrbano\" \/>\n<meta name=\"twitter:label1\" content=\"Escrito por\" \/>\n\t<meta name=\"twitter:data1\" content=\"Daniela Ruiz\" \/>\n\t<meta name=\"twitter:label2\" content=\"Tiempo de lectura\" \/>\n\t<meta name=\"twitter:data2\" content=\"2 minutos\" \/>\n<script type=\"application\/ld+json\" class=\"yoast-schema-graph\">{\"@context\":\"https:\\\/\\\/schema.org\",\"@graph\":[{\"@type\":\"Article\",\"@id\":\"https:\\\/\\\/centrourbano.com\\\/revista\\\/actualidad\\\/inah-cumple-85-anos-y-celebra-a-los-museos-nacionales-de-historia-y-de-antropologia\\\/#article\",\"isPartOf\":{\"@id\":\"https:\\\/\\\/centrourbano.com\\\/revista\\\/actualidad\\\/inah-cumple-85-anos-y-celebra-a-los-museos-nacionales-de-historia-y-de-antropologia\\\/\"},\"author\":{\"name\":\"Daniela Ruiz\",\"@id\":\"https:\\\/\\\/centrourbano.com\\\/revista\\\/#\\\/schema\\\/person\\\/dc3abf52916fadae3aff4cbd5a11581c\"},\"headline\":\"INAH cumple 85 a\u00f1os y celebra a los museos nacionales de Historia y de Antropolog\u00eda\",\"datePublished\":\"2024-01-22T18:41:37+00:00\",\"mainEntityOfPage\":{\"@id\":\"https:\\\/\\\/centrourbano.com\\\/revista\\\/actualidad\\\/inah-cumple-85-anos-y-celebra-a-los-museos-nacionales-de-historia-y-de-antropologia\\\/\"},\"wordCount\":333,\"commentCount\":0,\"publisher\":{\"@id\":\"https:\\\/\\\/centrourbano.com\\\/revista\\\/#organization\"},\"image\":{\"@id\":\"https:\\\/\\\/centrourbano.com\\\/revista\\\/actualidad\\\/inah-cumple-85-anos-y-celebra-a-los-museos-nacionales-de-historia-y-de-antropologia\\\/#primaryimage\"},\"thumbnailUrl\":\"https:\\\/\\\/centrourbano.com\\\/revista\\\/wp-content\\\/uploads\\\/Diseno-sin-titulo-16-1.png\",\"keywords\":[\"Aniversario\",\"INAH\",\"Museo Nacional de Antropolog\u00eda\",\"Museo Nacional de Historia\"],\"articleSection\":[\"Actualidad\"],\"inLanguage\":\"es\",\"potentialAction\":[{\"@type\":\"CommentAction\",\"name\":\"Comment\",\"target\":[\"https:\\\/\\\/centrourbano.com\\\/revista\\\/actualidad\\\/inah-cumple-85-anos-y-celebra-a-los-museos-nacionales-de-historia-y-de-antropologia\\\/#respond\"]}]},{\"@type\":\"WebPage\",\"@id\":\"https:\\\/\\\/centrourbano.com\\\/revista\\\/actualidad\\\/inah-cumple-85-anos-y-celebra-a-los-museos-nacionales-de-historia-y-de-antropologia\\\/\",\"url\":\"https:\\\/\\\/centrourbano.com\\\/revista\\\/actualidad\\\/inah-cumple-85-anos-y-celebra-a-los-museos-nacionales-de-historia-y-de-antropologia\\\/\",\"name\":\"INAH cumple 85 a\u00f1os y celebra a los museos nacionales de Historia y de Antropolog\u00eda -\",\"isPartOf\":{\"@id\":\"https:\\\/\\\/centrourbano.com\\\/revista\\\/#website\"},\"primaryImageOfPage\":{\"@id\":\"https:\\\/\\\/centrourbano.com\\\/revista\\\/actualidad\\\/inah-cumple-85-anos-y-celebra-a-los-museos-nacionales-de-historia-y-de-antropologia\\\/#primaryimage\"},\"image\":{\"@id\":\"https:\\\/\\\/centrourbano.com\\\/revista\\\/actualidad\\\/inah-cumple-85-anos-y-celebra-a-los-museos-nacionales-de-historia-y-de-antropologia\\\/#primaryimage\"},\"thumbnailUrl\":\"https:\\\/\\\/centrourbano.com\\\/revista\\\/wp-content\\\/uploads\\\/Diseno-sin-titulo-16-1.png\",\"datePublished\":\"2024-01-22T18:41:37+00:00\",\"description\":\"El pr\u00f3ximo 3 de febrero de 2024, el Instituto Nacional de Antropolog\u00eda e Historia (INAH) cumplir\u00e1 85 a\u00f1os y a su vez conmemorar\u00e1 el 80 aniversario del\",\"breadcrumb\":{\"@id\":\"https:\\\/\\\/centrourbano.com\\\/revista\\\/actualidad\\\/inah-cumple-85-anos-y-celebra-a-los-museos-nacionales-de-historia-y-de-antropologia\\\/#breadcrumb\"},\"inLanguage\":\"es\",\"potentialAction\":[{\"@type\":\"ReadAction\",\"target\":[\"https:\\\/\\\/centrourbano.com\\\/revista\\\/actualidad\\\/inah-cumple-85-anos-y-celebra-a-los-museos-nacionales-de-historia-y-de-antropologia\\\/\"]}]},{\"@type\":\"ImageObject\",\"inLanguage\":\"es\",\"@id\":\"https:\\\/\\\/centrourbano.com\\\/revista\\\/actualidad\\\/inah-cumple-85-anos-y-celebra-a-los-museos-nacionales-de-historia-y-de-antropologia\\\/#primaryimage\",\"url\":\"https:\\\/\\\/centrourbano.com\\\/revista\\\/wp-content\\\/uploads\\\/Diseno-sin-titulo-16-1.png\",\"contentUrl\":\"https:\\\/\\\/centrourbano.com\\\/revista\\\/wp-content\\\/uploads\\\/Diseno-sin-titulo-16-1.png\",\"width\":800,\"height\":800,\"caption\":\"Este 2024: INAH cumple 85 a\u00f1os y celebra a los museos nacionales de Historia y de Antropolog\u00eda, por ocho y seis d\u00e9cadas\"},{\"@type\":\"BreadcrumbList\",\"@id\":\"https:\\\/\\\/centrourbano.com\\\/revista\\\/actualidad\\\/inah-cumple-85-anos-y-celebra-a-los-museos-nacionales-de-historia-y-de-antropologia\\\/#breadcrumb\",\"itemListElement\":[{\"@type\":\"ListItem\",\"position\":1,\"name\":\"Portada\",\"item\":\"https:\\\/\\\/centrourbano.com\\\/revista\\\/\"},{\"@type\":\"ListItem\",\"position\":2,\"name\":\"INAH cumple 85 a\u00f1os y celebra a los museos nacionales de Historia y de Antropolog\u00eda\"}]},{\"@type\":\"WebSite\",\"@id\":\"https:\\\/\\\/centrourbano.com\\\/revista\\\/#website\",\"url\":\"https:\\\/\\\/centrourbano.com\\\/revista\\\/\",\"name\":\"Centro Urbano\",\"description\":\"Medio especializado en los sectores vivienda, inmobiliario, construcci\u00f3n, arquitectura y urbanismo.\",\"publisher\":{\"@id\":\"https:\\\/\\\/centrourbano.com\\\/revista\\\/#organization\"},\"potentialAction\":[{\"@type\":\"SearchAction\",\"target\":{\"@type\":\"EntryPoint\",\"urlTemplate\":\"https:\\\/\\\/centrourbano.com\\\/revista\\\/?s={search_term_string}\"},\"query-input\":{\"@type\":\"PropertyValueSpecification\",\"valueRequired\":true,\"valueName\":\"search_term_string\"}}],\"inLanguage\":\"es\"},{\"@type\":\"Organization\",\"@id\":\"https:\\\/\\\/centrourbano.com\\\/revista\\\/#organization\",\"name\":\"Centro Urbano\",\"url\":\"https:\\\/\\\/centrourbano.com\\\/revista\\\/\",\"logo\":{\"@type\":\"ImageObject\",\"inLanguage\":\"es\",\"@id\":\"https:\\\/\\\/centrourbano.com\\\/revista\\\/#\\\/schema\\\/logo\\\/image\\\/\",\"url\":\"https:\\\/\\\/centrourbano.com\\\/revista\\\/wp-content\\\/uploads\\\/web_CU_logo-1.png\",\"contentUrl\":\"https:\\\/\\\/centrourbano.com\\\/revista\\\/wp-content\\\/uploads\\\/web_CU_logo-1.png\",\"width\":350,\"height\":91,\"caption\":\"Centro Urbano\"},\"image\":{\"@id\":\"https:\\\/\\\/centrourbano.com\\\/revista\\\/#\\\/schema\\\/logo\\\/image\\\/\"},\"sameAs\":[\"https:\\\/\\\/www.facebook.com\\\/portalcentrourbano\",\"https:\\\/\\\/x.com\\\/CentroUrbano\",\"https:\\\/\\\/www.instagram.com\\\/centro_urbano\\\/\",\"https:\\\/\\\/www.linkedin.com\\\/company\\\/centro-urbano\\\/\",\"http:\\\/\\\/www.youtube.com\\\/user\\\/portalcentrourbano\"]},{\"@type\":\"Person\",\"@id\":\"https:\\\/\\\/centrourbano.com\\\/revista\\\/#\\\/schema\\\/person\\\/dc3abf52916fadae3aff4cbd5a11581c\",\"name\":\"Daniela Ruiz\",\"image\":{\"@type\":\"ImageObject\",\"inLanguage\":\"es\",\"@id\":\"https:\\\/\\\/secure.gravatar.com\\\/avatar\\\/ec08338a9ab95e73bee642997b5b9a0ff0eed01e3f9ffce27e4629fe5fd269b0?s=96&d=mm&r=g\",\"url\":\"https:\\\/\\\/secure.gravatar.com\\\/avatar\\\/ec08338a9ab95e73bee642997b5b9a0ff0eed01e3f9ffce27e4629fe5fd269b0?s=96&d=mm&r=g\",\"contentUrl\":\"https:\\\/\\\/secure.gravatar.com\\\/avatar\\\/ec08338a9ab95e73bee642997b5b9a0ff0eed01e3f9ffce27e4629fe5fd269b0?s=96&d=mm&r=g\",\"caption\":\"Daniela Ruiz\"},\"url\":\"https:\\\/\\\/centrourbano.com\\\/revista\\\/author\\\/daniela-ruiz\\\/\"}]}<\/script>\n<!-- \/ Yoast SEO plugin. -->","yoast_head_json":{"title":"INAH cumple 85 a\u00f1os y celebra a los museos nacionales de Historia y de Antropolog\u00eda -","description":"El pr\u00f3ximo 3 de febrero de 2024, el Instituto Nacional de Antropolog\u00eda e Historia (INAH) cumplir\u00e1 85 a\u00f1os y a su vez conmemorar\u00e1 el 80 aniversario del","robots":{"index":"index","follow":"follow","max-snippet":"max-snippet:-1","max-image-preview":"max-image-preview:large","max-video-preview":"max-video-preview:-1"},"canonical":"https:\/\/centrourbano.com\/revista\/actualidad\/inah-cumple-85-anos-y-celebra-a-los-museos-nacionales-de-historia-y-de-antropologia\/","og_locale":"es_ES","og_type":"article","og_title":"INAH cumple 85 a\u00f1os y celebra a los museos nacionales de Historia y de Antropolog\u00eda -","og_description":"El pr\u00f3ximo 3 de febrero de 2024, el Instituto Nacional de Antropolog\u00eda e Historia (INAH) cumplir\u00e1 85 a\u00f1os y a su vez conmemorar\u00e1 el 80 aniversario del","og_url":"https:\/\/centrourbano.com\/revista\/actualidad\/inah-cumple-85-anos-y-celebra-a-los-museos-nacionales-de-historia-y-de-antropologia\/","og_site_name":"Centro Urbano","article_publisher":"https:\/\/www.facebook.com\/portalcentrourbano","article_published_time":"2024-01-22T18:41:37+00:00","og_image":[{"width":800,"height":800,"url":"https:\/\/centrourbano.com\/revista\/wp-content\/uploads\/Diseno-sin-titulo-16-1.png","type":"image\/png"}],"author":"Daniela Ruiz","twitter_card":"summary_large_image","twitter_creator":"@CentroUrbano","twitter_site":"@CentroUrbano","twitter_misc":{"Escrito por":"Daniela Ruiz","Tiempo de lectura":"2 minutos"},"schema":{"@context":"https:\/\/schema.org","@graph":[{"@type":"Article","@id":"https:\/\/centrourbano.com\/revista\/actualidad\/inah-cumple-85-anos-y-celebra-a-los-museos-nacionales-de-historia-y-de-antropologia\/#article","isPartOf":{"@id":"https:\/\/centrourbano.com\/revista\/actualidad\/inah-cumple-85-anos-y-celebra-a-los-museos-nacionales-de-historia-y-de-antropologia\/"},"author":{"name":"Daniela Ruiz","@id":"https:\/\/centrourbano.com\/revista\/#\/schema\/person\/dc3abf52916fadae3aff4cbd5a11581c"},"headline":"INAH cumple 85 a\u00f1os y celebra a los museos nacionales de Historia y de Antropolog\u00eda","datePublished":"2024-01-22T18:41:37+00:00","mainEntityOfPage":{"@id":"https:\/\/centrourbano.com\/revista\/actualidad\/inah-cumple-85-anos-y-celebra-a-los-museos-nacionales-de-historia-y-de-antropologia\/"},"wordCount":333,"commentCount":0,"publisher":{"@id":"https:\/\/centrourbano.com\/revista\/#organization"},"image":{"@id":"https:\/\/centrourbano.com\/revista\/actualidad\/inah-cumple-85-anos-y-celebra-a-los-museos-nacionales-de-historia-y-de-antropologia\/#primaryimage"},"thumbnailUrl":"https:\/\/centrourbano.com\/revista\/wp-content\/uploads\/Diseno-sin-titulo-16-1.png","keywords":["Aniversario","INAH","Museo Nacional de Antropolog\u00eda","Museo Nacional de Historia"],"articleSection":["Actualidad"],"inLanguage":"es","potentialAction":[{"@type":"CommentAction","name":"Comment","target":["https:\/\/centrourbano.com\/revista\/actualidad\/inah-cumple-85-anos-y-celebra-a-los-museos-nacionales-de-historia-y-de-antropologia\/#respond"]}]},{"@type":"WebPage","@id":"https:\/\/centrourbano.com\/revista\/actualidad\/inah-cumple-85-anos-y-celebra-a-los-museos-nacionales-de-historia-y-de-antropologia\/","url":"https:\/\/centrourbano.com\/revista\/actualidad\/inah-cumple-85-anos-y-celebra-a-los-museos-nacionales-de-historia-y-de-antropologia\/","name":"INAH cumple 85 a\u00f1os y celebra a los museos nacionales de Historia y de Antropolog\u00eda -","isPartOf":{"@id":"https:\/\/centrourbano.com\/revista\/#website"},"primaryImageOfPage":{"@id":"https:\/\/centrourbano.com\/revista\/actualidad\/inah-cumple-85-anos-y-celebra-a-los-museos-nacionales-de-historia-y-de-antropologia\/#primaryimage"},"image":{"@id":"https:\/\/centrourbano.com\/revista\/actualidad\/inah-cumple-85-anos-y-celebra-a-los-museos-nacionales-de-historia-y-de-antropologia\/#primaryimage"},"thumbnailUrl":"https:\/\/centrourbano.com\/revista\/wp-content\/uploads\/Diseno-sin-titulo-16-1.png","datePublished":"2024-01-22T18:41:37+00:00","description":"El pr\u00f3ximo 3 de febrero de 2024, el Instituto Nacional de Antropolog\u00eda e Historia (INAH) cumplir\u00e1 85 a\u00f1os y a su vez conmemorar\u00e1 el 80 aniversario del","breadcrumb":{"@id":"https:\/\/centrourbano.com\/revista\/actualidad\/inah-cumple-85-anos-y-celebra-a-los-museos-nacionales-de-historia-y-de-antropologia\/#breadcrumb"},"inLanguage":"es","potentialAction":[{"@type":"ReadAction","target":["https:\/\/centrourbano.com\/revista\/actualidad\/inah-cumple-85-anos-y-celebra-a-los-museos-nacionales-de-historia-y-de-antropologia\/"]}]},{"@type":"ImageObject","inLanguage":"es","@id":"https:\/\/centrourbano.com\/revista\/actualidad\/inah-cumple-85-anos-y-celebra-a-los-museos-nacionales-de-historia-y-de-antropologia\/#primaryimage","url":"https:\/\/centrourbano.com\/revista\/wp-content\/uploads\/Diseno-sin-titulo-16-1.png","contentUrl":"https:\/\/centrourbano.com\/revista\/wp-content\/uploads\/Diseno-sin-titulo-16-1.png","width":800,"height":800,"caption":"Este 2024: INAH cumple 85 a\u00f1os y celebra a los museos nacionales de Historia y de Antropolog\u00eda, por ocho y seis d\u00e9cadas"},{"@type":"BreadcrumbList","@id":"https:\/\/centrourbano.com\/revista\/actualidad\/inah-cumple-85-anos-y-celebra-a-los-museos-nacionales-de-historia-y-de-antropologia\/#breadcrumb","itemListElement":[{"@type":"ListItem","position":1,"name":"Portada","item":"https:\/\/centrourbano.com\/revista\/"},{"@type":"ListItem","position":2,"name":"INAH cumple 85 a\u00f1os y celebra a los museos nacionales de Historia y de Antropolog\u00eda"}]},{"@type":"WebSite","@id":"https:\/\/centrourbano.com\/revista\/#website","url":"https:\/\/centrourbano.com\/revista\/","name":"Centro Urbano","description":"Medio especializado en los sectores vivienda, inmobiliario, construcci\u00f3n, arquitectura y urbanismo.","publisher":{"@id":"https:\/\/centrourbano.com\/revista\/#organization"},"potentialAction":[{"@type":"SearchAction","target":{"@type":"EntryPoint","urlTemplate":"https:\/\/centrourbano.com\/revista\/?s={search_term_string}"},"query-input":{"@type":"PropertyValueSpecification","valueRequired":true,"valueName":"search_term_string"}}],"inLanguage":"es"},{"@type":"Organization","@id":"https:\/\/centrourbano.com\/revista\/#organization","name":"Centro Urbano","url":"https:\/\/centrourbano.com\/revista\/","logo":{"@type":"ImageObject","inLanguage":"es","@id":"https:\/\/centrourbano.com\/revista\/#\/schema\/logo\/image\/","url":"https:\/\/centrourbano.com\/revista\/wp-content\/uploads\/web_CU_logo-1.png","contentUrl":"https:\/\/centrourbano.com\/revista\/wp-content\/uploads\/web_CU_logo-1.png","width":350,"height":91,"caption":"Centro Urbano"},"image":{"@id":"https:\/\/centrourbano.com\/revista\/#\/schema\/logo\/image\/"},"sameAs":["https:\/\/www.facebook.com\/portalcentrourbano","https:\/\/x.com\/CentroUrbano","https:\/\/www.instagram.com\/centro_urbano\/","https:\/\/www.linkedin.com\/company\/centro-urbano\/","http:\/\/www.youtube.com\/user\/portalcentrourbano"]},{"@type":"Person","@id":"https:\/\/centrourbano.com\/revista\/#\/schema\/person\/dc3abf52916fadae3aff4cbd5a11581c","name":"Daniela Ruiz","image":{"@type":"ImageObject","inLanguage":"es","@id":"https:\/\/secure.gravatar.com\/avatar\/ec08338a9ab95e73bee642997b5b9a0ff0eed01e3f9ffce27e4629fe5fd269b0?s=96&d=mm&r=g","url":"https:\/\/secure.gravatar.com\/avatar\/ec08338a9ab95e73bee642997b5b9a0ff0eed01e3f9ffce27e4629fe5fd269b0?s=96&d=mm&r=g","contentUrl":"https:\/\/secure.gravatar.com\/avatar\/ec08338a9ab95e73bee642997b5b9a0ff0eed01e3f9ffce27e4629fe5fd269b0?s=96&d=mm&r=g","caption":"Daniela Ruiz"},"url":"https:\/\/centrourbano.com\/revista\/author\/daniela-ruiz\/"}]}},"_links":{"self":[{"href":"https:\/\/centrourbano.com\/revista\/wp-json\/wp\/v2\/posts\/145170","targetHints":{"allow":["GET"]}}],"collection":[{"href":"https:\/\/centrourbano.com\/revista\/wp-json\/wp\/v2\/posts"}],"about":[{"href":"https:\/\/centrourbano.com\/revista\/wp-json\/wp\/v2\/types\/post"}],"author":[{"embeddable":true,"href":"https:\/\/centrourbano.com\/revista\/wp-json\/wp\/v2\/users\/92"}],"replies":[{"embeddable":true,"href":"https:\/\/centrourbano.com\/revista\/wp-json\/wp\/v2\/comments?post=145170"}],"version-history":[{"count":3,"href":"https:\/\/centrourbano.com\/revista\/wp-json\/wp\/v2\/posts\/145170\/revisions"}],"predecessor-version":[{"id":145503,"href":"https:\/\/centrourbano.com\/revista\/wp-json\/wp\/v2\/posts\/145170\/revisions\/145503"}],"wp:featuredmedia":[{"embeddable":true,"href":"https:\/\/centrourbano.com\/revista\/wp-json\/wp\/v2\/media\/145171"}],"wp:attachment":[{"href":"https:\/\/centrourbano.com\/revista\/wp-json\/wp\/v2\/media?parent=145170"}],"wp:term":[{"taxonomy":"category","embeddable":true,"href":"https:\/\/centrourbano.com\/revista\/wp-json\/wp\/v2\/categories?post=145170"},{"taxonomy":"post_tag","embeddable":true,"href":"https:\/\/centrourbano.com\/revista\/wp-json\/wp\/v2\/tags?post=145170"}],"curies":[{"name":"wp","href":"https:\/\/api.w.org\/{rel}","templated":true}]}}