{"id":144911,"date":"2023-12-29T13:38:06","date_gmt":"2023-12-29T19:38:06","guid":{"rendered":"https:\/\/centrourbano.com\/?p=144911"},"modified":"2023-12-29T13:38:06","modified_gmt":"2023-12-29T19:38:06","slug":"desigualdad-riviera-nayarit-unam","status":"publish","type":"post","link":"https:\/\/centrourbano.com\/revista\/urbanismo\/desigualdad-riviera-nayarit-unam\/","title":{"rendered":"Crece precariedad y desigualdad en la Riviera Nayarit: UNAM"},"content":{"rendered":"<p><em>Seg\u00fan expertos, en el sur de Nayarit, el motor de la riqueza para los empresarios ha sido la apropiaci\u00f3n del territorio, y su urbanizaci\u00f3n \u201ca lo loco\u201d<\/em><!--more--><\/p>\n<p>De acuerdo con <strong>Ana Mar\u00eda Salazar Peralta<\/strong>, <strong>del Instituto de Investigaciones Antropol\u00f3gicas (<a href=\"https:\/\/www.iia.unam.mx\/\" target=\"_blank\" rel=\"noopener\">IIA<\/a>) de la Universidad Nacional Aut\u00f3noma de M\u00e9xico<\/strong> (<strong>UNAM<\/strong>), durante los \u00faltimos a\u00f1os se ha registrado mayor precariedad y desigualdad en las comunidades de la <strong>Riviera Nayarit<\/strong>.<\/p>\n<p>La experta indic\u00f3 que, aunque la poblaci\u00f3n local obtiene empleos, generalmente tiene <strong>salarios bajos<\/strong>, adem\u00e1s de que, durante la <strong>pandemia<\/strong>, muchos perdieron sus empleos debido al confinamiento.<\/p>\n<p>\u201cLa emergencia sanitaria ha tenido impacto a diferentes niveles; en contextos tur\u00edsticos como este, ha provocado <strong>mayor precariedad y desigualdad<\/strong>\u201d, dijo.<\/p>\n<p>Y, a lo anterior se suman anomal\u00edas ambientales, por lo que afirm\u00f3 que la situaci\u00f3n en la <strong>Riviera Nayarit<\/strong> es complicada.<\/p>\n<p>\u201cSistemas costeros, como los del estado de Nayarit, sufren importantes conflictos ambientales por la imposici\u00f3n de <strong>enclaves tur\u00edsticos<\/strong>, principalmente a cargo de capital extranjero, por la inversi\u00f3n directa que en realidad es una amenaza para los recursos ambientales y las poblaciones locales, la cual deber\u00eda llegar, pero con respeto a los bienes comunes\u201d, coment\u00f3.<\/p>\n<p>La investigadora agreg\u00f3 que, en el <strong>sur de <a href=\"https:\/\/centrourbano.com\/urbanismo\/sedatu-inicia-la-construccion-de-ciudad-de-las-artes-indigenas-en-nayarit\/\" target=\"_blank\" rel=\"noopener\">Nayarit<\/a><\/strong>, el motor de la riqueza para los empresarios ha sido la <strong>apropiaci\u00f3n del territorio<\/strong>, y su <strong>urbanizaci\u00f3n \u201ca lo loco<\/strong>\u201d. Por ello, la regi\u00f3n requiere soluciones en materia de planeaci\u00f3n urbana y territorial.<\/p>\n<p>Ante esta situaci\u00f3n, <strong>Salazar<\/strong> destac\u00f3 que han emergido <strong>organizaciones sociales<\/strong> que buscan atender estas problem\u00e1ticas, pues la porblaci\u00f3n local de la <strong>Riviera Nayarit<\/strong> ya no est\u00e1 dispuesta a dejar pasar las situaciones que la afectan y la opacidad en el manejo de los recursos.<\/p>\n<p>\u201cLos sitios tur\u00edsticos generan una cantidad enorme de riqueza. <strong>Punta de Mita<\/strong>, por ejemplo, atrae la inversi\u00f3n de multimillonarios como Bill Gates. Los pobladores locales saben que ingresa mucho dinero, pero no se distribuye adecuadamente, de forma que tambi\u00e9n se satisfagan sus propias necesidades\u201d, acot\u00f3.<\/p>\n<p>Asimismo, se\u00f1al\u00f3 que,al d\u00eda de hoy, se han contabilizado m\u00e1s de <strong>40 organizaciones<\/strong> de todo tipo, pero pricipalmente ambientales, que se ubican desde Cabo Corrientes, Jalisco, a San Blas, Nayarit.<\/p>\n<p>Dichas <strong>agrupaciones civiles<\/strong> tienen a su cargo huertos urbanos y jardines bot\u00e1nicos, se dedican a la reforestaci\u00f3n y han establecido comunicaci\u00f3n directa con la <strong>Secretar\u00eda de Medio Ambiente y Recursos Naturales<\/strong> (<strong>Semarnat<\/strong>).<\/p>\n<p>\u201cPoco a poco han habido logros. Hasta ahora, se han recuperado playas como un bien p\u00fablico, porque estaban privatizadas hasta con malla cicl\u00f3nica para evitar que los pobladores pudieran entrar libremente. El Estado est\u00e1 recuperando su papel de ser \u00e1rbitro de lo p\u00fablico y garantizar a todo ciudadano la administraci\u00f3n de esos bienes\u201d, mencion\u00f3 la <strong>investigadora del IIA UNAM<\/strong>.<\/p>\n","protected":false},"excerpt":{"rendered":"<p>Seg\u00fan expertos, en el sur de Nayarit, el motor de la riqueza para los empresarios ha sido la apropiaci\u00f3n del territorio, y su urbanizaci\u00f3n \u201ca lo loco\u201d<\/p>\n","protected":false},"author":73,"featured_media":144912,"comment_status":"open","ping_status":"closed","sticky":false,"template":"","format":"standard","meta":{"om_disable_all_campaigns":false,"inline_featured_image":false,"_monsterinsights_skip_tracking":false,"_monsterinsights_sitenote_active":false,"_monsterinsights_sitenote_note":"","_monsterinsights_sitenote_category":0,"footnotes":""},"categories":[82],"tags":[16285,3492,20687,984,54,244],"class_list":["post-144911","post","type-post","status-publish","format-standard","has-post-thumbnail","hentry","category-urbanismo","tag-desigualdad","tag-inversion-extranjera","tag-precariedad","tag-riviera-nayarit","tag-turismo","tag-unam"],"yoast_head":"<!-- This site is optimized with the Yoast SEO plugin v27.4 - https:\/\/yoast.com\/product\/yoast-seo-wordpress\/ -->\n<title>Crece precariedad y desigualdad en la Riviera Nayarit: UNAM -<\/title>\n<meta name=\"description\" content=\"Seg\u00fan expertos, en el sur de Nayarit, el motor de la riqueza para los empresarios ha sido la apropiaci\u00f3n del territorio, y su urbanizaci\u00f3n \u201ca lo loco\u201d De\" \/>\n<meta name=\"robots\" content=\"index, follow, max-snippet:-1, max-image-preview:large, max-video-preview:-1\" \/>\n<link rel=\"canonical\" href=\"https:\/\/centrourbano.com\/revista\/urbanismo\/desigualdad-riviera-nayarit-unam\/\" \/>\n<meta property=\"og:locale\" content=\"es_ES\" \/>\n<meta property=\"og:type\" content=\"article\" \/>\n<meta property=\"og:title\" content=\"Crece precariedad y desigualdad en la Riviera Nayarit: UNAM -\" \/>\n<meta property=\"og:description\" content=\"Seg\u00fan expertos, en el sur de Nayarit, el motor de la riqueza para los empresarios ha sido la apropiaci\u00f3n del territorio, y su urbanizaci\u00f3n \u201ca lo loco\u201d De\" \/>\n<meta property=\"og:url\" content=\"https:\/\/centrourbano.com\/revista\/urbanismo\/desigualdad-riviera-nayarit-unam\/\" \/>\n<meta property=\"og:site_name\" content=\"Centro Urbano\" \/>\n<meta property=\"article:publisher\" content=\"https:\/\/www.facebook.com\/portalcentrourbano\" \/>\n<meta property=\"article:published_time\" content=\"2023-12-29T19:38:06+00:00\" \/>\n<meta property=\"og:image\" content=\"https:\/\/centrourbano.com\/revista\/wp-content\/uploads\/Crece-precariedad-y-desigualdad-en-la-Riviera-Nayarit-UNAM.jpg\" \/>\n\t<meta property=\"og:image:width\" content=\"900\" \/>\n\t<meta property=\"og:image:height\" content=\"681\" \/>\n\t<meta property=\"og:image:type\" content=\"image\/jpeg\" \/>\n<meta name=\"author\" content=\"Fernanda Hern\u00e1ndez\" \/>\n<meta name=\"twitter:card\" content=\"summary_large_image\" \/>\n<meta name=\"twitter:creator\" content=\"@https:\/\/twitter.com\/Nannz_Hernandez\" \/>\n<meta name=\"twitter:site\" content=\"@CentroUrbano\" \/>\n<meta name=\"twitter:label1\" content=\"Escrito por\" \/>\n\t<meta name=\"twitter:data1\" content=\"Fernanda Hern\u00e1ndez\" \/>\n\t<meta name=\"twitter:label2\" content=\"Tiempo de lectura\" \/>\n\t<meta name=\"twitter:data2\" content=\"2 minutos\" \/>\n<script type=\"application\/ld+json\" class=\"yoast-schema-graph\">{\"@context\":\"https:\\\/\\\/schema.org\",\"@graph\":[{\"@type\":\"Article\",\"@id\":\"https:\\\/\\\/centrourbano.com\\\/revista\\\/urbanismo\\\/desigualdad-riviera-nayarit-unam\\\/#article\",\"isPartOf\":{\"@id\":\"https:\\\/\\\/centrourbano.com\\\/revista\\\/urbanismo\\\/desigualdad-riviera-nayarit-unam\\\/\"},\"author\":{\"name\":\"Fernanda Hern\u00e1ndez\",\"@id\":\"https:\\\/\\\/centrourbano.com\\\/revista\\\/#\\\/schema\\\/person\\\/b190b20bbbceb41ec72278c546fa8df3\"},\"headline\":\"Crece precariedad y desigualdad en la Riviera Nayarit: UNAM\",\"datePublished\":\"2023-12-29T19:38:06+00:00\",\"mainEntityOfPage\":{\"@id\":\"https:\\\/\\\/centrourbano.com\\\/revista\\\/urbanismo\\\/desigualdad-riviera-nayarit-unam\\\/\"},\"wordCount\":488,\"commentCount\":0,\"publisher\":{\"@id\":\"https:\\\/\\\/centrourbano.com\\\/revista\\\/#organization\"},\"image\":{\"@id\":\"https:\\\/\\\/centrourbano.com\\\/revista\\\/urbanismo\\\/desigualdad-riviera-nayarit-unam\\\/#primaryimage\"},\"thumbnailUrl\":\"https:\\\/\\\/centrourbano.com\\\/revista\\\/wp-content\\\/uploads\\\/Crece-precariedad-y-desigualdad-en-la-Riviera-Nayarit-UNAM.jpg\",\"keywords\":[\"desigualdad\",\"Inversi\u00f3n extranjera\",\"Precariedad\",\"Riviera Nayarit\",\"turismo\",\"UNAM\"],\"articleSection\":[\"Urbanismo\"],\"inLanguage\":\"es\",\"potentialAction\":[{\"@type\":\"CommentAction\",\"name\":\"Comment\",\"target\":[\"https:\\\/\\\/centrourbano.com\\\/revista\\\/urbanismo\\\/desigualdad-riviera-nayarit-unam\\\/#respond\"]}]},{\"@type\":\"WebPage\",\"@id\":\"https:\\\/\\\/centrourbano.com\\\/revista\\\/urbanismo\\\/desigualdad-riviera-nayarit-unam\\\/\",\"url\":\"https:\\\/\\\/centrourbano.com\\\/revista\\\/urbanismo\\\/desigualdad-riviera-nayarit-unam\\\/\",\"name\":\"Crece precariedad y desigualdad en la Riviera Nayarit: UNAM -\",\"isPartOf\":{\"@id\":\"https:\\\/\\\/centrourbano.com\\\/revista\\\/#website\"},\"primaryImageOfPage\":{\"@id\":\"https:\\\/\\\/centrourbano.com\\\/revista\\\/urbanismo\\\/desigualdad-riviera-nayarit-unam\\\/#primaryimage\"},\"image\":{\"@id\":\"https:\\\/\\\/centrourbano.com\\\/revista\\\/urbanismo\\\/desigualdad-riviera-nayarit-unam\\\/#primaryimage\"},\"thumbnailUrl\":\"https:\\\/\\\/centrourbano.com\\\/revista\\\/wp-content\\\/uploads\\\/Crece-precariedad-y-desigualdad-en-la-Riviera-Nayarit-UNAM.jpg\",\"datePublished\":\"2023-12-29T19:38:06+00:00\",\"description\":\"Seg\u00fan expertos, en el sur de Nayarit, el motor de la riqueza para los empresarios ha sido la apropiaci\u00f3n del territorio, y su urbanizaci\u00f3n \u201ca lo loco\u201d De\",\"breadcrumb\":{\"@id\":\"https:\\\/\\\/centrourbano.com\\\/revista\\\/urbanismo\\\/desigualdad-riviera-nayarit-unam\\\/#breadcrumb\"},\"inLanguage\":\"es\",\"potentialAction\":[{\"@type\":\"ReadAction\",\"target\":[\"https:\\\/\\\/centrourbano.com\\\/revista\\\/urbanismo\\\/desigualdad-riviera-nayarit-unam\\\/\"]}]},{\"@type\":\"ImageObject\",\"inLanguage\":\"es\",\"@id\":\"https:\\\/\\\/centrourbano.com\\\/revista\\\/urbanismo\\\/desigualdad-riviera-nayarit-unam\\\/#primaryimage\",\"url\":\"https:\\\/\\\/centrourbano.com\\\/revista\\\/wp-content\\\/uploads\\\/Crece-precariedad-y-desigualdad-en-la-Riviera-Nayarit-UNAM.jpg\",\"contentUrl\":\"https:\\\/\\\/centrourbano.com\\\/revista\\\/wp-content\\\/uploads\\\/Crece-precariedad-y-desigualdad-en-la-Riviera-Nayarit-UNAM.jpg\",\"width\":900,\"height\":681,\"caption\":\"Seg\u00fan expertos, en el sur de Nayarit, el motor de la riqueza para los empresarios ha sido la apropiaci\u00f3n del territorio, y su urbanizaci\u00f3n \u201ca lo loco\u201d\"},{\"@type\":\"BreadcrumbList\",\"@id\":\"https:\\\/\\\/centrourbano.com\\\/revista\\\/urbanismo\\\/desigualdad-riviera-nayarit-unam\\\/#breadcrumb\",\"itemListElement\":[{\"@type\":\"ListItem\",\"position\":1,\"name\":\"Portada\",\"item\":\"https:\\\/\\\/centrourbano.com\\\/revista\\\/\"},{\"@type\":\"ListItem\",\"position\":2,\"name\":\"Crece precariedad y desigualdad en la Riviera Nayarit: UNAM\"}]},{\"@type\":\"WebSite\",\"@id\":\"https:\\\/\\\/centrourbano.com\\\/revista\\\/#website\",\"url\":\"https:\\\/\\\/centrourbano.com\\\/revista\\\/\",\"name\":\"Centro Urbano\",\"description\":\"Medio especializado en los sectores vivienda, inmobiliario, construcci\u00f3n, arquitectura y urbanismo.\",\"publisher\":{\"@id\":\"https:\\\/\\\/centrourbano.com\\\/revista\\\/#organization\"},\"potentialAction\":[{\"@type\":\"SearchAction\",\"target\":{\"@type\":\"EntryPoint\",\"urlTemplate\":\"https:\\\/\\\/centrourbano.com\\\/revista\\\/?s={search_term_string}\"},\"query-input\":{\"@type\":\"PropertyValueSpecification\",\"valueRequired\":true,\"valueName\":\"search_term_string\"}}],\"inLanguage\":\"es\"},{\"@type\":\"Organization\",\"@id\":\"https:\\\/\\\/centrourbano.com\\\/revista\\\/#organization\",\"name\":\"Centro Urbano\",\"url\":\"https:\\\/\\\/centrourbano.com\\\/revista\\\/\",\"logo\":{\"@type\":\"ImageObject\",\"inLanguage\":\"es\",\"@id\":\"https:\\\/\\\/centrourbano.com\\\/revista\\\/#\\\/schema\\\/logo\\\/image\\\/\",\"url\":\"https:\\\/\\\/centrourbano.com\\\/revista\\\/wp-content\\\/uploads\\\/web_CU_logo-1.png\",\"contentUrl\":\"https:\\\/\\\/centrourbano.com\\\/revista\\\/wp-content\\\/uploads\\\/web_CU_logo-1.png\",\"width\":350,\"height\":91,\"caption\":\"Centro Urbano\"},\"image\":{\"@id\":\"https:\\\/\\\/centrourbano.com\\\/revista\\\/#\\\/schema\\\/logo\\\/image\\\/\"},\"sameAs\":[\"https:\\\/\\\/www.facebook.com\\\/portalcentrourbano\",\"https:\\\/\\\/x.com\\\/CentroUrbano\",\"https:\\\/\\\/www.instagram.com\\\/centro_urbano\\\/\",\"https:\\\/\\\/www.linkedin.com\\\/company\\\/centro-urbano\\\/\",\"http:\\\/\\\/www.youtube.com\\\/user\\\/portalcentrourbano\"]},{\"@type\":\"Person\",\"@id\":\"https:\\\/\\\/centrourbano.com\\\/revista\\\/#\\\/schema\\\/person\\\/b190b20bbbceb41ec72278c546fa8df3\",\"name\":\"Fernanda Hern\u00e1ndez\",\"image\":{\"@type\":\"ImageObject\",\"inLanguage\":\"es\",\"@id\":\"https:\\\/\\\/secure.gravatar.com\\\/avatar\\\/9471831fb0a24eae9d32d826a7cb8ef07c34a41520aca1a0ab1f5c0903ba49b9?s=96&d=mm&r=g\",\"url\":\"https:\\\/\\\/secure.gravatar.com\\\/avatar\\\/9471831fb0a24eae9d32d826a7cb8ef07c34a41520aca1a0ab1f5c0903ba49b9?s=96&d=mm&r=g\",\"contentUrl\":\"https:\\\/\\\/secure.gravatar.com\\\/avatar\\\/9471831fb0a24eae9d32d826a7cb8ef07c34a41520aca1a0ab1f5c0903ba49b9?s=96&d=mm&r=g\",\"caption\":\"Fernanda Hern\u00e1ndez\"},\"description\":\"Reportera y redactora en Centro Urbano. Soy egresada de la licenciatura en Ciencias de la Comunicaci\u00f3n de la Facultad de Ciencias Pol\u00edticas y Sociales (UNAM). Me interesa la cultura, el urbanismo y la arquitectura. Amante del mundo digital, el cine, la m\u00fasica, la lectura y la escritura.\",\"sameAs\":[\"https:\\\/\\\/x.com\\\/https:\\\/\\\/twitter.com\\\/Nannz_Hernandez\"],\"url\":\"https:\\\/\\\/centrourbano.com\\\/revista\\\/author\\\/fernanda-hernandez\\\/\"}]}<\/script>\n<!-- \/ Yoast SEO plugin. -->","yoast_head_json":{"title":"Crece precariedad y desigualdad en la Riviera Nayarit: UNAM -","description":"Seg\u00fan expertos, en el sur de Nayarit, el motor de la riqueza para los empresarios ha sido la apropiaci\u00f3n del territorio, y su urbanizaci\u00f3n \u201ca lo loco\u201d De","robots":{"index":"index","follow":"follow","max-snippet":"max-snippet:-1","max-image-preview":"max-image-preview:large","max-video-preview":"max-video-preview:-1"},"canonical":"https:\/\/centrourbano.com\/revista\/urbanismo\/desigualdad-riviera-nayarit-unam\/","og_locale":"es_ES","og_type":"article","og_title":"Crece precariedad y desigualdad en la Riviera Nayarit: UNAM -","og_description":"Seg\u00fan expertos, en el sur de Nayarit, el motor de la riqueza para los empresarios ha sido la apropiaci\u00f3n del territorio, y su urbanizaci\u00f3n \u201ca lo loco\u201d De","og_url":"https:\/\/centrourbano.com\/revista\/urbanismo\/desigualdad-riviera-nayarit-unam\/","og_site_name":"Centro Urbano","article_publisher":"https:\/\/www.facebook.com\/portalcentrourbano","article_published_time":"2023-12-29T19:38:06+00:00","og_image":[{"width":900,"height":681,"url":"https:\/\/centrourbano.com\/revista\/wp-content\/uploads\/Crece-precariedad-y-desigualdad-en-la-Riviera-Nayarit-UNAM.jpg","type":"image\/jpeg"}],"author":"Fernanda Hern\u00e1ndez","twitter_card":"summary_large_image","twitter_creator":"@https:\/\/twitter.com\/Nannz_Hernandez","twitter_site":"@CentroUrbano","twitter_misc":{"Escrito por":"Fernanda Hern\u00e1ndez","Tiempo de lectura":"2 minutos"},"schema":{"@context":"https:\/\/schema.org","@graph":[{"@type":"Article","@id":"https:\/\/centrourbano.com\/revista\/urbanismo\/desigualdad-riviera-nayarit-unam\/#article","isPartOf":{"@id":"https:\/\/centrourbano.com\/revista\/urbanismo\/desigualdad-riviera-nayarit-unam\/"},"author":{"name":"Fernanda Hern\u00e1ndez","@id":"https:\/\/centrourbano.com\/revista\/#\/schema\/person\/b190b20bbbceb41ec72278c546fa8df3"},"headline":"Crece precariedad y desigualdad en la Riviera Nayarit: UNAM","datePublished":"2023-12-29T19:38:06+00:00","mainEntityOfPage":{"@id":"https:\/\/centrourbano.com\/revista\/urbanismo\/desigualdad-riviera-nayarit-unam\/"},"wordCount":488,"commentCount":0,"publisher":{"@id":"https:\/\/centrourbano.com\/revista\/#organization"},"image":{"@id":"https:\/\/centrourbano.com\/revista\/urbanismo\/desigualdad-riviera-nayarit-unam\/#primaryimage"},"thumbnailUrl":"https:\/\/centrourbano.com\/revista\/wp-content\/uploads\/Crece-precariedad-y-desigualdad-en-la-Riviera-Nayarit-UNAM.jpg","keywords":["desigualdad","Inversi\u00f3n extranjera","Precariedad","Riviera Nayarit","turismo","UNAM"],"articleSection":["Urbanismo"],"inLanguage":"es","potentialAction":[{"@type":"CommentAction","name":"Comment","target":["https:\/\/centrourbano.com\/revista\/urbanismo\/desigualdad-riviera-nayarit-unam\/#respond"]}]},{"@type":"WebPage","@id":"https:\/\/centrourbano.com\/revista\/urbanismo\/desigualdad-riviera-nayarit-unam\/","url":"https:\/\/centrourbano.com\/revista\/urbanismo\/desigualdad-riviera-nayarit-unam\/","name":"Crece precariedad y desigualdad en la Riviera Nayarit: UNAM -","isPartOf":{"@id":"https:\/\/centrourbano.com\/revista\/#website"},"primaryImageOfPage":{"@id":"https:\/\/centrourbano.com\/revista\/urbanismo\/desigualdad-riviera-nayarit-unam\/#primaryimage"},"image":{"@id":"https:\/\/centrourbano.com\/revista\/urbanismo\/desigualdad-riviera-nayarit-unam\/#primaryimage"},"thumbnailUrl":"https:\/\/centrourbano.com\/revista\/wp-content\/uploads\/Crece-precariedad-y-desigualdad-en-la-Riviera-Nayarit-UNAM.jpg","datePublished":"2023-12-29T19:38:06+00:00","description":"Seg\u00fan expertos, en el sur de Nayarit, el motor de la riqueza para los empresarios ha sido la apropiaci\u00f3n del territorio, y su urbanizaci\u00f3n \u201ca lo loco\u201d De","breadcrumb":{"@id":"https:\/\/centrourbano.com\/revista\/urbanismo\/desigualdad-riviera-nayarit-unam\/#breadcrumb"},"inLanguage":"es","potentialAction":[{"@type":"ReadAction","target":["https:\/\/centrourbano.com\/revista\/urbanismo\/desigualdad-riviera-nayarit-unam\/"]}]},{"@type":"ImageObject","inLanguage":"es","@id":"https:\/\/centrourbano.com\/revista\/urbanismo\/desigualdad-riviera-nayarit-unam\/#primaryimage","url":"https:\/\/centrourbano.com\/revista\/wp-content\/uploads\/Crece-precariedad-y-desigualdad-en-la-Riviera-Nayarit-UNAM.jpg","contentUrl":"https:\/\/centrourbano.com\/revista\/wp-content\/uploads\/Crece-precariedad-y-desigualdad-en-la-Riviera-Nayarit-UNAM.jpg","width":900,"height":681,"caption":"Seg\u00fan expertos, en el sur de Nayarit, el motor de la riqueza para los empresarios ha sido la apropiaci\u00f3n del territorio, y su urbanizaci\u00f3n \u201ca lo loco\u201d"},{"@type":"BreadcrumbList","@id":"https:\/\/centrourbano.com\/revista\/urbanismo\/desigualdad-riviera-nayarit-unam\/#breadcrumb","itemListElement":[{"@type":"ListItem","position":1,"name":"Portada","item":"https:\/\/centrourbano.com\/revista\/"},{"@type":"ListItem","position":2,"name":"Crece precariedad y desigualdad en la Riviera Nayarit: UNAM"}]},{"@type":"WebSite","@id":"https:\/\/centrourbano.com\/revista\/#website","url":"https:\/\/centrourbano.com\/revista\/","name":"Centro Urbano","description":"Medio especializado en los sectores vivienda, inmobiliario, construcci\u00f3n, arquitectura y urbanismo.","publisher":{"@id":"https:\/\/centrourbano.com\/revista\/#organization"},"potentialAction":[{"@type":"SearchAction","target":{"@type":"EntryPoint","urlTemplate":"https:\/\/centrourbano.com\/revista\/?s={search_term_string}"},"query-input":{"@type":"PropertyValueSpecification","valueRequired":true,"valueName":"search_term_string"}}],"inLanguage":"es"},{"@type":"Organization","@id":"https:\/\/centrourbano.com\/revista\/#organization","name":"Centro Urbano","url":"https:\/\/centrourbano.com\/revista\/","logo":{"@type":"ImageObject","inLanguage":"es","@id":"https:\/\/centrourbano.com\/revista\/#\/schema\/logo\/image\/","url":"https:\/\/centrourbano.com\/revista\/wp-content\/uploads\/web_CU_logo-1.png","contentUrl":"https:\/\/centrourbano.com\/revista\/wp-content\/uploads\/web_CU_logo-1.png","width":350,"height":91,"caption":"Centro Urbano"},"image":{"@id":"https:\/\/centrourbano.com\/revista\/#\/schema\/logo\/image\/"},"sameAs":["https:\/\/www.facebook.com\/portalcentrourbano","https:\/\/x.com\/CentroUrbano","https:\/\/www.instagram.com\/centro_urbano\/","https:\/\/www.linkedin.com\/company\/centro-urbano\/","http:\/\/www.youtube.com\/user\/portalcentrourbano"]},{"@type":"Person","@id":"https:\/\/centrourbano.com\/revista\/#\/schema\/person\/b190b20bbbceb41ec72278c546fa8df3","name":"Fernanda Hern\u00e1ndez","image":{"@type":"ImageObject","inLanguage":"es","@id":"https:\/\/secure.gravatar.com\/avatar\/9471831fb0a24eae9d32d826a7cb8ef07c34a41520aca1a0ab1f5c0903ba49b9?s=96&d=mm&r=g","url":"https:\/\/secure.gravatar.com\/avatar\/9471831fb0a24eae9d32d826a7cb8ef07c34a41520aca1a0ab1f5c0903ba49b9?s=96&d=mm&r=g","contentUrl":"https:\/\/secure.gravatar.com\/avatar\/9471831fb0a24eae9d32d826a7cb8ef07c34a41520aca1a0ab1f5c0903ba49b9?s=96&d=mm&r=g","caption":"Fernanda Hern\u00e1ndez"},"description":"Reportera y redactora en Centro Urbano. Soy egresada de la licenciatura en Ciencias de la Comunicaci\u00f3n de la Facultad de Ciencias Pol\u00edticas y Sociales (UNAM). Me interesa la cultura, el urbanismo y la arquitectura. Amante del mundo digital, el cine, la m\u00fasica, la lectura y la escritura.","sameAs":["https:\/\/x.com\/https:\/\/twitter.com\/Nannz_Hernandez"],"url":"https:\/\/centrourbano.com\/revista\/author\/fernanda-hernandez\/"}]}},"_links":{"self":[{"href":"https:\/\/centrourbano.com\/revista\/wp-json\/wp\/v2\/posts\/144911","targetHints":{"allow":["GET"]}}],"collection":[{"href":"https:\/\/centrourbano.com\/revista\/wp-json\/wp\/v2\/posts"}],"about":[{"href":"https:\/\/centrourbano.com\/revista\/wp-json\/wp\/v2\/types\/post"}],"author":[{"embeddable":true,"href":"https:\/\/centrourbano.com\/revista\/wp-json\/wp\/v2\/users\/73"}],"replies":[{"embeddable":true,"href":"https:\/\/centrourbano.com\/revista\/wp-json\/wp\/v2\/comments?post=144911"}],"version-history":[{"count":2,"href":"https:\/\/centrourbano.com\/revista\/wp-json\/wp\/v2\/posts\/144911\/revisions"}],"predecessor-version":[{"id":144914,"href":"https:\/\/centrourbano.com\/revista\/wp-json\/wp\/v2\/posts\/144911\/revisions\/144914"}],"wp:featuredmedia":[{"embeddable":true,"href":"https:\/\/centrourbano.com\/revista\/wp-json\/wp\/v2\/media\/144912"}],"wp:attachment":[{"href":"https:\/\/centrourbano.com\/revista\/wp-json\/wp\/v2\/media?parent=144911"}],"wp:term":[{"taxonomy":"category","embeddable":true,"href":"https:\/\/centrourbano.com\/revista\/wp-json\/wp\/v2\/categories?post=144911"},{"taxonomy":"post_tag","embeddable":true,"href":"https:\/\/centrourbano.com\/revista\/wp-json\/wp\/v2\/tags?post=144911"}],"curies":[{"name":"wp","href":"https:\/\/api.w.org\/{rel}","templated":true}]}}