{"id":14489,"date":"2015-01-20T10:13:36","date_gmt":"2015-01-20T16:13:36","guid":{"rendered":"http:\/\/centrourbano.com\/?p=14489"},"modified":"2015-01-20T10:14:44","modified_gmt":"2015-01-20T16:14:44","slug":"se-requiere-estructura-basica-para-seguro-a-casa-habitacion","status":"publish","type":"post","link":"https:\/\/centrourbano.com\/revista\/entrevistas\/se-requiere-estructura-basica-para-seguro-a-casa-habitacion\/","title":{"rendered":"Se requiere estructura b\u00e1sica para seguro a casa-habitaci\u00f3n"},"content":{"rendered":"<p>&nbsp;<\/p>\n<p>De acuerdo con directivo de AXA Seguros, en M\u00e9xico se requiere impulsar pol\u00edticas p\u00fablicas de protecci\u00f3n<!--more--><\/p>\n<p>&nbsp;<\/p>\n<p>De acuerdo con estudios cient\u00edficos y acad\u00e9micos, las personas en M\u00e9xico, Chile, Suiza, Brasil y Francia, act\u00faan de la misma manera, explic\u00f3 Hugo Mart\u00ednez McNaught, director de Relaciones Gubernamentales de AXA Seguros, por lo que generalmente la condici\u00f3n humana hace que la gente no aprenda f\u00e1cilmente respecto de cosas que nunca le suceden, como con los huracanes y los sismos, sobre los cuales no est\u00e1n conscientes del riesgo.<\/p>\n<p>\u201cLo que hacen los pa\u00edses para modificar la conducta humana que tiene a minimizar el riesgo de eventos que no son comunes como un desastre natural, es que se impulsan pol\u00edticas que hacen que los ciudadanos est\u00e9n mayor protegidos y muchas veces este tipo de esquemas descansa en el seguros obligatorios, como en pa\u00edses de Europa y Latinoam\u00e9rica, los cuales permiten que las personas se protejan mejor y puedan cuidar su patrimonio\u201d.<\/p>\n<p>Por ello, el Directivo considera que lo que necesitamos en M\u00e9xico, el caso de seguros para proteger casas, es impulsar pol\u00edticas p\u00fablicas que hagan que las personas se puedan preparar o asegurar para este tipo de eventos.<\/p>\n<p>\u201cCuando hablamos de esquemas p\u00fablicos-privados de colaboraci\u00f3n con el gobierno de impulsar esquemas en donde el gobierno transfiere el riesgo hacia el sector privado, a los aseguradores, estamos hablando de esquemas en donde exista una protecci\u00f3n b\u00e1sica, no estamos hablando de seguros completos para todas las personas, pero que evidentemente eso no es viable, no todas las personas en M\u00e9xico pueden tener un seguro para todo pero lo que s\u00ed podemos lograr es que todas las personas que tienen una casa o un peque\u00f1o negocio, est\u00e9n cubiertos m\u00ednimamente para poderse recuperar\u201d, indic\u00f3.<\/p>\n<p>Mart\u00ednez McNaught refiri\u00f3 que en California se cre\u00f3 un seguro bajo un esquema p\u00fablico-privado, donde las casas habitaci\u00f3n est\u00e1n aseguradas para la infraestructura b\u00e1sica, lo que significa que ante un gran sismo f\u00e1cilmente esas familias pueden reconstruir la parte b\u00e1sica de su casa y as\u00ed puedan tener un lugar para dormir y comer, en lugar de que no tengan siquiera la m\u00ednima protecci\u00f3n, lo cual les tomar\u00eda tiempo para recuperarse y equivaldr\u00eda al ahorro de toda su vida.<\/p>\n<p>&nbsp;<\/p>\n","protected":false},"excerpt":{"rendered":"<p>&nbsp; De acuerdo con directivo de AXA Seguros, en M\u00e9xico se requiere impulsar pol\u00edticas p\u00fablicas de protecci\u00f3n<\/p>\n","protected":false},"author":77,"featured_media":14492,"comment_status":"open","ping_status":"closed","sticky":false,"template":"","format":"standard","meta":{"inline_featured_image":false,"footnotes":""},"categories":[13],"tags":[2627,4020,4190,4191,1703],"class_list":["post-14489","post","type-post","status-publish","format-standard","has-post-thumbnail","hentry","category-entrevistas","tag-axa-seguros","tag-casa-habitacion","tag-hugo-martinez-mcnaught","tag-seguros","tag-sismos"],"yoast_head":"<!-- This site is optimized with the Yoast SEO plugin v28.4 - https:\/\/yoast.com\/product\/yoast-seo-wordpress\/ -->\n<title>Se requiere estructura b\u00e1sica para seguro a casa-habitaci\u00f3n -<\/title>\n<meta name=\"description\" content=\"&nbsp; De acuerdo con directivo de AXA Seguros, en M\u00e9xico se requiere impulsar pol\u00edticas p\u00fablicas de protecci\u00f3n &nbsp; De acuerdo con estudios cient\u00edficos\" \/>\n<meta name=\"robots\" content=\"index, follow, max-snippet:-1, max-image-preview:large, max-video-preview:-1\" \/>\n<link rel=\"canonical\" href=\"https:\/\/centrourbano.com\/revista\/entrevistas\/se-requiere-estructura-basica-para-seguro-a-casa-habitacion\/\" \/>\n<meta property=\"og:locale\" content=\"es_ES\" \/>\n<meta property=\"og:type\" content=\"article\" \/>\n<meta property=\"og:title\" content=\"Se requiere estructura b\u00e1sica para seguro a casa-habitaci\u00f3n -\" \/>\n<meta property=\"og:description\" content=\"&nbsp; De acuerdo con directivo de AXA Seguros, en M\u00e9xico se requiere impulsar pol\u00edticas p\u00fablicas de protecci\u00f3n &nbsp; De acuerdo con estudios cient\u00edficos\" \/>\n<meta property=\"og:url\" content=\"https:\/\/centrourbano.com\/revista\/entrevistas\/se-requiere-estructura-basica-para-seguro-a-casa-habitacion\/\" \/>\n<meta property=\"og:site_name\" content=\"Centro Urbano\" \/>\n<meta property=\"article:publisher\" content=\"https:\/\/www.facebook.com\/portalcentrourbano\" \/>\n<meta property=\"article:published_time\" content=\"2015-01-20T16:13:36+00:00\" \/>\n<meta property=\"article:modified_time\" content=\"2015-01-20T16:14:44+00:00\" \/>\n<meta property=\"og:image\" content=\"https:\/\/centrourbano.com\/revista\/wp-content\/uploads\/Hugo-Martinez_oky.jpg\" \/>\n\t<meta property=\"og:image:width\" content=\"680\" \/>\n\t<meta property=\"og:image:height\" content=\"626\" \/>\n\t<meta property=\"og:image:type\" content=\"image\/jpeg\" \/>\n<meta name=\"author\" content=\"G4A\" \/>\n<meta name=\"twitter:card\" content=\"summary_large_image\" \/>\n<meta name=\"twitter:creator\" content=\"@CentroUrbano\" \/>\n<meta name=\"twitter:site\" content=\"@CentroUrbano\" \/>\n<meta name=\"twitter:label1\" content=\"Escrito por\" \/>\n\t<meta name=\"twitter:data1\" content=\"G4A\" \/>\n\t<meta name=\"twitter:label2\" content=\"Tiempo de lectura\" \/>\n\t<meta name=\"twitter:data2\" content=\"2 minutos\" \/>\n<script type=\"application\/ld+json\" class=\"yoast-schema-graph\">{\"@context\":\"https:\\\/\\\/schema.org\",\"@graph\":[{\"@type\":\"Article\",\"@id\":\"https:\\\/\\\/centrourbano.com\\\/revista\\\/entrevistas\\\/se-requiere-estructura-basica-para-seguro-a-casa-habitacion\\\/#article\",\"isPartOf\":{\"@id\":\"https:\\\/\\\/centrourbano.com\\\/revista\\\/entrevistas\\\/se-requiere-estructura-basica-para-seguro-a-casa-habitacion\\\/\"},\"author\":{\"name\":\"G4A\",\"@id\":\"https:\\\/\\\/centrourbano.com\\\/revista\\\/#\\\/schema\\\/person\\\/370fa0ba2d8dd5bde3fdb8b62ad360aa\"},\"headline\":\"Se requiere estructura b\u00e1sica para seguro a casa-habitaci\u00f3n\",\"datePublished\":\"2015-01-20T16:13:36+00:00\",\"dateModified\":\"2015-01-20T16:14:44+00:00\",\"mainEntityOfPage\":{\"@id\":\"https:\\\/\\\/centrourbano.com\\\/revista\\\/entrevistas\\\/se-requiere-estructura-basica-para-seguro-a-casa-habitacion\\\/\"},\"wordCount\":415,\"commentCount\":0,\"publisher\":{\"@id\":\"https:\\\/\\\/centrourbano.com\\\/revista\\\/#organization\"},\"image\":{\"@id\":\"https:\\\/\\\/centrourbano.com\\\/revista\\\/entrevistas\\\/se-requiere-estructura-basica-para-seguro-a-casa-habitacion\\\/#primaryimage\"},\"thumbnailUrl\":\"https:\\\/\\\/centrourbano.com\\\/revista\\\/wp-content\\\/uploads\\\/Hugo-Martinez_oky.jpg\",\"keywords\":[\"AXA Seguros\",\"casa habitaci\u00f3n\",\"Hugo Mart\u00ednez McNaught\",\"seguros\",\"sismos\"],\"articleSection\":[\"Entrevistas\"],\"inLanguage\":\"es\"},{\"@type\":\"WebPage\",\"@id\":\"https:\\\/\\\/centrourbano.com\\\/revista\\\/entrevistas\\\/se-requiere-estructura-basica-para-seguro-a-casa-habitacion\\\/\",\"url\":\"https:\\\/\\\/centrourbano.com\\\/revista\\\/entrevistas\\\/se-requiere-estructura-basica-para-seguro-a-casa-habitacion\\\/\",\"name\":\"Se requiere estructura b\u00e1sica para seguro a casa-habitaci\u00f3n -\",\"isPartOf\":{\"@id\":\"https:\\\/\\\/centrourbano.com\\\/revista\\\/#website\"},\"primaryImageOfPage\":{\"@id\":\"https:\\\/\\\/centrourbano.com\\\/revista\\\/entrevistas\\\/se-requiere-estructura-basica-para-seguro-a-casa-habitacion\\\/#primaryimage\"},\"image\":{\"@id\":\"https:\\\/\\\/centrourbano.com\\\/revista\\\/entrevistas\\\/se-requiere-estructura-basica-para-seguro-a-casa-habitacion\\\/#primaryimage\"},\"thumbnailUrl\":\"https:\\\/\\\/centrourbano.com\\\/revista\\\/wp-content\\\/uploads\\\/Hugo-Martinez_oky.jpg\",\"datePublished\":\"2015-01-20T16:13:36+00:00\",\"dateModified\":\"2015-01-20T16:14:44+00:00\",\"description\":\"&nbsp; De acuerdo con directivo de AXA Seguros, en M\u00e9xico se requiere impulsar pol\u00edticas p\u00fablicas de protecci\u00f3n &nbsp; De acuerdo con estudios cient\u00edficos\",\"breadcrumb\":{\"@id\":\"https:\\\/\\\/centrourbano.com\\\/revista\\\/entrevistas\\\/se-requiere-estructura-basica-para-seguro-a-casa-habitacion\\\/#breadcrumb\"},\"inLanguage\":\"es\",\"potentialAction\":[{\"@type\":\"ReadAction\",\"target\":[\"https:\\\/\\\/centrourbano.com\\\/revista\\\/entrevistas\\\/se-requiere-estructura-basica-para-seguro-a-casa-habitacion\\\/\"]}]},{\"@type\":\"ImageObject\",\"inLanguage\":\"es\",\"@id\":\"https:\\\/\\\/centrourbano.com\\\/revista\\\/entrevistas\\\/se-requiere-estructura-basica-para-seguro-a-casa-habitacion\\\/#primaryimage\",\"url\":\"https:\\\/\\\/centrourbano.com\\\/revista\\\/wp-content\\\/uploads\\\/Hugo-Martinez_oky.jpg\",\"contentUrl\":\"https:\\\/\\\/centrourbano.com\\\/revista\\\/wp-content\\\/uploads\\\/Hugo-Martinez_oky.jpg\",\"width\":680,\"height\":626},{\"@type\":\"BreadcrumbList\",\"@id\":\"https:\\\/\\\/centrourbano.com\\\/revista\\\/entrevistas\\\/se-requiere-estructura-basica-para-seguro-a-casa-habitacion\\\/#breadcrumb\",\"itemListElement\":[{\"@type\":\"ListItem\",\"position\":1,\"name\":\"Portada\",\"item\":\"https:\\\/\\\/centrourbano.com\\\/revista\\\/\"},{\"@type\":\"ListItem\",\"position\":2,\"name\":\"Se requiere estructura b\u00e1sica para seguro a casa-habitaci\u00f3n\"}]},{\"@type\":\"WebSite\",\"@id\":\"https:\\\/\\\/centrourbano.com\\\/revista\\\/#website\",\"url\":\"https:\\\/\\\/centrourbano.com\\\/revista\\\/\",\"name\":\"Centro Urbano\",\"description\":\"Medio especializado en los sectores vivienda, inmobiliario, construcci\u00f3n, arquitectura y urbanismo.\",\"publisher\":{\"@id\":\"https:\\\/\\\/centrourbano.com\\\/revista\\\/#organization\"},\"potentialAction\":[{\"@type\":\"SearchAction\",\"target\":{\"@type\":\"EntryPoint\",\"urlTemplate\":\"https:\\\/\\\/centrourbano.com\\\/revista\\\/?s={search_term_string}\"},\"query-input\":{\"@type\":\"PropertyValueSpecification\",\"valueRequired\":true,\"valueName\":\"search_term_string\"}}],\"inLanguage\":\"es\"},{\"@type\":\"Organization\",\"@id\":\"https:\\\/\\\/centrourbano.com\\\/revista\\\/#organization\",\"name\":\"Centro Urbano\",\"url\":\"https:\\\/\\\/centrourbano.com\\\/revista\\\/\",\"logo\":{\"@type\":\"ImageObject\",\"inLanguage\":\"es\",\"@id\":\"https:\\\/\\\/centrourbano.com\\\/revista\\\/#\\\/schema\\\/logo\\\/image\\\/\",\"url\":\"https:\\\/\\\/centrourbano.com\\\/revista\\\/wp-content\\\/uploads\\\/web_CU_logo-1.png\",\"contentUrl\":\"https:\\\/\\\/centrourbano.com\\\/revista\\\/wp-content\\\/uploads\\\/web_CU_logo-1.png\",\"width\":350,\"height\":91,\"caption\":\"Centro Urbano\"},\"image\":{\"@id\":\"https:\\\/\\\/centrourbano.com\\\/revista\\\/#\\\/schema\\\/logo\\\/image\\\/\"},\"sameAs\":[\"https:\\\/\\\/www.facebook.com\\\/portalcentrourbano\",\"https:\\\/\\\/x.com\\\/CentroUrbano\",\"https:\\\/\\\/www.instagram.com\\\/centro_urbano\\\/\",\"https:\\\/\\\/www.linkedin.com\\\/company\\\/centro-urbano\\\/\",\"http:\\\/\\\/www.youtube.com\\\/user\\\/portalcentrourbano\"]},{\"@type\":\"Person\",\"@id\":\"https:\\\/\\\/centrourbano.com\\\/revista\\\/#\\\/schema\\\/person\\\/370fa0ba2d8dd5bde3fdb8b62ad360aa\",\"name\":\"G4A\",\"image\":{\"@type\":\"ImageObject\",\"inLanguage\":\"es\",\"@id\":\"https:\\\/\\\/secure.gravatar.com\\\/avatar\\\/932a97121b13d5de5bbd8193c6c83d3b92c9eda0f39623607d4280e7a5778d97?s=96&d=mm&r=g\",\"url\":\"https:\\\/\\\/secure.gravatar.com\\\/avatar\\\/932a97121b13d5de5bbd8193c6c83d3b92c9eda0f39623607d4280e7a5778d97?s=96&d=mm&r=g\",\"contentUrl\":\"https:\\\/\\\/secure.gravatar.com\\\/avatar\\\/932a97121b13d5de5bbd8193c6c83d3b92c9eda0f39623607d4280e7a5778d97?s=96&d=mm&r=g\",\"caption\":\"G4A\"},\"url\":\"https:\\\/\\\/centrourbano.com\\\/revista\\\/author\\\/admin-g4a\\\/\"}]}<\/script>\n<!-- \/ Yoast SEO plugin. -->","yoast_head_json":{"title":"Se requiere estructura b\u00e1sica para seguro a casa-habitaci\u00f3n -","description":"&nbsp; De acuerdo con directivo de AXA Seguros, en M\u00e9xico se requiere impulsar pol\u00edticas p\u00fablicas de protecci\u00f3n &nbsp; De acuerdo con estudios cient\u00edficos","robots":{"index":"index","follow":"follow","max-snippet":"max-snippet:-1","max-image-preview":"max-image-preview:large","max-video-preview":"max-video-preview:-1"},"canonical":"https:\/\/centrourbano.com\/revista\/entrevistas\/se-requiere-estructura-basica-para-seguro-a-casa-habitacion\/","og_locale":"es_ES","og_type":"article","og_title":"Se requiere estructura b\u00e1sica para seguro a casa-habitaci\u00f3n -","og_description":"&nbsp; De acuerdo con directivo de AXA Seguros, en M\u00e9xico se requiere impulsar pol\u00edticas p\u00fablicas de protecci\u00f3n &nbsp; De acuerdo con estudios cient\u00edficos","og_url":"https:\/\/centrourbano.com\/revista\/entrevistas\/se-requiere-estructura-basica-para-seguro-a-casa-habitacion\/","og_site_name":"Centro Urbano","article_publisher":"https:\/\/www.facebook.com\/portalcentrourbano","article_published_time":"2015-01-20T16:13:36+00:00","article_modified_time":"2015-01-20T16:14:44+00:00","og_image":[{"width":680,"height":626,"url":"https:\/\/centrourbano.com\/revista\/wp-content\/uploads\/Hugo-Martinez_oky.jpg","type":"image\/jpeg"}],"author":"G4A","twitter_card":"summary_large_image","twitter_creator":"@CentroUrbano","twitter_site":"@CentroUrbano","twitter_misc":{"Escrito por":"G4A","Tiempo de lectura":"2 minutos"},"schema":{"@context":"https:\/\/schema.org","@graph":[{"@type":"Article","@id":"https:\/\/centrourbano.com\/revista\/entrevistas\/se-requiere-estructura-basica-para-seguro-a-casa-habitacion\/#article","isPartOf":{"@id":"https:\/\/centrourbano.com\/revista\/entrevistas\/se-requiere-estructura-basica-para-seguro-a-casa-habitacion\/"},"author":{"name":"G4A","@id":"https:\/\/centrourbano.com\/revista\/#\/schema\/person\/370fa0ba2d8dd5bde3fdb8b62ad360aa"},"headline":"Se requiere estructura b\u00e1sica para seguro a casa-habitaci\u00f3n","datePublished":"2015-01-20T16:13:36+00:00","dateModified":"2015-01-20T16:14:44+00:00","mainEntityOfPage":{"@id":"https:\/\/centrourbano.com\/revista\/entrevistas\/se-requiere-estructura-basica-para-seguro-a-casa-habitacion\/"},"wordCount":415,"commentCount":0,"publisher":{"@id":"https:\/\/centrourbano.com\/revista\/#organization"},"image":{"@id":"https:\/\/centrourbano.com\/revista\/entrevistas\/se-requiere-estructura-basica-para-seguro-a-casa-habitacion\/#primaryimage"},"thumbnailUrl":"https:\/\/centrourbano.com\/revista\/wp-content\/uploads\/Hugo-Martinez_oky.jpg","keywords":["AXA Seguros","casa habitaci\u00f3n","Hugo Mart\u00ednez McNaught","seguros","sismos"],"articleSection":["Entrevistas"],"inLanguage":"es"},{"@type":"WebPage","@id":"https:\/\/centrourbano.com\/revista\/entrevistas\/se-requiere-estructura-basica-para-seguro-a-casa-habitacion\/","url":"https:\/\/centrourbano.com\/revista\/entrevistas\/se-requiere-estructura-basica-para-seguro-a-casa-habitacion\/","name":"Se requiere estructura b\u00e1sica para seguro a casa-habitaci\u00f3n -","isPartOf":{"@id":"https:\/\/centrourbano.com\/revista\/#website"},"primaryImageOfPage":{"@id":"https:\/\/centrourbano.com\/revista\/entrevistas\/se-requiere-estructura-basica-para-seguro-a-casa-habitacion\/#primaryimage"},"image":{"@id":"https:\/\/centrourbano.com\/revista\/entrevistas\/se-requiere-estructura-basica-para-seguro-a-casa-habitacion\/#primaryimage"},"thumbnailUrl":"https:\/\/centrourbano.com\/revista\/wp-content\/uploads\/Hugo-Martinez_oky.jpg","datePublished":"2015-01-20T16:13:36+00:00","dateModified":"2015-01-20T16:14:44+00:00","description":"&nbsp; De acuerdo con directivo de AXA Seguros, en M\u00e9xico se requiere impulsar pol\u00edticas p\u00fablicas de protecci\u00f3n &nbsp; De acuerdo con estudios cient\u00edficos","breadcrumb":{"@id":"https:\/\/centrourbano.com\/revista\/entrevistas\/se-requiere-estructura-basica-para-seguro-a-casa-habitacion\/#breadcrumb"},"inLanguage":"es","potentialAction":[{"@type":"ReadAction","target":["https:\/\/centrourbano.com\/revista\/entrevistas\/se-requiere-estructura-basica-para-seguro-a-casa-habitacion\/"]}]},{"@type":"ImageObject","inLanguage":"es","@id":"https:\/\/centrourbano.com\/revista\/entrevistas\/se-requiere-estructura-basica-para-seguro-a-casa-habitacion\/#primaryimage","url":"https:\/\/centrourbano.com\/revista\/wp-content\/uploads\/Hugo-Martinez_oky.jpg","contentUrl":"https:\/\/centrourbano.com\/revista\/wp-content\/uploads\/Hugo-Martinez_oky.jpg","width":680,"height":626},{"@type":"BreadcrumbList","@id":"https:\/\/centrourbano.com\/revista\/entrevistas\/se-requiere-estructura-basica-para-seguro-a-casa-habitacion\/#breadcrumb","itemListElement":[{"@type":"ListItem","position":1,"name":"Portada","item":"https:\/\/centrourbano.com\/revista\/"},{"@type":"ListItem","position":2,"name":"Se requiere estructura b\u00e1sica para seguro a casa-habitaci\u00f3n"}]},{"@type":"WebSite","@id":"https:\/\/centrourbano.com\/revista\/#website","url":"https:\/\/centrourbano.com\/revista\/","name":"Centro Urbano","description":"Medio especializado en los sectores vivienda, inmobiliario, construcci\u00f3n, arquitectura y urbanismo.","publisher":{"@id":"https:\/\/centrourbano.com\/revista\/#organization"},"potentialAction":[{"@type":"SearchAction","target":{"@type":"EntryPoint","urlTemplate":"https:\/\/centrourbano.com\/revista\/?s={search_term_string}"},"query-input":{"@type":"PropertyValueSpecification","valueRequired":true,"valueName":"search_term_string"}}],"inLanguage":"es"},{"@type":"Organization","@id":"https:\/\/centrourbano.com\/revista\/#organization","name":"Centro Urbano","url":"https:\/\/centrourbano.com\/revista\/","logo":{"@type":"ImageObject","inLanguage":"es","@id":"https:\/\/centrourbano.com\/revista\/#\/schema\/logo\/image\/","url":"https:\/\/centrourbano.com\/revista\/wp-content\/uploads\/web_CU_logo-1.png","contentUrl":"https:\/\/centrourbano.com\/revista\/wp-content\/uploads\/web_CU_logo-1.png","width":350,"height":91,"caption":"Centro Urbano"},"image":{"@id":"https:\/\/centrourbano.com\/revista\/#\/schema\/logo\/image\/"},"sameAs":["https:\/\/www.facebook.com\/portalcentrourbano","https:\/\/x.com\/CentroUrbano","https:\/\/www.instagram.com\/centro_urbano\/","https:\/\/www.linkedin.com\/company\/centro-urbano\/","http:\/\/www.youtube.com\/user\/portalcentrourbano"]},{"@type":"Person","@id":"https:\/\/centrourbano.com\/revista\/#\/schema\/person\/370fa0ba2d8dd5bde3fdb8b62ad360aa","name":"G4A","image":{"@type":"ImageObject","inLanguage":"es","@id":"https:\/\/secure.gravatar.com\/avatar\/932a97121b13d5de5bbd8193c6c83d3b92c9eda0f39623607d4280e7a5778d97?s=96&d=mm&r=g","url":"https:\/\/secure.gravatar.com\/avatar\/932a97121b13d5de5bbd8193c6c83d3b92c9eda0f39623607d4280e7a5778d97?s=96&d=mm&r=g","contentUrl":"https:\/\/secure.gravatar.com\/avatar\/932a97121b13d5de5bbd8193c6c83d3b92c9eda0f39623607d4280e7a5778d97?s=96&d=mm&r=g","caption":"G4A"},"url":"https:\/\/centrourbano.com\/revista\/author\/admin-g4a\/"}]}},"_links":{"self":[{"href":"https:\/\/centrourbano.com\/revista\/wp-json\/wp\/v2\/posts\/14489","targetHints":{"allow":["GET"]}}],"collection":[{"href":"https:\/\/centrourbano.com\/revista\/wp-json\/wp\/v2\/posts"}],"about":[{"href":"https:\/\/centrourbano.com\/revista\/wp-json\/wp\/v2\/types\/post"}],"author":[{"embeddable":true,"href":"https:\/\/centrourbano.com\/revista\/wp-json\/wp\/v2\/users\/77"}],"replies":[{"embeddable":true,"href":"https:\/\/centrourbano.com\/revista\/wp-json\/wp\/v2\/comments?post=14489"}],"version-history":[{"count":0,"href":"https:\/\/centrourbano.com\/revista\/wp-json\/wp\/v2\/posts\/14489\/revisions"}],"wp:featuredmedia":[{"embeddable":true,"href":"https:\/\/centrourbano.com\/revista\/wp-json\/wp\/v2\/media\/14492"}],"wp:attachment":[{"href":"https:\/\/centrourbano.com\/revista\/wp-json\/wp\/v2\/media?parent=14489"}],"wp:term":[{"taxonomy":"category","embeddable":true,"href":"https:\/\/centrourbano.com\/revista\/wp-json\/wp\/v2\/categories?post=14489"},{"taxonomy":"post_tag","embeddable":true,"href":"https:\/\/centrourbano.com\/revista\/wp-json\/wp\/v2\/tags?post=14489"}],"curies":[{"name":"wp","href":"https:\/\/api.w.org\/{rel}","templated":true}]}}