{"id":144704,"date":"2023-12-19T17:43:20","date_gmt":"2023-12-19T23:43:20","guid":{"rendered":"https:\/\/centrourbano.com\/?p=144704"},"modified":"2023-12-19T17:43:20","modified_gmt":"2023-12-19T23:43:20","slug":"renta-de-vivienda-tendencias-2024","status":"publish","type":"post","link":"https:\/\/centrourbano.com\/revista\/vivienda\/renta-de-vivienda-tendencias-2024\/","title":{"rendered":"Renta de vivienda, tendencia inmobiliaria para el 2024"},"content":{"rendered":"<p><em>La renta de vivienda ha mostrado un marcado crecimiento, propiciado por el bajo acceso de los mexicanos a los cr\u00e9ditos hipotecarios, entre otras cosas<\/em><!--more--><\/p>\n<p>Ante el pr\u00f3ximo inicio del 2024, diversos especialistas han realizado sus <strong>proyecciones sobre lo que podr\u00eda presentarse en el sector inmobiliario<\/strong>. Tal es el caso de desarrolladora <a href=\"https:\/\/delparque.mx\/\" target=\"_blank\" rel=\"noopener\">Del Parque<\/a> y Tinsa, valuaci\u00f3n y consultor\u00eda inmobiliaria, quienes, en conjunto, realizaron un an\u00e1lisis que se\u00f1al\u00f3 a la <strong>renta de vivienda ser\u00e1 una de las tendencias en el pr\u00f3ximo a\u00f1o<\/strong>.<\/p>\n<p>En ese sentido, Marisol Becerra, directora de consultor\u00eda de Tinsa y presidenta de Mujeres L\u00edderes por la Vivienda (Muliv), resalt\u00f3 que la <strong>renta de vivienda ha mostrado un marcado crecimiento<\/strong>, propiciado principalmente por el <strong>bajo nivel adquisitivo de los mexicanos<\/strong>. No obstante, otro de los motivos es la facilidad que este modelo de vivienda brinda, pues los habitantes pueden mudarse de forma sencilla.<\/p>\n<blockquote><p>\u201cDe acuerdo con el Instituto Nacional de Estad\u00edstica y Geograf\u00eda (INEGI), el 51% de las personas que rentan es porque dicen que no tienen acceso a un cr\u00e9dito, porque no les alcanza; En segundo lugar, pues por el tema de movilidad, porque es m\u00e1s f\u00e1cil mudarse y en tercer lugar, porque la mensualidad puede ser menor que una hipoteca. En el caso de la Ciudad de M\u00e9xico, el 12% de todas las viviendas rentadas del pa\u00eds est\u00e1n aqu\u00ed est\u00e1n en esa situaci\u00f3n, lo cual genera que haya un mercado muy interesante\u201d, explic\u00f3.<\/p><\/blockquote>\n<p>Al respecto, Becerra detall\u00f3 que entre el 2014 y el 2020, la <strong>renta de vivienda aument\u00f3 del 15.2% a un 16.4 por ciento<\/strong>, aumento causado, en parte, debido a la alta cifra de empleo informal que existe en el pa\u00eds, aspecto que dificulta el acceso a <a href=\"https:\/\/centrourbano.com\/vivienda\/credito-hipotecario-citi\/\" target=\"_blank\" rel=\"noopener\">cr\u00e9ditos hipotecarios<\/a>.<\/p>\n<p>Por otra parte, Marisol Becerra detall\u00f3 que las ciudades donde se concentra la mayor cifra de <strong>renta de vivienda son en la Ciudad de M\u00e9xico, Jalisco, Quintana Roo<\/strong>, con un rango de precios hasta los 15,000 pesos.<\/p>\n<p>En ese sentido, en la CDMX, <strong>Cuauht\u00e9moc es la alcald\u00eda que cuenta con el mayor n\u00famero de renta de vivienda<\/strong>. En el 2010 de representaba un 37% de todo el parque habitacional, en el 2015 ya representaba el 39%; es decir, hay m\u00e1s vivienda rentada que propia. En segundo lugar, Benito Ju\u00e1rez tambi\u00e9n tiene un \u00edndice bastante alto de vivienda rentada con un 39 por ciento.<\/p>\n<h2>Otras tendencias del sector inmobiliario<\/h2>\n<p>En relaci\u00f3n con ello, Becerra resalt\u00f3 que <strong>Cuauht\u00e9moc es de las alcald\u00edas con mayor crecimiento y de las m\u00e1s demandadas de la ciudad<\/strong>, esto se debe a que es c\u00e9ntrica y cuenta con <strong>centros de trabajo, de entretenimiento, transporte p\u00fablico, vialidades<\/strong>, entre otras cosas, caracter\u00edsticas que hacen atractiva la zona a para millenials, principalmente.<\/p>\n<blockquote><p>\u201cHoy ya el 50% de los compradores son millennials, representan el 50% de la demanda (\u2026) lo que queremos es eso, no tener todo muy cerca, usar el coche lo menos posible, tener todo caminando, utilizar otros medios de transporte y este es el tipo de tendencias que est\u00e1n cambiando\u201d, platic\u00f3.<\/p><\/blockquote>\n<p>Sobre ello, Enrique Tellez codirector director de la desarrolladora Del Parque, resalt\u00f3 que cada vez es<strong> mayor la demanda de vivienda que cuenta con una buena ubicaci\u00f3n<\/strong>, pues los mexicanos cada vez buscan m\u00e1s una vida de barrio.<\/p>\n<blockquote><p>\u201cEso refleja un t\u00e9rmino que a m\u00ed me gusta usar mucho, que es una \u2018vida urbanita\u2019, qu\u00e9 quiere decir esto, pues que me gusta vivir cerca de donde trabajo y encontrar todo tipo de servicios que hacen una vida m\u00e1s agradable, como entretenimiento, comercio, alimentos, educaci\u00f3n que complementan el d\u00eda a d\u00eda de mi vida, no y pensar que puedas caminar esa media hora a tu hogar de trabajo, tomar la bicicleta, creo que es lo que hoy buscamos, volver un poquito esta vida de barrio\u201d, se\u00f1al\u00f3.<\/p><\/blockquote>\n<p>Finalmente, ambos especialistas resaltaron que, en los \u00faltimos a\u00f1os, la sociedad ha presentado cambios, lo que ha generado una <strong>reconfiguraci\u00f3n de las propiedades<\/strong>, que continuar\u00e1n reflej\u00e1ndose durante el pr\u00f3ximo a\u00f1o, esto <strong>en cuesti\u00f3n de espacios y amenidades<\/strong>. Becerra tambi\u00e9n se\u00f1al\u00f3 que en el 2024 tambi\u00e9n habr\u00e1 crecimientos en temas de digitalizaci\u00f3n, productos hipotecarios enfocados a las mujeres, econom\u00eda mixta y cr\u00e9ditos orientados a la sustentabilidad.<\/p>\n","protected":false},"excerpt":{"rendered":"<p>La renta de vivienda ha mostrado un marcado crecimiento, propiciado por el bajo acceso de los mexicanos a los cr\u00e9ditos hipotecarios, entre otras cosas<\/p>\n","protected":false},"author":88,"featured_media":144705,"comment_status":"open","ping_status":"closed","sticky":false,"template":"","format":"standard","meta":{"om_disable_all_campaigns":false,"inline_featured_image":false,"_monsterinsights_skip_tracking":false,"_monsterinsights_sitenote_active":false,"_monsterinsights_sitenote_note":"","_monsterinsights_sitenote_category":0,"footnotes":""},"categories":[12],"tags":[1565,15108],"class_list":["post-144704","post","type-post","status-publish","format-standard","has-post-thumbnail","hentry","category-vivienda","tag-renta-de-vivienda","tag-vivienda-propia"],"yoast_head":"<!-- This site is optimized with the Yoast SEO plugin v27.4 - https:\/\/yoast.com\/product\/yoast-seo-wordpress\/ -->\n<title>Renta de vivienda, tendencia inmobiliaria para el 2024 -<\/title>\n<meta name=\"description\" content=\"La renta de vivienda ha mostrado un marcado crecimiento, propiciado por el bajo acceso de los mexicanos a los cr\u00e9ditos hipotecarios, entre otras cosas\" \/>\n<meta name=\"robots\" content=\"index, follow, max-snippet:-1, max-image-preview:large, max-video-preview:-1\" \/>\n<link rel=\"canonical\" href=\"https:\/\/centrourbano.com\/revista\/vivienda\/renta-de-vivienda-tendencias-2024\/\" \/>\n<meta property=\"og:locale\" content=\"es_ES\" \/>\n<meta property=\"og:type\" content=\"article\" \/>\n<meta property=\"og:title\" content=\"Renta de vivienda, tendencia inmobiliaria para el 2024 -\" \/>\n<meta property=\"og:description\" content=\"La renta de vivienda ha mostrado un marcado crecimiento, propiciado por el bajo acceso de los mexicanos a los cr\u00e9ditos hipotecarios, entre otras cosas\" \/>\n<meta property=\"og:url\" content=\"https:\/\/centrourbano.com\/revista\/vivienda\/renta-de-vivienda-tendencias-2024\/\" \/>\n<meta property=\"og:site_name\" content=\"Centro Urbano\" \/>\n<meta property=\"article:publisher\" content=\"https:\/\/www.facebook.com\/portalcentrourbano\" \/>\n<meta property=\"article:published_time\" content=\"2023-12-19T23:43:20+00:00\" \/>\n<meta property=\"og:image\" content=\"https:\/\/centrourbano.com\/revista\/wp-content\/uploads\/800-casa-19.jpg\" \/>\n\t<meta property=\"og:image:width\" content=\"800\" \/>\n\t<meta property=\"og:image:height\" content=\"800\" \/>\n\t<meta property=\"og:image:type\" content=\"image\/jpeg\" \/>\n<meta name=\"author\" content=\"Rebeca Romero\" \/>\n<meta name=\"twitter:card\" content=\"summary_large_image\" \/>\n<meta name=\"twitter:creator\" content=\"@CentroUrbano\" \/>\n<meta name=\"twitter:site\" content=\"@CentroUrbano\" \/>\n<meta name=\"twitter:label1\" content=\"Escrito por\" \/>\n\t<meta name=\"twitter:data1\" content=\"Rebeca Romero\" \/>\n\t<meta name=\"twitter:label2\" content=\"Tiempo de lectura\" \/>\n\t<meta name=\"twitter:data2\" content=\"4 minutos\" \/>\n<script type=\"application\/ld+json\" class=\"yoast-schema-graph\">{\"@context\":\"https:\\\/\\\/schema.org\",\"@graph\":[{\"@type\":\"Article\",\"@id\":\"https:\\\/\\\/centrourbano.com\\\/revista\\\/vivienda\\\/renta-de-vivienda-tendencias-2024\\\/#article\",\"isPartOf\":{\"@id\":\"https:\\\/\\\/centrourbano.com\\\/revista\\\/vivienda\\\/renta-de-vivienda-tendencias-2024\\\/\"},\"author\":{\"name\":\"Rebeca Romero\",\"@id\":\"https:\\\/\\\/centrourbano.com\\\/revista\\\/#\\\/schema\\\/person\\\/c665f1c60da3ad48cd761a707b7090b0\"},\"headline\":\"Renta de vivienda, tendencia inmobiliaria para el 2024\",\"datePublished\":\"2023-12-19T23:43:20+00:00\",\"mainEntityOfPage\":{\"@id\":\"https:\\\/\\\/centrourbano.com\\\/revista\\\/vivienda\\\/renta-de-vivienda-tendencias-2024\\\/\"},\"wordCount\":736,\"commentCount\":0,\"publisher\":{\"@id\":\"https:\\\/\\\/centrourbano.com\\\/revista\\\/#organization\"},\"image\":{\"@id\":\"https:\\\/\\\/centrourbano.com\\\/revista\\\/vivienda\\\/renta-de-vivienda-tendencias-2024\\\/#primaryimage\"},\"thumbnailUrl\":\"https:\\\/\\\/centrourbano.com\\\/revista\\\/wp-content\\\/uploads\\\/800-casa-19.jpg\",\"keywords\":[\"renta de vivienda\",\"Vivienda propia\"],\"articleSection\":[\"Vivienda\"],\"inLanguage\":\"es\",\"potentialAction\":[{\"@type\":\"CommentAction\",\"name\":\"Comment\",\"target\":[\"https:\\\/\\\/centrourbano.com\\\/revista\\\/vivienda\\\/renta-de-vivienda-tendencias-2024\\\/#respond\"]}]},{\"@type\":\"WebPage\",\"@id\":\"https:\\\/\\\/centrourbano.com\\\/revista\\\/vivienda\\\/renta-de-vivienda-tendencias-2024\\\/\",\"url\":\"https:\\\/\\\/centrourbano.com\\\/revista\\\/vivienda\\\/renta-de-vivienda-tendencias-2024\\\/\",\"name\":\"Renta de vivienda, tendencia inmobiliaria para el 2024 -\",\"isPartOf\":{\"@id\":\"https:\\\/\\\/centrourbano.com\\\/revista\\\/#website\"},\"primaryImageOfPage\":{\"@id\":\"https:\\\/\\\/centrourbano.com\\\/revista\\\/vivienda\\\/renta-de-vivienda-tendencias-2024\\\/#primaryimage\"},\"image\":{\"@id\":\"https:\\\/\\\/centrourbano.com\\\/revista\\\/vivienda\\\/renta-de-vivienda-tendencias-2024\\\/#primaryimage\"},\"thumbnailUrl\":\"https:\\\/\\\/centrourbano.com\\\/revista\\\/wp-content\\\/uploads\\\/800-casa-19.jpg\",\"datePublished\":\"2023-12-19T23:43:20+00:00\",\"description\":\"La renta de vivienda ha mostrado un marcado crecimiento, propiciado por el bajo acceso de los mexicanos a los cr\u00e9ditos hipotecarios, entre otras cosas\",\"breadcrumb\":{\"@id\":\"https:\\\/\\\/centrourbano.com\\\/revista\\\/vivienda\\\/renta-de-vivienda-tendencias-2024\\\/#breadcrumb\"},\"inLanguage\":\"es\",\"potentialAction\":[{\"@type\":\"ReadAction\",\"target\":[\"https:\\\/\\\/centrourbano.com\\\/revista\\\/vivienda\\\/renta-de-vivienda-tendencias-2024\\\/\"]}]},{\"@type\":\"ImageObject\",\"inLanguage\":\"es\",\"@id\":\"https:\\\/\\\/centrourbano.com\\\/revista\\\/vivienda\\\/renta-de-vivienda-tendencias-2024\\\/#primaryimage\",\"url\":\"https:\\\/\\\/centrourbano.com\\\/revista\\\/wp-content\\\/uploads\\\/800-casa-19.jpg\",\"contentUrl\":\"https:\\\/\\\/centrourbano.com\\\/revista\\\/wp-content\\\/uploads\\\/800-casa-19.jpg\",\"width\":800,\"height\":800,\"caption\":\"Renta de vivienda, tendencia inmobiliaria para el 2024\"},{\"@type\":\"BreadcrumbList\",\"@id\":\"https:\\\/\\\/centrourbano.com\\\/revista\\\/vivienda\\\/renta-de-vivienda-tendencias-2024\\\/#breadcrumb\",\"itemListElement\":[{\"@type\":\"ListItem\",\"position\":1,\"name\":\"Portada\",\"item\":\"https:\\\/\\\/centrourbano.com\\\/revista\\\/\"},{\"@type\":\"ListItem\",\"position\":2,\"name\":\"Renta de vivienda, tendencia inmobiliaria para el 2024\"}]},{\"@type\":\"WebSite\",\"@id\":\"https:\\\/\\\/centrourbano.com\\\/revista\\\/#website\",\"url\":\"https:\\\/\\\/centrourbano.com\\\/revista\\\/\",\"name\":\"Centro Urbano\",\"description\":\"Medio especializado en los sectores vivienda, inmobiliario, construcci\u00f3n, arquitectura y urbanismo.\",\"publisher\":{\"@id\":\"https:\\\/\\\/centrourbano.com\\\/revista\\\/#organization\"},\"potentialAction\":[{\"@type\":\"SearchAction\",\"target\":{\"@type\":\"EntryPoint\",\"urlTemplate\":\"https:\\\/\\\/centrourbano.com\\\/revista\\\/?s={search_term_string}\"},\"query-input\":{\"@type\":\"PropertyValueSpecification\",\"valueRequired\":true,\"valueName\":\"search_term_string\"}}],\"inLanguage\":\"es\"},{\"@type\":\"Organization\",\"@id\":\"https:\\\/\\\/centrourbano.com\\\/revista\\\/#organization\",\"name\":\"Centro Urbano\",\"url\":\"https:\\\/\\\/centrourbano.com\\\/revista\\\/\",\"logo\":{\"@type\":\"ImageObject\",\"inLanguage\":\"es\",\"@id\":\"https:\\\/\\\/centrourbano.com\\\/revista\\\/#\\\/schema\\\/logo\\\/image\\\/\",\"url\":\"https:\\\/\\\/centrourbano.com\\\/revista\\\/wp-content\\\/uploads\\\/web_CU_logo-1.png\",\"contentUrl\":\"https:\\\/\\\/centrourbano.com\\\/revista\\\/wp-content\\\/uploads\\\/web_CU_logo-1.png\",\"width\":350,\"height\":91,\"caption\":\"Centro Urbano\"},\"image\":{\"@id\":\"https:\\\/\\\/centrourbano.com\\\/revista\\\/#\\\/schema\\\/logo\\\/image\\\/\"},\"sameAs\":[\"https:\\\/\\\/www.facebook.com\\\/portalcentrourbano\",\"https:\\\/\\\/x.com\\\/CentroUrbano\",\"https:\\\/\\\/www.instagram.com\\\/centro_urbano\\\/\",\"https:\\\/\\\/www.linkedin.com\\\/company\\\/centro-urbano\\\/\",\"http:\\\/\\\/www.youtube.com\\\/user\\\/portalcentrourbano\"]},{\"@type\":\"Person\",\"@id\":\"https:\\\/\\\/centrourbano.com\\\/revista\\\/#\\\/schema\\\/person\\\/c665f1c60da3ad48cd761a707b7090b0\",\"name\":\"Rebeca Romero\",\"image\":{\"@type\":\"ImageObject\",\"inLanguage\":\"es\",\"@id\":\"https:\\\/\\\/secure.gravatar.com\\\/avatar\\\/aee0068ae3cc041082e0e84a8258fe5ccc00a733f187bde73b0b40d86b892826?s=96&d=mm&r=g\",\"url\":\"https:\\\/\\\/secure.gravatar.com\\\/avatar\\\/aee0068ae3cc041082e0e84a8258fe5ccc00a733f187bde73b0b40d86b892826?s=96&d=mm&r=g\",\"contentUrl\":\"https:\\\/\\\/secure.gravatar.com\\\/avatar\\\/aee0068ae3cc041082e0e84a8258fe5ccc00a733f187bde73b0b40d86b892826?s=96&d=mm&r=g\",\"caption\":\"Rebeca Romero\"},\"url\":\"https:\\\/\\\/centrourbano.com\\\/revista\\\/author\\\/rebeca-romero\\\/\"}]}<\/script>\n<!-- \/ Yoast SEO plugin. -->","yoast_head_json":{"title":"Renta de vivienda, tendencia inmobiliaria para el 2024 -","description":"La renta de vivienda ha mostrado un marcado crecimiento, propiciado por el bajo acceso de los mexicanos a los cr\u00e9ditos hipotecarios, entre otras cosas","robots":{"index":"index","follow":"follow","max-snippet":"max-snippet:-1","max-image-preview":"max-image-preview:large","max-video-preview":"max-video-preview:-1"},"canonical":"https:\/\/centrourbano.com\/revista\/vivienda\/renta-de-vivienda-tendencias-2024\/","og_locale":"es_ES","og_type":"article","og_title":"Renta de vivienda, tendencia inmobiliaria para el 2024 -","og_description":"La renta de vivienda ha mostrado un marcado crecimiento, propiciado por el bajo acceso de los mexicanos a los cr\u00e9ditos hipotecarios, entre otras cosas","og_url":"https:\/\/centrourbano.com\/revista\/vivienda\/renta-de-vivienda-tendencias-2024\/","og_site_name":"Centro Urbano","article_publisher":"https:\/\/www.facebook.com\/portalcentrourbano","article_published_time":"2023-12-19T23:43:20+00:00","og_image":[{"width":800,"height":800,"url":"https:\/\/centrourbano.com\/revista\/wp-content\/uploads\/800-casa-19.jpg","type":"image\/jpeg"}],"author":"Rebeca Romero","twitter_card":"summary_large_image","twitter_creator":"@CentroUrbano","twitter_site":"@CentroUrbano","twitter_misc":{"Escrito por":"Rebeca Romero","Tiempo de lectura":"4 minutos"},"schema":{"@context":"https:\/\/schema.org","@graph":[{"@type":"Article","@id":"https:\/\/centrourbano.com\/revista\/vivienda\/renta-de-vivienda-tendencias-2024\/#article","isPartOf":{"@id":"https:\/\/centrourbano.com\/revista\/vivienda\/renta-de-vivienda-tendencias-2024\/"},"author":{"name":"Rebeca Romero","@id":"https:\/\/centrourbano.com\/revista\/#\/schema\/person\/c665f1c60da3ad48cd761a707b7090b0"},"headline":"Renta de vivienda, tendencia inmobiliaria para el 2024","datePublished":"2023-12-19T23:43:20+00:00","mainEntityOfPage":{"@id":"https:\/\/centrourbano.com\/revista\/vivienda\/renta-de-vivienda-tendencias-2024\/"},"wordCount":736,"commentCount":0,"publisher":{"@id":"https:\/\/centrourbano.com\/revista\/#organization"},"image":{"@id":"https:\/\/centrourbano.com\/revista\/vivienda\/renta-de-vivienda-tendencias-2024\/#primaryimage"},"thumbnailUrl":"https:\/\/centrourbano.com\/revista\/wp-content\/uploads\/800-casa-19.jpg","keywords":["renta de vivienda","Vivienda propia"],"articleSection":["Vivienda"],"inLanguage":"es","potentialAction":[{"@type":"CommentAction","name":"Comment","target":["https:\/\/centrourbano.com\/revista\/vivienda\/renta-de-vivienda-tendencias-2024\/#respond"]}]},{"@type":"WebPage","@id":"https:\/\/centrourbano.com\/revista\/vivienda\/renta-de-vivienda-tendencias-2024\/","url":"https:\/\/centrourbano.com\/revista\/vivienda\/renta-de-vivienda-tendencias-2024\/","name":"Renta de vivienda, tendencia inmobiliaria para el 2024 -","isPartOf":{"@id":"https:\/\/centrourbano.com\/revista\/#website"},"primaryImageOfPage":{"@id":"https:\/\/centrourbano.com\/revista\/vivienda\/renta-de-vivienda-tendencias-2024\/#primaryimage"},"image":{"@id":"https:\/\/centrourbano.com\/revista\/vivienda\/renta-de-vivienda-tendencias-2024\/#primaryimage"},"thumbnailUrl":"https:\/\/centrourbano.com\/revista\/wp-content\/uploads\/800-casa-19.jpg","datePublished":"2023-12-19T23:43:20+00:00","description":"La renta de vivienda ha mostrado un marcado crecimiento, propiciado por el bajo acceso de los mexicanos a los cr\u00e9ditos hipotecarios, entre otras cosas","breadcrumb":{"@id":"https:\/\/centrourbano.com\/revista\/vivienda\/renta-de-vivienda-tendencias-2024\/#breadcrumb"},"inLanguage":"es","potentialAction":[{"@type":"ReadAction","target":["https:\/\/centrourbano.com\/revista\/vivienda\/renta-de-vivienda-tendencias-2024\/"]}]},{"@type":"ImageObject","inLanguage":"es","@id":"https:\/\/centrourbano.com\/revista\/vivienda\/renta-de-vivienda-tendencias-2024\/#primaryimage","url":"https:\/\/centrourbano.com\/revista\/wp-content\/uploads\/800-casa-19.jpg","contentUrl":"https:\/\/centrourbano.com\/revista\/wp-content\/uploads\/800-casa-19.jpg","width":800,"height":800,"caption":"Renta de vivienda, tendencia inmobiliaria para el 2024"},{"@type":"BreadcrumbList","@id":"https:\/\/centrourbano.com\/revista\/vivienda\/renta-de-vivienda-tendencias-2024\/#breadcrumb","itemListElement":[{"@type":"ListItem","position":1,"name":"Portada","item":"https:\/\/centrourbano.com\/revista\/"},{"@type":"ListItem","position":2,"name":"Renta de vivienda, tendencia inmobiliaria para el 2024"}]},{"@type":"WebSite","@id":"https:\/\/centrourbano.com\/revista\/#website","url":"https:\/\/centrourbano.com\/revista\/","name":"Centro Urbano","description":"Medio especializado en los sectores vivienda, inmobiliario, construcci\u00f3n, arquitectura y urbanismo.","publisher":{"@id":"https:\/\/centrourbano.com\/revista\/#organization"},"potentialAction":[{"@type":"SearchAction","target":{"@type":"EntryPoint","urlTemplate":"https:\/\/centrourbano.com\/revista\/?s={search_term_string}"},"query-input":{"@type":"PropertyValueSpecification","valueRequired":true,"valueName":"search_term_string"}}],"inLanguage":"es"},{"@type":"Organization","@id":"https:\/\/centrourbano.com\/revista\/#organization","name":"Centro Urbano","url":"https:\/\/centrourbano.com\/revista\/","logo":{"@type":"ImageObject","inLanguage":"es","@id":"https:\/\/centrourbano.com\/revista\/#\/schema\/logo\/image\/","url":"https:\/\/centrourbano.com\/revista\/wp-content\/uploads\/web_CU_logo-1.png","contentUrl":"https:\/\/centrourbano.com\/revista\/wp-content\/uploads\/web_CU_logo-1.png","width":350,"height":91,"caption":"Centro Urbano"},"image":{"@id":"https:\/\/centrourbano.com\/revista\/#\/schema\/logo\/image\/"},"sameAs":["https:\/\/www.facebook.com\/portalcentrourbano","https:\/\/x.com\/CentroUrbano","https:\/\/www.instagram.com\/centro_urbano\/","https:\/\/www.linkedin.com\/company\/centro-urbano\/","http:\/\/www.youtube.com\/user\/portalcentrourbano"]},{"@type":"Person","@id":"https:\/\/centrourbano.com\/revista\/#\/schema\/person\/c665f1c60da3ad48cd761a707b7090b0","name":"Rebeca Romero","image":{"@type":"ImageObject","inLanguage":"es","@id":"https:\/\/secure.gravatar.com\/avatar\/aee0068ae3cc041082e0e84a8258fe5ccc00a733f187bde73b0b40d86b892826?s=96&d=mm&r=g","url":"https:\/\/secure.gravatar.com\/avatar\/aee0068ae3cc041082e0e84a8258fe5ccc00a733f187bde73b0b40d86b892826?s=96&d=mm&r=g","contentUrl":"https:\/\/secure.gravatar.com\/avatar\/aee0068ae3cc041082e0e84a8258fe5ccc00a733f187bde73b0b40d86b892826?s=96&d=mm&r=g","caption":"Rebeca Romero"},"url":"https:\/\/centrourbano.com\/revista\/author\/rebeca-romero\/"}]}},"_links":{"self":[{"href":"https:\/\/centrourbano.com\/revista\/wp-json\/wp\/v2\/posts\/144704","targetHints":{"allow":["GET"]}}],"collection":[{"href":"https:\/\/centrourbano.com\/revista\/wp-json\/wp\/v2\/posts"}],"about":[{"href":"https:\/\/centrourbano.com\/revista\/wp-json\/wp\/v2\/types\/post"}],"author":[{"embeddable":true,"href":"https:\/\/centrourbano.com\/revista\/wp-json\/wp\/v2\/users\/88"}],"replies":[{"embeddable":true,"href":"https:\/\/centrourbano.com\/revista\/wp-json\/wp\/v2\/comments?post=144704"}],"version-history":[{"count":1,"href":"https:\/\/centrourbano.com\/revista\/wp-json\/wp\/v2\/posts\/144704\/revisions"}],"predecessor-version":[{"id":144716,"href":"https:\/\/centrourbano.com\/revista\/wp-json\/wp\/v2\/posts\/144704\/revisions\/144716"}],"wp:featuredmedia":[{"embeddable":true,"href":"https:\/\/centrourbano.com\/revista\/wp-json\/wp\/v2\/media\/144705"}],"wp:attachment":[{"href":"https:\/\/centrourbano.com\/revista\/wp-json\/wp\/v2\/media?parent=144704"}],"wp:term":[{"taxonomy":"category","embeddable":true,"href":"https:\/\/centrourbano.com\/revista\/wp-json\/wp\/v2\/categories?post=144704"},{"taxonomy":"post_tag","embeddable":true,"href":"https:\/\/centrourbano.com\/revista\/wp-json\/wp\/v2\/tags?post=144704"}],"curies":[{"name":"wp","href":"https:\/\/api.w.org\/{rel}","templated":true}]}}