{"id":144566,"date":"2023-12-11T13:50:51","date_gmt":"2023-12-11T19:50:51","guid":{"rendered":"https:\/\/centrourbano.com\/?p=144566"},"modified":"2023-12-11T13:50:51","modified_gmt":"2023-12-11T19:50:51","slug":"vinte-el-agua-nos-une-programa","status":"publish","type":"post","link":"https:\/\/centrourbano.com\/revista\/vivienda\/vinte-el-agua-nos-une-programa\/","title":{"rendered":"Vinte se suma a \u2018El agua nos une\u2019, programa que busca una buena gobernanza del agua"},"content":{"rendered":"<p><em>En \u2018El agua nos une\u2019, Vinte trabajar\u00e1 <span class=\"css-1qaijid r-bcqeeo r-qvutc0 r-poiln3\">para evaluar y reducir la huella de agua y de carbono en M\u00e9xico <\/span><\/em><!--more--><\/p>\n<p><a href=\"https:\/\/centrourbano.com\/?s=vinte\" target=\"_blank\" rel=\"noopener\"><strong>Vinte<\/strong><\/a>, desarrolladora de vivienda, <strong>se sum\u00f3 \u2018El agua nos une\u2019<\/strong>, programa que busca <strong>reducir la huella de agua y de carbono<\/strong>. Esta iniciativa est\u00e1 liderada por la Divisi\u00f3n Tem\u00e1tica Agua de la Agencia Suiza para el Desarrollo y la Cooperaci\u00f3n (COSUDE).<\/p>\n<p>De acuerdo con Carlos Cadena, presidente de Fundaci\u00f3n Vinte, la desarrolladora se uni\u00f3 al programa por <strong>invitaci\u00f3n de la Embajada de Suiza<\/strong>, organismo que lidera \u2018El agua nos une\u2019 en M\u00e9xico con<strong> alianza de la Comisi\u00f3n Nacional del Agua<\/strong> (Conagua).<\/p>\n<h2>Labor de \u2018El agua nos une\u2019<\/h2>\n<p>Cabe se\u00f1alar que, \u2018El agua nos une\u2019 trabaja para <strong>fortalecer la buena gobernanza del agua<\/strong>, tarea que busca a trav\u00e9s de la participaci\u00f3n de los sectores p\u00fablico y privado, y de la sociedad civil en la <strong>producci\u00f3n y el consumo responsables del l\u00edquido<\/strong>. \u00a0El programa cuenta con operaciones directas en Colombia, Per\u00fa, M\u00e9xico y Brasil. Adem\u00e1s de que busca y fomenta el intercambio con otros pa\u00edses de Am\u00e9rica Latina.<\/p>\n<p>En M\u00e9xico, \u2018El agua nos une\u2019 realiza <strong>tres principales acciones <\/strong>que incluyen el fortalecimiento de pol\u00edticas p\u00fablicas para <strong>incentivar la Gesti\u00f3n Corporativa del Agua<\/strong>. As\u00ed como la divulgaci\u00f3n de instrumentos de pol\u00edtica como la norma de re\u00faso de agua y la econom\u00eda circular.<\/p>\n<p>La iniciativa brinda asesor\u00eda t\u00e9cnica a empresas para evaluar los impactos en el agua en los procesos de producci\u00f3n. Esto con el objetivo de <strong>mejorar la eficiencia y reducir la contaminaci\u00f3n<\/strong>, lo que genera el consumo responsable de agua y estilos de vida m\u00e1s sostenibles. En el pa\u00eds, \u2018El agua nos une\u2019 es implementado por el Centro de An\u00e1lisis de Ciclo de Vida y Dise\u00f1o Sustentable, su <strong>periodo de actividad es de 2022 a octubre de 2025<\/strong>.<\/p>\n<h2>Vinte Sustentable<\/h2>\n<p>Cabe recordar que, en los \u00faltimos a\u00f1os,\u00a0<a href=\"https:\/\/www.vinte.com.mx\/\" target=\"_blank\" rel=\"noopener\"><strong>Vinte<\/strong><\/a>\u00a0ha impulsado la\u00a0<strong>sustentabilidad<\/strong>\u00a0como un <strong>factor clave del desarrollo habitacional<\/strong>. De esta manera, la firma ha desarrollado proyectos con un dise\u00f1o integral, que aprovechan los recursos naturales y equipadas con ecotecnolog\u00edas que generan ahorros en luz, agua y gas.<\/p>\n<p>Convirti\u00e9ndose as\u00ed en\u00a0<strong>l\u00edder en sustentabilidad<\/strong> en M\u00e9xico, ya que cuenta con el mayor n\u00famero de viviendas con\u00a0<strong>certificaci\u00f3n Edge<\/strong>\u00a0en el mundo; as\u00ed como nueve\u00a0<strong>Premios Nacionales de Vivienda<\/strong> y m\u00faltiples reconocimientos internacionales. Adem\u00e1s, Vinte ha impulsado la Hipoteca Verde, la casa Cero Energ\u00eda, la telemetr\u00eda en el hogar y la Casa H\u00edbrida Cero Gas.<\/p>\n","protected":false},"excerpt":{"rendered":"<p>En \u2018El agua nos une\u2019, Vinte trabajar\u00e1 para evaluar y reducir la huella de agua y de carbono en M\u00e9xico<\/p>\n","protected":false},"author":88,"featured_media":144570,"comment_status":"open","ping_status":"closed","sticky":false,"template":"","format":"standard","meta":{"om_disable_all_campaigns":false,"inline_featured_image":false,"_monsterinsights_skip_tracking":false,"_monsterinsights_sitenote_active":false,"_monsterinsights_sitenote_note":"","_monsterinsights_sitenote_category":0,"footnotes":""},"categories":[12],"tags":[23771,22088,373],"class_list":["post-144566","post","type-post","status-publish","format-standard","has-post-thumbnail","hentry","category-vivienda","tag-el-agua-nos-une","tag-comision-nacional-del-agua-conagua","tag-vinte"],"yoast_head":"<!-- This site is optimized with the Yoast SEO plugin v27.4 - https:\/\/yoast.com\/product\/yoast-seo-wordpress\/ -->\n<title>Vinte se suma a \u2018El agua nos une\u2019, programa que busca una buena gobernanza del agua -<\/title>\n<meta name=\"description\" content=\"En \u2018El agua nos une\u2019, Vinte trabajar\u00e1 para evaluar y reducir la huella de agua y de carbono en M\u00e9xico Vinte, desarrolladora de vivienda, se sum\u00f3 \u2018El agua\" \/>\n<meta name=\"robots\" content=\"index, follow, max-snippet:-1, max-image-preview:large, max-video-preview:-1\" \/>\n<link rel=\"canonical\" href=\"https:\/\/centrourbano.com\/revista\/vivienda\/vinte-el-agua-nos-une-programa\/\" \/>\n<meta property=\"og:locale\" content=\"es_ES\" \/>\n<meta property=\"og:type\" content=\"article\" \/>\n<meta property=\"og:title\" content=\"Vinte se suma a \u2018El agua nos une\u2019, programa que busca una buena gobernanza del agua -\" \/>\n<meta property=\"og:description\" content=\"En \u2018El agua nos une\u2019, Vinte trabajar\u00e1 para evaluar y reducir la huella de agua y de carbono en M\u00e9xico Vinte, desarrolladora de vivienda, se sum\u00f3 \u2018El agua\" \/>\n<meta property=\"og:url\" content=\"https:\/\/centrourbano.com\/revista\/vivienda\/vinte-el-agua-nos-une-programa\/\" \/>\n<meta property=\"og:site_name\" content=\"Centro Urbano\" \/>\n<meta property=\"article:publisher\" content=\"https:\/\/www.facebook.com\/portalcentrourbano\" \/>\n<meta property=\"article:published_time\" content=\"2023-12-11T19:50:51+00:00\" \/>\n<meta property=\"og:image\" content=\"https:\/\/centrourbano.com\/revista\/wp-content\/uploads\/\u00b4poiug.jpg\" \/>\n\t<meta property=\"og:image:width\" content=\"800\" \/>\n\t<meta property=\"og:image:height\" content=\"800\" \/>\n\t<meta property=\"og:image:type\" content=\"image\/jpeg\" \/>\n<meta name=\"author\" content=\"Rebeca Romero\" \/>\n<meta name=\"twitter:card\" content=\"summary_large_image\" \/>\n<meta name=\"twitter:creator\" content=\"@CentroUrbano\" \/>\n<meta name=\"twitter:site\" content=\"@CentroUrbano\" \/>\n<meta name=\"twitter:label1\" content=\"Escrito por\" \/>\n\t<meta name=\"twitter:data1\" content=\"Rebeca Romero\" \/>\n\t<meta name=\"twitter:label2\" content=\"Tiempo de lectura\" \/>\n\t<meta name=\"twitter:data2\" content=\"2 minutos\" \/>\n<script type=\"application\/ld+json\" class=\"yoast-schema-graph\">{\"@context\":\"https:\\\/\\\/schema.org\",\"@graph\":[{\"@type\":\"Article\",\"@id\":\"https:\\\/\\\/centrourbano.com\\\/revista\\\/vivienda\\\/vinte-el-agua-nos-une-programa\\\/#article\",\"isPartOf\":{\"@id\":\"https:\\\/\\\/centrourbano.com\\\/revista\\\/vivienda\\\/vinte-el-agua-nos-une-programa\\\/\"},\"author\":{\"name\":\"Rebeca Romero\",\"@id\":\"https:\\\/\\\/centrourbano.com\\\/revista\\\/#\\\/schema\\\/person\\\/c665f1c60da3ad48cd761a707b7090b0\"},\"headline\":\"Vinte se suma a \u2018El agua nos une\u2019, programa que busca una buena gobernanza del agua\",\"datePublished\":\"2023-12-11T19:50:51+00:00\",\"mainEntityOfPage\":{\"@id\":\"https:\\\/\\\/centrourbano.com\\\/revista\\\/vivienda\\\/vinte-el-agua-nos-une-programa\\\/\"},\"wordCount\":463,\"commentCount\":0,\"publisher\":{\"@id\":\"https:\\\/\\\/centrourbano.com\\\/revista\\\/#organization\"},\"image\":{\"@id\":\"https:\\\/\\\/centrourbano.com\\\/revista\\\/vivienda\\\/vinte-el-agua-nos-une-programa\\\/#primaryimage\"},\"thumbnailUrl\":\"https:\\\/\\\/centrourbano.com\\\/revista\\\/wp-content\\\/uploads\\\/\u00b4poiug.jpg\",\"keywords\":[\"'El agua nos une'\",\"Comisi\u00f3n Nacional del Agua (Conagua)\",\"Vinte\"],\"articleSection\":[\"Vivienda\"],\"inLanguage\":\"es\",\"potentialAction\":[{\"@type\":\"CommentAction\",\"name\":\"Comment\",\"target\":[\"https:\\\/\\\/centrourbano.com\\\/revista\\\/vivienda\\\/vinte-el-agua-nos-une-programa\\\/#respond\"]}]},{\"@type\":\"WebPage\",\"@id\":\"https:\\\/\\\/centrourbano.com\\\/revista\\\/vivienda\\\/vinte-el-agua-nos-une-programa\\\/\",\"url\":\"https:\\\/\\\/centrourbano.com\\\/revista\\\/vivienda\\\/vinte-el-agua-nos-une-programa\\\/\",\"name\":\"Vinte se suma a \u2018El agua nos une\u2019, programa que busca una buena gobernanza del agua -\",\"isPartOf\":{\"@id\":\"https:\\\/\\\/centrourbano.com\\\/revista\\\/#website\"},\"primaryImageOfPage\":{\"@id\":\"https:\\\/\\\/centrourbano.com\\\/revista\\\/vivienda\\\/vinte-el-agua-nos-une-programa\\\/#primaryimage\"},\"image\":{\"@id\":\"https:\\\/\\\/centrourbano.com\\\/revista\\\/vivienda\\\/vinte-el-agua-nos-une-programa\\\/#primaryimage\"},\"thumbnailUrl\":\"https:\\\/\\\/centrourbano.com\\\/revista\\\/wp-content\\\/uploads\\\/\u00b4poiug.jpg\",\"datePublished\":\"2023-12-11T19:50:51+00:00\",\"description\":\"En \u2018El agua nos une\u2019, Vinte trabajar\u00e1 para evaluar y reducir la huella de agua y de carbono en M\u00e9xico Vinte, desarrolladora de vivienda, se sum\u00f3 \u2018El agua\",\"breadcrumb\":{\"@id\":\"https:\\\/\\\/centrourbano.com\\\/revista\\\/vivienda\\\/vinte-el-agua-nos-une-programa\\\/#breadcrumb\"},\"inLanguage\":\"es\",\"potentialAction\":[{\"@type\":\"ReadAction\",\"target\":[\"https:\\\/\\\/centrourbano.com\\\/revista\\\/vivienda\\\/vinte-el-agua-nos-une-programa\\\/\"]}]},{\"@type\":\"ImageObject\",\"inLanguage\":\"es\",\"@id\":\"https:\\\/\\\/centrourbano.com\\\/revista\\\/vivienda\\\/vinte-el-agua-nos-une-programa\\\/#primaryimage\",\"url\":\"https:\\\/\\\/centrourbano.com\\\/revista\\\/wp-content\\\/uploads\\\/\u00b4poiug.jpg\",\"contentUrl\":\"https:\\\/\\\/centrourbano.com\\\/revista\\\/wp-content\\\/uploads\\\/\u00b4poiug.jpg\",\"width\":800,\"height\":800,\"caption\":\"Vinte se suma a \u2018El agua nos une\u2019, programa que busca una buena gobernanza del agua\"},{\"@type\":\"BreadcrumbList\",\"@id\":\"https:\\\/\\\/centrourbano.com\\\/revista\\\/vivienda\\\/vinte-el-agua-nos-une-programa\\\/#breadcrumb\",\"itemListElement\":[{\"@type\":\"ListItem\",\"position\":1,\"name\":\"Portada\",\"item\":\"https:\\\/\\\/centrourbano.com\\\/revista\\\/\"},{\"@type\":\"ListItem\",\"position\":2,\"name\":\"Vinte se suma a \u2018El agua nos une\u2019, programa que busca una buena gobernanza del agua\"}]},{\"@type\":\"WebSite\",\"@id\":\"https:\\\/\\\/centrourbano.com\\\/revista\\\/#website\",\"url\":\"https:\\\/\\\/centrourbano.com\\\/revista\\\/\",\"name\":\"Centro Urbano\",\"description\":\"Medio especializado en los sectores vivienda, inmobiliario, construcci\u00f3n, arquitectura y urbanismo.\",\"publisher\":{\"@id\":\"https:\\\/\\\/centrourbano.com\\\/revista\\\/#organization\"},\"potentialAction\":[{\"@type\":\"SearchAction\",\"target\":{\"@type\":\"EntryPoint\",\"urlTemplate\":\"https:\\\/\\\/centrourbano.com\\\/revista\\\/?s={search_term_string}\"},\"query-input\":{\"@type\":\"PropertyValueSpecification\",\"valueRequired\":true,\"valueName\":\"search_term_string\"}}],\"inLanguage\":\"es\"},{\"@type\":\"Organization\",\"@id\":\"https:\\\/\\\/centrourbano.com\\\/revista\\\/#organization\",\"name\":\"Centro Urbano\",\"url\":\"https:\\\/\\\/centrourbano.com\\\/revista\\\/\",\"logo\":{\"@type\":\"ImageObject\",\"inLanguage\":\"es\",\"@id\":\"https:\\\/\\\/centrourbano.com\\\/revista\\\/#\\\/schema\\\/logo\\\/image\\\/\",\"url\":\"https:\\\/\\\/centrourbano.com\\\/revista\\\/wp-content\\\/uploads\\\/web_CU_logo-1.png\",\"contentUrl\":\"https:\\\/\\\/centrourbano.com\\\/revista\\\/wp-content\\\/uploads\\\/web_CU_logo-1.png\",\"width\":350,\"height\":91,\"caption\":\"Centro Urbano\"},\"image\":{\"@id\":\"https:\\\/\\\/centrourbano.com\\\/revista\\\/#\\\/schema\\\/logo\\\/image\\\/\"},\"sameAs\":[\"https:\\\/\\\/www.facebook.com\\\/portalcentrourbano\",\"https:\\\/\\\/x.com\\\/CentroUrbano\",\"https:\\\/\\\/www.instagram.com\\\/centro_urbano\\\/\",\"https:\\\/\\\/www.linkedin.com\\\/company\\\/centro-urbano\\\/\",\"http:\\\/\\\/www.youtube.com\\\/user\\\/portalcentrourbano\"]},{\"@type\":\"Person\",\"@id\":\"https:\\\/\\\/centrourbano.com\\\/revista\\\/#\\\/schema\\\/person\\\/c665f1c60da3ad48cd761a707b7090b0\",\"name\":\"Rebeca Romero\",\"image\":{\"@type\":\"ImageObject\",\"inLanguage\":\"es\",\"@id\":\"https:\\\/\\\/secure.gravatar.com\\\/avatar\\\/aee0068ae3cc041082e0e84a8258fe5ccc00a733f187bde73b0b40d86b892826?s=96&d=mm&r=g\",\"url\":\"https:\\\/\\\/secure.gravatar.com\\\/avatar\\\/aee0068ae3cc041082e0e84a8258fe5ccc00a733f187bde73b0b40d86b892826?s=96&d=mm&r=g\",\"contentUrl\":\"https:\\\/\\\/secure.gravatar.com\\\/avatar\\\/aee0068ae3cc041082e0e84a8258fe5ccc00a733f187bde73b0b40d86b892826?s=96&d=mm&r=g\",\"caption\":\"Rebeca Romero\"},\"url\":\"https:\\\/\\\/centrourbano.com\\\/revista\\\/author\\\/rebeca-romero\\\/\"}]}<\/script>\n<!-- \/ Yoast SEO plugin. -->","yoast_head_json":{"title":"Vinte se suma a \u2018El agua nos une\u2019, programa que busca una buena gobernanza del agua -","description":"En \u2018El agua nos une\u2019, Vinte trabajar\u00e1 para evaluar y reducir la huella de agua y de carbono en M\u00e9xico Vinte, desarrolladora de vivienda, se sum\u00f3 \u2018El agua","robots":{"index":"index","follow":"follow","max-snippet":"max-snippet:-1","max-image-preview":"max-image-preview:large","max-video-preview":"max-video-preview:-1"},"canonical":"https:\/\/centrourbano.com\/revista\/vivienda\/vinte-el-agua-nos-une-programa\/","og_locale":"es_ES","og_type":"article","og_title":"Vinte se suma a \u2018El agua nos une\u2019, programa que busca una buena gobernanza del agua -","og_description":"En \u2018El agua nos une\u2019, Vinte trabajar\u00e1 para evaluar y reducir la huella de agua y de carbono en M\u00e9xico Vinte, desarrolladora de vivienda, se sum\u00f3 \u2018El agua","og_url":"https:\/\/centrourbano.com\/revista\/vivienda\/vinte-el-agua-nos-une-programa\/","og_site_name":"Centro Urbano","article_publisher":"https:\/\/www.facebook.com\/portalcentrourbano","article_published_time":"2023-12-11T19:50:51+00:00","og_image":[{"width":800,"height":800,"url":"https:\/\/centrourbano.com\/revista\/wp-content\/uploads\/\u00b4poiug.jpg","type":"image\/jpeg"}],"author":"Rebeca Romero","twitter_card":"summary_large_image","twitter_creator":"@CentroUrbano","twitter_site":"@CentroUrbano","twitter_misc":{"Escrito por":"Rebeca Romero","Tiempo de lectura":"2 minutos"},"schema":{"@context":"https:\/\/schema.org","@graph":[{"@type":"Article","@id":"https:\/\/centrourbano.com\/revista\/vivienda\/vinte-el-agua-nos-une-programa\/#article","isPartOf":{"@id":"https:\/\/centrourbano.com\/revista\/vivienda\/vinte-el-agua-nos-une-programa\/"},"author":{"name":"Rebeca Romero","@id":"https:\/\/centrourbano.com\/revista\/#\/schema\/person\/c665f1c60da3ad48cd761a707b7090b0"},"headline":"Vinte se suma a \u2018El agua nos une\u2019, programa que busca una buena gobernanza del agua","datePublished":"2023-12-11T19:50:51+00:00","mainEntityOfPage":{"@id":"https:\/\/centrourbano.com\/revista\/vivienda\/vinte-el-agua-nos-une-programa\/"},"wordCount":463,"commentCount":0,"publisher":{"@id":"https:\/\/centrourbano.com\/revista\/#organization"},"image":{"@id":"https:\/\/centrourbano.com\/revista\/vivienda\/vinte-el-agua-nos-une-programa\/#primaryimage"},"thumbnailUrl":"https:\/\/centrourbano.com\/revista\/wp-content\/uploads\/\u00b4poiug.jpg","keywords":["'El agua nos une'","Comisi\u00f3n Nacional del Agua (Conagua)","Vinte"],"articleSection":["Vivienda"],"inLanguage":"es","potentialAction":[{"@type":"CommentAction","name":"Comment","target":["https:\/\/centrourbano.com\/revista\/vivienda\/vinte-el-agua-nos-une-programa\/#respond"]}]},{"@type":"WebPage","@id":"https:\/\/centrourbano.com\/revista\/vivienda\/vinte-el-agua-nos-une-programa\/","url":"https:\/\/centrourbano.com\/revista\/vivienda\/vinte-el-agua-nos-une-programa\/","name":"Vinte se suma a \u2018El agua nos une\u2019, programa que busca una buena gobernanza del agua -","isPartOf":{"@id":"https:\/\/centrourbano.com\/revista\/#website"},"primaryImageOfPage":{"@id":"https:\/\/centrourbano.com\/revista\/vivienda\/vinte-el-agua-nos-une-programa\/#primaryimage"},"image":{"@id":"https:\/\/centrourbano.com\/revista\/vivienda\/vinte-el-agua-nos-une-programa\/#primaryimage"},"thumbnailUrl":"https:\/\/centrourbano.com\/revista\/wp-content\/uploads\/\u00b4poiug.jpg","datePublished":"2023-12-11T19:50:51+00:00","description":"En \u2018El agua nos une\u2019, Vinte trabajar\u00e1 para evaluar y reducir la huella de agua y de carbono en M\u00e9xico Vinte, desarrolladora de vivienda, se sum\u00f3 \u2018El agua","breadcrumb":{"@id":"https:\/\/centrourbano.com\/revista\/vivienda\/vinte-el-agua-nos-une-programa\/#breadcrumb"},"inLanguage":"es","potentialAction":[{"@type":"ReadAction","target":["https:\/\/centrourbano.com\/revista\/vivienda\/vinte-el-agua-nos-une-programa\/"]}]},{"@type":"ImageObject","inLanguage":"es","@id":"https:\/\/centrourbano.com\/revista\/vivienda\/vinte-el-agua-nos-une-programa\/#primaryimage","url":"https:\/\/centrourbano.com\/revista\/wp-content\/uploads\/\u00b4poiug.jpg","contentUrl":"https:\/\/centrourbano.com\/revista\/wp-content\/uploads\/\u00b4poiug.jpg","width":800,"height":800,"caption":"Vinte se suma a \u2018El agua nos une\u2019, programa que busca una buena gobernanza del agua"},{"@type":"BreadcrumbList","@id":"https:\/\/centrourbano.com\/revista\/vivienda\/vinte-el-agua-nos-une-programa\/#breadcrumb","itemListElement":[{"@type":"ListItem","position":1,"name":"Portada","item":"https:\/\/centrourbano.com\/revista\/"},{"@type":"ListItem","position":2,"name":"Vinte se suma a \u2018El agua nos une\u2019, programa que busca una buena gobernanza del agua"}]},{"@type":"WebSite","@id":"https:\/\/centrourbano.com\/revista\/#website","url":"https:\/\/centrourbano.com\/revista\/","name":"Centro Urbano","description":"Medio especializado en los sectores vivienda, inmobiliario, construcci\u00f3n, arquitectura y urbanismo.","publisher":{"@id":"https:\/\/centrourbano.com\/revista\/#organization"},"potentialAction":[{"@type":"SearchAction","target":{"@type":"EntryPoint","urlTemplate":"https:\/\/centrourbano.com\/revista\/?s={search_term_string}"},"query-input":{"@type":"PropertyValueSpecification","valueRequired":true,"valueName":"search_term_string"}}],"inLanguage":"es"},{"@type":"Organization","@id":"https:\/\/centrourbano.com\/revista\/#organization","name":"Centro Urbano","url":"https:\/\/centrourbano.com\/revista\/","logo":{"@type":"ImageObject","inLanguage":"es","@id":"https:\/\/centrourbano.com\/revista\/#\/schema\/logo\/image\/","url":"https:\/\/centrourbano.com\/revista\/wp-content\/uploads\/web_CU_logo-1.png","contentUrl":"https:\/\/centrourbano.com\/revista\/wp-content\/uploads\/web_CU_logo-1.png","width":350,"height":91,"caption":"Centro Urbano"},"image":{"@id":"https:\/\/centrourbano.com\/revista\/#\/schema\/logo\/image\/"},"sameAs":["https:\/\/www.facebook.com\/portalcentrourbano","https:\/\/x.com\/CentroUrbano","https:\/\/www.instagram.com\/centro_urbano\/","https:\/\/www.linkedin.com\/company\/centro-urbano\/","http:\/\/www.youtube.com\/user\/portalcentrourbano"]},{"@type":"Person","@id":"https:\/\/centrourbano.com\/revista\/#\/schema\/person\/c665f1c60da3ad48cd761a707b7090b0","name":"Rebeca Romero","image":{"@type":"ImageObject","inLanguage":"es","@id":"https:\/\/secure.gravatar.com\/avatar\/aee0068ae3cc041082e0e84a8258fe5ccc00a733f187bde73b0b40d86b892826?s=96&d=mm&r=g","url":"https:\/\/secure.gravatar.com\/avatar\/aee0068ae3cc041082e0e84a8258fe5ccc00a733f187bde73b0b40d86b892826?s=96&d=mm&r=g","contentUrl":"https:\/\/secure.gravatar.com\/avatar\/aee0068ae3cc041082e0e84a8258fe5ccc00a733f187bde73b0b40d86b892826?s=96&d=mm&r=g","caption":"Rebeca Romero"},"url":"https:\/\/centrourbano.com\/revista\/author\/rebeca-romero\/"}]}},"_links":{"self":[{"href":"https:\/\/centrourbano.com\/revista\/wp-json\/wp\/v2\/posts\/144566","targetHints":{"allow":["GET"]}}],"collection":[{"href":"https:\/\/centrourbano.com\/revista\/wp-json\/wp\/v2\/posts"}],"about":[{"href":"https:\/\/centrourbano.com\/revista\/wp-json\/wp\/v2\/types\/post"}],"author":[{"embeddable":true,"href":"https:\/\/centrourbano.com\/revista\/wp-json\/wp\/v2\/users\/88"}],"replies":[{"embeddable":true,"href":"https:\/\/centrourbano.com\/revista\/wp-json\/wp\/v2\/comments?post=144566"}],"version-history":[{"count":1,"href":"https:\/\/centrourbano.com\/revista\/wp-json\/wp\/v2\/posts\/144566\/revisions"}],"predecessor-version":[{"id":144578,"href":"https:\/\/centrourbano.com\/revista\/wp-json\/wp\/v2\/posts\/144566\/revisions\/144578"}],"wp:featuredmedia":[{"embeddable":true,"href":"https:\/\/centrourbano.com\/revista\/wp-json\/wp\/v2\/media\/144570"}],"wp:attachment":[{"href":"https:\/\/centrourbano.com\/revista\/wp-json\/wp\/v2\/media?parent=144566"}],"wp:term":[{"taxonomy":"category","embeddable":true,"href":"https:\/\/centrourbano.com\/revista\/wp-json\/wp\/v2\/categories?post=144566"},{"taxonomy":"post_tag","embeddable":true,"href":"https:\/\/centrourbano.com\/revista\/wp-json\/wp\/v2\/tags?post=144566"}],"curies":[{"name":"wp","href":"https:\/\/api.w.org\/{rel}","templated":true}]}}