{"id":144501,"date":"2023-12-07T16:01:41","date_gmt":"2023-12-07T22:01:41","guid":{"rendered":"https:\/\/centrourbano.com\/?p=144501"},"modified":"2023-12-07T16:03:54","modified_gmt":"2023-12-07T22:03:54","slug":"trabajadores-cotizar-infonavit","status":"publish","type":"post","link":"https:\/\/centrourbano.com\/revista\/vivienda\/trabajadores-cotizar-infonavit\/","title":{"rendered":"Trabajadores independientes podr\u00e1n cotizar al Infonavit"},"content":{"rendered":"<p><em>A partir del 2024, los trabajadores independientes podr\u00e1n inscribirse de manera voluntaria al Infonavit<\/em><!--more--><\/p>\n<p>Con el objetivo de continuar apoyando a los <strong>mexicanos a contar con una vivienda propia<\/strong>, el Instituto del Fondo Nacional de la Vivienda para los Trabajadores (<a href=\"https:\/\/centrourbano.com\/?s=infonavit\" target=\"_blank\" rel=\"noopener\">Infonavit<\/a>)\u00a0admitir\u00e1 la <strong>afiliaci\u00f3n de trabajadores independientes<\/strong>.<\/p>\n<p>Carlos Mart\u00ednez Vel\u00e1zquez, titular del Infonavit, explic\u00f3 esta <strong>acci\u00f3n se debe a las recientes reformas a las Leyes del Federal del Trabajo<\/strong> correspondientes al Instituto Mexicano del Seguro Social (IMSS) y del Instituto, publicadas en el Diario Oficial de la Federaci\u00f3n (DOF).<\/p>\n<blockquote><p>\u00abA partir del 1 de enero del 2024, las personas trabajadoras independientes se podr\u00e1n inscribir de forma voluntaria al\u00a0Infonavit, cosa que no se pod\u00eda hasta la reciente reforma que se public\u00f3 en el DOF\u00bb, detall\u00f3.<\/p><\/blockquote>\n<h2>Acciones del Infonavit<\/h2>\n<p>Por otra parte, Mart\u00ednez Vel\u00e1zquez resalt\u00f3 que, durante la actual administraci\u00f3n \u00a0el <a href=\"https:\/\/portalmx.infonavit.org.mx\/wps\/portal\/infonavitmx\/mx2\/patrones\/!ut\/p\/z1\/jZFNb4MwDEB_Sw9csRMgDb1FpaKFCcGBj-Yy0YmmSEAqYOPvrxqnSS3FN1vv2bINEgqQXflTq3KsdVc2j_ws2Sc7eUj4HunRzbbI8EBDP4yt4MOBfAZ8xOPeJhHPuMAkciMaMosGgoFc47uuZ5OQI41JhJhkCfFO3hYdtNf5-CIErvMXALncPgc5j1i4wB-wtOK7IQFI1ejL_A_RXSyuQPbVteqr3vzuH-XbON6HnYEGTtNkKq1VU5lfujXwmXLTwwjFfxLubZqmBdZxm_NBbDa_RgGP9Q!!\/dz\/d5\/L2dBISEvZ0FBIS9nQSEh\/\">Infonavit<\/a> ha entregado cerca de <strong>2.3 millones de\u00a0cr\u00e9ditos\u00a0en todas sus modalidades<\/strong>, lo cual ha generado una <strong>derrama econ\u00f3mica alrededor de los 1.1 billones de pesos<\/strong>.<\/p>\n<p>Del mismo modo, el titular del Instituto ha trabajado en la diversificaci\u00f3n y creaci\u00f3n de productos para que los trabajadores puedan <strong>resolver distintas situaciones relacionadas a la vivienda<\/strong>.<\/p>\n<blockquote><p>\u00abSe ofrecen\u00a0cr\u00e9ditos\u00a0directos sin intermediarios para resolver las distintas necesidades de las personas. Parte de lo que nos pidi\u00f3 el se\u00f1or presidente, fue diversificar al\u00a0Infonavit, hacerlo m\u00e1s flexible y por eso tenemos una gama de\u00a0cr\u00e9ditos\u00a0que permiten a las personas atender su necesidad de\u00a0vivienda\u00bb, coment\u00f3.<\/p><\/blockquote>\n<p>Adem\u00e1s, Carlos Mart\u00ednez indic\u00f3 que el organismo tambi\u00e9n <strong>ha beneficiado a<\/strong><strong> 4.8 millones de personas a trav\u00e9s de sus<\/strong><strong> esquemas de cobranza social<\/strong>. Esta acci\u00f3n equivale a un monto de 172,000 millones de pesos (mdp). Dichos esquemas buscan que los afiliados al Infonavit puedan <strong>liquidar sus cr\u00e9ditos de una forma m\u00e1s r\u00e1pida y accesible a su econom\u00eda<\/strong>.<\/p>\n<blockquote><p>\u00abSe tiene, para aquellos\u00a0cr\u00e9ditos\u00a0que se otorgaron antes de esta administraci\u00f3n, que eran impagables y que era una queja constante de los trabajadores, se han hecho distintos programas para acabar con esas deudas, acabar con los desalojos y privilegiar los programas de apoyo a la\u00a0vivienda\u00bb, apunt\u00f3.<\/p><\/blockquote>\n","protected":false},"excerpt":{"rendered":"<p>A partir del 2024, los trabajadores independientes podr\u00e1n inscribirse de manera voluntaria al Infonavit<\/p>\n","protected":false},"author":88,"featured_media":144505,"comment_status":"open","ping_status":"closed","sticky":false,"template":"","format":"standard","meta":{"om_disable_all_campaigns":false,"inline_featured_image":false,"_monsterinsights_skip_tracking":false,"_monsterinsights_sitenote_active":false,"_monsterinsights_sitenote_note":"","_monsterinsights_sitenote_category":0,"footnotes":""},"categories":[12],"tags":[1993,100,23744],"class_list":["post-144501","post","type-post","status-publish","format-standard","has-post-thumbnail","hentry","category-vivienda","tag-credito-infonavit","tag-infonavit","tag-trabajadores-independientes"],"yoast_head":"<!-- This site is optimized with the Yoast SEO plugin v27.4 - https:\/\/yoast.com\/product\/yoast-seo-wordpress\/ -->\n<title>Trabajadores independientes podr\u00e1n cotizar al Infonavit -<\/title>\n<meta name=\"description\" content=\"A partir del 2024, los trabajadores independientes podr\u00e1n inscribirse de manera voluntaria al Infonavit Con el objetivo de continuar apoyando a los\" \/>\n<meta name=\"robots\" content=\"index, follow, max-snippet:-1, max-image-preview:large, max-video-preview:-1\" \/>\n<link rel=\"canonical\" href=\"https:\/\/centrourbano.com\/revista\/vivienda\/trabajadores-cotizar-infonavit\/\" \/>\n<meta property=\"og:locale\" content=\"es_ES\" \/>\n<meta property=\"og:type\" content=\"article\" \/>\n<meta property=\"og:title\" content=\"Trabajadores independientes podr\u00e1n cotizar al Infonavit -\" \/>\n<meta property=\"og:description\" content=\"A partir del 2024, los trabajadores independientes podr\u00e1n inscribirse de manera voluntaria al Infonavit Con el objetivo de continuar apoyando a los\" \/>\n<meta property=\"og:url\" content=\"https:\/\/centrourbano.com\/revista\/vivienda\/trabajadores-cotizar-infonavit\/\" \/>\n<meta property=\"og:site_name\" content=\"Centro Urbano\" \/>\n<meta property=\"article:publisher\" content=\"https:\/\/www.facebook.com\/portalcentrourbano\" \/>\n<meta property=\"article:published_time\" content=\"2023-12-07T22:01:41+00:00\" \/>\n<meta property=\"article:modified_time\" content=\"2023-12-07T22:03:54+00:00\" \/>\n<meta property=\"og:image\" content=\"https:\/\/centrourbano.com\/revista\/wp-content\/uploads\/infonavit-9.jpg\" \/>\n\t<meta property=\"og:image:width\" content=\"800\" \/>\n\t<meta property=\"og:image:height\" content=\"800\" \/>\n\t<meta property=\"og:image:type\" content=\"image\/jpeg\" \/>\n<meta name=\"author\" content=\"Rebeca Romero\" \/>\n<meta name=\"twitter:card\" content=\"summary_large_image\" \/>\n<meta name=\"twitter:creator\" content=\"@CentroUrbano\" \/>\n<meta name=\"twitter:site\" content=\"@CentroUrbano\" \/>\n<meta name=\"twitter:label1\" content=\"Escrito por\" \/>\n\t<meta name=\"twitter:data1\" content=\"Rebeca Romero\" \/>\n\t<meta name=\"twitter:label2\" content=\"Tiempo de lectura\" \/>\n\t<meta name=\"twitter:data2\" content=\"2 minutos\" \/>\n<script type=\"application\/ld+json\" class=\"yoast-schema-graph\">{\"@context\":\"https:\\\/\\\/schema.org\",\"@graph\":[{\"@type\":\"Article\",\"@id\":\"https:\\\/\\\/centrourbano.com\\\/revista\\\/vivienda\\\/trabajadores-cotizar-infonavit\\\/#article\",\"isPartOf\":{\"@id\":\"https:\\\/\\\/centrourbano.com\\\/revista\\\/vivienda\\\/trabajadores-cotizar-infonavit\\\/\"},\"author\":{\"name\":\"Rebeca Romero\",\"@id\":\"https:\\\/\\\/centrourbano.com\\\/revista\\\/#\\\/schema\\\/person\\\/c665f1c60da3ad48cd761a707b7090b0\"},\"headline\":\"Trabajadores independientes podr\u00e1n cotizar al Infonavit\",\"datePublished\":\"2023-12-07T22:01:41+00:00\",\"dateModified\":\"2023-12-07T22:03:54+00:00\",\"mainEntityOfPage\":{\"@id\":\"https:\\\/\\\/centrourbano.com\\\/revista\\\/vivienda\\\/trabajadores-cotizar-infonavit\\\/\"},\"wordCount\":379,\"commentCount\":0,\"publisher\":{\"@id\":\"https:\\\/\\\/centrourbano.com\\\/revista\\\/#organization\"},\"image\":{\"@id\":\"https:\\\/\\\/centrourbano.com\\\/revista\\\/vivienda\\\/trabajadores-cotizar-infonavit\\\/#primaryimage\"},\"thumbnailUrl\":\"https:\\\/\\\/centrourbano.com\\\/revista\\\/wp-content\\\/uploads\\\/infonavit-9.jpg\",\"keywords\":[\"credito infonavit\",\"Infonavit\",\"trabajadores independientes\"],\"articleSection\":[\"Vivienda\"],\"inLanguage\":\"es\",\"potentialAction\":[{\"@type\":\"CommentAction\",\"name\":\"Comment\",\"target\":[\"https:\\\/\\\/centrourbano.com\\\/revista\\\/vivienda\\\/trabajadores-cotizar-infonavit\\\/#respond\"]}]},{\"@type\":\"WebPage\",\"@id\":\"https:\\\/\\\/centrourbano.com\\\/revista\\\/vivienda\\\/trabajadores-cotizar-infonavit\\\/\",\"url\":\"https:\\\/\\\/centrourbano.com\\\/revista\\\/vivienda\\\/trabajadores-cotizar-infonavit\\\/\",\"name\":\"Trabajadores independientes podr\u00e1n cotizar al Infonavit -\",\"isPartOf\":{\"@id\":\"https:\\\/\\\/centrourbano.com\\\/revista\\\/#website\"},\"primaryImageOfPage\":{\"@id\":\"https:\\\/\\\/centrourbano.com\\\/revista\\\/vivienda\\\/trabajadores-cotizar-infonavit\\\/#primaryimage\"},\"image\":{\"@id\":\"https:\\\/\\\/centrourbano.com\\\/revista\\\/vivienda\\\/trabajadores-cotizar-infonavit\\\/#primaryimage\"},\"thumbnailUrl\":\"https:\\\/\\\/centrourbano.com\\\/revista\\\/wp-content\\\/uploads\\\/infonavit-9.jpg\",\"datePublished\":\"2023-12-07T22:01:41+00:00\",\"dateModified\":\"2023-12-07T22:03:54+00:00\",\"description\":\"A partir del 2024, los trabajadores independientes podr\u00e1n inscribirse de manera voluntaria al Infonavit Con el objetivo de continuar apoyando a los\",\"breadcrumb\":{\"@id\":\"https:\\\/\\\/centrourbano.com\\\/revista\\\/vivienda\\\/trabajadores-cotizar-infonavit\\\/#breadcrumb\"},\"inLanguage\":\"es\",\"potentialAction\":[{\"@type\":\"ReadAction\",\"target\":[\"https:\\\/\\\/centrourbano.com\\\/revista\\\/vivienda\\\/trabajadores-cotizar-infonavit\\\/\"]}]},{\"@type\":\"ImageObject\",\"inLanguage\":\"es\",\"@id\":\"https:\\\/\\\/centrourbano.com\\\/revista\\\/vivienda\\\/trabajadores-cotizar-infonavit\\\/#primaryimage\",\"url\":\"https:\\\/\\\/centrourbano.com\\\/revista\\\/wp-content\\\/uploads\\\/infonavit-9.jpg\",\"contentUrl\":\"https:\\\/\\\/centrourbano.com\\\/revista\\\/wp-content\\\/uploads\\\/infonavit-9.jpg\",\"width\":800,\"height\":800,\"caption\":\"Trabajadores independientes podr\u00e1n cotizar al Infonavit\"},{\"@type\":\"BreadcrumbList\",\"@id\":\"https:\\\/\\\/centrourbano.com\\\/revista\\\/vivienda\\\/trabajadores-cotizar-infonavit\\\/#breadcrumb\",\"itemListElement\":[{\"@type\":\"ListItem\",\"position\":1,\"name\":\"Portada\",\"item\":\"https:\\\/\\\/centrourbano.com\\\/revista\\\/\"},{\"@type\":\"ListItem\",\"position\":2,\"name\":\"Trabajadores independientes podr\u00e1n cotizar al Infonavit\"}]},{\"@type\":\"WebSite\",\"@id\":\"https:\\\/\\\/centrourbano.com\\\/revista\\\/#website\",\"url\":\"https:\\\/\\\/centrourbano.com\\\/revista\\\/\",\"name\":\"Centro Urbano\",\"description\":\"Medio especializado en los sectores vivienda, inmobiliario, construcci\u00f3n, arquitectura y urbanismo.\",\"publisher\":{\"@id\":\"https:\\\/\\\/centrourbano.com\\\/revista\\\/#organization\"},\"potentialAction\":[{\"@type\":\"SearchAction\",\"target\":{\"@type\":\"EntryPoint\",\"urlTemplate\":\"https:\\\/\\\/centrourbano.com\\\/revista\\\/?s={search_term_string}\"},\"query-input\":{\"@type\":\"PropertyValueSpecification\",\"valueRequired\":true,\"valueName\":\"search_term_string\"}}],\"inLanguage\":\"es\"},{\"@type\":\"Organization\",\"@id\":\"https:\\\/\\\/centrourbano.com\\\/revista\\\/#organization\",\"name\":\"Centro Urbano\",\"url\":\"https:\\\/\\\/centrourbano.com\\\/revista\\\/\",\"logo\":{\"@type\":\"ImageObject\",\"inLanguage\":\"es\",\"@id\":\"https:\\\/\\\/centrourbano.com\\\/revista\\\/#\\\/schema\\\/logo\\\/image\\\/\",\"url\":\"https:\\\/\\\/centrourbano.com\\\/revista\\\/wp-content\\\/uploads\\\/web_CU_logo-1.png\",\"contentUrl\":\"https:\\\/\\\/centrourbano.com\\\/revista\\\/wp-content\\\/uploads\\\/web_CU_logo-1.png\",\"width\":350,\"height\":91,\"caption\":\"Centro Urbano\"},\"image\":{\"@id\":\"https:\\\/\\\/centrourbano.com\\\/revista\\\/#\\\/schema\\\/logo\\\/image\\\/\"},\"sameAs\":[\"https:\\\/\\\/www.facebook.com\\\/portalcentrourbano\",\"https:\\\/\\\/x.com\\\/CentroUrbano\",\"https:\\\/\\\/www.instagram.com\\\/centro_urbano\\\/\",\"https:\\\/\\\/www.linkedin.com\\\/company\\\/centro-urbano\\\/\",\"http:\\\/\\\/www.youtube.com\\\/user\\\/portalcentrourbano\"]},{\"@type\":\"Person\",\"@id\":\"https:\\\/\\\/centrourbano.com\\\/revista\\\/#\\\/schema\\\/person\\\/c665f1c60da3ad48cd761a707b7090b0\",\"name\":\"Rebeca Romero\",\"image\":{\"@type\":\"ImageObject\",\"inLanguage\":\"es\",\"@id\":\"https:\\\/\\\/secure.gravatar.com\\\/avatar\\\/aee0068ae3cc041082e0e84a8258fe5ccc00a733f187bde73b0b40d86b892826?s=96&d=mm&r=g\",\"url\":\"https:\\\/\\\/secure.gravatar.com\\\/avatar\\\/aee0068ae3cc041082e0e84a8258fe5ccc00a733f187bde73b0b40d86b892826?s=96&d=mm&r=g\",\"contentUrl\":\"https:\\\/\\\/secure.gravatar.com\\\/avatar\\\/aee0068ae3cc041082e0e84a8258fe5ccc00a733f187bde73b0b40d86b892826?s=96&d=mm&r=g\",\"caption\":\"Rebeca Romero\"},\"url\":\"https:\\\/\\\/centrourbano.com\\\/revista\\\/author\\\/rebeca-romero\\\/\"}]}<\/script>\n<!-- \/ Yoast SEO plugin. -->","yoast_head_json":{"title":"Trabajadores independientes podr\u00e1n cotizar al Infonavit -","description":"A partir del 2024, los trabajadores independientes podr\u00e1n inscribirse de manera voluntaria al Infonavit Con el objetivo de continuar apoyando a los","robots":{"index":"index","follow":"follow","max-snippet":"max-snippet:-1","max-image-preview":"max-image-preview:large","max-video-preview":"max-video-preview:-1"},"canonical":"https:\/\/centrourbano.com\/revista\/vivienda\/trabajadores-cotizar-infonavit\/","og_locale":"es_ES","og_type":"article","og_title":"Trabajadores independientes podr\u00e1n cotizar al Infonavit -","og_description":"A partir del 2024, los trabajadores independientes podr\u00e1n inscribirse de manera voluntaria al Infonavit Con el objetivo de continuar apoyando a los","og_url":"https:\/\/centrourbano.com\/revista\/vivienda\/trabajadores-cotizar-infonavit\/","og_site_name":"Centro Urbano","article_publisher":"https:\/\/www.facebook.com\/portalcentrourbano","article_published_time":"2023-12-07T22:01:41+00:00","article_modified_time":"2023-12-07T22:03:54+00:00","og_image":[{"width":800,"height":800,"url":"https:\/\/centrourbano.com\/revista\/wp-content\/uploads\/infonavit-9.jpg","type":"image\/jpeg"}],"author":"Rebeca Romero","twitter_card":"summary_large_image","twitter_creator":"@CentroUrbano","twitter_site":"@CentroUrbano","twitter_misc":{"Escrito por":"Rebeca Romero","Tiempo de lectura":"2 minutos"},"schema":{"@context":"https:\/\/schema.org","@graph":[{"@type":"Article","@id":"https:\/\/centrourbano.com\/revista\/vivienda\/trabajadores-cotizar-infonavit\/#article","isPartOf":{"@id":"https:\/\/centrourbano.com\/revista\/vivienda\/trabajadores-cotizar-infonavit\/"},"author":{"name":"Rebeca Romero","@id":"https:\/\/centrourbano.com\/revista\/#\/schema\/person\/c665f1c60da3ad48cd761a707b7090b0"},"headline":"Trabajadores independientes podr\u00e1n cotizar al Infonavit","datePublished":"2023-12-07T22:01:41+00:00","dateModified":"2023-12-07T22:03:54+00:00","mainEntityOfPage":{"@id":"https:\/\/centrourbano.com\/revista\/vivienda\/trabajadores-cotizar-infonavit\/"},"wordCount":379,"commentCount":0,"publisher":{"@id":"https:\/\/centrourbano.com\/revista\/#organization"},"image":{"@id":"https:\/\/centrourbano.com\/revista\/vivienda\/trabajadores-cotizar-infonavit\/#primaryimage"},"thumbnailUrl":"https:\/\/centrourbano.com\/revista\/wp-content\/uploads\/infonavit-9.jpg","keywords":["credito infonavit","Infonavit","trabajadores independientes"],"articleSection":["Vivienda"],"inLanguage":"es","potentialAction":[{"@type":"CommentAction","name":"Comment","target":["https:\/\/centrourbano.com\/revista\/vivienda\/trabajadores-cotizar-infonavit\/#respond"]}]},{"@type":"WebPage","@id":"https:\/\/centrourbano.com\/revista\/vivienda\/trabajadores-cotizar-infonavit\/","url":"https:\/\/centrourbano.com\/revista\/vivienda\/trabajadores-cotizar-infonavit\/","name":"Trabajadores independientes podr\u00e1n cotizar al Infonavit -","isPartOf":{"@id":"https:\/\/centrourbano.com\/revista\/#website"},"primaryImageOfPage":{"@id":"https:\/\/centrourbano.com\/revista\/vivienda\/trabajadores-cotizar-infonavit\/#primaryimage"},"image":{"@id":"https:\/\/centrourbano.com\/revista\/vivienda\/trabajadores-cotizar-infonavit\/#primaryimage"},"thumbnailUrl":"https:\/\/centrourbano.com\/revista\/wp-content\/uploads\/infonavit-9.jpg","datePublished":"2023-12-07T22:01:41+00:00","dateModified":"2023-12-07T22:03:54+00:00","description":"A partir del 2024, los trabajadores independientes podr\u00e1n inscribirse de manera voluntaria al Infonavit Con el objetivo de continuar apoyando a los","breadcrumb":{"@id":"https:\/\/centrourbano.com\/revista\/vivienda\/trabajadores-cotizar-infonavit\/#breadcrumb"},"inLanguage":"es","potentialAction":[{"@type":"ReadAction","target":["https:\/\/centrourbano.com\/revista\/vivienda\/trabajadores-cotizar-infonavit\/"]}]},{"@type":"ImageObject","inLanguage":"es","@id":"https:\/\/centrourbano.com\/revista\/vivienda\/trabajadores-cotizar-infonavit\/#primaryimage","url":"https:\/\/centrourbano.com\/revista\/wp-content\/uploads\/infonavit-9.jpg","contentUrl":"https:\/\/centrourbano.com\/revista\/wp-content\/uploads\/infonavit-9.jpg","width":800,"height":800,"caption":"Trabajadores independientes podr\u00e1n cotizar al Infonavit"},{"@type":"BreadcrumbList","@id":"https:\/\/centrourbano.com\/revista\/vivienda\/trabajadores-cotizar-infonavit\/#breadcrumb","itemListElement":[{"@type":"ListItem","position":1,"name":"Portada","item":"https:\/\/centrourbano.com\/revista\/"},{"@type":"ListItem","position":2,"name":"Trabajadores independientes podr\u00e1n cotizar al Infonavit"}]},{"@type":"WebSite","@id":"https:\/\/centrourbano.com\/revista\/#website","url":"https:\/\/centrourbano.com\/revista\/","name":"Centro Urbano","description":"Medio especializado en los sectores vivienda, inmobiliario, construcci\u00f3n, arquitectura y urbanismo.","publisher":{"@id":"https:\/\/centrourbano.com\/revista\/#organization"},"potentialAction":[{"@type":"SearchAction","target":{"@type":"EntryPoint","urlTemplate":"https:\/\/centrourbano.com\/revista\/?s={search_term_string}"},"query-input":{"@type":"PropertyValueSpecification","valueRequired":true,"valueName":"search_term_string"}}],"inLanguage":"es"},{"@type":"Organization","@id":"https:\/\/centrourbano.com\/revista\/#organization","name":"Centro Urbano","url":"https:\/\/centrourbano.com\/revista\/","logo":{"@type":"ImageObject","inLanguage":"es","@id":"https:\/\/centrourbano.com\/revista\/#\/schema\/logo\/image\/","url":"https:\/\/centrourbano.com\/revista\/wp-content\/uploads\/web_CU_logo-1.png","contentUrl":"https:\/\/centrourbano.com\/revista\/wp-content\/uploads\/web_CU_logo-1.png","width":350,"height":91,"caption":"Centro Urbano"},"image":{"@id":"https:\/\/centrourbano.com\/revista\/#\/schema\/logo\/image\/"},"sameAs":["https:\/\/www.facebook.com\/portalcentrourbano","https:\/\/x.com\/CentroUrbano","https:\/\/www.instagram.com\/centro_urbano\/","https:\/\/www.linkedin.com\/company\/centro-urbano\/","http:\/\/www.youtube.com\/user\/portalcentrourbano"]},{"@type":"Person","@id":"https:\/\/centrourbano.com\/revista\/#\/schema\/person\/c665f1c60da3ad48cd761a707b7090b0","name":"Rebeca Romero","image":{"@type":"ImageObject","inLanguage":"es","@id":"https:\/\/secure.gravatar.com\/avatar\/aee0068ae3cc041082e0e84a8258fe5ccc00a733f187bde73b0b40d86b892826?s=96&d=mm&r=g","url":"https:\/\/secure.gravatar.com\/avatar\/aee0068ae3cc041082e0e84a8258fe5ccc00a733f187bde73b0b40d86b892826?s=96&d=mm&r=g","contentUrl":"https:\/\/secure.gravatar.com\/avatar\/aee0068ae3cc041082e0e84a8258fe5ccc00a733f187bde73b0b40d86b892826?s=96&d=mm&r=g","caption":"Rebeca Romero"},"url":"https:\/\/centrourbano.com\/revista\/author\/rebeca-romero\/"}]}},"_links":{"self":[{"href":"https:\/\/centrourbano.com\/revista\/wp-json\/wp\/v2\/posts\/144501","targetHints":{"allow":["GET"]}}],"collection":[{"href":"https:\/\/centrourbano.com\/revista\/wp-json\/wp\/v2\/posts"}],"about":[{"href":"https:\/\/centrourbano.com\/revista\/wp-json\/wp\/v2\/types\/post"}],"author":[{"embeddable":true,"href":"https:\/\/centrourbano.com\/revista\/wp-json\/wp\/v2\/users\/88"}],"replies":[{"embeddable":true,"href":"https:\/\/centrourbano.com\/revista\/wp-json\/wp\/v2\/comments?post=144501"}],"version-history":[{"count":2,"href":"https:\/\/centrourbano.com\/revista\/wp-json\/wp\/v2\/posts\/144501\/revisions"}],"predecessor-version":[{"id":144511,"href":"https:\/\/centrourbano.com\/revista\/wp-json\/wp\/v2\/posts\/144501\/revisions\/144511"}],"wp:featuredmedia":[{"embeddable":true,"href":"https:\/\/centrourbano.com\/revista\/wp-json\/wp\/v2\/media\/144505"}],"wp:attachment":[{"href":"https:\/\/centrourbano.com\/revista\/wp-json\/wp\/v2\/media?parent=144501"}],"wp:term":[{"taxonomy":"category","embeddable":true,"href":"https:\/\/centrourbano.com\/revista\/wp-json\/wp\/v2\/categories?post=144501"},{"taxonomy":"post_tag","embeddable":true,"href":"https:\/\/centrourbano.com\/revista\/wp-json\/wp\/v2\/tags?post=144501"}],"curies":[{"name":"wp","href":"https:\/\/api.w.org\/{rel}","templated":true}]}}