{"id":144299,"date":"2023-11-24T16:18:57","date_gmt":"2023-11-24T22:18:57","guid":{"rendered":"https:\/\/centrourbano.com\/?p=144299"},"modified":"2023-11-24T16:18:57","modified_gmt":"2023-11-24T22:18:57","slug":"sedatu-premio-nacional-de-vivienda","status":"publish","type":"post","link":"https:\/\/centrourbano.com\/revista\/vivienda\/sedatu-premio-nacional-de-vivienda\/","title":{"rendered":"Anuncia Sedatu a los ganadores del Premio Nacional de Vivienda"},"content":{"rendered":"<p><em>El d\u00eda de hoy, Sedatu dio a conocer a los ganadores del Premio Nacional de Vivienda, mismos que recibir\u00e1n sus premios en los primeros d\u00edas de diciembre<\/em><\/p>\n<p><!--more--><\/p>\n<p>A trav\u00e9s del Premio Nacional de Vivienda, la Secretar\u00eda de Desarrollo Agrario, Territorial y Urbano (<a href=\"https:\/\/www.gob.mx\/sedatu\" target=\"_blank\" rel=\"noopener\">Sedatu<\/a>), <strong>reconoce a las mejores t\u00e9cnicas constructivas<\/strong>, arquitect\u00f3nicas, tecnol\u00f3gicas y de gesti\u00f3n aplicados el proceso de construcci\u00f3n de viviendas en M\u00e9xico. Hoy, <strong>Sedatu anunci\u00f3 a los ganadores del premio de este a\u00f1o<\/strong>.<\/p>\n<p>El galard\u00f3n tambi\u00e9n distingue a los <strong>proyectos habitacionales que cuentan con altos est\u00e1ndares de habitabilidad<\/strong>, adecuaci\u00f3n cultural, sustentabilidad, asequibilidad, accesibilidad, entre otras caracter\u00edsticas. Mediante <strong>ocho categor\u00edas<\/strong>, la Sedatu analiza los proyectos que pueden ser los ganadores del Premio Nacional de Vivienda.<\/p>\n<h2>Ganadores del Premio Nacional de Vivienda<\/h2>\n<p>De acuerdo con el objetivo de reconocimiento del Premio, uno de los ganadores de esta edici\u00f3n es el <strong>Consorcio ARA<\/strong>, en la categor\u00eda de Promoci\u00f3n de la vivienda adecuada con el <strong>proyecto Colinas De San Jos\u00e9 II<\/strong>, ubicado en Tlalnepantla de Baz, Estado de M\u00e9xico. El complejo habitacional est\u00e1 <strong>dise\u00f1ado para brindar tranquilidad<\/strong>, ya que cuenta con sistemas de vigilancia, seguridad dom\u00f3tica en cada unidad y c\u00e1maras alrededor del complejo.<\/p>\n<p>Adem\u00e1s,<a href=\"https:\/\/ara.com.mx\/desarrollos\/estado-de-mexico\/colinas-de-san-jose-ii?campaignid=2029248405&amp;adgroupid=71291357265&amp;keyword=colinas%20de%20san%20jose%20ii&amp;device=c&amp;gad_source=1&amp;gclid=CjwKCAiAsIGrBhAAEiwAEzMlC9momAIeNR_cQhD2DifDNc_aakvVKJrGduX1qefDv7eS5n56VwUD1BoCIk4QAvD_BwE\" target=\"_blank\" rel=\"noopener\"> Colinas de San Jos\u00e9<\/a> <strong>cuenta con\u00a0\u00e1reas exclusivas\u00a0para mayor privacidad<\/strong>, as\u00ed como\u00a0<strong>ecotecnolog\u00edas\u00a0para aprovechar mejor la energ\u00eda <\/strong>y los recursos, entre otras caracter\u00edsticas que les brindan a los mexicanos la oportunidad de acceder a una vivienda <a href=\"https:\/\/centrourbano.com\/vivienda\/que-es-la-vivienda-adecuada\/\" target=\"_blank\" rel=\"noopener\">adecuada<\/a>.<\/p>\n<p>Igualmente, Karen Eli Vigueras Acatitla y Saulo Roberto Rom\u00e1n Barrera, forman parte de los galardonados en la categor\u00eda de <strong>Vivienda patrimonial y tradicional, <\/strong>con el <strong>proyecto Reconstrucci\u00f3n de Viviendas Tradicionales en Chiautla De Tapia<\/strong>, Mixteca Poblana. As\u00ed como el Instituto de <strong>Seguridad Jur\u00eddica Patrimonial de Yucat\u00e1n<\/strong>, en la categor\u00eda de Mejores pr\u00e1cticas de gesti\u00f3n local con el proyecto: Acceso universal a tr\u00e1mites catastrales y registrales en l\u00ednea para predios de la propiedad privada de zonas urbanas y r\u00fasticas ubicadas en el estado de Yucat\u00e1n.<\/p>\n<h3>Menciones especiales<\/h3>\n<p>Por otra parte, hay tres proyectos que recibir\u00e1n <strong>una menci\u00f3n especial<\/strong> en el Premio Nacional de Vivienda. El primero de ellos es para <strong>HSBC M\u00e9xico en la categor\u00eda Esquema de financiamiento innovador e incluyente<\/strong>, con el proyecto Fovissste para todos y esquemas adicionales.<\/p>\n<p>Cabe mencionar que, este proyecto est\u00e1 dirigido a trabajadores del estado afiliados al Instituto de Seguridad y Servicios Sociales de los Trabajadores del Estado (ISSSTE), quienes pueden utilizar<strong> el saldo de su subcuenta de vivienda e incluirlo a un financiamiento otorgado por HSBC<\/strong>.<\/p>\n<p>Con este tipo de financiamiento, los acreditados contar\u00e1n con <strong>pagos fijos<\/strong>, otra de las ventajas es que los derechohabientes podr\u00e1n liquidar m\u00e1s r\u00e1pidamente, ya que las <strong>aportaciones patronales bimestrales son destinadas a cubrir la hipoteca<\/strong>, lo cual reduce el plazo y los intereses, entre otros beneficios.<\/p>\n<p>Los otros dos proyectos reconocidos son Sergio Erick Gerardo Estrada Mart\u00ednez, en la categor\u00eda Producci\u00f3n Social de Vivienda Asistida (PSVA), con el proyecto La casa de Ang\u00e9lica, ubicado en Tuxtla Guti\u00e9rrez, Chiapas. Y Miguel \u00c1ngel Ju\u00e1rez Pichardo, en la categor\u00eda de Trabajo de investigaci\u00f3n acad\u00e9mico, con el proyecto De la hegemon\u00eda arquitect\u00f3nica a la diversidad de espacios habitables. Un di\u00e1logo decolonial del pensamiento urbano-arquitect\u00f3nico.<\/p>\n<p>Es necesario indicar que todos los <strong>ganadores del Premio Nacional de Vivienda recibir\u00e1n sus galardones<\/strong> durante una ceremonia a realizar durante los <strong>primeros d\u00edas de diciembre<\/strong>.<\/p>\n<p>&nbsp;<\/p>\n","protected":false},"excerpt":{"rendered":"<p>El d\u00eda de hoy, Sedatu dio a conocer a los ganadores del Premio Nacional de Vivienda, mismos que recibir\u00e1n sus premios en los primeros d\u00edas de diciembre<\/p>\n","protected":false},"author":88,"featured_media":144300,"comment_status":"open","ping_status":"closed","sticky":false,"template":"","format":"standard","meta":{"om_disable_all_campaigns":false,"inline_featured_image":false,"_monsterinsights_skip_tracking":false,"_monsterinsights_sitenote_active":false,"_monsterinsights_sitenote_note":"","_monsterinsights_sitenote_category":0,"footnotes":""},"categories":[12],"tags":[326,3690,1126,105],"class_list":["post-144299","post","type-post","status-publish","format-standard","has-post-thumbnail","hentry","category-vivienda","tag-consorcio-ara","tag-hsbc","tag-premio-nacional-de-vivienda","tag-sedatu"],"yoast_head":"<!-- This site is optimized with the Yoast SEO plugin v27.4 - https:\/\/yoast.com\/product\/yoast-seo-wordpress\/ -->\n<title>Anuncia Sedatu a los ganadores del Premio Nacional de Vivienda -<\/title>\n<meta name=\"description\" content=\"El d\u00eda de hoy, Sedatu dio a conocer a los ganadores del Premio Nacional de Vivienda, mismos que recibir\u00e1n sus premios en los primeros d\u00edas de diciembre A\" \/>\n<meta name=\"robots\" content=\"index, follow, max-snippet:-1, max-image-preview:large, max-video-preview:-1\" \/>\n<link rel=\"canonical\" href=\"https:\/\/centrourbano.com\/revista\/vivienda\/sedatu-premio-nacional-de-vivienda\/\" \/>\n<meta property=\"og:locale\" content=\"es_ES\" \/>\n<meta property=\"og:type\" content=\"article\" \/>\n<meta property=\"og:title\" content=\"Anuncia Sedatu a los ganadores del Premio Nacional de Vivienda -\" \/>\n<meta property=\"og:description\" content=\"El d\u00eda de hoy, Sedatu dio a conocer a los ganadores del Premio Nacional de Vivienda, mismos que recibir\u00e1n sus premios en los primeros d\u00edas de diciembre A\" \/>\n<meta property=\"og:url\" content=\"https:\/\/centrourbano.com\/revista\/vivienda\/sedatu-premio-nacional-de-vivienda\/\" \/>\n<meta property=\"og:site_name\" content=\"Centro Urbano\" \/>\n<meta property=\"article:publisher\" content=\"https:\/\/www.facebook.com\/portalcentrourbano\" \/>\n<meta property=\"article:published_time\" content=\"2023-11-24T22:18:57+00:00\" \/>\n<meta property=\"og:image\" content=\"https:\/\/centrourbano.com\/revista\/wp-content\/uploads\/premio-3.jpg\" \/>\n\t<meta property=\"og:image:width\" content=\"800\" \/>\n\t<meta property=\"og:image:height\" content=\"800\" \/>\n\t<meta property=\"og:image:type\" content=\"image\/jpeg\" \/>\n<meta name=\"author\" content=\"Rebeca Romero\" \/>\n<meta name=\"twitter:card\" content=\"summary_large_image\" \/>\n<meta name=\"twitter:creator\" content=\"@CentroUrbano\" \/>\n<meta name=\"twitter:site\" content=\"@CentroUrbano\" \/>\n<meta name=\"twitter:label1\" content=\"Escrito por\" \/>\n\t<meta name=\"twitter:data1\" content=\"Rebeca Romero\" \/>\n\t<meta name=\"twitter:label2\" content=\"Tiempo de lectura\" \/>\n\t<meta name=\"twitter:data2\" content=\"3 minutos\" \/>\n<script type=\"application\/ld+json\" class=\"yoast-schema-graph\">{\"@context\":\"https:\\\/\\\/schema.org\",\"@graph\":[{\"@type\":\"Article\",\"@id\":\"https:\\\/\\\/centrourbano.com\\\/revista\\\/vivienda\\\/sedatu-premio-nacional-de-vivienda\\\/#article\",\"isPartOf\":{\"@id\":\"https:\\\/\\\/centrourbano.com\\\/revista\\\/vivienda\\\/sedatu-premio-nacional-de-vivienda\\\/\"},\"author\":{\"name\":\"Rebeca Romero\",\"@id\":\"https:\\\/\\\/centrourbano.com\\\/revista\\\/#\\\/schema\\\/person\\\/c665f1c60da3ad48cd761a707b7090b0\"},\"headline\":\"Anuncia Sedatu a los ganadores del Premio Nacional de Vivienda\",\"datePublished\":\"2023-11-24T22:18:57+00:00\",\"mainEntityOfPage\":{\"@id\":\"https:\\\/\\\/centrourbano.com\\\/revista\\\/vivienda\\\/sedatu-premio-nacional-de-vivienda\\\/\"},\"wordCount\":614,\"commentCount\":0,\"publisher\":{\"@id\":\"https:\\\/\\\/centrourbano.com\\\/revista\\\/#organization\"},\"image\":{\"@id\":\"https:\\\/\\\/centrourbano.com\\\/revista\\\/vivienda\\\/sedatu-premio-nacional-de-vivienda\\\/#primaryimage\"},\"thumbnailUrl\":\"https:\\\/\\\/centrourbano.com\\\/revista\\\/wp-content\\\/uploads\\\/premio-3.jpg\",\"keywords\":[\"Consorcio ARA\",\"HSBC\",\"Premio Nacional de Vivienda\",\"Sedatu\"],\"articleSection\":[\"Vivienda\"],\"inLanguage\":\"es\",\"potentialAction\":[{\"@type\":\"CommentAction\",\"name\":\"Comment\",\"target\":[\"https:\\\/\\\/centrourbano.com\\\/revista\\\/vivienda\\\/sedatu-premio-nacional-de-vivienda\\\/#respond\"]}]},{\"@type\":\"WebPage\",\"@id\":\"https:\\\/\\\/centrourbano.com\\\/revista\\\/vivienda\\\/sedatu-premio-nacional-de-vivienda\\\/\",\"url\":\"https:\\\/\\\/centrourbano.com\\\/revista\\\/vivienda\\\/sedatu-premio-nacional-de-vivienda\\\/\",\"name\":\"Anuncia Sedatu a los ganadores del Premio Nacional de Vivienda -\",\"isPartOf\":{\"@id\":\"https:\\\/\\\/centrourbano.com\\\/revista\\\/#website\"},\"primaryImageOfPage\":{\"@id\":\"https:\\\/\\\/centrourbano.com\\\/revista\\\/vivienda\\\/sedatu-premio-nacional-de-vivienda\\\/#primaryimage\"},\"image\":{\"@id\":\"https:\\\/\\\/centrourbano.com\\\/revista\\\/vivienda\\\/sedatu-premio-nacional-de-vivienda\\\/#primaryimage\"},\"thumbnailUrl\":\"https:\\\/\\\/centrourbano.com\\\/revista\\\/wp-content\\\/uploads\\\/premio-3.jpg\",\"datePublished\":\"2023-11-24T22:18:57+00:00\",\"description\":\"El d\u00eda de hoy, Sedatu dio a conocer a los ganadores del Premio Nacional de Vivienda, mismos que recibir\u00e1n sus premios en los primeros d\u00edas de diciembre A\",\"breadcrumb\":{\"@id\":\"https:\\\/\\\/centrourbano.com\\\/revista\\\/vivienda\\\/sedatu-premio-nacional-de-vivienda\\\/#breadcrumb\"},\"inLanguage\":\"es\",\"potentialAction\":[{\"@type\":\"ReadAction\",\"target\":[\"https:\\\/\\\/centrourbano.com\\\/revista\\\/vivienda\\\/sedatu-premio-nacional-de-vivienda\\\/\"]}]},{\"@type\":\"ImageObject\",\"inLanguage\":\"es\",\"@id\":\"https:\\\/\\\/centrourbano.com\\\/revista\\\/vivienda\\\/sedatu-premio-nacional-de-vivienda\\\/#primaryimage\",\"url\":\"https:\\\/\\\/centrourbano.com\\\/revista\\\/wp-content\\\/uploads\\\/premio-3.jpg\",\"contentUrl\":\"https:\\\/\\\/centrourbano.com\\\/revista\\\/wp-content\\\/uploads\\\/premio-3.jpg\",\"width\":800,\"height\":800,\"caption\":\"Anuncia Sedatu a los ganadores del Premio Nacional de Vivienda\"},{\"@type\":\"BreadcrumbList\",\"@id\":\"https:\\\/\\\/centrourbano.com\\\/revista\\\/vivienda\\\/sedatu-premio-nacional-de-vivienda\\\/#breadcrumb\",\"itemListElement\":[{\"@type\":\"ListItem\",\"position\":1,\"name\":\"Portada\",\"item\":\"https:\\\/\\\/centrourbano.com\\\/revista\\\/\"},{\"@type\":\"ListItem\",\"position\":2,\"name\":\"Anuncia Sedatu a los ganadores del Premio Nacional de Vivienda\"}]},{\"@type\":\"WebSite\",\"@id\":\"https:\\\/\\\/centrourbano.com\\\/revista\\\/#website\",\"url\":\"https:\\\/\\\/centrourbano.com\\\/revista\\\/\",\"name\":\"Centro Urbano\",\"description\":\"Medio especializado en los sectores vivienda, inmobiliario, construcci\u00f3n, arquitectura y urbanismo.\",\"publisher\":{\"@id\":\"https:\\\/\\\/centrourbano.com\\\/revista\\\/#organization\"},\"potentialAction\":[{\"@type\":\"SearchAction\",\"target\":{\"@type\":\"EntryPoint\",\"urlTemplate\":\"https:\\\/\\\/centrourbano.com\\\/revista\\\/?s={search_term_string}\"},\"query-input\":{\"@type\":\"PropertyValueSpecification\",\"valueRequired\":true,\"valueName\":\"search_term_string\"}}],\"inLanguage\":\"es\"},{\"@type\":\"Organization\",\"@id\":\"https:\\\/\\\/centrourbano.com\\\/revista\\\/#organization\",\"name\":\"Centro Urbano\",\"url\":\"https:\\\/\\\/centrourbano.com\\\/revista\\\/\",\"logo\":{\"@type\":\"ImageObject\",\"inLanguage\":\"es\",\"@id\":\"https:\\\/\\\/centrourbano.com\\\/revista\\\/#\\\/schema\\\/logo\\\/image\\\/\",\"url\":\"https:\\\/\\\/centrourbano.com\\\/revista\\\/wp-content\\\/uploads\\\/web_CU_logo-1.png\",\"contentUrl\":\"https:\\\/\\\/centrourbano.com\\\/revista\\\/wp-content\\\/uploads\\\/web_CU_logo-1.png\",\"width\":350,\"height\":91,\"caption\":\"Centro Urbano\"},\"image\":{\"@id\":\"https:\\\/\\\/centrourbano.com\\\/revista\\\/#\\\/schema\\\/logo\\\/image\\\/\"},\"sameAs\":[\"https:\\\/\\\/www.facebook.com\\\/portalcentrourbano\",\"https:\\\/\\\/x.com\\\/CentroUrbano\",\"https:\\\/\\\/www.instagram.com\\\/centro_urbano\\\/\",\"https:\\\/\\\/www.linkedin.com\\\/company\\\/centro-urbano\\\/\",\"http:\\\/\\\/www.youtube.com\\\/user\\\/portalcentrourbano\"]},{\"@type\":\"Person\",\"@id\":\"https:\\\/\\\/centrourbano.com\\\/revista\\\/#\\\/schema\\\/person\\\/c665f1c60da3ad48cd761a707b7090b0\",\"name\":\"Rebeca Romero\",\"image\":{\"@type\":\"ImageObject\",\"inLanguage\":\"es\",\"@id\":\"https:\\\/\\\/secure.gravatar.com\\\/avatar\\\/aee0068ae3cc041082e0e84a8258fe5ccc00a733f187bde73b0b40d86b892826?s=96&d=mm&r=g\",\"url\":\"https:\\\/\\\/secure.gravatar.com\\\/avatar\\\/aee0068ae3cc041082e0e84a8258fe5ccc00a733f187bde73b0b40d86b892826?s=96&d=mm&r=g\",\"contentUrl\":\"https:\\\/\\\/secure.gravatar.com\\\/avatar\\\/aee0068ae3cc041082e0e84a8258fe5ccc00a733f187bde73b0b40d86b892826?s=96&d=mm&r=g\",\"caption\":\"Rebeca Romero\"},\"url\":\"https:\\\/\\\/centrourbano.com\\\/revista\\\/author\\\/rebeca-romero\\\/\"}]}<\/script>\n<!-- \/ Yoast SEO plugin. -->","yoast_head_json":{"title":"Anuncia Sedatu a los ganadores del Premio Nacional de Vivienda -","description":"El d\u00eda de hoy, Sedatu dio a conocer a los ganadores del Premio Nacional de Vivienda, mismos que recibir\u00e1n sus premios en los primeros d\u00edas de diciembre A","robots":{"index":"index","follow":"follow","max-snippet":"max-snippet:-1","max-image-preview":"max-image-preview:large","max-video-preview":"max-video-preview:-1"},"canonical":"https:\/\/centrourbano.com\/revista\/vivienda\/sedatu-premio-nacional-de-vivienda\/","og_locale":"es_ES","og_type":"article","og_title":"Anuncia Sedatu a los ganadores del Premio Nacional de Vivienda -","og_description":"El d\u00eda de hoy, Sedatu dio a conocer a los ganadores del Premio Nacional de Vivienda, mismos que recibir\u00e1n sus premios en los primeros d\u00edas de diciembre A","og_url":"https:\/\/centrourbano.com\/revista\/vivienda\/sedatu-premio-nacional-de-vivienda\/","og_site_name":"Centro Urbano","article_publisher":"https:\/\/www.facebook.com\/portalcentrourbano","article_published_time":"2023-11-24T22:18:57+00:00","og_image":[{"width":800,"height":800,"url":"https:\/\/centrourbano.com\/revista\/wp-content\/uploads\/premio-3.jpg","type":"image\/jpeg"}],"author":"Rebeca Romero","twitter_card":"summary_large_image","twitter_creator":"@CentroUrbano","twitter_site":"@CentroUrbano","twitter_misc":{"Escrito por":"Rebeca Romero","Tiempo de lectura":"3 minutos"},"schema":{"@context":"https:\/\/schema.org","@graph":[{"@type":"Article","@id":"https:\/\/centrourbano.com\/revista\/vivienda\/sedatu-premio-nacional-de-vivienda\/#article","isPartOf":{"@id":"https:\/\/centrourbano.com\/revista\/vivienda\/sedatu-premio-nacional-de-vivienda\/"},"author":{"name":"Rebeca Romero","@id":"https:\/\/centrourbano.com\/revista\/#\/schema\/person\/c665f1c60da3ad48cd761a707b7090b0"},"headline":"Anuncia Sedatu a los ganadores del Premio Nacional de Vivienda","datePublished":"2023-11-24T22:18:57+00:00","mainEntityOfPage":{"@id":"https:\/\/centrourbano.com\/revista\/vivienda\/sedatu-premio-nacional-de-vivienda\/"},"wordCount":614,"commentCount":0,"publisher":{"@id":"https:\/\/centrourbano.com\/revista\/#organization"},"image":{"@id":"https:\/\/centrourbano.com\/revista\/vivienda\/sedatu-premio-nacional-de-vivienda\/#primaryimage"},"thumbnailUrl":"https:\/\/centrourbano.com\/revista\/wp-content\/uploads\/premio-3.jpg","keywords":["Consorcio ARA","HSBC","Premio Nacional de Vivienda","Sedatu"],"articleSection":["Vivienda"],"inLanguage":"es","potentialAction":[{"@type":"CommentAction","name":"Comment","target":["https:\/\/centrourbano.com\/revista\/vivienda\/sedatu-premio-nacional-de-vivienda\/#respond"]}]},{"@type":"WebPage","@id":"https:\/\/centrourbano.com\/revista\/vivienda\/sedatu-premio-nacional-de-vivienda\/","url":"https:\/\/centrourbano.com\/revista\/vivienda\/sedatu-premio-nacional-de-vivienda\/","name":"Anuncia Sedatu a los ganadores del Premio Nacional de Vivienda -","isPartOf":{"@id":"https:\/\/centrourbano.com\/revista\/#website"},"primaryImageOfPage":{"@id":"https:\/\/centrourbano.com\/revista\/vivienda\/sedatu-premio-nacional-de-vivienda\/#primaryimage"},"image":{"@id":"https:\/\/centrourbano.com\/revista\/vivienda\/sedatu-premio-nacional-de-vivienda\/#primaryimage"},"thumbnailUrl":"https:\/\/centrourbano.com\/revista\/wp-content\/uploads\/premio-3.jpg","datePublished":"2023-11-24T22:18:57+00:00","description":"El d\u00eda de hoy, Sedatu dio a conocer a los ganadores del Premio Nacional de Vivienda, mismos que recibir\u00e1n sus premios en los primeros d\u00edas de diciembre A","breadcrumb":{"@id":"https:\/\/centrourbano.com\/revista\/vivienda\/sedatu-premio-nacional-de-vivienda\/#breadcrumb"},"inLanguage":"es","potentialAction":[{"@type":"ReadAction","target":["https:\/\/centrourbano.com\/revista\/vivienda\/sedatu-premio-nacional-de-vivienda\/"]}]},{"@type":"ImageObject","inLanguage":"es","@id":"https:\/\/centrourbano.com\/revista\/vivienda\/sedatu-premio-nacional-de-vivienda\/#primaryimage","url":"https:\/\/centrourbano.com\/revista\/wp-content\/uploads\/premio-3.jpg","contentUrl":"https:\/\/centrourbano.com\/revista\/wp-content\/uploads\/premio-3.jpg","width":800,"height":800,"caption":"Anuncia Sedatu a los ganadores del Premio Nacional de Vivienda"},{"@type":"BreadcrumbList","@id":"https:\/\/centrourbano.com\/revista\/vivienda\/sedatu-premio-nacional-de-vivienda\/#breadcrumb","itemListElement":[{"@type":"ListItem","position":1,"name":"Portada","item":"https:\/\/centrourbano.com\/revista\/"},{"@type":"ListItem","position":2,"name":"Anuncia Sedatu a los ganadores del Premio Nacional de Vivienda"}]},{"@type":"WebSite","@id":"https:\/\/centrourbano.com\/revista\/#website","url":"https:\/\/centrourbano.com\/revista\/","name":"Centro Urbano","description":"Medio especializado en los sectores vivienda, inmobiliario, construcci\u00f3n, arquitectura y urbanismo.","publisher":{"@id":"https:\/\/centrourbano.com\/revista\/#organization"},"potentialAction":[{"@type":"SearchAction","target":{"@type":"EntryPoint","urlTemplate":"https:\/\/centrourbano.com\/revista\/?s={search_term_string}"},"query-input":{"@type":"PropertyValueSpecification","valueRequired":true,"valueName":"search_term_string"}}],"inLanguage":"es"},{"@type":"Organization","@id":"https:\/\/centrourbano.com\/revista\/#organization","name":"Centro Urbano","url":"https:\/\/centrourbano.com\/revista\/","logo":{"@type":"ImageObject","inLanguage":"es","@id":"https:\/\/centrourbano.com\/revista\/#\/schema\/logo\/image\/","url":"https:\/\/centrourbano.com\/revista\/wp-content\/uploads\/web_CU_logo-1.png","contentUrl":"https:\/\/centrourbano.com\/revista\/wp-content\/uploads\/web_CU_logo-1.png","width":350,"height":91,"caption":"Centro Urbano"},"image":{"@id":"https:\/\/centrourbano.com\/revista\/#\/schema\/logo\/image\/"},"sameAs":["https:\/\/www.facebook.com\/portalcentrourbano","https:\/\/x.com\/CentroUrbano","https:\/\/www.instagram.com\/centro_urbano\/","https:\/\/www.linkedin.com\/company\/centro-urbano\/","http:\/\/www.youtube.com\/user\/portalcentrourbano"]},{"@type":"Person","@id":"https:\/\/centrourbano.com\/revista\/#\/schema\/person\/c665f1c60da3ad48cd761a707b7090b0","name":"Rebeca Romero","image":{"@type":"ImageObject","inLanguage":"es","@id":"https:\/\/secure.gravatar.com\/avatar\/aee0068ae3cc041082e0e84a8258fe5ccc00a733f187bde73b0b40d86b892826?s=96&d=mm&r=g","url":"https:\/\/secure.gravatar.com\/avatar\/aee0068ae3cc041082e0e84a8258fe5ccc00a733f187bde73b0b40d86b892826?s=96&d=mm&r=g","contentUrl":"https:\/\/secure.gravatar.com\/avatar\/aee0068ae3cc041082e0e84a8258fe5ccc00a733f187bde73b0b40d86b892826?s=96&d=mm&r=g","caption":"Rebeca Romero"},"url":"https:\/\/centrourbano.com\/revista\/author\/rebeca-romero\/"}]}},"_links":{"self":[{"href":"https:\/\/centrourbano.com\/revista\/wp-json\/wp\/v2\/posts\/144299","targetHints":{"allow":["GET"]}}],"collection":[{"href":"https:\/\/centrourbano.com\/revista\/wp-json\/wp\/v2\/posts"}],"about":[{"href":"https:\/\/centrourbano.com\/revista\/wp-json\/wp\/v2\/types\/post"}],"author":[{"embeddable":true,"href":"https:\/\/centrourbano.com\/revista\/wp-json\/wp\/v2\/users\/88"}],"replies":[{"embeddable":true,"href":"https:\/\/centrourbano.com\/revista\/wp-json\/wp\/v2\/comments?post=144299"}],"version-history":[{"count":2,"href":"https:\/\/centrourbano.com\/revista\/wp-json\/wp\/v2\/posts\/144299\/revisions"}],"predecessor-version":[{"id":144302,"href":"https:\/\/centrourbano.com\/revista\/wp-json\/wp\/v2\/posts\/144299\/revisions\/144302"}],"wp:featuredmedia":[{"embeddable":true,"href":"https:\/\/centrourbano.com\/revista\/wp-json\/wp\/v2\/media\/144300"}],"wp:attachment":[{"href":"https:\/\/centrourbano.com\/revista\/wp-json\/wp\/v2\/media?parent=144299"}],"wp:term":[{"taxonomy":"category","embeddable":true,"href":"https:\/\/centrourbano.com\/revista\/wp-json\/wp\/v2\/categories?post=144299"},{"taxonomy":"post_tag","embeddable":true,"href":"https:\/\/centrourbano.com\/revista\/wp-json\/wp\/v2\/tags?post=144299"}],"curies":[{"name":"wp","href":"https:\/\/api.w.org\/{rel}","templated":true}]}}