{"id":144232,"date":"2023-11-22T16:25:25","date_gmt":"2023-11-22T22:25:25","guid":{"rendered":"https:\/\/centrourbano.com\/?p=144232"},"modified":"2023-11-22T18:58:53","modified_gmt":"2023-11-23T00:58:53","slug":"bmv-cero-bolsa-empresas-mercado","status":"publish","type":"post","link":"https:\/\/centrourbano.com\/revista\/inmobiliario\/bmv-cero-bolsa-empresas-mercado\/","title":{"rendered":"BMV lanza \u2018De cero a bolsa\u2019, para empresas que buscan entrar al mercado burs\u00e1til"},"content":{"rendered":"<p><em>\u201cEste programa acompa\u00f1ar\u00e1 a las empresas para que conozcan c\u00f3mo funciona el Mercado de Valores\u201d, explic\u00f3 el director de Promoci\u00f3n y Emisoras de BMV<\/em><!--more--><\/p>\n<p>Tras la reciente aprobaci\u00f3n de la reforma a la <a href=\"https:\/\/centrourbano.com\/actualidad\/reforma-ley-mercado-valores\/\" target=\"_blank\" rel=\"noopener\"><strong>Ley del Mercado de Valores<\/strong><\/a>, el <strong>Grupo Bolsa Mexicana de Valores <\/strong>(<strong>Grupo BMV<\/strong>), a trav\u00e9s de su equipo de Promoci\u00f3n y Emisoras, anunci\u00f3 el lanzamiento del programa \u2018<strong>De cero a Bolsa\u2019<\/strong>, con el que buscar\u00e1 incentivar a que m\u00e1s empresas, en particular las medianas, consideren el mercado burs\u00e1til como una opci\u00f3n de financiamiento.<\/p>\n<p>Asimismo, a trav\u00e9s de este programa, la <strong>BMV<\/strong> brindar\u00e1 acompa\u00f1amiento a las empresas en su camino a Bolsa para conocer y capacitarse en temas burs\u00e1tiles para emitir valores y aprovechar las bondades del mercado.<\/p>\n<p>\u201cEste programa acompa\u00f1ar\u00e1 a las empresas en crecimiento para que conozcan c\u00f3mo funciona el <strong>Mercado de Valores<\/strong>, paso a paso, hasta dotarlas de herramientas, sinergias y las cualidades necesarias para que obtengan financiamiento en las mejores condiciones, ya se deuda o capital, en la <strong>Bolsa Mexicana de Valores<\/strong>\u201d, coment\u00f3 <strong>Juan Manuel Olivo, director de Promoci\u00f3n y Emisoras del <a href=\"https:\/\/www.bmv.com.mx\/\" target=\"_blank\" rel=\"noopener\">Grupo<\/a> BMV<\/strong>.<\/p>\n<p>\u2018<strong>De cero a Bolsa\u2019<\/strong> se sustenta en tres pilares que guiar\u00e1n a las empresas a lo largo de su proceso de preparaci\u00f3n para llegar al mercado de valores:<\/p>\n<ol>\n<li><strong>Capacitaci\u00f3n<\/strong>: Expertos ofrecer\u00e1n a las empresas una ruta definida sobre los temas m\u00e1s relevantes para estructurar el financiamiento en la BMV. Dentro de los principales temas a atender, se encuentran: adopci\u00f3n de normas de informaci\u00f3n financiera, la alineaci\u00f3n de su negocio a la estrategia ASG y la preparaci\u00f3n de un s\u00f3lido gobierno corporativo, entre otros.<\/li>\n<li><strong>Certificaci\u00f3n<\/strong>: Despu\u00e9s del proceso de de capacitaci\u00f3n, las empresas lograr\u00e1n un reconocimiento respecto a las capacidades t\u00e9cnicas obtenidas, con el objetivo de comenzar el proceso de preparaci\u00f3n al financiamiento burs\u00e1til con los distintos participantes del Mercado de Valores.<\/li>\n<li><strong>Emisi\u00f3n<\/strong>: Finalmente, la BMV apoyar\u00e1 a las empresas en la etapa de emisi\u00f3n, que incluye su preparaci\u00f3n para el acercamiento con inversionistas, familiarizarse con el ecosistema burs\u00e1til, entrega de informaci\u00f3n y el equipo de relaci\u00f3n con inversionistas, entre otros.<\/li>\n<\/ol>\n<p>Adem\u00e1s, las empresas podr\u00e1n acceder al programa de manera gratuita, y la <strong>BMV<\/strong> cuenta con un plan de facilidades mediante el cual no cobrar\u00e1 la cuota de listado para aquellas empresas medianas que incursionen en el mercado de valores por primera vez, adem\u00e1s de que otorgar\u00e1 un descuento del 50% en la cuota de mantenimiento para el primer a\u00f1o de cotizaci\u00f3n.<\/p>\n<p>\u201cAunque sabemos que el proceso de emisi\u00f3n depende de muchos factores y recae en la decisi\u00f3n de las empresas, las futuras emisoras estar\u00e1n 100% preparadas para aprovechar las oportunidades del mercado en temas de transparencia y divulgaci\u00f3n, as\u00ed como de buenas pr\u00e1cticas\u201d, a\u00f1adi\u00f3 <strong>Olivo<\/strong>.<\/p>\n","protected":false},"excerpt":{"rendered":"<p>\u201cEste programa acompa\u00f1ar\u00e1 a las empresas para que conozcan c\u00f3mo funciona el Mercado de Valores\u201d, explic\u00f3 el director de Promoci\u00f3n y Emisoras de BMV<\/p>\n","protected":false},"author":73,"featured_media":144233,"comment_status":"open","ping_status":"closed","sticky":false,"template":"","format":"standard","meta":{"om_disable_all_campaigns":false,"inline_featured_image":false,"_monsterinsights_skip_tracking":false,"_monsterinsights_sitenote_active":false,"_monsterinsights_sitenote_note":"","_monsterinsights_sitenote_category":0,"footnotes":""},"categories":[15],"tags":[13530,23722,3129,7452],"class_list":["post-144232","post","type-post","status-publish","format-standard","has-post-thumbnail","hentry","category-inmobiliario","tag-bolsa-mexicana-de-valores-bmv","tag-de-cero-a-bolsa","tag-empresas","tag-mercado-de-valores"],"yoast_head":"<!-- This site is optimized with the Yoast SEO plugin v27.4 - https:\/\/yoast.com\/product\/yoast-seo-wordpress\/ -->\n<title>BMV lanza \u2018De cero a bolsa\u2019, para empresas que buscan entrar al mercado burs\u00e1til -<\/title>\n<meta name=\"description\" content=\"\u201cEste programa acompa\u00f1ar\u00e1 a las empresas para que conozcan c\u00f3mo funciona el Mercado de Valores\u201d, explic\u00f3 el director de Promoci\u00f3n y Emisoras de BMV Tras\" \/>\n<meta name=\"robots\" content=\"index, follow, max-snippet:-1, max-image-preview:large, max-video-preview:-1\" \/>\n<link rel=\"canonical\" href=\"https:\/\/centrourbano.com\/revista\/inmobiliario\/bmv-cero-bolsa-empresas-mercado\/\" \/>\n<meta property=\"og:locale\" content=\"es_ES\" \/>\n<meta property=\"og:type\" content=\"article\" \/>\n<meta property=\"og:title\" content=\"BMV lanza \u2018De cero a bolsa\u2019, para empresas que buscan entrar al mercado burs\u00e1til -\" \/>\n<meta property=\"og:description\" content=\"\u201cEste programa acompa\u00f1ar\u00e1 a las empresas para que conozcan c\u00f3mo funciona el Mercado de Valores\u201d, explic\u00f3 el director de Promoci\u00f3n y Emisoras de BMV Tras\" \/>\n<meta property=\"og:url\" content=\"https:\/\/centrourbano.com\/revista\/inmobiliario\/bmv-cero-bolsa-empresas-mercado\/\" \/>\n<meta property=\"og:site_name\" content=\"Centro Urbano\" \/>\n<meta property=\"article:publisher\" content=\"https:\/\/www.facebook.com\/portalcentrourbano\" \/>\n<meta property=\"article:published_time\" content=\"2023-11-22T22:25:25+00:00\" \/>\n<meta property=\"article:modified_time\" content=\"2023-11-23T00:58:53+00:00\" \/>\n<meta property=\"og:image\" content=\"https:\/\/centrourbano.com\/revista\/wp-content\/uploads\/BMV-lanza-\u2018De-cero-a-bolsa-para-empresas-que-buscan-entrar-al-mercado-bursatil.jpg\" \/>\n\t<meta property=\"og:image:width\" content=\"1550\" \/>\n\t<meta property=\"og:image:height\" content=\"1347\" \/>\n\t<meta property=\"og:image:type\" content=\"image\/jpeg\" \/>\n<meta name=\"author\" content=\"Fernanda Hern\u00e1ndez\" \/>\n<meta name=\"twitter:card\" content=\"summary_large_image\" \/>\n<meta name=\"twitter:creator\" content=\"@https:\/\/twitter.com\/Nannz_Hernandez\" \/>\n<meta name=\"twitter:site\" content=\"@CentroUrbano\" \/>\n<meta name=\"twitter:label1\" content=\"Escrito por\" \/>\n\t<meta name=\"twitter:data1\" content=\"Fernanda Hern\u00e1ndez\" \/>\n\t<meta name=\"twitter:label2\" content=\"Tiempo de lectura\" \/>\n\t<meta name=\"twitter:data2\" content=\"2 minutos\" \/>\n<script type=\"application\/ld+json\" class=\"yoast-schema-graph\">{\"@context\":\"https:\\\/\\\/schema.org\",\"@graph\":[{\"@type\":\"Article\",\"@id\":\"https:\\\/\\\/centrourbano.com\\\/revista\\\/inmobiliario\\\/bmv-cero-bolsa-empresas-mercado\\\/#article\",\"isPartOf\":{\"@id\":\"https:\\\/\\\/centrourbano.com\\\/revista\\\/inmobiliario\\\/bmv-cero-bolsa-empresas-mercado\\\/\"},\"author\":{\"name\":\"Fernanda Hern\u00e1ndez\",\"@id\":\"https:\\\/\\\/centrourbano.com\\\/revista\\\/#\\\/schema\\\/person\\\/b190b20bbbceb41ec72278c546fa8df3\"},\"headline\":\"BMV lanza \u2018De cero a bolsa\u2019, para empresas que buscan entrar al mercado burs\u00e1til\",\"datePublished\":\"2023-11-22T22:25:25+00:00\",\"dateModified\":\"2023-11-23T00:58:53+00:00\",\"mainEntityOfPage\":{\"@id\":\"https:\\\/\\\/centrourbano.com\\\/revista\\\/inmobiliario\\\/bmv-cero-bolsa-empresas-mercado\\\/\"},\"wordCount\":507,\"commentCount\":0,\"publisher\":{\"@id\":\"https:\\\/\\\/centrourbano.com\\\/revista\\\/#organization\"},\"image\":{\"@id\":\"https:\\\/\\\/centrourbano.com\\\/revista\\\/inmobiliario\\\/bmv-cero-bolsa-empresas-mercado\\\/#primaryimage\"},\"thumbnailUrl\":\"https:\\\/\\\/centrourbano.com\\\/revista\\\/wp-content\\\/uploads\\\/BMV-lanza-\u2018De-cero-a-bolsa-para-empresas-que-buscan-entrar-al-mercado-bursatil.jpg\",\"keywords\":[\"Bolsa Mexicana de Valores (BMV)\",\"De Cero a Bolsa\",\"Empresas\",\"mercado de valores\"],\"articleSection\":[\"Inmobiliario\"],\"inLanguage\":\"es\",\"potentialAction\":[{\"@type\":\"CommentAction\",\"name\":\"Comment\",\"target\":[\"https:\\\/\\\/centrourbano.com\\\/revista\\\/inmobiliario\\\/bmv-cero-bolsa-empresas-mercado\\\/#respond\"]}]},{\"@type\":\"WebPage\",\"@id\":\"https:\\\/\\\/centrourbano.com\\\/revista\\\/inmobiliario\\\/bmv-cero-bolsa-empresas-mercado\\\/\",\"url\":\"https:\\\/\\\/centrourbano.com\\\/revista\\\/inmobiliario\\\/bmv-cero-bolsa-empresas-mercado\\\/\",\"name\":\"BMV lanza \u2018De cero a bolsa\u2019, para empresas que buscan entrar al mercado burs\u00e1til -\",\"isPartOf\":{\"@id\":\"https:\\\/\\\/centrourbano.com\\\/revista\\\/#website\"},\"primaryImageOfPage\":{\"@id\":\"https:\\\/\\\/centrourbano.com\\\/revista\\\/inmobiliario\\\/bmv-cero-bolsa-empresas-mercado\\\/#primaryimage\"},\"image\":{\"@id\":\"https:\\\/\\\/centrourbano.com\\\/revista\\\/inmobiliario\\\/bmv-cero-bolsa-empresas-mercado\\\/#primaryimage\"},\"thumbnailUrl\":\"https:\\\/\\\/centrourbano.com\\\/revista\\\/wp-content\\\/uploads\\\/BMV-lanza-\u2018De-cero-a-bolsa-para-empresas-que-buscan-entrar-al-mercado-bursatil.jpg\",\"datePublished\":\"2023-11-22T22:25:25+00:00\",\"dateModified\":\"2023-11-23T00:58:53+00:00\",\"description\":\"\u201cEste programa acompa\u00f1ar\u00e1 a las empresas para que conozcan c\u00f3mo funciona el Mercado de Valores\u201d, explic\u00f3 el director de Promoci\u00f3n y Emisoras de BMV Tras\",\"breadcrumb\":{\"@id\":\"https:\\\/\\\/centrourbano.com\\\/revista\\\/inmobiliario\\\/bmv-cero-bolsa-empresas-mercado\\\/#breadcrumb\"},\"inLanguage\":\"es\",\"potentialAction\":[{\"@type\":\"ReadAction\",\"target\":[\"https:\\\/\\\/centrourbano.com\\\/revista\\\/inmobiliario\\\/bmv-cero-bolsa-empresas-mercado\\\/\"]}]},{\"@type\":\"ImageObject\",\"inLanguage\":\"es\",\"@id\":\"https:\\\/\\\/centrourbano.com\\\/revista\\\/inmobiliario\\\/bmv-cero-bolsa-empresas-mercado\\\/#primaryimage\",\"url\":\"https:\\\/\\\/centrourbano.com\\\/revista\\\/wp-content\\\/uploads\\\/BMV-lanza-\u2018De-cero-a-bolsa-para-empresas-que-buscan-entrar-al-mercado-bursatil.jpg\",\"contentUrl\":\"https:\\\/\\\/centrourbano.com\\\/revista\\\/wp-content\\\/uploads\\\/BMV-lanza-\u2018De-cero-a-bolsa-para-empresas-que-buscan-entrar-al-mercado-bursatil.jpg\",\"width\":1550,\"height\":1347,\"caption\":\"\u201cEste programa acompa\u00f1ar\u00e1 a las empresas para que conozcan c\u00f3mo funciona el Mercado de Valores\u201d, explic\u00f3 el director de Promoci\u00f3n y Emisoras de BMV\"},{\"@type\":\"BreadcrumbList\",\"@id\":\"https:\\\/\\\/centrourbano.com\\\/revista\\\/inmobiliario\\\/bmv-cero-bolsa-empresas-mercado\\\/#breadcrumb\",\"itemListElement\":[{\"@type\":\"ListItem\",\"position\":1,\"name\":\"Portada\",\"item\":\"https:\\\/\\\/centrourbano.com\\\/revista\\\/\"},{\"@type\":\"ListItem\",\"position\":2,\"name\":\"BMV lanza \u2018De cero a bolsa\u2019, para empresas que buscan entrar al mercado burs\u00e1til\"}]},{\"@type\":\"WebSite\",\"@id\":\"https:\\\/\\\/centrourbano.com\\\/revista\\\/#website\",\"url\":\"https:\\\/\\\/centrourbano.com\\\/revista\\\/\",\"name\":\"Centro Urbano\",\"description\":\"Medio especializado en los sectores vivienda, inmobiliario, construcci\u00f3n, arquitectura y urbanismo.\",\"publisher\":{\"@id\":\"https:\\\/\\\/centrourbano.com\\\/revista\\\/#organization\"},\"potentialAction\":[{\"@type\":\"SearchAction\",\"target\":{\"@type\":\"EntryPoint\",\"urlTemplate\":\"https:\\\/\\\/centrourbano.com\\\/revista\\\/?s={search_term_string}\"},\"query-input\":{\"@type\":\"PropertyValueSpecification\",\"valueRequired\":true,\"valueName\":\"search_term_string\"}}],\"inLanguage\":\"es\"},{\"@type\":\"Organization\",\"@id\":\"https:\\\/\\\/centrourbano.com\\\/revista\\\/#organization\",\"name\":\"Centro Urbano\",\"url\":\"https:\\\/\\\/centrourbano.com\\\/revista\\\/\",\"logo\":{\"@type\":\"ImageObject\",\"inLanguage\":\"es\",\"@id\":\"https:\\\/\\\/centrourbano.com\\\/revista\\\/#\\\/schema\\\/logo\\\/image\\\/\",\"url\":\"https:\\\/\\\/centrourbano.com\\\/revista\\\/wp-content\\\/uploads\\\/web_CU_logo-1.png\",\"contentUrl\":\"https:\\\/\\\/centrourbano.com\\\/revista\\\/wp-content\\\/uploads\\\/web_CU_logo-1.png\",\"width\":350,\"height\":91,\"caption\":\"Centro Urbano\"},\"image\":{\"@id\":\"https:\\\/\\\/centrourbano.com\\\/revista\\\/#\\\/schema\\\/logo\\\/image\\\/\"},\"sameAs\":[\"https:\\\/\\\/www.facebook.com\\\/portalcentrourbano\",\"https:\\\/\\\/x.com\\\/CentroUrbano\",\"https:\\\/\\\/www.instagram.com\\\/centro_urbano\\\/\",\"https:\\\/\\\/www.linkedin.com\\\/company\\\/centro-urbano\\\/\",\"http:\\\/\\\/www.youtube.com\\\/user\\\/portalcentrourbano\"]},{\"@type\":\"Person\",\"@id\":\"https:\\\/\\\/centrourbano.com\\\/revista\\\/#\\\/schema\\\/person\\\/b190b20bbbceb41ec72278c546fa8df3\",\"name\":\"Fernanda Hern\u00e1ndez\",\"image\":{\"@type\":\"ImageObject\",\"inLanguage\":\"es\",\"@id\":\"https:\\\/\\\/secure.gravatar.com\\\/avatar\\\/9471831fb0a24eae9d32d826a7cb8ef07c34a41520aca1a0ab1f5c0903ba49b9?s=96&d=mm&r=g\",\"url\":\"https:\\\/\\\/secure.gravatar.com\\\/avatar\\\/9471831fb0a24eae9d32d826a7cb8ef07c34a41520aca1a0ab1f5c0903ba49b9?s=96&d=mm&r=g\",\"contentUrl\":\"https:\\\/\\\/secure.gravatar.com\\\/avatar\\\/9471831fb0a24eae9d32d826a7cb8ef07c34a41520aca1a0ab1f5c0903ba49b9?s=96&d=mm&r=g\",\"caption\":\"Fernanda Hern\u00e1ndez\"},\"description\":\"Reportera y redactora en Centro Urbano. Soy egresada de la licenciatura en Ciencias de la Comunicaci\u00f3n de la Facultad de Ciencias Pol\u00edticas y Sociales (UNAM). Me interesa la cultura, el urbanismo y la arquitectura. Amante del mundo digital, el cine, la m\u00fasica, la lectura y la escritura.\",\"sameAs\":[\"https:\\\/\\\/x.com\\\/https:\\\/\\\/twitter.com\\\/Nannz_Hernandez\"],\"url\":\"https:\\\/\\\/centrourbano.com\\\/revista\\\/author\\\/fernanda-hernandez\\\/\"}]}<\/script>\n<!-- \/ Yoast SEO plugin. -->","yoast_head_json":{"title":"BMV lanza \u2018De cero a bolsa\u2019, para empresas que buscan entrar al mercado burs\u00e1til -","description":"\u201cEste programa acompa\u00f1ar\u00e1 a las empresas para que conozcan c\u00f3mo funciona el Mercado de Valores\u201d, explic\u00f3 el director de Promoci\u00f3n y Emisoras de BMV Tras","robots":{"index":"index","follow":"follow","max-snippet":"max-snippet:-1","max-image-preview":"max-image-preview:large","max-video-preview":"max-video-preview:-1"},"canonical":"https:\/\/centrourbano.com\/revista\/inmobiliario\/bmv-cero-bolsa-empresas-mercado\/","og_locale":"es_ES","og_type":"article","og_title":"BMV lanza \u2018De cero a bolsa\u2019, para empresas que buscan entrar al mercado burs\u00e1til -","og_description":"\u201cEste programa acompa\u00f1ar\u00e1 a las empresas para que conozcan c\u00f3mo funciona el Mercado de Valores\u201d, explic\u00f3 el director de Promoci\u00f3n y Emisoras de BMV Tras","og_url":"https:\/\/centrourbano.com\/revista\/inmobiliario\/bmv-cero-bolsa-empresas-mercado\/","og_site_name":"Centro Urbano","article_publisher":"https:\/\/www.facebook.com\/portalcentrourbano","article_published_time":"2023-11-22T22:25:25+00:00","article_modified_time":"2023-11-23T00:58:53+00:00","og_image":[{"width":1550,"height":1347,"url":"https:\/\/centrourbano.com\/revista\/wp-content\/uploads\/BMV-lanza-\u2018De-cero-a-bolsa-para-empresas-que-buscan-entrar-al-mercado-bursatil.jpg","type":"image\/jpeg"}],"author":"Fernanda Hern\u00e1ndez","twitter_card":"summary_large_image","twitter_creator":"@https:\/\/twitter.com\/Nannz_Hernandez","twitter_site":"@CentroUrbano","twitter_misc":{"Escrito por":"Fernanda Hern\u00e1ndez","Tiempo de lectura":"2 minutos"},"schema":{"@context":"https:\/\/schema.org","@graph":[{"@type":"Article","@id":"https:\/\/centrourbano.com\/revista\/inmobiliario\/bmv-cero-bolsa-empresas-mercado\/#article","isPartOf":{"@id":"https:\/\/centrourbano.com\/revista\/inmobiliario\/bmv-cero-bolsa-empresas-mercado\/"},"author":{"name":"Fernanda Hern\u00e1ndez","@id":"https:\/\/centrourbano.com\/revista\/#\/schema\/person\/b190b20bbbceb41ec72278c546fa8df3"},"headline":"BMV lanza \u2018De cero a bolsa\u2019, para empresas que buscan entrar al mercado burs\u00e1til","datePublished":"2023-11-22T22:25:25+00:00","dateModified":"2023-11-23T00:58:53+00:00","mainEntityOfPage":{"@id":"https:\/\/centrourbano.com\/revista\/inmobiliario\/bmv-cero-bolsa-empresas-mercado\/"},"wordCount":507,"commentCount":0,"publisher":{"@id":"https:\/\/centrourbano.com\/revista\/#organization"},"image":{"@id":"https:\/\/centrourbano.com\/revista\/inmobiliario\/bmv-cero-bolsa-empresas-mercado\/#primaryimage"},"thumbnailUrl":"https:\/\/centrourbano.com\/revista\/wp-content\/uploads\/BMV-lanza-\u2018De-cero-a-bolsa-para-empresas-que-buscan-entrar-al-mercado-bursatil.jpg","keywords":["Bolsa Mexicana de Valores (BMV)","De Cero a Bolsa","Empresas","mercado de valores"],"articleSection":["Inmobiliario"],"inLanguage":"es","potentialAction":[{"@type":"CommentAction","name":"Comment","target":["https:\/\/centrourbano.com\/revista\/inmobiliario\/bmv-cero-bolsa-empresas-mercado\/#respond"]}]},{"@type":"WebPage","@id":"https:\/\/centrourbano.com\/revista\/inmobiliario\/bmv-cero-bolsa-empresas-mercado\/","url":"https:\/\/centrourbano.com\/revista\/inmobiliario\/bmv-cero-bolsa-empresas-mercado\/","name":"BMV lanza \u2018De cero a bolsa\u2019, para empresas que buscan entrar al mercado burs\u00e1til -","isPartOf":{"@id":"https:\/\/centrourbano.com\/revista\/#website"},"primaryImageOfPage":{"@id":"https:\/\/centrourbano.com\/revista\/inmobiliario\/bmv-cero-bolsa-empresas-mercado\/#primaryimage"},"image":{"@id":"https:\/\/centrourbano.com\/revista\/inmobiliario\/bmv-cero-bolsa-empresas-mercado\/#primaryimage"},"thumbnailUrl":"https:\/\/centrourbano.com\/revista\/wp-content\/uploads\/BMV-lanza-\u2018De-cero-a-bolsa-para-empresas-que-buscan-entrar-al-mercado-bursatil.jpg","datePublished":"2023-11-22T22:25:25+00:00","dateModified":"2023-11-23T00:58:53+00:00","description":"\u201cEste programa acompa\u00f1ar\u00e1 a las empresas para que conozcan c\u00f3mo funciona el Mercado de Valores\u201d, explic\u00f3 el director de Promoci\u00f3n y Emisoras de BMV Tras","breadcrumb":{"@id":"https:\/\/centrourbano.com\/revista\/inmobiliario\/bmv-cero-bolsa-empresas-mercado\/#breadcrumb"},"inLanguage":"es","potentialAction":[{"@type":"ReadAction","target":["https:\/\/centrourbano.com\/revista\/inmobiliario\/bmv-cero-bolsa-empresas-mercado\/"]}]},{"@type":"ImageObject","inLanguage":"es","@id":"https:\/\/centrourbano.com\/revista\/inmobiliario\/bmv-cero-bolsa-empresas-mercado\/#primaryimage","url":"https:\/\/centrourbano.com\/revista\/wp-content\/uploads\/BMV-lanza-\u2018De-cero-a-bolsa-para-empresas-que-buscan-entrar-al-mercado-bursatil.jpg","contentUrl":"https:\/\/centrourbano.com\/revista\/wp-content\/uploads\/BMV-lanza-\u2018De-cero-a-bolsa-para-empresas-que-buscan-entrar-al-mercado-bursatil.jpg","width":1550,"height":1347,"caption":"\u201cEste programa acompa\u00f1ar\u00e1 a las empresas para que conozcan c\u00f3mo funciona el Mercado de Valores\u201d, explic\u00f3 el director de Promoci\u00f3n y Emisoras de BMV"},{"@type":"BreadcrumbList","@id":"https:\/\/centrourbano.com\/revista\/inmobiliario\/bmv-cero-bolsa-empresas-mercado\/#breadcrumb","itemListElement":[{"@type":"ListItem","position":1,"name":"Portada","item":"https:\/\/centrourbano.com\/revista\/"},{"@type":"ListItem","position":2,"name":"BMV lanza \u2018De cero a bolsa\u2019, para empresas que buscan entrar al mercado burs\u00e1til"}]},{"@type":"WebSite","@id":"https:\/\/centrourbano.com\/revista\/#website","url":"https:\/\/centrourbano.com\/revista\/","name":"Centro Urbano","description":"Medio especializado en los sectores vivienda, inmobiliario, construcci\u00f3n, arquitectura y urbanismo.","publisher":{"@id":"https:\/\/centrourbano.com\/revista\/#organization"},"potentialAction":[{"@type":"SearchAction","target":{"@type":"EntryPoint","urlTemplate":"https:\/\/centrourbano.com\/revista\/?s={search_term_string}"},"query-input":{"@type":"PropertyValueSpecification","valueRequired":true,"valueName":"search_term_string"}}],"inLanguage":"es"},{"@type":"Organization","@id":"https:\/\/centrourbano.com\/revista\/#organization","name":"Centro Urbano","url":"https:\/\/centrourbano.com\/revista\/","logo":{"@type":"ImageObject","inLanguage":"es","@id":"https:\/\/centrourbano.com\/revista\/#\/schema\/logo\/image\/","url":"https:\/\/centrourbano.com\/revista\/wp-content\/uploads\/web_CU_logo-1.png","contentUrl":"https:\/\/centrourbano.com\/revista\/wp-content\/uploads\/web_CU_logo-1.png","width":350,"height":91,"caption":"Centro Urbano"},"image":{"@id":"https:\/\/centrourbano.com\/revista\/#\/schema\/logo\/image\/"},"sameAs":["https:\/\/www.facebook.com\/portalcentrourbano","https:\/\/x.com\/CentroUrbano","https:\/\/www.instagram.com\/centro_urbano\/","https:\/\/www.linkedin.com\/company\/centro-urbano\/","http:\/\/www.youtube.com\/user\/portalcentrourbano"]},{"@type":"Person","@id":"https:\/\/centrourbano.com\/revista\/#\/schema\/person\/b190b20bbbceb41ec72278c546fa8df3","name":"Fernanda Hern\u00e1ndez","image":{"@type":"ImageObject","inLanguage":"es","@id":"https:\/\/secure.gravatar.com\/avatar\/9471831fb0a24eae9d32d826a7cb8ef07c34a41520aca1a0ab1f5c0903ba49b9?s=96&d=mm&r=g","url":"https:\/\/secure.gravatar.com\/avatar\/9471831fb0a24eae9d32d826a7cb8ef07c34a41520aca1a0ab1f5c0903ba49b9?s=96&d=mm&r=g","contentUrl":"https:\/\/secure.gravatar.com\/avatar\/9471831fb0a24eae9d32d826a7cb8ef07c34a41520aca1a0ab1f5c0903ba49b9?s=96&d=mm&r=g","caption":"Fernanda Hern\u00e1ndez"},"description":"Reportera y redactora en Centro Urbano. Soy egresada de la licenciatura en Ciencias de la Comunicaci\u00f3n de la Facultad de Ciencias Pol\u00edticas y Sociales (UNAM). Me interesa la cultura, el urbanismo y la arquitectura. Amante del mundo digital, el cine, la m\u00fasica, la lectura y la escritura.","sameAs":["https:\/\/x.com\/https:\/\/twitter.com\/Nannz_Hernandez"],"url":"https:\/\/centrourbano.com\/revista\/author\/fernanda-hernandez\/"}]}},"_links":{"self":[{"href":"https:\/\/centrourbano.com\/revista\/wp-json\/wp\/v2\/posts\/144232","targetHints":{"allow":["GET"]}}],"collection":[{"href":"https:\/\/centrourbano.com\/revista\/wp-json\/wp\/v2\/posts"}],"about":[{"href":"https:\/\/centrourbano.com\/revista\/wp-json\/wp\/v2\/types\/post"}],"author":[{"embeddable":true,"href":"https:\/\/centrourbano.com\/revista\/wp-json\/wp\/v2\/users\/73"}],"replies":[{"embeddable":true,"href":"https:\/\/centrourbano.com\/revista\/wp-json\/wp\/v2\/comments?post=144232"}],"version-history":[{"count":1,"href":"https:\/\/centrourbano.com\/revista\/wp-json\/wp\/v2\/posts\/144232\/revisions"}],"predecessor-version":[{"id":144234,"href":"https:\/\/centrourbano.com\/revista\/wp-json\/wp\/v2\/posts\/144232\/revisions\/144234"}],"wp:featuredmedia":[{"embeddable":true,"href":"https:\/\/centrourbano.com\/revista\/wp-json\/wp\/v2\/media\/144233"}],"wp:attachment":[{"href":"https:\/\/centrourbano.com\/revista\/wp-json\/wp\/v2\/media?parent=144232"}],"wp:term":[{"taxonomy":"category","embeddable":true,"href":"https:\/\/centrourbano.com\/revista\/wp-json\/wp\/v2\/categories?post=144232"},{"taxonomy":"post_tag","embeddable":true,"href":"https:\/\/centrourbano.com\/revista\/wp-json\/wp\/v2\/tags?post=144232"}],"curies":[{"name":"wp","href":"https:\/\/api.w.org\/{rel}","templated":true}]}}