{"id":144203,"date":"2023-11-21T15:27:26","date_gmt":"2023-11-21T21:27:26","guid":{"rendered":"https:\/\/centrourbano.com\/?p=144203"},"modified":"2023-11-21T15:28:51","modified_gmt":"2023-11-21T21:28:51","slug":"trenes-de-pasajeros-regresan","status":"publish","type":"post","link":"https:\/\/centrourbano.com\/revista\/urbanismo\/trenes-de-pasajeros-regresan\/","title":{"rendered":"Trenes de pasajeros regresan con 7 rutas"},"content":{"rendered":"<p><i><span style=\"font-weight: 400;\">AMLO indic\u00f3 que busca el regreso de los trenes de pasajeros debido a que ser\u00e1n m\u00e1s econ\u00f3micos, c\u00f3modos, menos contaminantes<\/span><\/i><!--more--><\/p>\n<p><span style=\"font-weight: 400;\">\u00a0Andr\u00e9s Manuel L\u00f3pez Obrador, presidente de M\u00e9xico, anunci\u00f3 la <\/span><b>publicaci\u00f3n del decreto que establece el regreso de los trenes de pasajeros<\/b><span style=\"font-weight: 400;\">. El documento estipula que ser\u00e1n utilizados 17,484 kil\u00f3metros (km) de v\u00edas f\u00e9rreas, instalaciones y sus estaciones para dicho servicio.\u00a0<\/span><\/p>\n<p><span style=\"font-weight: 400;\">La disposici\u00f3n declarada en el <a href=\"https:\/\/www.dof.gob.mx\/#gsc.tab=0\" target=\"_blank\" rel=\"noopener\">Diario Oficial de la Federaci\u00f3n<\/a> se\u00f1ala como <\/span><b>\u201c\u00e1rea prioritaria para el desarrollo nacional\u201d<\/b><span style=\"font-weight: 400;\"> el servicio p\u00fablico de <\/span><b>transporte ferroviario de pasajeros<\/b><span style=\"font-weight: 400;\"> en el Sistema Ferroviario Mexicano.<\/span><\/p>\n<p><span style=\"font-weight: 400;\">El Presidente explic\u00f3 que su administraci\u00f3n tom\u00f3 la decisi\u00f3n de regresar este servicio debido a que ser\u00e1 un <strong>transporte m\u00e1s c\u00f3modo y econ\u00f3mico<\/strong>; adem\u00e1s de que <strong>incrementar\u00e1 la conectividad en el pa\u00eds<\/strong>.\u00a0<\/span><\/p>\n<blockquote><p><span style=\"font-weight: 400;\">\u201cEsta decisi\u00f3n la tomamos porque los viajes en tren ser\u00e1n m\u00e1s econ\u00f3micos, c\u00f3modos, menos contaminantes, pues pueden electrificarse las v\u00edas. Es un transporte p\u00fablico m\u00e1s seguro y se incrementar\u00e1 la movilidad de la poblaci\u00f3n desde las principales ciudades de M\u00e9xico hasta la frontera norte\u201d, platic\u00f3.<\/span><\/p><\/blockquote>\n<h2><span style=\"font-weight: 400;\">Trenes de pasajeros, primeras rutas<\/span><\/h2>\n<p><span style=\"font-weight: 400;\">En ese sentido, el pasado 20 de noviembre, L\u00f3pez Obrador detall\u00f3 que el servicio de <a href=\"https:\/\/centrourbano.com\/construccion\/inauguracion-tren-interoceanico\/\" target=\"_blank\" rel=\"noopener\">trenes de pasajeros<\/a> comenzar\u00e1 con siete rutas:<\/span><\/p>\n<ul>\n<li style=\"font-weight: 400;\" aria-level=\"1\"><span style=\"font-weight: 400;\">M\u00e9xico &#8211; Veracruz &#8211; Coatzacoalcos<\/span><\/li>\n<li style=\"font-weight: 400;\" aria-level=\"1\"><span style=\"font-weight: 400;\">Aeropuerto Felipe \u00c1ngeles &#8211; Pachuca<\/span><\/li>\n<li style=\"font-weight: 400;\" aria-level=\"1\"><span style=\"font-weight: 400;\">M\u00e9xico &#8211; Quer\u00e9taro &#8211; Le\u00f3n &#8211; Aguascalientes<\/span><\/li>\n<li style=\"font-weight: 400;\" aria-level=\"1\"><span style=\"font-weight: 400;\">Manzanillo &#8211; Colima &#8211; Guadalajara &#8211; Irapuato<\/span><\/li>\n<li style=\"font-weight: 400;\" aria-level=\"1\"><span style=\"font-weight: 400;\">M\u00e9xico &#8211; San Luis Potos\u00ed &#8211; Monterrey &#8211; Nuevo Laredo<\/span><\/li>\n<li style=\"font-weight: 400;\" aria-level=\"1\"><span style=\"font-weight: 400;\">M\u00e9xico &#8211; Quer\u00e9taro &#8211; Guadalajara &#8211; Tepic &#8211; Mazatl\u00e1n &#8211; Nogales<\/span><\/li>\n<li style=\"font-weight: 400;\" aria-level=\"1\"><span style=\"font-weight: 400;\">Aguascalientes &#8211; Chihuahua &#8211; Ciudad Ju\u00e1rez<\/span><\/li>\n<\/ul>\n<p><span style=\"font-weight: 400;\">Cabe recordar que la privatizaci\u00f3n del transporte exclusivo de carga fue establecida en 1995.<\/span><\/p>\n","protected":false},"excerpt":{"rendered":"<p>AMLO indic\u00f3 que busca el regreso de los trenes de pasajeros debido a que ser\u00e1n m\u00e1s econ\u00f3micos, c\u00f3modos, menos contaminantes<\/p>\n","protected":false},"author":88,"featured_media":144204,"comment_status":"open","ping_status":"closed","sticky":false,"template":"","format":"standard","meta":{"om_disable_all_campaigns":false,"inline_featured_image":false,"_monsterinsights_skip_tracking":false,"_monsterinsights_sitenote_active":false,"_monsterinsights_sitenote_note":"","_monsterinsights_sitenote_category":0,"footnotes":""},"categories":[82],"tags":[15084,23716,23715],"class_list":["post-144203","post","type-post","status-publish","format-standard","has-post-thumbnail","hentry","category-urbanismo","tag-diario-oficial-de-la-federacion-dof","tag-rutas-trenes-de-pasajeros","tag-trenes-de-pasajeros"],"yoast_head":"<!-- This site is optimized with the Yoast SEO plugin v27.5 - https:\/\/yoast.com\/product\/yoast-seo-wordpress\/ -->\n<title>Trenes de pasajeros regresan con 7 rutas -<\/title>\n<meta name=\"description\" content=\"AMLO indic\u00f3 que busca el regreso de los trenes de pasajeros debido a que ser\u00e1n m\u00e1s econ\u00f3micos, c\u00f3modos, menos contaminantes \u00a0Andr\u00e9s Manuel L\u00f3pez Obrador,\" \/>\n<meta name=\"robots\" content=\"index, follow, max-snippet:-1, max-image-preview:large, max-video-preview:-1\" \/>\n<link rel=\"canonical\" href=\"https:\/\/centrourbano.com\/revista\/urbanismo\/trenes-de-pasajeros-regresan\/\" \/>\n<meta property=\"og:locale\" content=\"es_ES\" \/>\n<meta property=\"og:type\" content=\"article\" \/>\n<meta property=\"og:title\" content=\"Trenes de pasajeros regresan con 7 rutas -\" \/>\n<meta property=\"og:description\" content=\"AMLO indic\u00f3 que busca el regreso de los trenes de pasajeros debido a que ser\u00e1n m\u00e1s econ\u00f3micos, c\u00f3modos, menos contaminantes \u00a0Andr\u00e9s Manuel L\u00f3pez Obrador,\" \/>\n<meta property=\"og:url\" content=\"https:\/\/centrourbano.com\/revista\/urbanismo\/trenes-de-pasajeros-regresan\/\" \/>\n<meta property=\"og:site_name\" content=\"Centro Urbano\" \/>\n<meta property=\"article:publisher\" content=\"https:\/\/www.facebook.com\/portalcentrourbano\" \/>\n<meta property=\"article:published_time\" content=\"2023-11-21T21:27:26+00:00\" \/>\n<meta property=\"article:modified_time\" content=\"2023-11-21T21:28:51+00:00\" \/>\n<meta property=\"og:image\" content=\"https:\/\/centrourbano.com\/revista\/wp-content\/uploads\/tren-6.jpg\" \/>\n\t<meta property=\"og:image:width\" content=\"800\" \/>\n\t<meta property=\"og:image:height\" content=\"800\" \/>\n\t<meta property=\"og:image:type\" content=\"image\/jpeg\" \/>\n<meta name=\"author\" content=\"Rebeca Romero\" \/>\n<meta name=\"twitter:card\" content=\"summary_large_image\" \/>\n<meta name=\"twitter:creator\" content=\"@CentroUrbano\" \/>\n<meta name=\"twitter:site\" content=\"@CentroUrbano\" \/>\n<meta name=\"twitter:label1\" content=\"Escrito por\" \/>\n\t<meta name=\"twitter:data1\" content=\"Rebeca Romero\" \/>\n\t<meta name=\"twitter:label2\" content=\"Tiempo de lectura\" \/>\n\t<meta name=\"twitter:data2\" content=\"2 minutos\" \/>\n<script type=\"application\/ld+json\" class=\"yoast-schema-graph\">{\"@context\":\"https:\\\/\\\/schema.org\",\"@graph\":[{\"@type\":\"Article\",\"@id\":\"https:\\\/\\\/centrourbano.com\\\/revista\\\/urbanismo\\\/trenes-de-pasajeros-regresan\\\/#article\",\"isPartOf\":{\"@id\":\"https:\\\/\\\/centrourbano.com\\\/revista\\\/urbanismo\\\/trenes-de-pasajeros-regresan\\\/\"},\"author\":{\"name\":\"Rebeca Romero\",\"@id\":\"https:\\\/\\\/centrourbano.com\\\/revista\\\/#\\\/schema\\\/person\\\/c665f1c60da3ad48cd761a707b7090b0\"},\"headline\":\"Trenes de pasajeros regresan con 7 rutas\",\"datePublished\":\"2023-11-21T21:27:26+00:00\",\"dateModified\":\"2023-11-21T21:28:51+00:00\",\"mainEntityOfPage\":{\"@id\":\"https:\\\/\\\/centrourbano.com\\\/revista\\\/urbanismo\\\/trenes-de-pasajeros-regresan\\\/\"},\"wordCount\":307,\"commentCount\":0,\"publisher\":{\"@id\":\"https:\\\/\\\/centrourbano.com\\\/revista\\\/#organization\"},\"image\":{\"@id\":\"https:\\\/\\\/centrourbano.com\\\/revista\\\/urbanismo\\\/trenes-de-pasajeros-regresan\\\/#primaryimage\"},\"thumbnailUrl\":\"https:\\\/\\\/centrourbano.com\\\/revista\\\/wp-content\\\/uploads\\\/tren-6.jpg\",\"keywords\":[\"Diario Oficial de la Federaci\u00f3n (DOF)\",\"rutas trenes de pasajeros\",\"Trenes de pasajeros\"],\"articleSection\":[\"Urbanismo\"],\"inLanguage\":\"es\",\"potentialAction\":[{\"@type\":\"CommentAction\",\"name\":\"Comment\",\"target\":[\"https:\\\/\\\/centrourbano.com\\\/revista\\\/urbanismo\\\/trenes-de-pasajeros-regresan\\\/#respond\"]}]},{\"@type\":\"WebPage\",\"@id\":\"https:\\\/\\\/centrourbano.com\\\/revista\\\/urbanismo\\\/trenes-de-pasajeros-regresan\\\/\",\"url\":\"https:\\\/\\\/centrourbano.com\\\/revista\\\/urbanismo\\\/trenes-de-pasajeros-regresan\\\/\",\"name\":\"Trenes de pasajeros regresan con 7 rutas -\",\"isPartOf\":{\"@id\":\"https:\\\/\\\/centrourbano.com\\\/revista\\\/#website\"},\"primaryImageOfPage\":{\"@id\":\"https:\\\/\\\/centrourbano.com\\\/revista\\\/urbanismo\\\/trenes-de-pasajeros-regresan\\\/#primaryimage\"},\"image\":{\"@id\":\"https:\\\/\\\/centrourbano.com\\\/revista\\\/urbanismo\\\/trenes-de-pasajeros-regresan\\\/#primaryimage\"},\"thumbnailUrl\":\"https:\\\/\\\/centrourbano.com\\\/revista\\\/wp-content\\\/uploads\\\/tren-6.jpg\",\"datePublished\":\"2023-11-21T21:27:26+00:00\",\"dateModified\":\"2023-11-21T21:28:51+00:00\",\"description\":\"AMLO indic\u00f3 que busca el regreso de los trenes de pasajeros debido a que ser\u00e1n m\u00e1s econ\u00f3micos, c\u00f3modos, menos contaminantes \u00a0Andr\u00e9s Manuel L\u00f3pez Obrador,\",\"breadcrumb\":{\"@id\":\"https:\\\/\\\/centrourbano.com\\\/revista\\\/urbanismo\\\/trenes-de-pasajeros-regresan\\\/#breadcrumb\"},\"inLanguage\":\"es\",\"potentialAction\":[{\"@type\":\"ReadAction\",\"target\":[\"https:\\\/\\\/centrourbano.com\\\/revista\\\/urbanismo\\\/trenes-de-pasajeros-regresan\\\/\"]}]},{\"@type\":\"ImageObject\",\"inLanguage\":\"es\",\"@id\":\"https:\\\/\\\/centrourbano.com\\\/revista\\\/urbanismo\\\/trenes-de-pasajeros-regresan\\\/#primaryimage\",\"url\":\"https:\\\/\\\/centrourbano.com\\\/revista\\\/wp-content\\\/uploads\\\/tren-6.jpg\",\"contentUrl\":\"https:\\\/\\\/centrourbano.com\\\/revista\\\/wp-content\\\/uploads\\\/tren-6.jpg\",\"width\":800,\"height\":800,\"caption\":\"Trenes de pasajeros regresan con 7 rutas\"},{\"@type\":\"BreadcrumbList\",\"@id\":\"https:\\\/\\\/centrourbano.com\\\/revista\\\/urbanismo\\\/trenes-de-pasajeros-regresan\\\/#breadcrumb\",\"itemListElement\":[{\"@type\":\"ListItem\",\"position\":1,\"name\":\"Portada\",\"item\":\"https:\\\/\\\/centrourbano.com\\\/revista\\\/\"},{\"@type\":\"ListItem\",\"position\":2,\"name\":\"Trenes de pasajeros regresan con 7 rutas\"}]},{\"@type\":\"WebSite\",\"@id\":\"https:\\\/\\\/centrourbano.com\\\/revista\\\/#website\",\"url\":\"https:\\\/\\\/centrourbano.com\\\/revista\\\/\",\"name\":\"Centro Urbano\",\"description\":\"Medio especializado en los sectores vivienda, inmobiliario, construcci\u00f3n, arquitectura y urbanismo.\",\"publisher\":{\"@id\":\"https:\\\/\\\/centrourbano.com\\\/revista\\\/#organization\"},\"potentialAction\":[{\"@type\":\"SearchAction\",\"target\":{\"@type\":\"EntryPoint\",\"urlTemplate\":\"https:\\\/\\\/centrourbano.com\\\/revista\\\/?s={search_term_string}\"},\"query-input\":{\"@type\":\"PropertyValueSpecification\",\"valueRequired\":true,\"valueName\":\"search_term_string\"}}],\"inLanguage\":\"es\"},{\"@type\":\"Organization\",\"@id\":\"https:\\\/\\\/centrourbano.com\\\/revista\\\/#organization\",\"name\":\"Centro Urbano\",\"url\":\"https:\\\/\\\/centrourbano.com\\\/revista\\\/\",\"logo\":{\"@type\":\"ImageObject\",\"inLanguage\":\"es\",\"@id\":\"https:\\\/\\\/centrourbano.com\\\/revista\\\/#\\\/schema\\\/logo\\\/image\\\/\",\"url\":\"https:\\\/\\\/centrourbano.com\\\/revista\\\/wp-content\\\/uploads\\\/web_CU_logo-1.png\",\"contentUrl\":\"https:\\\/\\\/centrourbano.com\\\/revista\\\/wp-content\\\/uploads\\\/web_CU_logo-1.png\",\"width\":350,\"height\":91,\"caption\":\"Centro Urbano\"},\"image\":{\"@id\":\"https:\\\/\\\/centrourbano.com\\\/revista\\\/#\\\/schema\\\/logo\\\/image\\\/\"},\"sameAs\":[\"https:\\\/\\\/www.facebook.com\\\/portalcentrourbano\",\"https:\\\/\\\/x.com\\\/CentroUrbano\",\"https:\\\/\\\/www.instagram.com\\\/centro_urbano\\\/\",\"https:\\\/\\\/www.linkedin.com\\\/company\\\/centro-urbano\\\/\",\"http:\\\/\\\/www.youtube.com\\\/user\\\/portalcentrourbano\"]},{\"@type\":\"Person\",\"@id\":\"https:\\\/\\\/centrourbano.com\\\/revista\\\/#\\\/schema\\\/person\\\/c665f1c60da3ad48cd761a707b7090b0\",\"name\":\"Rebeca Romero\",\"image\":{\"@type\":\"ImageObject\",\"inLanguage\":\"es\",\"@id\":\"https:\\\/\\\/secure.gravatar.com\\\/avatar\\\/aee0068ae3cc041082e0e84a8258fe5ccc00a733f187bde73b0b40d86b892826?s=96&d=mm&r=g\",\"url\":\"https:\\\/\\\/secure.gravatar.com\\\/avatar\\\/aee0068ae3cc041082e0e84a8258fe5ccc00a733f187bde73b0b40d86b892826?s=96&d=mm&r=g\",\"contentUrl\":\"https:\\\/\\\/secure.gravatar.com\\\/avatar\\\/aee0068ae3cc041082e0e84a8258fe5ccc00a733f187bde73b0b40d86b892826?s=96&d=mm&r=g\",\"caption\":\"Rebeca Romero\"},\"url\":\"https:\\\/\\\/centrourbano.com\\\/revista\\\/author\\\/rebeca-romero\\\/\"}]}<\/script>\n<!-- \/ Yoast SEO plugin. -->","yoast_head_json":{"title":"Trenes de pasajeros regresan con 7 rutas -","description":"AMLO indic\u00f3 que busca el regreso de los trenes de pasajeros debido a que ser\u00e1n m\u00e1s econ\u00f3micos, c\u00f3modos, menos contaminantes \u00a0Andr\u00e9s Manuel L\u00f3pez Obrador,","robots":{"index":"index","follow":"follow","max-snippet":"max-snippet:-1","max-image-preview":"max-image-preview:large","max-video-preview":"max-video-preview:-1"},"canonical":"https:\/\/centrourbano.com\/revista\/urbanismo\/trenes-de-pasajeros-regresan\/","og_locale":"es_ES","og_type":"article","og_title":"Trenes de pasajeros regresan con 7 rutas -","og_description":"AMLO indic\u00f3 que busca el regreso de los trenes de pasajeros debido a que ser\u00e1n m\u00e1s econ\u00f3micos, c\u00f3modos, menos contaminantes \u00a0Andr\u00e9s Manuel L\u00f3pez Obrador,","og_url":"https:\/\/centrourbano.com\/revista\/urbanismo\/trenes-de-pasajeros-regresan\/","og_site_name":"Centro Urbano","article_publisher":"https:\/\/www.facebook.com\/portalcentrourbano","article_published_time":"2023-11-21T21:27:26+00:00","article_modified_time":"2023-11-21T21:28:51+00:00","og_image":[{"width":800,"height":800,"url":"https:\/\/centrourbano.com\/revista\/wp-content\/uploads\/tren-6.jpg","type":"image\/jpeg"}],"author":"Rebeca Romero","twitter_card":"summary_large_image","twitter_creator":"@CentroUrbano","twitter_site":"@CentroUrbano","twitter_misc":{"Escrito por":"Rebeca Romero","Tiempo de lectura":"2 minutos"},"schema":{"@context":"https:\/\/schema.org","@graph":[{"@type":"Article","@id":"https:\/\/centrourbano.com\/revista\/urbanismo\/trenes-de-pasajeros-regresan\/#article","isPartOf":{"@id":"https:\/\/centrourbano.com\/revista\/urbanismo\/trenes-de-pasajeros-regresan\/"},"author":{"name":"Rebeca Romero","@id":"https:\/\/centrourbano.com\/revista\/#\/schema\/person\/c665f1c60da3ad48cd761a707b7090b0"},"headline":"Trenes de pasajeros regresan con 7 rutas","datePublished":"2023-11-21T21:27:26+00:00","dateModified":"2023-11-21T21:28:51+00:00","mainEntityOfPage":{"@id":"https:\/\/centrourbano.com\/revista\/urbanismo\/trenes-de-pasajeros-regresan\/"},"wordCount":307,"commentCount":0,"publisher":{"@id":"https:\/\/centrourbano.com\/revista\/#organization"},"image":{"@id":"https:\/\/centrourbano.com\/revista\/urbanismo\/trenes-de-pasajeros-regresan\/#primaryimage"},"thumbnailUrl":"https:\/\/centrourbano.com\/revista\/wp-content\/uploads\/tren-6.jpg","keywords":["Diario Oficial de la Federaci\u00f3n (DOF)","rutas trenes de pasajeros","Trenes de pasajeros"],"articleSection":["Urbanismo"],"inLanguage":"es","potentialAction":[{"@type":"CommentAction","name":"Comment","target":["https:\/\/centrourbano.com\/revista\/urbanismo\/trenes-de-pasajeros-regresan\/#respond"]}]},{"@type":"WebPage","@id":"https:\/\/centrourbano.com\/revista\/urbanismo\/trenes-de-pasajeros-regresan\/","url":"https:\/\/centrourbano.com\/revista\/urbanismo\/trenes-de-pasajeros-regresan\/","name":"Trenes de pasajeros regresan con 7 rutas -","isPartOf":{"@id":"https:\/\/centrourbano.com\/revista\/#website"},"primaryImageOfPage":{"@id":"https:\/\/centrourbano.com\/revista\/urbanismo\/trenes-de-pasajeros-regresan\/#primaryimage"},"image":{"@id":"https:\/\/centrourbano.com\/revista\/urbanismo\/trenes-de-pasajeros-regresan\/#primaryimage"},"thumbnailUrl":"https:\/\/centrourbano.com\/revista\/wp-content\/uploads\/tren-6.jpg","datePublished":"2023-11-21T21:27:26+00:00","dateModified":"2023-11-21T21:28:51+00:00","description":"AMLO indic\u00f3 que busca el regreso de los trenes de pasajeros debido a que ser\u00e1n m\u00e1s econ\u00f3micos, c\u00f3modos, menos contaminantes \u00a0Andr\u00e9s Manuel L\u00f3pez Obrador,","breadcrumb":{"@id":"https:\/\/centrourbano.com\/revista\/urbanismo\/trenes-de-pasajeros-regresan\/#breadcrumb"},"inLanguage":"es","potentialAction":[{"@type":"ReadAction","target":["https:\/\/centrourbano.com\/revista\/urbanismo\/trenes-de-pasajeros-regresan\/"]}]},{"@type":"ImageObject","inLanguage":"es","@id":"https:\/\/centrourbano.com\/revista\/urbanismo\/trenes-de-pasajeros-regresan\/#primaryimage","url":"https:\/\/centrourbano.com\/revista\/wp-content\/uploads\/tren-6.jpg","contentUrl":"https:\/\/centrourbano.com\/revista\/wp-content\/uploads\/tren-6.jpg","width":800,"height":800,"caption":"Trenes de pasajeros regresan con 7 rutas"},{"@type":"BreadcrumbList","@id":"https:\/\/centrourbano.com\/revista\/urbanismo\/trenes-de-pasajeros-regresan\/#breadcrumb","itemListElement":[{"@type":"ListItem","position":1,"name":"Portada","item":"https:\/\/centrourbano.com\/revista\/"},{"@type":"ListItem","position":2,"name":"Trenes de pasajeros regresan con 7 rutas"}]},{"@type":"WebSite","@id":"https:\/\/centrourbano.com\/revista\/#website","url":"https:\/\/centrourbano.com\/revista\/","name":"Centro Urbano","description":"Medio especializado en los sectores vivienda, inmobiliario, construcci\u00f3n, arquitectura y urbanismo.","publisher":{"@id":"https:\/\/centrourbano.com\/revista\/#organization"},"potentialAction":[{"@type":"SearchAction","target":{"@type":"EntryPoint","urlTemplate":"https:\/\/centrourbano.com\/revista\/?s={search_term_string}"},"query-input":{"@type":"PropertyValueSpecification","valueRequired":true,"valueName":"search_term_string"}}],"inLanguage":"es"},{"@type":"Organization","@id":"https:\/\/centrourbano.com\/revista\/#organization","name":"Centro Urbano","url":"https:\/\/centrourbano.com\/revista\/","logo":{"@type":"ImageObject","inLanguage":"es","@id":"https:\/\/centrourbano.com\/revista\/#\/schema\/logo\/image\/","url":"https:\/\/centrourbano.com\/revista\/wp-content\/uploads\/web_CU_logo-1.png","contentUrl":"https:\/\/centrourbano.com\/revista\/wp-content\/uploads\/web_CU_logo-1.png","width":350,"height":91,"caption":"Centro Urbano"},"image":{"@id":"https:\/\/centrourbano.com\/revista\/#\/schema\/logo\/image\/"},"sameAs":["https:\/\/www.facebook.com\/portalcentrourbano","https:\/\/x.com\/CentroUrbano","https:\/\/www.instagram.com\/centro_urbano\/","https:\/\/www.linkedin.com\/company\/centro-urbano\/","http:\/\/www.youtube.com\/user\/portalcentrourbano"]},{"@type":"Person","@id":"https:\/\/centrourbano.com\/revista\/#\/schema\/person\/c665f1c60da3ad48cd761a707b7090b0","name":"Rebeca Romero","image":{"@type":"ImageObject","inLanguage":"es","@id":"https:\/\/secure.gravatar.com\/avatar\/aee0068ae3cc041082e0e84a8258fe5ccc00a733f187bde73b0b40d86b892826?s=96&d=mm&r=g","url":"https:\/\/secure.gravatar.com\/avatar\/aee0068ae3cc041082e0e84a8258fe5ccc00a733f187bde73b0b40d86b892826?s=96&d=mm&r=g","contentUrl":"https:\/\/secure.gravatar.com\/avatar\/aee0068ae3cc041082e0e84a8258fe5ccc00a733f187bde73b0b40d86b892826?s=96&d=mm&r=g","caption":"Rebeca Romero"},"url":"https:\/\/centrourbano.com\/revista\/author\/rebeca-romero\/"}]}},"_links":{"self":[{"href":"https:\/\/centrourbano.com\/revista\/wp-json\/wp\/v2\/posts\/144203","targetHints":{"allow":["GET"]}}],"collection":[{"href":"https:\/\/centrourbano.com\/revista\/wp-json\/wp\/v2\/posts"}],"about":[{"href":"https:\/\/centrourbano.com\/revista\/wp-json\/wp\/v2\/types\/post"}],"author":[{"embeddable":true,"href":"https:\/\/centrourbano.com\/revista\/wp-json\/wp\/v2\/users\/88"}],"replies":[{"embeddable":true,"href":"https:\/\/centrourbano.com\/revista\/wp-json\/wp\/v2\/comments?post=144203"}],"version-history":[{"count":2,"href":"https:\/\/centrourbano.com\/revista\/wp-json\/wp\/v2\/posts\/144203\/revisions"}],"predecessor-version":[{"id":144209,"href":"https:\/\/centrourbano.com\/revista\/wp-json\/wp\/v2\/posts\/144203\/revisions\/144209"}],"wp:featuredmedia":[{"embeddable":true,"href":"https:\/\/centrourbano.com\/revista\/wp-json\/wp\/v2\/media\/144204"}],"wp:attachment":[{"href":"https:\/\/centrourbano.com\/revista\/wp-json\/wp\/v2\/media?parent=144203"}],"wp:term":[{"taxonomy":"category","embeddable":true,"href":"https:\/\/centrourbano.com\/revista\/wp-json\/wp\/v2\/categories?post=144203"},{"taxonomy":"post_tag","embeddable":true,"href":"https:\/\/centrourbano.com\/revista\/wp-json\/wp\/v2\/tags?post=144203"}],"curies":[{"name":"wp","href":"https:\/\/api.w.org\/{rel}","templated":true}]}}