{"id":144003,"date":"2023-11-10T14:41:41","date_gmt":"2023-11-10T20:41:41","guid":{"rendered":"https:\/\/centrourbano.com\/?p=144003"},"modified":"2023-11-10T14:41:41","modified_gmt":"2023-11-10T20:41:41","slug":"precio-de-vivienda-3t2023","status":"publish","type":"post","link":"https:\/\/centrourbano.com\/revista\/vivienda\/precio-de-vivienda-3t2023\/","title":{"rendered":"Precio de vivienda creci\u00f3 un 10.4% en el tercer trimestre del 2023"},"content":{"rendered":"<p><em>El promedio del precio de vivienda se encuentra en 1,607,874 mdp, lo que corresponde a la vivienda media<\/em><!--more--><\/p>\n<p>De acuerdo con el \u00cdndice de Precios de la Vivienda realizado por la Sociedad Hipotecaria Federal (<a href=\"https:\/\/www.gob.mx\/shf\" target=\"_blank\" rel=\"noopener\">SHF<\/a>), Durante el tercer trimestre del 2023, el precio de la vivienda aument\u00f3 un 10.4% en comparaci\u00f3n con el mismo lapso del a\u00f1o pasado. Mientras que en el acumulado al noveno mes el crecimiento fue de 11.2 por ciento.<\/p>\n<p>Igualmente, las cifras obtenidas por la SHF se\u00f1alaron que el promedio del precio de vivienda se encuentra en 1,607,874 mill\u00f3n de pesos (mdp). Ya que, el 25% de las operaciones corresponde a la vivienda con valor de 639,000; mientras que el 50% de las transacciones se coloc\u00f3 en los 937,000. De modo que, el 75% de las viviendas se vendieron por un monto m\u00e1ximo de 1,830 mdp.<\/p>\n<p>Por otra parte, el \u00edndice indic\u00f3 que la vivienda usada present\u00f3 una variaci\u00f3n positiva de 10.3%, mientras que la <strong>vivienda nueva<\/strong>\u00a0aument\u00f3 de 12.2%. As\u00ed que, en el tercer trimestre la proporci\u00f3n de operaciones se encontr\u00f3 en viviendas usadas de 61% y 39% de viviendas nuevas.<\/p>\n<h2>Precio de vivienda por ZM<\/h2>\n<p>Acerca del precio de vivienda por Zonas Metropolitanas (ZM), el <a href=\"https:\/\/centrourbano.com\/vivienda\/precio-de-vivienda-1s2023\/\" target=\"_blank\" rel=\"noopener\">\u00cdndice de Precios de la Vivienda<\/a> arroj\u00f3 que <strong>Tijuana fue la ciudad que mayor incremento present\u00f3<\/strong>, con un 14.4% en el valor de las casas solas.<\/p>\n<p><strong>Seguido por las ZM de Quer\u00e9taro<\/strong> con un aumento de 13.6% en las viviendas en zonas c\u00e9ntricas, <strong>Guadalajara <\/strong>con un 11.9% en los inmuebles en zonas econ\u00f3mico \u2013 sociales y <strong>Monterrey<\/strong> con un 11.2%, en casas con un ba\u00f1o.<\/p>\n<p>Finalmente, las <strong>regiones que menor aumento en el valor<\/strong> de las viviendas fueron la ZM de <strong>Puebla-Tlaxcala<\/strong> que present\u00f3 un incremento de 6.9% en el precio de las viviendas nuevas y la ZM de <strong>Toluca <\/strong>con un 6.7% de aumento en casas de clase media &#8211; residencial.<\/p>\n","protected":false},"excerpt":{"rendered":"<p>El promedio del precio de vivienda se encuentra en 1,607,874 mdp, lo que corresponde a la vivienda media<\/p>\n","protected":false},"author":88,"featured_media":144008,"comment_status":"open","ping_status":"closed","sticky":false,"template":"","format":"standard","meta":{"om_disable_all_campaigns":false,"inline_featured_image":false,"_monsterinsights_skip_tracking":false,"_monsterinsights_sitenote_active":false,"_monsterinsights_sitenote_note":"","_monsterinsights_sitenote_category":0,"footnotes":""},"categories":[12],"tags":[10835,13575,615,288],"class_list":["post-144003","post","type-post","status-publish","format-standard","has-post-thumbnail","hentry","category-vivienda","tag-indice-de-precios-shf","tag-precio-de-vivienda","tag-vivienda-nueva","tag-vivienda-usada"],"yoast_head":"<!-- This site is optimized with the Yoast SEO plugin v27.5 - https:\/\/yoast.com\/product\/yoast-seo-wordpress\/ -->\n<title>Precio de vivienda creci\u00f3 un 10.4% en el tercer trimestre del 2023 -<\/title>\n<meta name=\"description\" content=\"El promedio del precio de vivienda se encuentra en 1,607,874 mdp, lo que corresponde a la vivienda media De acuerdo con el \u00cdndice de Precios de la\" \/>\n<meta name=\"robots\" content=\"index, follow, max-snippet:-1, max-image-preview:large, max-video-preview:-1\" \/>\n<link rel=\"canonical\" href=\"https:\/\/centrourbano.com\/revista\/vivienda\/precio-de-vivienda-3t2023\/\" \/>\n<meta property=\"og:locale\" content=\"es_ES\" \/>\n<meta property=\"og:type\" content=\"article\" \/>\n<meta property=\"og:title\" content=\"Precio de vivienda creci\u00f3 un 10.4% en el tercer trimestre del 2023 -\" \/>\n<meta property=\"og:description\" content=\"El promedio del precio de vivienda se encuentra en 1,607,874 mdp, lo que corresponde a la vivienda media De acuerdo con el \u00cdndice de Precios de la\" \/>\n<meta property=\"og:url\" content=\"https:\/\/centrourbano.com\/revista\/vivienda\/precio-de-vivienda-3t2023\/\" \/>\n<meta property=\"og:site_name\" content=\"Centro Urbano\" \/>\n<meta property=\"article:publisher\" content=\"https:\/\/www.facebook.com\/portalcentrourbano\" \/>\n<meta property=\"article:published_time\" content=\"2023-11-10T20:41:41+00:00\" \/>\n<meta property=\"og:image\" content=\"https:\/\/centrourbano.com\/revista\/wp-content\/uploads\/Precio-de-vivienda-crecio-un-10.4-en-el-tercer-trimestre-del-2023.jpg\" \/>\n\t<meta property=\"og:image:width\" content=\"800\" \/>\n\t<meta property=\"og:image:height\" content=\"800\" \/>\n\t<meta property=\"og:image:type\" content=\"image\/jpeg\" \/>\n<meta name=\"author\" content=\"Rebeca Romero\" \/>\n<meta name=\"twitter:card\" content=\"summary_large_image\" \/>\n<meta name=\"twitter:creator\" content=\"@CentroUrbano\" \/>\n<meta name=\"twitter:site\" content=\"@CentroUrbano\" \/>\n<meta name=\"twitter:label1\" content=\"Escrito por\" \/>\n\t<meta name=\"twitter:data1\" content=\"Rebeca Romero\" \/>\n\t<meta name=\"twitter:label2\" content=\"Tiempo de lectura\" \/>\n\t<meta name=\"twitter:data2\" content=\"2 minutos\" \/>\n<script type=\"application\/ld+json\" class=\"yoast-schema-graph\">{\"@context\":\"https:\\\/\\\/schema.org\",\"@graph\":[{\"@type\":\"Article\",\"@id\":\"https:\\\/\\\/centrourbano.com\\\/revista\\\/vivienda\\\/precio-de-vivienda-3t2023\\\/#article\",\"isPartOf\":{\"@id\":\"https:\\\/\\\/centrourbano.com\\\/revista\\\/vivienda\\\/precio-de-vivienda-3t2023\\\/\"},\"author\":{\"name\":\"Rebeca Romero\",\"@id\":\"https:\\\/\\\/centrourbano.com\\\/revista\\\/#\\\/schema\\\/person\\\/c665f1c60da3ad48cd761a707b7090b0\"},\"headline\":\"Precio de vivienda creci\u00f3 un 10.4% en el tercer trimestre del 2023\",\"datePublished\":\"2023-11-10T20:41:41+00:00\",\"mainEntityOfPage\":{\"@id\":\"https:\\\/\\\/centrourbano.com\\\/revista\\\/vivienda\\\/precio-de-vivienda-3t2023\\\/\"},\"wordCount\":312,\"commentCount\":0,\"publisher\":{\"@id\":\"https:\\\/\\\/centrourbano.com\\\/revista\\\/#organization\"},\"image\":{\"@id\":\"https:\\\/\\\/centrourbano.com\\\/revista\\\/vivienda\\\/precio-de-vivienda-3t2023\\\/#primaryimage\"},\"thumbnailUrl\":\"https:\\\/\\\/centrourbano.com\\\/revista\\\/wp-content\\\/uploads\\\/Precio-de-vivienda-crecio-un-10.4-en-el-tercer-trimestre-del-2023.jpg\",\"keywords\":[\"\u00cdndice de Precios SHF\",\"Precio de Vivienda\",\"Vivienda nueva\",\"Vivienda usada\"],\"articleSection\":[\"Vivienda\"],\"inLanguage\":\"es\",\"potentialAction\":[{\"@type\":\"CommentAction\",\"name\":\"Comment\",\"target\":[\"https:\\\/\\\/centrourbano.com\\\/revista\\\/vivienda\\\/precio-de-vivienda-3t2023\\\/#respond\"]}]},{\"@type\":\"WebPage\",\"@id\":\"https:\\\/\\\/centrourbano.com\\\/revista\\\/vivienda\\\/precio-de-vivienda-3t2023\\\/\",\"url\":\"https:\\\/\\\/centrourbano.com\\\/revista\\\/vivienda\\\/precio-de-vivienda-3t2023\\\/\",\"name\":\"Precio de vivienda creci\u00f3 un 10.4% en el tercer trimestre del 2023 -\",\"isPartOf\":{\"@id\":\"https:\\\/\\\/centrourbano.com\\\/revista\\\/#website\"},\"primaryImageOfPage\":{\"@id\":\"https:\\\/\\\/centrourbano.com\\\/revista\\\/vivienda\\\/precio-de-vivienda-3t2023\\\/#primaryimage\"},\"image\":{\"@id\":\"https:\\\/\\\/centrourbano.com\\\/revista\\\/vivienda\\\/precio-de-vivienda-3t2023\\\/#primaryimage\"},\"thumbnailUrl\":\"https:\\\/\\\/centrourbano.com\\\/revista\\\/wp-content\\\/uploads\\\/Precio-de-vivienda-crecio-un-10.4-en-el-tercer-trimestre-del-2023.jpg\",\"datePublished\":\"2023-11-10T20:41:41+00:00\",\"description\":\"El promedio del precio de vivienda se encuentra en 1,607,874 mdp, lo que corresponde a la vivienda media De acuerdo con el \u00cdndice de Precios de la\",\"breadcrumb\":{\"@id\":\"https:\\\/\\\/centrourbano.com\\\/revista\\\/vivienda\\\/precio-de-vivienda-3t2023\\\/#breadcrumb\"},\"inLanguage\":\"es\",\"potentialAction\":[{\"@type\":\"ReadAction\",\"target\":[\"https:\\\/\\\/centrourbano.com\\\/revista\\\/vivienda\\\/precio-de-vivienda-3t2023\\\/\"]}]},{\"@type\":\"ImageObject\",\"inLanguage\":\"es\",\"@id\":\"https:\\\/\\\/centrourbano.com\\\/revista\\\/vivienda\\\/precio-de-vivienda-3t2023\\\/#primaryimage\",\"url\":\"https:\\\/\\\/centrourbano.com\\\/revista\\\/wp-content\\\/uploads\\\/Precio-de-vivienda-crecio-un-10.4-en-el-tercer-trimestre-del-2023.jpg\",\"contentUrl\":\"https:\\\/\\\/centrourbano.com\\\/revista\\\/wp-content\\\/uploads\\\/Precio-de-vivienda-crecio-un-10.4-en-el-tercer-trimestre-del-2023.jpg\",\"width\":800,\"height\":800,\"caption\":\"Precio de vivienda creci\u00f3 un 10.4% en el tercer trimestre del 2023\"},{\"@type\":\"BreadcrumbList\",\"@id\":\"https:\\\/\\\/centrourbano.com\\\/revista\\\/vivienda\\\/precio-de-vivienda-3t2023\\\/#breadcrumb\",\"itemListElement\":[{\"@type\":\"ListItem\",\"position\":1,\"name\":\"Portada\",\"item\":\"https:\\\/\\\/centrourbano.com\\\/revista\\\/\"},{\"@type\":\"ListItem\",\"position\":2,\"name\":\"Precio de vivienda creci\u00f3 un 10.4% en el tercer trimestre del 2023\"}]},{\"@type\":\"WebSite\",\"@id\":\"https:\\\/\\\/centrourbano.com\\\/revista\\\/#website\",\"url\":\"https:\\\/\\\/centrourbano.com\\\/revista\\\/\",\"name\":\"Centro Urbano\",\"description\":\"Medio especializado en los sectores vivienda, inmobiliario, construcci\u00f3n, arquitectura y urbanismo.\",\"publisher\":{\"@id\":\"https:\\\/\\\/centrourbano.com\\\/revista\\\/#organization\"},\"potentialAction\":[{\"@type\":\"SearchAction\",\"target\":{\"@type\":\"EntryPoint\",\"urlTemplate\":\"https:\\\/\\\/centrourbano.com\\\/revista\\\/?s={search_term_string}\"},\"query-input\":{\"@type\":\"PropertyValueSpecification\",\"valueRequired\":true,\"valueName\":\"search_term_string\"}}],\"inLanguage\":\"es\"},{\"@type\":\"Organization\",\"@id\":\"https:\\\/\\\/centrourbano.com\\\/revista\\\/#organization\",\"name\":\"Centro Urbano\",\"url\":\"https:\\\/\\\/centrourbano.com\\\/revista\\\/\",\"logo\":{\"@type\":\"ImageObject\",\"inLanguage\":\"es\",\"@id\":\"https:\\\/\\\/centrourbano.com\\\/revista\\\/#\\\/schema\\\/logo\\\/image\\\/\",\"url\":\"https:\\\/\\\/centrourbano.com\\\/revista\\\/wp-content\\\/uploads\\\/web_CU_logo-1.png\",\"contentUrl\":\"https:\\\/\\\/centrourbano.com\\\/revista\\\/wp-content\\\/uploads\\\/web_CU_logo-1.png\",\"width\":350,\"height\":91,\"caption\":\"Centro Urbano\"},\"image\":{\"@id\":\"https:\\\/\\\/centrourbano.com\\\/revista\\\/#\\\/schema\\\/logo\\\/image\\\/\"},\"sameAs\":[\"https:\\\/\\\/www.facebook.com\\\/portalcentrourbano\",\"https:\\\/\\\/x.com\\\/CentroUrbano\",\"https:\\\/\\\/www.instagram.com\\\/centro_urbano\\\/\",\"https:\\\/\\\/www.linkedin.com\\\/company\\\/centro-urbano\\\/\",\"http:\\\/\\\/www.youtube.com\\\/user\\\/portalcentrourbano\"]},{\"@type\":\"Person\",\"@id\":\"https:\\\/\\\/centrourbano.com\\\/revista\\\/#\\\/schema\\\/person\\\/c665f1c60da3ad48cd761a707b7090b0\",\"name\":\"Rebeca Romero\",\"image\":{\"@type\":\"ImageObject\",\"inLanguage\":\"es\",\"@id\":\"https:\\\/\\\/secure.gravatar.com\\\/avatar\\\/aee0068ae3cc041082e0e84a8258fe5ccc00a733f187bde73b0b40d86b892826?s=96&d=mm&r=g\",\"url\":\"https:\\\/\\\/secure.gravatar.com\\\/avatar\\\/aee0068ae3cc041082e0e84a8258fe5ccc00a733f187bde73b0b40d86b892826?s=96&d=mm&r=g\",\"contentUrl\":\"https:\\\/\\\/secure.gravatar.com\\\/avatar\\\/aee0068ae3cc041082e0e84a8258fe5ccc00a733f187bde73b0b40d86b892826?s=96&d=mm&r=g\",\"caption\":\"Rebeca Romero\"},\"url\":\"https:\\\/\\\/centrourbano.com\\\/revista\\\/author\\\/rebeca-romero\\\/\"}]}<\/script>\n<!-- \/ Yoast SEO plugin. -->","yoast_head_json":{"title":"Precio de vivienda creci\u00f3 un 10.4% en el tercer trimestre del 2023 -","description":"El promedio del precio de vivienda se encuentra en 1,607,874 mdp, lo que corresponde a la vivienda media De acuerdo con el \u00cdndice de Precios de la","robots":{"index":"index","follow":"follow","max-snippet":"max-snippet:-1","max-image-preview":"max-image-preview:large","max-video-preview":"max-video-preview:-1"},"canonical":"https:\/\/centrourbano.com\/revista\/vivienda\/precio-de-vivienda-3t2023\/","og_locale":"es_ES","og_type":"article","og_title":"Precio de vivienda creci\u00f3 un 10.4% en el tercer trimestre del 2023 -","og_description":"El promedio del precio de vivienda se encuentra en 1,607,874 mdp, lo que corresponde a la vivienda media De acuerdo con el \u00cdndice de Precios de la","og_url":"https:\/\/centrourbano.com\/revista\/vivienda\/precio-de-vivienda-3t2023\/","og_site_name":"Centro Urbano","article_publisher":"https:\/\/www.facebook.com\/portalcentrourbano","article_published_time":"2023-11-10T20:41:41+00:00","og_image":[{"width":800,"height":800,"url":"https:\/\/centrourbano.com\/revista\/wp-content\/uploads\/Precio-de-vivienda-crecio-un-10.4-en-el-tercer-trimestre-del-2023.jpg","type":"image\/jpeg"}],"author":"Rebeca Romero","twitter_card":"summary_large_image","twitter_creator":"@CentroUrbano","twitter_site":"@CentroUrbano","twitter_misc":{"Escrito por":"Rebeca Romero","Tiempo de lectura":"2 minutos"},"schema":{"@context":"https:\/\/schema.org","@graph":[{"@type":"Article","@id":"https:\/\/centrourbano.com\/revista\/vivienda\/precio-de-vivienda-3t2023\/#article","isPartOf":{"@id":"https:\/\/centrourbano.com\/revista\/vivienda\/precio-de-vivienda-3t2023\/"},"author":{"name":"Rebeca Romero","@id":"https:\/\/centrourbano.com\/revista\/#\/schema\/person\/c665f1c60da3ad48cd761a707b7090b0"},"headline":"Precio de vivienda creci\u00f3 un 10.4% en el tercer trimestre del 2023","datePublished":"2023-11-10T20:41:41+00:00","mainEntityOfPage":{"@id":"https:\/\/centrourbano.com\/revista\/vivienda\/precio-de-vivienda-3t2023\/"},"wordCount":312,"commentCount":0,"publisher":{"@id":"https:\/\/centrourbano.com\/revista\/#organization"},"image":{"@id":"https:\/\/centrourbano.com\/revista\/vivienda\/precio-de-vivienda-3t2023\/#primaryimage"},"thumbnailUrl":"https:\/\/centrourbano.com\/revista\/wp-content\/uploads\/Precio-de-vivienda-crecio-un-10.4-en-el-tercer-trimestre-del-2023.jpg","keywords":["\u00cdndice de Precios SHF","Precio de Vivienda","Vivienda nueva","Vivienda usada"],"articleSection":["Vivienda"],"inLanguage":"es","potentialAction":[{"@type":"CommentAction","name":"Comment","target":["https:\/\/centrourbano.com\/revista\/vivienda\/precio-de-vivienda-3t2023\/#respond"]}]},{"@type":"WebPage","@id":"https:\/\/centrourbano.com\/revista\/vivienda\/precio-de-vivienda-3t2023\/","url":"https:\/\/centrourbano.com\/revista\/vivienda\/precio-de-vivienda-3t2023\/","name":"Precio de vivienda creci\u00f3 un 10.4% en el tercer trimestre del 2023 -","isPartOf":{"@id":"https:\/\/centrourbano.com\/revista\/#website"},"primaryImageOfPage":{"@id":"https:\/\/centrourbano.com\/revista\/vivienda\/precio-de-vivienda-3t2023\/#primaryimage"},"image":{"@id":"https:\/\/centrourbano.com\/revista\/vivienda\/precio-de-vivienda-3t2023\/#primaryimage"},"thumbnailUrl":"https:\/\/centrourbano.com\/revista\/wp-content\/uploads\/Precio-de-vivienda-crecio-un-10.4-en-el-tercer-trimestre-del-2023.jpg","datePublished":"2023-11-10T20:41:41+00:00","description":"El promedio del precio de vivienda se encuentra en 1,607,874 mdp, lo que corresponde a la vivienda media De acuerdo con el \u00cdndice de Precios de la","breadcrumb":{"@id":"https:\/\/centrourbano.com\/revista\/vivienda\/precio-de-vivienda-3t2023\/#breadcrumb"},"inLanguage":"es","potentialAction":[{"@type":"ReadAction","target":["https:\/\/centrourbano.com\/revista\/vivienda\/precio-de-vivienda-3t2023\/"]}]},{"@type":"ImageObject","inLanguage":"es","@id":"https:\/\/centrourbano.com\/revista\/vivienda\/precio-de-vivienda-3t2023\/#primaryimage","url":"https:\/\/centrourbano.com\/revista\/wp-content\/uploads\/Precio-de-vivienda-crecio-un-10.4-en-el-tercer-trimestre-del-2023.jpg","contentUrl":"https:\/\/centrourbano.com\/revista\/wp-content\/uploads\/Precio-de-vivienda-crecio-un-10.4-en-el-tercer-trimestre-del-2023.jpg","width":800,"height":800,"caption":"Precio de vivienda creci\u00f3 un 10.4% en el tercer trimestre del 2023"},{"@type":"BreadcrumbList","@id":"https:\/\/centrourbano.com\/revista\/vivienda\/precio-de-vivienda-3t2023\/#breadcrumb","itemListElement":[{"@type":"ListItem","position":1,"name":"Portada","item":"https:\/\/centrourbano.com\/revista\/"},{"@type":"ListItem","position":2,"name":"Precio de vivienda creci\u00f3 un 10.4% en el tercer trimestre del 2023"}]},{"@type":"WebSite","@id":"https:\/\/centrourbano.com\/revista\/#website","url":"https:\/\/centrourbano.com\/revista\/","name":"Centro Urbano","description":"Medio especializado en los sectores vivienda, inmobiliario, construcci\u00f3n, arquitectura y urbanismo.","publisher":{"@id":"https:\/\/centrourbano.com\/revista\/#organization"},"potentialAction":[{"@type":"SearchAction","target":{"@type":"EntryPoint","urlTemplate":"https:\/\/centrourbano.com\/revista\/?s={search_term_string}"},"query-input":{"@type":"PropertyValueSpecification","valueRequired":true,"valueName":"search_term_string"}}],"inLanguage":"es"},{"@type":"Organization","@id":"https:\/\/centrourbano.com\/revista\/#organization","name":"Centro Urbano","url":"https:\/\/centrourbano.com\/revista\/","logo":{"@type":"ImageObject","inLanguage":"es","@id":"https:\/\/centrourbano.com\/revista\/#\/schema\/logo\/image\/","url":"https:\/\/centrourbano.com\/revista\/wp-content\/uploads\/web_CU_logo-1.png","contentUrl":"https:\/\/centrourbano.com\/revista\/wp-content\/uploads\/web_CU_logo-1.png","width":350,"height":91,"caption":"Centro Urbano"},"image":{"@id":"https:\/\/centrourbano.com\/revista\/#\/schema\/logo\/image\/"},"sameAs":["https:\/\/www.facebook.com\/portalcentrourbano","https:\/\/x.com\/CentroUrbano","https:\/\/www.instagram.com\/centro_urbano\/","https:\/\/www.linkedin.com\/company\/centro-urbano\/","http:\/\/www.youtube.com\/user\/portalcentrourbano"]},{"@type":"Person","@id":"https:\/\/centrourbano.com\/revista\/#\/schema\/person\/c665f1c60da3ad48cd761a707b7090b0","name":"Rebeca Romero","image":{"@type":"ImageObject","inLanguage":"es","@id":"https:\/\/secure.gravatar.com\/avatar\/aee0068ae3cc041082e0e84a8258fe5ccc00a733f187bde73b0b40d86b892826?s=96&d=mm&r=g","url":"https:\/\/secure.gravatar.com\/avatar\/aee0068ae3cc041082e0e84a8258fe5ccc00a733f187bde73b0b40d86b892826?s=96&d=mm&r=g","contentUrl":"https:\/\/secure.gravatar.com\/avatar\/aee0068ae3cc041082e0e84a8258fe5ccc00a733f187bde73b0b40d86b892826?s=96&d=mm&r=g","caption":"Rebeca Romero"},"url":"https:\/\/centrourbano.com\/revista\/author\/rebeca-romero\/"}]}},"_links":{"self":[{"href":"https:\/\/centrourbano.com\/revista\/wp-json\/wp\/v2\/posts\/144003","targetHints":{"allow":["GET"]}}],"collection":[{"href":"https:\/\/centrourbano.com\/revista\/wp-json\/wp\/v2\/posts"}],"about":[{"href":"https:\/\/centrourbano.com\/revista\/wp-json\/wp\/v2\/types\/post"}],"author":[{"embeddable":true,"href":"https:\/\/centrourbano.com\/revista\/wp-json\/wp\/v2\/users\/88"}],"replies":[{"embeddable":true,"href":"https:\/\/centrourbano.com\/revista\/wp-json\/wp\/v2\/comments?post=144003"}],"version-history":[{"count":1,"href":"https:\/\/centrourbano.com\/revista\/wp-json\/wp\/v2\/posts\/144003\/revisions"}],"predecessor-version":[{"id":144009,"href":"https:\/\/centrourbano.com\/revista\/wp-json\/wp\/v2\/posts\/144003\/revisions\/144009"}],"wp:featuredmedia":[{"embeddable":true,"href":"https:\/\/centrourbano.com\/revista\/wp-json\/wp\/v2\/media\/144008"}],"wp:attachment":[{"href":"https:\/\/centrourbano.com\/revista\/wp-json\/wp\/v2\/media?parent=144003"}],"wp:term":[{"taxonomy":"category","embeddable":true,"href":"https:\/\/centrourbano.com\/revista\/wp-json\/wp\/v2\/categories?post=144003"},{"taxonomy":"post_tag","embeddable":true,"href":"https:\/\/centrourbano.com\/revista\/wp-json\/wp\/v2\/tags?post=144003"}],"curies":[{"name":"wp","href":"https:\/\/api.w.org\/{rel}","templated":true}]}}