{"id":143850,"date":"2023-11-03T15:36:30","date_gmt":"2023-11-03T21:36:30","guid":{"rendered":"https:\/\/centrourbano.com\/?p=143850"},"modified":"2023-11-03T15:36:30","modified_gmt":"2023-11-03T21:36:30","slug":"inaugura-cetram-martin-carrera","status":"publish","type":"post","link":"https:\/\/centrourbano.com\/revista\/urbanismo\/inaugura-cetram-martin-carrera\/","title":{"rendered":"Inaugura GCDMX primera etapa de Cetram Mart\u00edn Carrera"},"content":{"rendered":"<p><em>De acuerdo con el GCDMX, el Cetram Mart\u00edn Carrera beneficiar\u00e1 a 130,000 usuarios<\/em><!--more--><\/p>\n<p>El Gobierno de la Ciudad de M\u00e9xico inaugur\u00f3 la primera fase del <strong>Centro de Transferencia Modal<\/strong> (Cetram) <strong>Mart\u00edn Carrera<\/strong> ubicado en Alcald\u00eda Gustavo A. Madero. Este espacio <strong>albergar\u00e1 al<\/strong> Sistema de Transporte Colectivo (STC) <strong><a href=\"https:\/\/centrourbano.com\/urbanismo\/inaugura-gcdmx-linea-1-del-metro\/\" target=\"_blank\" rel=\"noopener\">Metro<\/a>, Metrob\u00fas, Troleb\u00fas y autobuses.<\/strong><\/p>\n<p>Durante la inauguraci\u00f3n, Mart\u00ed Batres Guadarrama, jefe de Gobierno, resalt\u00f3 que el Cetram beneficiar\u00e1 a alrededor de 130,000 usuarios a trav\u00e9s de un lugar seguro, iluminado y eficiente.<\/p>\n<blockquote><p>\u00a0\u201cEsta reconstrucci\u00f3n del CETRAM significa una dignificaci\u00f3n del uso para quienes se trasladan en transporte p\u00fablico, significa m\u00e1s espacios y regeneraci\u00f3n del espacio urbano; que no se vaya perdiendo el espacio urbano o deteriorando con encharcamientos, zonas oscuras, etc\u00e9tera, sino que tenga una renovaci\u00f3n que permita un uso que le d\u00e9 la dignidad que merecen a las personas usuarias. (&#8230;) Este nuevo Cetram implica muchas cosas: seguridad para la gente, tranquilidad para los usuarios y comodidad\u201d, platic\u00f3.<\/p><\/blockquote>\n<p>Al respecto, Andr\u00e9s Lajous Loaeza, titular de la Secretar\u00eda de Movilidad (<a href=\"https:\/\/www.semovi.cdmx.gob.mx\/\" target=\"_blank\" rel=\"noopener\">Semovi<\/a>) record\u00f3 que la instalaci\u00f3n del nuevo Cetram Mart\u00edn Carrera necesit\u00f3 una <strong>inversi\u00f3n de 2,200 millones de pesos<\/strong> (mdp). Y, debido a la magnitud del proyecto, la instalaci\u00f3n de este espacio fue dividida en dos partes.<\/p>\n<p>De modo que, la primera etapa concluida contempl\u00f3 el punto de transferencia entre modos de transporte. Mientras que la <strong>segunda fase<\/strong> se concentrar\u00e1 en la <strong>habilitaci\u00f3n de espacios comerciales<\/strong> y la construcci\u00f3n de un edificio de vivienda en la parte superior del Centro.<\/p>\n<p>Igualmente, el secretario explic\u00f3 que en una extensi\u00f3n de 9,454 metros cuadrados (m\u00b2), el Cetram Mart\u00edn Carrera cuenta con c\u00e1maras de vigilancia, un centro de monitoreo operado por personal de la Polic\u00eda Bancaria e Industrial; luminarias, mapas en braille para personas con discapacidad visual; elevadores y escaleras el\u00e9ctricas.<\/p>\n<p>Adem\u00e1s, el Cetram Mart\u00edn Carrera cuenta con un <strong>biciestacionamiento<\/strong> con espacio para <strong>200 bicicletas<\/strong>. As\u00ed como un nuevo t\u00fanel de traslado, entre otros elementos y amenidades.<\/p>\n<img loading=\"lazy\" decoding=\"async\" class=\"aligncenter size-large wp-image-143852\" src=\"https:\/\/centrourbano.com\/revista\/wp-content\/uploads\/6542de879a0be356442824-1000x666.jpeg\" alt=\"Inaugura GCDMX primera etapa de Cetram Mart\u00edn Carrera \" width=\"1000\" height=\"666\" srcset=\"https:\/\/centrourbano.com\/revista\/wp-content\/uploads\/6542de879a0be356442824-1000x666.jpeg 1000w, https:\/\/centrourbano.com\/revista\/wp-content\/uploads\/6542de879a0be356442824-300x200.jpeg 300w, https:\/\/centrourbano.com\/revista\/wp-content\/uploads\/6542de879a0be356442824-768x512.jpeg 768w, https:\/\/centrourbano.com\/revista\/wp-content\/uploads\/6542de879a0be356442824-1536x1023.jpeg 1536w, https:\/\/centrourbano.com\/revista\/wp-content\/uploads\/6542de879a0be356442824.jpeg 1599w\" sizes=\"auto, (max-width: 1000px) 100vw, 1000px\" \/>\n","protected":false},"excerpt":{"rendered":"<p>De acuerdo con el GCDMX, el Cetram Mart\u00edn Carrera beneficiar\u00e1 a 130,000 usuarios<\/p>\n","protected":false},"author":88,"featured_media":143851,"comment_status":"open","ping_status":"closed","sticky":false,"template":"","format":"standard","meta":{"om_disable_all_campaigns":false,"inline_featured_image":false,"_monsterinsights_skip_tracking":false,"_monsterinsights_sitenote_active":false,"_monsterinsights_sitenote_note":"","_monsterinsights_sitenote_category":0,"footnotes":""},"categories":[82],"tags":[23662,5345],"class_list":["post-143850","post","type-post","status-publish","format-standard","has-post-thumbnail","hentry","category-urbanismo","tag-cetram-martin-carrera","tag-metro-cdmx"],"yoast_head":"<!-- This site is optimized with the Yoast SEO plugin v27.4 - https:\/\/yoast.com\/product\/yoast-seo-wordpress\/ -->\n<title>Inaugura GCDMX primera etapa de Cetram Mart\u00edn Carrera -<\/title>\n<meta name=\"description\" content=\"De acuerdo con el GCDMX, el Cetram Mart\u00edn Carrera beneficiar\u00e1 a 130,000 usuarios El Gobierno de la Ciudad de M\u00e9xico inaugur\u00f3 la primera fase del Centro de\" \/>\n<meta name=\"robots\" content=\"index, follow, max-snippet:-1, max-image-preview:large, max-video-preview:-1\" \/>\n<link rel=\"canonical\" href=\"https:\/\/centrourbano.com\/revista\/urbanismo\/inaugura-cetram-martin-carrera\/\" \/>\n<meta property=\"og:locale\" content=\"es_ES\" \/>\n<meta property=\"og:type\" content=\"article\" \/>\n<meta property=\"og:title\" content=\"Inaugura GCDMX primera etapa de Cetram Mart\u00edn Carrera -\" \/>\n<meta property=\"og:description\" content=\"De acuerdo con el GCDMX, el Cetram Mart\u00edn Carrera beneficiar\u00e1 a 130,000 usuarios El Gobierno de la Ciudad de M\u00e9xico inaugur\u00f3 la primera fase del Centro de\" \/>\n<meta property=\"og:url\" content=\"https:\/\/centrourbano.com\/revista\/urbanismo\/inaugura-cetram-martin-carrera\/\" \/>\n<meta property=\"og:site_name\" content=\"Centro Urbano\" \/>\n<meta property=\"article:publisher\" content=\"https:\/\/www.facebook.com\/portalcentrourbano\" \/>\n<meta property=\"article:published_time\" content=\"2023-11-03T21:36:30+00:00\" \/>\n<meta property=\"og:image\" content=\"https:\/\/centrourbano.com\/revista\/wp-content\/uploads\/Inaugura-GCDMX-primera-etapa-de-Cetram-Martin-Carrera.jpg\" \/>\n\t<meta property=\"og:image:width\" content=\"800\" \/>\n\t<meta property=\"og:image:height\" content=\"800\" \/>\n\t<meta property=\"og:image:type\" content=\"image\/jpeg\" \/>\n<meta name=\"author\" content=\"Rebeca Romero\" \/>\n<meta name=\"twitter:card\" content=\"summary_large_image\" \/>\n<meta name=\"twitter:creator\" content=\"@CentroUrbano\" \/>\n<meta name=\"twitter:site\" content=\"@CentroUrbano\" \/>\n<meta name=\"twitter:label1\" content=\"Escrito por\" \/>\n\t<meta name=\"twitter:data1\" content=\"Rebeca Romero\" \/>\n\t<meta name=\"twitter:label2\" content=\"Tiempo de lectura\" \/>\n\t<meta name=\"twitter:data2\" content=\"2 minutos\" \/>\n<script type=\"application\/ld+json\" class=\"yoast-schema-graph\">{\"@context\":\"https:\\\/\\\/schema.org\",\"@graph\":[{\"@type\":\"Article\",\"@id\":\"https:\\\/\\\/centrourbano.com\\\/revista\\\/urbanismo\\\/inaugura-cetram-martin-carrera\\\/#article\",\"isPartOf\":{\"@id\":\"https:\\\/\\\/centrourbano.com\\\/revista\\\/urbanismo\\\/inaugura-cetram-martin-carrera\\\/\"},\"author\":{\"name\":\"Rebeca Romero\",\"@id\":\"https:\\\/\\\/centrourbano.com\\\/revista\\\/#\\\/schema\\\/person\\\/c665f1c60da3ad48cd761a707b7090b0\"},\"headline\":\"Inaugura GCDMX primera etapa de Cetram Mart\u00edn Carrera\",\"datePublished\":\"2023-11-03T21:36:30+00:00\",\"mainEntityOfPage\":{\"@id\":\"https:\\\/\\\/centrourbano.com\\\/revista\\\/urbanismo\\\/inaugura-cetram-martin-carrera\\\/\"},\"wordCount\":355,\"commentCount\":0,\"publisher\":{\"@id\":\"https:\\\/\\\/centrourbano.com\\\/revista\\\/#organization\"},\"image\":{\"@id\":\"https:\\\/\\\/centrourbano.com\\\/revista\\\/urbanismo\\\/inaugura-cetram-martin-carrera\\\/#primaryimage\"},\"thumbnailUrl\":\"https:\\\/\\\/centrourbano.com\\\/revista\\\/wp-content\\\/uploads\\\/Inaugura-GCDMX-primera-etapa-de-Cetram-Martin-Carrera.jpg\",\"keywords\":[\"Cetram Mart\u00edn Carrera\",\"Metro CDMX\"],\"articleSection\":[\"Urbanismo\"],\"inLanguage\":\"es\",\"potentialAction\":[{\"@type\":\"CommentAction\",\"name\":\"Comment\",\"target\":[\"https:\\\/\\\/centrourbano.com\\\/revista\\\/urbanismo\\\/inaugura-cetram-martin-carrera\\\/#respond\"]}]},{\"@type\":\"WebPage\",\"@id\":\"https:\\\/\\\/centrourbano.com\\\/revista\\\/urbanismo\\\/inaugura-cetram-martin-carrera\\\/\",\"url\":\"https:\\\/\\\/centrourbano.com\\\/revista\\\/urbanismo\\\/inaugura-cetram-martin-carrera\\\/\",\"name\":\"Inaugura GCDMX primera etapa de Cetram Mart\u00edn Carrera -\",\"isPartOf\":{\"@id\":\"https:\\\/\\\/centrourbano.com\\\/revista\\\/#website\"},\"primaryImageOfPage\":{\"@id\":\"https:\\\/\\\/centrourbano.com\\\/revista\\\/urbanismo\\\/inaugura-cetram-martin-carrera\\\/#primaryimage\"},\"image\":{\"@id\":\"https:\\\/\\\/centrourbano.com\\\/revista\\\/urbanismo\\\/inaugura-cetram-martin-carrera\\\/#primaryimage\"},\"thumbnailUrl\":\"https:\\\/\\\/centrourbano.com\\\/revista\\\/wp-content\\\/uploads\\\/Inaugura-GCDMX-primera-etapa-de-Cetram-Martin-Carrera.jpg\",\"datePublished\":\"2023-11-03T21:36:30+00:00\",\"description\":\"De acuerdo con el GCDMX, el Cetram Mart\u00edn Carrera beneficiar\u00e1 a 130,000 usuarios El Gobierno de la Ciudad de M\u00e9xico inaugur\u00f3 la primera fase del Centro de\",\"breadcrumb\":{\"@id\":\"https:\\\/\\\/centrourbano.com\\\/revista\\\/urbanismo\\\/inaugura-cetram-martin-carrera\\\/#breadcrumb\"},\"inLanguage\":\"es\",\"potentialAction\":[{\"@type\":\"ReadAction\",\"target\":[\"https:\\\/\\\/centrourbano.com\\\/revista\\\/urbanismo\\\/inaugura-cetram-martin-carrera\\\/\"]}]},{\"@type\":\"ImageObject\",\"inLanguage\":\"es\",\"@id\":\"https:\\\/\\\/centrourbano.com\\\/revista\\\/urbanismo\\\/inaugura-cetram-martin-carrera\\\/#primaryimage\",\"url\":\"https:\\\/\\\/centrourbano.com\\\/revista\\\/wp-content\\\/uploads\\\/Inaugura-GCDMX-primera-etapa-de-Cetram-Martin-Carrera.jpg\",\"contentUrl\":\"https:\\\/\\\/centrourbano.com\\\/revista\\\/wp-content\\\/uploads\\\/Inaugura-GCDMX-primera-etapa-de-Cetram-Martin-Carrera.jpg\",\"width\":800,\"height\":800,\"caption\":\"Inaugura GCDMX primera etapa de Cetram Mart\u00edn Carrera\"},{\"@type\":\"BreadcrumbList\",\"@id\":\"https:\\\/\\\/centrourbano.com\\\/revista\\\/urbanismo\\\/inaugura-cetram-martin-carrera\\\/#breadcrumb\",\"itemListElement\":[{\"@type\":\"ListItem\",\"position\":1,\"name\":\"Portada\",\"item\":\"https:\\\/\\\/centrourbano.com\\\/revista\\\/\"},{\"@type\":\"ListItem\",\"position\":2,\"name\":\"Inaugura GCDMX primera etapa de Cetram Mart\u00edn Carrera\"}]},{\"@type\":\"WebSite\",\"@id\":\"https:\\\/\\\/centrourbano.com\\\/revista\\\/#website\",\"url\":\"https:\\\/\\\/centrourbano.com\\\/revista\\\/\",\"name\":\"Centro Urbano\",\"description\":\"Medio especializado en los sectores vivienda, inmobiliario, construcci\u00f3n, arquitectura y urbanismo.\",\"publisher\":{\"@id\":\"https:\\\/\\\/centrourbano.com\\\/revista\\\/#organization\"},\"potentialAction\":[{\"@type\":\"SearchAction\",\"target\":{\"@type\":\"EntryPoint\",\"urlTemplate\":\"https:\\\/\\\/centrourbano.com\\\/revista\\\/?s={search_term_string}\"},\"query-input\":{\"@type\":\"PropertyValueSpecification\",\"valueRequired\":true,\"valueName\":\"search_term_string\"}}],\"inLanguage\":\"es\"},{\"@type\":\"Organization\",\"@id\":\"https:\\\/\\\/centrourbano.com\\\/revista\\\/#organization\",\"name\":\"Centro Urbano\",\"url\":\"https:\\\/\\\/centrourbano.com\\\/revista\\\/\",\"logo\":{\"@type\":\"ImageObject\",\"inLanguage\":\"es\",\"@id\":\"https:\\\/\\\/centrourbano.com\\\/revista\\\/#\\\/schema\\\/logo\\\/image\\\/\",\"url\":\"https:\\\/\\\/centrourbano.com\\\/revista\\\/wp-content\\\/uploads\\\/web_CU_logo-1.png\",\"contentUrl\":\"https:\\\/\\\/centrourbano.com\\\/revista\\\/wp-content\\\/uploads\\\/web_CU_logo-1.png\",\"width\":350,\"height\":91,\"caption\":\"Centro Urbano\"},\"image\":{\"@id\":\"https:\\\/\\\/centrourbano.com\\\/revista\\\/#\\\/schema\\\/logo\\\/image\\\/\"},\"sameAs\":[\"https:\\\/\\\/www.facebook.com\\\/portalcentrourbano\",\"https:\\\/\\\/x.com\\\/CentroUrbano\",\"https:\\\/\\\/www.instagram.com\\\/centro_urbano\\\/\",\"https:\\\/\\\/www.linkedin.com\\\/company\\\/centro-urbano\\\/\",\"http:\\\/\\\/www.youtube.com\\\/user\\\/portalcentrourbano\"]},{\"@type\":\"Person\",\"@id\":\"https:\\\/\\\/centrourbano.com\\\/revista\\\/#\\\/schema\\\/person\\\/c665f1c60da3ad48cd761a707b7090b0\",\"name\":\"Rebeca Romero\",\"image\":{\"@type\":\"ImageObject\",\"inLanguage\":\"es\",\"@id\":\"https:\\\/\\\/secure.gravatar.com\\\/avatar\\\/aee0068ae3cc041082e0e84a8258fe5ccc00a733f187bde73b0b40d86b892826?s=96&d=mm&r=g\",\"url\":\"https:\\\/\\\/secure.gravatar.com\\\/avatar\\\/aee0068ae3cc041082e0e84a8258fe5ccc00a733f187bde73b0b40d86b892826?s=96&d=mm&r=g\",\"contentUrl\":\"https:\\\/\\\/secure.gravatar.com\\\/avatar\\\/aee0068ae3cc041082e0e84a8258fe5ccc00a733f187bde73b0b40d86b892826?s=96&d=mm&r=g\",\"caption\":\"Rebeca Romero\"},\"url\":\"https:\\\/\\\/centrourbano.com\\\/revista\\\/author\\\/rebeca-romero\\\/\"}]}<\/script>\n<!-- \/ Yoast SEO plugin. -->","yoast_head_json":{"title":"Inaugura GCDMX primera etapa de Cetram Mart\u00edn Carrera -","description":"De acuerdo con el GCDMX, el Cetram Mart\u00edn Carrera beneficiar\u00e1 a 130,000 usuarios El Gobierno de la Ciudad de M\u00e9xico inaugur\u00f3 la primera fase del Centro de","robots":{"index":"index","follow":"follow","max-snippet":"max-snippet:-1","max-image-preview":"max-image-preview:large","max-video-preview":"max-video-preview:-1"},"canonical":"https:\/\/centrourbano.com\/revista\/urbanismo\/inaugura-cetram-martin-carrera\/","og_locale":"es_ES","og_type":"article","og_title":"Inaugura GCDMX primera etapa de Cetram Mart\u00edn Carrera -","og_description":"De acuerdo con el GCDMX, el Cetram Mart\u00edn Carrera beneficiar\u00e1 a 130,000 usuarios El Gobierno de la Ciudad de M\u00e9xico inaugur\u00f3 la primera fase del Centro de","og_url":"https:\/\/centrourbano.com\/revista\/urbanismo\/inaugura-cetram-martin-carrera\/","og_site_name":"Centro Urbano","article_publisher":"https:\/\/www.facebook.com\/portalcentrourbano","article_published_time":"2023-11-03T21:36:30+00:00","og_image":[{"width":800,"height":800,"url":"https:\/\/centrourbano.com\/revista\/wp-content\/uploads\/Inaugura-GCDMX-primera-etapa-de-Cetram-Martin-Carrera.jpg","type":"image\/jpeg"}],"author":"Rebeca Romero","twitter_card":"summary_large_image","twitter_creator":"@CentroUrbano","twitter_site":"@CentroUrbano","twitter_misc":{"Escrito por":"Rebeca Romero","Tiempo de lectura":"2 minutos"},"schema":{"@context":"https:\/\/schema.org","@graph":[{"@type":"Article","@id":"https:\/\/centrourbano.com\/revista\/urbanismo\/inaugura-cetram-martin-carrera\/#article","isPartOf":{"@id":"https:\/\/centrourbano.com\/revista\/urbanismo\/inaugura-cetram-martin-carrera\/"},"author":{"name":"Rebeca Romero","@id":"https:\/\/centrourbano.com\/revista\/#\/schema\/person\/c665f1c60da3ad48cd761a707b7090b0"},"headline":"Inaugura GCDMX primera etapa de Cetram Mart\u00edn Carrera","datePublished":"2023-11-03T21:36:30+00:00","mainEntityOfPage":{"@id":"https:\/\/centrourbano.com\/revista\/urbanismo\/inaugura-cetram-martin-carrera\/"},"wordCount":355,"commentCount":0,"publisher":{"@id":"https:\/\/centrourbano.com\/revista\/#organization"},"image":{"@id":"https:\/\/centrourbano.com\/revista\/urbanismo\/inaugura-cetram-martin-carrera\/#primaryimage"},"thumbnailUrl":"https:\/\/centrourbano.com\/revista\/wp-content\/uploads\/Inaugura-GCDMX-primera-etapa-de-Cetram-Martin-Carrera.jpg","keywords":["Cetram Mart\u00edn Carrera","Metro CDMX"],"articleSection":["Urbanismo"],"inLanguage":"es","potentialAction":[{"@type":"CommentAction","name":"Comment","target":["https:\/\/centrourbano.com\/revista\/urbanismo\/inaugura-cetram-martin-carrera\/#respond"]}]},{"@type":"WebPage","@id":"https:\/\/centrourbano.com\/revista\/urbanismo\/inaugura-cetram-martin-carrera\/","url":"https:\/\/centrourbano.com\/revista\/urbanismo\/inaugura-cetram-martin-carrera\/","name":"Inaugura GCDMX primera etapa de Cetram Mart\u00edn Carrera -","isPartOf":{"@id":"https:\/\/centrourbano.com\/revista\/#website"},"primaryImageOfPage":{"@id":"https:\/\/centrourbano.com\/revista\/urbanismo\/inaugura-cetram-martin-carrera\/#primaryimage"},"image":{"@id":"https:\/\/centrourbano.com\/revista\/urbanismo\/inaugura-cetram-martin-carrera\/#primaryimage"},"thumbnailUrl":"https:\/\/centrourbano.com\/revista\/wp-content\/uploads\/Inaugura-GCDMX-primera-etapa-de-Cetram-Martin-Carrera.jpg","datePublished":"2023-11-03T21:36:30+00:00","description":"De acuerdo con el GCDMX, el Cetram Mart\u00edn Carrera beneficiar\u00e1 a 130,000 usuarios El Gobierno de la Ciudad de M\u00e9xico inaugur\u00f3 la primera fase del Centro de","breadcrumb":{"@id":"https:\/\/centrourbano.com\/revista\/urbanismo\/inaugura-cetram-martin-carrera\/#breadcrumb"},"inLanguage":"es","potentialAction":[{"@type":"ReadAction","target":["https:\/\/centrourbano.com\/revista\/urbanismo\/inaugura-cetram-martin-carrera\/"]}]},{"@type":"ImageObject","inLanguage":"es","@id":"https:\/\/centrourbano.com\/revista\/urbanismo\/inaugura-cetram-martin-carrera\/#primaryimage","url":"https:\/\/centrourbano.com\/revista\/wp-content\/uploads\/Inaugura-GCDMX-primera-etapa-de-Cetram-Martin-Carrera.jpg","contentUrl":"https:\/\/centrourbano.com\/revista\/wp-content\/uploads\/Inaugura-GCDMX-primera-etapa-de-Cetram-Martin-Carrera.jpg","width":800,"height":800,"caption":"Inaugura GCDMX primera etapa de Cetram Mart\u00edn Carrera"},{"@type":"BreadcrumbList","@id":"https:\/\/centrourbano.com\/revista\/urbanismo\/inaugura-cetram-martin-carrera\/#breadcrumb","itemListElement":[{"@type":"ListItem","position":1,"name":"Portada","item":"https:\/\/centrourbano.com\/revista\/"},{"@type":"ListItem","position":2,"name":"Inaugura GCDMX primera etapa de Cetram Mart\u00edn Carrera"}]},{"@type":"WebSite","@id":"https:\/\/centrourbano.com\/revista\/#website","url":"https:\/\/centrourbano.com\/revista\/","name":"Centro Urbano","description":"Medio especializado en los sectores vivienda, inmobiliario, construcci\u00f3n, arquitectura y urbanismo.","publisher":{"@id":"https:\/\/centrourbano.com\/revista\/#organization"},"potentialAction":[{"@type":"SearchAction","target":{"@type":"EntryPoint","urlTemplate":"https:\/\/centrourbano.com\/revista\/?s={search_term_string}"},"query-input":{"@type":"PropertyValueSpecification","valueRequired":true,"valueName":"search_term_string"}}],"inLanguage":"es"},{"@type":"Organization","@id":"https:\/\/centrourbano.com\/revista\/#organization","name":"Centro Urbano","url":"https:\/\/centrourbano.com\/revista\/","logo":{"@type":"ImageObject","inLanguage":"es","@id":"https:\/\/centrourbano.com\/revista\/#\/schema\/logo\/image\/","url":"https:\/\/centrourbano.com\/revista\/wp-content\/uploads\/web_CU_logo-1.png","contentUrl":"https:\/\/centrourbano.com\/revista\/wp-content\/uploads\/web_CU_logo-1.png","width":350,"height":91,"caption":"Centro Urbano"},"image":{"@id":"https:\/\/centrourbano.com\/revista\/#\/schema\/logo\/image\/"},"sameAs":["https:\/\/www.facebook.com\/portalcentrourbano","https:\/\/x.com\/CentroUrbano","https:\/\/www.instagram.com\/centro_urbano\/","https:\/\/www.linkedin.com\/company\/centro-urbano\/","http:\/\/www.youtube.com\/user\/portalcentrourbano"]},{"@type":"Person","@id":"https:\/\/centrourbano.com\/revista\/#\/schema\/person\/c665f1c60da3ad48cd761a707b7090b0","name":"Rebeca Romero","image":{"@type":"ImageObject","inLanguage":"es","@id":"https:\/\/secure.gravatar.com\/avatar\/aee0068ae3cc041082e0e84a8258fe5ccc00a733f187bde73b0b40d86b892826?s=96&d=mm&r=g","url":"https:\/\/secure.gravatar.com\/avatar\/aee0068ae3cc041082e0e84a8258fe5ccc00a733f187bde73b0b40d86b892826?s=96&d=mm&r=g","contentUrl":"https:\/\/secure.gravatar.com\/avatar\/aee0068ae3cc041082e0e84a8258fe5ccc00a733f187bde73b0b40d86b892826?s=96&d=mm&r=g","caption":"Rebeca Romero"},"url":"https:\/\/centrourbano.com\/revista\/author\/rebeca-romero\/"}]}},"_links":{"self":[{"href":"https:\/\/centrourbano.com\/revista\/wp-json\/wp\/v2\/posts\/143850","targetHints":{"allow":["GET"]}}],"collection":[{"href":"https:\/\/centrourbano.com\/revista\/wp-json\/wp\/v2\/posts"}],"about":[{"href":"https:\/\/centrourbano.com\/revista\/wp-json\/wp\/v2\/types\/post"}],"author":[{"embeddable":true,"href":"https:\/\/centrourbano.com\/revista\/wp-json\/wp\/v2\/users\/88"}],"replies":[{"embeddable":true,"href":"https:\/\/centrourbano.com\/revista\/wp-json\/wp\/v2\/comments?post=143850"}],"version-history":[{"count":1,"href":"https:\/\/centrourbano.com\/revista\/wp-json\/wp\/v2\/posts\/143850\/revisions"}],"predecessor-version":[{"id":143853,"href":"https:\/\/centrourbano.com\/revista\/wp-json\/wp\/v2\/posts\/143850\/revisions\/143853"}],"wp:featuredmedia":[{"embeddable":true,"href":"https:\/\/centrourbano.com\/revista\/wp-json\/wp\/v2\/media\/143851"}],"wp:attachment":[{"href":"https:\/\/centrourbano.com\/revista\/wp-json\/wp\/v2\/media?parent=143850"}],"wp:term":[{"taxonomy":"category","embeddable":true,"href":"https:\/\/centrourbano.com\/revista\/wp-json\/wp\/v2\/categories?post=143850"},{"taxonomy":"post_tag","embeddable":true,"href":"https:\/\/centrourbano.com\/revista\/wp-json\/wp\/v2\/tags?post=143850"}],"curies":[{"name":"wp","href":"https:\/\/api.w.org\/{rel}","templated":true}]}}