{"id":143756,"date":"2023-10-30T15:42:55","date_gmt":"2023-10-30T21:42:55","guid":{"rendered":"https:\/\/centrourbano.com\/?p=143756"},"modified":"2023-10-30T15:42:55","modified_gmt":"2023-10-30T21:42:55","slug":"sedes-del-premio-hym","status":"publish","type":"post","link":"https:\/\/centrourbano.com\/revista\/arquitectura-2\/sedes-del-premio-hym\/","title":{"rendered":"Estas han sido las sedes del Premio HyM"},"content":{"rendered":"<p><em>En m\u00e1s de 20 a\u00f1os, el Premio HyM se ha ubicado en inmuebles \u00edconos de la arquitectura y espacios culturales <\/em><!--more--><\/p>\n<p>Al paso de cada edici\u00f3n, el <strong>Premio Hombres y Mujeres de la Casa <\/strong>(PremioHyM) se ha consolidado como el m\u00e1s importante de la industria al reconocer la labor de aquellos que con su trabajo, <strong>contribuyen al crecimiento, desarrollo<\/strong> y buenas pr\u00e1cticas del sector.<\/p>\n<p>As\u00ed, en m\u00e1s de 20 a\u00f1os de existencia, el Premio HyM ha contado con diversas y majestuosas sedes, las cuales han <strong>contribuido a exaltar los valores de la vivienda<\/strong>. Por ejemplo, el <strong><a href=\"https:\/\/centrourbano.com\/arquitectura-2\/palacio-de-bellas-artes-premio-hym\/\">Palacio de Bellas Artes<\/a><\/strong>, joya de la arquitectura y referente de los espacios culturales fue la <strong>primera sede del galard\u00f3n<\/strong>. Adem\u00e1s, este sitio, ha albergado en nueve ocasiones la ceremonia del tambi\u00e9n llamado \u2018Oscar de la Vivienda\u2019.<\/p>\n<p>De modo que, desde el 2002, el premio se ha ubicado en importantes inmuebles de la Ciudad de M\u00e9xico han sido testigo del reconocimiento a la excelencia en la vivienda. Con ello, estas importantes edificaciones han servido como<strong> \u00abla casa de los que hacen casas\u00bb<\/strong>.<\/p>\n<img loading=\"lazy\" decoding=\"async\" class=\"aligncenter size-medium wp-image-143758\" src=\"https:\/\/centrourbano.com\/revista\/wp-content\/uploads\/Museo-Soumaya-300x300.webp\" alt=\"Estas han sido las sedes del Premio HyM\" width=\"300\" height=\"300\" srcset=\"https:\/\/centrourbano.com\/revista\/wp-content\/uploads\/Museo-Soumaya-300x300.webp 300w, https:\/\/centrourbano.com\/revista\/wp-content\/uploads\/Museo-Soumaya-1000x1000.webp 1000w, https:\/\/centrourbano.com\/revista\/wp-content\/uploads\/Museo-Soumaya-150x150.webp 150w, https:\/\/centrourbano.com\/revista\/wp-content\/uploads\/Museo-Soumaya-768x768.webp 768w, https:\/\/centrourbano.com\/revista\/wp-content\/uploads\/Museo-Soumaya-635x635.webp 635w, https:\/\/centrourbano.com\/revista\/wp-content\/uploads\/Museo-Soumaya-445x445.webp 445w, https:\/\/centrourbano.com\/revista\/wp-content\/uploads\/Museo-Soumaya-350x350.webp 350w, https:\/\/centrourbano.com\/revista\/wp-content\/uploads\/Museo-Soumaya-160x160.webp 160w, https:\/\/centrourbano.com\/revista\/wp-content\/uploads\/Museo-Soumaya-255x255.webp 255w, https:\/\/centrourbano.com\/revista\/wp-content\/uploads\/Museo-Soumaya-65x65.webp 65w, https:\/\/centrourbano.com\/revista\/wp-content\/uploads\/Museo-Soumaya.webp 1512w\" sizes=\"auto, (max-width: 300px) 100vw, 300px\" \/>\n<p>&nbsp;<\/p>\n<p>Otro ejemplo de sedes es el <strong>Club de Banqueros de M\u00e9xico<\/strong>, inmueble que alberg\u00f3 la edici\u00f3n XXI del <a href=\"https:\/\/hombresymujeresdelacasa.com\/home\/\" target=\"_blank\" rel=\"noopener\">Premio HyM<\/a>, espacio donde la contemporaneidad y colonialidad se re\u00fanen a trav\u00e9s de la arquitectura. Este recinto es uno de los inmuebles m\u00e1s longevos de la CDMX y el cual sufri\u00f3 diversas transformaciones a lo largo <strong>de 400 a\u00f1os de historia<\/strong> desde sus cimientos.<\/p>\n<p>Igualmente, el galard\u00f3n se ha ubicado en el Lunario del Auditorio Nacional, el Museo Franz Meyer, el Papalote Museo del Ni\u00f1o, el Ex Convento de San Hip\u00f3lito, el Museo Soumaya, el Museo de Memoria y Tolerancia, entre otros.<\/p>\n<img loading=\"lazy\" decoding=\"async\" class=\"aligncenter size-medium wp-image-143759\" src=\"https:\/\/centrourbano.com\/revista\/wp-content\/uploads\/lunario_1-300x229.jpg\" alt=\"Estas han sido las sedes del Premio HyM\" width=\"300\" height=\"229\" srcset=\"https:\/\/centrourbano.com\/revista\/wp-content\/uploads\/lunario_1-300x229.jpg 300w, https:\/\/centrourbano.com\/revista\/wp-content\/uploads\/lunario_1.jpg 600w\" sizes=\"auto, (max-width: 300px) 100vw, 300px\" \/>\n","protected":false},"excerpt":{"rendered":"<p>En m\u00e1s de 20 a\u00f1os, el Premio HyM se ha ubicado en inmuebles \u00edconos de la arquitectura y espacios culturales<\/p>\n","protected":false},"author":88,"featured_media":143757,"comment_status":"open","ping_status":"closed","sticky":false,"template":"","format":"standard","meta":{"om_disable_all_campaigns":false,"inline_featured_image":false,"_monsterinsights_skip_tracking":false,"_monsterinsights_sitenote_active":false,"_monsterinsights_sitenote_note":"","_monsterinsights_sitenote_category":0,"footnotes":""},"categories":[81],"tags":[20,180,744,266,6962],"class_list":["post-143756","post","type-post","status-publish","format-standard","has-post-thumbnail","hentry","category-arquitectura-2","tag-arquitectura","tag-bellas-artes","tag-museo-franz-mayer","tag-museo-soumaya","tag-premio-hym"],"yoast_head":"<!-- This site is optimized with the Yoast SEO plugin v27.5 - https:\/\/yoast.com\/product\/yoast-seo-wordpress\/ -->\n<title>Estas han sido las sedes del Premio HyM -<\/title>\n<meta name=\"description\" content=\"En m\u00e1s de 20 a\u00f1os, el Premio HyM se ha ubicado en inmuebles \u00edconos de la arquitectura y espacios culturales Al paso de cada edici\u00f3n, el Premio Hombres y\" \/>\n<meta name=\"robots\" content=\"index, follow, max-snippet:-1, max-image-preview:large, max-video-preview:-1\" \/>\n<link rel=\"canonical\" href=\"https:\/\/centrourbano.com\/revista\/arquitectura-2\/sedes-del-premio-hym\/\" \/>\n<meta property=\"og:locale\" content=\"es_ES\" \/>\n<meta property=\"og:type\" content=\"article\" \/>\n<meta property=\"og:title\" content=\"Estas han sido las sedes del Premio HyM -\" \/>\n<meta property=\"og:description\" content=\"En m\u00e1s de 20 a\u00f1os, el Premio HyM se ha ubicado en inmuebles \u00edconos de la arquitectura y espacios culturales Al paso de cada edici\u00f3n, el Premio Hombres y\" \/>\n<meta property=\"og:url\" content=\"https:\/\/centrourbano.com\/revista\/arquitectura-2\/sedes-del-premio-hym\/\" \/>\n<meta property=\"og:site_name\" content=\"Centro Urbano\" \/>\n<meta property=\"article:publisher\" content=\"https:\/\/www.facebook.com\/portalcentrourbano\" \/>\n<meta property=\"article:published_time\" content=\"2023-10-30T21:42:55+00:00\" \/>\n<meta property=\"og:image\" content=\"https:\/\/centrourbano.com\/revista\/wp-content\/uploads\/\u2022_Estas-han-sido-las-sedes-del-Premio-HyM.jpg\" \/>\n\t<meta property=\"og:image:width\" content=\"800\" \/>\n\t<meta property=\"og:image:height\" content=\"800\" \/>\n\t<meta property=\"og:image:type\" content=\"image\/jpeg\" \/>\n<meta name=\"author\" content=\"Rebeca Romero\" \/>\n<meta name=\"twitter:card\" content=\"summary_large_image\" \/>\n<meta name=\"twitter:creator\" content=\"@CentroUrbano\" \/>\n<meta name=\"twitter:site\" content=\"@CentroUrbano\" \/>\n<meta name=\"twitter:label1\" content=\"Escrito por\" \/>\n\t<meta name=\"twitter:data1\" content=\"Rebeca Romero\" \/>\n\t<meta name=\"twitter:label2\" content=\"Tiempo de lectura\" \/>\n\t<meta name=\"twitter:data2\" content=\"1 minuto\" \/>\n<script type=\"application\/ld+json\" class=\"yoast-schema-graph\">{\"@context\":\"https:\\\/\\\/schema.org\",\"@graph\":[{\"@type\":\"Article\",\"@id\":\"https:\\\/\\\/centrourbano.com\\\/revista\\\/arquitectura-2\\\/sedes-del-premio-hym\\\/#article\",\"isPartOf\":{\"@id\":\"https:\\\/\\\/centrourbano.com\\\/revista\\\/arquitectura-2\\\/sedes-del-premio-hym\\\/\"},\"author\":{\"name\":\"Rebeca Romero\",\"@id\":\"https:\\\/\\\/centrourbano.com\\\/revista\\\/#\\\/schema\\\/person\\\/c665f1c60da3ad48cd761a707b7090b0\"},\"headline\":\"Estas han sido las sedes del Premio HyM\",\"datePublished\":\"2023-10-30T21:42:55+00:00\",\"mainEntityOfPage\":{\"@id\":\"https:\\\/\\\/centrourbano.com\\\/revista\\\/arquitectura-2\\\/sedes-del-premio-hym\\\/\"},\"wordCount\":302,\"commentCount\":0,\"publisher\":{\"@id\":\"https:\\\/\\\/centrourbano.com\\\/revista\\\/#organization\"},\"image\":{\"@id\":\"https:\\\/\\\/centrourbano.com\\\/revista\\\/arquitectura-2\\\/sedes-del-premio-hym\\\/#primaryimage\"},\"thumbnailUrl\":\"https:\\\/\\\/centrourbano.com\\\/revista\\\/wp-content\\\/uploads\\\/\u2022_Estas-han-sido-las-sedes-del-Premio-HyM.jpg\",\"keywords\":[\"arquitectura\",\"bellas artes\",\"Museo Franz Mayer\",\"Museo Soumaya\",\"Premio HyM\"],\"articleSection\":[\"Arquitectura\"],\"inLanguage\":\"es\",\"potentialAction\":[{\"@type\":\"CommentAction\",\"name\":\"Comment\",\"target\":[\"https:\\\/\\\/centrourbano.com\\\/revista\\\/arquitectura-2\\\/sedes-del-premio-hym\\\/#respond\"]}]},{\"@type\":\"WebPage\",\"@id\":\"https:\\\/\\\/centrourbano.com\\\/revista\\\/arquitectura-2\\\/sedes-del-premio-hym\\\/\",\"url\":\"https:\\\/\\\/centrourbano.com\\\/revista\\\/arquitectura-2\\\/sedes-del-premio-hym\\\/\",\"name\":\"Estas han sido las sedes del Premio HyM -\",\"isPartOf\":{\"@id\":\"https:\\\/\\\/centrourbano.com\\\/revista\\\/#website\"},\"primaryImageOfPage\":{\"@id\":\"https:\\\/\\\/centrourbano.com\\\/revista\\\/arquitectura-2\\\/sedes-del-premio-hym\\\/#primaryimage\"},\"image\":{\"@id\":\"https:\\\/\\\/centrourbano.com\\\/revista\\\/arquitectura-2\\\/sedes-del-premio-hym\\\/#primaryimage\"},\"thumbnailUrl\":\"https:\\\/\\\/centrourbano.com\\\/revista\\\/wp-content\\\/uploads\\\/\u2022_Estas-han-sido-las-sedes-del-Premio-HyM.jpg\",\"datePublished\":\"2023-10-30T21:42:55+00:00\",\"description\":\"En m\u00e1s de 20 a\u00f1os, el Premio HyM se ha ubicado en inmuebles \u00edconos de la arquitectura y espacios culturales Al paso de cada edici\u00f3n, el Premio Hombres y\",\"breadcrumb\":{\"@id\":\"https:\\\/\\\/centrourbano.com\\\/revista\\\/arquitectura-2\\\/sedes-del-premio-hym\\\/#breadcrumb\"},\"inLanguage\":\"es\",\"potentialAction\":[{\"@type\":\"ReadAction\",\"target\":[\"https:\\\/\\\/centrourbano.com\\\/revista\\\/arquitectura-2\\\/sedes-del-premio-hym\\\/\"]}]},{\"@type\":\"ImageObject\",\"inLanguage\":\"es\",\"@id\":\"https:\\\/\\\/centrourbano.com\\\/revista\\\/arquitectura-2\\\/sedes-del-premio-hym\\\/#primaryimage\",\"url\":\"https:\\\/\\\/centrourbano.com\\\/revista\\\/wp-content\\\/uploads\\\/\u2022_Estas-han-sido-las-sedes-del-Premio-HyM.jpg\",\"contentUrl\":\"https:\\\/\\\/centrourbano.com\\\/revista\\\/wp-content\\\/uploads\\\/\u2022_Estas-han-sido-las-sedes-del-Premio-HyM.jpg\",\"width\":800,\"height\":800,\"caption\":\"Estas han sido las sedes del Premio HyM\"},{\"@type\":\"BreadcrumbList\",\"@id\":\"https:\\\/\\\/centrourbano.com\\\/revista\\\/arquitectura-2\\\/sedes-del-premio-hym\\\/#breadcrumb\",\"itemListElement\":[{\"@type\":\"ListItem\",\"position\":1,\"name\":\"Portada\",\"item\":\"https:\\\/\\\/centrourbano.com\\\/revista\\\/\"},{\"@type\":\"ListItem\",\"position\":2,\"name\":\"Estas han sido las sedes del Premio HyM\"}]},{\"@type\":\"WebSite\",\"@id\":\"https:\\\/\\\/centrourbano.com\\\/revista\\\/#website\",\"url\":\"https:\\\/\\\/centrourbano.com\\\/revista\\\/\",\"name\":\"Centro Urbano\",\"description\":\"Medio especializado en los sectores vivienda, inmobiliario, construcci\u00f3n, arquitectura y urbanismo.\",\"publisher\":{\"@id\":\"https:\\\/\\\/centrourbano.com\\\/revista\\\/#organization\"},\"potentialAction\":[{\"@type\":\"SearchAction\",\"target\":{\"@type\":\"EntryPoint\",\"urlTemplate\":\"https:\\\/\\\/centrourbano.com\\\/revista\\\/?s={search_term_string}\"},\"query-input\":{\"@type\":\"PropertyValueSpecification\",\"valueRequired\":true,\"valueName\":\"search_term_string\"}}],\"inLanguage\":\"es\"},{\"@type\":\"Organization\",\"@id\":\"https:\\\/\\\/centrourbano.com\\\/revista\\\/#organization\",\"name\":\"Centro Urbano\",\"url\":\"https:\\\/\\\/centrourbano.com\\\/revista\\\/\",\"logo\":{\"@type\":\"ImageObject\",\"inLanguage\":\"es\",\"@id\":\"https:\\\/\\\/centrourbano.com\\\/revista\\\/#\\\/schema\\\/logo\\\/image\\\/\",\"url\":\"https:\\\/\\\/centrourbano.com\\\/revista\\\/wp-content\\\/uploads\\\/web_CU_logo-1.png\",\"contentUrl\":\"https:\\\/\\\/centrourbano.com\\\/revista\\\/wp-content\\\/uploads\\\/web_CU_logo-1.png\",\"width\":350,\"height\":91,\"caption\":\"Centro Urbano\"},\"image\":{\"@id\":\"https:\\\/\\\/centrourbano.com\\\/revista\\\/#\\\/schema\\\/logo\\\/image\\\/\"},\"sameAs\":[\"https:\\\/\\\/www.facebook.com\\\/portalcentrourbano\",\"https:\\\/\\\/x.com\\\/CentroUrbano\",\"https:\\\/\\\/www.instagram.com\\\/centro_urbano\\\/\",\"https:\\\/\\\/www.linkedin.com\\\/company\\\/centro-urbano\\\/\",\"http:\\\/\\\/www.youtube.com\\\/user\\\/portalcentrourbano\"]},{\"@type\":\"Person\",\"@id\":\"https:\\\/\\\/centrourbano.com\\\/revista\\\/#\\\/schema\\\/person\\\/c665f1c60da3ad48cd761a707b7090b0\",\"name\":\"Rebeca Romero\",\"image\":{\"@type\":\"ImageObject\",\"inLanguage\":\"es\",\"@id\":\"https:\\\/\\\/secure.gravatar.com\\\/avatar\\\/aee0068ae3cc041082e0e84a8258fe5ccc00a733f187bde73b0b40d86b892826?s=96&d=mm&r=g\",\"url\":\"https:\\\/\\\/secure.gravatar.com\\\/avatar\\\/aee0068ae3cc041082e0e84a8258fe5ccc00a733f187bde73b0b40d86b892826?s=96&d=mm&r=g\",\"contentUrl\":\"https:\\\/\\\/secure.gravatar.com\\\/avatar\\\/aee0068ae3cc041082e0e84a8258fe5ccc00a733f187bde73b0b40d86b892826?s=96&d=mm&r=g\",\"caption\":\"Rebeca Romero\"},\"url\":\"https:\\\/\\\/centrourbano.com\\\/revista\\\/author\\\/rebeca-romero\\\/\"}]}<\/script>\n<!-- \/ Yoast SEO plugin. -->","yoast_head_json":{"title":"Estas han sido las sedes del Premio HyM -","description":"En m\u00e1s de 20 a\u00f1os, el Premio HyM se ha ubicado en inmuebles \u00edconos de la arquitectura y espacios culturales Al paso de cada edici\u00f3n, el Premio Hombres y","robots":{"index":"index","follow":"follow","max-snippet":"max-snippet:-1","max-image-preview":"max-image-preview:large","max-video-preview":"max-video-preview:-1"},"canonical":"https:\/\/centrourbano.com\/revista\/arquitectura-2\/sedes-del-premio-hym\/","og_locale":"es_ES","og_type":"article","og_title":"Estas han sido las sedes del Premio HyM -","og_description":"En m\u00e1s de 20 a\u00f1os, el Premio HyM se ha ubicado en inmuebles \u00edconos de la arquitectura y espacios culturales Al paso de cada edici\u00f3n, el Premio Hombres y","og_url":"https:\/\/centrourbano.com\/revista\/arquitectura-2\/sedes-del-premio-hym\/","og_site_name":"Centro Urbano","article_publisher":"https:\/\/www.facebook.com\/portalcentrourbano","article_published_time":"2023-10-30T21:42:55+00:00","og_image":[{"width":800,"height":800,"url":"https:\/\/centrourbano.com\/revista\/wp-content\/uploads\/\u2022_Estas-han-sido-las-sedes-del-Premio-HyM.jpg","type":"image\/jpeg"}],"author":"Rebeca Romero","twitter_card":"summary_large_image","twitter_creator":"@CentroUrbano","twitter_site":"@CentroUrbano","twitter_misc":{"Escrito por":"Rebeca Romero","Tiempo de lectura":"1 minuto"},"schema":{"@context":"https:\/\/schema.org","@graph":[{"@type":"Article","@id":"https:\/\/centrourbano.com\/revista\/arquitectura-2\/sedes-del-premio-hym\/#article","isPartOf":{"@id":"https:\/\/centrourbano.com\/revista\/arquitectura-2\/sedes-del-premio-hym\/"},"author":{"name":"Rebeca Romero","@id":"https:\/\/centrourbano.com\/revista\/#\/schema\/person\/c665f1c60da3ad48cd761a707b7090b0"},"headline":"Estas han sido las sedes del Premio HyM","datePublished":"2023-10-30T21:42:55+00:00","mainEntityOfPage":{"@id":"https:\/\/centrourbano.com\/revista\/arquitectura-2\/sedes-del-premio-hym\/"},"wordCount":302,"commentCount":0,"publisher":{"@id":"https:\/\/centrourbano.com\/revista\/#organization"},"image":{"@id":"https:\/\/centrourbano.com\/revista\/arquitectura-2\/sedes-del-premio-hym\/#primaryimage"},"thumbnailUrl":"https:\/\/centrourbano.com\/revista\/wp-content\/uploads\/\u2022_Estas-han-sido-las-sedes-del-Premio-HyM.jpg","keywords":["arquitectura","bellas artes","Museo Franz Mayer","Museo Soumaya","Premio HyM"],"articleSection":["Arquitectura"],"inLanguage":"es","potentialAction":[{"@type":"CommentAction","name":"Comment","target":["https:\/\/centrourbano.com\/revista\/arquitectura-2\/sedes-del-premio-hym\/#respond"]}]},{"@type":"WebPage","@id":"https:\/\/centrourbano.com\/revista\/arquitectura-2\/sedes-del-premio-hym\/","url":"https:\/\/centrourbano.com\/revista\/arquitectura-2\/sedes-del-premio-hym\/","name":"Estas han sido las sedes del Premio HyM -","isPartOf":{"@id":"https:\/\/centrourbano.com\/revista\/#website"},"primaryImageOfPage":{"@id":"https:\/\/centrourbano.com\/revista\/arquitectura-2\/sedes-del-premio-hym\/#primaryimage"},"image":{"@id":"https:\/\/centrourbano.com\/revista\/arquitectura-2\/sedes-del-premio-hym\/#primaryimage"},"thumbnailUrl":"https:\/\/centrourbano.com\/revista\/wp-content\/uploads\/\u2022_Estas-han-sido-las-sedes-del-Premio-HyM.jpg","datePublished":"2023-10-30T21:42:55+00:00","description":"En m\u00e1s de 20 a\u00f1os, el Premio HyM se ha ubicado en inmuebles \u00edconos de la arquitectura y espacios culturales Al paso de cada edici\u00f3n, el Premio Hombres y","breadcrumb":{"@id":"https:\/\/centrourbano.com\/revista\/arquitectura-2\/sedes-del-premio-hym\/#breadcrumb"},"inLanguage":"es","potentialAction":[{"@type":"ReadAction","target":["https:\/\/centrourbano.com\/revista\/arquitectura-2\/sedes-del-premio-hym\/"]}]},{"@type":"ImageObject","inLanguage":"es","@id":"https:\/\/centrourbano.com\/revista\/arquitectura-2\/sedes-del-premio-hym\/#primaryimage","url":"https:\/\/centrourbano.com\/revista\/wp-content\/uploads\/\u2022_Estas-han-sido-las-sedes-del-Premio-HyM.jpg","contentUrl":"https:\/\/centrourbano.com\/revista\/wp-content\/uploads\/\u2022_Estas-han-sido-las-sedes-del-Premio-HyM.jpg","width":800,"height":800,"caption":"Estas han sido las sedes del Premio HyM"},{"@type":"BreadcrumbList","@id":"https:\/\/centrourbano.com\/revista\/arquitectura-2\/sedes-del-premio-hym\/#breadcrumb","itemListElement":[{"@type":"ListItem","position":1,"name":"Portada","item":"https:\/\/centrourbano.com\/revista\/"},{"@type":"ListItem","position":2,"name":"Estas han sido las sedes del Premio HyM"}]},{"@type":"WebSite","@id":"https:\/\/centrourbano.com\/revista\/#website","url":"https:\/\/centrourbano.com\/revista\/","name":"Centro Urbano","description":"Medio especializado en los sectores vivienda, inmobiliario, construcci\u00f3n, arquitectura y urbanismo.","publisher":{"@id":"https:\/\/centrourbano.com\/revista\/#organization"},"potentialAction":[{"@type":"SearchAction","target":{"@type":"EntryPoint","urlTemplate":"https:\/\/centrourbano.com\/revista\/?s={search_term_string}"},"query-input":{"@type":"PropertyValueSpecification","valueRequired":true,"valueName":"search_term_string"}}],"inLanguage":"es"},{"@type":"Organization","@id":"https:\/\/centrourbano.com\/revista\/#organization","name":"Centro Urbano","url":"https:\/\/centrourbano.com\/revista\/","logo":{"@type":"ImageObject","inLanguage":"es","@id":"https:\/\/centrourbano.com\/revista\/#\/schema\/logo\/image\/","url":"https:\/\/centrourbano.com\/revista\/wp-content\/uploads\/web_CU_logo-1.png","contentUrl":"https:\/\/centrourbano.com\/revista\/wp-content\/uploads\/web_CU_logo-1.png","width":350,"height":91,"caption":"Centro Urbano"},"image":{"@id":"https:\/\/centrourbano.com\/revista\/#\/schema\/logo\/image\/"},"sameAs":["https:\/\/www.facebook.com\/portalcentrourbano","https:\/\/x.com\/CentroUrbano","https:\/\/www.instagram.com\/centro_urbano\/","https:\/\/www.linkedin.com\/company\/centro-urbano\/","http:\/\/www.youtube.com\/user\/portalcentrourbano"]},{"@type":"Person","@id":"https:\/\/centrourbano.com\/revista\/#\/schema\/person\/c665f1c60da3ad48cd761a707b7090b0","name":"Rebeca Romero","image":{"@type":"ImageObject","inLanguage":"es","@id":"https:\/\/secure.gravatar.com\/avatar\/aee0068ae3cc041082e0e84a8258fe5ccc00a733f187bde73b0b40d86b892826?s=96&d=mm&r=g","url":"https:\/\/secure.gravatar.com\/avatar\/aee0068ae3cc041082e0e84a8258fe5ccc00a733f187bde73b0b40d86b892826?s=96&d=mm&r=g","contentUrl":"https:\/\/secure.gravatar.com\/avatar\/aee0068ae3cc041082e0e84a8258fe5ccc00a733f187bde73b0b40d86b892826?s=96&d=mm&r=g","caption":"Rebeca Romero"},"url":"https:\/\/centrourbano.com\/revista\/author\/rebeca-romero\/"}]}},"_links":{"self":[{"href":"https:\/\/centrourbano.com\/revista\/wp-json\/wp\/v2\/posts\/143756","targetHints":{"allow":["GET"]}}],"collection":[{"href":"https:\/\/centrourbano.com\/revista\/wp-json\/wp\/v2\/posts"}],"about":[{"href":"https:\/\/centrourbano.com\/revista\/wp-json\/wp\/v2\/types\/post"}],"author":[{"embeddable":true,"href":"https:\/\/centrourbano.com\/revista\/wp-json\/wp\/v2\/users\/88"}],"replies":[{"embeddable":true,"href":"https:\/\/centrourbano.com\/revista\/wp-json\/wp\/v2\/comments?post=143756"}],"version-history":[{"count":2,"href":"https:\/\/centrourbano.com\/revista\/wp-json\/wp\/v2\/posts\/143756\/revisions"}],"predecessor-version":[{"id":143761,"href":"https:\/\/centrourbano.com\/revista\/wp-json\/wp\/v2\/posts\/143756\/revisions\/143761"}],"wp:featuredmedia":[{"embeddable":true,"href":"https:\/\/centrourbano.com\/revista\/wp-json\/wp\/v2\/media\/143757"}],"wp:attachment":[{"href":"https:\/\/centrourbano.com\/revista\/wp-json\/wp\/v2\/media?parent=143756"}],"wp:term":[{"taxonomy":"category","embeddable":true,"href":"https:\/\/centrourbano.com\/revista\/wp-json\/wp\/v2\/categories?post=143756"},{"taxonomy":"post_tag","embeddable":true,"href":"https:\/\/centrourbano.com\/revista\/wp-json\/wp\/v2\/tags?post=143756"}],"curies":[{"name":"wp","href":"https:\/\/api.w.org\/{rel}","templated":true}]}}