{"id":143687,"date":"2023-10-25T18:26:14","date_gmt":"2023-10-26T00:26:14","guid":{"rendered":"https:\/\/centrourbano.com\/?p=143687"},"modified":"2023-10-25T21:26:37","modified_gmt":"2023-10-26T03:26:37","slug":"gcdmx-plan-centro-historico","status":"publish","type":"post","link":"https:\/\/centrourbano.com\/revista\/urbanismo\/gcdmx-plan-centro-historico\/","title":{"rendered":"Presenta GCDMX Plan de Manejo del Centro Hist\u00f3rico 2023-2028"},"content":{"rendered":"<p><em>\u201cEl Plan Integral de Manejo del Centro Hist\u00f3rico 2023-2028 es nuestro eje rector para cuidar y lograr un mayor mejoramiento progresivo integral de la zona\u201d<\/em><!--more--><\/p>\n<p>El <strong>Gobierno de la Ciudad de M\u00e9xico<\/strong> present\u00f3 el <strong>Plan Integral de Manejo del Centro Hist\u00f3rico 2023-2028<\/strong>, instrumento que guiar\u00e1 el desarrollo de proyectos de mejoramiento progresivo e integral en la zona, a fin de conservar su historia y fomentar su aprovechamiento.<\/p>\n<p>Este Plan est\u00e1 estructurado en <strong>seis ejes<\/strong>, cuatro previos:<\/p>\n<ul>\n<li><strong>Habitabilidad<\/strong>&#8211; contempla la conservaci\u00f3n de espacios p\u00fablicos, la generaci\u00f3n de oferta de vivienda digna y segura, medidas de control de contaminaci\u00f3n, y garant\u00eda de seguridad para habitantes y transe\u00fantes.<\/li>\n<li><strong>Econom\u00eda y Turismo<\/strong>&#8211; busca impulsar el peque\u00f1o comercio, regular los establecimientos nocturnos y reordenar el comercio en plazas populares y v\u00eda p\u00fablica.<\/li>\n<li><strong>Movilidad y Funcionalidad Urbana<\/strong>&#8211; promueve la ampliaci\u00f3n de \u00e1reas peatonales, intersecciones seguras, infraestructura ciclista, ordenamiento de ciclotaxis, transporte concesionado y estacionamientos p\u00fablicos.<\/li>\n<li><strong>Ciudadan\u00eda y Cultura C\u00edvica<\/strong>&#8211; fomenta la participaci\u00f3n social y sana convivencia de habitantes, trabajadores y visitantes.<\/li>\n<\/ul>\n<p>Y para el <strong>Plan 2023-2028<\/strong> se a\u00f1adieron dos ejes m\u00e1s:<\/p>\n<ul>\n<li><strong>Patrimonio Hist\u00f3rico y Cultural<\/strong>&#8211; busca la identificaci\u00f3n, registro y reconocimiento del patrimonio material e inmaterial, cient\u00edfico y tecnol\u00f3gico, para su adecuada conservaci\u00f3n.<\/li>\n<li><strong>Fortalecimiento Institucional<\/strong>&#8211; analiza el marco jur\u00eddico que regula la planeaci\u00f3n del territorio y el uso del suelo, para guiar la actuaci\u00f3n de dependencias y entidades del Centro Hist\u00f3rico, adem\u00e1s de establecer la evaluaci\u00f3n por parte de su comunidad.<\/li>\n<\/ul>\n<p>\u201cEl <strong>Plan Integral de Manejo del Centro Hist\u00f3rico 2023-2028<\/strong> es nuestro eje rector para cuidar y lograr un mayor mejoramiento progresivo integral de la zona. Se trata, a trav\u00e9s de este Plan, de buscar la conservaci\u00f3n, la rehabilitaci\u00f3n, el aprovechamiento, el disfrute y la potenciaci\u00f3n de nuestro Centro Hist\u00f3rico. (\u2026) Tenemos la obligaci\u00f3n de cuidarlo para poder disfrutarlo en todas sus dimensiones\u201d, resalt\u00f3 el <strong><a href=\"https:\/\/www.jefaturadegobierno.cdmx.gob.mx\/\" target=\"_blank\" rel=\"noopener\">jefe de Gobierno<\/a>, Mart\u00ed Batres Guadarrama.<\/strong><\/p>\n<p>Por su parte, la <strong>titular del Fideicomiso Centro Hist\u00f3rico de la CDMX<\/strong>, <strong>Loredana Montes L\u00f3pez<\/strong>, explic\u00f3 que, tras la declaratoria del <strong>Centro Hist\u00f3rico<\/strong> como <strong>Patrimonio de la Humanidad <\/strong>por la Organizaci\u00f3n de las Naciones Unidas para la Educaci\u00f3n, la Ciencia y la Cultura (UNESCO) en 1987, diversas dependencias del Gobierno capitalino se han comprometido a la conservaci\u00f3n y aprovechamiento de la zona.<\/p>\n<p>En ese sentido, destac\u00f3 algunas acciones realizadas por el <strong>Fideicomiso<\/strong> para cumplir con dicho compromiso, como la rehabilitaci\u00f3n de inmuebles da\u00f1ados por el sismo de 2017, intervenciones en templos y fachadas de edificios hist\u00f3ricos, as\u00ed como la colocaci\u00f3n de 800 elementos de se\u00f1al\u00e9tica y nomenclatura en las calles.<\/p>\n<p>\u201cEl Gobierno de la Ciudad de M\u00e9xico ha desarrollado, a lo largo de la presente administraci\u00f3n, estrategias, pol\u00edticas y acciones de <strong>recuperaci\u00f3n del espacio p\u00fablico<\/strong>, as\u00ed como la <strong>rehabilitaci\u00f3n de numerosos inmuebles<\/strong>, muchos de ellos afectos al patrimonio hist\u00f3rico. Asimismo, ha llevado <strong>programas culturales y desarrollo social<\/strong>, pues estamos conscientes de que estas acciones tienen un efecto definitivo sobre el bienestar y la vida comunitaria de la poblaci\u00f3n\u201d, se\u00f1al\u00f3.<\/p>\n<p>En tanto, el <strong>titular de la Secretar\u00eda de Obras y Servicios capitalina<\/strong> (<strong>Sobse<\/strong>), <strong>Jes\u00fas Antonio Esteva Medina<\/strong>, hizo un recuento de las obras realizadas durante los \u00faltimos cinco a\u00f1os en el Centro Hist\u00f3rico, mismas que, con una inversi\u00f3n de <strong>1,200 millones de pesos<\/strong> (mdp), han resultado en la intervenci\u00f3n de 300,000 metros cuadrados para recuperar espacios p\u00fablicos, aumentar el espacio peatonal y ciclista, incrementar la iluminaci\u00f3n y \u00e1reas verdes.<\/p>\n<p>\u201cEn esta visi\u00f3n de igualdad, de <strong>recuperaci\u00f3n del espacio p\u00fablico<\/strong> como sitio donde se da el tejido social, es que vamos interviniendo cada una de estas etapas, vamos eliminando esas fronteras. (&#8230;) El incremento del nivel de iluminaci\u00f3n con 2,059 luminarias LED y que se percibe el antes y el despu\u00e9s; la Alameda estaba apagada cuando la recibimos. (&#8230;) Priorizamos al peat\u00f3n y a los modos de interconexi\u00f3n de movilidad sustentable. Ahora tenemos cinco kil\u00f3metros m\u00e1s de ciclov\u00edas en diferentes puntos, incluyendo un tramo ya dentro del propio Z\u00f3calo\u201d, detall\u00f3.<\/p>\n<a href=\"https:\/\/centrourbano.com\/revista\/wp-content\/uploads\/plan-centro-historico.jpeg\" target=\"_blank\" rel=\"noopener\"><img loading=\"lazy\" decoding=\"async\" class=\"aligncenter wp-image-143689 \" src=\"https:\/\/centrourbano.com\/revista\/wp-content\/uploads\/plan-centro-historico.jpeg\" alt=\"\" width=\"700\" height=\"466\" srcset=\"https:\/\/centrourbano.com\/revista\/wp-content\/uploads\/plan-centro-historico.jpeg 1024w, https:\/\/centrourbano.com\/revista\/wp-content\/uploads\/plan-centro-historico-300x200.jpeg 300w, https:\/\/centrourbano.com\/revista\/wp-content\/uploads\/plan-centro-historico-1000x666.jpeg 1000w, https:\/\/centrourbano.com\/revista\/wp-content\/uploads\/plan-centro-historico-768x512.jpeg 768w\" sizes=\"auto, (max-width: 700px) 100vw, 700px\" \/><\/a>\n","protected":false},"excerpt":{"rendered":"<p>\u201cEl Plan Integral de Manejo del Centro Hist\u00f3rico 2023-2028 es nuestro eje rector para cuidar y lograr un mayor mejoramiento progresivo integral de la zona\u201d<\/p>\n","protected":false},"author":73,"featured_media":143688,"comment_status":"open","ping_status":"closed","sticky":false,"template":"","format":"standard","meta":{"om_disable_all_campaigns":false,"inline_featured_image":false,"_monsterinsights_skip_tracking":false,"_monsterinsights_sitenote_active":false,"_monsterinsights_sitenote_note":"","_monsterinsights_sitenote_category":0,"footnotes":""},"categories":[82],"tags":[606,179,11286,21955],"class_list":["post-143687","post","type-post","status-publish","format-standard","has-post-thumbnail","hentry","category-urbanismo","tag-cdmx","tag-centro-historico","tag-gobierno-cdmx","tag-plan-integral-de-manejo-del-centro-historico"],"yoast_head":"<!-- This site is optimized with the Yoast SEO plugin v27.5 - https:\/\/yoast.com\/product\/yoast-seo-wordpress\/ -->\n<title>Presenta GCDMX Plan de Manejo del Centro Hist\u00f3rico 2023-2028 -<\/title>\n<meta name=\"description\" content=\"\u201cEl Plan Integral de Manejo del Centro Hist\u00f3rico 2023-2028 es nuestro eje rector para cuidar y lograr un mayor mejoramiento progresivo integral de la\" \/>\n<meta name=\"robots\" content=\"index, follow, max-snippet:-1, max-image-preview:large, max-video-preview:-1\" \/>\n<link rel=\"canonical\" href=\"https:\/\/centrourbano.com\/revista\/urbanismo\/gcdmx-plan-centro-historico\/\" \/>\n<meta property=\"og:locale\" content=\"es_ES\" \/>\n<meta property=\"og:type\" content=\"article\" \/>\n<meta property=\"og:title\" content=\"Presenta GCDMX Plan de Manejo del Centro Hist\u00f3rico 2023-2028 -\" \/>\n<meta property=\"og:description\" content=\"\u201cEl Plan Integral de Manejo del Centro Hist\u00f3rico 2023-2028 es nuestro eje rector para cuidar y lograr un mayor mejoramiento progresivo integral de la\" \/>\n<meta property=\"og:url\" content=\"https:\/\/centrourbano.com\/revista\/urbanismo\/gcdmx-plan-centro-historico\/\" \/>\n<meta property=\"og:site_name\" content=\"Centro Urbano\" \/>\n<meta property=\"article:publisher\" content=\"https:\/\/www.facebook.com\/portalcentrourbano\" \/>\n<meta property=\"article:published_time\" content=\"2023-10-26T00:26:14+00:00\" \/>\n<meta property=\"article:modified_time\" content=\"2023-10-26T03:26:37+00:00\" \/>\n<meta property=\"og:image\" content=\"https:\/\/centrourbano.com\/revista\/wp-content\/uploads\/Captura-de-pantalla-2023-10-25-a-las-20.57.26.png\" \/>\n\t<meta property=\"og:image:width\" content=\"900\" \/>\n\t<meta property=\"og:image:height\" content=\"660\" \/>\n\t<meta property=\"og:image:type\" content=\"image\/png\" \/>\n<meta name=\"author\" content=\"Fernanda Hern\u00e1ndez\" \/>\n<meta name=\"twitter:card\" content=\"summary_large_image\" \/>\n<meta name=\"twitter:creator\" content=\"@https:\/\/twitter.com\/Nannz_Hernandez\" \/>\n<meta name=\"twitter:site\" content=\"@CentroUrbano\" \/>\n<meta name=\"twitter:label1\" content=\"Escrito por\" \/>\n\t<meta name=\"twitter:data1\" content=\"Fernanda Hern\u00e1ndez\" \/>\n\t<meta name=\"twitter:label2\" content=\"Tiempo de lectura\" \/>\n\t<meta name=\"twitter:data2\" content=\"4 minutos\" \/>\n<script type=\"application\/ld+json\" class=\"yoast-schema-graph\">{\"@context\":\"https:\\\/\\\/schema.org\",\"@graph\":[{\"@type\":\"Article\",\"@id\":\"https:\\\/\\\/centrourbano.com\\\/revista\\\/urbanismo\\\/gcdmx-plan-centro-historico\\\/#article\",\"isPartOf\":{\"@id\":\"https:\\\/\\\/centrourbano.com\\\/revista\\\/urbanismo\\\/gcdmx-plan-centro-historico\\\/\"},\"author\":{\"name\":\"Fernanda Hern\u00e1ndez\",\"@id\":\"https:\\\/\\\/centrourbano.com\\\/revista\\\/#\\\/schema\\\/person\\\/bc284507d99af21c6df75a3f1924b95c\"},\"headline\":\"Presenta GCDMX Plan de Manejo del Centro Hist\u00f3rico 2023-2028\",\"datePublished\":\"2023-10-26T00:26:14+00:00\",\"dateModified\":\"2023-10-26T03:26:37+00:00\",\"mainEntityOfPage\":{\"@id\":\"https:\\\/\\\/centrourbano.com\\\/revista\\\/urbanismo\\\/gcdmx-plan-centro-historico\\\/\"},\"wordCount\":722,\"commentCount\":0,\"publisher\":{\"@id\":\"https:\\\/\\\/centrourbano.com\\\/revista\\\/#organization\"},\"image\":{\"@id\":\"https:\\\/\\\/centrourbano.com\\\/revista\\\/urbanismo\\\/gcdmx-plan-centro-historico\\\/#primaryimage\"},\"thumbnailUrl\":\"https:\\\/\\\/centrourbano.com\\\/revista\\\/wp-content\\\/uploads\\\/Captura-de-pantalla-2023-10-25-a-las-20.57.26.png\",\"keywords\":[\"CDMX\",\"Centro Hist\u00f3rico\",\"Gobierno CDMX\",\"Plan Integral de Manejo del Centro Hist\u00f3rico\"],\"articleSection\":[\"Urbanismo\"],\"inLanguage\":\"es\",\"potentialAction\":[{\"@type\":\"CommentAction\",\"name\":\"Comment\",\"target\":[\"https:\\\/\\\/centrourbano.com\\\/revista\\\/urbanismo\\\/gcdmx-plan-centro-historico\\\/#respond\"]}]},{\"@type\":\"WebPage\",\"@id\":\"https:\\\/\\\/centrourbano.com\\\/revista\\\/urbanismo\\\/gcdmx-plan-centro-historico\\\/\",\"url\":\"https:\\\/\\\/centrourbano.com\\\/revista\\\/urbanismo\\\/gcdmx-plan-centro-historico\\\/\",\"name\":\"Presenta GCDMX Plan de Manejo del Centro Hist\u00f3rico 2023-2028 -\",\"isPartOf\":{\"@id\":\"https:\\\/\\\/centrourbano.com\\\/revista\\\/#website\"},\"primaryImageOfPage\":{\"@id\":\"https:\\\/\\\/centrourbano.com\\\/revista\\\/urbanismo\\\/gcdmx-plan-centro-historico\\\/#primaryimage\"},\"image\":{\"@id\":\"https:\\\/\\\/centrourbano.com\\\/revista\\\/urbanismo\\\/gcdmx-plan-centro-historico\\\/#primaryimage\"},\"thumbnailUrl\":\"https:\\\/\\\/centrourbano.com\\\/revista\\\/wp-content\\\/uploads\\\/Captura-de-pantalla-2023-10-25-a-las-20.57.26.png\",\"datePublished\":\"2023-10-26T00:26:14+00:00\",\"dateModified\":\"2023-10-26T03:26:37+00:00\",\"description\":\"\u201cEl Plan Integral de Manejo del Centro Hist\u00f3rico 2023-2028 es nuestro eje rector para cuidar y lograr un mayor mejoramiento progresivo integral de la\",\"breadcrumb\":{\"@id\":\"https:\\\/\\\/centrourbano.com\\\/revista\\\/urbanismo\\\/gcdmx-plan-centro-historico\\\/#breadcrumb\"},\"inLanguage\":\"es\",\"potentialAction\":[{\"@type\":\"ReadAction\",\"target\":[\"https:\\\/\\\/centrourbano.com\\\/revista\\\/urbanismo\\\/gcdmx-plan-centro-historico\\\/\"]}]},{\"@type\":\"ImageObject\",\"inLanguage\":\"es\",\"@id\":\"https:\\\/\\\/centrourbano.com\\\/revista\\\/urbanismo\\\/gcdmx-plan-centro-historico\\\/#primaryimage\",\"url\":\"https:\\\/\\\/centrourbano.com\\\/revista\\\/wp-content\\\/uploads\\\/Captura-de-pantalla-2023-10-25-a-las-20.57.26.png\",\"contentUrl\":\"https:\\\/\\\/centrourbano.com\\\/revista\\\/wp-content\\\/uploads\\\/Captura-de-pantalla-2023-10-25-a-las-20.57.26.png\",\"width\":900,\"height\":660,\"caption\":\"\u201cEl Plan Integral de Manejo del Centro Hist\u00f3rico 2023-2028 es nuestro eje rector para cuidar y lograr un mayor mejoramiento progresivo integral de la zona\u201d\"},{\"@type\":\"BreadcrumbList\",\"@id\":\"https:\\\/\\\/centrourbano.com\\\/revista\\\/urbanismo\\\/gcdmx-plan-centro-historico\\\/#breadcrumb\",\"itemListElement\":[{\"@type\":\"ListItem\",\"position\":1,\"name\":\"Portada\",\"item\":\"https:\\\/\\\/centrourbano.com\\\/revista\\\/\"},{\"@type\":\"ListItem\",\"position\":2,\"name\":\"Presenta GCDMX Plan de Manejo del Centro Hist\u00f3rico 2023-2028\"}]},{\"@type\":\"WebSite\",\"@id\":\"https:\\\/\\\/centrourbano.com\\\/revista\\\/#website\",\"url\":\"https:\\\/\\\/centrourbano.com\\\/revista\\\/\",\"name\":\"Centro Urbano\",\"description\":\"Medio especializado en los sectores vivienda, inmobiliario, construcci\u00f3n, arquitectura y urbanismo.\",\"publisher\":{\"@id\":\"https:\\\/\\\/centrourbano.com\\\/revista\\\/#organization\"},\"potentialAction\":[{\"@type\":\"SearchAction\",\"target\":{\"@type\":\"EntryPoint\",\"urlTemplate\":\"https:\\\/\\\/centrourbano.com\\\/revista\\\/?s={search_term_string}\"},\"query-input\":{\"@type\":\"PropertyValueSpecification\",\"valueRequired\":true,\"valueName\":\"search_term_string\"}}],\"inLanguage\":\"es\"},{\"@type\":\"Organization\",\"@id\":\"https:\\\/\\\/centrourbano.com\\\/revista\\\/#organization\",\"name\":\"Centro Urbano\",\"url\":\"https:\\\/\\\/centrourbano.com\\\/revista\\\/\",\"logo\":{\"@type\":\"ImageObject\",\"inLanguage\":\"es\",\"@id\":\"https:\\\/\\\/centrourbano.com\\\/revista\\\/#\\\/schema\\\/logo\\\/image\\\/\",\"url\":\"https:\\\/\\\/centrourbano.com\\\/revista\\\/wp-content\\\/uploads\\\/web_CU_logo-1.png\",\"contentUrl\":\"https:\\\/\\\/centrourbano.com\\\/revista\\\/wp-content\\\/uploads\\\/web_CU_logo-1.png\",\"width\":350,\"height\":91,\"caption\":\"Centro Urbano\"},\"image\":{\"@id\":\"https:\\\/\\\/centrourbano.com\\\/revista\\\/#\\\/schema\\\/logo\\\/image\\\/\"},\"sameAs\":[\"https:\\\/\\\/www.facebook.com\\\/portalcentrourbano\",\"https:\\\/\\\/x.com\\\/CentroUrbano\",\"https:\\\/\\\/www.instagram.com\\\/centro_urbano\\\/\",\"https:\\\/\\\/www.linkedin.com\\\/company\\\/centro-urbano\\\/\",\"http:\\\/\\\/www.youtube.com\\\/user\\\/portalcentrourbano\"]},{\"@type\":\"Person\",\"@id\":\"https:\\\/\\\/centrourbano.com\\\/revista\\\/#\\\/schema\\\/person\\\/bc284507d99af21c6df75a3f1924b95c\",\"name\":\"Fernanda Hern\u00e1ndez\",\"image\":{\"@type\":\"ImageObject\",\"inLanguage\":\"es\",\"@id\":\"https:\\\/\\\/secure.gravatar.com\\\/avatar\\\/9471831fb0a24eae9d32d826a7cb8ef07c34a41520aca1a0ab1f5c0903ba49b9?s=96&d=mm&r=g\",\"url\":\"https:\\\/\\\/secure.gravatar.com\\\/avatar\\\/9471831fb0a24eae9d32d826a7cb8ef07c34a41520aca1a0ab1f5c0903ba49b9?s=96&d=mm&r=g\",\"contentUrl\":\"https:\\\/\\\/secure.gravatar.com\\\/avatar\\\/9471831fb0a24eae9d32d826a7cb8ef07c34a41520aca1a0ab1f5c0903ba49b9?s=96&d=mm&r=g\",\"caption\":\"Fernanda Hern\u00e1ndez\"},\"description\":\"Reportera y redactora en Centro Urbano. Soy egresada de la licenciatura en Ciencias de la Comunicaci\u00f3n de la Facultad de Ciencias Pol\u00edticas y Sociales (UNAM). Me interesa la cultura, el urbanismo y la arquitectura. Amante del mundo digital, el cine, la m\u00fasica, la lectura y la escritura.\",\"sameAs\":[\"https:\\\/\\\/x.com\\\/https:\\\/\\\/twitter.com\\\/Nannz_Hernandez\"],\"url\":\"https:\\\/\\\/centrourbano.com\\\/revista\\\/author\\\/fernanda-hernandez\\\/\"}]}<\/script>\n<!-- \/ Yoast SEO plugin. -->","yoast_head_json":{"title":"Presenta GCDMX Plan de Manejo del Centro Hist\u00f3rico 2023-2028 -","description":"\u201cEl Plan Integral de Manejo del Centro Hist\u00f3rico 2023-2028 es nuestro eje rector para cuidar y lograr un mayor mejoramiento progresivo integral de la","robots":{"index":"index","follow":"follow","max-snippet":"max-snippet:-1","max-image-preview":"max-image-preview:large","max-video-preview":"max-video-preview:-1"},"canonical":"https:\/\/centrourbano.com\/revista\/urbanismo\/gcdmx-plan-centro-historico\/","og_locale":"es_ES","og_type":"article","og_title":"Presenta GCDMX Plan de Manejo del Centro Hist\u00f3rico 2023-2028 -","og_description":"\u201cEl Plan Integral de Manejo del Centro Hist\u00f3rico 2023-2028 es nuestro eje rector para cuidar y lograr un mayor mejoramiento progresivo integral de la","og_url":"https:\/\/centrourbano.com\/revista\/urbanismo\/gcdmx-plan-centro-historico\/","og_site_name":"Centro Urbano","article_publisher":"https:\/\/www.facebook.com\/portalcentrourbano","article_published_time":"2023-10-26T00:26:14+00:00","article_modified_time":"2023-10-26T03:26:37+00:00","og_image":[{"width":900,"height":660,"url":"https:\/\/centrourbano.com\/revista\/wp-content\/uploads\/Captura-de-pantalla-2023-10-25-a-las-20.57.26.png","type":"image\/png"}],"author":"Fernanda Hern\u00e1ndez","twitter_card":"summary_large_image","twitter_creator":"@https:\/\/twitter.com\/Nannz_Hernandez","twitter_site":"@CentroUrbano","twitter_misc":{"Escrito por":"Fernanda Hern\u00e1ndez","Tiempo de lectura":"4 minutos"},"schema":{"@context":"https:\/\/schema.org","@graph":[{"@type":"Article","@id":"https:\/\/centrourbano.com\/revista\/urbanismo\/gcdmx-plan-centro-historico\/#article","isPartOf":{"@id":"https:\/\/centrourbano.com\/revista\/urbanismo\/gcdmx-plan-centro-historico\/"},"author":{"name":"Fernanda Hern\u00e1ndez","@id":"https:\/\/centrourbano.com\/revista\/#\/schema\/person\/bc284507d99af21c6df75a3f1924b95c"},"headline":"Presenta GCDMX Plan de Manejo del Centro Hist\u00f3rico 2023-2028","datePublished":"2023-10-26T00:26:14+00:00","dateModified":"2023-10-26T03:26:37+00:00","mainEntityOfPage":{"@id":"https:\/\/centrourbano.com\/revista\/urbanismo\/gcdmx-plan-centro-historico\/"},"wordCount":722,"commentCount":0,"publisher":{"@id":"https:\/\/centrourbano.com\/revista\/#organization"},"image":{"@id":"https:\/\/centrourbano.com\/revista\/urbanismo\/gcdmx-plan-centro-historico\/#primaryimage"},"thumbnailUrl":"https:\/\/centrourbano.com\/revista\/wp-content\/uploads\/Captura-de-pantalla-2023-10-25-a-las-20.57.26.png","keywords":["CDMX","Centro Hist\u00f3rico","Gobierno CDMX","Plan Integral de Manejo del Centro Hist\u00f3rico"],"articleSection":["Urbanismo"],"inLanguage":"es","potentialAction":[{"@type":"CommentAction","name":"Comment","target":["https:\/\/centrourbano.com\/revista\/urbanismo\/gcdmx-plan-centro-historico\/#respond"]}]},{"@type":"WebPage","@id":"https:\/\/centrourbano.com\/revista\/urbanismo\/gcdmx-plan-centro-historico\/","url":"https:\/\/centrourbano.com\/revista\/urbanismo\/gcdmx-plan-centro-historico\/","name":"Presenta GCDMX Plan de Manejo del Centro Hist\u00f3rico 2023-2028 -","isPartOf":{"@id":"https:\/\/centrourbano.com\/revista\/#website"},"primaryImageOfPage":{"@id":"https:\/\/centrourbano.com\/revista\/urbanismo\/gcdmx-plan-centro-historico\/#primaryimage"},"image":{"@id":"https:\/\/centrourbano.com\/revista\/urbanismo\/gcdmx-plan-centro-historico\/#primaryimage"},"thumbnailUrl":"https:\/\/centrourbano.com\/revista\/wp-content\/uploads\/Captura-de-pantalla-2023-10-25-a-las-20.57.26.png","datePublished":"2023-10-26T00:26:14+00:00","dateModified":"2023-10-26T03:26:37+00:00","description":"\u201cEl Plan Integral de Manejo del Centro Hist\u00f3rico 2023-2028 es nuestro eje rector para cuidar y lograr un mayor mejoramiento progresivo integral de la","breadcrumb":{"@id":"https:\/\/centrourbano.com\/revista\/urbanismo\/gcdmx-plan-centro-historico\/#breadcrumb"},"inLanguage":"es","potentialAction":[{"@type":"ReadAction","target":["https:\/\/centrourbano.com\/revista\/urbanismo\/gcdmx-plan-centro-historico\/"]}]},{"@type":"ImageObject","inLanguage":"es","@id":"https:\/\/centrourbano.com\/revista\/urbanismo\/gcdmx-plan-centro-historico\/#primaryimage","url":"https:\/\/centrourbano.com\/revista\/wp-content\/uploads\/Captura-de-pantalla-2023-10-25-a-las-20.57.26.png","contentUrl":"https:\/\/centrourbano.com\/revista\/wp-content\/uploads\/Captura-de-pantalla-2023-10-25-a-las-20.57.26.png","width":900,"height":660,"caption":"\u201cEl Plan Integral de Manejo del Centro Hist\u00f3rico 2023-2028 es nuestro eje rector para cuidar y lograr un mayor mejoramiento progresivo integral de la zona\u201d"},{"@type":"BreadcrumbList","@id":"https:\/\/centrourbano.com\/revista\/urbanismo\/gcdmx-plan-centro-historico\/#breadcrumb","itemListElement":[{"@type":"ListItem","position":1,"name":"Portada","item":"https:\/\/centrourbano.com\/revista\/"},{"@type":"ListItem","position":2,"name":"Presenta GCDMX Plan de Manejo del Centro Hist\u00f3rico 2023-2028"}]},{"@type":"WebSite","@id":"https:\/\/centrourbano.com\/revista\/#website","url":"https:\/\/centrourbano.com\/revista\/","name":"Centro Urbano","description":"Medio especializado en los sectores vivienda, inmobiliario, construcci\u00f3n, arquitectura y urbanismo.","publisher":{"@id":"https:\/\/centrourbano.com\/revista\/#organization"},"potentialAction":[{"@type":"SearchAction","target":{"@type":"EntryPoint","urlTemplate":"https:\/\/centrourbano.com\/revista\/?s={search_term_string}"},"query-input":{"@type":"PropertyValueSpecification","valueRequired":true,"valueName":"search_term_string"}}],"inLanguage":"es"},{"@type":"Organization","@id":"https:\/\/centrourbano.com\/revista\/#organization","name":"Centro Urbano","url":"https:\/\/centrourbano.com\/revista\/","logo":{"@type":"ImageObject","inLanguage":"es","@id":"https:\/\/centrourbano.com\/revista\/#\/schema\/logo\/image\/","url":"https:\/\/centrourbano.com\/revista\/wp-content\/uploads\/web_CU_logo-1.png","contentUrl":"https:\/\/centrourbano.com\/revista\/wp-content\/uploads\/web_CU_logo-1.png","width":350,"height":91,"caption":"Centro Urbano"},"image":{"@id":"https:\/\/centrourbano.com\/revista\/#\/schema\/logo\/image\/"},"sameAs":["https:\/\/www.facebook.com\/portalcentrourbano","https:\/\/x.com\/CentroUrbano","https:\/\/www.instagram.com\/centro_urbano\/","https:\/\/www.linkedin.com\/company\/centro-urbano\/","http:\/\/www.youtube.com\/user\/portalcentrourbano"]},{"@type":"Person","@id":"https:\/\/centrourbano.com\/revista\/#\/schema\/person\/bc284507d99af21c6df75a3f1924b95c","name":"Fernanda Hern\u00e1ndez","image":{"@type":"ImageObject","inLanguage":"es","@id":"https:\/\/secure.gravatar.com\/avatar\/9471831fb0a24eae9d32d826a7cb8ef07c34a41520aca1a0ab1f5c0903ba49b9?s=96&d=mm&r=g","url":"https:\/\/secure.gravatar.com\/avatar\/9471831fb0a24eae9d32d826a7cb8ef07c34a41520aca1a0ab1f5c0903ba49b9?s=96&d=mm&r=g","contentUrl":"https:\/\/secure.gravatar.com\/avatar\/9471831fb0a24eae9d32d826a7cb8ef07c34a41520aca1a0ab1f5c0903ba49b9?s=96&d=mm&r=g","caption":"Fernanda Hern\u00e1ndez"},"description":"Reportera y redactora en Centro Urbano. Soy egresada de la licenciatura en Ciencias de la Comunicaci\u00f3n de la Facultad de Ciencias Pol\u00edticas y Sociales (UNAM). Me interesa la cultura, el urbanismo y la arquitectura. Amante del mundo digital, el cine, la m\u00fasica, la lectura y la escritura.","sameAs":["https:\/\/x.com\/https:\/\/twitter.com\/Nannz_Hernandez"],"url":"https:\/\/centrourbano.com\/revista\/author\/fernanda-hernandez\/"}]}},"_links":{"self":[{"href":"https:\/\/centrourbano.com\/revista\/wp-json\/wp\/v2\/posts\/143687","targetHints":{"allow":["GET"]}}],"collection":[{"href":"https:\/\/centrourbano.com\/revista\/wp-json\/wp\/v2\/posts"}],"about":[{"href":"https:\/\/centrourbano.com\/revista\/wp-json\/wp\/v2\/types\/post"}],"author":[{"embeddable":true,"href":"https:\/\/centrourbano.com\/revista\/wp-json\/wp\/v2\/users\/73"}],"replies":[{"embeddable":true,"href":"https:\/\/centrourbano.com\/revista\/wp-json\/wp\/v2\/comments?post=143687"}],"version-history":[{"count":2,"href":"https:\/\/centrourbano.com\/revista\/wp-json\/wp\/v2\/posts\/143687\/revisions"}],"predecessor-version":[{"id":143691,"href":"https:\/\/centrourbano.com\/revista\/wp-json\/wp\/v2\/posts\/143687\/revisions\/143691"}],"wp:featuredmedia":[{"embeddable":true,"href":"https:\/\/centrourbano.com\/revista\/wp-json\/wp\/v2\/media\/143688"}],"wp:attachment":[{"href":"https:\/\/centrourbano.com\/revista\/wp-json\/wp\/v2\/media?parent=143687"}],"wp:term":[{"taxonomy":"category","embeddable":true,"href":"https:\/\/centrourbano.com\/revista\/wp-json\/wp\/v2\/categories?post=143687"},{"taxonomy":"post_tag","embeddable":true,"href":"https:\/\/centrourbano.com\/revista\/wp-json\/wp\/v2\/tags?post=143687"}],"curies":[{"name":"wp","href":"https:\/\/api.w.org\/{rel}","templated":true}]}}