{"id":143378,"date":"2023-10-10T15:51:04","date_gmt":"2023-10-10T21:51:04","guid":{"rendered":"https:\/\/centrourbano.com\/?p=143378"},"modified":"2023-10-13T12:13:15","modified_gmt":"2023-10-13T18:13:15","slug":"fibras-certificacion-sustentable","status":"publish","type":"post","link":"https:\/\/centrourbano.com\/revista\/publicaciones\/fibras-certificacion-sustentable\/","title":{"rendered":"Fibras: m\u00e1s de 6 millones de m\u00b2 cuentan alguna certificaci\u00f3n sustentable"},"content":{"rendered":"<p><i><span style=\"font-weight: 400;\">Amefibra se\u00f1al\u00f3 que\u00a0el 87% de las fibras\u00a0monitorean su generaci\u00f3n de residuos y la generaci\u00f3n de emisiones de gases de efecto invernadero<\/span><\/i><!--more--><\/p>\n<p><span style=\"font-weight: 400;\">Al cierre del 2022, del total de \u00c1rea Bruta Rentable de los Fideicomisos de Inversi\u00f3n en Bienes Ra\u00edces (Fibras), 6,154,791 de metros cuadrados (m\u00b2) cuentan con alg\u00fan tipo de<strong> certificaci\u00f3n sustentable o <\/strong><\/span><strong>ambiental<\/strong>.<\/p>\n<p><span style=\"font-weight: 400;\">As\u00ed lo indic\u00f3 el Informe Anual en materia Ambiental, Social y de Gobernanza (ASG) de la Asociaci\u00f3n Mexicana de Fibras Inmobiliarias\u00a0(<a href=\"https:\/\/amefibra.com\/\" target=\"_blank\" rel=\"noopener\">Amefibra<\/a>). En el documento, la Asociaci\u00f3n resalt\u00f3 que la ya mencionada cifra corresponde al inter\u00e9s de las <a href=\"https:\/\/centrourbano.com\/?s=fibras\" target=\"_blank\" rel=\"noopener\">fibras<\/a> por la <strong>disminuci\u00f3n el impacto de la construcci\u00f3n y operaci\u00f3n inmobiliaria en el ambiente.\u00a0<\/strong><\/span><\/p>\n<p><span style=\"font-weight: 400;\">En ese sentido, a trav\u00e9s de labor y certificaci\u00f3n sustentable que avalan dichas estrategias, los fideicomisos, han logrado distintos<strong> avances en la gesti\u00f3n empresarial con impactos ambientales a largo plazo<\/strong>. As\u00ed como han podido costos y riesgos en cuesti\u00f3n de operaci\u00f3n; adem\u00e1s de que contribuyen al bienestar social y ambiental del sector inmobiliario del pa\u00eds.\u00a0<\/span><\/p>\n<p><span style=\"font-weight: 400;\">De acuerdo con Amefibra, los temas ASG concentrado gran parte de las estrategias trazadas por las fibras, provocando un incremento en las expectativas de los diferentes grupos de inter\u00e9s. <\/span><span style=\"font-weight: 400;\">De modo que debido el <strong>73% de las fibras\u00a0cuenta con una estrategia de incorporaci\u00f3n de temas ASG<\/strong> dentro de los temas esenciales de los fideicomisos, desde proveedores hasta contratistas. Sobre temas Ambientales,\u00a0el <strong>87% de las fibras monitorean\u00a0su generaci\u00f3n de residuos y su emisi\u00f3n de Gases de Efecto Invernadero<\/strong>; esto representa un aumento en el monitoreo de 14% en comparaci\u00f3n con el a\u00f1o anterior.\u00a0<\/span><\/p>\n<p><span style=\"font-weight: 400;\">Por su parte, Sim\u00f3n Galante, presidente de Amefribra y CEO de Fibra Hotel, afirm\u00f3 que el <strong>93% de las fibras cuentan con reportes sobre temas ASG<\/strong>. Esto derivado del creciente inter\u00e9s por la incorporaci\u00f3n de estos puntos en empresas.<\/span><\/p>\n<blockquote><p><span style=\"font-weight: 400;\">\u201cEn la \u00faltima d\u00e9cada, la sostenibilidad en la agenda de las organizaciones ha cobrado un nivel de relevancia significativo a medida que los grupos de inter\u00e9s buscan mayor proactividad y transparencia en la materia, el 93% de las fibras reportan informes en materia de ASG. Actualmente, existe una creciente demanda por parte de los inversionistas a nivel mundial por la incorporaci\u00f3n de estos criterios en los modelos y procesos de inversi\u00f3n\u201d, coment\u00f3. \u00a0<\/span><\/p><\/blockquote>\n<h2><span style=\"font-weight: 400;\">Acciones sustentables de las fibras<\/span><\/h2>\n<p><span style=\"font-weight: 400;\">El Informe Anual de ASG tambi\u00e9n se\u00f1al\u00f3 algunas de las acciones realizadas por fibras. Un ejemplo de ello es la labor que llev\u00f3 a <strong>Fibra Uno<\/strong> a recibir el reconocimiento de Sustainalytics al encontrarse dentro de las <strong>empresas con pr\u00e1cticas ASG en Am\u00e9rica Latina<\/strong>; del mismo modo esta compa\u00f1\u00eda fue incluida en el \u00edndice de sostenibilidad Total ESG S&amp;P de la Bolsa Mexicana de Valores. Adem\u00e1s, el<strong> 84.2% de sus propiedades comerciales <\/strong>cuentan con una<strong> planta de tratamiento de agua<\/strong>.<\/span><\/p>\n<p><span style=\"font-weight: 400;\">Del mismo modo, Sustainability Yearbook de S&amp;P\u00a0incluyo a Terrafina como miembro de Industry Mover. Mientras que <strong>Fibra Educa<\/strong> comienza sus pasos en las acciones amigables con el planeta mediante <strong>primer cr\u00e9dito sindicado vinculado la sostenibilidad,<\/strong> el cual tuvo un valor de 5,785 millones de pesos (mdp).<\/span><\/p>\n<p><span style=\"font-weight: 400;\">Por otro lado, Fibra Prologis comenz\u00f3 el programa piloto de energ\u00eda limpia con el uso de paneles solares, en 10 de sus propiedades; as\u00ed como se sum\u00f3 al compromiso de emisiones netas cero para el a\u00f1o2040. En tanto que, Fibra Storage instal\u00f3 paneles solares en sus sucursales.\u00a0<\/span><span style=\"font-weight: 400;\">En lo que se refiere a<strong> Fibra Danhos<\/strong>, en el 2022<strong> instal\u00f3 600 Kilovatio pico (kWp) de energ\u00eda renovable<\/strong>; igual que coloc\u00f3 1,073 paneles solares en los centros\u00a0Parque Tepeyac\u00a0y Parque Delta.\u00a0<\/span><\/p>\n<p><span style=\"font-weight: 400;\">Asimismo, el\u00a021.8% del \u00c1rea Bruta Rentable\u00a0de su inventario de centros comerciales, edificios de oficinas y complejos de usos mixtos cuenta con la\u00a0certificaci\u00f3n LEED. Igualmente, su portafolio gener\u00f3 un ahorro de 5 puntos base en una l\u00ednea de cr\u00e9dito verde, debido al cumplimiento de un KPI de consumo energ\u00e9tico.\u00a0<\/span><\/p>\n<p><span style=\"font-weight: 400;\">Mientras que, continuando con las acciones para mitigar el cambio clim\u00e1tico, <strong>Fibra Danhos emiti\u00f3 su primer Bono Vinculado a la Sostenibilidad<\/strong>, por un monto de 2,500 mdp. Este bono fue emitido con una tasa fija anual de 10.67% y con un plazo de 7 a\u00f1os, de manera que vencer\u00e1 en agosto de 2030.\u00a0<\/span><span style=\"font-weight: 400;\">En ese sentido BMV indic\u00f3 que dicho movimiento, a trav\u00e9s de la venta de los t\u00edtulos de deuda,\u00a0atrajo a un gran p\u00fablico inversionista\u00a0como Afores, Instituciones de Seguros, Operadoras de Fondos y banca privada.<\/span><\/p>\n<p><span style=\"font-weight: 400;\">Acerca de las metas del bono, la Bolsa resalt\u00f3 que los recursos ser\u00e1n para el refinanciamiento de pasivos y usos corporativos generales. Igualmente, sus objetivos se relacionan a la sostenibilidad, <strong>estrechamente relacionado con la Edificaci\u00f3n Sustentable.<\/strong>\u00a0<\/span><span style=\"font-weight: 400;\">De manera que, en caso de que el plan de Fibra Danhos incumpla dichas metas sostenibles, el bono incrementar\u00e1 en 25 puntos base para el resto de la vida activa del bono. Actualmente, la colocaci\u00f3n obtuvo de HR Ratings y Fitch Rating la calificaci\u00f3n AAA, la m\u00e1s alta en materia de inversi\u00f3n.\u00a0<\/span><span style=\"font-weight: 400;\">Igualmente, Science Based Target Initiative reconoci\u00f3 a Fibra Hotel como empresa comprometida a crear objetivos basados en la ciencia.<\/span><\/p>\n<p><span style=\"font-weight: 400;\">Sobre este conjunto de acciones sustentables, Josefina Mois\u00e9s, directora general de la Amefibra, afirm\u00f3 que las fibras continuar\u00e1n con su esfuerzo por conseguir que sus inmuebles cuenten alg\u00fan tipo de <strong>certificaci\u00f3n sustentable que avalen su labor por el ambiente<\/strong>.<\/span><\/p>\n<blockquote><p><span style=\"font-weight: 400;\">\u201cLas fibras reportan continuamente sus progresos en la reducci\u00f3n de huellas de carbono y en edificaci\u00f3n sustentable como \u00b4due diligence\u00b4 para nuevas construcciones y certificaciones en sus inmuebles, representando a la fecha cerca de seis millones de m\u00b2 con alg\u00fan tipo de certificaci\u00f3n, entre las que destacan EDGE y LEED, entre otras distinciones. Cabe destacar que, durante el a\u00f1o 2022, seis de las FIBRAs adoptaron las recomendaciones de la TCFD (Task Force for Climate-related Disclosures) para la identificaci\u00f3n y gesti\u00f3n de riesgos, tanto f\u00edsicos como de transici\u00f3n, as\u00ed como oportunidades relacionadas, comparado con 2021 donde s\u00f3lo fueron cinco\u201d, destac\u00f3.<\/span><\/p><\/blockquote>\n<h2><span style=\"font-weight: 400;\">Fibras y su labor social<\/span><\/h2>\n<p><span style=\"font-weight: 400;\">En temas de Gobernanza,\u00a0el Informe Anual sobre ASG arroj\u00f3 que el <strong>60% de las fibras cuentan con un plan de respuesta y manejo de crisis<\/strong>; dicha cifra representa un crecimiento del 13% comparado con el 2021. Adem\u00e1s, los fideicomisos cuentan con Comit\u00e9s T\u00e9cnicos que han reforzado sus estructuras acerca de la equidad de g\u00e9nero, lo cual ha dado como resultado la presencia del 17% de mujeres en sus comit\u00e9s de direcci\u00f3n.<\/span><\/p>\n<p><span style=\"font-weight: 400;\">Finalmente, en el \u00e1mbito Social,\u00a0<strong>Amefibra resalt\u00f3 que 9,268,203 personas\u00a0fueron beneficiadas<\/strong> a trav\u00e9s de los programas de vinculaci\u00f3n con la comunidad de las fibras. Para estos programas ha sido necesaria una inversi\u00f3n de 61 mdp.<\/span><\/p>\n<p>&nbsp;<\/p>\n<p style=\"text-align: center;\"><span style=\"font-weight: 400;\"><b>Este texto se incluye en la edici\u00f3n Septiembre-Octubre 2023 <\/b><b>de la\u00a0<span style=\"color: #ff6600;\"><a style=\"color: #ff6600;\" href=\"https:\/\/centrourbano.com\/impresos\/revista-inversion-inmobiliaria-sep-oct-2023\/\">Revista Inversi\u00f3n Inmobiliaria<\/a><\/span><\/b><\/span><\/p>\n<img loading=\"lazy\" decoding=\"async\" class=\"size-full wp-image-143469\" src=\"https:\/\/centrourbano.com\/revista\/wp-content\/uploads\/Inversion-post.jpg\" alt=\"Este texto se incluye en la edici\u00f3n Septiembre-Octubre 2023 de la Revista Inversi\u00f3n Inmobiliaria\" width=\"1293\" height=\"1286\" srcset=\"https:\/\/centrourbano.com\/revista\/wp-content\/uploads\/Inversion-post.jpg 1293w, https:\/\/centrourbano.com\/revista\/wp-content\/uploads\/Inversion-post-300x298.jpg 300w, https:\/\/centrourbano.com\/revista\/wp-content\/uploads\/Inversion-post-1000x995.jpg 1000w, https:\/\/centrourbano.com\/revista\/wp-content\/uploads\/Inversion-post-150x150.jpg 150w, https:\/\/centrourbano.com\/revista\/wp-content\/uploads\/Inversion-post-768x764.jpg 768w, https:\/\/centrourbano.com\/revista\/wp-content\/uploads\/Inversion-post-160x160.jpg 160w, https:\/\/centrourbano.com\/revista\/wp-content\/uploads\/Inversion-post-255x255.jpg 255w, https:\/\/centrourbano.com\/revista\/wp-content\/uploads\/Inversion-post-65x65.jpg 65w\" sizes=\"auto, (max-width: 1293px) 100vw, 1293px\" \/>\n","protected":false},"excerpt":{"rendered":"<p>Amefibra se\u00f1al\u00f3 que\u00a0el 87% de las fibras\u00a0monitorean su generaci\u00f3n de residuos y la generaci\u00f3n de emisiones de gases de efecto invernadero<\/p>\n","protected":false},"author":88,"featured_media":143379,"comment_status":"open","ping_status":"closed","sticky":false,"template":"","format":"standard","meta":{"om_disable_all_campaigns":false,"inline_featured_image":false,"_monsterinsights_skip_tracking":false,"_monsterinsights_sitenote_active":false,"_monsterinsights_sitenote_note":"","_monsterinsights_sitenote_category":0,"footnotes":""},"categories":[15,4,7115],"tags":[23604,23132,44],"class_list":["post-143378","post","type-post","status-publish","format-standard","has-post-thumbnail","hentry","category-inmobiliario","category-publicaciones","category-revista-inversion-inmobiliaria","tag-certificaciones-sustentables","tag-criterios-asg","tag-fibras"],"yoast_head":"<!-- This site is optimized with the Yoast SEO plugin v27.4 - https:\/\/yoast.com\/product\/yoast-seo-wordpress\/ -->\n<title>Fibras: m\u00e1s de 6 millones de m\u00b2 cuentan alguna certificaci\u00f3n sustentable -<\/title>\n<meta name=\"description\" content=\"Amefibra se\u00f1al\u00f3 que\u00a0el 87% de las fibras\u00a0monitorean su generaci\u00f3n de residuos y la generaci\u00f3n de emisiones de gases de efecto invernadero Al cierre del\" \/>\n<meta name=\"robots\" content=\"index, follow, max-snippet:-1, max-image-preview:large, max-video-preview:-1\" \/>\n<link rel=\"canonical\" href=\"https:\/\/centrourbano.com\/revista\/publicaciones\/fibras-certificacion-sustentable\/\" \/>\n<meta property=\"og:locale\" content=\"es_ES\" \/>\n<meta property=\"og:type\" content=\"article\" \/>\n<meta property=\"og:title\" content=\"Fibras: m\u00e1s de 6 millones de m\u00b2 cuentan alguna certificaci\u00f3n sustentable -\" \/>\n<meta property=\"og:description\" content=\"Amefibra se\u00f1al\u00f3 que\u00a0el 87% de las fibras\u00a0monitorean su generaci\u00f3n de residuos y la generaci\u00f3n de emisiones de gases de efecto invernadero Al cierre del\" \/>\n<meta property=\"og:url\" content=\"https:\/\/centrourbano.com\/revista\/publicaciones\/fibras-certificacion-sustentable\/\" \/>\n<meta property=\"og:site_name\" content=\"Centro Urbano\" \/>\n<meta property=\"article:publisher\" content=\"https:\/\/www.facebook.com\/portalcentrourbano\" \/>\n<meta property=\"article:published_time\" content=\"2023-10-10T21:51:04+00:00\" \/>\n<meta property=\"article:modified_time\" content=\"2023-10-13T18:13:15+00:00\" \/>\n<meta property=\"og:image\" content=\"https:\/\/centrourbano.com\/revista\/wp-content\/uploads\/69856.jpg\" \/>\n\t<meta property=\"og:image:width\" content=\"800\" \/>\n\t<meta property=\"og:image:height\" content=\"800\" \/>\n\t<meta property=\"og:image:type\" content=\"image\/jpeg\" \/>\n<meta name=\"author\" content=\"Rebeca Romero\" \/>\n<meta name=\"twitter:card\" content=\"summary_large_image\" \/>\n<meta name=\"twitter:creator\" content=\"@CentroUrbano\" \/>\n<meta name=\"twitter:site\" content=\"@CentroUrbano\" \/>\n<meta name=\"twitter:label1\" content=\"Escrito por\" \/>\n\t<meta name=\"twitter:data1\" content=\"Rebeca Romero\" \/>\n\t<meta name=\"twitter:label2\" content=\"Tiempo de lectura\" \/>\n\t<meta name=\"twitter:data2\" content=\"6 minutos\" \/>\n<script type=\"application\/ld+json\" class=\"yoast-schema-graph\">{\"@context\":\"https:\\\/\\\/schema.org\",\"@graph\":[{\"@type\":\"Article\",\"@id\":\"https:\\\/\\\/centrourbano.com\\\/revista\\\/publicaciones\\\/fibras-certificacion-sustentable\\\/#article\",\"isPartOf\":{\"@id\":\"https:\\\/\\\/centrourbano.com\\\/revista\\\/publicaciones\\\/fibras-certificacion-sustentable\\\/\"},\"author\":{\"name\":\"Rebeca Romero\",\"@id\":\"https:\\\/\\\/centrourbano.com\\\/revista\\\/#\\\/schema\\\/person\\\/c665f1c60da3ad48cd761a707b7090b0\"},\"headline\":\"Fibras: m\u00e1s de 6 millones de m\u00b2 cuentan alguna certificaci\u00f3n sustentable\",\"datePublished\":\"2023-10-10T21:51:04+00:00\",\"dateModified\":\"2023-10-13T18:13:15+00:00\",\"mainEntityOfPage\":{\"@id\":\"https:\\\/\\\/centrourbano.com\\\/revista\\\/publicaciones\\\/fibras-certificacion-sustentable\\\/\"},\"wordCount\":1163,\"commentCount\":0,\"publisher\":{\"@id\":\"https:\\\/\\\/centrourbano.com\\\/revista\\\/#organization\"},\"image\":{\"@id\":\"https:\\\/\\\/centrourbano.com\\\/revista\\\/publicaciones\\\/fibras-certificacion-sustentable\\\/#primaryimage\"},\"thumbnailUrl\":\"https:\\\/\\\/centrourbano.com\\\/revista\\\/wp-content\\\/uploads\\\/69856.jpg\",\"keywords\":[\"certificaciones sustentables\",\"Criterios ASG\",\"Fibras\"],\"articleSection\":[\"Inmobiliario\",\"Publicaciones\",\"Revista Inversi\u00f3n Inmobiliaria\"],\"inLanguage\":\"es\",\"potentialAction\":[{\"@type\":\"CommentAction\",\"name\":\"Comment\",\"target\":[\"https:\\\/\\\/centrourbano.com\\\/revista\\\/publicaciones\\\/fibras-certificacion-sustentable\\\/#respond\"]}]},{\"@type\":\"WebPage\",\"@id\":\"https:\\\/\\\/centrourbano.com\\\/revista\\\/publicaciones\\\/fibras-certificacion-sustentable\\\/\",\"url\":\"https:\\\/\\\/centrourbano.com\\\/revista\\\/publicaciones\\\/fibras-certificacion-sustentable\\\/\",\"name\":\"Fibras: m\u00e1s de 6 millones de m\u00b2 cuentan alguna certificaci\u00f3n sustentable -\",\"isPartOf\":{\"@id\":\"https:\\\/\\\/centrourbano.com\\\/revista\\\/#website\"},\"primaryImageOfPage\":{\"@id\":\"https:\\\/\\\/centrourbano.com\\\/revista\\\/publicaciones\\\/fibras-certificacion-sustentable\\\/#primaryimage\"},\"image\":{\"@id\":\"https:\\\/\\\/centrourbano.com\\\/revista\\\/publicaciones\\\/fibras-certificacion-sustentable\\\/#primaryimage\"},\"thumbnailUrl\":\"https:\\\/\\\/centrourbano.com\\\/revista\\\/wp-content\\\/uploads\\\/69856.jpg\",\"datePublished\":\"2023-10-10T21:51:04+00:00\",\"dateModified\":\"2023-10-13T18:13:15+00:00\",\"description\":\"Amefibra se\u00f1al\u00f3 que\u00a0el 87% de las fibras\u00a0monitorean su generaci\u00f3n de residuos y la generaci\u00f3n de emisiones de gases de efecto invernadero Al cierre del\",\"breadcrumb\":{\"@id\":\"https:\\\/\\\/centrourbano.com\\\/revista\\\/publicaciones\\\/fibras-certificacion-sustentable\\\/#breadcrumb\"},\"inLanguage\":\"es\",\"potentialAction\":[{\"@type\":\"ReadAction\",\"target\":[\"https:\\\/\\\/centrourbano.com\\\/revista\\\/publicaciones\\\/fibras-certificacion-sustentable\\\/\"]}]},{\"@type\":\"ImageObject\",\"inLanguage\":\"es\",\"@id\":\"https:\\\/\\\/centrourbano.com\\\/revista\\\/publicaciones\\\/fibras-certificacion-sustentable\\\/#primaryimage\",\"url\":\"https:\\\/\\\/centrourbano.com\\\/revista\\\/wp-content\\\/uploads\\\/69856.jpg\",\"contentUrl\":\"https:\\\/\\\/centrourbano.com\\\/revista\\\/wp-content\\\/uploads\\\/69856.jpg\",\"width\":800,\"height\":800,\"caption\":\"Fibras: m\u00e1s de 6 millones de m\u00b2 cuentan alguna certificaci\u00f3n sustentable\"},{\"@type\":\"BreadcrumbList\",\"@id\":\"https:\\\/\\\/centrourbano.com\\\/revista\\\/publicaciones\\\/fibras-certificacion-sustentable\\\/#breadcrumb\",\"itemListElement\":[{\"@type\":\"ListItem\",\"position\":1,\"name\":\"Portada\",\"item\":\"https:\\\/\\\/centrourbano.com\\\/revista\\\/\"},{\"@type\":\"ListItem\",\"position\":2,\"name\":\"Fibras: m\u00e1s de 6 millones de m\u00b2 cuentan alguna certificaci\u00f3n sustentable\"}]},{\"@type\":\"WebSite\",\"@id\":\"https:\\\/\\\/centrourbano.com\\\/revista\\\/#website\",\"url\":\"https:\\\/\\\/centrourbano.com\\\/revista\\\/\",\"name\":\"Centro Urbano\",\"description\":\"Medio especializado en los sectores vivienda, inmobiliario, construcci\u00f3n, arquitectura y urbanismo.\",\"publisher\":{\"@id\":\"https:\\\/\\\/centrourbano.com\\\/revista\\\/#organization\"},\"potentialAction\":[{\"@type\":\"SearchAction\",\"target\":{\"@type\":\"EntryPoint\",\"urlTemplate\":\"https:\\\/\\\/centrourbano.com\\\/revista\\\/?s={search_term_string}\"},\"query-input\":{\"@type\":\"PropertyValueSpecification\",\"valueRequired\":true,\"valueName\":\"search_term_string\"}}],\"inLanguage\":\"es\"},{\"@type\":\"Organization\",\"@id\":\"https:\\\/\\\/centrourbano.com\\\/revista\\\/#organization\",\"name\":\"Centro Urbano\",\"url\":\"https:\\\/\\\/centrourbano.com\\\/revista\\\/\",\"logo\":{\"@type\":\"ImageObject\",\"inLanguage\":\"es\",\"@id\":\"https:\\\/\\\/centrourbano.com\\\/revista\\\/#\\\/schema\\\/logo\\\/image\\\/\",\"url\":\"https:\\\/\\\/centrourbano.com\\\/revista\\\/wp-content\\\/uploads\\\/web_CU_logo-1.png\",\"contentUrl\":\"https:\\\/\\\/centrourbano.com\\\/revista\\\/wp-content\\\/uploads\\\/web_CU_logo-1.png\",\"width\":350,\"height\":91,\"caption\":\"Centro Urbano\"},\"image\":{\"@id\":\"https:\\\/\\\/centrourbano.com\\\/revista\\\/#\\\/schema\\\/logo\\\/image\\\/\"},\"sameAs\":[\"https:\\\/\\\/www.facebook.com\\\/portalcentrourbano\",\"https:\\\/\\\/x.com\\\/CentroUrbano\",\"https:\\\/\\\/www.instagram.com\\\/centro_urbano\\\/\",\"https:\\\/\\\/www.linkedin.com\\\/company\\\/centro-urbano\\\/\",\"http:\\\/\\\/www.youtube.com\\\/user\\\/portalcentrourbano\"]},{\"@type\":\"Person\",\"@id\":\"https:\\\/\\\/centrourbano.com\\\/revista\\\/#\\\/schema\\\/person\\\/c665f1c60da3ad48cd761a707b7090b0\",\"name\":\"Rebeca Romero\",\"image\":{\"@type\":\"ImageObject\",\"inLanguage\":\"es\",\"@id\":\"https:\\\/\\\/secure.gravatar.com\\\/avatar\\\/aee0068ae3cc041082e0e84a8258fe5ccc00a733f187bde73b0b40d86b892826?s=96&d=mm&r=g\",\"url\":\"https:\\\/\\\/secure.gravatar.com\\\/avatar\\\/aee0068ae3cc041082e0e84a8258fe5ccc00a733f187bde73b0b40d86b892826?s=96&d=mm&r=g\",\"contentUrl\":\"https:\\\/\\\/secure.gravatar.com\\\/avatar\\\/aee0068ae3cc041082e0e84a8258fe5ccc00a733f187bde73b0b40d86b892826?s=96&d=mm&r=g\",\"caption\":\"Rebeca Romero\"},\"url\":\"https:\\\/\\\/centrourbano.com\\\/revista\\\/author\\\/rebeca-romero\\\/\"}]}<\/script>\n<!-- \/ Yoast SEO plugin. -->","yoast_head_json":{"title":"Fibras: m\u00e1s de 6 millones de m\u00b2 cuentan alguna certificaci\u00f3n sustentable -","description":"Amefibra se\u00f1al\u00f3 que\u00a0el 87% de las fibras\u00a0monitorean su generaci\u00f3n de residuos y la generaci\u00f3n de emisiones de gases de efecto invernadero Al cierre del","robots":{"index":"index","follow":"follow","max-snippet":"max-snippet:-1","max-image-preview":"max-image-preview:large","max-video-preview":"max-video-preview:-1"},"canonical":"https:\/\/centrourbano.com\/revista\/publicaciones\/fibras-certificacion-sustentable\/","og_locale":"es_ES","og_type":"article","og_title":"Fibras: m\u00e1s de 6 millones de m\u00b2 cuentan alguna certificaci\u00f3n sustentable -","og_description":"Amefibra se\u00f1al\u00f3 que\u00a0el 87% de las fibras\u00a0monitorean su generaci\u00f3n de residuos y la generaci\u00f3n de emisiones de gases de efecto invernadero Al cierre del","og_url":"https:\/\/centrourbano.com\/revista\/publicaciones\/fibras-certificacion-sustentable\/","og_site_name":"Centro Urbano","article_publisher":"https:\/\/www.facebook.com\/portalcentrourbano","article_published_time":"2023-10-10T21:51:04+00:00","article_modified_time":"2023-10-13T18:13:15+00:00","og_image":[{"width":800,"height":800,"url":"https:\/\/centrourbano.com\/revista\/wp-content\/uploads\/69856.jpg","type":"image\/jpeg"}],"author":"Rebeca Romero","twitter_card":"summary_large_image","twitter_creator":"@CentroUrbano","twitter_site":"@CentroUrbano","twitter_misc":{"Escrito por":"Rebeca Romero","Tiempo de lectura":"6 minutos"},"schema":{"@context":"https:\/\/schema.org","@graph":[{"@type":"Article","@id":"https:\/\/centrourbano.com\/revista\/publicaciones\/fibras-certificacion-sustentable\/#article","isPartOf":{"@id":"https:\/\/centrourbano.com\/revista\/publicaciones\/fibras-certificacion-sustentable\/"},"author":{"name":"Rebeca Romero","@id":"https:\/\/centrourbano.com\/revista\/#\/schema\/person\/c665f1c60da3ad48cd761a707b7090b0"},"headline":"Fibras: m\u00e1s de 6 millones de m\u00b2 cuentan alguna certificaci\u00f3n sustentable","datePublished":"2023-10-10T21:51:04+00:00","dateModified":"2023-10-13T18:13:15+00:00","mainEntityOfPage":{"@id":"https:\/\/centrourbano.com\/revista\/publicaciones\/fibras-certificacion-sustentable\/"},"wordCount":1163,"commentCount":0,"publisher":{"@id":"https:\/\/centrourbano.com\/revista\/#organization"},"image":{"@id":"https:\/\/centrourbano.com\/revista\/publicaciones\/fibras-certificacion-sustentable\/#primaryimage"},"thumbnailUrl":"https:\/\/centrourbano.com\/revista\/wp-content\/uploads\/69856.jpg","keywords":["certificaciones sustentables","Criterios ASG","Fibras"],"articleSection":["Inmobiliario","Publicaciones","Revista Inversi\u00f3n Inmobiliaria"],"inLanguage":"es","potentialAction":[{"@type":"CommentAction","name":"Comment","target":["https:\/\/centrourbano.com\/revista\/publicaciones\/fibras-certificacion-sustentable\/#respond"]}]},{"@type":"WebPage","@id":"https:\/\/centrourbano.com\/revista\/publicaciones\/fibras-certificacion-sustentable\/","url":"https:\/\/centrourbano.com\/revista\/publicaciones\/fibras-certificacion-sustentable\/","name":"Fibras: m\u00e1s de 6 millones de m\u00b2 cuentan alguna certificaci\u00f3n sustentable -","isPartOf":{"@id":"https:\/\/centrourbano.com\/revista\/#website"},"primaryImageOfPage":{"@id":"https:\/\/centrourbano.com\/revista\/publicaciones\/fibras-certificacion-sustentable\/#primaryimage"},"image":{"@id":"https:\/\/centrourbano.com\/revista\/publicaciones\/fibras-certificacion-sustentable\/#primaryimage"},"thumbnailUrl":"https:\/\/centrourbano.com\/revista\/wp-content\/uploads\/69856.jpg","datePublished":"2023-10-10T21:51:04+00:00","dateModified":"2023-10-13T18:13:15+00:00","description":"Amefibra se\u00f1al\u00f3 que\u00a0el 87% de las fibras\u00a0monitorean su generaci\u00f3n de residuos y la generaci\u00f3n de emisiones de gases de efecto invernadero Al cierre del","breadcrumb":{"@id":"https:\/\/centrourbano.com\/revista\/publicaciones\/fibras-certificacion-sustentable\/#breadcrumb"},"inLanguage":"es","potentialAction":[{"@type":"ReadAction","target":["https:\/\/centrourbano.com\/revista\/publicaciones\/fibras-certificacion-sustentable\/"]}]},{"@type":"ImageObject","inLanguage":"es","@id":"https:\/\/centrourbano.com\/revista\/publicaciones\/fibras-certificacion-sustentable\/#primaryimage","url":"https:\/\/centrourbano.com\/revista\/wp-content\/uploads\/69856.jpg","contentUrl":"https:\/\/centrourbano.com\/revista\/wp-content\/uploads\/69856.jpg","width":800,"height":800,"caption":"Fibras: m\u00e1s de 6 millones de m\u00b2 cuentan alguna certificaci\u00f3n sustentable"},{"@type":"BreadcrumbList","@id":"https:\/\/centrourbano.com\/revista\/publicaciones\/fibras-certificacion-sustentable\/#breadcrumb","itemListElement":[{"@type":"ListItem","position":1,"name":"Portada","item":"https:\/\/centrourbano.com\/revista\/"},{"@type":"ListItem","position":2,"name":"Fibras: m\u00e1s de 6 millones de m\u00b2 cuentan alguna certificaci\u00f3n sustentable"}]},{"@type":"WebSite","@id":"https:\/\/centrourbano.com\/revista\/#website","url":"https:\/\/centrourbano.com\/revista\/","name":"Centro Urbano","description":"Medio especializado en los sectores vivienda, inmobiliario, construcci\u00f3n, arquitectura y urbanismo.","publisher":{"@id":"https:\/\/centrourbano.com\/revista\/#organization"},"potentialAction":[{"@type":"SearchAction","target":{"@type":"EntryPoint","urlTemplate":"https:\/\/centrourbano.com\/revista\/?s={search_term_string}"},"query-input":{"@type":"PropertyValueSpecification","valueRequired":true,"valueName":"search_term_string"}}],"inLanguage":"es"},{"@type":"Organization","@id":"https:\/\/centrourbano.com\/revista\/#organization","name":"Centro Urbano","url":"https:\/\/centrourbano.com\/revista\/","logo":{"@type":"ImageObject","inLanguage":"es","@id":"https:\/\/centrourbano.com\/revista\/#\/schema\/logo\/image\/","url":"https:\/\/centrourbano.com\/revista\/wp-content\/uploads\/web_CU_logo-1.png","contentUrl":"https:\/\/centrourbano.com\/revista\/wp-content\/uploads\/web_CU_logo-1.png","width":350,"height":91,"caption":"Centro Urbano"},"image":{"@id":"https:\/\/centrourbano.com\/revista\/#\/schema\/logo\/image\/"},"sameAs":["https:\/\/www.facebook.com\/portalcentrourbano","https:\/\/x.com\/CentroUrbano","https:\/\/www.instagram.com\/centro_urbano\/","https:\/\/www.linkedin.com\/company\/centro-urbano\/","http:\/\/www.youtube.com\/user\/portalcentrourbano"]},{"@type":"Person","@id":"https:\/\/centrourbano.com\/revista\/#\/schema\/person\/c665f1c60da3ad48cd761a707b7090b0","name":"Rebeca Romero","image":{"@type":"ImageObject","inLanguage":"es","@id":"https:\/\/secure.gravatar.com\/avatar\/aee0068ae3cc041082e0e84a8258fe5ccc00a733f187bde73b0b40d86b892826?s=96&d=mm&r=g","url":"https:\/\/secure.gravatar.com\/avatar\/aee0068ae3cc041082e0e84a8258fe5ccc00a733f187bde73b0b40d86b892826?s=96&d=mm&r=g","contentUrl":"https:\/\/secure.gravatar.com\/avatar\/aee0068ae3cc041082e0e84a8258fe5ccc00a733f187bde73b0b40d86b892826?s=96&d=mm&r=g","caption":"Rebeca Romero"},"url":"https:\/\/centrourbano.com\/revista\/author\/rebeca-romero\/"}]}},"_links":{"self":[{"href":"https:\/\/centrourbano.com\/revista\/wp-json\/wp\/v2\/posts\/143378","targetHints":{"allow":["GET"]}}],"collection":[{"href":"https:\/\/centrourbano.com\/revista\/wp-json\/wp\/v2\/posts"}],"about":[{"href":"https:\/\/centrourbano.com\/revista\/wp-json\/wp\/v2\/types\/post"}],"author":[{"embeddable":true,"href":"https:\/\/centrourbano.com\/revista\/wp-json\/wp\/v2\/users\/88"}],"replies":[{"embeddable":true,"href":"https:\/\/centrourbano.com\/revista\/wp-json\/wp\/v2\/comments?post=143378"}],"version-history":[{"count":2,"href":"https:\/\/centrourbano.com\/revista\/wp-json\/wp\/v2\/posts\/143378\/revisions"}],"predecessor-version":[{"id":143483,"href":"https:\/\/centrourbano.com\/revista\/wp-json\/wp\/v2\/posts\/143378\/revisions\/143483"}],"wp:featuredmedia":[{"embeddable":true,"href":"https:\/\/centrourbano.com\/revista\/wp-json\/wp\/v2\/media\/143379"}],"wp:attachment":[{"href":"https:\/\/centrourbano.com\/revista\/wp-json\/wp\/v2\/media?parent=143378"}],"wp:term":[{"taxonomy":"category","embeddable":true,"href":"https:\/\/centrourbano.com\/revista\/wp-json\/wp\/v2\/categories?post=143378"},{"taxonomy":"post_tag","embeddable":true,"href":"https:\/\/centrourbano.com\/revista\/wp-json\/wp\/v2\/tags?post=143378"}],"curies":[{"name":"wp","href":"https:\/\/api.w.org\/{rel}","templated":true}]}}