{"id":143268,"date":"2023-10-04T11:59:24","date_gmt":"2023-10-04T17:59:24","guid":{"rendered":"https:\/\/centrourbano.com\/?p=143268"},"modified":"2023-10-06T12:30:48","modified_gmt":"2023-10-06T18:30:48","slug":"%e2%96%b6%ef%b8%8f-video-mujeres-y-ciudades-la-perspectiva-de-genero-en-la-creacion-del-habitat","status":"publish","type":"post","link":"https:\/\/centrourbano.com\/revista\/centro-urbano-home\/%e2%96%b6%ef%b8%8f-video-mujeres-y-ciudades-la-perspectiva-de-genero-en-la-creacion-del-habitat\/","title":{"rendered":"\u25b6\ufe0f Video | Mujeres y ciudades: La perspectiva de g\u00e9nero en la creaci\u00f3n del h\u00e1bitat"},"content":{"rendered":"<p>En el contexto de<span style=\"color: #ff6600;\"><strong> <a class=\"x1i10hfl xjbqb8w x6umtig x1b1mbwd xaqea5y xav7gou x9f619 x1ypdohk xt0psk2 xe8uvvx xdj266r x11i5rnm xat24cr x1mh8g0r xexx8yu x4uap5 x18d9i69 xkhd6sd x16tdsg8 x1hl2dhg xggy1nq x1a2a7pz xt0b8zv xzsf02u x1s688f\" style=\"color: #ff6600;\" tabindex=\"0\" role=\"link\" href=\"https:\/\/www.facebook.com\/hashtag\/octubreurbanoencentrourbano?__eep__=6&amp;__tn__=*NK*F\">#OctubreUrbanoEnCentroUrbano<\/a>,<\/strong> <\/span>abordamos un tema fundamental: la <strong>perspectiva de g\u00e9nero en el h\u00e1bitat<\/strong>, un enfoque crucial en la <strong>planificaci\u00f3n urbana<\/strong> contempor\u00e1nea. La charla se centr\u00f3 en la necesidad de considerar las diferencias de g\u00e9nero en el dise\u00f1o, la gesti\u00f3n y el desarrollo de las ciudades.<\/p>\n<p>Nuestros invitados son:<\/p>\n<div dir=\"auto\"><span class=\"x3nfvp2 x1j61x8r x1fcty0u xdj266r xhhsvwb xat24cr xgzva0m xxymvpz xlup9mm x1kky2od\"><img loading=\"lazy\" decoding=\"async\" src=\"https:\/\/static.xx.fbcdn.net\/images\/emoji.php\/v9\/t72\/1\/16\/1f538.png\" alt=\"\ud83d\udd38\" width=\"16\" height=\"16\" \/><\/span>Gabriela Quiroga, presidenta del <a href=\"https:\/\/www.ecum.mx\/\">Colegio de Urbanistas de M\u00e9xico A.C.<\/a><\/div>\n<div dir=\"auto\"><span class=\"x3nfvp2 x1j61x8r x1fcty0u xdj266r xhhsvwb xat24cr xgzva0m xxymvpz xlup9mm x1kky2od\"><img loading=\"lazy\" decoding=\"async\" src=\"https:\/\/static.xx.fbcdn.net\/images\/emoji.php\/v9\/t72\/1\/16\/1f538.png\" alt=\"\ud83d\udd38\" width=\"16\" height=\"16\" \/><\/span>Teresa Pe\u00f1a Gaspar, titular de la Vocal\u00eda de Vivienda del <a href=\"https:\/\/www.notariadomexicano.org.mx\/\">Colegio Nacional del Notariado Mexicano<\/a><\/div>\n<div dir=\"auto\"><span class=\"x3nfvp2 x1j61x8r x1fcty0u xdj266r xhhsvwb xat24cr xgzva0m xxymvpz xlup9mm x1kky2od\"><img loading=\"lazy\" decoding=\"async\" src=\"https:\/\/static.xx.fbcdn.net\/images\/emoji.php\/v9\/t72\/1\/16\/1f538.png\" alt=\"\ud83d\udd38\" width=\"16\" height=\"16\" \/><\/span><a href=\"https:\/\/twitter.com\/Utopia_Urbana\">Carmen Contreras<\/a>, directora de Perspectivas de IG y consultora en Desarrollo Urbano con Perspectiva de G\u00e9nero<\/div>\n<div dir=\"auto\"><span class=\"x3nfvp2 x1j61x8r x1fcty0u xdj266r xhhsvwb xat24cr xgzva0m xxymvpz xlup9mm x1kky2od\"><img loading=\"lazy\" decoding=\"async\" src=\"https:\/\/static.xx.fbcdn.net\/images\/emoji.php\/v9\/t72\/1\/16\/1f538.png\" alt=\"\ud83d\udd38\" width=\"16\" height=\"16\" \/><\/span>Claudia Acu\u00f1a, directora de Alianzas de Impacto en <a href=\"https:\/\/newstoryhomes.org\/\">New Story M\u00e9xico<\/a><\/div>\n<div dir=\"auto\"><span class=\"x3nfvp2 x1j61x8r x1fcty0u xdj266r xhhsvwb xat24cr xgzva0m xxymvpz xlup9mm x1kky2od\"><img loading=\"lazy\" decoding=\"async\" src=\"https:\/\/static.xx.fbcdn.net\/images\/emoji.php\/v9\/t72\/1\/16\/1f538.png\" alt=\"\ud83d\udd38\" width=\"16\" height=\"16\" \/><\/span><a href=\"https:\/\/twitter.com\/EdnaElenaVegaR1\">Edna Vega<\/a>, subsecretaria de Ordenamiento Territorial y Agrario de la <a href=\"https:\/\/twitter.com\/SEDATU_mx\">Sedatu<\/a><\/div>\n<div dir=\"auto\">\n<p>Modera: <a href=\"https:\/\/twitter.com\/roxanafabris\">Roxana Fabris<\/a>, directora general de <a href=\"https:\/\/www.facebook.com\/portalcentrourbano\">Centro Urbano<\/a><\/p>\n<\/div>\n<p><iframe loading=\"lazy\" style=\"border: none; overflow: hidden;\" src=\"https:\/\/www.facebook.com\/plugins\/video.php?height=314&amp;href=https%3A%2F%2Fwww.facebook.com%2Fportalcentrourbano%2Fvideos%2F1033964391274660%2F&amp;show_text=false&amp;width=560&amp;t=0\" width=\"560\" height=\"314\" frameborder=\"0\" scrolling=\"no\" allowfullscreen=\"allowfullscreen\"><\/iframe><\/p>\n","protected":false},"excerpt":{"rendered":"<p>En el contexto de #OctubreUrbanoEnCentroUrbano, abordamos un tema fundamental: la perspectiva de g\u00e9nero en el h\u00e1bitat, un enfoque crucial en la planificaci\u00f3n urbana contempor\u00e1nea. La charla se centr\u00f3 en la necesidad de considerar las diferencias de g\u00e9nero en el dise\u00f1o, la gesti\u00f3n y el desarrollo de las ciudades. Nuestros invitados son: Gabriela Quiroga, presidenta del [&hellip;]<\/p>\n","protected":false},"author":14,"featured_media":143269,"comment_status":"open","ping_status":"closed","sticky":false,"template":"","format":"standard","meta":{"om_disable_all_campaigns":false,"inline_featured_image":false,"_monsterinsights_skip_tracking":false,"_monsterinsights_sitenote_active":false,"_monsterinsights_sitenote_note":"","_monsterinsights_sitenote_category":0,"footnotes":""},"categories":[18124,23564],"tags":[18502,21053,22215,23586,22169,23585,9555],"class_list":["post-143268","post","type-post","status-publish","format-standard","has-post-thumbnail","hentry","category-centro-urbano-home","category-octubre-urbano","tag-centrourbanohome","tag-octubreurbano","tag-octubreurbanoencentrourbano","tag-creacion-del-habitat","tag-futuros-urbanos","tag-mujeres-y-ciudades","tag-perspectiva-de-genero"],"yoast_head":"<!-- This site is optimized with the Yoast SEO plugin v27.5 - https:\/\/yoast.com\/product\/yoast-seo-wordpress\/ -->\n<title>\u25b6\ufe0f Video | Mujeres y ciudades: La perspectiva de g\u00e9nero en la creaci\u00f3n del h\u00e1bitat -<\/title>\n<meta name=\"description\" content=\"En el contexto de #OctubreUrbanoEnCentroUrbano, abordamos un tema fundamental: la perspectiva de g\u00e9nero en el h\u00e1bitat, un enfoque crucial en la\" \/>\n<meta name=\"robots\" content=\"index, follow, max-snippet:-1, max-image-preview:large, max-video-preview:-1\" \/>\n<link rel=\"canonical\" href=\"https:\/\/centrourbano.com\/revista\/centro-urbano-home\/\u25b6\ufe0f-video-mujeres-y-ciudades-la-perspectiva-de-genero-en-la-creacion-del-habitat\/\" \/>\n<meta property=\"og:locale\" content=\"es_ES\" \/>\n<meta property=\"og:type\" content=\"article\" \/>\n<meta property=\"og:title\" content=\"\u25b6\ufe0f Video | Mujeres y ciudades: La perspectiva de g\u00e9nero en la creaci\u00f3n del h\u00e1bitat -\" \/>\n<meta property=\"og:description\" content=\"En el contexto de #OctubreUrbanoEnCentroUrbano, abordamos un tema fundamental: la perspectiva de g\u00e9nero en el h\u00e1bitat, un enfoque crucial en la\" \/>\n<meta property=\"og:url\" content=\"https:\/\/centrourbano.com\/revista\/centro-urbano-home\/\u25b6\ufe0f-video-mujeres-y-ciudades-la-perspectiva-de-genero-en-la-creacion-del-habitat\/\" \/>\n<meta property=\"og:site_name\" content=\"Centro Urbano\" \/>\n<meta property=\"article:publisher\" content=\"https:\/\/www.facebook.com\/portalcentrourbano\" \/>\n<meta property=\"article:published_time\" content=\"2023-10-04T17:59:24+00:00\" \/>\n<meta property=\"article:modified_time\" content=\"2023-10-06T18:30:48+00:00\" \/>\n<meta property=\"og:image\" content=\"https:\/\/centrourbano.com\/revista\/wp-content\/uploads\/octubre-urbano2.jpg\" \/>\n\t<meta property=\"og:image:width\" content=\"1080\" \/>\n\t<meta property=\"og:image:height\" content=\"1080\" \/>\n\t<meta property=\"og:image:type\" content=\"image\/jpeg\" \/>\n<meta name=\"author\" content=\"Redacci\u00f3n Centro Urbano\" \/>\n<meta name=\"twitter:card\" content=\"summary_large_image\" \/>\n<meta name=\"twitter:creator\" content=\"@CentroUrbano\" \/>\n<meta name=\"twitter:site\" content=\"@CentroUrbano\" \/>\n<meta name=\"twitter:label1\" content=\"Escrito por\" \/>\n\t<meta name=\"twitter:data1\" content=\"Redacci\u00f3n Centro Urbano\" \/>\n\t<meta name=\"twitter:label2\" content=\"Tiempo de lectura\" \/>\n\t<meta name=\"twitter:data2\" content=\"1 minuto\" \/>\n<script type=\"application\/ld+json\" class=\"yoast-schema-graph\">{\"@context\":\"https:\\\/\\\/schema.org\",\"@graph\":[{\"@type\":\"Article\",\"@id\":\"https:\\\/\\\/centrourbano.com\\\/revista\\\/centro-urbano-home\\\/%e2%96%b6%ef%b8%8f-video-mujeres-y-ciudades-la-perspectiva-de-genero-en-la-creacion-del-habitat\\\/#article\",\"isPartOf\":{\"@id\":\"https:\\\/\\\/centrourbano.com\\\/revista\\\/centro-urbano-home\\\/%e2%96%b6%ef%b8%8f-video-mujeres-y-ciudades-la-perspectiva-de-genero-en-la-creacion-del-habitat\\\/\"},\"author\":{\"name\":\"Redacci\u00f3n Centro Urbano\",\"@id\":\"https:\\\/\\\/centrourbano.com\\\/revista\\\/#\\\/schema\\\/person\\\/5259f06e282c59482812d0e9a84a6440\"},\"headline\":\"\u25b6\ufe0f Video | Mujeres y ciudades: La perspectiva de g\u00e9nero en la creaci\u00f3n del h\u00e1bitat\",\"datePublished\":\"2023-10-04T17:59:24+00:00\",\"dateModified\":\"2023-10-06T18:30:48+00:00\",\"mainEntityOfPage\":{\"@id\":\"https:\\\/\\\/centrourbano.com\\\/revista\\\/centro-urbano-home\\\/%e2%96%b6%ef%b8%8f-video-mujeres-y-ciudades-la-perspectiva-de-genero-en-la-creacion-del-habitat\\\/\"},\"wordCount\":152,\"commentCount\":0,\"publisher\":{\"@id\":\"https:\\\/\\\/centrourbano.com\\\/revista\\\/#organization\"},\"image\":{\"@id\":\"https:\\\/\\\/centrourbano.com\\\/revista\\\/centro-urbano-home\\\/%e2%96%b6%ef%b8%8f-video-mujeres-y-ciudades-la-perspectiva-de-genero-en-la-creacion-del-habitat\\\/#primaryimage\"},\"thumbnailUrl\":\"https:\\\/\\\/centrourbano.com\\\/revista\\\/wp-content\\\/uploads\\\/octubre-urbano2.jpg\",\"keywords\":[\"#CentroUrbanoHome\",\"#OctubreUrbano\",\"#OctubreUrbanoEnCentroUrbano\",\"creaci\u00f3n del h\u00e1bitat\",\"Futuros Urbanos\",\"Mujeres y ciudades\",\"perspectiva de g\u00e9nero\"],\"articleSection\":[\"Centro Urbano Home\",\"Octubre Urbano\"],\"inLanguage\":\"es\",\"potentialAction\":[{\"@type\":\"CommentAction\",\"name\":\"Comment\",\"target\":[\"https:\\\/\\\/centrourbano.com\\\/revista\\\/centro-urbano-home\\\/%e2%96%b6%ef%b8%8f-video-mujeres-y-ciudades-la-perspectiva-de-genero-en-la-creacion-del-habitat\\\/#respond\"]}]},{\"@type\":\"WebPage\",\"@id\":\"https:\\\/\\\/centrourbano.com\\\/revista\\\/centro-urbano-home\\\/%e2%96%b6%ef%b8%8f-video-mujeres-y-ciudades-la-perspectiva-de-genero-en-la-creacion-del-habitat\\\/\",\"url\":\"https:\\\/\\\/centrourbano.com\\\/revista\\\/centro-urbano-home\\\/%e2%96%b6%ef%b8%8f-video-mujeres-y-ciudades-la-perspectiva-de-genero-en-la-creacion-del-habitat\\\/\",\"name\":\"\u25b6\ufe0f Video | Mujeres y ciudades: La perspectiva de g\u00e9nero en la creaci\u00f3n del h\u00e1bitat -\",\"isPartOf\":{\"@id\":\"https:\\\/\\\/centrourbano.com\\\/revista\\\/#website\"},\"primaryImageOfPage\":{\"@id\":\"https:\\\/\\\/centrourbano.com\\\/revista\\\/centro-urbano-home\\\/%e2%96%b6%ef%b8%8f-video-mujeres-y-ciudades-la-perspectiva-de-genero-en-la-creacion-del-habitat\\\/#primaryimage\"},\"image\":{\"@id\":\"https:\\\/\\\/centrourbano.com\\\/revista\\\/centro-urbano-home\\\/%e2%96%b6%ef%b8%8f-video-mujeres-y-ciudades-la-perspectiva-de-genero-en-la-creacion-del-habitat\\\/#primaryimage\"},\"thumbnailUrl\":\"https:\\\/\\\/centrourbano.com\\\/revista\\\/wp-content\\\/uploads\\\/octubre-urbano2.jpg\",\"datePublished\":\"2023-10-04T17:59:24+00:00\",\"dateModified\":\"2023-10-06T18:30:48+00:00\",\"description\":\"En el contexto de #OctubreUrbanoEnCentroUrbano, abordamos un tema fundamental: la perspectiva de g\u00e9nero en el h\u00e1bitat, un enfoque crucial en la\",\"breadcrumb\":{\"@id\":\"https:\\\/\\\/centrourbano.com\\\/revista\\\/centro-urbano-home\\\/%e2%96%b6%ef%b8%8f-video-mujeres-y-ciudades-la-perspectiva-de-genero-en-la-creacion-del-habitat\\\/#breadcrumb\"},\"inLanguage\":\"es\",\"potentialAction\":[{\"@type\":\"ReadAction\",\"target\":[\"https:\\\/\\\/centrourbano.com\\\/revista\\\/centro-urbano-home\\\/%e2%96%b6%ef%b8%8f-video-mujeres-y-ciudades-la-perspectiva-de-genero-en-la-creacion-del-habitat\\\/\"]}]},{\"@type\":\"ImageObject\",\"inLanguage\":\"es\",\"@id\":\"https:\\\/\\\/centrourbano.com\\\/revista\\\/centro-urbano-home\\\/%e2%96%b6%ef%b8%8f-video-mujeres-y-ciudades-la-perspectiva-de-genero-en-la-creacion-del-habitat\\\/#primaryimage\",\"url\":\"https:\\\/\\\/centrourbano.com\\\/revista\\\/wp-content\\\/uploads\\\/octubre-urbano2.jpg\",\"contentUrl\":\"https:\\\/\\\/centrourbano.com\\\/revista\\\/wp-content\\\/uploads\\\/octubre-urbano2.jpg\",\"width\":1080,\"height\":1080,\"caption\":\"\u25b6\ufe0f Video | Mujeres y ciudades: La perspectiva de g\u00e9nero en la creaci\u00f3n del h\u00e1bitat\"},{\"@type\":\"BreadcrumbList\",\"@id\":\"https:\\\/\\\/centrourbano.com\\\/revista\\\/centro-urbano-home\\\/%e2%96%b6%ef%b8%8f-video-mujeres-y-ciudades-la-perspectiva-de-genero-en-la-creacion-del-habitat\\\/#breadcrumb\",\"itemListElement\":[{\"@type\":\"ListItem\",\"position\":1,\"name\":\"Portada\",\"item\":\"https:\\\/\\\/centrourbano.com\\\/revista\\\/\"},{\"@type\":\"ListItem\",\"position\":2,\"name\":\"\u25b6\ufe0f Video | Mujeres y ciudades: La perspectiva de g\u00e9nero en la creaci\u00f3n del h\u00e1bitat\"}]},{\"@type\":\"WebSite\",\"@id\":\"https:\\\/\\\/centrourbano.com\\\/revista\\\/#website\",\"url\":\"https:\\\/\\\/centrourbano.com\\\/revista\\\/\",\"name\":\"Centro Urbano\",\"description\":\"Medio especializado en los sectores vivienda, inmobiliario, construcci\u00f3n, arquitectura y urbanismo.\",\"publisher\":{\"@id\":\"https:\\\/\\\/centrourbano.com\\\/revista\\\/#organization\"},\"potentialAction\":[{\"@type\":\"SearchAction\",\"target\":{\"@type\":\"EntryPoint\",\"urlTemplate\":\"https:\\\/\\\/centrourbano.com\\\/revista\\\/?s={search_term_string}\"},\"query-input\":{\"@type\":\"PropertyValueSpecification\",\"valueRequired\":true,\"valueName\":\"search_term_string\"}}],\"inLanguage\":\"es\"},{\"@type\":\"Organization\",\"@id\":\"https:\\\/\\\/centrourbano.com\\\/revista\\\/#organization\",\"name\":\"Centro Urbano\",\"url\":\"https:\\\/\\\/centrourbano.com\\\/revista\\\/\",\"logo\":{\"@type\":\"ImageObject\",\"inLanguage\":\"es\",\"@id\":\"https:\\\/\\\/centrourbano.com\\\/revista\\\/#\\\/schema\\\/logo\\\/image\\\/\",\"url\":\"https:\\\/\\\/centrourbano.com\\\/revista\\\/wp-content\\\/uploads\\\/web_CU_logo-1.png\",\"contentUrl\":\"https:\\\/\\\/centrourbano.com\\\/revista\\\/wp-content\\\/uploads\\\/web_CU_logo-1.png\",\"width\":350,\"height\":91,\"caption\":\"Centro Urbano\"},\"image\":{\"@id\":\"https:\\\/\\\/centrourbano.com\\\/revista\\\/#\\\/schema\\\/logo\\\/image\\\/\"},\"sameAs\":[\"https:\\\/\\\/www.facebook.com\\\/portalcentrourbano\",\"https:\\\/\\\/x.com\\\/CentroUrbano\",\"https:\\\/\\\/www.instagram.com\\\/centro_urbano\\\/\",\"https:\\\/\\\/www.linkedin.com\\\/company\\\/centro-urbano\\\/\",\"http:\\\/\\\/www.youtube.com\\\/user\\\/portalcentrourbano\"]},{\"@type\":\"Person\",\"@id\":\"https:\\\/\\\/centrourbano.com\\\/revista\\\/#\\\/schema\\\/person\\\/5259f06e282c59482812d0e9a84a6440\",\"name\":\"Redacci\u00f3n Centro Urbano\",\"image\":{\"@type\":\"ImageObject\",\"inLanguage\":\"es\",\"@id\":\"https:\\\/\\\/secure.gravatar.com\\\/avatar\\\/15a789f894398c0f311f3a7a2ee28032bbc0483098539da66b6a045aa810bf35?s=96&d=mm&r=g\",\"url\":\"https:\\\/\\\/secure.gravatar.com\\\/avatar\\\/15a789f894398c0f311f3a7a2ee28032bbc0483098539da66b6a045aa810bf35?s=96&d=mm&r=g\",\"contentUrl\":\"https:\\\/\\\/secure.gravatar.com\\\/avatar\\\/15a789f894398c0f311f3a7a2ee28032bbc0483098539da66b6a045aa810bf35?s=96&d=mm&r=g\",\"caption\":\"Redacci\u00f3n Centro Urbano\"},\"url\":\"https:\\\/\\\/centrourbano.com\\\/revista\\\/author\\\/editorial\\\/\"}]}<\/script>\n<!-- \/ Yoast SEO plugin. -->","yoast_head_json":{"title":"\u25b6\ufe0f Video | Mujeres y ciudades: La perspectiva de g\u00e9nero en la creaci\u00f3n del h\u00e1bitat -","description":"En el contexto de #OctubreUrbanoEnCentroUrbano, abordamos un tema fundamental: la perspectiva de g\u00e9nero en el h\u00e1bitat, un enfoque crucial en la","robots":{"index":"index","follow":"follow","max-snippet":"max-snippet:-1","max-image-preview":"max-image-preview:large","max-video-preview":"max-video-preview:-1"},"canonical":"https:\/\/centrourbano.com\/revista\/centro-urbano-home\/\u25b6\ufe0f-video-mujeres-y-ciudades-la-perspectiva-de-genero-en-la-creacion-del-habitat\/","og_locale":"es_ES","og_type":"article","og_title":"\u25b6\ufe0f Video | Mujeres y ciudades: La perspectiva de g\u00e9nero en la creaci\u00f3n del h\u00e1bitat -","og_description":"En el contexto de #OctubreUrbanoEnCentroUrbano, abordamos un tema fundamental: la perspectiva de g\u00e9nero en el h\u00e1bitat, un enfoque crucial en la","og_url":"https:\/\/centrourbano.com\/revista\/centro-urbano-home\/\u25b6\ufe0f-video-mujeres-y-ciudades-la-perspectiva-de-genero-en-la-creacion-del-habitat\/","og_site_name":"Centro Urbano","article_publisher":"https:\/\/www.facebook.com\/portalcentrourbano","article_published_time":"2023-10-04T17:59:24+00:00","article_modified_time":"2023-10-06T18:30:48+00:00","og_image":[{"width":1080,"height":1080,"url":"https:\/\/centrourbano.com\/revista\/wp-content\/uploads\/octubre-urbano2.jpg","type":"image\/jpeg"}],"author":"Redacci\u00f3n Centro Urbano","twitter_card":"summary_large_image","twitter_creator":"@CentroUrbano","twitter_site":"@CentroUrbano","twitter_misc":{"Escrito por":"Redacci\u00f3n Centro Urbano","Tiempo de lectura":"1 minuto"},"schema":{"@context":"https:\/\/schema.org","@graph":[{"@type":"Article","@id":"https:\/\/centrourbano.com\/revista\/centro-urbano-home\/%e2%96%b6%ef%b8%8f-video-mujeres-y-ciudades-la-perspectiva-de-genero-en-la-creacion-del-habitat\/#article","isPartOf":{"@id":"https:\/\/centrourbano.com\/revista\/centro-urbano-home\/%e2%96%b6%ef%b8%8f-video-mujeres-y-ciudades-la-perspectiva-de-genero-en-la-creacion-del-habitat\/"},"author":{"name":"Redacci\u00f3n Centro Urbano","@id":"https:\/\/centrourbano.com\/revista\/#\/schema\/person\/5259f06e282c59482812d0e9a84a6440"},"headline":"\u25b6\ufe0f Video | Mujeres y ciudades: La perspectiva de g\u00e9nero en la creaci\u00f3n del h\u00e1bitat","datePublished":"2023-10-04T17:59:24+00:00","dateModified":"2023-10-06T18:30:48+00:00","mainEntityOfPage":{"@id":"https:\/\/centrourbano.com\/revista\/centro-urbano-home\/%e2%96%b6%ef%b8%8f-video-mujeres-y-ciudades-la-perspectiva-de-genero-en-la-creacion-del-habitat\/"},"wordCount":152,"commentCount":0,"publisher":{"@id":"https:\/\/centrourbano.com\/revista\/#organization"},"image":{"@id":"https:\/\/centrourbano.com\/revista\/centro-urbano-home\/%e2%96%b6%ef%b8%8f-video-mujeres-y-ciudades-la-perspectiva-de-genero-en-la-creacion-del-habitat\/#primaryimage"},"thumbnailUrl":"https:\/\/centrourbano.com\/revista\/wp-content\/uploads\/octubre-urbano2.jpg","keywords":["#CentroUrbanoHome","#OctubreUrbano","#OctubreUrbanoEnCentroUrbano","creaci\u00f3n del h\u00e1bitat","Futuros Urbanos","Mujeres y ciudades","perspectiva de g\u00e9nero"],"articleSection":["Centro Urbano Home","Octubre Urbano"],"inLanguage":"es","potentialAction":[{"@type":"CommentAction","name":"Comment","target":["https:\/\/centrourbano.com\/revista\/centro-urbano-home\/%e2%96%b6%ef%b8%8f-video-mujeres-y-ciudades-la-perspectiva-de-genero-en-la-creacion-del-habitat\/#respond"]}]},{"@type":"WebPage","@id":"https:\/\/centrourbano.com\/revista\/centro-urbano-home\/%e2%96%b6%ef%b8%8f-video-mujeres-y-ciudades-la-perspectiva-de-genero-en-la-creacion-del-habitat\/","url":"https:\/\/centrourbano.com\/revista\/centro-urbano-home\/%e2%96%b6%ef%b8%8f-video-mujeres-y-ciudades-la-perspectiva-de-genero-en-la-creacion-del-habitat\/","name":"\u25b6\ufe0f Video | Mujeres y ciudades: La perspectiva de g\u00e9nero en la creaci\u00f3n del h\u00e1bitat -","isPartOf":{"@id":"https:\/\/centrourbano.com\/revista\/#website"},"primaryImageOfPage":{"@id":"https:\/\/centrourbano.com\/revista\/centro-urbano-home\/%e2%96%b6%ef%b8%8f-video-mujeres-y-ciudades-la-perspectiva-de-genero-en-la-creacion-del-habitat\/#primaryimage"},"image":{"@id":"https:\/\/centrourbano.com\/revista\/centro-urbano-home\/%e2%96%b6%ef%b8%8f-video-mujeres-y-ciudades-la-perspectiva-de-genero-en-la-creacion-del-habitat\/#primaryimage"},"thumbnailUrl":"https:\/\/centrourbano.com\/revista\/wp-content\/uploads\/octubre-urbano2.jpg","datePublished":"2023-10-04T17:59:24+00:00","dateModified":"2023-10-06T18:30:48+00:00","description":"En el contexto de #OctubreUrbanoEnCentroUrbano, abordamos un tema fundamental: la perspectiva de g\u00e9nero en el h\u00e1bitat, un enfoque crucial en la","breadcrumb":{"@id":"https:\/\/centrourbano.com\/revista\/centro-urbano-home\/%e2%96%b6%ef%b8%8f-video-mujeres-y-ciudades-la-perspectiva-de-genero-en-la-creacion-del-habitat\/#breadcrumb"},"inLanguage":"es","potentialAction":[{"@type":"ReadAction","target":["https:\/\/centrourbano.com\/revista\/centro-urbano-home\/%e2%96%b6%ef%b8%8f-video-mujeres-y-ciudades-la-perspectiva-de-genero-en-la-creacion-del-habitat\/"]}]},{"@type":"ImageObject","inLanguage":"es","@id":"https:\/\/centrourbano.com\/revista\/centro-urbano-home\/%e2%96%b6%ef%b8%8f-video-mujeres-y-ciudades-la-perspectiva-de-genero-en-la-creacion-del-habitat\/#primaryimage","url":"https:\/\/centrourbano.com\/revista\/wp-content\/uploads\/octubre-urbano2.jpg","contentUrl":"https:\/\/centrourbano.com\/revista\/wp-content\/uploads\/octubre-urbano2.jpg","width":1080,"height":1080,"caption":"\u25b6\ufe0f Video | Mujeres y ciudades: La perspectiva de g\u00e9nero en la creaci\u00f3n del h\u00e1bitat"},{"@type":"BreadcrumbList","@id":"https:\/\/centrourbano.com\/revista\/centro-urbano-home\/%e2%96%b6%ef%b8%8f-video-mujeres-y-ciudades-la-perspectiva-de-genero-en-la-creacion-del-habitat\/#breadcrumb","itemListElement":[{"@type":"ListItem","position":1,"name":"Portada","item":"https:\/\/centrourbano.com\/revista\/"},{"@type":"ListItem","position":2,"name":"\u25b6\ufe0f Video | Mujeres y ciudades: La perspectiva de g\u00e9nero en la creaci\u00f3n del h\u00e1bitat"}]},{"@type":"WebSite","@id":"https:\/\/centrourbano.com\/revista\/#website","url":"https:\/\/centrourbano.com\/revista\/","name":"Centro Urbano","description":"Medio especializado en los sectores vivienda, inmobiliario, construcci\u00f3n, arquitectura y urbanismo.","publisher":{"@id":"https:\/\/centrourbano.com\/revista\/#organization"},"potentialAction":[{"@type":"SearchAction","target":{"@type":"EntryPoint","urlTemplate":"https:\/\/centrourbano.com\/revista\/?s={search_term_string}"},"query-input":{"@type":"PropertyValueSpecification","valueRequired":true,"valueName":"search_term_string"}}],"inLanguage":"es"},{"@type":"Organization","@id":"https:\/\/centrourbano.com\/revista\/#organization","name":"Centro Urbano","url":"https:\/\/centrourbano.com\/revista\/","logo":{"@type":"ImageObject","inLanguage":"es","@id":"https:\/\/centrourbano.com\/revista\/#\/schema\/logo\/image\/","url":"https:\/\/centrourbano.com\/revista\/wp-content\/uploads\/web_CU_logo-1.png","contentUrl":"https:\/\/centrourbano.com\/revista\/wp-content\/uploads\/web_CU_logo-1.png","width":350,"height":91,"caption":"Centro Urbano"},"image":{"@id":"https:\/\/centrourbano.com\/revista\/#\/schema\/logo\/image\/"},"sameAs":["https:\/\/www.facebook.com\/portalcentrourbano","https:\/\/x.com\/CentroUrbano","https:\/\/www.instagram.com\/centro_urbano\/","https:\/\/www.linkedin.com\/company\/centro-urbano\/","http:\/\/www.youtube.com\/user\/portalcentrourbano"]},{"@type":"Person","@id":"https:\/\/centrourbano.com\/revista\/#\/schema\/person\/5259f06e282c59482812d0e9a84a6440","name":"Redacci\u00f3n Centro Urbano","image":{"@type":"ImageObject","inLanguage":"es","@id":"https:\/\/secure.gravatar.com\/avatar\/15a789f894398c0f311f3a7a2ee28032bbc0483098539da66b6a045aa810bf35?s=96&d=mm&r=g","url":"https:\/\/secure.gravatar.com\/avatar\/15a789f894398c0f311f3a7a2ee28032bbc0483098539da66b6a045aa810bf35?s=96&d=mm&r=g","contentUrl":"https:\/\/secure.gravatar.com\/avatar\/15a789f894398c0f311f3a7a2ee28032bbc0483098539da66b6a045aa810bf35?s=96&d=mm&r=g","caption":"Redacci\u00f3n Centro Urbano"},"url":"https:\/\/centrourbano.com\/revista\/author\/editorial\/"}]}},"_links":{"self":[{"href":"https:\/\/centrourbano.com\/revista\/wp-json\/wp\/v2\/posts\/143268","targetHints":{"allow":["GET"]}}],"collection":[{"href":"https:\/\/centrourbano.com\/revista\/wp-json\/wp\/v2\/posts"}],"about":[{"href":"https:\/\/centrourbano.com\/revista\/wp-json\/wp\/v2\/types\/post"}],"author":[{"embeddable":true,"href":"https:\/\/centrourbano.com\/revista\/wp-json\/wp\/v2\/users\/14"}],"replies":[{"embeddable":true,"href":"https:\/\/centrourbano.com\/revista\/wp-json\/wp\/v2\/comments?post=143268"}],"version-history":[{"count":1,"href":"https:\/\/centrourbano.com\/revista\/wp-json\/wp\/v2\/posts\/143268\/revisions"}],"predecessor-version":[{"id":143273,"href":"https:\/\/centrourbano.com\/revista\/wp-json\/wp\/v2\/posts\/143268\/revisions\/143273"}],"wp:featuredmedia":[{"embeddable":true,"href":"https:\/\/centrourbano.com\/revista\/wp-json\/wp\/v2\/media\/143269"}],"wp:attachment":[{"href":"https:\/\/centrourbano.com\/revista\/wp-json\/wp\/v2\/media?parent=143268"}],"wp:term":[{"taxonomy":"category","embeddable":true,"href":"https:\/\/centrourbano.com\/revista\/wp-json\/wp\/v2\/categories?post=143268"},{"taxonomy":"post_tag","embeddable":true,"href":"https:\/\/centrourbano.com\/revista\/wp-json\/wp\/v2\/tags?post=143268"}],"curies":[{"name":"wp","href":"https:\/\/api.w.org\/{rel}","templated":true}]}}