{"id":14315,"date":"2015-12-23T09:00:23","date_gmt":"2015-12-23T15:00:23","guid":{"rendered":"http:\/\/centrourbano.com\/?p=14315"},"modified":"2015-12-23T17:06:02","modified_gmt":"2015-12-23T23:06:02","slug":"anuncia-ica-construccion-de-presa-en-sinaloa","status":"publish","type":"post","link":"https:\/\/centrourbano.com\/revista\/construccion\/anuncia-ica-construccion-de-presa-en-sinaloa\/","title":{"rendered":"#LoMejordelA\u00f1o: Anuncia ICA construcci\u00f3n de presa en Sinaloa"},"content":{"rendered":"<p><strong>Enero<\/strong><\/p>\n<p><em><span style=\"color: #222222;\">Est\u00e1 localizada en el r\u00edo Baluarte en Rosario y abastecer\u00e1 de agua a las comunidades aleda\u00f1as principalmente para temas de agricultura, ayudando al desarrollo del sur del estado<\/span><\/em><!--more--><\/p>\n<p><span style=\"color: #222222;\">La empresa de infraestructura y <a class=\"expresscurate_contentTags\" href=\"http:\/\/centrourbano.com\/tag\/construccion-2\/\">#construcci\u00f3n<\/a> m\u00e1s grande de M\u00e9xico, <a class=\"expresscurate_contentTags\" href=\"http:\/\/centrourbano.com\/tag\/ica\/\">#ICA<\/a>, anunci\u00f3 que \u00a0ha firmado\u00a0un contrato de obra p\u00fablica para llevar a cabo la construcci\u00f3n de la <a class=\"expresscurate_contentTags\" href=\"http:\/\/centrourbano.com\/tag\/presa\/\">#presa<\/a> de almacenamiento Santa Mar\u00eda con la Comisi\u00f3n Nacional del Agua (<a class=\"expresscurate_contentTags\" href=\"http:\/\/centrourbano.com\/tag\/conagua\/\">#Conagua<\/a>).<\/span><\/p>\n<p>Se estima que la obra, ubicada\u00a0<span style=\"color: #222222;\">en el r\u00edo Baluarte en Rosario, <a class=\"expresscurate_contentTags\" href=\"http:\/\/centrourbano.com\/tag\/sinaloa\/\">#Sinaloa<\/a>, finalice en enero de 2018, adem\u00e1se que una vez puesta en marcha\u00a0abastecer\u00e1 de agua a las comunidades aleda\u00f1as principalmente para temas de agricultura, ayudando al desarrollo del sur del estado.<\/span><\/p>\n<p>Cabe destacar que el contrato de obra p\u00fablica por\u00a03 mil 989 millones de pesos, a plazo fijo y precios unitarios, fue otorgado mediante una licitaci\u00f3n nacional.<\/p>\n<p><span style=\"color: #222222;\">La presa de almacenamiento tendr\u00e1 una altura de 120 metros \u00a0por 784 metros de largo y contar\u00e1 con una capacidad de almacenamiento de 980 millones de metros c\u00fabicos de agua aproximadamente lo que dar\u00e1 abasto a 24,000 hect\u00e1reas de cultivo en los municipios de Rosario y Escuinapa.<\/span><\/p>\n<p>Al respecto,\u00a0<span style=\"color: #222222;\">Alonso Quintana, director general de ICA, expli\u00b4co que dicha presa es producto de la experiencia y la larga tradici\u00f3n que ha demostrada ICA en la construcci\u00f3n de presas y proyectos hidroel\u00e9ctricos.<\/span><\/p>\n","protected":false},"excerpt":{"rendered":"<p>Enero Est\u00e1 localizada en el r\u00edo Baluarte en Rosario y abastecer\u00e1 de agua a las comunidades aleda\u00f1as principalmente para temas de agricultura, ayudando al desarrollo del sur del estado<\/p>\n","protected":false},"author":9,"featured_media":876,"comment_status":"open","ping_status":"closed","sticky":false,"template":"","format":"standard","meta":{"om_disable_all_campaigns":false,"inline_featured_image":false,"_monsterinsights_skip_tracking":false,"_monsterinsights_sitenote_active":false,"_monsterinsights_sitenote_note":"","_monsterinsights_sitenote_category":0,"footnotes":""},"categories":[14],"tags":[7307,276,22,562,545,431],"class_list":["post-14315","post","type-post","status-publish","format-standard","has-post-thumbnail","hentry","category-construccion","tag-7307","tag-conagua","tag-construccion-2","tag-ica","tag-presa","tag-sinaloa"],"yoast_head":"<!-- This site is optimized with the Yoast SEO plugin v27.5 - https:\/\/yoast.com\/product\/yoast-seo-wordpress\/ -->\n<title>#LoMejordelA\u00f1o: Anuncia ICA construcci\u00f3n de presa en Sinaloa -<\/title>\n<meta name=\"description\" content=\"Enero Est\u00e1 localizada en el r\u00edo Baluarte en Rosario y abastecer\u00e1 de agua a las comunidades aleda\u00f1as principalmente para temas de agricultura, ayudando al\" \/>\n<meta name=\"robots\" content=\"index, follow, max-snippet:-1, max-image-preview:large, max-video-preview:-1\" \/>\n<link rel=\"canonical\" href=\"https:\/\/centrourbano.com\/revista\/construccion\/anuncia-ica-construccion-de-presa-en-sinaloa\/\" \/>\n<meta property=\"og:locale\" content=\"es_ES\" \/>\n<meta property=\"og:type\" content=\"article\" \/>\n<meta property=\"og:title\" content=\"#LoMejordelA\u00f1o: Anuncia ICA construcci\u00f3n de presa en Sinaloa -\" \/>\n<meta property=\"og:description\" content=\"Enero Est\u00e1 localizada en el r\u00edo Baluarte en Rosario y abastecer\u00e1 de agua a las comunidades aleda\u00f1as principalmente para temas de agricultura, ayudando al\" \/>\n<meta property=\"og:url\" content=\"https:\/\/centrourbano.com\/revista\/construccion\/anuncia-ica-construccion-de-presa-en-sinaloa\/\" \/>\n<meta property=\"og:site_name\" content=\"Centro Urbano\" \/>\n<meta property=\"article:publisher\" content=\"https:\/\/www.facebook.com\/portalcentrourbano\" \/>\n<meta property=\"article:published_time\" content=\"2015-12-23T15:00:23+00:00\" \/>\n<meta property=\"article:modified_time\" content=\"2015-12-23T23:06:02+00:00\" \/>\n<meta property=\"og:image\" content=\"https:\/\/centrourbano.com\/revista\/wp-content\/uploads\/Cutzamala.jpg\" \/>\n\t<meta property=\"og:image:width\" content=\"451\" \/>\n\t<meta property=\"og:image:height\" content=\"300\" \/>\n\t<meta property=\"og:image:type\" content=\"image\/jpeg\" \/>\n<meta name=\"author\" content=\"Dinorah Nava\" \/>\n<meta name=\"twitter:card\" content=\"summary_large_image\" \/>\n<meta name=\"twitter:creator\" content=\"@https:\/\/twitter.com\/Dinorah_Nava28\" \/>\n<meta name=\"twitter:site\" content=\"@CentroUrbano\" \/>\n<meta name=\"twitter:label1\" content=\"Escrito por\" \/>\n\t<meta name=\"twitter:data1\" content=\"Dinorah Nava\" \/>\n\t<meta name=\"twitter:label2\" content=\"Tiempo de lectura\" \/>\n\t<meta name=\"twitter:data2\" content=\"1 minuto\" \/>\n<script type=\"application\/ld+json\" class=\"yoast-schema-graph\">{\"@context\":\"https:\\\/\\\/schema.org\",\"@graph\":[{\"@type\":\"Article\",\"@id\":\"https:\\\/\\\/centrourbano.com\\\/revista\\\/construccion\\\/anuncia-ica-construccion-de-presa-en-sinaloa\\\/#article\",\"isPartOf\":{\"@id\":\"https:\\\/\\\/centrourbano.com\\\/revista\\\/construccion\\\/anuncia-ica-construccion-de-presa-en-sinaloa\\\/\"},\"author\":{\"name\":\"Dinorah Nava\",\"@id\":\"https:\\\/\\\/centrourbano.com\\\/revista\\\/#\\\/schema\\\/person\\\/baa9e569588d5544150642a11ad28b8b\"},\"headline\":\"#LoMejordelA\u00f1o: Anuncia ICA construcci\u00f3n de presa en Sinaloa\",\"datePublished\":\"2015-12-23T15:00:23+00:00\",\"dateModified\":\"2015-12-23T23:06:02+00:00\",\"mainEntityOfPage\":{\"@id\":\"https:\\\/\\\/centrourbano.com\\\/revista\\\/construccion\\\/anuncia-ica-construccion-de-presa-en-sinaloa\\\/\"},\"wordCount\":243,\"commentCount\":0,\"publisher\":{\"@id\":\"https:\\\/\\\/centrourbano.com\\\/revista\\\/#organization\"},\"image\":{\"@id\":\"https:\\\/\\\/centrourbano.com\\\/revista\\\/construccion\\\/anuncia-ica-construccion-de-presa-en-sinaloa\\\/#primaryimage\"},\"thumbnailUrl\":\"https:\\\/\\\/centrourbano.com\\\/revista\\\/wp-content\\\/uploads\\\/Cutzamala.jpg\",\"keywords\":[\"222222\",\"Conagua\",\"construcci\u00f3n\",\"ICA\",\"presa\",\"Sinaloa\"],\"articleSection\":[\"Construcci\u00f3n\"],\"inLanguage\":\"es\",\"potentialAction\":[{\"@type\":\"CommentAction\",\"name\":\"Comment\",\"target\":[\"https:\\\/\\\/centrourbano.com\\\/revista\\\/construccion\\\/anuncia-ica-construccion-de-presa-en-sinaloa\\\/#respond\"]}]},{\"@type\":\"WebPage\",\"@id\":\"https:\\\/\\\/centrourbano.com\\\/revista\\\/construccion\\\/anuncia-ica-construccion-de-presa-en-sinaloa\\\/\",\"url\":\"https:\\\/\\\/centrourbano.com\\\/revista\\\/construccion\\\/anuncia-ica-construccion-de-presa-en-sinaloa\\\/\",\"name\":\"#LoMejordelA\u00f1o: Anuncia ICA construcci\u00f3n de presa en Sinaloa -\",\"isPartOf\":{\"@id\":\"https:\\\/\\\/centrourbano.com\\\/revista\\\/#website\"},\"primaryImageOfPage\":{\"@id\":\"https:\\\/\\\/centrourbano.com\\\/revista\\\/construccion\\\/anuncia-ica-construccion-de-presa-en-sinaloa\\\/#primaryimage\"},\"image\":{\"@id\":\"https:\\\/\\\/centrourbano.com\\\/revista\\\/construccion\\\/anuncia-ica-construccion-de-presa-en-sinaloa\\\/#primaryimage\"},\"thumbnailUrl\":\"https:\\\/\\\/centrourbano.com\\\/revista\\\/wp-content\\\/uploads\\\/Cutzamala.jpg\",\"datePublished\":\"2015-12-23T15:00:23+00:00\",\"dateModified\":\"2015-12-23T23:06:02+00:00\",\"description\":\"Enero Est\u00e1 localizada en el r\u00edo Baluarte en Rosario y abastecer\u00e1 de agua a las comunidades aleda\u00f1as principalmente para temas de agricultura, ayudando al\",\"breadcrumb\":{\"@id\":\"https:\\\/\\\/centrourbano.com\\\/revista\\\/construccion\\\/anuncia-ica-construccion-de-presa-en-sinaloa\\\/#breadcrumb\"},\"inLanguage\":\"es\",\"potentialAction\":[{\"@type\":\"ReadAction\",\"target\":[\"https:\\\/\\\/centrourbano.com\\\/revista\\\/construccion\\\/anuncia-ica-construccion-de-presa-en-sinaloa\\\/\"]}]},{\"@type\":\"ImageObject\",\"inLanguage\":\"es\",\"@id\":\"https:\\\/\\\/centrourbano.com\\\/revista\\\/construccion\\\/anuncia-ica-construccion-de-presa-en-sinaloa\\\/#primaryimage\",\"url\":\"https:\\\/\\\/centrourbano.com\\\/revista\\\/wp-content\\\/uploads\\\/Cutzamala.jpg\",\"contentUrl\":\"https:\\\/\\\/centrourbano.com\\\/revista\\\/wp-content\\\/uploads\\\/Cutzamala.jpg\",\"width\":451,\"height\":300},{\"@type\":\"BreadcrumbList\",\"@id\":\"https:\\\/\\\/centrourbano.com\\\/revista\\\/construccion\\\/anuncia-ica-construccion-de-presa-en-sinaloa\\\/#breadcrumb\",\"itemListElement\":[{\"@type\":\"ListItem\",\"position\":1,\"name\":\"Portada\",\"item\":\"https:\\\/\\\/centrourbano.com\\\/revista\\\/\"},{\"@type\":\"ListItem\",\"position\":2,\"name\":\"#LoMejordelA\u00f1o: Anuncia ICA construcci\u00f3n de presa en Sinaloa\"}]},{\"@type\":\"WebSite\",\"@id\":\"https:\\\/\\\/centrourbano.com\\\/revista\\\/#website\",\"url\":\"https:\\\/\\\/centrourbano.com\\\/revista\\\/\",\"name\":\"Centro Urbano\",\"description\":\"Medio especializado en los sectores vivienda, inmobiliario, construcci\u00f3n, arquitectura y urbanismo.\",\"publisher\":{\"@id\":\"https:\\\/\\\/centrourbano.com\\\/revista\\\/#organization\"},\"potentialAction\":[{\"@type\":\"SearchAction\",\"target\":{\"@type\":\"EntryPoint\",\"urlTemplate\":\"https:\\\/\\\/centrourbano.com\\\/revista\\\/?s={search_term_string}\"},\"query-input\":{\"@type\":\"PropertyValueSpecification\",\"valueRequired\":true,\"valueName\":\"search_term_string\"}}],\"inLanguage\":\"es\"},{\"@type\":\"Organization\",\"@id\":\"https:\\\/\\\/centrourbano.com\\\/revista\\\/#organization\",\"name\":\"Centro Urbano\",\"url\":\"https:\\\/\\\/centrourbano.com\\\/revista\\\/\",\"logo\":{\"@type\":\"ImageObject\",\"inLanguage\":\"es\",\"@id\":\"https:\\\/\\\/centrourbano.com\\\/revista\\\/#\\\/schema\\\/logo\\\/image\\\/\",\"url\":\"https:\\\/\\\/centrourbano.com\\\/revista\\\/wp-content\\\/uploads\\\/web_CU_logo-1.png\",\"contentUrl\":\"https:\\\/\\\/centrourbano.com\\\/revista\\\/wp-content\\\/uploads\\\/web_CU_logo-1.png\",\"width\":350,\"height\":91,\"caption\":\"Centro Urbano\"},\"image\":{\"@id\":\"https:\\\/\\\/centrourbano.com\\\/revista\\\/#\\\/schema\\\/logo\\\/image\\\/\"},\"sameAs\":[\"https:\\\/\\\/www.facebook.com\\\/portalcentrourbano\",\"https:\\\/\\\/x.com\\\/CentroUrbano\",\"https:\\\/\\\/www.instagram.com\\\/centro_urbano\\\/\",\"https:\\\/\\\/www.linkedin.com\\\/company\\\/centro-urbano\\\/\",\"http:\\\/\\\/www.youtube.com\\\/user\\\/portalcentrourbano\"]},{\"@type\":\"Person\",\"@id\":\"https:\\\/\\\/centrourbano.com\\\/revista\\\/#\\\/schema\\\/person\\\/baa9e569588d5544150642a11ad28b8b\",\"name\":\"Dinorah Nava\",\"image\":{\"@type\":\"ImageObject\",\"inLanguage\":\"es\",\"@id\":\"https:\\\/\\\/secure.gravatar.com\\\/avatar\\\/f6ca6430c51d147f363940f84e1225aa4b8183885c11802cc3b042305a4ecc1a?s=96&d=mm&r=g\",\"url\":\"https:\\\/\\\/secure.gravatar.com\\\/avatar\\\/f6ca6430c51d147f363940f84e1225aa4b8183885c11802cc3b042305a4ecc1a?s=96&d=mm&r=g\",\"contentUrl\":\"https:\\\/\\\/secure.gravatar.com\\\/avatar\\\/f6ca6430c51d147f363940f84e1225aa4b8183885c11802cc3b042305a4ecc1a?s=96&d=mm&r=g\",\"caption\":\"Dinorah Nava\"},\"description\":\"Editora de Contenidos y Estrategias Digitales en Centro Urbano y Coeditora en Peri\u00f3dico Mi Casa. Egresada de la licenciatura en Comunicaci\u00f3n y Periodismo de la Facultad de Estudios Superiores Arag\u00f3n (UNAM). Amante de la edici\u00f3n y correcci\u00f3n de estilo, las redes sociales y el mundo digital. Especialista en temas son arquitectura, inmobiliario y urbanismo.\",\"sameAs\":[\"linkedin.com\\\/in\\\/dinorah-nava\",\"https:\\\/\\\/x.com\\\/https:\\\/\\\/twitter.com\\\/Dinorah_Nava28\"],\"url\":\"https:\\\/\\\/centrourbano.com\\\/revista\\\/author\\\/dinorah-nava\\\/\"}]}<\/script>\n<!-- \/ Yoast SEO plugin. -->","yoast_head_json":{"title":"#LoMejordelA\u00f1o: Anuncia ICA construcci\u00f3n de presa en Sinaloa -","description":"Enero Est\u00e1 localizada en el r\u00edo Baluarte en Rosario y abastecer\u00e1 de agua a las comunidades aleda\u00f1as principalmente para temas de agricultura, ayudando al","robots":{"index":"index","follow":"follow","max-snippet":"max-snippet:-1","max-image-preview":"max-image-preview:large","max-video-preview":"max-video-preview:-1"},"canonical":"https:\/\/centrourbano.com\/revista\/construccion\/anuncia-ica-construccion-de-presa-en-sinaloa\/","og_locale":"es_ES","og_type":"article","og_title":"#LoMejordelA\u00f1o: Anuncia ICA construcci\u00f3n de presa en Sinaloa -","og_description":"Enero Est\u00e1 localizada en el r\u00edo Baluarte en Rosario y abastecer\u00e1 de agua a las comunidades aleda\u00f1as principalmente para temas de agricultura, ayudando al","og_url":"https:\/\/centrourbano.com\/revista\/construccion\/anuncia-ica-construccion-de-presa-en-sinaloa\/","og_site_name":"Centro Urbano","article_publisher":"https:\/\/www.facebook.com\/portalcentrourbano","article_published_time":"2015-12-23T15:00:23+00:00","article_modified_time":"2015-12-23T23:06:02+00:00","og_image":[{"width":451,"height":300,"url":"https:\/\/centrourbano.com\/revista\/wp-content\/uploads\/Cutzamala.jpg","type":"image\/jpeg"}],"author":"Dinorah Nava","twitter_card":"summary_large_image","twitter_creator":"@https:\/\/twitter.com\/Dinorah_Nava28","twitter_site":"@CentroUrbano","twitter_misc":{"Escrito por":"Dinorah Nava","Tiempo de lectura":"1 minuto"},"schema":{"@context":"https:\/\/schema.org","@graph":[{"@type":"Article","@id":"https:\/\/centrourbano.com\/revista\/construccion\/anuncia-ica-construccion-de-presa-en-sinaloa\/#article","isPartOf":{"@id":"https:\/\/centrourbano.com\/revista\/construccion\/anuncia-ica-construccion-de-presa-en-sinaloa\/"},"author":{"name":"Dinorah Nava","@id":"https:\/\/centrourbano.com\/revista\/#\/schema\/person\/baa9e569588d5544150642a11ad28b8b"},"headline":"#LoMejordelA\u00f1o: Anuncia ICA construcci\u00f3n de presa en Sinaloa","datePublished":"2015-12-23T15:00:23+00:00","dateModified":"2015-12-23T23:06:02+00:00","mainEntityOfPage":{"@id":"https:\/\/centrourbano.com\/revista\/construccion\/anuncia-ica-construccion-de-presa-en-sinaloa\/"},"wordCount":243,"commentCount":0,"publisher":{"@id":"https:\/\/centrourbano.com\/revista\/#organization"},"image":{"@id":"https:\/\/centrourbano.com\/revista\/construccion\/anuncia-ica-construccion-de-presa-en-sinaloa\/#primaryimage"},"thumbnailUrl":"https:\/\/centrourbano.com\/revista\/wp-content\/uploads\/Cutzamala.jpg","keywords":["222222","Conagua","construcci\u00f3n","ICA","presa","Sinaloa"],"articleSection":["Construcci\u00f3n"],"inLanguage":"es","potentialAction":[{"@type":"CommentAction","name":"Comment","target":["https:\/\/centrourbano.com\/revista\/construccion\/anuncia-ica-construccion-de-presa-en-sinaloa\/#respond"]}]},{"@type":"WebPage","@id":"https:\/\/centrourbano.com\/revista\/construccion\/anuncia-ica-construccion-de-presa-en-sinaloa\/","url":"https:\/\/centrourbano.com\/revista\/construccion\/anuncia-ica-construccion-de-presa-en-sinaloa\/","name":"#LoMejordelA\u00f1o: Anuncia ICA construcci\u00f3n de presa en Sinaloa -","isPartOf":{"@id":"https:\/\/centrourbano.com\/revista\/#website"},"primaryImageOfPage":{"@id":"https:\/\/centrourbano.com\/revista\/construccion\/anuncia-ica-construccion-de-presa-en-sinaloa\/#primaryimage"},"image":{"@id":"https:\/\/centrourbano.com\/revista\/construccion\/anuncia-ica-construccion-de-presa-en-sinaloa\/#primaryimage"},"thumbnailUrl":"https:\/\/centrourbano.com\/revista\/wp-content\/uploads\/Cutzamala.jpg","datePublished":"2015-12-23T15:00:23+00:00","dateModified":"2015-12-23T23:06:02+00:00","description":"Enero Est\u00e1 localizada en el r\u00edo Baluarte en Rosario y abastecer\u00e1 de agua a las comunidades aleda\u00f1as principalmente para temas de agricultura, ayudando al","breadcrumb":{"@id":"https:\/\/centrourbano.com\/revista\/construccion\/anuncia-ica-construccion-de-presa-en-sinaloa\/#breadcrumb"},"inLanguage":"es","potentialAction":[{"@type":"ReadAction","target":["https:\/\/centrourbano.com\/revista\/construccion\/anuncia-ica-construccion-de-presa-en-sinaloa\/"]}]},{"@type":"ImageObject","inLanguage":"es","@id":"https:\/\/centrourbano.com\/revista\/construccion\/anuncia-ica-construccion-de-presa-en-sinaloa\/#primaryimage","url":"https:\/\/centrourbano.com\/revista\/wp-content\/uploads\/Cutzamala.jpg","contentUrl":"https:\/\/centrourbano.com\/revista\/wp-content\/uploads\/Cutzamala.jpg","width":451,"height":300},{"@type":"BreadcrumbList","@id":"https:\/\/centrourbano.com\/revista\/construccion\/anuncia-ica-construccion-de-presa-en-sinaloa\/#breadcrumb","itemListElement":[{"@type":"ListItem","position":1,"name":"Portada","item":"https:\/\/centrourbano.com\/revista\/"},{"@type":"ListItem","position":2,"name":"#LoMejordelA\u00f1o: Anuncia ICA construcci\u00f3n de presa en Sinaloa"}]},{"@type":"WebSite","@id":"https:\/\/centrourbano.com\/revista\/#website","url":"https:\/\/centrourbano.com\/revista\/","name":"Centro Urbano","description":"Medio especializado en los sectores vivienda, inmobiliario, construcci\u00f3n, arquitectura y urbanismo.","publisher":{"@id":"https:\/\/centrourbano.com\/revista\/#organization"},"potentialAction":[{"@type":"SearchAction","target":{"@type":"EntryPoint","urlTemplate":"https:\/\/centrourbano.com\/revista\/?s={search_term_string}"},"query-input":{"@type":"PropertyValueSpecification","valueRequired":true,"valueName":"search_term_string"}}],"inLanguage":"es"},{"@type":"Organization","@id":"https:\/\/centrourbano.com\/revista\/#organization","name":"Centro Urbano","url":"https:\/\/centrourbano.com\/revista\/","logo":{"@type":"ImageObject","inLanguage":"es","@id":"https:\/\/centrourbano.com\/revista\/#\/schema\/logo\/image\/","url":"https:\/\/centrourbano.com\/revista\/wp-content\/uploads\/web_CU_logo-1.png","contentUrl":"https:\/\/centrourbano.com\/revista\/wp-content\/uploads\/web_CU_logo-1.png","width":350,"height":91,"caption":"Centro Urbano"},"image":{"@id":"https:\/\/centrourbano.com\/revista\/#\/schema\/logo\/image\/"},"sameAs":["https:\/\/www.facebook.com\/portalcentrourbano","https:\/\/x.com\/CentroUrbano","https:\/\/www.instagram.com\/centro_urbano\/","https:\/\/www.linkedin.com\/company\/centro-urbano\/","http:\/\/www.youtube.com\/user\/portalcentrourbano"]},{"@type":"Person","@id":"https:\/\/centrourbano.com\/revista\/#\/schema\/person\/baa9e569588d5544150642a11ad28b8b","name":"Dinorah Nava","image":{"@type":"ImageObject","inLanguage":"es","@id":"https:\/\/secure.gravatar.com\/avatar\/f6ca6430c51d147f363940f84e1225aa4b8183885c11802cc3b042305a4ecc1a?s=96&d=mm&r=g","url":"https:\/\/secure.gravatar.com\/avatar\/f6ca6430c51d147f363940f84e1225aa4b8183885c11802cc3b042305a4ecc1a?s=96&d=mm&r=g","contentUrl":"https:\/\/secure.gravatar.com\/avatar\/f6ca6430c51d147f363940f84e1225aa4b8183885c11802cc3b042305a4ecc1a?s=96&d=mm&r=g","caption":"Dinorah Nava"},"description":"Editora de Contenidos y Estrategias Digitales en Centro Urbano y Coeditora en Peri\u00f3dico Mi Casa. Egresada de la licenciatura en Comunicaci\u00f3n y Periodismo de la Facultad de Estudios Superiores Arag\u00f3n (UNAM). Amante de la edici\u00f3n y correcci\u00f3n de estilo, las redes sociales y el mundo digital. Especialista en temas son arquitectura, inmobiliario y urbanismo.","sameAs":["linkedin.com\/in\/dinorah-nava","https:\/\/x.com\/https:\/\/twitter.com\/Dinorah_Nava28"],"url":"https:\/\/centrourbano.com\/revista\/author\/dinorah-nava\/"}]}},"_links":{"self":[{"href":"https:\/\/centrourbano.com\/revista\/wp-json\/wp\/v2\/posts\/14315","targetHints":{"allow":["GET"]}}],"collection":[{"href":"https:\/\/centrourbano.com\/revista\/wp-json\/wp\/v2\/posts"}],"about":[{"href":"https:\/\/centrourbano.com\/revista\/wp-json\/wp\/v2\/types\/post"}],"author":[{"embeddable":true,"href":"https:\/\/centrourbano.com\/revista\/wp-json\/wp\/v2\/users\/9"}],"replies":[{"embeddable":true,"href":"https:\/\/centrourbano.com\/revista\/wp-json\/wp\/v2\/comments?post=14315"}],"version-history":[{"count":0,"href":"https:\/\/centrourbano.com\/revista\/wp-json\/wp\/v2\/posts\/14315\/revisions"}],"wp:featuredmedia":[{"embeddable":true,"href":"https:\/\/centrourbano.com\/revista\/wp-json\/wp\/v2\/media\/876"}],"wp:attachment":[{"href":"https:\/\/centrourbano.com\/revista\/wp-json\/wp\/v2\/media?parent=14315"}],"wp:term":[{"taxonomy":"category","embeddable":true,"href":"https:\/\/centrourbano.com\/revista\/wp-json\/wp\/v2\/categories?post=14315"},{"taxonomy":"post_tag","embeddable":true,"href":"https:\/\/centrourbano.com\/revista\/wp-json\/wp\/v2\/tags?post=14315"}],"curies":[{"name":"wp","href":"https:\/\/api.w.org\/{rel}","templated":true}]}}