{"id":142423,"date":"2023-08-28T14:56:11","date_gmt":"2023-08-28T20:56:11","guid":{"rendered":"https:\/\/centrourbano.com\/?p=142423"},"modified":"2023-08-28T14:57:10","modified_gmt":"2023-08-28T20:57:10","slug":"gem-100-espacios-recuperados","status":"publish","type":"post","link":"https:\/\/centrourbano.com\/revista\/urbanismo\/gem-100-espacios-recuperados\/","title":{"rendered":"En este sexenio, GEM acumula 100 espacios recuperados en la entidad"},"content":{"rendered":"<p><em>El GEM convirti\u00f3 los espacios recuperados en sitios con perspectiva de g\u00e9nero, funcionales y seguros <\/em><\/p>\n<p><!--more--><\/p>\n<p>Mediante la Secretar\u00eda de Desarrollo Urbano y Obra (Seduo), el actual Gobierno del Estado de M\u00e9xico (<a href=\"https:\/\/edomex.gob.mx\/\" target=\"_blank\" rel=\"noopener\">GEM<\/a>) trabajo en la <strong>recuperaci\u00f3n de espacios p\u00fablicos<\/strong>, acumulando <strong>100 sitios rehabilitados<\/strong>. Todos ellos, pasaron de ser lugares abandonados a zonas funcionales.<\/p>\n<p>Esto se debe a que el Edom\u00e9x contaba con un gran n\u00famero de sitios inoperantes y sin funci\u00f3n social, por lo que la administraci\u00f3n estatal procur\u00f3 <strong>convertirlos en sitios con perspectiva de g\u00e9nero, funcionales y seguros.<\/strong><\/p>\n<p>Al respecto, el GEM detall\u00f3 que, del total de los espacios recuperados, <strong>94 sitios<\/strong> forman parte de <strong><a href=\"https:\/\/centrourbano.com\/urbanismo\/vive-tu-comunidad-espacios-publicos-incluyentes\/\" target=\"_blank\" rel=\"noopener\">\u2018Vive tu Comunidad\u2019<\/a> y seis a \u2018Parques de la Ciencia\u2019<\/strong>, ubicados estrat\u00e9gicamente en todo el territorio mexiquense.\u00a0El Gobierno se\u00f1al\u00f3 que estos proyectos se encuentran <strong>alineados con la Agenda Urbana de la Organizaci\u00f3n de las Naciones Unidas (ONU). <\/strong><\/p>\n<p>De manera que, de acuerdo con el GEM, estos espacios recuperados se han convertido en <strong>puntos de convivencia familiar, de reencuentro comunitario y de activaci\u00f3n f\u00edsica<\/strong>. Adem\u00e1s de que brindan acceso a ni\u00f1os, j\u00f3venes, personas adultas y con discapacidad.<\/p>\n<h2>Unidad Deportiva Lerma, parte de los espacios recuperados<\/h2>\n<p>Acerca de los espacios recuperados inclusivos, Alma Delia Rodr\u00edguez, usuaria y entrenadora de Futbol 7 de la Unidad Deportiva Lerma, uno de los espacios Vive tu Comunidad, explic\u00f3 que estos <strong>lugares impulsan la igualdad de condiciones y de g\u00e9nero a trav\u00e9s del deporte. <\/strong><\/p>\n<p>\u201cEs un orgullo porque las mujeres podemos hacer mucho m\u00e1s de lo que las personas piensan. De hecho, en la liga soy la \u00fanica mujer que dirige equipos de Futbol 7, entonces creo que es romper muchos paradigmas, por eso es que estoy orgullosa de mi actividad\u201d, coment\u00f3.<\/p>\n<p>Sobre su trabajo en la Unidad, Rodr\u00edguez coment\u00f3 que ella tambi\u00e9n trabaja en la inclusi\u00f3n, por lo que el equipo que dirige es mixto.<\/p>\n<p>\u201cNo por el hecho de ser mujeres les pido que hagan menos ejercicio. Obviamente los chicos tambi\u00e9n han aprendido lo que es respetarlas. Y s\u00ed, los chicos, por ejemplo, en el equipo, tambi\u00e9n entienden que son mujeres y que obviamente su cuerpo es diferente, su fuerza f\u00edsica es diferente, pero no las limita a entender que ellas juegan bien, no las limita a entender que ellas tienen la misma capacidad que ellos y se les da la misma oportunidad\u201d, platic\u00f3.<\/p>\n<p>La Unidad Deportiva Lerma cuenta con una cancha de futbol con pasto sint\u00e9tico, un parque canino, ejercitadores, juegos infantiles, trotapista, \u00e1reas verdes, entre otras instalaciones.<\/p>\n","protected":false},"excerpt":{"rendered":"<p>El GEM convirti\u00f3 los espacios recuperados en sitios con perspectiva de g\u00e9nero, funcionales y seguros<\/p>\n","protected":false},"author":88,"featured_media":142424,"comment_status":"open","ping_status":"closed","sticky":false,"template":"","format":"standard","meta":{"om_disable_all_campaigns":false,"inline_featured_image":false,"_monsterinsights_skip_tracking":false,"_monsterinsights_sitenote_active":false,"_monsterinsights_sitenote_note":"","_monsterinsights_sitenote_category":0,"footnotes":""},"categories":[82],"tags":[22566,894],"class_list":["post-142423","post","type-post","status-publish","format-standard","has-post-thumbnail","hentry","category-urbanismo","tag-gem","tag-recuperacion-de-espacios"],"yoast_head":"<!-- This site is optimized with the Yoast SEO plugin v27.4 - https:\/\/yoast.com\/product\/yoast-seo-wordpress\/ -->\n<title>En este sexenio, GEM acumula 100 espacios recuperados en la entidad -<\/title>\n<meta name=\"description\" content=\"El GEM convirti\u00f3 los espacios recuperados en sitios con perspectiva de g\u00e9nero, funcionales y seguros Mediante la Secretar\u00eda de Desarrollo Urbano y Obra\" \/>\n<meta name=\"robots\" content=\"index, follow, max-snippet:-1, max-image-preview:large, max-video-preview:-1\" \/>\n<link rel=\"canonical\" href=\"https:\/\/centrourbano.com\/revista\/urbanismo\/gem-100-espacios-recuperados\/\" \/>\n<meta property=\"og:locale\" content=\"es_ES\" \/>\n<meta property=\"og:type\" content=\"article\" \/>\n<meta property=\"og:title\" content=\"En este sexenio, GEM acumula 100 espacios recuperados en la entidad -\" \/>\n<meta property=\"og:description\" content=\"El GEM convirti\u00f3 los espacios recuperados en sitios con perspectiva de g\u00e9nero, funcionales y seguros Mediante la Secretar\u00eda de Desarrollo Urbano y Obra\" \/>\n<meta property=\"og:url\" content=\"https:\/\/centrourbano.com\/revista\/urbanismo\/gem-100-espacios-recuperados\/\" \/>\n<meta property=\"og:site_name\" content=\"Centro Urbano\" \/>\n<meta property=\"article:publisher\" content=\"https:\/\/www.facebook.com\/portalcentrourbano\" \/>\n<meta property=\"article:published_time\" content=\"2023-08-28T20:56:11+00:00\" \/>\n<meta property=\"article:modified_time\" content=\"2023-08-28T20:57:10+00:00\" \/>\n<meta property=\"og:image\" content=\"https:\/\/centrourbano.com\/revista\/wp-content\/uploads\/espacios-recuperados.jpg\" \/>\n\t<meta property=\"og:image:width\" content=\"800\" \/>\n\t<meta property=\"og:image:height\" content=\"800\" \/>\n\t<meta property=\"og:image:type\" content=\"image\/jpeg\" \/>\n<meta name=\"author\" content=\"Rebeca Romero\" \/>\n<meta name=\"twitter:card\" content=\"summary_large_image\" \/>\n<meta name=\"twitter:creator\" content=\"@CentroUrbano\" \/>\n<meta name=\"twitter:site\" content=\"@CentroUrbano\" \/>\n<meta name=\"twitter:label1\" content=\"Escrito por\" \/>\n\t<meta name=\"twitter:data1\" content=\"Rebeca Romero\" \/>\n\t<meta name=\"twitter:label2\" content=\"Tiempo de lectura\" \/>\n\t<meta name=\"twitter:data2\" content=\"2 minutos\" \/>\n<script type=\"application\/ld+json\" class=\"yoast-schema-graph\">{\"@context\":\"https:\\\/\\\/schema.org\",\"@graph\":[{\"@type\":\"Article\",\"@id\":\"https:\\\/\\\/centrourbano.com\\\/revista\\\/urbanismo\\\/gem-100-espacios-recuperados\\\/#article\",\"isPartOf\":{\"@id\":\"https:\\\/\\\/centrourbano.com\\\/revista\\\/urbanismo\\\/gem-100-espacios-recuperados\\\/\"},\"author\":{\"name\":\"Rebeca Romero\",\"@id\":\"https:\\\/\\\/centrourbano.com\\\/revista\\\/#\\\/schema\\\/person\\\/c665f1c60da3ad48cd761a707b7090b0\"},\"headline\":\"En este sexenio, GEM acumula 100 espacios recuperados en la entidad\",\"datePublished\":\"2023-08-28T20:56:11+00:00\",\"dateModified\":\"2023-08-28T20:57:10+00:00\",\"mainEntityOfPage\":{\"@id\":\"https:\\\/\\\/centrourbano.com\\\/revista\\\/urbanismo\\\/gem-100-espacios-recuperados\\\/\"},\"wordCount\":446,\"commentCount\":0,\"publisher\":{\"@id\":\"https:\\\/\\\/centrourbano.com\\\/revista\\\/#organization\"},\"image\":{\"@id\":\"https:\\\/\\\/centrourbano.com\\\/revista\\\/urbanismo\\\/gem-100-espacios-recuperados\\\/#primaryimage\"},\"thumbnailUrl\":\"https:\\\/\\\/centrourbano.com\\\/revista\\\/wp-content\\\/uploads\\\/espacios-recuperados.jpg\",\"keywords\":[\"GEM\",\"recuperaci\u00f3n de espacios\"],\"articleSection\":[\"Urbanismo\"],\"inLanguage\":\"es\",\"potentialAction\":[{\"@type\":\"CommentAction\",\"name\":\"Comment\",\"target\":[\"https:\\\/\\\/centrourbano.com\\\/revista\\\/urbanismo\\\/gem-100-espacios-recuperados\\\/#respond\"]}]},{\"@type\":\"WebPage\",\"@id\":\"https:\\\/\\\/centrourbano.com\\\/revista\\\/urbanismo\\\/gem-100-espacios-recuperados\\\/\",\"url\":\"https:\\\/\\\/centrourbano.com\\\/revista\\\/urbanismo\\\/gem-100-espacios-recuperados\\\/\",\"name\":\"En este sexenio, GEM acumula 100 espacios recuperados en la entidad -\",\"isPartOf\":{\"@id\":\"https:\\\/\\\/centrourbano.com\\\/revista\\\/#website\"},\"primaryImageOfPage\":{\"@id\":\"https:\\\/\\\/centrourbano.com\\\/revista\\\/urbanismo\\\/gem-100-espacios-recuperados\\\/#primaryimage\"},\"image\":{\"@id\":\"https:\\\/\\\/centrourbano.com\\\/revista\\\/urbanismo\\\/gem-100-espacios-recuperados\\\/#primaryimage\"},\"thumbnailUrl\":\"https:\\\/\\\/centrourbano.com\\\/revista\\\/wp-content\\\/uploads\\\/espacios-recuperados.jpg\",\"datePublished\":\"2023-08-28T20:56:11+00:00\",\"dateModified\":\"2023-08-28T20:57:10+00:00\",\"description\":\"El GEM convirti\u00f3 los espacios recuperados en sitios con perspectiva de g\u00e9nero, funcionales y seguros Mediante la Secretar\u00eda de Desarrollo Urbano y Obra\",\"breadcrumb\":{\"@id\":\"https:\\\/\\\/centrourbano.com\\\/revista\\\/urbanismo\\\/gem-100-espacios-recuperados\\\/#breadcrumb\"},\"inLanguage\":\"es\",\"potentialAction\":[{\"@type\":\"ReadAction\",\"target\":[\"https:\\\/\\\/centrourbano.com\\\/revista\\\/urbanismo\\\/gem-100-espacios-recuperados\\\/\"]}]},{\"@type\":\"ImageObject\",\"inLanguage\":\"es\",\"@id\":\"https:\\\/\\\/centrourbano.com\\\/revista\\\/urbanismo\\\/gem-100-espacios-recuperados\\\/#primaryimage\",\"url\":\"https:\\\/\\\/centrourbano.com\\\/revista\\\/wp-content\\\/uploads\\\/espacios-recuperados.jpg\",\"contentUrl\":\"https:\\\/\\\/centrourbano.com\\\/revista\\\/wp-content\\\/uploads\\\/espacios-recuperados.jpg\",\"width\":800,\"height\":800,\"caption\":\"En este sexenio, GEM acumula 100 espacios recuperados en la entidad\"},{\"@type\":\"BreadcrumbList\",\"@id\":\"https:\\\/\\\/centrourbano.com\\\/revista\\\/urbanismo\\\/gem-100-espacios-recuperados\\\/#breadcrumb\",\"itemListElement\":[{\"@type\":\"ListItem\",\"position\":1,\"name\":\"Portada\",\"item\":\"https:\\\/\\\/centrourbano.com\\\/revista\\\/\"},{\"@type\":\"ListItem\",\"position\":2,\"name\":\"En este sexenio, GEM acumula 100 espacios recuperados en la entidad\"}]},{\"@type\":\"WebSite\",\"@id\":\"https:\\\/\\\/centrourbano.com\\\/revista\\\/#website\",\"url\":\"https:\\\/\\\/centrourbano.com\\\/revista\\\/\",\"name\":\"Centro Urbano\",\"description\":\"Medio especializado en los sectores vivienda, inmobiliario, construcci\u00f3n, arquitectura y urbanismo.\",\"publisher\":{\"@id\":\"https:\\\/\\\/centrourbano.com\\\/revista\\\/#organization\"},\"potentialAction\":[{\"@type\":\"SearchAction\",\"target\":{\"@type\":\"EntryPoint\",\"urlTemplate\":\"https:\\\/\\\/centrourbano.com\\\/revista\\\/?s={search_term_string}\"},\"query-input\":{\"@type\":\"PropertyValueSpecification\",\"valueRequired\":true,\"valueName\":\"search_term_string\"}}],\"inLanguage\":\"es\"},{\"@type\":\"Organization\",\"@id\":\"https:\\\/\\\/centrourbano.com\\\/revista\\\/#organization\",\"name\":\"Centro Urbano\",\"url\":\"https:\\\/\\\/centrourbano.com\\\/revista\\\/\",\"logo\":{\"@type\":\"ImageObject\",\"inLanguage\":\"es\",\"@id\":\"https:\\\/\\\/centrourbano.com\\\/revista\\\/#\\\/schema\\\/logo\\\/image\\\/\",\"url\":\"https:\\\/\\\/centrourbano.com\\\/revista\\\/wp-content\\\/uploads\\\/web_CU_logo-1.png\",\"contentUrl\":\"https:\\\/\\\/centrourbano.com\\\/revista\\\/wp-content\\\/uploads\\\/web_CU_logo-1.png\",\"width\":350,\"height\":91,\"caption\":\"Centro Urbano\"},\"image\":{\"@id\":\"https:\\\/\\\/centrourbano.com\\\/revista\\\/#\\\/schema\\\/logo\\\/image\\\/\"},\"sameAs\":[\"https:\\\/\\\/www.facebook.com\\\/portalcentrourbano\",\"https:\\\/\\\/x.com\\\/CentroUrbano\",\"https:\\\/\\\/www.instagram.com\\\/centro_urbano\\\/\",\"https:\\\/\\\/www.linkedin.com\\\/company\\\/centro-urbano\\\/\",\"http:\\\/\\\/www.youtube.com\\\/user\\\/portalcentrourbano\"]},{\"@type\":\"Person\",\"@id\":\"https:\\\/\\\/centrourbano.com\\\/revista\\\/#\\\/schema\\\/person\\\/c665f1c60da3ad48cd761a707b7090b0\",\"name\":\"Rebeca Romero\",\"image\":{\"@type\":\"ImageObject\",\"inLanguage\":\"es\",\"@id\":\"https:\\\/\\\/secure.gravatar.com\\\/avatar\\\/aee0068ae3cc041082e0e84a8258fe5ccc00a733f187bde73b0b40d86b892826?s=96&d=mm&r=g\",\"url\":\"https:\\\/\\\/secure.gravatar.com\\\/avatar\\\/aee0068ae3cc041082e0e84a8258fe5ccc00a733f187bde73b0b40d86b892826?s=96&d=mm&r=g\",\"contentUrl\":\"https:\\\/\\\/secure.gravatar.com\\\/avatar\\\/aee0068ae3cc041082e0e84a8258fe5ccc00a733f187bde73b0b40d86b892826?s=96&d=mm&r=g\",\"caption\":\"Rebeca Romero\"},\"url\":\"https:\\\/\\\/centrourbano.com\\\/revista\\\/author\\\/rebeca-romero\\\/\"}]}<\/script>\n<!-- \/ Yoast SEO plugin. -->","yoast_head_json":{"title":"En este sexenio, GEM acumula 100 espacios recuperados en la entidad -","description":"El GEM convirti\u00f3 los espacios recuperados en sitios con perspectiva de g\u00e9nero, funcionales y seguros Mediante la Secretar\u00eda de Desarrollo Urbano y Obra","robots":{"index":"index","follow":"follow","max-snippet":"max-snippet:-1","max-image-preview":"max-image-preview:large","max-video-preview":"max-video-preview:-1"},"canonical":"https:\/\/centrourbano.com\/revista\/urbanismo\/gem-100-espacios-recuperados\/","og_locale":"es_ES","og_type":"article","og_title":"En este sexenio, GEM acumula 100 espacios recuperados en la entidad -","og_description":"El GEM convirti\u00f3 los espacios recuperados en sitios con perspectiva de g\u00e9nero, funcionales y seguros Mediante la Secretar\u00eda de Desarrollo Urbano y Obra","og_url":"https:\/\/centrourbano.com\/revista\/urbanismo\/gem-100-espacios-recuperados\/","og_site_name":"Centro Urbano","article_publisher":"https:\/\/www.facebook.com\/portalcentrourbano","article_published_time":"2023-08-28T20:56:11+00:00","article_modified_time":"2023-08-28T20:57:10+00:00","og_image":[{"width":800,"height":800,"url":"https:\/\/centrourbano.com\/revista\/wp-content\/uploads\/espacios-recuperados.jpg","type":"image\/jpeg"}],"author":"Rebeca Romero","twitter_card":"summary_large_image","twitter_creator":"@CentroUrbano","twitter_site":"@CentroUrbano","twitter_misc":{"Escrito por":"Rebeca Romero","Tiempo de lectura":"2 minutos"},"schema":{"@context":"https:\/\/schema.org","@graph":[{"@type":"Article","@id":"https:\/\/centrourbano.com\/revista\/urbanismo\/gem-100-espacios-recuperados\/#article","isPartOf":{"@id":"https:\/\/centrourbano.com\/revista\/urbanismo\/gem-100-espacios-recuperados\/"},"author":{"name":"Rebeca Romero","@id":"https:\/\/centrourbano.com\/revista\/#\/schema\/person\/c665f1c60da3ad48cd761a707b7090b0"},"headline":"En este sexenio, GEM acumula 100 espacios recuperados en la entidad","datePublished":"2023-08-28T20:56:11+00:00","dateModified":"2023-08-28T20:57:10+00:00","mainEntityOfPage":{"@id":"https:\/\/centrourbano.com\/revista\/urbanismo\/gem-100-espacios-recuperados\/"},"wordCount":446,"commentCount":0,"publisher":{"@id":"https:\/\/centrourbano.com\/revista\/#organization"},"image":{"@id":"https:\/\/centrourbano.com\/revista\/urbanismo\/gem-100-espacios-recuperados\/#primaryimage"},"thumbnailUrl":"https:\/\/centrourbano.com\/revista\/wp-content\/uploads\/espacios-recuperados.jpg","keywords":["GEM","recuperaci\u00f3n de espacios"],"articleSection":["Urbanismo"],"inLanguage":"es","potentialAction":[{"@type":"CommentAction","name":"Comment","target":["https:\/\/centrourbano.com\/revista\/urbanismo\/gem-100-espacios-recuperados\/#respond"]}]},{"@type":"WebPage","@id":"https:\/\/centrourbano.com\/revista\/urbanismo\/gem-100-espacios-recuperados\/","url":"https:\/\/centrourbano.com\/revista\/urbanismo\/gem-100-espacios-recuperados\/","name":"En este sexenio, GEM acumula 100 espacios recuperados en la entidad -","isPartOf":{"@id":"https:\/\/centrourbano.com\/revista\/#website"},"primaryImageOfPage":{"@id":"https:\/\/centrourbano.com\/revista\/urbanismo\/gem-100-espacios-recuperados\/#primaryimage"},"image":{"@id":"https:\/\/centrourbano.com\/revista\/urbanismo\/gem-100-espacios-recuperados\/#primaryimage"},"thumbnailUrl":"https:\/\/centrourbano.com\/revista\/wp-content\/uploads\/espacios-recuperados.jpg","datePublished":"2023-08-28T20:56:11+00:00","dateModified":"2023-08-28T20:57:10+00:00","description":"El GEM convirti\u00f3 los espacios recuperados en sitios con perspectiva de g\u00e9nero, funcionales y seguros Mediante la Secretar\u00eda de Desarrollo Urbano y Obra","breadcrumb":{"@id":"https:\/\/centrourbano.com\/revista\/urbanismo\/gem-100-espacios-recuperados\/#breadcrumb"},"inLanguage":"es","potentialAction":[{"@type":"ReadAction","target":["https:\/\/centrourbano.com\/revista\/urbanismo\/gem-100-espacios-recuperados\/"]}]},{"@type":"ImageObject","inLanguage":"es","@id":"https:\/\/centrourbano.com\/revista\/urbanismo\/gem-100-espacios-recuperados\/#primaryimage","url":"https:\/\/centrourbano.com\/revista\/wp-content\/uploads\/espacios-recuperados.jpg","contentUrl":"https:\/\/centrourbano.com\/revista\/wp-content\/uploads\/espacios-recuperados.jpg","width":800,"height":800,"caption":"En este sexenio, GEM acumula 100 espacios recuperados en la entidad"},{"@type":"BreadcrumbList","@id":"https:\/\/centrourbano.com\/revista\/urbanismo\/gem-100-espacios-recuperados\/#breadcrumb","itemListElement":[{"@type":"ListItem","position":1,"name":"Portada","item":"https:\/\/centrourbano.com\/revista\/"},{"@type":"ListItem","position":2,"name":"En este sexenio, GEM acumula 100 espacios recuperados en la entidad"}]},{"@type":"WebSite","@id":"https:\/\/centrourbano.com\/revista\/#website","url":"https:\/\/centrourbano.com\/revista\/","name":"Centro Urbano","description":"Medio especializado en los sectores vivienda, inmobiliario, construcci\u00f3n, arquitectura y urbanismo.","publisher":{"@id":"https:\/\/centrourbano.com\/revista\/#organization"},"potentialAction":[{"@type":"SearchAction","target":{"@type":"EntryPoint","urlTemplate":"https:\/\/centrourbano.com\/revista\/?s={search_term_string}"},"query-input":{"@type":"PropertyValueSpecification","valueRequired":true,"valueName":"search_term_string"}}],"inLanguage":"es"},{"@type":"Organization","@id":"https:\/\/centrourbano.com\/revista\/#organization","name":"Centro Urbano","url":"https:\/\/centrourbano.com\/revista\/","logo":{"@type":"ImageObject","inLanguage":"es","@id":"https:\/\/centrourbano.com\/revista\/#\/schema\/logo\/image\/","url":"https:\/\/centrourbano.com\/revista\/wp-content\/uploads\/web_CU_logo-1.png","contentUrl":"https:\/\/centrourbano.com\/revista\/wp-content\/uploads\/web_CU_logo-1.png","width":350,"height":91,"caption":"Centro Urbano"},"image":{"@id":"https:\/\/centrourbano.com\/revista\/#\/schema\/logo\/image\/"},"sameAs":["https:\/\/www.facebook.com\/portalcentrourbano","https:\/\/x.com\/CentroUrbano","https:\/\/www.instagram.com\/centro_urbano\/","https:\/\/www.linkedin.com\/company\/centro-urbano\/","http:\/\/www.youtube.com\/user\/portalcentrourbano"]},{"@type":"Person","@id":"https:\/\/centrourbano.com\/revista\/#\/schema\/person\/c665f1c60da3ad48cd761a707b7090b0","name":"Rebeca Romero","image":{"@type":"ImageObject","inLanguage":"es","@id":"https:\/\/secure.gravatar.com\/avatar\/aee0068ae3cc041082e0e84a8258fe5ccc00a733f187bde73b0b40d86b892826?s=96&d=mm&r=g","url":"https:\/\/secure.gravatar.com\/avatar\/aee0068ae3cc041082e0e84a8258fe5ccc00a733f187bde73b0b40d86b892826?s=96&d=mm&r=g","contentUrl":"https:\/\/secure.gravatar.com\/avatar\/aee0068ae3cc041082e0e84a8258fe5ccc00a733f187bde73b0b40d86b892826?s=96&d=mm&r=g","caption":"Rebeca Romero"},"url":"https:\/\/centrourbano.com\/revista\/author\/rebeca-romero\/"}]}},"_links":{"self":[{"href":"https:\/\/centrourbano.com\/revista\/wp-json\/wp\/v2\/posts\/142423","targetHints":{"allow":["GET"]}}],"collection":[{"href":"https:\/\/centrourbano.com\/revista\/wp-json\/wp\/v2\/posts"}],"about":[{"href":"https:\/\/centrourbano.com\/revista\/wp-json\/wp\/v2\/types\/post"}],"author":[{"embeddable":true,"href":"https:\/\/centrourbano.com\/revista\/wp-json\/wp\/v2\/users\/88"}],"replies":[{"embeddable":true,"href":"https:\/\/centrourbano.com\/revista\/wp-json\/wp\/v2\/comments?post=142423"}],"version-history":[{"count":4,"href":"https:\/\/centrourbano.com\/revista\/wp-json\/wp\/v2\/posts\/142423\/revisions"}],"predecessor-version":[{"id":142428,"href":"https:\/\/centrourbano.com\/revista\/wp-json\/wp\/v2\/posts\/142423\/revisions\/142428"}],"wp:featuredmedia":[{"embeddable":true,"href":"https:\/\/centrourbano.com\/revista\/wp-json\/wp\/v2\/media\/142424"}],"wp:attachment":[{"href":"https:\/\/centrourbano.com\/revista\/wp-json\/wp\/v2\/media?parent=142423"}],"wp:term":[{"taxonomy":"category","embeddable":true,"href":"https:\/\/centrourbano.com\/revista\/wp-json\/wp\/v2\/categories?post=142423"},{"taxonomy":"post_tag","embeddable":true,"href":"https:\/\/centrourbano.com\/revista\/wp-json\/wp\/v2\/tags?post=142423"}],"curies":[{"name":"wp","href":"https:\/\/api.w.org\/{rel}","templated":true}]}}