{"id":142012,"date":"2023-08-10T13:55:39","date_gmt":"2023-08-10T19:55:39","guid":{"rendered":"https:\/\/centrourbano.com\/?p=142012"},"modified":"2023-08-10T13:59:37","modified_gmt":"2023-08-10T19:59:37","slug":"sedatu-autoproduccion-de-vivienda","status":"publish","type":"post","link":"https:\/\/centrourbano.com\/revista\/vivienda\/sedatu-autoproduccion-de-vivienda\/","title":{"rendered":"Sedatu aterrizar\u00e1 estrategia de autoproducci\u00f3n de vivienda con ayuntamientos"},"content":{"rendered":"<p><i>La Sedatu dio a conocer que ya comenzaron los primeros esfuerzos con los\u00a0municipios\u00a0de Ensenada, San Quint\u00edn, La Paz y Tar\u00edmbaro<\/i><!--more--><\/p>\n<p>La <strong>Estrategia de Autoproducci\u00f3n\u00a0de Vivienda<\/strong> que impulsa <strong>Sedatu<\/strong> tendr\u00e1 una vertiente de ejecuci\u00f3n a <strong>nivel municipal<\/strong>. El objetivo que se busca con esta visi\u00f3n, es que las acciones que se emprendan en la materia tengan un mayor <strong>alcance<\/strong> entre la poblaci\u00f3n mexicana.<\/p>\n<p>As\u00ed lo dio a conocer la Sedatu. A trav\u00e9s de un comunicado, el <a href=\"https:\/\/centrourbano.com\/?s=Sedatu\" target=\"_blank\" rel=\"noopener\">organismo<\/a> se\u00f1al\u00f3 que ya se comenzaron con los primeros esfuerzo en esta l\u00ednea, con lo que ya hay avance en el trabajo con algunos <strong>municipios<\/strong> en particular.<\/p>\n<p>El director general de Desarrollo Urbano, Suelo y Vivienda de la Sedatu, <strong>Francisco Javier Aguilar Garc\u00eda<\/strong>, explic\u00f3 que esta visi\u00f3n ya se comenz\u00f3 a implementar en municipios de Ensenada y San Quint\u00edn, <strong>Baja California<\/strong>; La Paz y Los Cabos, <strong>Baja California Sur<\/strong>; y Tar\u00edmbaro, <strong>Michoac\u00e1n<\/strong>.<\/p>\n<blockquote><p>\u201cRecordemos que en M\u00e9xico cerca del 57% de las viviendas se han autoproducido, por lo que la Estrategia Nacional de Autoproducci\u00f3n de Vivienda tiene como objetivo fortalecer este proceso para que las y los mexicanos accedan a este derecho y se construyan m\u00e1s viviendas de calidad\u201d, destac\u00f3 el funcionario.<\/p><\/blockquote>\n<h2>Suma de esfuerzos en torno a la autoproducci\u00f3n de vivienda<\/h2>\n<p>El funcionario record\u00f3 que en torno a la Estrategia de Autoproducci\u00f3n, la <a href=\"https:\/\/www.gob.mx\/sedatu\" target=\"_blank\" rel=\"noopener\">Secretar\u00eda<\/a> ha impulsado el dialogo con los <strong>tres niveles de gobierno<\/strong>. El objetivo de esta suma de esfuerzos, se\u00f1al\u00f3, es realizar reuniones de trabajo en aras de \u201cdeterminar diversas <strong>problem\u00e1ticas<\/strong> en el territorio, <strong>dise\u00f1ar<\/strong> estrategias de atenci\u00f3n e <strong>identificar<\/strong> actores para fortalecer el proceso de toma de decisiones de las familias que deciden autoproducir sus viviendas\u201d.<\/p>\n<p>De acuerdo con la Sedatu, esta primera ronda de trabajo con los municipios de Ensenada, San Quint\u00edn, La Paz y Tar\u00edmbaro se realizar\u00e1 hasta enero de 2024. Lo que se busca, indic\u00f3 el organismo, es <strong>implementar<\/strong> acciones en la materia en el corto plazo, as\u00ed como promover el desarrollo territorial a nivel local, a mediano y largo plazo.<\/p>\n","protected":false},"excerpt":{"rendered":"<p>La Sedatu dio a conocer que ya comenzaron los primeros esfuerzos con los\u00a0municipios\u00a0de Ensenada, San Quint\u00edn, La Paz y Tar\u00edmbaro&#8230; Sedatu aterrizar\u00e1 estrategia de autoproducci\u00f3n de vivienda con ayuntamientos<\/p>\n","protected":false},"author":77,"featured_media":142013,"comment_status":"open","ping_status":"closed","sticky":false,"template":"","format":"standard","meta":{"inline_featured_image":false,"footnotes":""},"categories":[12],"tags":[7587,8816,105,60],"class_list":["post-142012","post","type-post","status-publish","format-standard","has-post-thumbnail","hentry","category-vivienda","tag-autoproduccion","tag-autoproduccion-de-vivienda","tag-sedatu","tag-vivienda-2"],"yoast_head":"<!-- This site is optimized with the Yoast SEO plugin v28.4 - https:\/\/yoast.com\/product\/yoast-seo-wordpress\/ -->\n<title>Sedatu aterrizar\u00e1 estrategia de autoproducci\u00f3n de vivienda con ayuntamientos -<\/title>\n<meta name=\"description\" content=\"La Sedatu dio a conocer que ya comenzaron los primeros esfuerzos con los\u00a0municipios\u00a0de Ensenada, San Quint\u00edn, La Paz y Tar\u00edmbaro... Sedatu aterrizar\u00e1 estrategia de autoproducci\u00f3n de vivienda con ayuntamientos\" \/>\n<meta name=\"robots\" content=\"index, follow, max-snippet:-1, max-image-preview:large, max-video-preview:-1\" \/>\n<link rel=\"canonical\" href=\"https:\/\/centrourbano.com\/revista\/vivienda\/sedatu-autoproduccion-de-vivienda\/\" \/>\n<meta property=\"og:locale\" content=\"es_ES\" \/>\n<meta property=\"og:type\" content=\"article\" \/>\n<meta property=\"og:title\" content=\"Sedatu aterrizar\u00e1 estrategia de autoproducci\u00f3n de vivienda con ayuntamientos -\" \/>\n<meta property=\"og:description\" content=\"La Sedatu dio a conocer que ya comenzaron los primeros esfuerzos con los\u00a0municipios\u00a0de Ensenada, San Quint\u00edn, La Paz y Tar\u00edmbaro... Sedatu aterrizar\u00e1 estrategia de autoproducci\u00f3n de vivienda con ayuntamientos\" \/>\n<meta property=\"og:url\" content=\"https:\/\/centrourbano.com\/revista\/vivienda\/sedatu-autoproduccion-de-vivienda\/\" \/>\n<meta property=\"og:site_name\" content=\"Centro Urbano\" \/>\n<meta property=\"article:publisher\" content=\"https:\/\/www.facebook.com\/portalcentrourbano\" \/>\n<meta property=\"article:published_time\" content=\"2023-08-10T19:55:39+00:00\" \/>\n<meta property=\"article:modified_time\" content=\"2023-08-10T19:59:37+00:00\" \/>\n<meta property=\"og:image\" content=\"https:\/\/centrourbano.com\/revista\/wp-content\/uploads\/Sedatu-aterrizara-estrategia-de-autoproduccion-de-vivienda-con-ayuntamientos.jpg\" \/>\n\t<meta property=\"og:image:width\" content=\"900\" \/>\n\t<meta property=\"og:image:height\" content=\"900\" \/>\n\t<meta property=\"og:image:type\" content=\"image\/jpeg\" \/>\n<meta name=\"author\" content=\"G4A\" \/>\n<meta name=\"twitter:card\" content=\"summary_large_image\" \/>\n<meta name=\"twitter:creator\" content=\"@CentroUrbano\" \/>\n<meta name=\"twitter:site\" content=\"@CentroUrbano\" \/>\n<meta name=\"twitter:label1\" content=\"Escrito por\" \/>\n\t<meta name=\"twitter:data1\" content=\"G4A\" \/>\n\t<meta name=\"twitter:label2\" content=\"Tiempo de lectura\" \/>\n\t<meta name=\"twitter:data2\" content=\"2 minutos\" \/>\n<script type=\"application\/ld+json\" class=\"yoast-schema-graph\">{\"@context\":\"https:\\\/\\\/schema.org\",\"@graph\":[{\"@type\":\"Article\",\"@id\":\"https:\\\/\\\/centrourbano.com\\\/revista\\\/vivienda\\\/sedatu-autoproduccion-de-vivienda\\\/#article\",\"isPartOf\":{\"@id\":\"https:\\\/\\\/centrourbano.com\\\/revista\\\/vivienda\\\/sedatu-autoproduccion-de-vivienda\\\/\"},\"author\":{\"name\":\"G4A\",\"@id\":\"https:\\\/\\\/centrourbano.com\\\/revista\\\/#\\\/schema\\\/person\\\/370fa0ba2d8dd5bde3fdb8b62ad360aa\"},\"headline\":\"Sedatu aterrizar\u00e1 estrategia de autoproducci\u00f3n de vivienda con ayuntamientos\",\"datePublished\":\"2023-08-10T19:55:39+00:00\",\"dateModified\":\"2023-08-10T19:59:37+00:00\",\"mainEntityOfPage\":{\"@id\":\"https:\\\/\\\/centrourbano.com\\\/revista\\\/vivienda\\\/sedatu-autoproduccion-de-vivienda\\\/\"},\"wordCount\":369,\"commentCount\":0,\"publisher\":{\"@id\":\"https:\\\/\\\/centrourbano.com\\\/revista\\\/#organization\"},\"image\":{\"@id\":\"https:\\\/\\\/centrourbano.com\\\/revista\\\/vivienda\\\/sedatu-autoproduccion-de-vivienda\\\/#primaryimage\"},\"thumbnailUrl\":\"https:\\\/\\\/centrourbano.com\\\/revista\\\/wp-content\\\/uploads\\\/Sedatu-aterrizara-estrategia-de-autoproduccion-de-vivienda-con-ayuntamientos.jpg\",\"keywords\":[\"autoproducci\u00f3n\",\"autoproducci\u00f3n de vivienda\",\"Sedatu\",\"vivienda\"],\"articleSection\":[\"Vivienda\"],\"inLanguage\":\"es\"},{\"@type\":\"WebPage\",\"@id\":\"https:\\\/\\\/centrourbano.com\\\/revista\\\/vivienda\\\/sedatu-autoproduccion-de-vivienda\\\/\",\"url\":\"https:\\\/\\\/centrourbano.com\\\/revista\\\/vivienda\\\/sedatu-autoproduccion-de-vivienda\\\/\",\"name\":\"Sedatu aterrizar\u00e1 estrategia de autoproducci\u00f3n de vivienda con ayuntamientos -\",\"isPartOf\":{\"@id\":\"https:\\\/\\\/centrourbano.com\\\/revista\\\/#website\"},\"primaryImageOfPage\":{\"@id\":\"https:\\\/\\\/centrourbano.com\\\/revista\\\/vivienda\\\/sedatu-autoproduccion-de-vivienda\\\/#primaryimage\"},\"image\":{\"@id\":\"https:\\\/\\\/centrourbano.com\\\/revista\\\/vivienda\\\/sedatu-autoproduccion-de-vivienda\\\/#primaryimage\"},\"thumbnailUrl\":\"https:\\\/\\\/centrourbano.com\\\/revista\\\/wp-content\\\/uploads\\\/Sedatu-aterrizara-estrategia-de-autoproduccion-de-vivienda-con-ayuntamientos.jpg\",\"datePublished\":\"2023-08-10T19:55:39+00:00\",\"dateModified\":\"2023-08-10T19:59:37+00:00\",\"description\":\"La Sedatu dio a conocer que ya comenzaron los primeros esfuerzos con los\u00a0municipios\u00a0de Ensenada, San Quint\u00edn, La Paz y Tar\u00edmbaro... Sedatu aterrizar\u00e1 estrategia de autoproducci\u00f3n de vivienda con ayuntamientos\",\"breadcrumb\":{\"@id\":\"https:\\\/\\\/centrourbano.com\\\/revista\\\/vivienda\\\/sedatu-autoproduccion-de-vivienda\\\/#breadcrumb\"},\"inLanguage\":\"es\",\"potentialAction\":[{\"@type\":\"ReadAction\",\"target\":[\"https:\\\/\\\/centrourbano.com\\\/revista\\\/vivienda\\\/sedatu-autoproduccion-de-vivienda\\\/\"]}]},{\"@type\":\"ImageObject\",\"inLanguage\":\"es\",\"@id\":\"https:\\\/\\\/centrourbano.com\\\/revista\\\/vivienda\\\/sedatu-autoproduccion-de-vivienda\\\/#primaryimage\",\"url\":\"https:\\\/\\\/centrourbano.com\\\/revista\\\/wp-content\\\/uploads\\\/Sedatu-aterrizara-estrategia-de-autoproduccion-de-vivienda-con-ayuntamientos.jpg\",\"contentUrl\":\"https:\\\/\\\/centrourbano.com\\\/revista\\\/wp-content\\\/uploads\\\/Sedatu-aterrizara-estrategia-de-autoproduccion-de-vivienda-con-ayuntamientos.jpg\",\"width\":900,\"height\":900,\"caption\":\"Sedatu aterrizar\u00e1 estrategia de autoproducci\u00f3n de vivienda con ayuntamientos\"},{\"@type\":\"BreadcrumbList\",\"@id\":\"https:\\\/\\\/centrourbano.com\\\/revista\\\/vivienda\\\/sedatu-autoproduccion-de-vivienda\\\/#breadcrumb\",\"itemListElement\":[{\"@type\":\"ListItem\",\"position\":1,\"name\":\"Portada\",\"item\":\"https:\\\/\\\/centrourbano.com\\\/revista\\\/\"},{\"@type\":\"ListItem\",\"position\":2,\"name\":\"Sedatu aterrizar\u00e1 estrategia de autoproducci\u00f3n de vivienda con ayuntamientos\"}]},{\"@type\":\"WebSite\",\"@id\":\"https:\\\/\\\/centrourbano.com\\\/revista\\\/#website\",\"url\":\"https:\\\/\\\/centrourbano.com\\\/revista\\\/\",\"name\":\"Centro Urbano\",\"description\":\"Medio especializado en los sectores vivienda, inmobiliario, construcci\u00f3n, arquitectura y urbanismo.\",\"publisher\":{\"@id\":\"https:\\\/\\\/centrourbano.com\\\/revista\\\/#organization\"},\"potentialAction\":[{\"@type\":\"SearchAction\",\"target\":{\"@type\":\"EntryPoint\",\"urlTemplate\":\"https:\\\/\\\/centrourbano.com\\\/revista\\\/?s={search_term_string}\"},\"query-input\":{\"@type\":\"PropertyValueSpecification\",\"valueRequired\":true,\"valueName\":\"search_term_string\"}}],\"inLanguage\":\"es\"},{\"@type\":\"Organization\",\"@id\":\"https:\\\/\\\/centrourbano.com\\\/revista\\\/#organization\",\"name\":\"Centro Urbano\",\"url\":\"https:\\\/\\\/centrourbano.com\\\/revista\\\/\",\"logo\":{\"@type\":\"ImageObject\",\"inLanguage\":\"es\",\"@id\":\"https:\\\/\\\/centrourbano.com\\\/revista\\\/#\\\/schema\\\/logo\\\/image\\\/\",\"url\":\"https:\\\/\\\/centrourbano.com\\\/revista\\\/wp-content\\\/uploads\\\/web_CU_logo-1.png\",\"contentUrl\":\"https:\\\/\\\/centrourbano.com\\\/revista\\\/wp-content\\\/uploads\\\/web_CU_logo-1.png\",\"width\":350,\"height\":91,\"caption\":\"Centro Urbano\"},\"image\":{\"@id\":\"https:\\\/\\\/centrourbano.com\\\/revista\\\/#\\\/schema\\\/logo\\\/image\\\/\"},\"sameAs\":[\"https:\\\/\\\/www.facebook.com\\\/portalcentrourbano\",\"https:\\\/\\\/x.com\\\/CentroUrbano\",\"https:\\\/\\\/www.instagram.com\\\/centro_urbano\\\/\",\"https:\\\/\\\/www.linkedin.com\\\/company\\\/centro-urbano\\\/\",\"http:\\\/\\\/www.youtube.com\\\/user\\\/portalcentrourbano\"]},{\"@type\":\"Person\",\"@id\":\"https:\\\/\\\/centrourbano.com\\\/revista\\\/#\\\/schema\\\/person\\\/370fa0ba2d8dd5bde3fdb8b62ad360aa\",\"name\":\"G4A\",\"image\":{\"@type\":\"ImageObject\",\"inLanguage\":\"es\",\"@id\":\"https:\\\/\\\/secure.gravatar.com\\\/avatar\\\/932a97121b13d5de5bbd8193c6c83d3b92c9eda0f39623607d4280e7a5778d97?s=96&d=mm&r=g\",\"url\":\"https:\\\/\\\/secure.gravatar.com\\\/avatar\\\/932a97121b13d5de5bbd8193c6c83d3b92c9eda0f39623607d4280e7a5778d97?s=96&d=mm&r=g\",\"contentUrl\":\"https:\\\/\\\/secure.gravatar.com\\\/avatar\\\/932a97121b13d5de5bbd8193c6c83d3b92c9eda0f39623607d4280e7a5778d97?s=96&d=mm&r=g\",\"caption\":\"G4A\"},\"url\":\"https:\\\/\\\/centrourbano.com\\\/revista\\\/author\\\/admin-g4a\\\/\"}]}<\/script>\n<!-- \/ Yoast SEO plugin. -->","yoast_head_json":{"title":"Sedatu aterrizar\u00e1 estrategia de autoproducci\u00f3n de vivienda con ayuntamientos -","description":"La Sedatu dio a conocer que ya comenzaron los primeros esfuerzos con los\u00a0municipios\u00a0de Ensenada, San Quint\u00edn, La Paz y Tar\u00edmbaro... Sedatu aterrizar\u00e1 estrategia de autoproducci\u00f3n de vivienda con ayuntamientos","robots":{"index":"index","follow":"follow","max-snippet":"max-snippet:-1","max-image-preview":"max-image-preview:large","max-video-preview":"max-video-preview:-1"},"canonical":"https:\/\/centrourbano.com\/revista\/vivienda\/sedatu-autoproduccion-de-vivienda\/","og_locale":"es_ES","og_type":"article","og_title":"Sedatu aterrizar\u00e1 estrategia de autoproducci\u00f3n de vivienda con ayuntamientos -","og_description":"La Sedatu dio a conocer que ya comenzaron los primeros esfuerzos con los\u00a0municipios\u00a0de Ensenada, San Quint\u00edn, La Paz y Tar\u00edmbaro... Sedatu aterrizar\u00e1 estrategia de autoproducci\u00f3n de vivienda con ayuntamientos","og_url":"https:\/\/centrourbano.com\/revista\/vivienda\/sedatu-autoproduccion-de-vivienda\/","og_site_name":"Centro Urbano","article_publisher":"https:\/\/www.facebook.com\/portalcentrourbano","article_published_time":"2023-08-10T19:55:39+00:00","article_modified_time":"2023-08-10T19:59:37+00:00","og_image":[{"width":900,"height":900,"url":"https:\/\/centrourbano.com\/revista\/wp-content\/uploads\/Sedatu-aterrizara-estrategia-de-autoproduccion-de-vivienda-con-ayuntamientos.jpg","type":"image\/jpeg"}],"author":"G4A","twitter_card":"summary_large_image","twitter_creator":"@CentroUrbano","twitter_site":"@CentroUrbano","twitter_misc":{"Escrito por":"G4A","Tiempo de lectura":"2 minutos"},"schema":{"@context":"https:\/\/schema.org","@graph":[{"@type":"Article","@id":"https:\/\/centrourbano.com\/revista\/vivienda\/sedatu-autoproduccion-de-vivienda\/#article","isPartOf":{"@id":"https:\/\/centrourbano.com\/revista\/vivienda\/sedatu-autoproduccion-de-vivienda\/"},"author":{"name":"G4A","@id":"https:\/\/centrourbano.com\/revista\/#\/schema\/person\/370fa0ba2d8dd5bde3fdb8b62ad360aa"},"headline":"Sedatu aterrizar\u00e1 estrategia de autoproducci\u00f3n de vivienda con ayuntamientos","datePublished":"2023-08-10T19:55:39+00:00","dateModified":"2023-08-10T19:59:37+00:00","mainEntityOfPage":{"@id":"https:\/\/centrourbano.com\/revista\/vivienda\/sedatu-autoproduccion-de-vivienda\/"},"wordCount":369,"commentCount":0,"publisher":{"@id":"https:\/\/centrourbano.com\/revista\/#organization"},"image":{"@id":"https:\/\/centrourbano.com\/revista\/vivienda\/sedatu-autoproduccion-de-vivienda\/#primaryimage"},"thumbnailUrl":"https:\/\/centrourbano.com\/revista\/wp-content\/uploads\/Sedatu-aterrizara-estrategia-de-autoproduccion-de-vivienda-con-ayuntamientos.jpg","keywords":["autoproducci\u00f3n","autoproducci\u00f3n de vivienda","Sedatu","vivienda"],"articleSection":["Vivienda"],"inLanguage":"es"},{"@type":"WebPage","@id":"https:\/\/centrourbano.com\/revista\/vivienda\/sedatu-autoproduccion-de-vivienda\/","url":"https:\/\/centrourbano.com\/revista\/vivienda\/sedatu-autoproduccion-de-vivienda\/","name":"Sedatu aterrizar\u00e1 estrategia de autoproducci\u00f3n de vivienda con ayuntamientos -","isPartOf":{"@id":"https:\/\/centrourbano.com\/revista\/#website"},"primaryImageOfPage":{"@id":"https:\/\/centrourbano.com\/revista\/vivienda\/sedatu-autoproduccion-de-vivienda\/#primaryimage"},"image":{"@id":"https:\/\/centrourbano.com\/revista\/vivienda\/sedatu-autoproduccion-de-vivienda\/#primaryimage"},"thumbnailUrl":"https:\/\/centrourbano.com\/revista\/wp-content\/uploads\/Sedatu-aterrizara-estrategia-de-autoproduccion-de-vivienda-con-ayuntamientos.jpg","datePublished":"2023-08-10T19:55:39+00:00","dateModified":"2023-08-10T19:59:37+00:00","description":"La Sedatu dio a conocer que ya comenzaron los primeros esfuerzos con los\u00a0municipios\u00a0de Ensenada, San Quint\u00edn, La Paz y Tar\u00edmbaro... Sedatu aterrizar\u00e1 estrategia de autoproducci\u00f3n de vivienda con ayuntamientos","breadcrumb":{"@id":"https:\/\/centrourbano.com\/revista\/vivienda\/sedatu-autoproduccion-de-vivienda\/#breadcrumb"},"inLanguage":"es","potentialAction":[{"@type":"ReadAction","target":["https:\/\/centrourbano.com\/revista\/vivienda\/sedatu-autoproduccion-de-vivienda\/"]}]},{"@type":"ImageObject","inLanguage":"es","@id":"https:\/\/centrourbano.com\/revista\/vivienda\/sedatu-autoproduccion-de-vivienda\/#primaryimage","url":"https:\/\/centrourbano.com\/revista\/wp-content\/uploads\/Sedatu-aterrizara-estrategia-de-autoproduccion-de-vivienda-con-ayuntamientos.jpg","contentUrl":"https:\/\/centrourbano.com\/revista\/wp-content\/uploads\/Sedatu-aterrizara-estrategia-de-autoproduccion-de-vivienda-con-ayuntamientos.jpg","width":900,"height":900,"caption":"Sedatu aterrizar\u00e1 estrategia de autoproducci\u00f3n de vivienda con ayuntamientos"},{"@type":"BreadcrumbList","@id":"https:\/\/centrourbano.com\/revista\/vivienda\/sedatu-autoproduccion-de-vivienda\/#breadcrumb","itemListElement":[{"@type":"ListItem","position":1,"name":"Portada","item":"https:\/\/centrourbano.com\/revista\/"},{"@type":"ListItem","position":2,"name":"Sedatu aterrizar\u00e1 estrategia de autoproducci\u00f3n de vivienda con ayuntamientos"}]},{"@type":"WebSite","@id":"https:\/\/centrourbano.com\/revista\/#website","url":"https:\/\/centrourbano.com\/revista\/","name":"Centro Urbano","description":"Medio especializado en los sectores vivienda, inmobiliario, construcci\u00f3n, arquitectura y urbanismo.","publisher":{"@id":"https:\/\/centrourbano.com\/revista\/#organization"},"potentialAction":[{"@type":"SearchAction","target":{"@type":"EntryPoint","urlTemplate":"https:\/\/centrourbano.com\/revista\/?s={search_term_string}"},"query-input":{"@type":"PropertyValueSpecification","valueRequired":true,"valueName":"search_term_string"}}],"inLanguage":"es"},{"@type":"Organization","@id":"https:\/\/centrourbano.com\/revista\/#organization","name":"Centro Urbano","url":"https:\/\/centrourbano.com\/revista\/","logo":{"@type":"ImageObject","inLanguage":"es","@id":"https:\/\/centrourbano.com\/revista\/#\/schema\/logo\/image\/","url":"https:\/\/centrourbano.com\/revista\/wp-content\/uploads\/web_CU_logo-1.png","contentUrl":"https:\/\/centrourbano.com\/revista\/wp-content\/uploads\/web_CU_logo-1.png","width":350,"height":91,"caption":"Centro Urbano"},"image":{"@id":"https:\/\/centrourbano.com\/revista\/#\/schema\/logo\/image\/"},"sameAs":["https:\/\/www.facebook.com\/portalcentrourbano","https:\/\/x.com\/CentroUrbano","https:\/\/www.instagram.com\/centro_urbano\/","https:\/\/www.linkedin.com\/company\/centro-urbano\/","http:\/\/www.youtube.com\/user\/portalcentrourbano"]},{"@type":"Person","@id":"https:\/\/centrourbano.com\/revista\/#\/schema\/person\/370fa0ba2d8dd5bde3fdb8b62ad360aa","name":"G4A","image":{"@type":"ImageObject","inLanguage":"es","@id":"https:\/\/secure.gravatar.com\/avatar\/932a97121b13d5de5bbd8193c6c83d3b92c9eda0f39623607d4280e7a5778d97?s=96&d=mm&r=g","url":"https:\/\/secure.gravatar.com\/avatar\/932a97121b13d5de5bbd8193c6c83d3b92c9eda0f39623607d4280e7a5778d97?s=96&d=mm&r=g","contentUrl":"https:\/\/secure.gravatar.com\/avatar\/932a97121b13d5de5bbd8193c6c83d3b92c9eda0f39623607d4280e7a5778d97?s=96&d=mm&r=g","caption":"G4A"},"url":"https:\/\/centrourbano.com\/revista\/author\/admin-g4a\/"}]}},"_links":{"self":[{"href":"https:\/\/centrourbano.com\/revista\/wp-json\/wp\/v2\/posts\/142012","targetHints":{"allow":["GET"]}}],"collection":[{"href":"https:\/\/centrourbano.com\/revista\/wp-json\/wp\/v2\/posts"}],"about":[{"href":"https:\/\/centrourbano.com\/revista\/wp-json\/wp\/v2\/types\/post"}],"author":[{"embeddable":true,"href":"https:\/\/centrourbano.com\/revista\/wp-json\/wp\/v2\/users\/77"}],"replies":[{"embeddable":true,"href":"https:\/\/centrourbano.com\/revista\/wp-json\/wp\/v2\/comments?post=142012"}],"version-history":[{"count":4,"href":"https:\/\/centrourbano.com\/revista\/wp-json\/wp\/v2\/posts\/142012\/revisions"}],"predecessor-version":[{"id":142017,"href":"https:\/\/centrourbano.com\/revista\/wp-json\/wp\/v2\/posts\/142012\/revisions\/142017"}],"wp:featuredmedia":[{"embeddable":true,"href":"https:\/\/centrourbano.com\/revista\/wp-json\/wp\/v2\/media\/142013"}],"wp:attachment":[{"href":"https:\/\/centrourbano.com\/revista\/wp-json\/wp\/v2\/media?parent=142012"}],"wp:term":[{"taxonomy":"category","embeddable":true,"href":"https:\/\/centrourbano.com\/revista\/wp-json\/wp\/v2\/categories?post=142012"},{"taxonomy":"post_tag","embeddable":true,"href":"https:\/\/centrourbano.com\/revista\/wp-json\/wp\/v2\/tags?post=142012"}],"curies":[{"name":"wp","href":"https:\/\/api.w.org\/{rel}","templated":true}]}}