{"id":141787,"date":"2023-08-03T19:08:42","date_gmt":"2023-08-04T01:08:42","guid":{"rendered":"https:\/\/centrourbano.com\/?p=141787"},"modified":"2023-08-03T19:08:42","modified_gmt":"2023-08-04T01:08:42","slug":"tendencias-del-sector-turistico","status":"publish","type":"post","link":"https:\/\/centrourbano.com\/revista\/urbanismo\/tendencias-del-sector-turistico\/","title":{"rendered":"Tendencias del sector tur\u00edstico para el 1S2023"},"content":{"rendered":"<p><em>Durante el 1S2023 los clientes\u00a0se mostraron m\u00e1s conscientes del impacto ambiental de sus viajes, por ello una de las tendencias del sector tur\u00edstico es el turismo sostenible<\/em><!--more--><\/p>\n<p>El turismo ha demostrado que puede adaptarse a diversos cambios y desaf\u00edos que pueden presentarse. Ejemplo de ello es que, <a href=\"https:\/\/centrourbano.com\/publicaciones\/turismo-despues-de-la-pandemia\/\" target=\"_blank\" rel=\"noopener\">despu\u00e9s de la pandemia<\/a> por Covid-19, el mercado ha presentado una recuperaci\u00f3n gradual y sostenible satisfacer, la cual se ha ajustado a las nuevas demandas del p\u00fablico, por ello, el cierre del primer semestre (1S) del 2023, trajo consigo las tendencias del sector tur\u00edstico durante el resto del a\u00f1o.<\/p>\n<p>En ese sentido, <a href=\"https:\/\/viajesitzaa.com\/\" target=\"_blank\" rel=\"noopener\">Viajes Itzaa<\/a>, agencia de viajes se\u00f1al\u00f3 que una de las principales tendencias son los viajes cortos, de alrededor de una semana. Lo cual, de acuerdo Jeannette Guevara, directora de la empresa, orilla al sector a generar ofertas de viajes concisos y opciones distintas.<\/p>\n<blockquote><p>\u201cEsta tendencia nos obliga a ofrecer paquetes m\u00e1s completos y personalizados, que incluyan diferentes tipos de experiencias, como culturales, ecol\u00f3gicas, gastron\u00f3micas, de aventura, etc. Tambi\u00e9n nos obliga a ofrecer descuentos o beneficios por reservas anticipadas o de larga duraci\u00f3n, para fidelizar a nuestros clientes\u201d, coment\u00f3.<\/p><\/blockquote>\n<p>Acerca de los destinos, la agencia se\u00f1al\u00f3 que los turistas se inclinan por conocer descubrir nuevos destinos, alejados de las masas y los lugares m\u00e1s populares; adem\u00e1s de que los clientes tambi\u00e9n buscan con mayor frecuencia destinos nuevos y alternativos.<\/p>\n<h2>Otras tendencias del sector tur\u00edstico<\/h2>\n<p>Por otra parte, Viajes Itzaa indic\u00f3 que durante el 1S del 2023 los<strong> turistas<\/strong> se mostraron m\u00e1s <strong>conscientes del impacto ambiental<\/strong>, social y econ\u00f3mico de sus viajes; por ello, las personas cada vez m\u00e1s minimicen su huella ecol\u00f3gica. Lo cual ha impulsado la <strong>sostenibilidad en el turismo. <\/strong>Por ejemplo, el uso de transportes ecol\u00f3gicos,<strong> alojamientos y servicios con criterios ambientales<\/strong> y sociales, as\u00ed como la disponibilidad de experiencias que pongan en valor el patrimonio natural y cultural.<\/p>\n<p>En otros temas, turismo digital e inteligente es otra de las <strong>tendencias del sector tur\u00edstico que se encuentran en crecimiento<\/strong>. Cada vez es m\u00e1s frecuente el uso de la tecnolog\u00eda para planificar, reservar y compartir viajes; ya que el 67% de los viajeros planea reservar actividades y actividades online, y el 54% planea utilizar plataformas durante su viaje.<\/p>\n<p>De modo que los <strong>proveedores de actividades y servicios deben considerar implementar herramientas tecnol\u00f3gicas<\/strong> y mejorar su promoci\u00f3n, gesti\u00f3n y atenci\u00f3n al cliente mediante medios digitales. Adem\u00e1s de contar con diversas plataformas de contacto, como apps, p\u00e1gina web, redes sociales y dem\u00e1s.<\/p>\n","protected":false},"excerpt":{"rendered":"<p>Durante el 1S2023 los clientes\u00a0se mostraron m\u00e1s conscientes del impacto ambiental de sus viajes, por ello una de las tendencias del sector tur\u00edstico es el turismo sostenible<\/p>\n","protected":false},"author":88,"featured_media":141788,"comment_status":"open","ping_status":"closed","sticky":false,"template":"","format":"standard","meta":{"om_disable_all_campaigns":false,"inline_featured_image":false,"_monsterinsights_skip_tracking":false,"_monsterinsights_sitenote_active":false,"_monsterinsights_sitenote_note":"","_monsterinsights_sitenote_category":0,"footnotes":""},"categories":[82],"tags":[12407],"class_list":["post-141787","post","type-post","status-publish","format-standard","has-post-thumbnail","hentry","category-urbanismo","tag-sector-turistico"],"yoast_head":"<!-- This site is optimized with the Yoast SEO plugin v27.4 - https:\/\/yoast.com\/product\/yoast-seo-wordpress\/ -->\n<title>Tendencias del sector tur\u00edstico para el 1S2023 -<\/title>\n<meta name=\"description\" content=\"Durante el 1S2023 los clientes\u00a0se mostraron m\u00e1s conscientes del impacto ambiental de sus viajes, por ello una de las tendencias del sector tur\u00edstico es el\" \/>\n<meta name=\"robots\" content=\"index, follow, max-snippet:-1, max-image-preview:large, max-video-preview:-1\" \/>\n<link rel=\"canonical\" href=\"https:\/\/centrourbano.com\/revista\/urbanismo\/tendencias-del-sector-turistico\/\" \/>\n<meta property=\"og:locale\" content=\"es_ES\" \/>\n<meta property=\"og:type\" content=\"article\" \/>\n<meta property=\"og:title\" content=\"Tendencias del sector tur\u00edstico para el 1S2023 -\" \/>\n<meta property=\"og:description\" content=\"Durante el 1S2023 los clientes\u00a0se mostraron m\u00e1s conscientes del impacto ambiental de sus viajes, por ello una de las tendencias del sector tur\u00edstico es el\" \/>\n<meta property=\"og:url\" content=\"https:\/\/centrourbano.com\/revista\/urbanismo\/tendencias-del-sector-turistico\/\" \/>\n<meta property=\"og:site_name\" content=\"Centro Urbano\" \/>\n<meta property=\"article:publisher\" content=\"https:\/\/www.facebook.com\/portalcentrourbano\" \/>\n<meta property=\"article:published_time\" content=\"2023-08-04T01:08:42+00:00\" \/>\n<meta property=\"og:image\" content=\"https:\/\/centrourbano.com\/revista\/wp-content\/uploads\/800-lacandona.jpg\" \/>\n\t<meta property=\"og:image:width\" content=\"800\" \/>\n\t<meta property=\"og:image:height\" content=\"800\" \/>\n\t<meta property=\"og:image:type\" content=\"image\/jpeg\" \/>\n<meta name=\"author\" content=\"Rebeca Romero\" \/>\n<meta name=\"twitter:card\" content=\"summary_large_image\" \/>\n<meta name=\"twitter:creator\" content=\"@CentroUrbano\" \/>\n<meta name=\"twitter:site\" content=\"@CentroUrbano\" \/>\n<meta name=\"twitter:label1\" content=\"Escrito por\" \/>\n\t<meta name=\"twitter:data1\" content=\"Rebeca Romero\" \/>\n\t<meta name=\"twitter:label2\" content=\"Tiempo de lectura\" \/>\n\t<meta name=\"twitter:data2\" content=\"2 minutos\" \/>\n<script type=\"application\/ld+json\" class=\"yoast-schema-graph\">{\"@context\":\"https:\\\/\\\/schema.org\",\"@graph\":[{\"@type\":\"Article\",\"@id\":\"https:\\\/\\\/centrourbano.com\\\/revista\\\/urbanismo\\\/tendencias-del-sector-turistico\\\/#article\",\"isPartOf\":{\"@id\":\"https:\\\/\\\/centrourbano.com\\\/revista\\\/urbanismo\\\/tendencias-del-sector-turistico\\\/\"},\"author\":{\"name\":\"Rebeca Romero\",\"@id\":\"https:\\\/\\\/centrourbano.com\\\/revista\\\/#\\\/schema\\\/person\\\/c665f1c60da3ad48cd761a707b7090b0\"},\"headline\":\"Tendencias del sector tur\u00edstico para el 1S2023\",\"datePublished\":\"2023-08-04T01:08:42+00:00\",\"mainEntityOfPage\":{\"@id\":\"https:\\\/\\\/centrourbano.com\\\/revista\\\/urbanismo\\\/tendencias-del-sector-turistico\\\/\"},\"wordCount\":448,\"commentCount\":0,\"publisher\":{\"@id\":\"https:\\\/\\\/centrourbano.com\\\/revista\\\/#organization\"},\"image\":{\"@id\":\"https:\\\/\\\/centrourbano.com\\\/revista\\\/urbanismo\\\/tendencias-del-sector-turistico\\\/#primaryimage\"},\"thumbnailUrl\":\"https:\\\/\\\/centrourbano.com\\\/revista\\\/wp-content\\\/uploads\\\/800-lacandona.jpg\",\"keywords\":[\"sector tur\u00edstico\"],\"articleSection\":[\"Urbanismo\"],\"inLanguage\":\"es\",\"potentialAction\":[{\"@type\":\"CommentAction\",\"name\":\"Comment\",\"target\":[\"https:\\\/\\\/centrourbano.com\\\/revista\\\/urbanismo\\\/tendencias-del-sector-turistico\\\/#respond\"]}]},{\"@type\":\"WebPage\",\"@id\":\"https:\\\/\\\/centrourbano.com\\\/revista\\\/urbanismo\\\/tendencias-del-sector-turistico\\\/\",\"url\":\"https:\\\/\\\/centrourbano.com\\\/revista\\\/urbanismo\\\/tendencias-del-sector-turistico\\\/\",\"name\":\"Tendencias del sector tur\u00edstico para el 1S2023 -\",\"isPartOf\":{\"@id\":\"https:\\\/\\\/centrourbano.com\\\/revista\\\/#website\"},\"primaryImageOfPage\":{\"@id\":\"https:\\\/\\\/centrourbano.com\\\/revista\\\/urbanismo\\\/tendencias-del-sector-turistico\\\/#primaryimage\"},\"image\":{\"@id\":\"https:\\\/\\\/centrourbano.com\\\/revista\\\/urbanismo\\\/tendencias-del-sector-turistico\\\/#primaryimage\"},\"thumbnailUrl\":\"https:\\\/\\\/centrourbano.com\\\/revista\\\/wp-content\\\/uploads\\\/800-lacandona.jpg\",\"datePublished\":\"2023-08-04T01:08:42+00:00\",\"description\":\"Durante el 1S2023 los clientes\u00a0se mostraron m\u00e1s conscientes del impacto ambiental de sus viajes, por ello una de las tendencias del sector tur\u00edstico es el\",\"breadcrumb\":{\"@id\":\"https:\\\/\\\/centrourbano.com\\\/revista\\\/urbanismo\\\/tendencias-del-sector-turistico\\\/#breadcrumb\"},\"inLanguage\":\"es\",\"potentialAction\":[{\"@type\":\"ReadAction\",\"target\":[\"https:\\\/\\\/centrourbano.com\\\/revista\\\/urbanismo\\\/tendencias-del-sector-turistico\\\/\"]}]},{\"@type\":\"ImageObject\",\"inLanguage\":\"es\",\"@id\":\"https:\\\/\\\/centrourbano.com\\\/revista\\\/urbanismo\\\/tendencias-del-sector-turistico\\\/#primaryimage\",\"url\":\"https:\\\/\\\/centrourbano.com\\\/revista\\\/wp-content\\\/uploads\\\/800-lacandona.jpg\",\"contentUrl\":\"https:\\\/\\\/centrourbano.com\\\/revista\\\/wp-content\\\/uploads\\\/800-lacandona.jpg\",\"width\":800,\"height\":800,\"caption\":\"Tendencias del sector tur\u00edstico para el 1S2023\"},{\"@type\":\"BreadcrumbList\",\"@id\":\"https:\\\/\\\/centrourbano.com\\\/revista\\\/urbanismo\\\/tendencias-del-sector-turistico\\\/#breadcrumb\",\"itemListElement\":[{\"@type\":\"ListItem\",\"position\":1,\"name\":\"Portada\",\"item\":\"https:\\\/\\\/centrourbano.com\\\/revista\\\/\"},{\"@type\":\"ListItem\",\"position\":2,\"name\":\"Tendencias del sector tur\u00edstico para el 1S2023\"}]},{\"@type\":\"WebSite\",\"@id\":\"https:\\\/\\\/centrourbano.com\\\/revista\\\/#website\",\"url\":\"https:\\\/\\\/centrourbano.com\\\/revista\\\/\",\"name\":\"Centro Urbano\",\"description\":\"Medio especializado en los sectores vivienda, inmobiliario, construcci\u00f3n, arquitectura y urbanismo.\",\"publisher\":{\"@id\":\"https:\\\/\\\/centrourbano.com\\\/revista\\\/#organization\"},\"potentialAction\":[{\"@type\":\"SearchAction\",\"target\":{\"@type\":\"EntryPoint\",\"urlTemplate\":\"https:\\\/\\\/centrourbano.com\\\/revista\\\/?s={search_term_string}\"},\"query-input\":{\"@type\":\"PropertyValueSpecification\",\"valueRequired\":true,\"valueName\":\"search_term_string\"}}],\"inLanguage\":\"es\"},{\"@type\":\"Organization\",\"@id\":\"https:\\\/\\\/centrourbano.com\\\/revista\\\/#organization\",\"name\":\"Centro Urbano\",\"url\":\"https:\\\/\\\/centrourbano.com\\\/revista\\\/\",\"logo\":{\"@type\":\"ImageObject\",\"inLanguage\":\"es\",\"@id\":\"https:\\\/\\\/centrourbano.com\\\/revista\\\/#\\\/schema\\\/logo\\\/image\\\/\",\"url\":\"https:\\\/\\\/centrourbano.com\\\/revista\\\/wp-content\\\/uploads\\\/web_CU_logo-1.png\",\"contentUrl\":\"https:\\\/\\\/centrourbano.com\\\/revista\\\/wp-content\\\/uploads\\\/web_CU_logo-1.png\",\"width\":350,\"height\":91,\"caption\":\"Centro Urbano\"},\"image\":{\"@id\":\"https:\\\/\\\/centrourbano.com\\\/revista\\\/#\\\/schema\\\/logo\\\/image\\\/\"},\"sameAs\":[\"https:\\\/\\\/www.facebook.com\\\/portalcentrourbano\",\"https:\\\/\\\/x.com\\\/CentroUrbano\",\"https:\\\/\\\/www.instagram.com\\\/centro_urbano\\\/\",\"https:\\\/\\\/www.linkedin.com\\\/company\\\/centro-urbano\\\/\",\"http:\\\/\\\/www.youtube.com\\\/user\\\/portalcentrourbano\"]},{\"@type\":\"Person\",\"@id\":\"https:\\\/\\\/centrourbano.com\\\/revista\\\/#\\\/schema\\\/person\\\/c665f1c60da3ad48cd761a707b7090b0\",\"name\":\"Rebeca Romero\",\"image\":{\"@type\":\"ImageObject\",\"inLanguage\":\"es\",\"@id\":\"https:\\\/\\\/secure.gravatar.com\\\/avatar\\\/aee0068ae3cc041082e0e84a8258fe5ccc00a733f187bde73b0b40d86b892826?s=96&d=mm&r=g\",\"url\":\"https:\\\/\\\/secure.gravatar.com\\\/avatar\\\/aee0068ae3cc041082e0e84a8258fe5ccc00a733f187bde73b0b40d86b892826?s=96&d=mm&r=g\",\"contentUrl\":\"https:\\\/\\\/secure.gravatar.com\\\/avatar\\\/aee0068ae3cc041082e0e84a8258fe5ccc00a733f187bde73b0b40d86b892826?s=96&d=mm&r=g\",\"caption\":\"Rebeca Romero\"},\"url\":\"https:\\\/\\\/centrourbano.com\\\/revista\\\/author\\\/rebeca-romero\\\/\"}]}<\/script>\n<!-- \/ Yoast SEO plugin. -->","yoast_head_json":{"title":"Tendencias del sector tur\u00edstico para el 1S2023 -","description":"Durante el 1S2023 los clientes\u00a0se mostraron m\u00e1s conscientes del impacto ambiental de sus viajes, por ello una de las tendencias del sector tur\u00edstico es el","robots":{"index":"index","follow":"follow","max-snippet":"max-snippet:-1","max-image-preview":"max-image-preview:large","max-video-preview":"max-video-preview:-1"},"canonical":"https:\/\/centrourbano.com\/revista\/urbanismo\/tendencias-del-sector-turistico\/","og_locale":"es_ES","og_type":"article","og_title":"Tendencias del sector tur\u00edstico para el 1S2023 -","og_description":"Durante el 1S2023 los clientes\u00a0se mostraron m\u00e1s conscientes del impacto ambiental de sus viajes, por ello una de las tendencias del sector tur\u00edstico es el","og_url":"https:\/\/centrourbano.com\/revista\/urbanismo\/tendencias-del-sector-turistico\/","og_site_name":"Centro Urbano","article_publisher":"https:\/\/www.facebook.com\/portalcentrourbano","article_published_time":"2023-08-04T01:08:42+00:00","og_image":[{"width":800,"height":800,"url":"https:\/\/centrourbano.com\/revista\/wp-content\/uploads\/800-lacandona.jpg","type":"image\/jpeg"}],"author":"Rebeca Romero","twitter_card":"summary_large_image","twitter_creator":"@CentroUrbano","twitter_site":"@CentroUrbano","twitter_misc":{"Escrito por":"Rebeca Romero","Tiempo de lectura":"2 minutos"},"schema":{"@context":"https:\/\/schema.org","@graph":[{"@type":"Article","@id":"https:\/\/centrourbano.com\/revista\/urbanismo\/tendencias-del-sector-turistico\/#article","isPartOf":{"@id":"https:\/\/centrourbano.com\/revista\/urbanismo\/tendencias-del-sector-turistico\/"},"author":{"name":"Rebeca Romero","@id":"https:\/\/centrourbano.com\/revista\/#\/schema\/person\/c665f1c60da3ad48cd761a707b7090b0"},"headline":"Tendencias del sector tur\u00edstico para el 1S2023","datePublished":"2023-08-04T01:08:42+00:00","mainEntityOfPage":{"@id":"https:\/\/centrourbano.com\/revista\/urbanismo\/tendencias-del-sector-turistico\/"},"wordCount":448,"commentCount":0,"publisher":{"@id":"https:\/\/centrourbano.com\/revista\/#organization"},"image":{"@id":"https:\/\/centrourbano.com\/revista\/urbanismo\/tendencias-del-sector-turistico\/#primaryimage"},"thumbnailUrl":"https:\/\/centrourbano.com\/revista\/wp-content\/uploads\/800-lacandona.jpg","keywords":["sector tur\u00edstico"],"articleSection":["Urbanismo"],"inLanguage":"es","potentialAction":[{"@type":"CommentAction","name":"Comment","target":["https:\/\/centrourbano.com\/revista\/urbanismo\/tendencias-del-sector-turistico\/#respond"]}]},{"@type":"WebPage","@id":"https:\/\/centrourbano.com\/revista\/urbanismo\/tendencias-del-sector-turistico\/","url":"https:\/\/centrourbano.com\/revista\/urbanismo\/tendencias-del-sector-turistico\/","name":"Tendencias del sector tur\u00edstico para el 1S2023 -","isPartOf":{"@id":"https:\/\/centrourbano.com\/revista\/#website"},"primaryImageOfPage":{"@id":"https:\/\/centrourbano.com\/revista\/urbanismo\/tendencias-del-sector-turistico\/#primaryimage"},"image":{"@id":"https:\/\/centrourbano.com\/revista\/urbanismo\/tendencias-del-sector-turistico\/#primaryimage"},"thumbnailUrl":"https:\/\/centrourbano.com\/revista\/wp-content\/uploads\/800-lacandona.jpg","datePublished":"2023-08-04T01:08:42+00:00","description":"Durante el 1S2023 los clientes\u00a0se mostraron m\u00e1s conscientes del impacto ambiental de sus viajes, por ello una de las tendencias del sector tur\u00edstico es el","breadcrumb":{"@id":"https:\/\/centrourbano.com\/revista\/urbanismo\/tendencias-del-sector-turistico\/#breadcrumb"},"inLanguage":"es","potentialAction":[{"@type":"ReadAction","target":["https:\/\/centrourbano.com\/revista\/urbanismo\/tendencias-del-sector-turistico\/"]}]},{"@type":"ImageObject","inLanguage":"es","@id":"https:\/\/centrourbano.com\/revista\/urbanismo\/tendencias-del-sector-turistico\/#primaryimage","url":"https:\/\/centrourbano.com\/revista\/wp-content\/uploads\/800-lacandona.jpg","contentUrl":"https:\/\/centrourbano.com\/revista\/wp-content\/uploads\/800-lacandona.jpg","width":800,"height":800,"caption":"Tendencias del sector tur\u00edstico para el 1S2023"},{"@type":"BreadcrumbList","@id":"https:\/\/centrourbano.com\/revista\/urbanismo\/tendencias-del-sector-turistico\/#breadcrumb","itemListElement":[{"@type":"ListItem","position":1,"name":"Portada","item":"https:\/\/centrourbano.com\/revista\/"},{"@type":"ListItem","position":2,"name":"Tendencias del sector tur\u00edstico para el 1S2023"}]},{"@type":"WebSite","@id":"https:\/\/centrourbano.com\/revista\/#website","url":"https:\/\/centrourbano.com\/revista\/","name":"Centro Urbano","description":"Medio especializado en los sectores vivienda, inmobiliario, construcci\u00f3n, arquitectura y urbanismo.","publisher":{"@id":"https:\/\/centrourbano.com\/revista\/#organization"},"potentialAction":[{"@type":"SearchAction","target":{"@type":"EntryPoint","urlTemplate":"https:\/\/centrourbano.com\/revista\/?s={search_term_string}"},"query-input":{"@type":"PropertyValueSpecification","valueRequired":true,"valueName":"search_term_string"}}],"inLanguage":"es"},{"@type":"Organization","@id":"https:\/\/centrourbano.com\/revista\/#organization","name":"Centro Urbano","url":"https:\/\/centrourbano.com\/revista\/","logo":{"@type":"ImageObject","inLanguage":"es","@id":"https:\/\/centrourbano.com\/revista\/#\/schema\/logo\/image\/","url":"https:\/\/centrourbano.com\/revista\/wp-content\/uploads\/web_CU_logo-1.png","contentUrl":"https:\/\/centrourbano.com\/revista\/wp-content\/uploads\/web_CU_logo-1.png","width":350,"height":91,"caption":"Centro Urbano"},"image":{"@id":"https:\/\/centrourbano.com\/revista\/#\/schema\/logo\/image\/"},"sameAs":["https:\/\/www.facebook.com\/portalcentrourbano","https:\/\/x.com\/CentroUrbano","https:\/\/www.instagram.com\/centro_urbano\/","https:\/\/www.linkedin.com\/company\/centro-urbano\/","http:\/\/www.youtube.com\/user\/portalcentrourbano"]},{"@type":"Person","@id":"https:\/\/centrourbano.com\/revista\/#\/schema\/person\/c665f1c60da3ad48cd761a707b7090b0","name":"Rebeca Romero","image":{"@type":"ImageObject","inLanguage":"es","@id":"https:\/\/secure.gravatar.com\/avatar\/aee0068ae3cc041082e0e84a8258fe5ccc00a733f187bde73b0b40d86b892826?s=96&d=mm&r=g","url":"https:\/\/secure.gravatar.com\/avatar\/aee0068ae3cc041082e0e84a8258fe5ccc00a733f187bde73b0b40d86b892826?s=96&d=mm&r=g","contentUrl":"https:\/\/secure.gravatar.com\/avatar\/aee0068ae3cc041082e0e84a8258fe5ccc00a733f187bde73b0b40d86b892826?s=96&d=mm&r=g","caption":"Rebeca Romero"},"url":"https:\/\/centrourbano.com\/revista\/author\/rebeca-romero\/"}]}},"_links":{"self":[{"href":"https:\/\/centrourbano.com\/revista\/wp-json\/wp\/v2\/posts\/141787","targetHints":{"allow":["GET"]}}],"collection":[{"href":"https:\/\/centrourbano.com\/revista\/wp-json\/wp\/v2\/posts"}],"about":[{"href":"https:\/\/centrourbano.com\/revista\/wp-json\/wp\/v2\/types\/post"}],"author":[{"embeddable":true,"href":"https:\/\/centrourbano.com\/revista\/wp-json\/wp\/v2\/users\/88"}],"replies":[{"embeddable":true,"href":"https:\/\/centrourbano.com\/revista\/wp-json\/wp\/v2\/comments?post=141787"}],"version-history":[{"count":2,"href":"https:\/\/centrourbano.com\/revista\/wp-json\/wp\/v2\/posts\/141787\/revisions"}],"predecessor-version":[{"id":141792,"href":"https:\/\/centrourbano.com\/revista\/wp-json\/wp\/v2\/posts\/141787\/revisions\/141792"}],"wp:featuredmedia":[{"embeddable":true,"href":"https:\/\/centrourbano.com\/revista\/wp-json\/wp\/v2\/media\/141788"}],"wp:attachment":[{"href":"https:\/\/centrourbano.com\/revista\/wp-json\/wp\/v2\/media?parent=141787"}],"wp:term":[{"taxonomy":"category","embeddable":true,"href":"https:\/\/centrourbano.com\/revista\/wp-json\/wp\/v2\/categories?post=141787"},{"taxonomy":"post_tag","embeddable":true,"href":"https:\/\/centrourbano.com\/revista\/wp-json\/wp\/v2\/tags?post=141787"}],"curies":[{"name":"wp","href":"https:\/\/api.w.org\/{rel}","templated":true}]}}