{"id":141587,"date":"2023-07-31T13:24:58","date_gmt":"2023-07-31T19:24:58","guid":{"rendered":"https:\/\/centrourbano.com\/?p=141587"},"modified":"2023-07-31T13:24:58","modified_gmt":"2023-07-31T19:24:58","slug":"sustentabilidad-sector-inmobiliario","status":"publish","type":"post","link":"https:\/\/centrourbano.com\/revista\/publicaciones\/sustentabilidad-sector-inmobiliario\/","title":{"rendered":"\u00bfCu\u00e1l es el futuro de la sustentabilidad en el sector inmobiliario?"},"content":{"rendered":"<p><i><span style=\"font-weight: 400;\">De acuerdo con el MIT, M\u00e9xico es el segundo pa\u00eds m\u00e1s contaminante de Latinoam\u00e9rica, y la CDMX tiene pocas pol\u00edticas p\u00fablicas que contrarresten esto<\/span><\/i><!--more--><\/p>\n<p><span style=\"font-weight: 400;\">En los \u00faltimos a\u00f1os, se ha vuelto imperativo adoptar<strong> pr\u00e1cticas sustentables en el sector inmobiliario<\/strong> para<\/span> <span style=\"font-weight: 400;\">reducir el impacto ambiental. Y en M\u00e9xico hemos visto ejemplos de estrategias como el uso de energ\u00edas renovables y materiales ecol\u00f3gicos en los desarrollos; as\u00ed como el impulso de instrumentos de financiamiento verdes.<\/span><\/p>\n<p><span style=\"font-weight: 400;\">Sin embargo, durante el panel<\/span> <span style=\"font-weight: 400;\"><strong>Innovaci\u00f3n tecnol\u00f3gica y sustentabilidad<\/strong>, que se realiz\u00f3 en el marco de la<\/span> <span style=\"font-weight: 400;\"><strong>Expo Desarrollo Inmobiliario: The Real Estate Show 2023<\/strong>, de la Asociaci\u00f3n de Desarrolladores Inmobiliarios (ADI),<strong> Cristina Gamboa, directora ejecutiva del World Green Building Council<\/strong> (<strong>WorldGBC<\/strong>), indic\u00f3 que M\u00e9xico a\u00fan tiene un gran trabajo por hacer en el futuro para adoptar las tendencias que se observan en pa\u00edses de Europa o Estados Unidos en materia de sustentabilidad.<\/span><\/p>\n<p><span style=\"font-weight: 400;\">La experta expuso que, si bien el <strong>sector inmobiliario<\/strong> es parte de las causas de la crisis clim\u00e1tica actual, tambi\u00e9n forma parte importante de las soluciones.<\/span><\/p>\n<p><span style=\"font-weight: 400;\">\u201cNo vengo a convencerlos de que estamos agotando la naturaleza, nos queda el 45% de la diversidad que hab\u00eda hace 20 a\u00f1os; tampoco vengo a decirles lo que est\u00e1 pasando con el cambio clim\u00e1tico, que hay una crisis de agua y energ\u00e9tica. Pero hay una tendencia en la que seguimos haciendo lo mismo, se nos olvida que en el pico del Covid-19 muri\u00f3 1 mill\u00f3n de personas, y con el cambio clim\u00e1tico mueren m\u00e1s de 5 millones de personas cada a\u00f1o. Ustedes, como desarrolladores, tienen un gran brazo de generaci\u00f3n, est\u00e1 en sus manos el impacto que tengan las inversiones que hagan\u201d, asever\u00f3.<\/span><\/p>\n<p><span style=\"font-weight: 400;\"><strong>Gamboa<\/strong> agreg\u00f3 que aquellos que buscan comprar o rentar inmuebles ya se inclinan por activos que ofrezcan una mayor calidad de vida y que integren estrategias sustentables, como ahorro de energ\u00eda y agua.<\/span><\/p>\n<p><span style=\"font-weight: 400;\">Asimismo, coment\u00f3 que en el real estate global ya se comienzan a ver compromisos con la<strong> edificaci\u00f3n sostenible<\/strong> para reducir las emisiones de carbono a la mitad para 2023. M\u00e9xico no ha sido la excepci\u00f3n, y los desarrolladores se han comprometido a reducir en un 50% las emisiones para 2050; no obstante, la experta afirm\u00f3 que en el pa\u00eds no se exige el cumplimiento de las normas en la materia.<\/span><\/p>\n<p><span style=\"font-weight: 400;\">De igual manera, la directora del <strong>WorldGBC<\/strong> se\u00f1al\u00f3 que otra de las tendencias que se prev\u00e9n para el futuro es que, para que los activos inmobiliarios sean competitivos en el mercado en 10 o 15 a\u00f1os, tendr\u00e1n que incluir<strong> estrategias ASG<\/strong> (Ambientales, Sociales y Gobernanza).<\/span><\/p>\n<p><span style=\"font-weight: 400;\">\u201cLa inversi\u00f3n en ASG es fundamental, no van a ser competitivos si no est\u00e1n ya en esa etapa. Los recursos est\u00e1n, pero solo van a ir a portafolios que tengan transparencia y activos que ayuden a combatir el cambio clim\u00e1tico y generar mejor calidad de vida\u201d, concluy\u00f3.<\/span><\/p>\n<p><span style=\"font-weight: 400;\">Por su parte,<strong> Juan Huicochea, analista e investigador en el Instituto Tecnol\u00f3gico de Massachusetts<\/strong> (<strong>MIT<\/strong>), asegur\u00f3 que M\u00e9xico es el segundo pa\u00eds m\u00e1s contaminante de Latinoam\u00e9rica, despu\u00e9s de Brasil, y la Ciudad de M\u00e9xico tiene pocas pol\u00edticas p\u00fablicas que contrarresten esto.<\/span><\/p>\n<p><span style=\"font-weight: 400;\">El analista detall\u00f3 que, en Estados Unidos, por ejemplo, el objetivo para 2050 es mitigar sus emisiones de gases efecto invernadero en un 90%, y para ello han puesto en marcha diversas estrategias que se podr\u00edan adoptar en M\u00e9xico; entre las cuales destaca el desarrollo de pol\u00edticas p\u00fablicas para la reducci\u00f3n de emisiones de la industria inmobiliaria.<\/span><\/p>\n","protected":false},"excerpt":{"rendered":"<p>De acuerdo con el MIT, M\u00e9xico es el segundo pa\u00eds m\u00e1s contaminante de Latinoam\u00e9rica, y la CDMX tiene pocas pol\u00edticas p\u00fablicas que contrarresten esto<\/p>\n","protected":false},"author":73,"featured_media":141588,"comment_status":"open","ping_status":"closed","sticky":false,"template":"","format":"standard","meta":{"om_disable_all_campaigns":false,"inline_featured_image":false,"_monsterinsights_skip_tracking":false,"_monsterinsights_sitenote_active":false,"_monsterinsights_sitenote_note":"","_monsterinsights_sitenote_category":0,"footnotes":""},"categories":[15,4,7115],"tags":[],"class_list":["post-141587","post","type-post","status-publish","format-standard","has-post-thumbnail","hentry","category-inmobiliario","category-publicaciones","category-revista-inversion-inmobiliaria"],"yoast_head":"<!-- This site is optimized with the Yoast SEO plugin v27.5 - https:\/\/yoast.com\/product\/yoast-seo-wordpress\/ -->\n<title>\u00bfCu\u00e1l es el futuro de la sustentabilidad en el sector inmobiliario? -<\/title>\n<meta name=\"description\" content=\"De acuerdo con el MIT, M\u00e9xico es el segundo pa\u00eds m\u00e1s contaminante de Latinoam\u00e9rica, y la CDMX tiene pocas pol\u00edticas p\u00fablicas que contrarresten esto En los\" \/>\n<meta name=\"robots\" content=\"index, follow, max-snippet:-1, max-image-preview:large, max-video-preview:-1\" \/>\n<link rel=\"canonical\" href=\"https:\/\/centrourbano.com\/revista\/publicaciones\/sustentabilidad-sector-inmobiliario\/\" \/>\n<meta property=\"og:locale\" content=\"es_ES\" \/>\n<meta property=\"og:type\" content=\"article\" \/>\n<meta property=\"og:title\" content=\"\u00bfCu\u00e1l es el futuro de la sustentabilidad en el sector inmobiliario? -\" \/>\n<meta property=\"og:description\" content=\"De acuerdo con el MIT, M\u00e9xico es el segundo pa\u00eds m\u00e1s contaminante de Latinoam\u00e9rica, y la CDMX tiene pocas pol\u00edticas p\u00fablicas que contrarresten esto En los\" \/>\n<meta property=\"og:url\" content=\"https:\/\/centrourbano.com\/revista\/publicaciones\/sustentabilidad-sector-inmobiliario\/\" \/>\n<meta property=\"og:site_name\" content=\"Centro Urbano\" \/>\n<meta property=\"article:publisher\" content=\"https:\/\/www.facebook.com\/portalcentrourbano\" \/>\n<meta property=\"article:published_time\" content=\"2023-07-31T19:24:58+00:00\" \/>\n<meta property=\"og:image\" content=\"https:\/\/centrourbano.com\/revista\/wp-content\/uploads\/Cual-es-el-futuro-de-la-sustentabilidad-en-el-sector-inmobiliario.jpg\" \/>\n\t<meta property=\"og:image:width\" content=\"779\" \/>\n\t<meta property=\"og:image:height\" content=\"661\" \/>\n\t<meta property=\"og:image:type\" content=\"image\/jpeg\" \/>\n<meta name=\"author\" content=\"Fernanda Hern\u00e1ndez\" \/>\n<meta name=\"twitter:card\" content=\"summary_large_image\" \/>\n<meta name=\"twitter:creator\" content=\"@https:\/\/twitter.com\/Nannz_Hernandez\" \/>\n<meta name=\"twitter:site\" content=\"@CentroUrbano\" \/>\n<meta name=\"twitter:label1\" content=\"Escrito por\" \/>\n\t<meta name=\"twitter:data1\" content=\"Fernanda Hern\u00e1ndez\" \/>\n\t<meta name=\"twitter:label2\" content=\"Tiempo de lectura\" \/>\n\t<meta name=\"twitter:data2\" content=\"3 minutos\" \/>\n<script type=\"application\/ld+json\" class=\"yoast-schema-graph\">{\"@context\":\"https:\\\/\\\/schema.org\",\"@graph\":[{\"@type\":\"Article\",\"@id\":\"https:\\\/\\\/centrourbano.com\\\/revista\\\/publicaciones\\\/sustentabilidad-sector-inmobiliario\\\/#article\",\"isPartOf\":{\"@id\":\"https:\\\/\\\/centrourbano.com\\\/revista\\\/publicaciones\\\/sustentabilidad-sector-inmobiliario\\\/\"},\"author\":{\"name\":\"Fernanda Hern\u00e1ndez\",\"@id\":\"https:\\\/\\\/centrourbano.com\\\/revista\\\/#\\\/schema\\\/person\\\/bc284507d99af21c6df75a3f1924b95c\"},\"headline\":\"\u00bfCu\u00e1l es el futuro de la sustentabilidad en el sector inmobiliario?\",\"datePublished\":\"2023-07-31T19:24:58+00:00\",\"mainEntityOfPage\":{\"@id\":\"https:\\\/\\\/centrourbano.com\\\/revista\\\/publicaciones\\\/sustentabilidad-sector-inmobiliario\\\/\"},\"wordCount\":623,\"commentCount\":0,\"publisher\":{\"@id\":\"https:\\\/\\\/centrourbano.com\\\/revista\\\/#organization\"},\"image\":{\"@id\":\"https:\\\/\\\/centrourbano.com\\\/revista\\\/publicaciones\\\/sustentabilidad-sector-inmobiliario\\\/#primaryimage\"},\"thumbnailUrl\":\"https:\\\/\\\/centrourbano.com\\\/revista\\\/wp-content\\\/uploads\\\/Cual-es-el-futuro-de-la-sustentabilidad-en-el-sector-inmobiliario.jpg\",\"articleSection\":[\"Inmobiliario\",\"Publicaciones\",\"Revista Inversi\u00f3n Inmobiliaria\"],\"inLanguage\":\"es\",\"potentialAction\":[{\"@type\":\"CommentAction\",\"name\":\"Comment\",\"target\":[\"https:\\\/\\\/centrourbano.com\\\/revista\\\/publicaciones\\\/sustentabilidad-sector-inmobiliario\\\/#respond\"]}]},{\"@type\":\"WebPage\",\"@id\":\"https:\\\/\\\/centrourbano.com\\\/revista\\\/publicaciones\\\/sustentabilidad-sector-inmobiliario\\\/\",\"url\":\"https:\\\/\\\/centrourbano.com\\\/revista\\\/publicaciones\\\/sustentabilidad-sector-inmobiliario\\\/\",\"name\":\"\u00bfCu\u00e1l es el futuro de la sustentabilidad en el sector inmobiliario? -\",\"isPartOf\":{\"@id\":\"https:\\\/\\\/centrourbano.com\\\/revista\\\/#website\"},\"primaryImageOfPage\":{\"@id\":\"https:\\\/\\\/centrourbano.com\\\/revista\\\/publicaciones\\\/sustentabilidad-sector-inmobiliario\\\/#primaryimage\"},\"image\":{\"@id\":\"https:\\\/\\\/centrourbano.com\\\/revista\\\/publicaciones\\\/sustentabilidad-sector-inmobiliario\\\/#primaryimage\"},\"thumbnailUrl\":\"https:\\\/\\\/centrourbano.com\\\/revista\\\/wp-content\\\/uploads\\\/Cual-es-el-futuro-de-la-sustentabilidad-en-el-sector-inmobiliario.jpg\",\"datePublished\":\"2023-07-31T19:24:58+00:00\",\"description\":\"De acuerdo con el MIT, M\u00e9xico es el segundo pa\u00eds m\u00e1s contaminante de Latinoam\u00e9rica, y la CDMX tiene pocas pol\u00edticas p\u00fablicas que contrarresten esto En los\",\"breadcrumb\":{\"@id\":\"https:\\\/\\\/centrourbano.com\\\/revista\\\/publicaciones\\\/sustentabilidad-sector-inmobiliario\\\/#breadcrumb\"},\"inLanguage\":\"es\",\"potentialAction\":[{\"@type\":\"ReadAction\",\"target\":[\"https:\\\/\\\/centrourbano.com\\\/revista\\\/publicaciones\\\/sustentabilidad-sector-inmobiliario\\\/\"]}]},{\"@type\":\"ImageObject\",\"inLanguage\":\"es\",\"@id\":\"https:\\\/\\\/centrourbano.com\\\/revista\\\/publicaciones\\\/sustentabilidad-sector-inmobiliario\\\/#primaryimage\",\"url\":\"https:\\\/\\\/centrourbano.com\\\/revista\\\/wp-content\\\/uploads\\\/Cual-es-el-futuro-de-la-sustentabilidad-en-el-sector-inmobiliario.jpg\",\"contentUrl\":\"https:\\\/\\\/centrourbano.com\\\/revista\\\/wp-content\\\/uploads\\\/Cual-es-el-futuro-de-la-sustentabilidad-en-el-sector-inmobiliario.jpg\",\"width\":779,\"height\":661,\"caption\":\"De acuerdo con el MIT, M\u00e9xico es el segundo pa\u00eds m\u00e1s contaminante de Latinoam\u00e9rica, y la CDMX tiene pocas pol\u00edticas p\u00fablicas que contrarresten esto\"},{\"@type\":\"BreadcrumbList\",\"@id\":\"https:\\\/\\\/centrourbano.com\\\/revista\\\/publicaciones\\\/sustentabilidad-sector-inmobiliario\\\/#breadcrumb\",\"itemListElement\":[{\"@type\":\"ListItem\",\"position\":1,\"name\":\"Portada\",\"item\":\"https:\\\/\\\/centrourbano.com\\\/revista\\\/\"},{\"@type\":\"ListItem\",\"position\":2,\"name\":\"\u00bfCu\u00e1l es el futuro de la sustentabilidad en el sector inmobiliario?\"}]},{\"@type\":\"WebSite\",\"@id\":\"https:\\\/\\\/centrourbano.com\\\/revista\\\/#website\",\"url\":\"https:\\\/\\\/centrourbano.com\\\/revista\\\/\",\"name\":\"Centro Urbano\",\"description\":\"Medio especializado en los sectores vivienda, inmobiliario, construcci\u00f3n, arquitectura y urbanismo.\",\"publisher\":{\"@id\":\"https:\\\/\\\/centrourbano.com\\\/revista\\\/#organization\"},\"potentialAction\":[{\"@type\":\"SearchAction\",\"target\":{\"@type\":\"EntryPoint\",\"urlTemplate\":\"https:\\\/\\\/centrourbano.com\\\/revista\\\/?s={search_term_string}\"},\"query-input\":{\"@type\":\"PropertyValueSpecification\",\"valueRequired\":true,\"valueName\":\"search_term_string\"}}],\"inLanguage\":\"es\"},{\"@type\":\"Organization\",\"@id\":\"https:\\\/\\\/centrourbano.com\\\/revista\\\/#organization\",\"name\":\"Centro Urbano\",\"url\":\"https:\\\/\\\/centrourbano.com\\\/revista\\\/\",\"logo\":{\"@type\":\"ImageObject\",\"inLanguage\":\"es\",\"@id\":\"https:\\\/\\\/centrourbano.com\\\/revista\\\/#\\\/schema\\\/logo\\\/image\\\/\",\"url\":\"https:\\\/\\\/centrourbano.com\\\/revista\\\/wp-content\\\/uploads\\\/web_CU_logo-1.png\",\"contentUrl\":\"https:\\\/\\\/centrourbano.com\\\/revista\\\/wp-content\\\/uploads\\\/web_CU_logo-1.png\",\"width\":350,\"height\":91,\"caption\":\"Centro Urbano\"},\"image\":{\"@id\":\"https:\\\/\\\/centrourbano.com\\\/revista\\\/#\\\/schema\\\/logo\\\/image\\\/\"},\"sameAs\":[\"https:\\\/\\\/www.facebook.com\\\/portalcentrourbano\",\"https:\\\/\\\/x.com\\\/CentroUrbano\",\"https:\\\/\\\/www.instagram.com\\\/centro_urbano\\\/\",\"https:\\\/\\\/www.linkedin.com\\\/company\\\/centro-urbano\\\/\",\"http:\\\/\\\/www.youtube.com\\\/user\\\/portalcentrourbano\"]},{\"@type\":\"Person\",\"@id\":\"https:\\\/\\\/centrourbano.com\\\/revista\\\/#\\\/schema\\\/person\\\/bc284507d99af21c6df75a3f1924b95c\",\"name\":\"Fernanda Hern\u00e1ndez\",\"image\":{\"@type\":\"ImageObject\",\"inLanguage\":\"es\",\"@id\":\"https:\\\/\\\/secure.gravatar.com\\\/avatar\\\/9471831fb0a24eae9d32d826a7cb8ef07c34a41520aca1a0ab1f5c0903ba49b9?s=96&d=mm&r=g\",\"url\":\"https:\\\/\\\/secure.gravatar.com\\\/avatar\\\/9471831fb0a24eae9d32d826a7cb8ef07c34a41520aca1a0ab1f5c0903ba49b9?s=96&d=mm&r=g\",\"contentUrl\":\"https:\\\/\\\/secure.gravatar.com\\\/avatar\\\/9471831fb0a24eae9d32d826a7cb8ef07c34a41520aca1a0ab1f5c0903ba49b9?s=96&d=mm&r=g\",\"caption\":\"Fernanda Hern\u00e1ndez\"},\"description\":\"Reportera y redactora en Centro Urbano. Soy egresada de la licenciatura en Ciencias de la Comunicaci\u00f3n de la Facultad de Ciencias Pol\u00edticas y Sociales (UNAM). Me interesa la cultura, el urbanismo y la arquitectura. Amante del mundo digital, el cine, la m\u00fasica, la lectura y la escritura.\",\"sameAs\":[\"https:\\\/\\\/x.com\\\/https:\\\/\\\/twitter.com\\\/Nannz_Hernandez\"],\"url\":\"https:\\\/\\\/centrourbano.com\\\/revista\\\/author\\\/fernanda-hernandez\\\/\"}]}<\/script>\n<!-- \/ Yoast SEO plugin. -->","yoast_head_json":{"title":"\u00bfCu\u00e1l es el futuro de la sustentabilidad en el sector inmobiliario? -","description":"De acuerdo con el MIT, M\u00e9xico es el segundo pa\u00eds m\u00e1s contaminante de Latinoam\u00e9rica, y la CDMX tiene pocas pol\u00edticas p\u00fablicas que contrarresten esto En los","robots":{"index":"index","follow":"follow","max-snippet":"max-snippet:-1","max-image-preview":"max-image-preview:large","max-video-preview":"max-video-preview:-1"},"canonical":"https:\/\/centrourbano.com\/revista\/publicaciones\/sustentabilidad-sector-inmobiliario\/","og_locale":"es_ES","og_type":"article","og_title":"\u00bfCu\u00e1l es el futuro de la sustentabilidad en el sector inmobiliario? -","og_description":"De acuerdo con el MIT, M\u00e9xico es el segundo pa\u00eds m\u00e1s contaminante de Latinoam\u00e9rica, y la CDMX tiene pocas pol\u00edticas p\u00fablicas que contrarresten esto En los","og_url":"https:\/\/centrourbano.com\/revista\/publicaciones\/sustentabilidad-sector-inmobiliario\/","og_site_name":"Centro Urbano","article_publisher":"https:\/\/www.facebook.com\/portalcentrourbano","article_published_time":"2023-07-31T19:24:58+00:00","og_image":[{"width":779,"height":661,"url":"https:\/\/centrourbano.com\/revista\/wp-content\/uploads\/Cual-es-el-futuro-de-la-sustentabilidad-en-el-sector-inmobiliario.jpg","type":"image\/jpeg"}],"author":"Fernanda Hern\u00e1ndez","twitter_card":"summary_large_image","twitter_creator":"@https:\/\/twitter.com\/Nannz_Hernandez","twitter_site":"@CentroUrbano","twitter_misc":{"Escrito por":"Fernanda Hern\u00e1ndez","Tiempo de lectura":"3 minutos"},"schema":{"@context":"https:\/\/schema.org","@graph":[{"@type":"Article","@id":"https:\/\/centrourbano.com\/revista\/publicaciones\/sustentabilidad-sector-inmobiliario\/#article","isPartOf":{"@id":"https:\/\/centrourbano.com\/revista\/publicaciones\/sustentabilidad-sector-inmobiliario\/"},"author":{"name":"Fernanda Hern\u00e1ndez","@id":"https:\/\/centrourbano.com\/revista\/#\/schema\/person\/bc284507d99af21c6df75a3f1924b95c"},"headline":"\u00bfCu\u00e1l es el futuro de la sustentabilidad en el sector inmobiliario?","datePublished":"2023-07-31T19:24:58+00:00","mainEntityOfPage":{"@id":"https:\/\/centrourbano.com\/revista\/publicaciones\/sustentabilidad-sector-inmobiliario\/"},"wordCount":623,"commentCount":0,"publisher":{"@id":"https:\/\/centrourbano.com\/revista\/#organization"},"image":{"@id":"https:\/\/centrourbano.com\/revista\/publicaciones\/sustentabilidad-sector-inmobiliario\/#primaryimage"},"thumbnailUrl":"https:\/\/centrourbano.com\/revista\/wp-content\/uploads\/Cual-es-el-futuro-de-la-sustentabilidad-en-el-sector-inmobiliario.jpg","articleSection":["Inmobiliario","Publicaciones","Revista Inversi\u00f3n Inmobiliaria"],"inLanguage":"es","potentialAction":[{"@type":"CommentAction","name":"Comment","target":["https:\/\/centrourbano.com\/revista\/publicaciones\/sustentabilidad-sector-inmobiliario\/#respond"]}]},{"@type":"WebPage","@id":"https:\/\/centrourbano.com\/revista\/publicaciones\/sustentabilidad-sector-inmobiliario\/","url":"https:\/\/centrourbano.com\/revista\/publicaciones\/sustentabilidad-sector-inmobiliario\/","name":"\u00bfCu\u00e1l es el futuro de la sustentabilidad en el sector inmobiliario? -","isPartOf":{"@id":"https:\/\/centrourbano.com\/revista\/#website"},"primaryImageOfPage":{"@id":"https:\/\/centrourbano.com\/revista\/publicaciones\/sustentabilidad-sector-inmobiliario\/#primaryimage"},"image":{"@id":"https:\/\/centrourbano.com\/revista\/publicaciones\/sustentabilidad-sector-inmobiliario\/#primaryimage"},"thumbnailUrl":"https:\/\/centrourbano.com\/revista\/wp-content\/uploads\/Cual-es-el-futuro-de-la-sustentabilidad-en-el-sector-inmobiliario.jpg","datePublished":"2023-07-31T19:24:58+00:00","description":"De acuerdo con el MIT, M\u00e9xico es el segundo pa\u00eds m\u00e1s contaminante de Latinoam\u00e9rica, y la CDMX tiene pocas pol\u00edticas p\u00fablicas que contrarresten esto En los","breadcrumb":{"@id":"https:\/\/centrourbano.com\/revista\/publicaciones\/sustentabilidad-sector-inmobiliario\/#breadcrumb"},"inLanguage":"es","potentialAction":[{"@type":"ReadAction","target":["https:\/\/centrourbano.com\/revista\/publicaciones\/sustentabilidad-sector-inmobiliario\/"]}]},{"@type":"ImageObject","inLanguage":"es","@id":"https:\/\/centrourbano.com\/revista\/publicaciones\/sustentabilidad-sector-inmobiliario\/#primaryimage","url":"https:\/\/centrourbano.com\/revista\/wp-content\/uploads\/Cual-es-el-futuro-de-la-sustentabilidad-en-el-sector-inmobiliario.jpg","contentUrl":"https:\/\/centrourbano.com\/revista\/wp-content\/uploads\/Cual-es-el-futuro-de-la-sustentabilidad-en-el-sector-inmobiliario.jpg","width":779,"height":661,"caption":"De acuerdo con el MIT, M\u00e9xico es el segundo pa\u00eds m\u00e1s contaminante de Latinoam\u00e9rica, y la CDMX tiene pocas pol\u00edticas p\u00fablicas que contrarresten esto"},{"@type":"BreadcrumbList","@id":"https:\/\/centrourbano.com\/revista\/publicaciones\/sustentabilidad-sector-inmobiliario\/#breadcrumb","itemListElement":[{"@type":"ListItem","position":1,"name":"Portada","item":"https:\/\/centrourbano.com\/revista\/"},{"@type":"ListItem","position":2,"name":"\u00bfCu\u00e1l es el futuro de la sustentabilidad en el sector inmobiliario?"}]},{"@type":"WebSite","@id":"https:\/\/centrourbano.com\/revista\/#website","url":"https:\/\/centrourbano.com\/revista\/","name":"Centro Urbano","description":"Medio especializado en los sectores vivienda, inmobiliario, construcci\u00f3n, arquitectura y urbanismo.","publisher":{"@id":"https:\/\/centrourbano.com\/revista\/#organization"},"potentialAction":[{"@type":"SearchAction","target":{"@type":"EntryPoint","urlTemplate":"https:\/\/centrourbano.com\/revista\/?s={search_term_string}"},"query-input":{"@type":"PropertyValueSpecification","valueRequired":true,"valueName":"search_term_string"}}],"inLanguage":"es"},{"@type":"Organization","@id":"https:\/\/centrourbano.com\/revista\/#organization","name":"Centro Urbano","url":"https:\/\/centrourbano.com\/revista\/","logo":{"@type":"ImageObject","inLanguage":"es","@id":"https:\/\/centrourbano.com\/revista\/#\/schema\/logo\/image\/","url":"https:\/\/centrourbano.com\/revista\/wp-content\/uploads\/web_CU_logo-1.png","contentUrl":"https:\/\/centrourbano.com\/revista\/wp-content\/uploads\/web_CU_logo-1.png","width":350,"height":91,"caption":"Centro Urbano"},"image":{"@id":"https:\/\/centrourbano.com\/revista\/#\/schema\/logo\/image\/"},"sameAs":["https:\/\/www.facebook.com\/portalcentrourbano","https:\/\/x.com\/CentroUrbano","https:\/\/www.instagram.com\/centro_urbano\/","https:\/\/www.linkedin.com\/company\/centro-urbano\/","http:\/\/www.youtube.com\/user\/portalcentrourbano"]},{"@type":"Person","@id":"https:\/\/centrourbano.com\/revista\/#\/schema\/person\/bc284507d99af21c6df75a3f1924b95c","name":"Fernanda Hern\u00e1ndez","image":{"@type":"ImageObject","inLanguage":"es","@id":"https:\/\/secure.gravatar.com\/avatar\/9471831fb0a24eae9d32d826a7cb8ef07c34a41520aca1a0ab1f5c0903ba49b9?s=96&d=mm&r=g","url":"https:\/\/secure.gravatar.com\/avatar\/9471831fb0a24eae9d32d826a7cb8ef07c34a41520aca1a0ab1f5c0903ba49b9?s=96&d=mm&r=g","contentUrl":"https:\/\/secure.gravatar.com\/avatar\/9471831fb0a24eae9d32d826a7cb8ef07c34a41520aca1a0ab1f5c0903ba49b9?s=96&d=mm&r=g","caption":"Fernanda Hern\u00e1ndez"},"description":"Reportera y redactora en Centro Urbano. Soy egresada de la licenciatura en Ciencias de la Comunicaci\u00f3n de la Facultad de Ciencias Pol\u00edticas y Sociales (UNAM). Me interesa la cultura, el urbanismo y la arquitectura. Amante del mundo digital, el cine, la m\u00fasica, la lectura y la escritura.","sameAs":["https:\/\/x.com\/https:\/\/twitter.com\/Nannz_Hernandez"],"url":"https:\/\/centrourbano.com\/revista\/author\/fernanda-hernandez\/"}]}},"_links":{"self":[{"href":"https:\/\/centrourbano.com\/revista\/wp-json\/wp\/v2\/posts\/141587","targetHints":{"allow":["GET"]}}],"collection":[{"href":"https:\/\/centrourbano.com\/revista\/wp-json\/wp\/v2\/posts"}],"about":[{"href":"https:\/\/centrourbano.com\/revista\/wp-json\/wp\/v2\/types\/post"}],"author":[{"embeddable":true,"href":"https:\/\/centrourbano.com\/revista\/wp-json\/wp\/v2\/users\/73"}],"replies":[{"embeddable":true,"href":"https:\/\/centrourbano.com\/revista\/wp-json\/wp\/v2\/comments?post=141587"}],"version-history":[{"count":1,"href":"https:\/\/centrourbano.com\/revista\/wp-json\/wp\/v2\/posts\/141587\/revisions"}],"predecessor-version":[{"id":141589,"href":"https:\/\/centrourbano.com\/revista\/wp-json\/wp\/v2\/posts\/141587\/revisions\/141589"}],"wp:featuredmedia":[{"embeddable":true,"href":"https:\/\/centrourbano.com\/revista\/wp-json\/wp\/v2\/media\/141588"}],"wp:attachment":[{"href":"https:\/\/centrourbano.com\/revista\/wp-json\/wp\/v2\/media?parent=141587"}],"wp:term":[{"taxonomy":"category","embeddable":true,"href":"https:\/\/centrourbano.com\/revista\/wp-json\/wp\/v2\/categories?post=141587"},{"taxonomy":"post_tag","embeddable":true,"href":"https:\/\/centrourbano.com\/revista\/wp-json\/wp\/v2\/tags?post=141587"}],"curies":[{"name":"wp","href":"https:\/\/api.w.org\/{rel}","templated":true}]}}