{"id":14130,"date":"2015-01-08T11:25:06","date_gmt":"2015-01-08T17:25:06","guid":{"rendered":"http:\/\/centrourbano.com\/?p=14130"},"modified":"2015-01-08T11:25:06","modified_gmt":"2015-01-08T17:25:06","slug":"recuperan-espacios-peatonales-en-el-centro-historico","status":"publish","type":"post","link":"https:\/\/centrourbano.com\/revista\/urbanismo\/recuperan-espacios-peatonales-en-el-centro-historico\/","title":{"rendered":"Recuperan espacios peatonales en el Centro Hist\u00f3rico"},"content":{"rendered":"<p>&nbsp;<\/p>\n<p><em>Un mill\u00f3n de pesos fueron destinados \u00a0en la rehabilitaci\u00f3n de fachadas, alumbrado p\u00fablico y art\u00edstico<\/em><!--more--><\/p>\n<p>Con el prop\u00f3sito de mantener la calidad urbana del corredor peatonal y ordenar de mejor manera las actividades en la v\u00eda p\u00fablica, el Fideicomiso Centro Hist\u00f3rico de la ciudad de M\u00e9xico rehabilita fachadas, alumbrado p\u00fablico y art\u00edstico del templo de Regina Coeli y reordena el mobiliario urbano de la calle Regina, el Primer Callej\u00f3n de Mesones y una parte del corredor de San Jer\u00f3nimo, en el centro de la capital.<\/p>\n<p>Un mill\u00f3n de pesos fueron destinados para labores de limpieza del pavimento en general, pintura en fachadas para cubrir grafitis, se colocar\u00e1n luminarias a ras de piso en el templo de Regina Coeli y ordenar de mejor manera las actividades en la v\u00eda p\u00fablica, en espec\u00edfico las terrazas de bares, restaurantes y cafeter\u00edas, para asegurar una convivencia arm\u00f3nica de la zona entre sus habitantes y quienes la visitan.<\/p>\n<p>En tanto, cuatro nuevos murales fueron plasmados en la calle peatonal San Jer\u00f3nimo, en el tramo que va de 5 de febrero a Isabel la Cat\u00f3lica, frente a la Universidad del Claustro de Sor Juana; obra de los artistas de pintura con aerosol Si.Gerso, Omen, X83 y Diego Zelaya (este \u00faltimo dedic\u00f3 su mural al escritor Jos\u00e9 Revueltas, de quien el pasado 20 de noviembre se cumplieron 100 a\u00f1os de su nacimiento), como parte del Programa de Murales Art\u00edsticos del Centro Hist\u00f3rico.<\/p>\n<p>Asimismo, la calle de Moneda est\u00e1 pr\u00e1cticamente lista y ser\u00e1 reinaugurada en los primeros d\u00edas de 2015; adem\u00e1s de la peatonal de Argentina y la conclusi\u00f3n de Sant\u00edsima, que estaba pendiente desde hace dos a\u00f1os y cuya inversi\u00f3n suma 30 millones de pesos.<\/p>\n<p>Los frentes de obra que quedan pendientes se ubican en el tramo de Academia al Z\u00f3calo y consisten en dar forma a los pasos peatonales en las esquinas.<\/p>\n","protected":false},"excerpt":{"rendered":"<p>&nbsp; Un mill\u00f3n de pesos fueron destinados \u00a0en la rehabilitaci\u00f3n de fachadas, alumbrado p\u00fablico y art\u00edstico<\/p>\n","protected":false},"author":19,"featured_media":0,"comment_status":"open","ping_status":"closed","sticky":false,"template":"","format":"standard","meta":{"om_disable_all_campaigns":false,"inline_featured_image":false,"_monsterinsights_skip_tracking":false,"_monsterinsights_sitenote_active":false,"_monsterinsights_sitenote_note":"","_monsterinsights_sitenote_category":0,"footnotes":""},"categories":[82],"tags":[4081,606,179,4088,4084,4086,4080,4085,4082,4083,4087],"class_list":["post-14130","post","type-post","status-publish","format-standard","hentry","category-urbanismo","tag-calle-regina","tag-cdmx","tag-centro-historico","tag-diego-zelaya","tag-jose-revueltas","tag-omen","tag-san-jeronimo","tag-si-gerso","tag-templo-de-regina-coeli","tag-universidad-del-claustro-de-sor-juana","tag-x83"],"yoast_head":"<!-- This site is optimized with the Yoast SEO plugin v27.5 - https:\/\/yoast.com\/product\/yoast-seo-wordpress\/ -->\n<title>Recuperan espacios peatonales en el Centro Hist\u00f3rico -<\/title>\n<meta name=\"description\" content=\"&nbsp; Un mill\u00f3n de pesos fueron destinados \u00a0en la rehabilitaci\u00f3n de fachadas, alumbrado p\u00fablico y art\u00edstico Con el prop\u00f3sito de mantener la calidad\" \/>\n<meta name=\"robots\" content=\"index, follow, max-snippet:-1, max-image-preview:large, max-video-preview:-1\" \/>\n<link rel=\"canonical\" href=\"https:\/\/centrourbano.com\/revista\/urbanismo\/recuperan-espacios-peatonales-en-el-centro-historico\/\" \/>\n<meta property=\"og:locale\" content=\"es_ES\" \/>\n<meta property=\"og:type\" content=\"article\" \/>\n<meta property=\"og:title\" content=\"Recuperan espacios peatonales en el Centro Hist\u00f3rico -\" \/>\n<meta property=\"og:description\" content=\"&nbsp; Un mill\u00f3n de pesos fueron destinados \u00a0en la rehabilitaci\u00f3n de fachadas, alumbrado p\u00fablico y art\u00edstico Con el prop\u00f3sito de mantener la calidad\" \/>\n<meta property=\"og:url\" content=\"https:\/\/centrourbano.com\/revista\/urbanismo\/recuperan-espacios-peatonales-en-el-centro-historico\/\" \/>\n<meta property=\"og:site_name\" content=\"Centro Urbano\" \/>\n<meta property=\"article:publisher\" content=\"https:\/\/www.facebook.com\/portalcentrourbano\" \/>\n<meta property=\"article:published_time\" content=\"2015-01-08T17:25:06+00:00\" \/>\n<meta property=\"og:image\" content=\"https:\/\/centrourbano.com\/revista\/wp-content\/uploads\/CU-logo.png\" \/>\n\t<meta property=\"og:image:width\" content=\"350\" \/>\n\t<meta property=\"og:image:height\" content=\"91\" \/>\n\t<meta property=\"og:image:type\" content=\"image\/png\" \/>\n<meta name=\"author\" content=\"Sofia Osorio\" \/>\n<meta name=\"twitter:card\" content=\"summary_large_image\" \/>\n<meta name=\"twitter:creator\" content=\"@CentroUrbano\" \/>\n<meta name=\"twitter:site\" content=\"@CentroUrbano\" \/>\n<meta name=\"twitter:label1\" content=\"Escrito por\" \/>\n\t<meta name=\"twitter:data1\" content=\"Sofia Osorio\" \/>\n\t<meta name=\"twitter:label2\" content=\"Tiempo de lectura\" \/>\n\t<meta name=\"twitter:data2\" content=\"2 minutos\" \/>\n<script type=\"application\/ld+json\" class=\"yoast-schema-graph\">{\"@context\":\"https:\\\/\\\/schema.org\",\"@graph\":[{\"@type\":\"Article\",\"@id\":\"https:\\\/\\\/centrourbano.com\\\/revista\\\/urbanismo\\\/recuperan-espacios-peatonales-en-el-centro-historico\\\/#article\",\"isPartOf\":{\"@id\":\"https:\\\/\\\/centrourbano.com\\\/revista\\\/urbanismo\\\/recuperan-espacios-peatonales-en-el-centro-historico\\\/\"},\"author\":{\"name\":\"Sofia Osorio\",\"@id\":\"https:\\\/\\\/centrourbano.com\\\/revista\\\/#\\\/schema\\\/person\\\/e3142244139c9fbcfb78e51eec6b37ce\"},\"headline\":\"Recuperan espacios peatonales en el Centro Hist\u00f3rico\",\"datePublished\":\"2015-01-08T17:25:06+00:00\",\"mainEntityOfPage\":{\"@id\":\"https:\\\/\\\/centrourbano.com\\\/revista\\\/urbanismo\\\/recuperan-espacios-peatonales-en-el-centro-historico\\\/\"},\"wordCount\":344,\"commentCount\":0,\"publisher\":{\"@id\":\"https:\\\/\\\/centrourbano.com\\\/revista\\\/#organization\"},\"keywords\":[\"Calle Regina\",\"CDMX\",\"Centro Hist\u00f3rico\",\"Diego Zelaya\",\"Jos\u00e9 Revueltas\",\"Omen\",\"San Jer\u00f3nimo\",\"Si.Gerso\",\"templo de Regina Coeli\",\"Universidad del Claustro de Sor Juana\",\"X83\"],\"articleSection\":[\"Urbanismo\"],\"inLanguage\":\"es\",\"potentialAction\":[{\"@type\":\"CommentAction\",\"name\":\"Comment\",\"target\":[\"https:\\\/\\\/centrourbano.com\\\/revista\\\/urbanismo\\\/recuperan-espacios-peatonales-en-el-centro-historico\\\/#respond\"]}]},{\"@type\":\"WebPage\",\"@id\":\"https:\\\/\\\/centrourbano.com\\\/revista\\\/urbanismo\\\/recuperan-espacios-peatonales-en-el-centro-historico\\\/\",\"url\":\"https:\\\/\\\/centrourbano.com\\\/revista\\\/urbanismo\\\/recuperan-espacios-peatonales-en-el-centro-historico\\\/\",\"name\":\"Recuperan espacios peatonales en el Centro Hist\u00f3rico -\",\"isPartOf\":{\"@id\":\"https:\\\/\\\/centrourbano.com\\\/revista\\\/#website\"},\"datePublished\":\"2015-01-08T17:25:06+00:00\",\"description\":\"&nbsp; Un mill\u00f3n de pesos fueron destinados \u00a0en la rehabilitaci\u00f3n de fachadas, alumbrado p\u00fablico y art\u00edstico Con el prop\u00f3sito de mantener la calidad\",\"breadcrumb\":{\"@id\":\"https:\\\/\\\/centrourbano.com\\\/revista\\\/urbanismo\\\/recuperan-espacios-peatonales-en-el-centro-historico\\\/#breadcrumb\"},\"inLanguage\":\"es\",\"potentialAction\":[{\"@type\":\"ReadAction\",\"target\":[\"https:\\\/\\\/centrourbano.com\\\/revista\\\/urbanismo\\\/recuperan-espacios-peatonales-en-el-centro-historico\\\/\"]}]},{\"@type\":\"BreadcrumbList\",\"@id\":\"https:\\\/\\\/centrourbano.com\\\/revista\\\/urbanismo\\\/recuperan-espacios-peatonales-en-el-centro-historico\\\/#breadcrumb\",\"itemListElement\":[{\"@type\":\"ListItem\",\"position\":1,\"name\":\"Portada\",\"item\":\"https:\\\/\\\/centrourbano.com\\\/revista\\\/\"},{\"@type\":\"ListItem\",\"position\":2,\"name\":\"Recuperan espacios peatonales en el Centro Hist\u00f3rico\"}]},{\"@type\":\"WebSite\",\"@id\":\"https:\\\/\\\/centrourbano.com\\\/revista\\\/#website\",\"url\":\"https:\\\/\\\/centrourbano.com\\\/revista\\\/\",\"name\":\"Centro Urbano\",\"description\":\"Medio especializado en los sectores vivienda, inmobiliario, construcci\u00f3n, arquitectura y urbanismo.\",\"publisher\":{\"@id\":\"https:\\\/\\\/centrourbano.com\\\/revista\\\/#organization\"},\"potentialAction\":[{\"@type\":\"SearchAction\",\"target\":{\"@type\":\"EntryPoint\",\"urlTemplate\":\"https:\\\/\\\/centrourbano.com\\\/revista\\\/?s={search_term_string}\"},\"query-input\":{\"@type\":\"PropertyValueSpecification\",\"valueRequired\":true,\"valueName\":\"search_term_string\"}}],\"inLanguage\":\"es\"},{\"@type\":\"Organization\",\"@id\":\"https:\\\/\\\/centrourbano.com\\\/revista\\\/#organization\",\"name\":\"Centro Urbano\",\"url\":\"https:\\\/\\\/centrourbano.com\\\/revista\\\/\",\"logo\":{\"@type\":\"ImageObject\",\"inLanguage\":\"es\",\"@id\":\"https:\\\/\\\/centrourbano.com\\\/revista\\\/#\\\/schema\\\/logo\\\/image\\\/\",\"url\":\"https:\\\/\\\/centrourbano.com\\\/revista\\\/wp-content\\\/uploads\\\/web_CU_logo-1.png\",\"contentUrl\":\"https:\\\/\\\/centrourbano.com\\\/revista\\\/wp-content\\\/uploads\\\/web_CU_logo-1.png\",\"width\":350,\"height\":91,\"caption\":\"Centro Urbano\"},\"image\":{\"@id\":\"https:\\\/\\\/centrourbano.com\\\/revista\\\/#\\\/schema\\\/logo\\\/image\\\/\"},\"sameAs\":[\"https:\\\/\\\/www.facebook.com\\\/portalcentrourbano\",\"https:\\\/\\\/x.com\\\/CentroUrbano\",\"https:\\\/\\\/www.instagram.com\\\/centro_urbano\\\/\",\"https:\\\/\\\/www.linkedin.com\\\/company\\\/centro-urbano\\\/\",\"http:\\\/\\\/www.youtube.com\\\/user\\\/portalcentrourbano\"]},{\"@type\":\"Person\",\"@id\":\"https:\\\/\\\/centrourbano.com\\\/revista\\\/#\\\/schema\\\/person\\\/e3142244139c9fbcfb78e51eec6b37ce\",\"name\":\"Sofia Osorio\",\"image\":{\"@type\":\"ImageObject\",\"inLanguage\":\"es\",\"@id\":\"https:\\\/\\\/secure.gravatar.com\\\/avatar\\\/540346885009217f50383aeae8f93738fea6ce04c37c93d6be2d0515d1be354c?s=96&d=mm&r=g\",\"url\":\"https:\\\/\\\/secure.gravatar.com\\\/avatar\\\/540346885009217f50383aeae8f93738fea6ce04c37c93d6be2d0515d1be354c?s=96&d=mm&r=g\",\"contentUrl\":\"https:\\\/\\\/secure.gravatar.com\\\/avatar\\\/540346885009217f50383aeae8f93738fea6ce04c37c93d6be2d0515d1be354c?s=96&d=mm&r=g\",\"caption\":\"Sofia Osorio\"},\"description\":\"Egresada de la Facultad de Estudios Superiores Arag\u00f3n. Comunicaci\u00f3n y Periodismo. Loca y feliz. Suele re\u00edrse de todo, dormir en el transporte p\u00fablico y terminar corriendo para llegar a cualquier lugar. Cantante de regadera, bailarina frustrada y chiva de coraz\u00f3n, apasionada por lo que hay que hacer. Enojona, gritona y medio amable con la gente. Su primera oportunidad laboral la tuvo como becaria en la revista Klika y fungi\u00f3 como community manager en Grupo Radio Centro. Actualmente explora nuevos campos del periodismo en Centro Urbano.\",\"url\":\"https:\\\/\\\/centrourbano.com\\\/revista\\\/author\\\/sofia-osorio\\\/\"}]}<\/script>\n<!-- \/ Yoast SEO plugin. -->","yoast_head_json":{"title":"Recuperan espacios peatonales en el Centro Hist\u00f3rico -","description":"&nbsp; Un mill\u00f3n de pesos fueron destinados \u00a0en la rehabilitaci\u00f3n de fachadas, alumbrado p\u00fablico y art\u00edstico Con el prop\u00f3sito de mantener la calidad","robots":{"index":"index","follow":"follow","max-snippet":"max-snippet:-1","max-image-preview":"max-image-preview:large","max-video-preview":"max-video-preview:-1"},"canonical":"https:\/\/centrourbano.com\/revista\/urbanismo\/recuperan-espacios-peatonales-en-el-centro-historico\/","og_locale":"es_ES","og_type":"article","og_title":"Recuperan espacios peatonales en el Centro Hist\u00f3rico -","og_description":"&nbsp; Un mill\u00f3n de pesos fueron destinados \u00a0en la rehabilitaci\u00f3n de fachadas, alumbrado p\u00fablico y art\u00edstico Con el prop\u00f3sito de mantener la calidad","og_url":"https:\/\/centrourbano.com\/revista\/urbanismo\/recuperan-espacios-peatonales-en-el-centro-historico\/","og_site_name":"Centro Urbano","article_publisher":"https:\/\/www.facebook.com\/portalcentrourbano","article_published_time":"2015-01-08T17:25:06+00:00","og_image":[{"width":350,"height":91,"url":"https:\/\/centrourbano.com\/revista\/wp-content\/uploads\/CU-logo.png","type":"image\/png"}],"author":"Sofia Osorio","twitter_card":"summary_large_image","twitter_creator":"@CentroUrbano","twitter_site":"@CentroUrbano","twitter_misc":{"Escrito por":"Sofia Osorio","Tiempo de lectura":"2 minutos"},"schema":{"@context":"https:\/\/schema.org","@graph":[{"@type":"Article","@id":"https:\/\/centrourbano.com\/revista\/urbanismo\/recuperan-espacios-peatonales-en-el-centro-historico\/#article","isPartOf":{"@id":"https:\/\/centrourbano.com\/revista\/urbanismo\/recuperan-espacios-peatonales-en-el-centro-historico\/"},"author":{"name":"Sofia Osorio","@id":"https:\/\/centrourbano.com\/revista\/#\/schema\/person\/e3142244139c9fbcfb78e51eec6b37ce"},"headline":"Recuperan espacios peatonales en el Centro Hist\u00f3rico","datePublished":"2015-01-08T17:25:06+00:00","mainEntityOfPage":{"@id":"https:\/\/centrourbano.com\/revista\/urbanismo\/recuperan-espacios-peatonales-en-el-centro-historico\/"},"wordCount":344,"commentCount":0,"publisher":{"@id":"https:\/\/centrourbano.com\/revista\/#organization"},"keywords":["Calle Regina","CDMX","Centro Hist\u00f3rico","Diego Zelaya","Jos\u00e9 Revueltas","Omen","San Jer\u00f3nimo","Si.Gerso","templo de Regina Coeli","Universidad del Claustro de Sor Juana","X83"],"articleSection":["Urbanismo"],"inLanguage":"es","potentialAction":[{"@type":"CommentAction","name":"Comment","target":["https:\/\/centrourbano.com\/revista\/urbanismo\/recuperan-espacios-peatonales-en-el-centro-historico\/#respond"]}]},{"@type":"WebPage","@id":"https:\/\/centrourbano.com\/revista\/urbanismo\/recuperan-espacios-peatonales-en-el-centro-historico\/","url":"https:\/\/centrourbano.com\/revista\/urbanismo\/recuperan-espacios-peatonales-en-el-centro-historico\/","name":"Recuperan espacios peatonales en el Centro Hist\u00f3rico -","isPartOf":{"@id":"https:\/\/centrourbano.com\/revista\/#website"},"datePublished":"2015-01-08T17:25:06+00:00","description":"&nbsp; Un mill\u00f3n de pesos fueron destinados \u00a0en la rehabilitaci\u00f3n de fachadas, alumbrado p\u00fablico y art\u00edstico Con el prop\u00f3sito de mantener la calidad","breadcrumb":{"@id":"https:\/\/centrourbano.com\/revista\/urbanismo\/recuperan-espacios-peatonales-en-el-centro-historico\/#breadcrumb"},"inLanguage":"es","potentialAction":[{"@type":"ReadAction","target":["https:\/\/centrourbano.com\/revista\/urbanismo\/recuperan-espacios-peatonales-en-el-centro-historico\/"]}]},{"@type":"BreadcrumbList","@id":"https:\/\/centrourbano.com\/revista\/urbanismo\/recuperan-espacios-peatonales-en-el-centro-historico\/#breadcrumb","itemListElement":[{"@type":"ListItem","position":1,"name":"Portada","item":"https:\/\/centrourbano.com\/revista\/"},{"@type":"ListItem","position":2,"name":"Recuperan espacios peatonales en el Centro Hist\u00f3rico"}]},{"@type":"WebSite","@id":"https:\/\/centrourbano.com\/revista\/#website","url":"https:\/\/centrourbano.com\/revista\/","name":"Centro Urbano","description":"Medio especializado en los sectores vivienda, inmobiliario, construcci\u00f3n, arquitectura y urbanismo.","publisher":{"@id":"https:\/\/centrourbano.com\/revista\/#organization"},"potentialAction":[{"@type":"SearchAction","target":{"@type":"EntryPoint","urlTemplate":"https:\/\/centrourbano.com\/revista\/?s={search_term_string}"},"query-input":{"@type":"PropertyValueSpecification","valueRequired":true,"valueName":"search_term_string"}}],"inLanguage":"es"},{"@type":"Organization","@id":"https:\/\/centrourbano.com\/revista\/#organization","name":"Centro Urbano","url":"https:\/\/centrourbano.com\/revista\/","logo":{"@type":"ImageObject","inLanguage":"es","@id":"https:\/\/centrourbano.com\/revista\/#\/schema\/logo\/image\/","url":"https:\/\/centrourbano.com\/revista\/wp-content\/uploads\/web_CU_logo-1.png","contentUrl":"https:\/\/centrourbano.com\/revista\/wp-content\/uploads\/web_CU_logo-1.png","width":350,"height":91,"caption":"Centro Urbano"},"image":{"@id":"https:\/\/centrourbano.com\/revista\/#\/schema\/logo\/image\/"},"sameAs":["https:\/\/www.facebook.com\/portalcentrourbano","https:\/\/x.com\/CentroUrbano","https:\/\/www.instagram.com\/centro_urbano\/","https:\/\/www.linkedin.com\/company\/centro-urbano\/","http:\/\/www.youtube.com\/user\/portalcentrourbano"]},{"@type":"Person","@id":"https:\/\/centrourbano.com\/revista\/#\/schema\/person\/e3142244139c9fbcfb78e51eec6b37ce","name":"Sofia Osorio","image":{"@type":"ImageObject","inLanguage":"es","@id":"https:\/\/secure.gravatar.com\/avatar\/540346885009217f50383aeae8f93738fea6ce04c37c93d6be2d0515d1be354c?s=96&d=mm&r=g","url":"https:\/\/secure.gravatar.com\/avatar\/540346885009217f50383aeae8f93738fea6ce04c37c93d6be2d0515d1be354c?s=96&d=mm&r=g","contentUrl":"https:\/\/secure.gravatar.com\/avatar\/540346885009217f50383aeae8f93738fea6ce04c37c93d6be2d0515d1be354c?s=96&d=mm&r=g","caption":"Sofia Osorio"},"description":"Egresada de la Facultad de Estudios Superiores Arag\u00f3n. Comunicaci\u00f3n y Periodismo. Loca y feliz. Suele re\u00edrse de todo, dormir en el transporte p\u00fablico y terminar corriendo para llegar a cualquier lugar. Cantante de regadera, bailarina frustrada y chiva de coraz\u00f3n, apasionada por lo que hay que hacer. Enojona, gritona y medio amable con la gente. Su primera oportunidad laboral la tuvo como becaria en la revista Klika y fungi\u00f3 como community manager en Grupo Radio Centro. Actualmente explora nuevos campos del periodismo en Centro Urbano.","url":"https:\/\/centrourbano.com\/revista\/author\/sofia-osorio\/"}]}},"_links":{"self":[{"href":"https:\/\/centrourbano.com\/revista\/wp-json\/wp\/v2\/posts\/14130","targetHints":{"allow":["GET"]}}],"collection":[{"href":"https:\/\/centrourbano.com\/revista\/wp-json\/wp\/v2\/posts"}],"about":[{"href":"https:\/\/centrourbano.com\/revista\/wp-json\/wp\/v2\/types\/post"}],"author":[{"embeddable":true,"href":"https:\/\/centrourbano.com\/revista\/wp-json\/wp\/v2\/users\/19"}],"replies":[{"embeddable":true,"href":"https:\/\/centrourbano.com\/revista\/wp-json\/wp\/v2\/comments?post=14130"}],"version-history":[{"count":0,"href":"https:\/\/centrourbano.com\/revista\/wp-json\/wp\/v2\/posts\/14130\/revisions"}],"wp:attachment":[{"href":"https:\/\/centrourbano.com\/revista\/wp-json\/wp\/v2\/media?parent=14130"}],"wp:term":[{"taxonomy":"category","embeddable":true,"href":"https:\/\/centrourbano.com\/revista\/wp-json\/wp\/v2\/categories?post=14130"},{"taxonomy":"post_tag","embeddable":true,"href":"https:\/\/centrourbano.com\/revista\/wp-json\/wp\/v2\/tags?post=14130"}],"curies":[{"name":"wp","href":"https:\/\/api.w.org\/{rel}","templated":true}]}}