{"id":141092,"date":"2023-07-17T16:13:08","date_gmt":"2023-07-17T22:13:08","guid":{"rendered":"https:\/\/centrourbano.com\/?p=141092"},"modified":"2023-10-24T13:54:06","modified_gmt":"2023-10-24T19:54:06","slug":"madrid-historias-de-gentrificacion","status":"publish","type":"post","link":"https:\/\/centrourbano.com\/revista\/opinion\/madrid-historias-de-gentrificacion\/","title":{"rendered":"Madrid; historias de gentrificaci\u00f3n"},"content":{"rendered":"<p><em>Por Jos\u00e9 Ariza de la Cruz*<\/em><!--more--><\/p>\n<p>Uno de los procesos m\u00e1s importantes para comprender los cambios sociales en las ciudades es el de \u00abgentrificaci\u00f3n\u00bb Voy a tratar de explicarlo a trav\u00e9s de la historia de Arganzuela Una de las zonas de Madrid que m\u00e1s se han transformado en las \u00faltimas d\u00e9cadas.<\/p>\n<img loading=\"lazy\" decoding=\"async\" class=\"wp-image-141093 size-full aligncenter\" src=\"https:\/\/centrourbano.com\/revista\/wp-content\/uploads\/F1EyvghXwAAcDGV.jpg\" alt=\"Madrid; historias de gentrificaci\u00f3n \" width=\"1500\" height=\"844\" srcset=\"https:\/\/centrourbano.com\/revista\/wp-content\/uploads\/F1EyvghXwAAcDGV.jpg 1500w, https:\/\/centrourbano.com\/revista\/wp-content\/uploads\/F1EyvghXwAAcDGV-300x169.jpg 300w, https:\/\/centrourbano.com\/revista\/wp-content\/uploads\/F1EyvghXwAAcDGV-1000x563.jpg 1000w, https:\/\/centrourbano.com\/revista\/wp-content\/uploads\/F1EyvghXwAAcDGV-768x432.jpg 768w\" sizes=\"auto, (max-width: 1500px) 100vw, 1500px\" \/>\n<h3><span class=\"css-901oao css-16my406 r-poiln3 r-bcqeeo r-qvutc0\">Antes de nada<\/span><span class=\"css-901oao css-16my406 r-poiln3 r-bcqeeo r-qvutc0\">\u00a0<\/span><\/h3>\n<p><span class=\"css-901oao css-16my406 r-poiln3 r-bcqeeo r-qvutc0\">La gentrificaci\u00f3n es un proceso seg\u00fan el cual parte del vecindario es expulsado de su barrio y sustituido por personas con mayor poder adquisitivo debido al encarecimiento de la vivienda Tambi\u00e9n sucede con el tejido comercial y se retroalimenta con lo anterior.<br \/>\n<\/span><\/p>\n<img loading=\"lazy\" decoding=\"async\" class=\"wp-image-141094 size-full aligncenter\" src=\"https:\/\/centrourbano.com\/revista\/wp-content\/uploads\/F1FIkW0WYAIBYAS.jpg\" alt=\"Madrid; historias de gentrificaci\u00f3n \" width=\"387\" height=\"538\" srcset=\"https:\/\/centrourbano.com\/revista\/wp-content\/uploads\/F1FIkW0WYAIBYAS.jpg 387w, https:\/\/centrourbano.com\/revista\/wp-content\/uploads\/F1FIkW0WYAIBYAS-216x300.jpg 216w\" sizes=\"auto, (max-width: 387px) 100vw, 387px\" \/>\n<h3>\u00bfD\u00f3nde est\u00e1 Arganzuela?<\/h3>\n<p>Es la zona sur de Madrid dentro de la M30 Como iremos, viendo su posici\u00f3n geogr\u00e1fica en la ciudad es esencial para entender su historia y su transformaci\u00f3n Y porqu\u00e9 ahora es una las zonas que m\u00e1s se est\u00e1n revalorizando.<\/p>\n<img loading=\"lazy\" decoding=\"async\" class=\"aligncenter wp-image-141095 size-full\" src=\"https:\/\/centrourbano.com\/revista\/wp-content\/uploads\/F1FNv5sWIAAQEJC.png\" alt=\"\" width=\"679\" height=\"747\" srcset=\"https:\/\/centrourbano.com\/revista\/wp-content\/uploads\/F1FNv5sWIAAQEJC.png 679w, https:\/\/centrourbano.com\/revista\/wp-content\/uploads\/F1FNv5sWIAAQEJC-273x300.png 273w\" sizes=\"auto, (max-width: 679px) 100vw, 679px\" \/>\n<p>Durante el siglo XIX y comienzos del XX, Arganzuela constitu\u00eda las afueras del sur de la ciudad y una de sus zonas m\u00e1s precarias Era un terreno muy irregular, lleno de barrancos y gran parte de sus habitantes viv\u00edan en infraviviendas.<\/p>\n<img loading=\"lazy\" decoding=\"async\" class=\"wp-image-141097 size-full aligncenter\" src=\"https:\/\/centrourbano.com\/revista\/wp-content\/uploads\/F1FSvlMXoAASFaW.jpg\" alt=\"\" width=\"680\" height=\"487\" srcset=\"https:\/\/centrourbano.com\/revista\/wp-content\/uploads\/F1FSvlMXoAASFaW.jpg 680w, https:\/\/centrourbano.com\/revista\/wp-content\/uploads\/F1FSvlMXoAASFaW-300x215.jpg 300w, https:\/\/centrourbano.com\/revista\/wp-content\/uploads\/F1FSvlMXoAASFaW-350x250.jpg 350w\" sizes=\"auto, (max-width: 680px) 100vw, 680px\" \/>\n<div id=\"attachment_141096\" style=\"width: 1010px\" class=\"wp-caption aligncenter\"><img loading=\"lazy\" decoding=\"async\" aria-describedby=\"caption-attachment-141096\" class=\"wp-image-141096 size-full\" src=\"https:\/\/centrourbano.com\/revista\/wp-content\/uploads\/F1FSvlLWIAEW80w.jpg\" alt=\"@Pennypol y @Madtourmisterio\" width=\"1000\" height=\"728\" srcset=\"https:\/\/centrourbano.com\/revista\/wp-content\/uploads\/F1FSvlLWIAEW80w.jpg 1000w, https:\/\/centrourbano.com\/revista\/wp-content\/uploads\/F1FSvlLWIAEW80w-300x218.jpg 300w, https:\/\/centrourbano.com\/revista\/wp-content\/uploads\/F1FSvlLWIAEW80w-768x559.jpg 768w\" sizes=\"auto, (max-width: 1000px) 100vw, 1000px\" \/><p id=\"caption-attachment-141096\" class=\"wp-caption-text\"><a href=\"https:\/\/twitter.com\/Pennypol\">@Pennypol<\/a> y <a href=\"https:\/\/twitter.com\/Madtourmisterio\">@Madtourmisterio<\/a><\/p><\/div>\n<p>P\u00edo Baroja describ\u00eda as\u00ed a la gente del barrio de las Injurias (se situaba en el actual Arganzuela) en 1904: \u00abEra una basura humana, envuelta en gui\u00f1apos, entumecida por el fr\u00edo y la humedad, la que vomitaba aquel barrio infecto\u00bb Es evidente el estigma que ten\u00eda.<\/p>\n<img loading=\"lazy\" decoding=\"async\" class=\"aligncenter wp-image-141098 size-full\" src=\"https:\/\/centrourbano.com\/revista\/wp-content\/uploads\/F1FTCY_WwAAMZUM.jpg\" alt=\"\" width=\"633\" height=\"419\" srcset=\"https:\/\/centrourbano.com\/revista\/wp-content\/uploads\/F1FTCY_WwAAMZUM.jpg 633w, https:\/\/centrourbano.com\/revista\/wp-content\/uploads\/F1FTCY_WwAAMZUM-300x199.jpg 300w\" sizes=\"auto, (max-width: 633px) 100vw, 633px\" \/>\n<p><span class=\"css-901oao css-16my406 r-poiln3 r-bcqeeo r-qvutc0\"> En el Plan Castro, aquel que planific\u00f3 el Ensanche del XIX, Arganzuela se constituy\u00f3 como la zona industrial y ferroviaria Por tanto, ah\u00ed es donde residi\u00f3 durante d\u00e9cadas buena parte de la clase obrera madrile\u00f1a. Era su parte sur.<\/span><\/p>\n<p><img loading=\"lazy\" decoding=\"async\" class=\"wp-image-141099 size-large aligncenter\" src=\"https:\/\/centrourbano.com\/revista\/wp-content\/uploads\/F1FZgt2WwAMLrWz-1000x904.jpg\" alt=\"\" width=\"1000\" height=\"904\" srcset=\"https:\/\/centrourbano.com\/revista\/wp-content\/uploads\/F1FZgt2WwAMLrWz-1000x904.jpg 1000w, https:\/\/centrourbano.com\/revista\/wp-content\/uploads\/F1FZgt2WwAMLrWz-300x271.jpg 300w, https:\/\/centrourbano.com\/revista\/wp-content\/uploads\/F1FZgt2WwAMLrWz-768x694.jpg 768w, https:\/\/centrourbano.com\/revista\/wp-content\/uploads\/F1FZgt2WwAMLrWz.jpg 1133w\" sizes=\"auto, (max-width: 1000px) 100vw, 1000px\" \/><br \/>\n<img loading=\"lazy\" decoding=\"async\" class=\"wp-image-141100 size-full aligncenter\" src=\"https:\/\/centrourbano.com\/revista\/wp-content\/uploads\/F1FZhzgWcAApro2.jpg\" alt=\"\" width=\"1400\" height=\"1400\" srcset=\"https:\/\/centrourbano.com\/revista\/wp-content\/uploads\/F1FZhzgWcAApro2.jpg 1400w, https:\/\/centrourbano.com\/revista\/wp-content\/uploads\/F1FZhzgWcAApro2-300x300.jpg 300w, https:\/\/centrourbano.com\/revista\/wp-content\/uploads\/F1FZhzgWcAApro2-1000x1000.jpg 1000w, https:\/\/centrourbano.com\/revista\/wp-content\/uploads\/F1FZhzgWcAApro2-150x150.jpg 150w, https:\/\/centrourbano.com\/revista\/wp-content\/uploads\/F1FZhzgWcAApro2-768x768.jpg 768w, https:\/\/centrourbano.com\/revista\/wp-content\/uploads\/F1FZhzgWcAApro2-635x635.jpg 635w, https:\/\/centrourbano.com\/revista\/wp-content\/uploads\/F1FZhzgWcAApro2-445x445.jpg 445w, https:\/\/centrourbano.com\/revista\/wp-content\/uploads\/F1FZhzgWcAApro2-350x350.jpg 350w, https:\/\/centrourbano.com\/revista\/wp-content\/uploads\/F1FZhzgWcAApro2-160x160.jpg 160w, https:\/\/centrourbano.com\/revista\/wp-content\/uploads\/F1FZhzgWcAApro2-255x255.jpg 255w, https:\/\/centrourbano.com\/revista\/wp-content\/uploads\/F1FZhzgWcAApro2-65x65.jpg 65w\" sizes=\"auto, (max-width: 1400px) 100vw, 1400px\" \/><br \/>\n<img loading=\"lazy\" decoding=\"async\" class=\"wp-image-141101 size-full aligncenter\" src=\"https:\/\/centrourbano.com\/revista\/wp-content\/uploads\/F1FgNwVXgAIrj5M.jpg\" alt=\"\" width=\"800\" height=\"318\" srcset=\"https:\/\/centrourbano.com\/revista\/wp-content\/uploads\/F1FgNwVXgAIrj5M.jpg 800w, https:\/\/centrourbano.com\/revista\/wp-content\/uploads\/F1FgNwVXgAIrj5M-300x119.jpg 300w, https:\/\/centrourbano.com\/revista\/wp-content\/uploads\/F1FgNwVXgAIrj5M-768x305.jpg 768w\" sizes=\"auto, (max-width: 800px) 100vw, 800px\" \/><\/p>\n<p>Algo clave, luego veremos porqu\u00e9, fue que ah\u00ed se situ\u00f3 el Matadero en 1924 con un bonito estilo neomud\u00e9jar.<\/p>\n<p><img loading=\"lazy\" decoding=\"async\" class=\"wp-image-141102 size-full aligncenter\" src=\"https:\/\/centrourbano.com\/revista\/wp-content\/uploads\/F1FaxmTWcAAolfG.png\" alt=\"\" width=\"640\" height=\"634\" srcset=\"https:\/\/centrourbano.com\/revista\/wp-content\/uploads\/F1FaxmTWcAAolfG.png 640w, https:\/\/centrourbano.com\/revista\/wp-content\/uploads\/F1FaxmTWcAAolfG-300x297.png 300w, https:\/\/centrourbano.com\/revista\/wp-content\/uploads\/F1FaxmTWcAAolfG-150x150.png 150w, https:\/\/centrourbano.com\/revista\/wp-content\/uploads\/F1FaxmTWcAAolfG-160x160.png 160w, https:\/\/centrourbano.com\/revista\/wp-content\/uploads\/F1FaxmTWcAAolfG-65x65.png 65w\" sizes=\"auto, (max-width: 640px) 100vw, 640px\" \/><br \/>\n<img loading=\"lazy\" decoding=\"async\" class=\"wp-image-141103 size-full aligncenter\" src=\"https:\/\/centrourbano.com\/revista\/wp-content\/uploads\/F1FaOgoWIAISWch.png\" alt=\"\" width=\"653\" height=\"412\" srcset=\"https:\/\/centrourbano.com\/revista\/wp-content\/uploads\/F1FaOgoWIAISWch.png 653w, https:\/\/centrourbano.com\/revista\/wp-content\/uploads\/F1FaOgoWIAISWch-300x189.png 300w\" sizes=\"auto, (max-width: 653px) 100vw, 653px\" \/><\/p>\n<p>Otro elemento clave para comprender su transformaci\u00f3n es la cercan\u00eda al r\u00edo Manzanares, que rodea Arganzuela de oeste a sur Durante siglos fue un r\u00edo estigmatizado, por lo que su cercan\u00eda no le aportaba ning\u00fan valor Luego veremos c\u00f3mo cambi\u00f3 esto.<\/p>\n<img loading=\"lazy\" decoding=\"async\" class=\"aligncenter wp-image-141104 size-full\" src=\"https:\/\/centrourbano.com\/revista\/wp-content\/uploads\/FrBI78zXsAIUq8e.jpg\" alt=\"\" width=\"633\" height=\"898\" srcset=\"https:\/\/centrourbano.com\/revista\/wp-content\/uploads\/FrBI78zXsAIUq8e.jpg 633w, https:\/\/centrourbano.com\/revista\/wp-content\/uploads\/FrBI78zXsAIUq8e-211x300.jpg 211w\" sizes=\"auto, (max-width: 633px) 100vw, 633px\" \/>\n<p><span class=\"css-901oao css-16my406 r-poiln3 r-bcqeeo r-qvutc0\">Fijaos si se le daba poca importancia al r\u00edo, que durante d\u00e9cadas estuvo \u00abencarcelado\u00bb por una autopista urbana, la M30.<\/span><span class=\"css-901oao css-16my406 r-poiln3 r-bcqeeo r-qvutc0\"> Esto en una ciudad orgullosa de su r\u00edo ser\u00eda impensable.<\/span><\/p>\n<img loading=\"lazy\" decoding=\"async\" class=\"aligncenter wp-image-141105 size-full\" src=\"https:\/\/centrourbano.com\/revista\/wp-content\/uploads\/F1FeubmXoAAKfz1.jpg\" alt=\"\" width=\"680\" height=\"453\" srcset=\"https:\/\/centrourbano.com\/revista\/wp-content\/uploads\/F1FeubmXoAAKfz1.jpg 680w, https:\/\/centrourbano.com\/revista\/wp-content\/uploads\/F1FeubmXoAAKfz1-300x200.jpg 300w\" sizes=\"auto, (max-width: 680px) 100vw, 680px\" \/>\n<p>Por tanto, la Arganzuela de comienzos y mediados del siglo XX es la zona obrera de Madrid y su periferia sur Cuando en la d\u00e9cada de los 50 se incorporen los municipios del sur a la ciudad, dejar\u00e1 de ser su periferia y la industria se ir\u00e1 desplazando hacia ellos.<\/p>\n<img loading=\"lazy\" decoding=\"async\" class=\"wp-image-141107 size-full alignnone\" src=\"https:\/\/centrourbano.com\/revista\/wp-content\/uploads\/F1FdgbmWAAA2ZkK.jpg\" alt=\"\" width=\"1717\" height=\"2048\" srcset=\"https:\/\/centrourbano.com\/revista\/wp-content\/uploads\/F1FdgbmWAAA2ZkK.jpg 1717w, https:\/\/centrourbano.com\/revista\/wp-content\/uploads\/F1FdgbmWAAA2ZkK-252x300.jpg 252w, https:\/\/centrourbano.com\/revista\/wp-content\/uploads\/F1FdgbmWAAA2ZkK-838x1000.jpg 838w, https:\/\/centrourbano.com\/revista\/wp-content\/uploads\/F1FdgbmWAAA2ZkK-768x916.jpg 768w, https:\/\/centrourbano.com\/revista\/wp-content\/uploads\/F1FdgbmWAAA2ZkK-1288x1536.jpg 1288w\" sizes=\"auto, (max-width: 1717px) 100vw, 1717px\" \/>\n<h3>Salto en el tiempo<\/h3>\n<div class=\"css-1dbjc4n\">\n<div id=\"id__hrgh8doleh\" class=\"css-901oao r-18jsvk2 r-37j5jr r-a023e6 r-16dba41 r-rjixqe r-bcqeeo r-bnwqim r-qvutc0\" dir=\"auto\" lang=\"es\" data-testid=\"tweetText\"><span class=\"css-901oao css-16my406 r-poiln3 r-bcqeeo r-qvutc0\">Son finales del siglo XX y la desindustrializaci\u00f3n ha golpeado con fuerza Arganzuela.<br \/>\nEl Matadero ha perdido su funci\u00f3n original y el Ayuntamiento busca darle otros usos. Finalmente se decide hacer un centro de arte contempor\u00e1neo y espacio cultural.<\/p>\n<p><img loading=\"lazy\" decoding=\"async\" class=\"aligncenter wp-image-141108 size-full\" src=\"https:\/\/centrourbano.com\/revista\/wp-content\/uploads\/F1FdjnFWwAAA2dP.jpg\" alt=\"\" width=\"660\" height=\"335\" srcset=\"https:\/\/centrourbano.com\/revista\/wp-content\/uploads\/F1FdjnFWwAAA2dP.jpg 660w, https:\/\/centrourbano.com\/revista\/wp-content\/uploads\/F1FdjnFWwAAA2dP-300x152.jpg 300w\" sizes=\"auto, (max-width: 660px) 100vw, 660px\" \/><br \/>\n<\/span><\/div>\n<div dir=\"auto\" lang=\"es\" data-testid=\"tweetText\">\n<p>Un poco m\u00e1s tarde se empieza a construir uno de los proyectos de transformaci\u00f3n urbana m\u00e1s ambiciosos de las \u00faltimas d\u00e9cadas: Madrid R\u00edo.<\/p>\n<\/div>\n<div dir=\"auto\" lang=\"es\" data-testid=\"tweetText\">Consiste en un gran parque lineal que discurre alrededor del r\u00edo Manzanares. Donde antes hab\u00eda autopista, ahora hay amplias zonas verdes.<\/p>\n<\/div>\n<div dir=\"auto\" lang=\"es\" data-testid=\"tweetText\"><img loading=\"lazy\" decoding=\"async\" class=\"aligncenter wp-image-141109 size-full\" src=\"https:\/\/centrourbano.com\/revista\/wp-content\/uploads\/F1FeEzRWAAEp5W-.jpg\" alt=\"\" width=\"1582\" height=\"1125\" srcset=\"https:\/\/centrourbano.com\/revista\/wp-content\/uploads\/F1FeEzRWAAEp5W-.jpg 1582w, https:\/\/centrourbano.com\/revista\/wp-content\/uploads\/F1FeEzRWAAEp5W--300x213.jpg 300w, https:\/\/centrourbano.com\/revista\/wp-content\/uploads\/F1FeEzRWAAEp5W--1000x711.jpg 1000w, https:\/\/centrourbano.com\/revista\/wp-content\/uploads\/F1FeEzRWAAEp5W--768x546.jpg 768w, https:\/\/centrourbano.com\/revista\/wp-content\/uploads\/F1FeEzRWAAEp5W--1536x1092.jpg 1536w, https:\/\/centrourbano.com\/revista\/wp-content\/uploads\/F1FeEzRWAAEp5W--350x250.jpg 350w\" sizes=\"auto, (max-width: 1582px) 100vw, 1582px\" \/><\/div>\n<div dir=\"auto\" lang=\"es\" data-testid=\"tweetText\">\n<p>La transformaci\u00f3n urbana se da en muchos m\u00e1s \u00e1mbitos. Por ejemplo, con la construcci\u00f3n del Pasillo Verde Ferroviario al cubrir las antiguas v\u00edas del tren creando zonas verdes y peatonales.<\/p>\n<p><a href=\"https:\/\/creamadridnuevonorte.com\/noticia\/el-pasillo-verde-ferroviario-como-cambio-un-barrio-de-madrid-al-soterrar-las-vias-del-tren\/\">https:\/\/creamadridnuevonorte.com\/noticia\/el-pasillo-verde-ferroviario-como-cambio-un-barrio-de-madrid-al-soterrar-las-vias-del-tren\/<\/a><\/p>\n<\/div>\n<\/div>\n<div id=\"id__j8c0g9up58r\" class=\"css-1dbjc4n r-1ssbvtb r-1s2bzr4\" aria-labelledby=\"id__6mq8darkkbr id__qzzvbzy0p7\">\n<div class=\"css-1dbjc4n r-9aw3ui\">\n<div class=\"css-1dbjc4n\">\n<div class=\"css-1dbjc4n\">\n<div class=\"css-1dbjc4n r-1ets6dv r-1867qdf r-1phboty r-rs99b7 r-1ny4l3l r-1udh08x r-o7ynqc r-6416eg\">\n<div class=\"css-1dbjc4n\">\n<div class=\"css-1dbjc4n r-16y2uox r-1pi2tsx r-13qz1uu\">\n<div class=\"css-1dbjc4n r-1adg3ll r-1udh08x\"><img loading=\"lazy\" decoding=\"async\" class=\"aligncenter wp-image-141110 size-full\" src=\"https:\/\/centrourbano.com\/revista\/wp-content\/uploads\/F1Ff8OuWYAABqL_.jpg\" alt=\"\" width=\"1024\" height=\"768\" srcset=\"https:\/\/centrourbano.com\/revista\/wp-content\/uploads\/F1Ff8OuWYAABqL_.jpg 1024w, https:\/\/centrourbano.com\/revista\/wp-content\/uploads\/F1Ff8OuWYAABqL_-300x225.jpg 300w, https:\/\/centrourbano.com\/revista\/wp-content\/uploads\/F1Ff8OuWYAABqL_-1000x750.jpg 1000w, https:\/\/centrourbano.com\/revista\/wp-content\/uploads\/F1Ff8OuWYAABqL_-768x576.jpg 768w\" sizes=\"auto, (max-width: 1024px) 100vw, 1024px\" \/><\/div>\n<div><\/div>\n<div>Por tanto, la tradicional zona industrial de la ciudad, en las \u00faltimas d\u00e9cadas sufre una enorme transformaci\u00f3n urbana que refleja los cambios de la econom\u00eda internacional. De la desindustrializaci\u00f3n a la econom\u00eda creativa, cultural y verde.<\/div>\n<div><\/div>\n<div><img loading=\"lazy\" decoding=\"async\" class=\"aligncenter wp-image-141111 size-full\" src=\"https:\/\/centrourbano.com\/revista\/wp-content\/uploads\/F1FiYsLX0AIapUc.jpg\" alt=\"\" width=\"1400\" height=\"900\" srcset=\"https:\/\/centrourbano.com\/revista\/wp-content\/uploads\/F1FiYsLX0AIapUc.jpg 1400w, https:\/\/centrourbano.com\/revista\/wp-content\/uploads\/F1FiYsLX0AIapUc-300x193.jpg 300w, https:\/\/centrourbano.com\/revista\/wp-content\/uploads\/F1FiYsLX0AIapUc-1000x643.jpg 1000w, https:\/\/centrourbano.com\/revista\/wp-content\/uploads\/F1FiYsLX0AIapUc-768x494.jpg 768w\" sizes=\"auto, (max-width: 1400px) 100vw, 1400px\" \/><\/div>\n<div><\/div>\n<\/div>\n<div>Madrid R\u00edo, Matadero, Pasillo Verde, etc. revalorizan much\u00edsimo Arganzuela, porque evidentemente son grandes mejoras \u00bfProblema? Claro, la gentrificaci\u00f3n El precio de la vivienda se encarece, por lo que las personas de menos renta se tienen que ir a la periferia.<\/div>\n<\/div>\n<div><span class=\"css-901oao css-16my406 r-poiln3 r-bcqeeo r-qvutc0\">Las transformaciones que he contado previamente son ejemplos de revalorizaci\u00f3n desde las administraciones p\u00fablicas Pero tambi\u00e9n sucede desde la iniciativa privada, como muestra este gran reportaje de <a class=\"css-4rbku5 css-18t94o4 css-901oao css-16my406 r-1cvl2hr r-1loqt21 r-poiln3 r-bcqeeo r-qvutc0\" dir=\"ltr\" role=\"link\" href=\"https:\/\/twitter.com\/Guyb\">@Guyb.<\/a><br \/>\n<\/span><\/div>\n<div><a href=\"https:\/\/www.elconfidencial.com\/espana\/madrid\/2022-09-15\/mendez-alvaro-corte-ingles-yonkis-vallecas-norman-foster_3490642\/\">https:\/\/www.elconfidencial.com\/espana\/madrid\/2022-09-15\/mendez-alvaro-corte-ingles-yonkis-vallecas-norman-foster_3490642\/<\/a><\/div>\n<h3>\u00bfSignifica esto que la ciudad no ha de ser mejorada?<\/h3>\n<div>Por supuesto que no. Pero es muy importante que haya una pol\u00edtica de vivienda que proteja al vecindario frente al mercado desbocado del alquiler.<\/div>\n<div>En definitiva, es muy interesante observar la transformaci\u00f3n que ha vivido Arganzuela Es la materializaci\u00f3n urbana de los cambios que ha vivido la econom\u00eda internacional en las \u00faltimas d\u00e9cadas Tambi\u00e9n es un gran ejemplo de las contradicciones de la ciudad.<\/p>\n<p><img loading=\"lazy\" decoding=\"async\" class=\"wp-image-141113 size-full aligncenter\" src=\"https:\/\/centrourbano.com\/revista\/wp-content\/uploads\/F1FZX96WIAY2zE2.jpg\" alt=\"\" width=\"1400\" height=\"1400\" srcset=\"https:\/\/centrourbano.com\/revista\/wp-content\/uploads\/F1FZX96WIAY2zE2.jpg 1400w, https:\/\/centrourbano.com\/revista\/wp-content\/uploads\/F1FZX96WIAY2zE2-300x300.jpg 300w, https:\/\/centrourbano.com\/revista\/wp-content\/uploads\/F1FZX96WIAY2zE2-1000x1000.jpg 1000w, https:\/\/centrourbano.com\/revista\/wp-content\/uploads\/F1FZX96WIAY2zE2-150x150.jpg 150w, https:\/\/centrourbano.com\/revista\/wp-content\/uploads\/F1FZX96WIAY2zE2-768x768.jpg 768w, https:\/\/centrourbano.com\/revista\/wp-content\/uploads\/F1FZX96WIAY2zE2-635x635.jpg 635w, https:\/\/centrourbano.com\/revista\/wp-content\/uploads\/F1FZX96WIAY2zE2-445x445.jpg 445w, https:\/\/centrourbano.com\/revista\/wp-content\/uploads\/F1FZX96WIAY2zE2-350x350.jpg 350w, https:\/\/centrourbano.com\/revista\/wp-content\/uploads\/F1FZX96WIAY2zE2-160x160.jpg 160w, https:\/\/centrourbano.com\/revista\/wp-content\/uploads\/F1FZX96WIAY2zE2-255x255.jpg 255w, https:\/\/centrourbano.com\/revista\/wp-content\/uploads\/F1FZX96WIAY2zE2-65x65.jpg 65w\" sizes=\"auto, (max-width: 1400px) 100vw, 1400px\" \/><br \/>\n<img loading=\"lazy\" decoding=\"async\" class=\"wp-image-141114 size-full aligncenter\" src=\"https:\/\/centrourbano.com\/revista\/wp-content\/uploads\/F1FZbjXWIAEcjM1.jpg\" alt=\"\" width=\"1582\" height=\"1125\" srcset=\"https:\/\/centrourbano.com\/revista\/wp-content\/uploads\/F1FZbjXWIAEcjM1.jpg 1582w, https:\/\/centrourbano.com\/revista\/wp-content\/uploads\/F1FZbjXWIAEcjM1-300x213.jpg 300w, https:\/\/centrourbano.com\/revista\/wp-content\/uploads\/F1FZbjXWIAEcjM1-1000x711.jpg 1000w, https:\/\/centrourbano.com\/revista\/wp-content\/uploads\/F1FZbjXWIAEcjM1-768x546.jpg 768w, https:\/\/centrourbano.com\/revista\/wp-content\/uploads\/F1FZbjXWIAEcjM1-1536x1092.jpg 1536w, https:\/\/centrourbano.com\/revista\/wp-content\/uploads\/F1FZbjXWIAEcjM1-350x250.jpg 350w\" sizes=\"auto, (max-width: 1582px) 100vw, 1582px\" \/><\/div>\n<div><span class=\"css-901oao css-16my406 r-poiln3 r-bcqeeo r-qvutc0\"> Hasta aqu\u00ed<br \/>\n<\/span><span class=\"css-901oao css-16my406 r-poiln3 r-bcqeeo r-qvutc0\">La ciudad siempre debe ser mejorada, especialmente sus barrios m\u00e1s precarios Arganzuela en un buen ejemplo de ello.<\/span><\/div>\n<div>Pero tambi\u00e9n se tiene que evitar la expulsi\u00f3n de su vecindario para que pueda disfrutar las mejoras. Arganzuela es mal ejemplo de ello.<\/div>\n<div><span class=\"css-901oao css-16my406 r-poiln3 r-bcqeeo r-qvutc0\"> Como bien ha se\u00f1alado <a class=\"css-4rbku5 css-18t94o4 css-901oao css-16my406 r-1cvl2hr r-1loqt21 r-poiln3 r-bcqeeo r-qvutc0\" dir=\"ltr\" role=\"link\" href=\"https:\/\/twitter.com\/alexcatalan61\">@alexcatalan61<\/a><br \/>\n<\/span><span class=\"css-901oao css-16my406 r-poiln3 r-bcqeeo r-qvutc0\"><span class=\"css-901oao css-16my406 r-poiln3 r-bcqeeo r-qvutc0\"> falta alguna fecha. Aqu\u00ed cronolog\u00eda:<\/p>\n<p><\/span><\/span><span class=\"css-901oao css-16my406 r-poiln3 r-bcqeeo r-qvutc0\">-Plan Castro (Ensanche XIX): 1860<br \/>\n-Estaci\u00f3n de Delicias (ferroviaria): 1880<br \/>\n-Matadero: 1924<br \/>\n-Pasillo Verde Ferroviario: finales de 1980<br \/>\n-Reconversi\u00f3n Matadero: 2006<br \/>\n-Madrid R\u00edo: 2010<\/p>\n<p><\/span><\/div>\n<div><img loading=\"lazy\" decoding=\"async\" class=\"wp-image-141117 size-full alignnone\" src=\"https:\/\/centrourbano.com\/revista\/wp-content\/uploads\/F1F0xl0WIAEXWJP.jpg\" alt=\"\" width=\"2044\" height=\"2048\" srcset=\"https:\/\/centrourbano.com\/revista\/wp-content\/uploads\/F1F0xl0WIAEXWJP.jpg 2044w, https:\/\/centrourbano.com\/revista\/wp-content\/uploads\/F1F0xl0WIAEXWJP-300x300.jpg 300w, https:\/\/centrourbano.com\/revista\/wp-content\/uploads\/F1F0xl0WIAEXWJP-998x1000.jpg 998w, https:\/\/centrourbano.com\/revista\/wp-content\/uploads\/F1F0xl0WIAEXWJP-150x150.jpg 150w, https:\/\/centrourbano.com\/revista\/wp-content\/uploads\/F1F0xl0WIAEXWJP-768x770.jpg 768w, https:\/\/centrourbano.com\/revista\/wp-content\/uploads\/F1F0xl0WIAEXWJP-1533x1536.jpg 1533w, https:\/\/centrourbano.com\/revista\/wp-content\/uploads\/F1F0xl0WIAEXWJP-635x635.jpg 635w, https:\/\/centrourbano.com\/revista\/wp-content\/uploads\/F1F0xl0WIAEXWJP-445x445.jpg 445w, https:\/\/centrourbano.com\/revista\/wp-content\/uploads\/F1F0xl0WIAEXWJP-350x350.jpg 350w, https:\/\/centrourbano.com\/revista\/wp-content\/uploads\/F1F0xl0WIAEXWJP-160x160.jpg 160w, https:\/\/centrourbano.com\/revista\/wp-content\/uploads\/F1F0xl0WIAEXWJP-255x255.jpg 255w, https:\/\/centrourbano.com\/revista\/wp-content\/uploads\/F1F0xl0WIAEXWJP-65x65.jpg 65w\" sizes=\"auto, (max-width: 2044px) 100vw, 2044px\" \/><\/div>\n<div><\/div>\n<\/div>\n<div><span class=\"css-901oao css-16my406 r-poiln3 r-bcqeeo r-qvutc0\">Os dejo este reportaje de <a class=\"css-4rbku5 css-18t94o4 css-901oao css-16my406 r-1cvl2hr r-1loqt21 r-poiln3 r-bcqeeo r-qvutc0\" dir=\"ltr\" role=\"link\" href=\"https:\/\/twitter.com\/ayusoana_\">@ayusoana_<\/a><\/span><span class=\"css-901oao css-16my406 r-poiln3 r-bcqeeo r-qvutc0\"><span class=\"css-901oao css-16my406 r-poiln3 r-bcqeeo r-qvutc0\">en el que participo y sirve para profundizar sobre el tema del hilo Sobre c\u00f3mo la Plaza de Legazpi se ha convertido en una de las fronteras econ\u00f3micas m\u00e1s inusuales de Madrid.<br \/>\n<a href=\"https:\/\/www.epe.es\/es\/madrid\/20221026\/plaza-legazpi-separa-vecindarios-diferencias-77700196\">https:\/\/www.epe.es\/es\/madrid\/20221026\/plaza-legazpi-separa-vecindarios-diferencias-77700196<\/a><\/p>\n<p><\/span><\/span><\/div>\n<div><span class=\"css-901oao css-16my406 r-poiln3 r-bcqeeo r-qvutc0\">Venga, acabo aqu\u00ed ya definitivamente.<\/span><\/div>\n<div><span class=\"css-901oao css-16my406 r-poiln3 r-bcqeeo r-qvutc0\"><br \/>\n<\/span><span class=\"css-901oao css-16my406 r-poiln3 r-bcqeeo r-qvutc0\"><span class=\"css-901oao css-16my406 r-poiln3 r-bcqeeo r-qvutc0\">Os dejo este documental sobre Felipe Sandoval, un anarquista que se cri\u00f3 en Las Injurias, barrio que pertenec\u00eda a Arganzuela Adem\u00e1s de su vida, retrata un poco como era el barrio a comienzos del XX.<\/span><\/span><\/div>\n<div><a href=\"https:\/\/youtu.be\/29oLAQXqQiY\">https:\/\/youtu.be\/29oLAQXqQiY<\/a><\/div>\n<\/div>\n<\/div>\n<\/div>\n<\/div>\n<p>&nbsp;<\/p>\n","protected":false},"excerpt":{"rendered":"<p>Por Jos\u00e9 Ariza de la Cruz*<\/p>\n","protected":false},"author":79,"featured_media":141119,"comment_status":"open","ping_status":"closed","sticky":false,"template":"","format":"standard","meta":{"om_disable_all_campaigns":false,"inline_featured_image":false,"_monsterinsights_skip_tracking":false,"_monsterinsights_sitenote_active":false,"_monsterinsights_sitenote_note":"","_monsterinsights_sitenote_category":0,"footnotes":""},"categories":[242,5,82],"tags":[22585,5339,1541,163],"class_list":["post-141092","post","type-post","status-publish","format-standard","has-post-thumbnail","hentry","category-blog-de-invitado","category-opinion","category-urbanismo","tag-en-la-opinion-de","tag-gentrificacion","tag-madrid","tag-opinion"],"yoast_head":"<!-- This site is optimized with the Yoast SEO plugin v27.4 - https:\/\/yoast.com\/product\/yoast-seo-wordpress\/ -->\n<title>Madrid; historias de gentrificaci\u00f3n -<\/title>\n<meta name=\"description\" content=\"Por Jos\u00e9 Ariza de la Cruz* Uno de los procesos m\u00e1s importantes para comprender los cambios sociales en las ciudades es el de &quot;gentrificaci\u00f3n&quot; Voy a tratar\" \/>\n<meta name=\"robots\" content=\"index, follow, max-snippet:-1, max-image-preview:large, max-video-preview:-1\" \/>\n<link rel=\"canonical\" href=\"https:\/\/centrourbano.com\/revista\/opinion\/madrid-historias-de-gentrificacion\/\" \/>\n<meta property=\"og:locale\" content=\"es_ES\" \/>\n<meta property=\"og:type\" content=\"article\" \/>\n<meta property=\"og:title\" content=\"Madrid; historias de gentrificaci\u00f3n -\" \/>\n<meta property=\"og:description\" content=\"Por Jos\u00e9 Ariza de la Cruz* Uno de los procesos m\u00e1s importantes para comprender los cambios sociales en las ciudades es el de &quot;gentrificaci\u00f3n&quot; Voy a tratar\" \/>\n<meta property=\"og:url\" content=\"https:\/\/centrourbano.com\/revista\/opinion\/madrid-historias-de-gentrificacion\/\" \/>\n<meta property=\"og:site_name\" content=\"Centro Urbano\" \/>\n<meta property=\"article:publisher\" content=\"https:\/\/www.facebook.com\/portalcentrourbano\" \/>\n<meta property=\"article:published_time\" content=\"2023-07-17T22:13:08+00:00\" \/>\n<meta property=\"article:modified_time\" content=\"2023-10-24T19:54:06+00:00\" \/>\n<meta property=\"og:image\" content=\"https:\/\/centrourbano.com\/revista\/wp-content\/uploads\/Image_20230223_14228_218-p.m.-640x640-1.jpeg\" \/>\n\t<meta property=\"og:image:width\" content=\"640\" \/>\n\t<meta property=\"og:image:height\" content=\"640\" \/>\n\t<meta property=\"og:image:type\" content=\"image\/jpeg\" \/>\n<meta name=\"author\" content=\"Columnista invitado\" \/>\n<meta name=\"twitter:card\" content=\"summary_large_image\" \/>\n<meta name=\"twitter:creator\" content=\"@CentroUrbano\" \/>\n<meta name=\"twitter:site\" content=\"@CentroUrbano\" \/>\n<meta name=\"twitter:label1\" content=\"Escrito por\" \/>\n\t<meta name=\"twitter:data1\" content=\"Columnista invitado\" \/>\n\t<meta name=\"twitter:label2\" content=\"Tiempo de lectura\" \/>\n\t<meta name=\"twitter:data2\" content=\"5 minutos\" \/>\n<script type=\"application\/ld+json\" class=\"yoast-schema-graph\">{\"@context\":\"https:\\\/\\\/schema.org\",\"@graph\":[{\"@type\":\"Article\",\"@id\":\"https:\\\/\\\/centrourbano.com\\\/revista\\\/opinion\\\/madrid-historias-de-gentrificacion\\\/#article\",\"isPartOf\":{\"@id\":\"https:\\\/\\\/centrourbano.com\\\/revista\\\/opinion\\\/madrid-historias-de-gentrificacion\\\/\"},\"author\":{\"name\":\"Columnista invitado\",\"@id\":\"https:\\\/\\\/centrourbano.com\\\/revista\\\/#\\\/schema\\\/person\\\/e6418535cf1773eb361a8547aef500f5\"},\"headline\":\"Madrid; historias de gentrificaci\u00f3n\",\"datePublished\":\"2023-07-17T22:13:08+00:00\",\"dateModified\":\"2023-10-24T19:54:06+00:00\",\"mainEntityOfPage\":{\"@id\":\"https:\\\/\\\/centrourbano.com\\\/revista\\\/opinion\\\/madrid-historias-de-gentrificacion\\\/\"},\"wordCount\":968,\"commentCount\":0,\"publisher\":{\"@id\":\"https:\\\/\\\/centrourbano.com\\\/revista\\\/#organization\"},\"image\":{\"@id\":\"https:\\\/\\\/centrourbano.com\\\/revista\\\/opinion\\\/madrid-historias-de-gentrificacion\\\/#primaryimage\"},\"thumbnailUrl\":\"https:\\\/\\\/centrourbano.com\\\/revista\\\/wp-content\\\/uploads\\\/Image_20230223_14228_218-p.m.-640x640-1.jpeg\",\"keywords\":[\"En la opini\u00f3n de\",\"gentrificaci\u00f3n\",\"Madrid\",\"Opini\u00f3n\"],\"articleSection\":[\"En la opini\u00f3n de\",\"Opini\u00f3n\",\"Urbanismo\"],\"inLanguage\":\"es\",\"potentialAction\":[{\"@type\":\"CommentAction\",\"name\":\"Comment\",\"target\":[\"https:\\\/\\\/centrourbano.com\\\/revista\\\/opinion\\\/madrid-historias-de-gentrificacion\\\/#respond\"]}]},{\"@type\":\"WebPage\",\"@id\":\"https:\\\/\\\/centrourbano.com\\\/revista\\\/opinion\\\/madrid-historias-de-gentrificacion\\\/\",\"url\":\"https:\\\/\\\/centrourbano.com\\\/revista\\\/opinion\\\/madrid-historias-de-gentrificacion\\\/\",\"name\":\"Madrid; historias de gentrificaci\u00f3n -\",\"isPartOf\":{\"@id\":\"https:\\\/\\\/centrourbano.com\\\/revista\\\/#website\"},\"primaryImageOfPage\":{\"@id\":\"https:\\\/\\\/centrourbano.com\\\/revista\\\/opinion\\\/madrid-historias-de-gentrificacion\\\/#primaryimage\"},\"image\":{\"@id\":\"https:\\\/\\\/centrourbano.com\\\/revista\\\/opinion\\\/madrid-historias-de-gentrificacion\\\/#primaryimage\"},\"thumbnailUrl\":\"https:\\\/\\\/centrourbano.com\\\/revista\\\/wp-content\\\/uploads\\\/Image_20230223_14228_218-p.m.-640x640-1.jpeg\",\"datePublished\":\"2023-07-17T22:13:08+00:00\",\"dateModified\":\"2023-10-24T19:54:06+00:00\",\"description\":\"Por Jos\u00e9 Ariza de la Cruz* Uno de los procesos m\u00e1s importantes para comprender los cambios sociales en las ciudades es el de \\\"gentrificaci\u00f3n\\\" Voy a tratar\",\"breadcrumb\":{\"@id\":\"https:\\\/\\\/centrourbano.com\\\/revista\\\/opinion\\\/madrid-historias-de-gentrificacion\\\/#breadcrumb\"},\"inLanguage\":\"es\",\"potentialAction\":[{\"@type\":\"ReadAction\",\"target\":[\"https:\\\/\\\/centrourbano.com\\\/revista\\\/opinion\\\/madrid-historias-de-gentrificacion\\\/\"]}]},{\"@type\":\"ImageObject\",\"inLanguage\":\"es\",\"@id\":\"https:\\\/\\\/centrourbano.com\\\/revista\\\/opinion\\\/madrid-historias-de-gentrificacion\\\/#primaryimage\",\"url\":\"https:\\\/\\\/centrourbano.com\\\/revista\\\/wp-content\\\/uploads\\\/Image_20230223_14228_218-p.m.-640x640-1.jpeg\",\"contentUrl\":\"https:\\\/\\\/centrourbano.com\\\/revista\\\/wp-content\\\/uploads\\\/Image_20230223_14228_218-p.m.-640x640-1.jpeg\",\"width\":640,\"height\":640,\"caption\":\"Madrid; historias de gentrificaci\u00f3n\"},{\"@type\":\"BreadcrumbList\",\"@id\":\"https:\\\/\\\/centrourbano.com\\\/revista\\\/opinion\\\/madrid-historias-de-gentrificacion\\\/#breadcrumb\",\"itemListElement\":[{\"@type\":\"ListItem\",\"position\":1,\"name\":\"Portada\",\"item\":\"https:\\\/\\\/centrourbano.com\\\/revista\\\/\"},{\"@type\":\"ListItem\",\"position\":2,\"name\":\"Madrid; historias de gentrificaci\u00f3n\"}]},{\"@type\":\"WebSite\",\"@id\":\"https:\\\/\\\/centrourbano.com\\\/revista\\\/#website\",\"url\":\"https:\\\/\\\/centrourbano.com\\\/revista\\\/\",\"name\":\"Centro Urbano\",\"description\":\"Medio especializado en los sectores vivienda, inmobiliario, construcci\u00f3n, arquitectura y urbanismo.\",\"publisher\":{\"@id\":\"https:\\\/\\\/centrourbano.com\\\/revista\\\/#organization\"},\"potentialAction\":[{\"@type\":\"SearchAction\",\"target\":{\"@type\":\"EntryPoint\",\"urlTemplate\":\"https:\\\/\\\/centrourbano.com\\\/revista\\\/?s={search_term_string}\"},\"query-input\":{\"@type\":\"PropertyValueSpecification\",\"valueRequired\":true,\"valueName\":\"search_term_string\"}}],\"inLanguage\":\"es\"},{\"@type\":\"Organization\",\"@id\":\"https:\\\/\\\/centrourbano.com\\\/revista\\\/#organization\",\"name\":\"Centro Urbano\",\"url\":\"https:\\\/\\\/centrourbano.com\\\/revista\\\/\",\"logo\":{\"@type\":\"ImageObject\",\"inLanguage\":\"es\",\"@id\":\"https:\\\/\\\/centrourbano.com\\\/revista\\\/#\\\/schema\\\/logo\\\/image\\\/\",\"url\":\"https:\\\/\\\/centrourbano.com\\\/revista\\\/wp-content\\\/uploads\\\/web_CU_logo-1.png\",\"contentUrl\":\"https:\\\/\\\/centrourbano.com\\\/revista\\\/wp-content\\\/uploads\\\/web_CU_logo-1.png\",\"width\":350,\"height\":91,\"caption\":\"Centro Urbano\"},\"image\":{\"@id\":\"https:\\\/\\\/centrourbano.com\\\/revista\\\/#\\\/schema\\\/logo\\\/image\\\/\"},\"sameAs\":[\"https:\\\/\\\/www.facebook.com\\\/portalcentrourbano\",\"https:\\\/\\\/x.com\\\/CentroUrbano\",\"https:\\\/\\\/www.instagram.com\\\/centro_urbano\\\/\",\"https:\\\/\\\/www.linkedin.com\\\/company\\\/centro-urbano\\\/\",\"http:\\\/\\\/www.youtube.com\\\/user\\\/portalcentrourbano\"]},{\"@type\":\"Person\",\"@id\":\"https:\\\/\\\/centrourbano.com\\\/revista\\\/#\\\/schema\\\/person\\\/e6418535cf1773eb361a8547aef500f5\",\"name\":\"Columnista invitado\",\"image\":{\"@type\":\"ImageObject\",\"inLanguage\":\"es\",\"@id\":\"https:\\\/\\\/secure.gravatar.com\\\/avatar\\\/28ad1e0627b854b5cf28ba6c846a14c308bb67d33df98f6677cc46fe92222ece?s=96&d=mm&r=g\",\"url\":\"https:\\\/\\\/secure.gravatar.com\\\/avatar\\\/28ad1e0627b854b5cf28ba6c846a14c308bb67d33df98f6677cc46fe92222ece?s=96&d=mm&r=g\",\"contentUrl\":\"https:\\\/\\\/secure.gravatar.com\\\/avatar\\\/28ad1e0627b854b5cf28ba6c846a14c308bb67d33df98f6677cc46fe92222ece?s=96&d=mm&r=g\",\"caption\":\"Columnista invitado\"},\"url\":\"https:\\\/\\\/centrourbano.com\\\/revista\\\/author\\\/columnista-invitado\\\/\"}]}<\/script>\n<!-- \/ Yoast SEO plugin. -->","yoast_head_json":{"title":"Madrid; historias de gentrificaci\u00f3n -","description":"Por Jos\u00e9 Ariza de la Cruz* Uno de los procesos m\u00e1s importantes para comprender los cambios sociales en las ciudades es el de \"gentrificaci\u00f3n\" Voy a tratar","robots":{"index":"index","follow":"follow","max-snippet":"max-snippet:-1","max-image-preview":"max-image-preview:large","max-video-preview":"max-video-preview:-1"},"canonical":"https:\/\/centrourbano.com\/revista\/opinion\/madrid-historias-de-gentrificacion\/","og_locale":"es_ES","og_type":"article","og_title":"Madrid; historias de gentrificaci\u00f3n -","og_description":"Por Jos\u00e9 Ariza de la Cruz* Uno de los procesos m\u00e1s importantes para comprender los cambios sociales en las ciudades es el de \"gentrificaci\u00f3n\" Voy a tratar","og_url":"https:\/\/centrourbano.com\/revista\/opinion\/madrid-historias-de-gentrificacion\/","og_site_name":"Centro Urbano","article_publisher":"https:\/\/www.facebook.com\/portalcentrourbano","article_published_time":"2023-07-17T22:13:08+00:00","article_modified_time":"2023-10-24T19:54:06+00:00","og_image":[{"width":640,"height":640,"url":"https:\/\/centrourbano.com\/revista\/wp-content\/uploads\/Image_20230223_14228_218-p.m.-640x640-1.jpeg","type":"image\/jpeg"}],"author":"Columnista invitado","twitter_card":"summary_large_image","twitter_creator":"@CentroUrbano","twitter_site":"@CentroUrbano","twitter_misc":{"Escrito por":"Columnista invitado","Tiempo de lectura":"5 minutos"},"schema":{"@context":"https:\/\/schema.org","@graph":[{"@type":"Article","@id":"https:\/\/centrourbano.com\/revista\/opinion\/madrid-historias-de-gentrificacion\/#article","isPartOf":{"@id":"https:\/\/centrourbano.com\/revista\/opinion\/madrid-historias-de-gentrificacion\/"},"author":{"name":"Columnista invitado","@id":"https:\/\/centrourbano.com\/revista\/#\/schema\/person\/e6418535cf1773eb361a8547aef500f5"},"headline":"Madrid; historias de gentrificaci\u00f3n","datePublished":"2023-07-17T22:13:08+00:00","dateModified":"2023-10-24T19:54:06+00:00","mainEntityOfPage":{"@id":"https:\/\/centrourbano.com\/revista\/opinion\/madrid-historias-de-gentrificacion\/"},"wordCount":968,"commentCount":0,"publisher":{"@id":"https:\/\/centrourbano.com\/revista\/#organization"},"image":{"@id":"https:\/\/centrourbano.com\/revista\/opinion\/madrid-historias-de-gentrificacion\/#primaryimage"},"thumbnailUrl":"https:\/\/centrourbano.com\/revista\/wp-content\/uploads\/Image_20230223_14228_218-p.m.-640x640-1.jpeg","keywords":["En la opini\u00f3n de","gentrificaci\u00f3n","Madrid","Opini\u00f3n"],"articleSection":["En la opini\u00f3n de","Opini\u00f3n","Urbanismo"],"inLanguage":"es","potentialAction":[{"@type":"CommentAction","name":"Comment","target":["https:\/\/centrourbano.com\/revista\/opinion\/madrid-historias-de-gentrificacion\/#respond"]}]},{"@type":"WebPage","@id":"https:\/\/centrourbano.com\/revista\/opinion\/madrid-historias-de-gentrificacion\/","url":"https:\/\/centrourbano.com\/revista\/opinion\/madrid-historias-de-gentrificacion\/","name":"Madrid; historias de gentrificaci\u00f3n -","isPartOf":{"@id":"https:\/\/centrourbano.com\/revista\/#website"},"primaryImageOfPage":{"@id":"https:\/\/centrourbano.com\/revista\/opinion\/madrid-historias-de-gentrificacion\/#primaryimage"},"image":{"@id":"https:\/\/centrourbano.com\/revista\/opinion\/madrid-historias-de-gentrificacion\/#primaryimage"},"thumbnailUrl":"https:\/\/centrourbano.com\/revista\/wp-content\/uploads\/Image_20230223_14228_218-p.m.-640x640-1.jpeg","datePublished":"2023-07-17T22:13:08+00:00","dateModified":"2023-10-24T19:54:06+00:00","description":"Por Jos\u00e9 Ariza de la Cruz* Uno de los procesos m\u00e1s importantes para comprender los cambios sociales en las ciudades es el de \"gentrificaci\u00f3n\" Voy a tratar","breadcrumb":{"@id":"https:\/\/centrourbano.com\/revista\/opinion\/madrid-historias-de-gentrificacion\/#breadcrumb"},"inLanguage":"es","potentialAction":[{"@type":"ReadAction","target":["https:\/\/centrourbano.com\/revista\/opinion\/madrid-historias-de-gentrificacion\/"]}]},{"@type":"ImageObject","inLanguage":"es","@id":"https:\/\/centrourbano.com\/revista\/opinion\/madrid-historias-de-gentrificacion\/#primaryimage","url":"https:\/\/centrourbano.com\/revista\/wp-content\/uploads\/Image_20230223_14228_218-p.m.-640x640-1.jpeg","contentUrl":"https:\/\/centrourbano.com\/revista\/wp-content\/uploads\/Image_20230223_14228_218-p.m.-640x640-1.jpeg","width":640,"height":640,"caption":"Madrid; historias de gentrificaci\u00f3n"},{"@type":"BreadcrumbList","@id":"https:\/\/centrourbano.com\/revista\/opinion\/madrid-historias-de-gentrificacion\/#breadcrumb","itemListElement":[{"@type":"ListItem","position":1,"name":"Portada","item":"https:\/\/centrourbano.com\/revista\/"},{"@type":"ListItem","position":2,"name":"Madrid; historias de gentrificaci\u00f3n"}]},{"@type":"WebSite","@id":"https:\/\/centrourbano.com\/revista\/#website","url":"https:\/\/centrourbano.com\/revista\/","name":"Centro Urbano","description":"Medio especializado en los sectores vivienda, inmobiliario, construcci\u00f3n, arquitectura y urbanismo.","publisher":{"@id":"https:\/\/centrourbano.com\/revista\/#organization"},"potentialAction":[{"@type":"SearchAction","target":{"@type":"EntryPoint","urlTemplate":"https:\/\/centrourbano.com\/revista\/?s={search_term_string}"},"query-input":{"@type":"PropertyValueSpecification","valueRequired":true,"valueName":"search_term_string"}}],"inLanguage":"es"},{"@type":"Organization","@id":"https:\/\/centrourbano.com\/revista\/#organization","name":"Centro Urbano","url":"https:\/\/centrourbano.com\/revista\/","logo":{"@type":"ImageObject","inLanguage":"es","@id":"https:\/\/centrourbano.com\/revista\/#\/schema\/logo\/image\/","url":"https:\/\/centrourbano.com\/revista\/wp-content\/uploads\/web_CU_logo-1.png","contentUrl":"https:\/\/centrourbano.com\/revista\/wp-content\/uploads\/web_CU_logo-1.png","width":350,"height":91,"caption":"Centro Urbano"},"image":{"@id":"https:\/\/centrourbano.com\/revista\/#\/schema\/logo\/image\/"},"sameAs":["https:\/\/www.facebook.com\/portalcentrourbano","https:\/\/x.com\/CentroUrbano","https:\/\/www.instagram.com\/centro_urbano\/","https:\/\/www.linkedin.com\/company\/centro-urbano\/","http:\/\/www.youtube.com\/user\/portalcentrourbano"]},{"@type":"Person","@id":"https:\/\/centrourbano.com\/revista\/#\/schema\/person\/e6418535cf1773eb361a8547aef500f5","name":"Columnista invitado","image":{"@type":"ImageObject","inLanguage":"es","@id":"https:\/\/secure.gravatar.com\/avatar\/28ad1e0627b854b5cf28ba6c846a14c308bb67d33df98f6677cc46fe92222ece?s=96&d=mm&r=g","url":"https:\/\/secure.gravatar.com\/avatar\/28ad1e0627b854b5cf28ba6c846a14c308bb67d33df98f6677cc46fe92222ece?s=96&d=mm&r=g","contentUrl":"https:\/\/secure.gravatar.com\/avatar\/28ad1e0627b854b5cf28ba6c846a14c308bb67d33df98f6677cc46fe92222ece?s=96&d=mm&r=g","caption":"Columnista invitado"},"url":"https:\/\/centrourbano.com\/revista\/author\/columnista-invitado\/"}]}},"_links":{"self":[{"href":"https:\/\/centrourbano.com\/revista\/wp-json\/wp\/v2\/posts\/141092","targetHints":{"allow":["GET"]}}],"collection":[{"href":"https:\/\/centrourbano.com\/revista\/wp-json\/wp\/v2\/posts"}],"about":[{"href":"https:\/\/centrourbano.com\/revista\/wp-json\/wp\/v2\/types\/post"}],"author":[{"embeddable":true,"href":"https:\/\/centrourbano.com\/revista\/wp-json\/wp\/v2\/users\/79"}],"replies":[{"embeddable":true,"href":"https:\/\/centrourbano.com\/revista\/wp-json\/wp\/v2\/comments?post=141092"}],"version-history":[{"count":3,"href":"https:\/\/centrourbano.com\/revista\/wp-json\/wp\/v2\/posts\/141092\/revisions"}],"predecessor-version":[{"id":143660,"href":"https:\/\/centrourbano.com\/revista\/wp-json\/wp\/v2\/posts\/141092\/revisions\/143660"}],"wp:featuredmedia":[{"embeddable":true,"href":"https:\/\/centrourbano.com\/revista\/wp-json\/wp\/v2\/media\/141119"}],"wp:attachment":[{"href":"https:\/\/centrourbano.com\/revista\/wp-json\/wp\/v2\/media?parent=141092"}],"wp:term":[{"taxonomy":"category","embeddable":true,"href":"https:\/\/centrourbano.com\/revista\/wp-json\/wp\/v2\/categories?post=141092"},{"taxonomy":"post_tag","embeddable":true,"href":"https:\/\/centrourbano.com\/revista\/wp-json\/wp\/v2\/tags?post=141092"}],"curies":[{"name":"wp","href":"https:\/\/api.w.org\/{rel}","templated":true}]}}