{"id":140831,"date":"2023-07-05T19:15:58","date_gmt":"2023-07-06T01:15:58","guid":{"rendered":"https:\/\/centrourbano.com\/?p=140831"},"modified":"2023-07-05T19:01:06","modified_gmt":"2023-07-06T01:01:06","slug":"en-la-ciudad-la-mejor-movilidad-es-no-moverse-felix-sanchez","status":"publish","type":"post","link":"https:\/\/centrourbano.com\/revista\/vivienda\/en-la-ciudad-la-mejor-movilidad-es-no-moverse-felix-sanchez\/","title":{"rendered":"En la ciudad, la mejor movilidad es no moverse: F\u00e9lix S\u00e1nchez"},"content":{"rendered":"<p><i><span style=\"font-weight: 400;\">Para poder brindar una alta calidad de vida, lo ideal ser\u00eda establecerse en localidades que tengan escencia de barrio, donde los habitantes puedan acceder f\u00e1cilmente a diferentes servicios.<br \/>\n<\/span><\/i><!--more--><\/p>\n<p><span style=\"font-weight: 400;\">Debido a la distancia entre su vivienda y su centro de trabajo, una gran cantidad de personas tienen la necesidad de pasar largos periodos desplaz\u00e1ndose por la ciudad, lo cual representa un desgaste en los habitantes. Ante ello, el reconocido arquitecto <strong>F\u00e9lix Sanchez<\/strong>, fundador de S\u00e1nchez Arquitectos y Asociados, sostiene la idea que mientras menos se desplacen las personas es mejor.\u00a0<\/span><\/p>\n<blockquote><p><span style=\"font-weight: 400;\">\u201cEl futuro de la ciudad, o en general de la mejor movilidad, es no moverse aunque el tema de este siglo es la movilidad, pero no de un sitio a otro, sino para irnos a vivir a otros lados\u201d, afirm\u00f3.<\/span><\/p><\/blockquote>\n<p><span style=\"font-weight: 400;\">En entrevista con <strong><a href=\"https:\/\/www.facebook.com\/ViviendaRevista\">Revista Vivienda<\/a><\/strong>, el arquitecto se\u00f1al\u00f3 que en el caso de la Ciudad de M\u00e9xico, a pesar de que tiene diversos puntos atractivos, presenta un gran desequilibrio. Y en consecuencia la ciudad est\u00e1 fragmentada, lo que provoca que los habitantes deban desplazarse distancias largas.<\/span><\/p>\n<blockquote><p><span style=\"font-weight: 400;\">\u201c(La CDMX) te ofrece todo, pero es muy contrastada, es muy desequilibrada, es muy injusta. Hay zonas perfectamente urbanas, cosmopolitas maravillosas, y hay muchas que no est\u00e1n. Y ese es el tema, que yo no entiendo por qu\u00e9 la autoridad no piensa en serio en una cosa de planeaci\u00f3n, porque siempre hemos estado en el problema del oriente, el poniente, el norte y el sur, cuando todo debe de ser una ciudad\u201d, indic\u00f3.<\/span><\/p><\/blockquote>\n<p><span style=\"font-weight: 400;\">Sin embargo, S\u00e1nchez resalt\u00f3 que el estilo de vida actual no solo es producto del gobierno, pues tambi\u00e9n los capitalinos tienen una gran influencia en ello; ya que al envolverse en lo cotidiano, los capitalinos dejan de lado las peque\u00f1as cosas que contribuyen a una calidad de vida m\u00e1s alta.<\/span><\/p>\n<blockquote><p><span style=\"font-weight: 400;\">\u201cVamos a resolver el problema de esta ciudad poni\u00e9ndonos las pilas, d\u00e1ndole valor a los n\u00facleos peque\u00f1os, a los barrios, a las calles, al vecino; tenemos que cambiar de manera de pensar y ser realmente urbanitas (&#8230;) la verdad es que caminar es buen\u00edsimo para la salud y es padr\u00edsimo porque vas caminando y te vas encontrando a gente que no conoces, pero que son tus conocidos porque los ves todos los d\u00edas y eso te da una estabilidad y una seguridad\u201d, explic\u00f3.<\/span><\/p><\/blockquote>\n<p><span style=\"font-weight: 400;\">Por ello, el tambi\u00e9n profesor apunt\u00f3 que la extensi\u00f3n y amenidades de una casa pasan a segundo t\u00e9rmino, pues en su opini\u00f3n, la cercan\u00eda con diferentes lugares y servicios es m\u00e1s valiosa.<\/span><\/p>\n<blockquote><p><span style=\"font-weight: 400;\">\u201cEl punto, digamos clave de la discusi\u00f3n, es que es mucho mejor una buena ciudad que la mejor casa. De qu\u00e9 me sirve tener un gran jard\u00edn si tengo que tomar el coche para ir a comprar cualquier cosa\u201d, coment\u00f3.<\/span><\/p><\/blockquote>\n<h2><strong>N\u00f3madas digitales, \u00bfllegaron a beneficiar o a afectar?<\/strong><\/h2>\n<p><span style=\"font-weight: 400;\">Por otra parte, el fundador de S\u00e1nchez Arquitectos y Asociados argument\u00f3 que los n\u00f3madas digitales llegaron a enriquecer y ampliar la diversidad cultural que ya alberga la CDMX. Adem\u00e1s de que, de primera mano, los extranjeros pueden constatar lo que M\u00e9xico tiene para ofrecer al mundo.<\/span><\/p>\n<blockquote><p><span style=\"font-weight: 400;\">\u201cYo digo que a nuestro barrio le ha hecho mucho bien. Yo estoy contento que hay esta mezcla, porque es muestra de orgullo ver c\u00f3mo disfrutan el parque; ves c\u00f3mo est\u00e1n las calles, los restaurantes (&#8230;) disfrutan una comida y disfrutan la calidad humana del mexicano que es muy servicial, muy amigable, todo el mundo te dice c\u00f3mo llegar y eso es calidad humana, que es un valor agregado a esta ciudad\u201d, se\u00f1al\u00f3.<\/span><\/p><\/blockquote>\n<p><span style=\"font-weight: 400;\">No obstante, el arquitecto insisti\u00f3 que la llegada de los n\u00f3madas digitales ha resaltado la brecha econ\u00f3mica que presentan algunas zonas de la ciudad.\u00a0<\/span><\/p>\n<blockquote><p><span style=\"font-weight: 400;\">\u201cAqu\u00ed hay indigentes viviendo en el parque, hay gente pobre viviendo en la azotea, hay gente trabajando en una vulcanizadora; pero tambi\u00e9n hay gente que paga 2000 pesos por una comida. Entonces es lo que te ofrece en la ciudad, una amplia gama la mezcla\u201d, afirm\u00f3.<\/span><\/p><\/blockquote>\n<p><span style=\"font-weight: 400;\">En ese sentido, la gentrificaci\u00f3n en algunas de la ciudad es una de las consecuencias de dicha mezcla y diferencia de niveles econ\u00f3micos. Sin embargo, F\u00e9lix S\u00e1nchez asegur\u00f3 que para evitar la migraci\u00f3n, las administraciones, en este caso, el gobierno de la CDMX, deben realizar acciones que les permitan a los habitantes originarios poder costearse la vida en la zona y tener una buena calidad de vida.<\/span><\/p>\n<blockquote><p><span style=\"font-weight: 400;\">\u201cHay que evitar que la gente se vaya, hay que ofrecer que puedan seguir estando aqu\u00ed. Pero, evidentemente, \u00bfa d\u00f3nde voy a ir a vender palomitas, o pepitas, o lo que sea? A donde est\u00e1 la gente. Y, \u00bfd\u00f3nde est\u00e1 la gente? En las cosas buenas. Entonces, autoridades, dense cuenta, hay que pensar en la ciudad, en la banqueta; si hay algo desastroso en la CDMX son las banquetas; no hay banquetas por donde puedas caminar.Y entonces, \u00bfpor qu\u00e9 no pensamos en eso, porque no pensamos en acciones concretas a nivel de barrio en todos los barrios?\u201d, plante\u00f3.<\/span><\/p><\/blockquote>\n<p><span style=\"font-weight: 400;\">Siguiendo esa l\u00f3gica, el arquitecto detall\u00f3 que las obras que realicen los gobiernos deben hacerse pensando en brindar espacios que den el sentimiento de pertenecer a un barrio, para que las personas tengan el inter\u00e9s de utilizarlos y adue\u00f1arse de ellos. As\u00ed, al hacer esto en cada colonia, las administraciones lograr\u00e1n que la ciudad sea m\u00e1s heterog\u00e9nea\u00a0<\/span><\/p>\n<blockquote><p><span style=\"font-weight: 400;\">\u201cVamos a invertir en lo que genera la sensaci\u00f3n o la raz\u00f3n de ser de un barrio, una plaza, un jard\u00edn, un equipamiento bueno. Veamos cu\u00e1ntos barrios hay en la Ciudad de M\u00e9xico y\u00a0 empecemos a actuar en el mercado, en la plaza, en esas cosas que hacen que la gente vaya\u201d, se\u00f1al\u00f3.\u00a0<\/span><\/p><\/blockquote>\n<p><span style=\"font-weight: 400;\">En cuanto a una visi\u00f3n futurista, F\u00e9lix S\u00e1nchez expuso que con el avance de la tecnolog\u00eda, las personas tendr\u00e1n m\u00e1s tiempo libre por lo que necesitar\u00e1n m\u00e1s espacios de ocio donde podr\u00e1n reflexionar y desarrollar su creatividad. En consecuencia, las localidades deben estar preparadas y deben ir construyendo estos espacios donde los habitantes podr\u00e1n desenvolverse.<\/span><\/p>\n<h2><b>El papel del arquitecto en la actualidad\u00a0<\/b><\/h2>\n<p><span style=\"font-weight: 400;\">A causa de ello, en pocas palabras, el arquitecto resumi\u00f3 la labor que debe regir a los arquitectos actualmente: hacer f\u00e1cil lo cotidiano. Idea que conecta con su afirmaci\u00f3n de que es mejor no tener la necesidad de moverse grandes distancias.\u00a0<\/span><\/p>\n<blockquote><p><span style=\"font-weight: 400;\">\u201cLa gran ciudad es una ciudad en donde en una cuadra puedes decir: \u2018mira el pan, ah\u00ed lo venden muy bien; ac\u00e1 est\u00e1 este cuate que vende unas verduras buen\u00edsimas; aqu\u00ed hay un carnicero\u2019, etc\u00e9tera\u201d, explic\u00f3.<\/span><\/p><\/blockquote>\n<p><span style=\"font-weight: 400;\">Igualmente, en su opini\u00f3n, los arquitectos deben tener una vocaci\u00f3n de servicio, para que est\u00e9n dispuestos a cubrir las necesidades de sus futuros clientes.<\/span><\/p>\n<blockquote><p><span style=\"font-weight: 400;\">\u201cTienen que saber que lo que hacen es algo \u00fatil que la gente necesita. Lo importante es c\u00f3mo vas a satisfacer a tu cliente, para que efectivamente, pueda hacer de una manera m\u00e1s f\u00e1cil lo que tiene que hacer todos los d\u00edas. (Por ejemplo) Si yo quiero salir a correr, \u00bfd\u00f3nde corro si no hay un lugar?; si yo quiero que entre el sol a mi casa, bueno pues no pongas los edificios as\u00ed como chorizo. El arquitecto es un cuate que tiene que tener una capacidad muy impresionante para entender muchas cosas, no nada m\u00e1s lo f\u00edsico: c\u00f3mo sale el sol, c\u00f3mo se pone que si llueve; es decir, la gente qu\u00e9 es lo que hace cotidianamente\u201d.<\/span><\/p><\/blockquote>\n<p><span style=\"font-weight: 400;\">Por lo tanto, consider\u00f3, el arquitecto deber\u00eda de ser capaz de proveer a los ciudadanos inmuebles que puedan ajustarse a sus necesidades; raz\u00f3n por la deben de estar actualizados y preparados para adaptarse a nuevas circunstancias.<\/span><\/p>\n<blockquote><p><span style=\"font-weight: 400;\">\u201cYa no voy a poder mantener una oficina de 400 metros o de 300, a lo mejor voy a estar en mi casa y me voy a ir a un coworking a tener una junta. Oye, pues aqu\u00ed porque tengo una opci\u00f3n aqu\u00ed, la otra est\u00e1 all\u00e1 y la otra est\u00e1 ac\u00e1; y me muevo porque ese tema de la movilidad va a existir de una manera brutal, porque despu\u00e9s de tres a\u00f1os en donde no pudiste salir, ahora todo mundo va a querer salir\u201d, plante\u00f3.<\/span><\/p><\/blockquote>\n<p><span style=\"font-weight: 400;\">Respecto a la actualizaci\u00f3n, S\u00e1nchez afirm\u00f3 que para conseguir una vida de barrio no es necesario derribar y construir de cero, pues es posible realizar cambios y mejoras en edificios para conseguir el objetivo deseado.<\/span><\/p>\n<blockquote><p><span style=\"font-weight: 400;\">\u201cVe ahorita la cantidad de intervenciones que est\u00e1 teniendo el familiar Miguel Alem\u00e1n, de cosas que ah\u00ed est\u00e1n que son una joya de Mario Pani y la gente nueva los ha remodelado y\u00a0 est\u00e1n dejando departamentos que dices yo quiero vivir ah\u00ed. Finalmente una utop\u00eda construida que puede dar luz a lo que puede ser la vida en un barrio\u201d, platic\u00f3.<\/span><\/p><\/blockquote>\n<p><span style=\"font-weight: 400;\">Para reforzar la idea de no destruir, sino reinventar los inmuebles, el arquitecto coment\u00f3 que est\u00e1 trabajando en un proyecto donde le dar\u00e1 un nuevo sentido a algunas casas.<\/span><\/p>\n<blockquote><p><span style=\"font-weight: 400;\">\u201cAhorita estamos intentando hacer un desarrollo; son cinco casas o seis casas viejas. El primer argumento es no las destruyamos, va a ser m\u00e1s barato rehacer que hacer. Estamos pensando en eso, que si hacemos un pol\u00edgono, que si ganamos un poco de densidad, estamos argumentando sobre una cosa que ya est\u00e1 construida. Ese es mucho del futuro de la Ciudad de M\u00e9xico, empezar a meternos en cosas que ya est\u00e1n, darles un toque y actualizarlo\u201d, explic\u00f3.<\/span><\/p><\/blockquote>\n<p><span style=\"font-weight: 400;\">Finalmente, F\u00e9lix Sanchez resalt\u00f3 que es importante no olvidar la arquitectura y los inmuebles antiguos, ya que pueden, de diferentes maneras, ser rescatados y renovados.<\/span><\/p>\n<blockquote><p><span style=\"font-weight: 400;\">\u201cHay muchas cosas que ya est\u00e1n hechos que valen la pena actualizar, que les demos un toque y me parece que por ah\u00ed hay un gran futuro. Hay muchos ejemplos ya hechos de gente que no destruy\u00f3\u201d, concluy\u00f3.<br \/>\n<\/span><\/p><\/blockquote>\n<p style=\"text-align: center;\"><b>Este texto se incluye en la edici\u00f3n\u00a0<a href=\"https:\/\/centrourbano.com\/impresos\/revista-vivienda-may-jun-2023\/\">Mayo-Junio 2023<\/a>\u00a0<\/b><b>de la\u00a0<\/b><a href=\"https:\/\/www.facebook.com\/ViviendaRevista\" target=\"_blank\" rel=\"noopener\"><strong>Revista Vivienda<\/strong><\/a><\/p>\n<img loading=\"lazy\" decoding=\"async\" class=\"size-full wp-image-140833 aligncenter\" src=\"https:\/\/centrourbano.com\/revista\/wp-content\/uploads\/354433447_734767498656304_2122476463704595191_n.jpg\" alt=\"\" width=\"1253\" height=\"1246\" srcset=\"https:\/\/centrourbano.com\/revista\/wp-content\/uploads\/354433447_734767498656304_2122476463704595191_n.jpg 1253w, https:\/\/centrourbano.com\/revista\/wp-content\/uploads\/354433447_734767498656304_2122476463704595191_n-300x298.jpg 300w, https:\/\/centrourbano.com\/revista\/wp-content\/uploads\/354433447_734767498656304_2122476463704595191_n-1000x994.jpg 1000w, https:\/\/centrourbano.com\/revista\/wp-content\/uploads\/354433447_734767498656304_2122476463704595191_n-150x150.jpg 150w, https:\/\/centrourbano.com\/revista\/wp-content\/uploads\/354433447_734767498656304_2122476463704595191_n-768x764.jpg 768w, https:\/\/centrourbano.com\/revista\/wp-content\/uploads\/354433447_734767498656304_2122476463704595191_n-160x160.jpg 160w, https:\/\/centrourbano.com\/revista\/wp-content\/uploads\/354433447_734767498656304_2122476463704595191_n-255x255.jpg 255w, https:\/\/centrourbano.com\/revista\/wp-content\/uploads\/354433447_734767498656304_2122476463704595191_n-65x65.jpg 65w\" sizes=\"auto, (max-width: 1253px) 100vw, 1253px\" \/>\n<p>&nbsp;<\/p>\n<p>&nbsp;<\/p>\n","protected":false},"excerpt":{"rendered":"<p>Para poder brindar una alta calidad de vida, lo ideal ser\u00eda establecerse en localidades que tengan escencia de barrio, donde los habitantes puedan acceder f\u00e1cilmente a diferentes servicios.<\/p>\n","protected":false},"author":88,"featured_media":140835,"comment_status":"open","ping_status":"closed","sticky":false,"template":"","format":"standard","meta":{"om_disable_all_campaigns":false,"inline_featured_image":false,"_monsterinsights_skip_tracking":false,"_monsterinsights_sitenote_active":false,"_monsterinsights_sitenote_note":"","_monsterinsights_sitenote_category":0,"footnotes":""},"categories":[13,7860,12],"tags":[132,23203,18310,487,22293,2310],"class_list":["post-140831","post","type-post","status-publish","format-standard","has-post-thumbnail","hentry","category-entrevistas","category-revista-vivienda","category-vivienda","tag-ciudad","tag-en-entrevista","tag-felix-sanchez","tag-movilidad","tag-nomadas-digitales","tag-revista-vivienda"],"yoast_head":"<!-- This site is optimized with the Yoast SEO plugin v27.4 - https:\/\/yoast.com\/product\/yoast-seo-wordpress\/ -->\n<title>En la ciudad, la mejor movilidad es no moverse: F\u00e9lix S\u00e1nchez -<\/title>\n<meta name=\"description\" content=\"Para poder brindar una alta calidad de vida, lo ideal ser\u00eda establecerse en localidades que tengan escencia de barrio, donde los habitantes puedan acceder\" \/>\n<meta name=\"robots\" content=\"index, follow, max-snippet:-1, max-image-preview:large, max-video-preview:-1\" \/>\n<link rel=\"canonical\" href=\"https:\/\/centrourbano.com\/revista\/vivienda\/en-la-ciudad-la-mejor-movilidad-es-no-moverse-felix-sanchez\/\" \/>\n<meta property=\"og:locale\" content=\"es_ES\" \/>\n<meta property=\"og:type\" content=\"article\" \/>\n<meta property=\"og:title\" content=\"En la ciudad, la mejor movilidad es no moverse: F\u00e9lix S\u00e1nchez -\" \/>\n<meta property=\"og:description\" content=\"Para poder brindar una alta calidad de vida, lo ideal ser\u00eda establecerse en localidades que tengan escencia de barrio, donde los habitantes puedan acceder\" \/>\n<meta property=\"og:url\" content=\"https:\/\/centrourbano.com\/revista\/vivienda\/en-la-ciudad-la-mejor-movilidad-es-no-moverse-felix-sanchez\/\" \/>\n<meta property=\"og:site_name\" content=\"Centro Urbano\" \/>\n<meta property=\"article:publisher\" content=\"https:\/\/www.facebook.com\/portalcentrourbano\" \/>\n<meta property=\"article:published_time\" content=\"2023-07-06T01:15:58+00:00\" \/>\n<meta property=\"og:image\" content=\"https:\/\/centrourbano.com\/revista\/wp-content\/uploads\/Diseno-sin-titulo-8-3.png\" \/>\n\t<meta property=\"og:image:width\" content=\"800\" \/>\n\t<meta property=\"og:image:height\" content=\"800\" \/>\n\t<meta property=\"og:image:type\" content=\"image\/png\" \/>\n<meta name=\"author\" content=\"Rebeca Romero\" \/>\n<meta name=\"twitter:card\" content=\"summary_large_image\" \/>\n<meta name=\"twitter:creator\" content=\"@CentroUrbano\" \/>\n<meta name=\"twitter:site\" content=\"@CentroUrbano\" \/>\n<meta name=\"twitter:label1\" content=\"Escrito por\" \/>\n\t<meta name=\"twitter:data1\" content=\"Rebeca Romero\" \/>\n\t<meta name=\"twitter:label2\" content=\"Tiempo de lectura\" \/>\n\t<meta name=\"twitter:data2\" content=\"9 minutos\" \/>\n<script type=\"application\/ld+json\" class=\"yoast-schema-graph\">{\"@context\":\"https:\\\/\\\/schema.org\",\"@graph\":[{\"@type\":\"Article\",\"@id\":\"https:\\\/\\\/centrourbano.com\\\/revista\\\/vivienda\\\/en-la-ciudad-la-mejor-movilidad-es-no-moverse-felix-sanchez\\\/#article\",\"isPartOf\":{\"@id\":\"https:\\\/\\\/centrourbano.com\\\/revista\\\/vivienda\\\/en-la-ciudad-la-mejor-movilidad-es-no-moverse-felix-sanchez\\\/\"},\"author\":{\"name\":\"Rebeca Romero\",\"@id\":\"https:\\\/\\\/centrourbano.com\\\/revista\\\/#\\\/schema\\\/person\\\/c665f1c60da3ad48cd761a707b7090b0\"},\"headline\":\"En la ciudad, la mejor movilidad es no moverse: F\u00e9lix S\u00e1nchez\",\"datePublished\":\"2023-07-06T01:15:58+00:00\",\"mainEntityOfPage\":{\"@id\":\"https:\\\/\\\/centrourbano.com\\\/revista\\\/vivienda\\\/en-la-ciudad-la-mejor-movilidad-es-no-moverse-felix-sanchez\\\/\"},\"wordCount\":1720,\"commentCount\":0,\"publisher\":{\"@id\":\"https:\\\/\\\/centrourbano.com\\\/revista\\\/#organization\"},\"image\":{\"@id\":\"https:\\\/\\\/centrourbano.com\\\/revista\\\/vivienda\\\/en-la-ciudad-la-mejor-movilidad-es-no-moverse-felix-sanchez\\\/#primaryimage\"},\"thumbnailUrl\":\"https:\\\/\\\/centrourbano.com\\\/revista\\\/wp-content\\\/uploads\\\/Diseno-sin-titulo-8-3.png\",\"keywords\":[\"Ciudad\",\"En entrevista\",\"F\u00e9lix S\u00e1nchez\",\"movilidad\",\"N\u00f3madas digitales\",\"Revista Vivienda\"],\"articleSection\":[\"Entrevistas\",\"Revista Vivienda\",\"Vivienda\"],\"inLanguage\":\"es\",\"potentialAction\":[{\"@type\":\"CommentAction\",\"name\":\"Comment\",\"target\":[\"https:\\\/\\\/centrourbano.com\\\/revista\\\/vivienda\\\/en-la-ciudad-la-mejor-movilidad-es-no-moverse-felix-sanchez\\\/#respond\"]}]},{\"@type\":\"WebPage\",\"@id\":\"https:\\\/\\\/centrourbano.com\\\/revista\\\/vivienda\\\/en-la-ciudad-la-mejor-movilidad-es-no-moverse-felix-sanchez\\\/\",\"url\":\"https:\\\/\\\/centrourbano.com\\\/revista\\\/vivienda\\\/en-la-ciudad-la-mejor-movilidad-es-no-moverse-felix-sanchez\\\/\",\"name\":\"En la ciudad, la mejor movilidad es no moverse: F\u00e9lix S\u00e1nchez -\",\"isPartOf\":{\"@id\":\"https:\\\/\\\/centrourbano.com\\\/revista\\\/#website\"},\"primaryImageOfPage\":{\"@id\":\"https:\\\/\\\/centrourbano.com\\\/revista\\\/vivienda\\\/en-la-ciudad-la-mejor-movilidad-es-no-moverse-felix-sanchez\\\/#primaryimage\"},\"image\":{\"@id\":\"https:\\\/\\\/centrourbano.com\\\/revista\\\/vivienda\\\/en-la-ciudad-la-mejor-movilidad-es-no-moverse-felix-sanchez\\\/#primaryimage\"},\"thumbnailUrl\":\"https:\\\/\\\/centrourbano.com\\\/revista\\\/wp-content\\\/uploads\\\/Diseno-sin-titulo-8-3.png\",\"datePublished\":\"2023-07-06T01:15:58+00:00\",\"description\":\"Para poder brindar una alta calidad de vida, lo ideal ser\u00eda establecerse en localidades que tengan escencia de barrio, donde los habitantes puedan acceder\",\"breadcrumb\":{\"@id\":\"https:\\\/\\\/centrourbano.com\\\/revista\\\/vivienda\\\/en-la-ciudad-la-mejor-movilidad-es-no-moverse-felix-sanchez\\\/#breadcrumb\"},\"inLanguage\":\"es\",\"potentialAction\":[{\"@type\":\"ReadAction\",\"target\":[\"https:\\\/\\\/centrourbano.com\\\/revista\\\/vivienda\\\/en-la-ciudad-la-mejor-movilidad-es-no-moverse-felix-sanchez\\\/\"]}]},{\"@type\":\"ImageObject\",\"inLanguage\":\"es\",\"@id\":\"https:\\\/\\\/centrourbano.com\\\/revista\\\/vivienda\\\/en-la-ciudad-la-mejor-movilidad-es-no-moverse-felix-sanchez\\\/#primaryimage\",\"url\":\"https:\\\/\\\/centrourbano.com\\\/revista\\\/wp-content\\\/uploads\\\/Diseno-sin-titulo-8-3.png\",\"contentUrl\":\"https:\\\/\\\/centrourbano.com\\\/revista\\\/wp-content\\\/uploads\\\/Diseno-sin-titulo-8-3.png\",\"width\":800,\"height\":800,\"caption\":\"En la ciudad, la mejor movilidad es no moverse: F\u00e9lix S\u00e1nchez\"},{\"@type\":\"BreadcrumbList\",\"@id\":\"https:\\\/\\\/centrourbano.com\\\/revista\\\/vivienda\\\/en-la-ciudad-la-mejor-movilidad-es-no-moverse-felix-sanchez\\\/#breadcrumb\",\"itemListElement\":[{\"@type\":\"ListItem\",\"position\":1,\"name\":\"Portada\",\"item\":\"https:\\\/\\\/centrourbano.com\\\/revista\\\/\"},{\"@type\":\"ListItem\",\"position\":2,\"name\":\"En la ciudad, la mejor movilidad es no moverse: F\u00e9lix S\u00e1nchez\"}]},{\"@type\":\"WebSite\",\"@id\":\"https:\\\/\\\/centrourbano.com\\\/revista\\\/#website\",\"url\":\"https:\\\/\\\/centrourbano.com\\\/revista\\\/\",\"name\":\"Centro Urbano\",\"description\":\"Medio especializado en los sectores vivienda, inmobiliario, construcci\u00f3n, arquitectura y urbanismo.\",\"publisher\":{\"@id\":\"https:\\\/\\\/centrourbano.com\\\/revista\\\/#organization\"},\"potentialAction\":[{\"@type\":\"SearchAction\",\"target\":{\"@type\":\"EntryPoint\",\"urlTemplate\":\"https:\\\/\\\/centrourbano.com\\\/revista\\\/?s={search_term_string}\"},\"query-input\":{\"@type\":\"PropertyValueSpecification\",\"valueRequired\":true,\"valueName\":\"search_term_string\"}}],\"inLanguage\":\"es\"},{\"@type\":\"Organization\",\"@id\":\"https:\\\/\\\/centrourbano.com\\\/revista\\\/#organization\",\"name\":\"Centro Urbano\",\"url\":\"https:\\\/\\\/centrourbano.com\\\/revista\\\/\",\"logo\":{\"@type\":\"ImageObject\",\"inLanguage\":\"es\",\"@id\":\"https:\\\/\\\/centrourbano.com\\\/revista\\\/#\\\/schema\\\/logo\\\/image\\\/\",\"url\":\"https:\\\/\\\/centrourbano.com\\\/revista\\\/wp-content\\\/uploads\\\/web_CU_logo-1.png\",\"contentUrl\":\"https:\\\/\\\/centrourbano.com\\\/revista\\\/wp-content\\\/uploads\\\/web_CU_logo-1.png\",\"width\":350,\"height\":91,\"caption\":\"Centro Urbano\"},\"image\":{\"@id\":\"https:\\\/\\\/centrourbano.com\\\/revista\\\/#\\\/schema\\\/logo\\\/image\\\/\"},\"sameAs\":[\"https:\\\/\\\/www.facebook.com\\\/portalcentrourbano\",\"https:\\\/\\\/x.com\\\/CentroUrbano\",\"https:\\\/\\\/www.instagram.com\\\/centro_urbano\\\/\",\"https:\\\/\\\/www.linkedin.com\\\/company\\\/centro-urbano\\\/\",\"http:\\\/\\\/www.youtube.com\\\/user\\\/portalcentrourbano\"]},{\"@type\":\"Person\",\"@id\":\"https:\\\/\\\/centrourbano.com\\\/revista\\\/#\\\/schema\\\/person\\\/c665f1c60da3ad48cd761a707b7090b0\",\"name\":\"Rebeca Romero\",\"image\":{\"@type\":\"ImageObject\",\"inLanguage\":\"es\",\"@id\":\"https:\\\/\\\/secure.gravatar.com\\\/avatar\\\/aee0068ae3cc041082e0e84a8258fe5ccc00a733f187bde73b0b40d86b892826?s=96&d=mm&r=g\",\"url\":\"https:\\\/\\\/secure.gravatar.com\\\/avatar\\\/aee0068ae3cc041082e0e84a8258fe5ccc00a733f187bde73b0b40d86b892826?s=96&d=mm&r=g\",\"contentUrl\":\"https:\\\/\\\/secure.gravatar.com\\\/avatar\\\/aee0068ae3cc041082e0e84a8258fe5ccc00a733f187bde73b0b40d86b892826?s=96&d=mm&r=g\",\"caption\":\"Rebeca Romero\"},\"url\":\"https:\\\/\\\/centrourbano.com\\\/revista\\\/author\\\/rebeca-romero\\\/\"}]}<\/script>\n<!-- \/ Yoast SEO plugin. -->","yoast_head_json":{"title":"En la ciudad, la mejor movilidad es no moverse: F\u00e9lix S\u00e1nchez -","description":"Para poder brindar una alta calidad de vida, lo ideal ser\u00eda establecerse en localidades que tengan escencia de barrio, donde los habitantes puedan acceder","robots":{"index":"index","follow":"follow","max-snippet":"max-snippet:-1","max-image-preview":"max-image-preview:large","max-video-preview":"max-video-preview:-1"},"canonical":"https:\/\/centrourbano.com\/revista\/vivienda\/en-la-ciudad-la-mejor-movilidad-es-no-moverse-felix-sanchez\/","og_locale":"es_ES","og_type":"article","og_title":"En la ciudad, la mejor movilidad es no moverse: F\u00e9lix S\u00e1nchez -","og_description":"Para poder brindar una alta calidad de vida, lo ideal ser\u00eda establecerse en localidades que tengan escencia de barrio, donde los habitantes puedan acceder","og_url":"https:\/\/centrourbano.com\/revista\/vivienda\/en-la-ciudad-la-mejor-movilidad-es-no-moverse-felix-sanchez\/","og_site_name":"Centro Urbano","article_publisher":"https:\/\/www.facebook.com\/portalcentrourbano","article_published_time":"2023-07-06T01:15:58+00:00","og_image":[{"width":800,"height":800,"url":"https:\/\/centrourbano.com\/revista\/wp-content\/uploads\/Diseno-sin-titulo-8-3.png","type":"image\/png"}],"author":"Rebeca Romero","twitter_card":"summary_large_image","twitter_creator":"@CentroUrbano","twitter_site":"@CentroUrbano","twitter_misc":{"Escrito por":"Rebeca Romero","Tiempo de lectura":"9 minutos"},"schema":{"@context":"https:\/\/schema.org","@graph":[{"@type":"Article","@id":"https:\/\/centrourbano.com\/revista\/vivienda\/en-la-ciudad-la-mejor-movilidad-es-no-moverse-felix-sanchez\/#article","isPartOf":{"@id":"https:\/\/centrourbano.com\/revista\/vivienda\/en-la-ciudad-la-mejor-movilidad-es-no-moverse-felix-sanchez\/"},"author":{"name":"Rebeca Romero","@id":"https:\/\/centrourbano.com\/revista\/#\/schema\/person\/c665f1c60da3ad48cd761a707b7090b0"},"headline":"En la ciudad, la mejor movilidad es no moverse: F\u00e9lix S\u00e1nchez","datePublished":"2023-07-06T01:15:58+00:00","mainEntityOfPage":{"@id":"https:\/\/centrourbano.com\/revista\/vivienda\/en-la-ciudad-la-mejor-movilidad-es-no-moverse-felix-sanchez\/"},"wordCount":1720,"commentCount":0,"publisher":{"@id":"https:\/\/centrourbano.com\/revista\/#organization"},"image":{"@id":"https:\/\/centrourbano.com\/revista\/vivienda\/en-la-ciudad-la-mejor-movilidad-es-no-moverse-felix-sanchez\/#primaryimage"},"thumbnailUrl":"https:\/\/centrourbano.com\/revista\/wp-content\/uploads\/Diseno-sin-titulo-8-3.png","keywords":["Ciudad","En entrevista","F\u00e9lix S\u00e1nchez","movilidad","N\u00f3madas digitales","Revista Vivienda"],"articleSection":["Entrevistas","Revista Vivienda","Vivienda"],"inLanguage":"es","potentialAction":[{"@type":"CommentAction","name":"Comment","target":["https:\/\/centrourbano.com\/revista\/vivienda\/en-la-ciudad-la-mejor-movilidad-es-no-moverse-felix-sanchez\/#respond"]}]},{"@type":"WebPage","@id":"https:\/\/centrourbano.com\/revista\/vivienda\/en-la-ciudad-la-mejor-movilidad-es-no-moverse-felix-sanchez\/","url":"https:\/\/centrourbano.com\/revista\/vivienda\/en-la-ciudad-la-mejor-movilidad-es-no-moverse-felix-sanchez\/","name":"En la ciudad, la mejor movilidad es no moverse: F\u00e9lix S\u00e1nchez -","isPartOf":{"@id":"https:\/\/centrourbano.com\/revista\/#website"},"primaryImageOfPage":{"@id":"https:\/\/centrourbano.com\/revista\/vivienda\/en-la-ciudad-la-mejor-movilidad-es-no-moverse-felix-sanchez\/#primaryimage"},"image":{"@id":"https:\/\/centrourbano.com\/revista\/vivienda\/en-la-ciudad-la-mejor-movilidad-es-no-moverse-felix-sanchez\/#primaryimage"},"thumbnailUrl":"https:\/\/centrourbano.com\/revista\/wp-content\/uploads\/Diseno-sin-titulo-8-3.png","datePublished":"2023-07-06T01:15:58+00:00","description":"Para poder brindar una alta calidad de vida, lo ideal ser\u00eda establecerse en localidades que tengan escencia de barrio, donde los habitantes puedan acceder","breadcrumb":{"@id":"https:\/\/centrourbano.com\/revista\/vivienda\/en-la-ciudad-la-mejor-movilidad-es-no-moverse-felix-sanchez\/#breadcrumb"},"inLanguage":"es","potentialAction":[{"@type":"ReadAction","target":["https:\/\/centrourbano.com\/revista\/vivienda\/en-la-ciudad-la-mejor-movilidad-es-no-moverse-felix-sanchez\/"]}]},{"@type":"ImageObject","inLanguage":"es","@id":"https:\/\/centrourbano.com\/revista\/vivienda\/en-la-ciudad-la-mejor-movilidad-es-no-moverse-felix-sanchez\/#primaryimage","url":"https:\/\/centrourbano.com\/revista\/wp-content\/uploads\/Diseno-sin-titulo-8-3.png","contentUrl":"https:\/\/centrourbano.com\/revista\/wp-content\/uploads\/Diseno-sin-titulo-8-3.png","width":800,"height":800,"caption":"En la ciudad, la mejor movilidad es no moverse: F\u00e9lix S\u00e1nchez"},{"@type":"BreadcrumbList","@id":"https:\/\/centrourbano.com\/revista\/vivienda\/en-la-ciudad-la-mejor-movilidad-es-no-moverse-felix-sanchez\/#breadcrumb","itemListElement":[{"@type":"ListItem","position":1,"name":"Portada","item":"https:\/\/centrourbano.com\/revista\/"},{"@type":"ListItem","position":2,"name":"En la ciudad, la mejor movilidad es no moverse: F\u00e9lix S\u00e1nchez"}]},{"@type":"WebSite","@id":"https:\/\/centrourbano.com\/revista\/#website","url":"https:\/\/centrourbano.com\/revista\/","name":"Centro Urbano","description":"Medio especializado en los sectores vivienda, inmobiliario, construcci\u00f3n, arquitectura y urbanismo.","publisher":{"@id":"https:\/\/centrourbano.com\/revista\/#organization"},"potentialAction":[{"@type":"SearchAction","target":{"@type":"EntryPoint","urlTemplate":"https:\/\/centrourbano.com\/revista\/?s={search_term_string}"},"query-input":{"@type":"PropertyValueSpecification","valueRequired":true,"valueName":"search_term_string"}}],"inLanguage":"es"},{"@type":"Organization","@id":"https:\/\/centrourbano.com\/revista\/#organization","name":"Centro Urbano","url":"https:\/\/centrourbano.com\/revista\/","logo":{"@type":"ImageObject","inLanguage":"es","@id":"https:\/\/centrourbano.com\/revista\/#\/schema\/logo\/image\/","url":"https:\/\/centrourbano.com\/revista\/wp-content\/uploads\/web_CU_logo-1.png","contentUrl":"https:\/\/centrourbano.com\/revista\/wp-content\/uploads\/web_CU_logo-1.png","width":350,"height":91,"caption":"Centro Urbano"},"image":{"@id":"https:\/\/centrourbano.com\/revista\/#\/schema\/logo\/image\/"},"sameAs":["https:\/\/www.facebook.com\/portalcentrourbano","https:\/\/x.com\/CentroUrbano","https:\/\/www.instagram.com\/centro_urbano\/","https:\/\/www.linkedin.com\/company\/centro-urbano\/","http:\/\/www.youtube.com\/user\/portalcentrourbano"]},{"@type":"Person","@id":"https:\/\/centrourbano.com\/revista\/#\/schema\/person\/c665f1c60da3ad48cd761a707b7090b0","name":"Rebeca Romero","image":{"@type":"ImageObject","inLanguage":"es","@id":"https:\/\/secure.gravatar.com\/avatar\/aee0068ae3cc041082e0e84a8258fe5ccc00a733f187bde73b0b40d86b892826?s=96&d=mm&r=g","url":"https:\/\/secure.gravatar.com\/avatar\/aee0068ae3cc041082e0e84a8258fe5ccc00a733f187bde73b0b40d86b892826?s=96&d=mm&r=g","contentUrl":"https:\/\/secure.gravatar.com\/avatar\/aee0068ae3cc041082e0e84a8258fe5ccc00a733f187bde73b0b40d86b892826?s=96&d=mm&r=g","caption":"Rebeca Romero"},"url":"https:\/\/centrourbano.com\/revista\/author\/rebeca-romero\/"}]}},"_links":{"self":[{"href":"https:\/\/centrourbano.com\/revista\/wp-json\/wp\/v2\/posts\/140831","targetHints":{"allow":["GET"]}}],"collection":[{"href":"https:\/\/centrourbano.com\/revista\/wp-json\/wp\/v2\/posts"}],"about":[{"href":"https:\/\/centrourbano.com\/revista\/wp-json\/wp\/v2\/types\/post"}],"author":[{"embeddable":true,"href":"https:\/\/centrourbano.com\/revista\/wp-json\/wp\/v2\/users\/88"}],"replies":[{"embeddable":true,"href":"https:\/\/centrourbano.com\/revista\/wp-json\/wp\/v2\/comments?post=140831"}],"version-history":[{"count":1,"href":"https:\/\/centrourbano.com\/revista\/wp-json\/wp\/v2\/posts\/140831\/revisions"}],"predecessor-version":[{"id":140836,"href":"https:\/\/centrourbano.com\/revista\/wp-json\/wp\/v2\/posts\/140831\/revisions\/140836"}],"wp:featuredmedia":[{"embeddable":true,"href":"https:\/\/centrourbano.com\/revista\/wp-json\/wp\/v2\/media\/140835"}],"wp:attachment":[{"href":"https:\/\/centrourbano.com\/revista\/wp-json\/wp\/v2\/media?parent=140831"}],"wp:term":[{"taxonomy":"category","embeddable":true,"href":"https:\/\/centrourbano.com\/revista\/wp-json\/wp\/v2\/categories?post=140831"},{"taxonomy":"post_tag","embeddable":true,"href":"https:\/\/centrourbano.com\/revista\/wp-json\/wp\/v2\/tags?post=140831"}],"curies":[{"name":"wp","href":"https:\/\/api.w.org\/{rel}","templated":true}]}}