{"id":140704,"date":"2023-06-30T14:16:18","date_gmt":"2023-06-30T20:16:18","guid":{"rendered":"https:\/\/centrourbano.com\/?p=140704"},"modified":"2023-06-30T14:16:18","modified_gmt":"2023-06-30T20:16:18","slug":"se-aproxima-el-rally-de-museos-2023-en-la-cdmx","status":"publish","type":"post","link":"https:\/\/centrourbano.com\/revista\/actualidad\/se-aproxima-el-rally-de-museos-2023-en-la-cdmx\/","title":{"rendered":"Se aproxima el Rally de Museos 2023 en la CDMX"},"content":{"rendered":"<p><em><span style=\"font-weight: 400;\">Para ganar el Rally de Museos, los participantes deber\u00e1n visitar el mayor n\u00famero de museos en el menor tiempo posible<\/span><\/em><!--more--><\/p>\n<p><span style=\"font-weight: 400;\">Durante tres d\u00edas, los capitalinos podr\u00e1n participar en el <strong>Rally de Museos 2023<\/strong> y ganar diversos premios; para participar solo es necesario registrarse. Como en otros a\u00f1os, este evento tiene el objetivo de impulsar el inter\u00e9s de los capitalinos en visitar los museos de la Ciudad de M\u00e9xico.\u00a0<\/span><\/p>\n<p><span style=\"font-weight: 400;\">Por ello, para <strong>promover la difusi\u00f3n cultural,<\/strong> Crayola se une a Museos 101 para realizar el rally del <strong>28 al 30 de julio de 2023<\/strong> de forma presencial y virtual. Durante estos d\u00edas, los participantes deber\u00e1n sumar la mayor cantidad de puntos resolviendo las pistas y <\/span><span style=\"font-weight: 400;\"><strong>actividades<\/strong> que estar\u00e1n en la<strong> p\u00e1gina web y en los Museos<\/strong>.\u00a0<\/span><\/p>\n<p><span style=\"font-weight: 400;\">Para ser parte del Rally de Museos 2023, los interesados pueden participar en<strong> equipos de 2,3 y 4 personas.<\/strong> Todos los equipos inscritos contar\u00e1n con <strong>descuentos especiales<\/strong> en la taquilla, tienda y cafeter\u00eda; adem\u00e1s de que ser\u00e1n acreedores a una segunda visita gratuita, la cual puede ser utilizada hasta dos meses despu\u00e9s del evento.\u00a0<\/span><\/p>\n<p><span style=\"font-weight: 400;\">Toda la informaci\u00f3n la mec\u00e1nica de participaci\u00f3n, suma de puntos, actividades y din\u00e1micas a realizar, puede ser consultada en la <a href=\"https:\/\/www.rally101museos.com\/\" target=\"_blank\" rel=\"noopener\">p\u00e1gina oficial del rally<\/a>; as\u00ed como la inscripci\u00f3n.<\/span><\/p>\n<p><span style=\"font-weight: 400;\">Cabe resaltar que debido a que el evento es un rally, una competencia de velocidad, donde para ganar, los participantes deber\u00e1n visitar el mayor n\u00famero de museos en el menor tiempo posible.<\/span><\/p>\n<p><span style=\"font-weight: 400;\">\u00a0En cuanto a los <strong>premios, los ganadores<\/strong> podr\u00e1n recibir viajes, maletas y bolsas, c\u00e1maras fotogr\u00e1ficas, bocinas inteligentes, cenas, noches de hotel, entre otros.<\/span><\/p>\n<h2><span style=\"font-weight: 400;\">Categor\u00eda infantil en el Rally de Museos<\/span><\/h2>\n<p><span style=\"font-weight: 400;\">En comparaci\u00f3n con otras ediciones, este a\u00f1o el<strong> rally inicia la categor\u00eda infantil.<\/strong> De manera que los ni\u00f1os podr\u00e1n realizar din\u00e1micas adem\u00e1s de visitar los museos. En cada una de ellas, los ni\u00f1os sumar\u00e1n puntos y coleccionar\u00e1n los sellos de cada museo visitado en su <a href=\"https:\/\/centrourbano.com\/actualidad\/mi-primer-pasaporte-infantil-busca-acercar-a-ninos-y-museos\/\" target=\"_blank\" rel=\"noopener\">pasaporte.<\/a> As\u00ed que los peque\u00f1os de las familias <strong>tambi\u00e9n podr\u00e1n recibir premios de los patrocinadores.<\/strong><\/span><\/p>\n","protected":false},"excerpt":{"rendered":"<p>Para ganar el Rally de Museos, los participantes deber\u00e1n visitar el mayor n\u00famero de museos en el menor tiempo posible<\/p>\n","protected":false},"author":88,"featured_media":140705,"comment_status":"open","ping_status":"closed","sticky":false,"template":"","format":"standard","meta":{"om_disable_all_campaigns":false,"inline_featured_image":false,"_monsterinsights_skip_tracking":false,"_monsterinsights_sitenote_active":false,"_monsterinsights_sitenote_note":"","_monsterinsights_sitenote_category":0,"footnotes":""},"categories":[80],"tags":[13037,23177,23176,23178],"class_list":["post-140704","post","type-post","status-publish","format-standard","has-post-thumbnail","hentry","category-actualidad","tag-museo-del-estanquillo","tag-museos-101","tag-rally-de-museos-2023","tag-rally-de-museos-crayola-2023"],"yoast_head":"<!-- This site is optimized with the Yoast SEO plugin v27.4 - https:\/\/yoast.com\/product\/yoast-seo-wordpress\/ -->\n<title>Se aproxima el Rally de Museos 2023 en la CDMX -<\/title>\n<meta name=\"description\" content=\"Para ganar el Rally de Museos, los participantes deber\u00e1n visitar el mayor n\u00famero de museos en el menor tiempo posible Durante tres d\u00edas, los capitalinos\" \/>\n<meta name=\"robots\" content=\"index, follow, max-snippet:-1, max-image-preview:large, max-video-preview:-1\" \/>\n<link rel=\"canonical\" href=\"https:\/\/centrourbano.com\/revista\/actualidad\/se-aproxima-el-rally-de-museos-2023-en-la-cdmx\/\" \/>\n<meta property=\"og:locale\" content=\"es_ES\" \/>\n<meta property=\"og:type\" content=\"article\" \/>\n<meta property=\"og:title\" content=\"Se aproxima el Rally de Museos 2023 en la CDMX -\" \/>\n<meta property=\"og:description\" content=\"Para ganar el Rally de Museos, los participantes deber\u00e1n visitar el mayor n\u00famero de museos en el menor tiempo posible Durante tres d\u00edas, los capitalinos\" \/>\n<meta property=\"og:url\" content=\"https:\/\/centrourbano.com\/revista\/actualidad\/se-aproxima-el-rally-de-museos-2023-en-la-cdmx\/\" \/>\n<meta property=\"og:site_name\" content=\"Centro Urbano\" \/>\n<meta property=\"article:publisher\" content=\"https:\/\/www.facebook.com\/portalcentrourbano\" \/>\n<meta property=\"article:published_time\" content=\"2023-06-30T20:16:18+00:00\" \/>\n<meta property=\"og:image\" content=\"https:\/\/centrourbano.com\/revista\/wp-content\/uploads\/800-museo-estanquillo.jpg\" \/>\n\t<meta property=\"og:image:width\" content=\"800\" \/>\n\t<meta property=\"og:image:height\" content=\"800\" \/>\n\t<meta property=\"og:image:type\" content=\"image\/jpeg\" \/>\n<meta name=\"author\" content=\"Rebeca Romero\" \/>\n<meta name=\"twitter:card\" content=\"summary_large_image\" \/>\n<meta name=\"twitter:creator\" content=\"@CentroUrbano\" \/>\n<meta name=\"twitter:site\" content=\"@CentroUrbano\" \/>\n<meta name=\"twitter:label1\" content=\"Escrito por\" \/>\n\t<meta name=\"twitter:data1\" content=\"Rebeca Romero\" \/>\n\t<meta name=\"twitter:label2\" content=\"Tiempo de lectura\" \/>\n\t<meta name=\"twitter:data2\" content=\"2 minutos\" \/>\n<script type=\"application\/ld+json\" class=\"yoast-schema-graph\">{\"@context\":\"https:\\\/\\\/schema.org\",\"@graph\":[{\"@type\":\"Article\",\"@id\":\"https:\\\/\\\/centrourbano.com\\\/revista\\\/actualidad\\\/se-aproxima-el-rally-de-museos-2023-en-la-cdmx\\\/#article\",\"isPartOf\":{\"@id\":\"https:\\\/\\\/centrourbano.com\\\/revista\\\/actualidad\\\/se-aproxima-el-rally-de-museos-2023-en-la-cdmx\\\/\"},\"author\":{\"name\":\"Rebeca Romero\",\"@id\":\"https:\\\/\\\/centrourbano.com\\\/revista\\\/#\\\/schema\\\/person\\\/c665f1c60da3ad48cd761a707b7090b0\"},\"headline\":\"Se aproxima el Rally de Museos 2023 en la CDMX\",\"datePublished\":\"2023-06-30T20:16:18+00:00\",\"mainEntityOfPage\":{\"@id\":\"https:\\\/\\\/centrourbano.com\\\/revista\\\/actualidad\\\/se-aproxima-el-rally-de-museos-2023-en-la-cdmx\\\/\"},\"wordCount\":372,\"commentCount\":0,\"publisher\":{\"@id\":\"https:\\\/\\\/centrourbano.com\\\/revista\\\/#organization\"},\"image\":{\"@id\":\"https:\\\/\\\/centrourbano.com\\\/revista\\\/actualidad\\\/se-aproxima-el-rally-de-museos-2023-en-la-cdmx\\\/#primaryimage\"},\"thumbnailUrl\":\"https:\\\/\\\/centrourbano.com\\\/revista\\\/wp-content\\\/uploads\\\/800-museo-estanquillo.jpg\",\"keywords\":[\"Museo del Estanquillo\",\"Museos 101\",\"Rally de Museos 2023\",\"Rally de Museos Crayola 2023\"],\"articleSection\":[\"Actualidad\"],\"inLanguage\":\"es\",\"potentialAction\":[{\"@type\":\"CommentAction\",\"name\":\"Comment\",\"target\":[\"https:\\\/\\\/centrourbano.com\\\/revista\\\/actualidad\\\/se-aproxima-el-rally-de-museos-2023-en-la-cdmx\\\/#respond\"]}]},{\"@type\":\"WebPage\",\"@id\":\"https:\\\/\\\/centrourbano.com\\\/revista\\\/actualidad\\\/se-aproxima-el-rally-de-museos-2023-en-la-cdmx\\\/\",\"url\":\"https:\\\/\\\/centrourbano.com\\\/revista\\\/actualidad\\\/se-aproxima-el-rally-de-museos-2023-en-la-cdmx\\\/\",\"name\":\"Se aproxima el Rally de Museos 2023 en la CDMX -\",\"isPartOf\":{\"@id\":\"https:\\\/\\\/centrourbano.com\\\/revista\\\/#website\"},\"primaryImageOfPage\":{\"@id\":\"https:\\\/\\\/centrourbano.com\\\/revista\\\/actualidad\\\/se-aproxima-el-rally-de-museos-2023-en-la-cdmx\\\/#primaryimage\"},\"image\":{\"@id\":\"https:\\\/\\\/centrourbano.com\\\/revista\\\/actualidad\\\/se-aproxima-el-rally-de-museos-2023-en-la-cdmx\\\/#primaryimage\"},\"thumbnailUrl\":\"https:\\\/\\\/centrourbano.com\\\/revista\\\/wp-content\\\/uploads\\\/800-museo-estanquillo.jpg\",\"datePublished\":\"2023-06-30T20:16:18+00:00\",\"description\":\"Para ganar el Rally de Museos, los participantes deber\u00e1n visitar el mayor n\u00famero de museos en el menor tiempo posible Durante tres d\u00edas, los capitalinos\",\"breadcrumb\":{\"@id\":\"https:\\\/\\\/centrourbano.com\\\/revista\\\/actualidad\\\/se-aproxima-el-rally-de-museos-2023-en-la-cdmx\\\/#breadcrumb\"},\"inLanguage\":\"es\",\"potentialAction\":[{\"@type\":\"ReadAction\",\"target\":[\"https:\\\/\\\/centrourbano.com\\\/revista\\\/actualidad\\\/se-aproxima-el-rally-de-museos-2023-en-la-cdmx\\\/\"]}]},{\"@type\":\"ImageObject\",\"inLanguage\":\"es\",\"@id\":\"https:\\\/\\\/centrourbano.com\\\/revista\\\/actualidad\\\/se-aproxima-el-rally-de-museos-2023-en-la-cdmx\\\/#primaryimage\",\"url\":\"https:\\\/\\\/centrourbano.com\\\/revista\\\/wp-content\\\/uploads\\\/800-museo-estanquillo.jpg\",\"contentUrl\":\"https:\\\/\\\/centrourbano.com\\\/revista\\\/wp-content\\\/uploads\\\/800-museo-estanquillo.jpg\",\"width\":800,\"height\":800,\"caption\":\"Se aproxima el Rally de Museos 2023 en la CDMX\"},{\"@type\":\"BreadcrumbList\",\"@id\":\"https:\\\/\\\/centrourbano.com\\\/revista\\\/actualidad\\\/se-aproxima-el-rally-de-museos-2023-en-la-cdmx\\\/#breadcrumb\",\"itemListElement\":[{\"@type\":\"ListItem\",\"position\":1,\"name\":\"Portada\",\"item\":\"https:\\\/\\\/centrourbano.com\\\/revista\\\/\"},{\"@type\":\"ListItem\",\"position\":2,\"name\":\"Se aproxima el Rally de Museos 2023 en la CDMX\"}]},{\"@type\":\"WebSite\",\"@id\":\"https:\\\/\\\/centrourbano.com\\\/revista\\\/#website\",\"url\":\"https:\\\/\\\/centrourbano.com\\\/revista\\\/\",\"name\":\"Centro Urbano\",\"description\":\"Medio especializado en los sectores vivienda, inmobiliario, construcci\u00f3n, arquitectura y urbanismo.\",\"publisher\":{\"@id\":\"https:\\\/\\\/centrourbano.com\\\/revista\\\/#organization\"},\"potentialAction\":[{\"@type\":\"SearchAction\",\"target\":{\"@type\":\"EntryPoint\",\"urlTemplate\":\"https:\\\/\\\/centrourbano.com\\\/revista\\\/?s={search_term_string}\"},\"query-input\":{\"@type\":\"PropertyValueSpecification\",\"valueRequired\":true,\"valueName\":\"search_term_string\"}}],\"inLanguage\":\"es\"},{\"@type\":\"Organization\",\"@id\":\"https:\\\/\\\/centrourbano.com\\\/revista\\\/#organization\",\"name\":\"Centro Urbano\",\"url\":\"https:\\\/\\\/centrourbano.com\\\/revista\\\/\",\"logo\":{\"@type\":\"ImageObject\",\"inLanguage\":\"es\",\"@id\":\"https:\\\/\\\/centrourbano.com\\\/revista\\\/#\\\/schema\\\/logo\\\/image\\\/\",\"url\":\"https:\\\/\\\/centrourbano.com\\\/revista\\\/wp-content\\\/uploads\\\/web_CU_logo-1.png\",\"contentUrl\":\"https:\\\/\\\/centrourbano.com\\\/revista\\\/wp-content\\\/uploads\\\/web_CU_logo-1.png\",\"width\":350,\"height\":91,\"caption\":\"Centro Urbano\"},\"image\":{\"@id\":\"https:\\\/\\\/centrourbano.com\\\/revista\\\/#\\\/schema\\\/logo\\\/image\\\/\"},\"sameAs\":[\"https:\\\/\\\/www.facebook.com\\\/portalcentrourbano\",\"https:\\\/\\\/x.com\\\/CentroUrbano\",\"https:\\\/\\\/www.instagram.com\\\/centro_urbano\\\/\",\"https:\\\/\\\/www.linkedin.com\\\/company\\\/centro-urbano\\\/\",\"http:\\\/\\\/www.youtube.com\\\/user\\\/portalcentrourbano\"]},{\"@type\":\"Person\",\"@id\":\"https:\\\/\\\/centrourbano.com\\\/revista\\\/#\\\/schema\\\/person\\\/c665f1c60da3ad48cd761a707b7090b0\",\"name\":\"Rebeca Romero\",\"image\":{\"@type\":\"ImageObject\",\"inLanguage\":\"es\",\"@id\":\"https:\\\/\\\/secure.gravatar.com\\\/avatar\\\/aee0068ae3cc041082e0e84a8258fe5ccc00a733f187bde73b0b40d86b892826?s=96&d=mm&r=g\",\"url\":\"https:\\\/\\\/secure.gravatar.com\\\/avatar\\\/aee0068ae3cc041082e0e84a8258fe5ccc00a733f187bde73b0b40d86b892826?s=96&d=mm&r=g\",\"contentUrl\":\"https:\\\/\\\/secure.gravatar.com\\\/avatar\\\/aee0068ae3cc041082e0e84a8258fe5ccc00a733f187bde73b0b40d86b892826?s=96&d=mm&r=g\",\"caption\":\"Rebeca Romero\"},\"url\":\"https:\\\/\\\/centrourbano.com\\\/revista\\\/author\\\/rebeca-romero\\\/\"}]}<\/script>\n<!-- \/ Yoast SEO plugin. -->","yoast_head_json":{"title":"Se aproxima el Rally de Museos 2023 en la CDMX -","description":"Para ganar el Rally de Museos, los participantes deber\u00e1n visitar el mayor n\u00famero de museos en el menor tiempo posible Durante tres d\u00edas, los capitalinos","robots":{"index":"index","follow":"follow","max-snippet":"max-snippet:-1","max-image-preview":"max-image-preview:large","max-video-preview":"max-video-preview:-1"},"canonical":"https:\/\/centrourbano.com\/revista\/actualidad\/se-aproxima-el-rally-de-museos-2023-en-la-cdmx\/","og_locale":"es_ES","og_type":"article","og_title":"Se aproxima el Rally de Museos 2023 en la CDMX -","og_description":"Para ganar el Rally de Museos, los participantes deber\u00e1n visitar el mayor n\u00famero de museos en el menor tiempo posible Durante tres d\u00edas, los capitalinos","og_url":"https:\/\/centrourbano.com\/revista\/actualidad\/se-aproxima-el-rally-de-museos-2023-en-la-cdmx\/","og_site_name":"Centro Urbano","article_publisher":"https:\/\/www.facebook.com\/portalcentrourbano","article_published_time":"2023-06-30T20:16:18+00:00","og_image":[{"width":800,"height":800,"url":"https:\/\/centrourbano.com\/revista\/wp-content\/uploads\/800-museo-estanquillo.jpg","type":"image\/jpeg"}],"author":"Rebeca Romero","twitter_card":"summary_large_image","twitter_creator":"@CentroUrbano","twitter_site":"@CentroUrbano","twitter_misc":{"Escrito por":"Rebeca Romero","Tiempo de lectura":"2 minutos"},"schema":{"@context":"https:\/\/schema.org","@graph":[{"@type":"Article","@id":"https:\/\/centrourbano.com\/revista\/actualidad\/se-aproxima-el-rally-de-museos-2023-en-la-cdmx\/#article","isPartOf":{"@id":"https:\/\/centrourbano.com\/revista\/actualidad\/se-aproxima-el-rally-de-museos-2023-en-la-cdmx\/"},"author":{"name":"Rebeca Romero","@id":"https:\/\/centrourbano.com\/revista\/#\/schema\/person\/c665f1c60da3ad48cd761a707b7090b0"},"headline":"Se aproxima el Rally de Museos 2023 en la CDMX","datePublished":"2023-06-30T20:16:18+00:00","mainEntityOfPage":{"@id":"https:\/\/centrourbano.com\/revista\/actualidad\/se-aproxima-el-rally-de-museos-2023-en-la-cdmx\/"},"wordCount":372,"commentCount":0,"publisher":{"@id":"https:\/\/centrourbano.com\/revista\/#organization"},"image":{"@id":"https:\/\/centrourbano.com\/revista\/actualidad\/se-aproxima-el-rally-de-museos-2023-en-la-cdmx\/#primaryimage"},"thumbnailUrl":"https:\/\/centrourbano.com\/revista\/wp-content\/uploads\/800-museo-estanquillo.jpg","keywords":["Museo del Estanquillo","Museos 101","Rally de Museos 2023","Rally de Museos Crayola 2023"],"articleSection":["Actualidad"],"inLanguage":"es","potentialAction":[{"@type":"CommentAction","name":"Comment","target":["https:\/\/centrourbano.com\/revista\/actualidad\/se-aproxima-el-rally-de-museos-2023-en-la-cdmx\/#respond"]}]},{"@type":"WebPage","@id":"https:\/\/centrourbano.com\/revista\/actualidad\/se-aproxima-el-rally-de-museos-2023-en-la-cdmx\/","url":"https:\/\/centrourbano.com\/revista\/actualidad\/se-aproxima-el-rally-de-museos-2023-en-la-cdmx\/","name":"Se aproxima el Rally de Museos 2023 en la CDMX -","isPartOf":{"@id":"https:\/\/centrourbano.com\/revista\/#website"},"primaryImageOfPage":{"@id":"https:\/\/centrourbano.com\/revista\/actualidad\/se-aproxima-el-rally-de-museos-2023-en-la-cdmx\/#primaryimage"},"image":{"@id":"https:\/\/centrourbano.com\/revista\/actualidad\/se-aproxima-el-rally-de-museos-2023-en-la-cdmx\/#primaryimage"},"thumbnailUrl":"https:\/\/centrourbano.com\/revista\/wp-content\/uploads\/800-museo-estanquillo.jpg","datePublished":"2023-06-30T20:16:18+00:00","description":"Para ganar el Rally de Museos, los participantes deber\u00e1n visitar el mayor n\u00famero de museos en el menor tiempo posible Durante tres d\u00edas, los capitalinos","breadcrumb":{"@id":"https:\/\/centrourbano.com\/revista\/actualidad\/se-aproxima-el-rally-de-museos-2023-en-la-cdmx\/#breadcrumb"},"inLanguage":"es","potentialAction":[{"@type":"ReadAction","target":["https:\/\/centrourbano.com\/revista\/actualidad\/se-aproxima-el-rally-de-museos-2023-en-la-cdmx\/"]}]},{"@type":"ImageObject","inLanguage":"es","@id":"https:\/\/centrourbano.com\/revista\/actualidad\/se-aproxima-el-rally-de-museos-2023-en-la-cdmx\/#primaryimage","url":"https:\/\/centrourbano.com\/revista\/wp-content\/uploads\/800-museo-estanquillo.jpg","contentUrl":"https:\/\/centrourbano.com\/revista\/wp-content\/uploads\/800-museo-estanquillo.jpg","width":800,"height":800,"caption":"Se aproxima el Rally de Museos 2023 en la CDMX"},{"@type":"BreadcrumbList","@id":"https:\/\/centrourbano.com\/revista\/actualidad\/se-aproxima-el-rally-de-museos-2023-en-la-cdmx\/#breadcrumb","itemListElement":[{"@type":"ListItem","position":1,"name":"Portada","item":"https:\/\/centrourbano.com\/revista\/"},{"@type":"ListItem","position":2,"name":"Se aproxima el Rally de Museos 2023 en la CDMX"}]},{"@type":"WebSite","@id":"https:\/\/centrourbano.com\/revista\/#website","url":"https:\/\/centrourbano.com\/revista\/","name":"Centro Urbano","description":"Medio especializado en los sectores vivienda, inmobiliario, construcci\u00f3n, arquitectura y urbanismo.","publisher":{"@id":"https:\/\/centrourbano.com\/revista\/#organization"},"potentialAction":[{"@type":"SearchAction","target":{"@type":"EntryPoint","urlTemplate":"https:\/\/centrourbano.com\/revista\/?s={search_term_string}"},"query-input":{"@type":"PropertyValueSpecification","valueRequired":true,"valueName":"search_term_string"}}],"inLanguage":"es"},{"@type":"Organization","@id":"https:\/\/centrourbano.com\/revista\/#organization","name":"Centro Urbano","url":"https:\/\/centrourbano.com\/revista\/","logo":{"@type":"ImageObject","inLanguage":"es","@id":"https:\/\/centrourbano.com\/revista\/#\/schema\/logo\/image\/","url":"https:\/\/centrourbano.com\/revista\/wp-content\/uploads\/web_CU_logo-1.png","contentUrl":"https:\/\/centrourbano.com\/revista\/wp-content\/uploads\/web_CU_logo-1.png","width":350,"height":91,"caption":"Centro Urbano"},"image":{"@id":"https:\/\/centrourbano.com\/revista\/#\/schema\/logo\/image\/"},"sameAs":["https:\/\/www.facebook.com\/portalcentrourbano","https:\/\/x.com\/CentroUrbano","https:\/\/www.instagram.com\/centro_urbano\/","https:\/\/www.linkedin.com\/company\/centro-urbano\/","http:\/\/www.youtube.com\/user\/portalcentrourbano"]},{"@type":"Person","@id":"https:\/\/centrourbano.com\/revista\/#\/schema\/person\/c665f1c60da3ad48cd761a707b7090b0","name":"Rebeca Romero","image":{"@type":"ImageObject","inLanguage":"es","@id":"https:\/\/secure.gravatar.com\/avatar\/aee0068ae3cc041082e0e84a8258fe5ccc00a733f187bde73b0b40d86b892826?s=96&d=mm&r=g","url":"https:\/\/secure.gravatar.com\/avatar\/aee0068ae3cc041082e0e84a8258fe5ccc00a733f187bde73b0b40d86b892826?s=96&d=mm&r=g","contentUrl":"https:\/\/secure.gravatar.com\/avatar\/aee0068ae3cc041082e0e84a8258fe5ccc00a733f187bde73b0b40d86b892826?s=96&d=mm&r=g","caption":"Rebeca Romero"},"url":"https:\/\/centrourbano.com\/revista\/author\/rebeca-romero\/"}]}},"_links":{"self":[{"href":"https:\/\/centrourbano.com\/revista\/wp-json\/wp\/v2\/posts\/140704","targetHints":{"allow":["GET"]}}],"collection":[{"href":"https:\/\/centrourbano.com\/revista\/wp-json\/wp\/v2\/posts"}],"about":[{"href":"https:\/\/centrourbano.com\/revista\/wp-json\/wp\/v2\/types\/post"}],"author":[{"embeddable":true,"href":"https:\/\/centrourbano.com\/revista\/wp-json\/wp\/v2\/users\/88"}],"replies":[{"embeddable":true,"href":"https:\/\/centrourbano.com\/revista\/wp-json\/wp\/v2\/comments?post=140704"}],"version-history":[{"count":2,"href":"https:\/\/centrourbano.com\/revista\/wp-json\/wp\/v2\/posts\/140704\/revisions"}],"predecessor-version":[{"id":140707,"href":"https:\/\/centrourbano.com\/revista\/wp-json\/wp\/v2\/posts\/140704\/revisions\/140707"}],"wp:featuredmedia":[{"embeddable":true,"href":"https:\/\/centrourbano.com\/revista\/wp-json\/wp\/v2\/media\/140705"}],"wp:attachment":[{"href":"https:\/\/centrourbano.com\/revista\/wp-json\/wp\/v2\/media?parent=140704"}],"wp:term":[{"taxonomy":"category","embeddable":true,"href":"https:\/\/centrourbano.com\/revista\/wp-json\/wp\/v2\/categories?post=140704"},{"taxonomy":"post_tag","embeddable":true,"href":"https:\/\/centrourbano.com\/revista\/wp-json\/wp\/v2\/tags?post=140704"}],"curies":[{"name":"wp","href":"https:\/\/api.w.org\/{rel}","templated":true}]}}