{"id":140253,"date":"2023-05-31T14:15:55","date_gmt":"2023-05-31T20:15:55","guid":{"rendered":"https:\/\/centrourbano.com\/?p=140253"},"modified":"2023-05-31T14:15:55","modified_gmt":"2023-05-31T20:15:55","slug":"sector-turistico-aumento-de-empleos","status":"publish","type":"post","link":"https:\/\/centrourbano.com\/revista\/actualidad\/sector-turistico-aumento-de-empleos\/","title":{"rendered":"Sector tur\u00edstico acumula 4,678 millones de empleos"},"content":{"rendered":"<p><em><span style=\"font-weight: 400;\">Entre enero y marzo del 2023 el sector tur\u00edstico represent\u00f3 el 8.9% del empleo <\/span><span style=\"font-weight: 400;\">nacional<\/span><\/em><!--more--><\/p>\n<p><span style=\"font-weight: 400;\">Miguel Torruco Marqu\u00e9s, titular de la Secretar\u00eda de Turismo (<a href=\"https:\/\/www.gob.mx\/sectur\" target=\"_blank\" rel=\"noopener\">Sectur<\/a>) inform\u00f3 que durante el <strong>primer trimestre del 2023<\/strong>, el <strong>sector tur\u00edstico<\/strong>\u00a0en M\u00e9xico lleg\u00f3 a los <strong>4,678 millones de trabajadores<\/strong>.<\/span><\/p>\n<p><span style=\"font-weight: 400;\">En ese sentido, por el aumento de trabajadores el<strong> turismo ahora representa el 8.9% del empleo nacional<\/strong>. Ya que de enero a marzo de 2023, el trabajo en el <strong>sector aument\u00f3 un 1.6%; es decir<\/strong>, 74,269 personas empleadas. Sectur compar\u00f3 dichas cifras con el primer trimestre del 2022.<\/span><\/p>\n<p><span style=\"font-weight: 400;\">En ese sentido, Torruco Marqu\u00e9s resalt\u00f3 que hubo un<strong> aumento de 289,974 personas empleadas<\/strong> en el sector;\u00a0 lo que equivale a un crecimiento de 6.6% respecto al a\u00f1o pasado. Adem\u00e1s, <strong>el n\u00famero de trabajadores super\u00f3 el n\u00famero registrado previo a la pandemia<\/strong>; ya que durante el primer trimestre del 2020 el turismo registr\u00f3 4,487 millones de personas empleadas.\u00a0<\/span><\/p>\n<p><span style=\"font-weight: 400;\">Por ello, el titular de Sectur, record\u00f3 la <strong>importancia de la iniciativa privada<\/strong> en el sector, debido aportan al <strong>micro, peque\u00f1a y mediana empresas<\/strong>; las cuales en conjunto con grandes compa\u00f1\u00edas y los tres \u00f3rdenes de gobierno productos y servicios tur\u00edsticos que permiten es desarrollo del sector a trav\u00e9s de las 235 plazas con vocaci\u00f3n tur\u00edstica en M\u00e9xico.<\/span><\/p>\n<p><span style=\"font-weight: 400;\">Cabe se\u00f1alar que el porcentaje presentado por Torruco Marqu\u00e9s indic\u00f3 que fue calculado con base en la<strong> Encuesta Nacional de Ocupaci\u00f3n y Empleo<\/strong>\u00a0(ENOEN) del Instituto Nacional de Estad\u00edstica y Geograf\u00eda (INEGI). Adem\u00e1s del apoyo de la metodolog\u00eda aprobada por el Comit\u00e9 T\u00e9cnico Especializado de Estad\u00edsticas Econ\u00f3micas del Sector Turismo (CTEEEST); el cual est\u00e1 integrado por el INEGI, la Secretar\u00eda del Trabajo y Previsi\u00f3n Social (STPS), el Instituto Mexicano del Seguro Social (IMSS) y Sectur.<\/span><\/p>\n","protected":false},"excerpt":{"rendered":"<p>Entre enero y marzo del 2023 el sector tur\u00edstico represent\u00f3 el 8.9% del empleo nacional<\/p>\n","protected":false},"author":88,"featured_media":140254,"comment_status":"open","ping_status":"closed","sticky":false,"template":"","format":"standard","meta":{"om_disable_all_campaigns":false,"inline_featured_image":false,"_monsterinsights_skip_tracking":false,"_monsterinsights_sitenote_active":false,"_monsterinsights_sitenote_note":"","_monsterinsights_sitenote_category":0,"footnotes":""},"categories":[80],"tags":[23083,23084,12407],"class_list":["post-140253","post","type-post","status-publish","format-standard","has-post-thumbnail","hentry","category-actualidad","tag-empleo-nacional","tag-empleo-turistico","tag-sector-turistico"],"yoast_head":"<!-- This site is optimized with the Yoast SEO plugin v27.4 - https:\/\/yoast.com\/product\/yoast-seo-wordpress\/ -->\n<title>Sector tur\u00edstico acumula 4,678 millones de empleos<\/title>\n<meta name=\"description\" content=\"El n\u00famero de trabajadores del sector tur\u00edstico super\u00f3 el n\u00famero durante el 2020, ya que el turismo registr\u00f3 4,487 millones de empleados.\" \/>\n<meta name=\"robots\" content=\"index, follow, max-snippet:-1, max-image-preview:large, max-video-preview:-1\" \/>\n<link rel=\"canonical\" href=\"https:\/\/centrourbano.com\/revista\/actualidad\/sector-turistico-aumento-de-empleos\/\" \/>\n<meta property=\"og:locale\" content=\"es_ES\" \/>\n<meta property=\"og:type\" content=\"article\" \/>\n<meta property=\"og:title\" content=\"Sector tur\u00edstico acumula 4,678 millones de empleos\" \/>\n<meta property=\"og:description\" content=\"El n\u00famero de trabajadores del sector tur\u00edstico super\u00f3 el n\u00famero durante el 2020, ya que el turismo registr\u00f3 4,487 millones de empleados.\" \/>\n<meta property=\"og:url\" content=\"https:\/\/centrourbano.com\/revista\/actualidad\/sector-turistico-aumento-de-empleos\/\" \/>\n<meta property=\"og:site_name\" content=\"Centro Urbano\" \/>\n<meta property=\"article:publisher\" content=\"https:\/\/www.facebook.com\/portalcentrourbano\" \/>\n<meta property=\"article:published_time\" content=\"2023-05-31T20:15:55+00:00\" \/>\n<meta property=\"og:image\" content=\"https:\/\/centrourbano.com\/revista\/wp-content\/uploads\/800-empleo.jpg\" \/>\n\t<meta property=\"og:image:width\" content=\"800\" \/>\n\t<meta property=\"og:image:height\" content=\"800\" \/>\n\t<meta property=\"og:image:type\" content=\"image\/jpeg\" \/>\n<meta name=\"author\" content=\"Rebeca Romero\" \/>\n<meta name=\"twitter:card\" content=\"summary_large_image\" \/>\n<meta name=\"twitter:creator\" content=\"@CentroUrbano\" \/>\n<meta name=\"twitter:site\" content=\"@CentroUrbano\" \/>\n<meta name=\"twitter:label1\" content=\"Escrito por\" \/>\n\t<meta name=\"twitter:data1\" content=\"Rebeca Romero\" \/>\n\t<meta name=\"twitter:label2\" content=\"Tiempo de lectura\" \/>\n\t<meta name=\"twitter:data2\" content=\"1 minuto\" \/>\n<script type=\"application\/ld+json\" class=\"yoast-schema-graph\">{\"@context\":\"https:\\\/\\\/schema.org\",\"@graph\":[{\"@type\":\"Article\",\"@id\":\"https:\\\/\\\/centrourbano.com\\\/revista\\\/actualidad\\\/sector-turistico-aumento-de-empleos\\\/#article\",\"isPartOf\":{\"@id\":\"https:\\\/\\\/centrourbano.com\\\/revista\\\/actualidad\\\/sector-turistico-aumento-de-empleos\\\/\"},\"author\":{\"name\":\"Rebeca Romero\",\"@id\":\"https:\\\/\\\/centrourbano.com\\\/revista\\\/#\\\/schema\\\/person\\\/c665f1c60da3ad48cd761a707b7090b0\"},\"headline\":\"Sector tur\u00edstico acumula 4,678 millones de empleos\",\"datePublished\":\"2023-05-31T20:15:55+00:00\",\"mainEntityOfPage\":{\"@id\":\"https:\\\/\\\/centrourbano.com\\\/revista\\\/actualidad\\\/sector-turistico-aumento-de-empleos\\\/\"},\"wordCount\":306,\"commentCount\":0,\"publisher\":{\"@id\":\"https:\\\/\\\/centrourbano.com\\\/revista\\\/#organization\"},\"image\":{\"@id\":\"https:\\\/\\\/centrourbano.com\\\/revista\\\/actualidad\\\/sector-turistico-aumento-de-empleos\\\/#primaryimage\"},\"thumbnailUrl\":\"https:\\\/\\\/centrourbano.com\\\/revista\\\/wp-content\\\/uploads\\\/800-empleo.jpg\",\"keywords\":[\"Empleo nacional\",\"empleo tur\u00edstico\",\"sector tur\u00edstico\"],\"articleSection\":[\"Actualidad\"],\"inLanguage\":\"es\",\"potentialAction\":[{\"@type\":\"CommentAction\",\"name\":\"Comment\",\"target\":[\"https:\\\/\\\/centrourbano.com\\\/revista\\\/actualidad\\\/sector-turistico-aumento-de-empleos\\\/#respond\"]}]},{\"@type\":\"WebPage\",\"@id\":\"https:\\\/\\\/centrourbano.com\\\/revista\\\/actualidad\\\/sector-turistico-aumento-de-empleos\\\/\",\"url\":\"https:\\\/\\\/centrourbano.com\\\/revista\\\/actualidad\\\/sector-turistico-aumento-de-empleos\\\/\",\"name\":\"Sector tur\u00edstico acumula 4,678 millones de empleos\",\"isPartOf\":{\"@id\":\"https:\\\/\\\/centrourbano.com\\\/revista\\\/#website\"},\"primaryImageOfPage\":{\"@id\":\"https:\\\/\\\/centrourbano.com\\\/revista\\\/actualidad\\\/sector-turistico-aumento-de-empleos\\\/#primaryimage\"},\"image\":{\"@id\":\"https:\\\/\\\/centrourbano.com\\\/revista\\\/actualidad\\\/sector-turistico-aumento-de-empleos\\\/#primaryimage\"},\"thumbnailUrl\":\"https:\\\/\\\/centrourbano.com\\\/revista\\\/wp-content\\\/uploads\\\/800-empleo.jpg\",\"datePublished\":\"2023-05-31T20:15:55+00:00\",\"description\":\"El n\u00famero de trabajadores del sector tur\u00edstico super\u00f3 el n\u00famero durante el 2020, ya que el turismo registr\u00f3 4,487 millones de empleados.\",\"breadcrumb\":{\"@id\":\"https:\\\/\\\/centrourbano.com\\\/revista\\\/actualidad\\\/sector-turistico-aumento-de-empleos\\\/#breadcrumb\"},\"inLanguage\":\"es\",\"potentialAction\":[{\"@type\":\"ReadAction\",\"target\":[\"https:\\\/\\\/centrourbano.com\\\/revista\\\/actualidad\\\/sector-turistico-aumento-de-empleos\\\/\"]}]},{\"@type\":\"ImageObject\",\"inLanguage\":\"es\",\"@id\":\"https:\\\/\\\/centrourbano.com\\\/revista\\\/actualidad\\\/sector-turistico-aumento-de-empleos\\\/#primaryimage\",\"url\":\"https:\\\/\\\/centrourbano.com\\\/revista\\\/wp-content\\\/uploads\\\/800-empleo.jpg\",\"contentUrl\":\"https:\\\/\\\/centrourbano.com\\\/revista\\\/wp-content\\\/uploads\\\/800-empleo.jpg\",\"width\":800,\"height\":800,\"caption\":\"Sector tur\u00edstico acumula 4,678 millones de empleos\"},{\"@type\":\"BreadcrumbList\",\"@id\":\"https:\\\/\\\/centrourbano.com\\\/revista\\\/actualidad\\\/sector-turistico-aumento-de-empleos\\\/#breadcrumb\",\"itemListElement\":[{\"@type\":\"ListItem\",\"position\":1,\"name\":\"Portada\",\"item\":\"https:\\\/\\\/centrourbano.com\\\/revista\\\/\"},{\"@type\":\"ListItem\",\"position\":2,\"name\":\"Sector tur\u00edstico acumula 4,678 millones de empleos\"}]},{\"@type\":\"WebSite\",\"@id\":\"https:\\\/\\\/centrourbano.com\\\/revista\\\/#website\",\"url\":\"https:\\\/\\\/centrourbano.com\\\/revista\\\/\",\"name\":\"Centro Urbano\",\"description\":\"Medio especializado en los sectores vivienda, inmobiliario, construcci\u00f3n, arquitectura y urbanismo.\",\"publisher\":{\"@id\":\"https:\\\/\\\/centrourbano.com\\\/revista\\\/#organization\"},\"potentialAction\":[{\"@type\":\"SearchAction\",\"target\":{\"@type\":\"EntryPoint\",\"urlTemplate\":\"https:\\\/\\\/centrourbano.com\\\/revista\\\/?s={search_term_string}\"},\"query-input\":{\"@type\":\"PropertyValueSpecification\",\"valueRequired\":true,\"valueName\":\"search_term_string\"}}],\"inLanguage\":\"es\"},{\"@type\":\"Organization\",\"@id\":\"https:\\\/\\\/centrourbano.com\\\/revista\\\/#organization\",\"name\":\"Centro Urbano\",\"url\":\"https:\\\/\\\/centrourbano.com\\\/revista\\\/\",\"logo\":{\"@type\":\"ImageObject\",\"inLanguage\":\"es\",\"@id\":\"https:\\\/\\\/centrourbano.com\\\/revista\\\/#\\\/schema\\\/logo\\\/image\\\/\",\"url\":\"https:\\\/\\\/centrourbano.com\\\/revista\\\/wp-content\\\/uploads\\\/web_CU_logo-1.png\",\"contentUrl\":\"https:\\\/\\\/centrourbano.com\\\/revista\\\/wp-content\\\/uploads\\\/web_CU_logo-1.png\",\"width\":350,\"height\":91,\"caption\":\"Centro Urbano\"},\"image\":{\"@id\":\"https:\\\/\\\/centrourbano.com\\\/revista\\\/#\\\/schema\\\/logo\\\/image\\\/\"},\"sameAs\":[\"https:\\\/\\\/www.facebook.com\\\/portalcentrourbano\",\"https:\\\/\\\/x.com\\\/CentroUrbano\",\"https:\\\/\\\/www.instagram.com\\\/centro_urbano\\\/\",\"https:\\\/\\\/www.linkedin.com\\\/company\\\/centro-urbano\\\/\",\"http:\\\/\\\/www.youtube.com\\\/user\\\/portalcentrourbano\"]},{\"@type\":\"Person\",\"@id\":\"https:\\\/\\\/centrourbano.com\\\/revista\\\/#\\\/schema\\\/person\\\/c665f1c60da3ad48cd761a707b7090b0\",\"name\":\"Rebeca Romero\",\"image\":{\"@type\":\"ImageObject\",\"inLanguage\":\"es\",\"@id\":\"https:\\\/\\\/secure.gravatar.com\\\/avatar\\\/aee0068ae3cc041082e0e84a8258fe5ccc00a733f187bde73b0b40d86b892826?s=96&d=mm&r=g\",\"url\":\"https:\\\/\\\/secure.gravatar.com\\\/avatar\\\/aee0068ae3cc041082e0e84a8258fe5ccc00a733f187bde73b0b40d86b892826?s=96&d=mm&r=g\",\"contentUrl\":\"https:\\\/\\\/secure.gravatar.com\\\/avatar\\\/aee0068ae3cc041082e0e84a8258fe5ccc00a733f187bde73b0b40d86b892826?s=96&d=mm&r=g\",\"caption\":\"Rebeca Romero\"},\"url\":\"https:\\\/\\\/centrourbano.com\\\/revista\\\/author\\\/rebeca-romero\\\/\"}]}<\/script>\n<!-- \/ Yoast SEO plugin. -->","yoast_head_json":{"title":"Sector tur\u00edstico acumula 4,678 millones de empleos","description":"El n\u00famero de trabajadores del sector tur\u00edstico super\u00f3 el n\u00famero durante el 2020, ya que el turismo registr\u00f3 4,487 millones de empleados.","robots":{"index":"index","follow":"follow","max-snippet":"max-snippet:-1","max-image-preview":"max-image-preview:large","max-video-preview":"max-video-preview:-1"},"canonical":"https:\/\/centrourbano.com\/revista\/actualidad\/sector-turistico-aumento-de-empleos\/","og_locale":"es_ES","og_type":"article","og_title":"Sector tur\u00edstico acumula 4,678 millones de empleos","og_description":"El n\u00famero de trabajadores del sector tur\u00edstico super\u00f3 el n\u00famero durante el 2020, ya que el turismo registr\u00f3 4,487 millones de empleados.","og_url":"https:\/\/centrourbano.com\/revista\/actualidad\/sector-turistico-aumento-de-empleos\/","og_site_name":"Centro Urbano","article_publisher":"https:\/\/www.facebook.com\/portalcentrourbano","article_published_time":"2023-05-31T20:15:55+00:00","og_image":[{"width":800,"height":800,"url":"https:\/\/centrourbano.com\/revista\/wp-content\/uploads\/800-empleo.jpg","type":"image\/jpeg"}],"author":"Rebeca Romero","twitter_card":"summary_large_image","twitter_creator":"@CentroUrbano","twitter_site":"@CentroUrbano","twitter_misc":{"Escrito por":"Rebeca Romero","Tiempo de lectura":"1 minuto"},"schema":{"@context":"https:\/\/schema.org","@graph":[{"@type":"Article","@id":"https:\/\/centrourbano.com\/revista\/actualidad\/sector-turistico-aumento-de-empleos\/#article","isPartOf":{"@id":"https:\/\/centrourbano.com\/revista\/actualidad\/sector-turistico-aumento-de-empleos\/"},"author":{"name":"Rebeca Romero","@id":"https:\/\/centrourbano.com\/revista\/#\/schema\/person\/c665f1c60da3ad48cd761a707b7090b0"},"headline":"Sector tur\u00edstico acumula 4,678 millones de empleos","datePublished":"2023-05-31T20:15:55+00:00","mainEntityOfPage":{"@id":"https:\/\/centrourbano.com\/revista\/actualidad\/sector-turistico-aumento-de-empleos\/"},"wordCount":306,"commentCount":0,"publisher":{"@id":"https:\/\/centrourbano.com\/revista\/#organization"},"image":{"@id":"https:\/\/centrourbano.com\/revista\/actualidad\/sector-turistico-aumento-de-empleos\/#primaryimage"},"thumbnailUrl":"https:\/\/centrourbano.com\/revista\/wp-content\/uploads\/800-empleo.jpg","keywords":["Empleo nacional","empleo tur\u00edstico","sector tur\u00edstico"],"articleSection":["Actualidad"],"inLanguage":"es","potentialAction":[{"@type":"CommentAction","name":"Comment","target":["https:\/\/centrourbano.com\/revista\/actualidad\/sector-turistico-aumento-de-empleos\/#respond"]}]},{"@type":"WebPage","@id":"https:\/\/centrourbano.com\/revista\/actualidad\/sector-turistico-aumento-de-empleos\/","url":"https:\/\/centrourbano.com\/revista\/actualidad\/sector-turistico-aumento-de-empleos\/","name":"Sector tur\u00edstico acumula 4,678 millones de empleos","isPartOf":{"@id":"https:\/\/centrourbano.com\/revista\/#website"},"primaryImageOfPage":{"@id":"https:\/\/centrourbano.com\/revista\/actualidad\/sector-turistico-aumento-de-empleos\/#primaryimage"},"image":{"@id":"https:\/\/centrourbano.com\/revista\/actualidad\/sector-turistico-aumento-de-empleos\/#primaryimage"},"thumbnailUrl":"https:\/\/centrourbano.com\/revista\/wp-content\/uploads\/800-empleo.jpg","datePublished":"2023-05-31T20:15:55+00:00","description":"El n\u00famero de trabajadores del sector tur\u00edstico super\u00f3 el n\u00famero durante el 2020, ya que el turismo registr\u00f3 4,487 millones de empleados.","breadcrumb":{"@id":"https:\/\/centrourbano.com\/revista\/actualidad\/sector-turistico-aumento-de-empleos\/#breadcrumb"},"inLanguage":"es","potentialAction":[{"@type":"ReadAction","target":["https:\/\/centrourbano.com\/revista\/actualidad\/sector-turistico-aumento-de-empleos\/"]}]},{"@type":"ImageObject","inLanguage":"es","@id":"https:\/\/centrourbano.com\/revista\/actualidad\/sector-turistico-aumento-de-empleos\/#primaryimage","url":"https:\/\/centrourbano.com\/revista\/wp-content\/uploads\/800-empleo.jpg","contentUrl":"https:\/\/centrourbano.com\/revista\/wp-content\/uploads\/800-empleo.jpg","width":800,"height":800,"caption":"Sector tur\u00edstico acumula 4,678 millones de empleos"},{"@type":"BreadcrumbList","@id":"https:\/\/centrourbano.com\/revista\/actualidad\/sector-turistico-aumento-de-empleos\/#breadcrumb","itemListElement":[{"@type":"ListItem","position":1,"name":"Portada","item":"https:\/\/centrourbano.com\/revista\/"},{"@type":"ListItem","position":2,"name":"Sector tur\u00edstico acumula 4,678 millones de empleos"}]},{"@type":"WebSite","@id":"https:\/\/centrourbano.com\/revista\/#website","url":"https:\/\/centrourbano.com\/revista\/","name":"Centro Urbano","description":"Medio especializado en los sectores vivienda, inmobiliario, construcci\u00f3n, arquitectura y urbanismo.","publisher":{"@id":"https:\/\/centrourbano.com\/revista\/#organization"},"potentialAction":[{"@type":"SearchAction","target":{"@type":"EntryPoint","urlTemplate":"https:\/\/centrourbano.com\/revista\/?s={search_term_string}"},"query-input":{"@type":"PropertyValueSpecification","valueRequired":true,"valueName":"search_term_string"}}],"inLanguage":"es"},{"@type":"Organization","@id":"https:\/\/centrourbano.com\/revista\/#organization","name":"Centro Urbano","url":"https:\/\/centrourbano.com\/revista\/","logo":{"@type":"ImageObject","inLanguage":"es","@id":"https:\/\/centrourbano.com\/revista\/#\/schema\/logo\/image\/","url":"https:\/\/centrourbano.com\/revista\/wp-content\/uploads\/web_CU_logo-1.png","contentUrl":"https:\/\/centrourbano.com\/revista\/wp-content\/uploads\/web_CU_logo-1.png","width":350,"height":91,"caption":"Centro Urbano"},"image":{"@id":"https:\/\/centrourbano.com\/revista\/#\/schema\/logo\/image\/"},"sameAs":["https:\/\/www.facebook.com\/portalcentrourbano","https:\/\/x.com\/CentroUrbano","https:\/\/www.instagram.com\/centro_urbano\/","https:\/\/www.linkedin.com\/company\/centro-urbano\/","http:\/\/www.youtube.com\/user\/portalcentrourbano"]},{"@type":"Person","@id":"https:\/\/centrourbano.com\/revista\/#\/schema\/person\/c665f1c60da3ad48cd761a707b7090b0","name":"Rebeca Romero","image":{"@type":"ImageObject","inLanguage":"es","@id":"https:\/\/secure.gravatar.com\/avatar\/aee0068ae3cc041082e0e84a8258fe5ccc00a733f187bde73b0b40d86b892826?s=96&d=mm&r=g","url":"https:\/\/secure.gravatar.com\/avatar\/aee0068ae3cc041082e0e84a8258fe5ccc00a733f187bde73b0b40d86b892826?s=96&d=mm&r=g","contentUrl":"https:\/\/secure.gravatar.com\/avatar\/aee0068ae3cc041082e0e84a8258fe5ccc00a733f187bde73b0b40d86b892826?s=96&d=mm&r=g","caption":"Rebeca Romero"},"url":"https:\/\/centrourbano.com\/revista\/author\/rebeca-romero\/"}]}},"_links":{"self":[{"href":"https:\/\/centrourbano.com\/revista\/wp-json\/wp\/v2\/posts\/140253","targetHints":{"allow":["GET"]}}],"collection":[{"href":"https:\/\/centrourbano.com\/revista\/wp-json\/wp\/v2\/posts"}],"about":[{"href":"https:\/\/centrourbano.com\/revista\/wp-json\/wp\/v2\/types\/post"}],"author":[{"embeddable":true,"href":"https:\/\/centrourbano.com\/revista\/wp-json\/wp\/v2\/users\/88"}],"replies":[{"embeddable":true,"href":"https:\/\/centrourbano.com\/revista\/wp-json\/wp\/v2\/comments?post=140253"}],"version-history":[{"count":1,"href":"https:\/\/centrourbano.com\/revista\/wp-json\/wp\/v2\/posts\/140253\/revisions"}],"predecessor-version":[{"id":140255,"href":"https:\/\/centrourbano.com\/revista\/wp-json\/wp\/v2\/posts\/140253\/revisions\/140255"}],"wp:featuredmedia":[{"embeddable":true,"href":"https:\/\/centrourbano.com\/revista\/wp-json\/wp\/v2\/media\/140254"}],"wp:attachment":[{"href":"https:\/\/centrourbano.com\/revista\/wp-json\/wp\/v2\/media?parent=140253"}],"wp:term":[{"taxonomy":"category","embeddable":true,"href":"https:\/\/centrourbano.com\/revista\/wp-json\/wp\/v2\/categories?post=140253"},{"taxonomy":"post_tag","embeddable":true,"href":"https:\/\/centrourbano.com\/revista\/wp-json\/wp\/v2\/tags?post=140253"}],"curies":[{"name":"wp","href":"https:\/\/api.w.org\/{rel}","templated":true}]}}