{"id":140212,"date":"2023-05-30T13:52:20","date_gmt":"2023-05-30T19:52:20","guid":{"rendered":"https:\/\/centrourbano.com\/?p=140212"},"modified":"2023-05-30T13:52:20","modified_gmt":"2023-05-30T19:52:20","slug":"via-coatzacoalcos-palenque","status":"publish","type":"post","link":"https:\/\/centrourbano.com\/revista\/construccion\/via-coatzacoalcos-palenque\/","title":{"rendered":"V\u00eda Coatzacoalcos-Palenque estar\u00e1 terminada en diciembre: AMLO"},"content":{"rendered":"<p><em><span style=\"font-weight: 400;\">La V\u00eda Coatzacoalcos-Palenque forma parte del Corredor Interoce\u00e1nico del Istmo de Tehuantepec<\/span><\/em><!--more--><\/p>\n<p><span style=\"font-weight: 400;\">En conferencia de prensa, Andr\u00e9s Manuel L\u00f3pez Obrador, presidente de M\u00e9xico, se\u00f1al\u00f3 que en <strong>diciembre de este a\u00f1o quedar\u00e1 terminada<\/strong> la rehabilitaci\u00f3n de la <strong>v\u00eda f\u00e9rrea que va de Coatzacoalcos en Veracruz a Palenque, Chiapas<\/strong>.<\/span><\/p>\n<p><span style=\"font-weight: 400;\">Cabe mencionar que<strong> la rehabilitaci\u00f3n forma parte del <a href=\"https:\/\/centrourbano.com\/construccion\/corredor-interoceanico-impulsa-el-desarrollo-economico-del-sureste-amlo\/\" target=\"_blank\" rel=\"noopener\">Corredor Interoce\u00e1nico del Istmo de Tehuantepec<\/a><\/strong>. Adem\u00e1s, el funcionario se\u00f1al\u00f3 que estas<strong> obras est\u00e1n a cargo de la Secretar\u00eda de Marina<\/strong> (<a href=\"https:\/\/www.gob.mx\/semar\" target=\"_blank\" rel=\"noopener\">Semar<\/a>).<\/span><\/p>\n<blockquote><p><span style=\"font-weight: 400;\">\u201cCon la Secretar\u00eda de Marina se est\u00e1 rehabilitando el tramo de Palenque-Coatzacoalcos, que estaba abandonado. (\u2026) Ya se rehabilit\u00f3 la estaci\u00f3n, se est\u00e1n mejorando las v\u00edas. En diciembre, vamos a tener esa v\u00eda rehabilitada, de Coatzacoalcos a Palenque\u201d, indic\u00f3.<\/span><\/p><\/blockquote>\n<p><span style=\"font-weight: 400;\">Del mismo modo, el presidente indic\u00f3 que en<strong> agosto quedar\u00e1 terminado el tramo de Coatzacoalcos a Salina Cruz<\/strong>; por ello quedar\u00e1n conectados el oc\u00e9ano Pac\u00edfico con el Golfo de M\u00e9xico.<\/span><\/p>\n<blockquote><p><span style=\"font-weight: 400;\">\u201cEs todo el Istmo comunicado. Adem\u00e1s, estamos tambi\u00e9n trabajando \u2014y se est\u00e1 avanzando, ya llevamos como 80 por ciento de avance, que tambi\u00e9n terminamos en diciembre\u2014 ampliando la carretera del Istmo. Entonces, va a haber ferrocarril, carretera amplia y moderna y los dos puertos\u201d, coment\u00f3.<\/span><\/p><\/blockquote>\n<p><span style=\"font-weight: 400;\">Adem\u00e1s, L\u00f3pez Obrador se\u00f1al\u00f3 que en 15 d\u00edas el gobierno federal lanzar\u00e1 la licitaci\u00f3n para construir diez parques industriales en el Istmo de Tehuantepec. A este trabajo se le suma la rehabilitaci\u00f3n de la refiner\u00eda, la nueva coquizadora y la modernizaci\u00f3n del puerto de Salina Cruz.<\/span><\/p>\n<p><span style=\"font-weight: 400;\"><strong>Estas acciones representan una inversi\u00f3n p\u00fablica<\/strong> libre de deuda de m\u00e1s de <strong>100,000\u00a0 millones de pesos<\/strong> (mdp), dinero que tiene el objetivo de <strong>impulsar el desarrollo del Istmo.<\/strong><\/span><\/p>\n<blockquote><p><span style=\"font-weight: 400;\">\u201cLa gente est\u00e1 contenta, pero no s\u00f3lo en Salina Cruz y no s\u00f3lo en el Istmo, en todo M\u00e9xico. Hay mucho entusiasmo, mucha esperanza de que las cosas est\u00e1n bien, van a seguir bien y mejor\u201d, enfatiz\u00f3.<\/span><\/p><\/blockquote>\n","protected":false},"excerpt":{"rendered":"<p>La V\u00eda Coatzacoalcos-Palenque forma parte del Corredor Interoce\u00e1nico del Istmo de Tehuantepec<\/p>\n","protected":false},"author":88,"featured_media":140213,"comment_status":"open","ping_status":"closed","sticky":false,"template":"","format":"standard","meta":{"om_disable_all_campaigns":false,"inline_featured_image":false,"_monsterinsights_skip_tracking":false,"_monsterinsights_sitenote_active":false,"_monsterinsights_sitenote_note":"","_monsterinsights_sitenote_category":0,"footnotes":""},"categories":[14],"tags":[20944,519,752,17856,23077],"class_list":["post-140212","post","type-post","status-publish","format-standard","has-post-thumbnail","hentry","category-construccion","tag-corredor-interoceanico-del-istmo-de-tehuantepec","tag-gobierno-federal","tag-istmo-de-tehuantepec","tag-secretaria-de-marina","tag-via-coatzacoalcos-palenque"],"yoast_head":"<!-- This site is optimized with the Yoast SEO plugin v27.4 - https:\/\/yoast.com\/product\/yoast-seo-wordpress\/ -->\n<title>V\u00eda Coatzacoalcos-Palenque estar\u00e1 terminada en diciembre: AMLO<\/title>\n<meta name=\"description\" content=\"La rehabilitaci\u00f3n de la V\u00eda Coatzacoalcos-Palenque, entre otras acciones, tienen el objetivo de impulsar el desarrollo del Istmo.\" \/>\n<meta name=\"robots\" content=\"index, follow, max-snippet:-1, max-image-preview:large, max-video-preview:-1\" \/>\n<link rel=\"canonical\" href=\"https:\/\/centrourbano.com\/revista\/construccion\/via-coatzacoalcos-palenque\/\" \/>\n<meta property=\"og:locale\" content=\"es_ES\" \/>\n<meta property=\"og:type\" content=\"article\" \/>\n<meta property=\"og:title\" content=\"V\u00eda Coatzacoalcos-Palenque estar\u00e1 terminada en diciembre: AMLO\" \/>\n<meta property=\"og:description\" content=\"La rehabilitaci\u00f3n de la V\u00eda Coatzacoalcos-Palenque, entre otras acciones, tienen el objetivo de impulsar el desarrollo del Istmo.\" \/>\n<meta property=\"og:url\" content=\"https:\/\/centrourbano.com\/revista\/construccion\/via-coatzacoalcos-palenque\/\" \/>\n<meta property=\"og:site_name\" content=\"Centro Urbano\" \/>\n<meta property=\"article:publisher\" content=\"https:\/\/www.facebook.com\/portalcentrourbano\" \/>\n<meta property=\"article:published_time\" content=\"2023-05-30T19:52:20+00:00\" \/>\n<meta property=\"og:image\" content=\"https:\/\/centrourbano.com\/revista\/wp-content\/uploads\/campeche-2.jpg\" \/>\n\t<meta property=\"og:image:width\" content=\"800\" \/>\n\t<meta property=\"og:image:height\" content=\"800\" \/>\n\t<meta property=\"og:image:type\" content=\"image\/jpeg\" \/>\n<meta name=\"author\" content=\"Rebeca Romero\" \/>\n<meta name=\"twitter:card\" content=\"summary_large_image\" \/>\n<meta name=\"twitter:creator\" content=\"@CentroUrbano\" \/>\n<meta name=\"twitter:site\" content=\"@CentroUrbano\" \/>\n<meta name=\"twitter:label1\" content=\"Escrito por\" \/>\n\t<meta name=\"twitter:data1\" content=\"Rebeca Romero\" \/>\n\t<meta name=\"twitter:label2\" content=\"Tiempo de lectura\" \/>\n\t<meta name=\"twitter:data2\" content=\"2 minutos\" \/>\n<script type=\"application\/ld+json\" class=\"yoast-schema-graph\">{\"@context\":\"https:\\\/\\\/schema.org\",\"@graph\":[{\"@type\":\"Article\",\"@id\":\"https:\\\/\\\/centrourbano.com\\\/revista\\\/construccion\\\/via-coatzacoalcos-palenque\\\/#article\",\"isPartOf\":{\"@id\":\"https:\\\/\\\/centrourbano.com\\\/revista\\\/construccion\\\/via-coatzacoalcos-palenque\\\/\"},\"author\":{\"name\":\"Rebeca Romero\",\"@id\":\"https:\\\/\\\/centrourbano.com\\\/revista\\\/#\\\/schema\\\/person\\\/c665f1c60da3ad48cd761a707b7090b0\"},\"headline\":\"V\u00eda Coatzacoalcos-Palenque estar\u00e1 terminada en diciembre: AMLO\",\"datePublished\":\"2023-05-30T19:52:20+00:00\",\"mainEntityOfPage\":{\"@id\":\"https:\\\/\\\/centrourbano.com\\\/revista\\\/construccion\\\/via-coatzacoalcos-palenque\\\/\"},\"wordCount\":349,\"commentCount\":0,\"publisher\":{\"@id\":\"https:\\\/\\\/centrourbano.com\\\/revista\\\/#organization\"},\"image\":{\"@id\":\"https:\\\/\\\/centrourbano.com\\\/revista\\\/construccion\\\/via-coatzacoalcos-palenque\\\/#primaryimage\"},\"thumbnailUrl\":\"https:\\\/\\\/centrourbano.com\\\/revista\\\/wp-content\\\/uploads\\\/campeche-2.jpg\",\"keywords\":[\"Corredor Interoce\u00e1nico del Istmo de Tehuantepec\",\"Gobierno federal\",\"Istmo de Tehuantepec\",\"Secretar\u00eda de Marina\",\"V\u00eda Coatzacoalcos-Palenque\"],\"articleSection\":[\"Construcci\u00f3n\"],\"inLanguage\":\"es\",\"potentialAction\":[{\"@type\":\"CommentAction\",\"name\":\"Comment\",\"target\":[\"https:\\\/\\\/centrourbano.com\\\/revista\\\/construccion\\\/via-coatzacoalcos-palenque\\\/#respond\"]}]},{\"@type\":\"WebPage\",\"@id\":\"https:\\\/\\\/centrourbano.com\\\/revista\\\/construccion\\\/via-coatzacoalcos-palenque\\\/\",\"url\":\"https:\\\/\\\/centrourbano.com\\\/revista\\\/construccion\\\/via-coatzacoalcos-palenque\\\/\",\"name\":\"V\u00eda Coatzacoalcos-Palenque estar\u00e1 terminada en diciembre: AMLO\",\"isPartOf\":{\"@id\":\"https:\\\/\\\/centrourbano.com\\\/revista\\\/#website\"},\"primaryImageOfPage\":{\"@id\":\"https:\\\/\\\/centrourbano.com\\\/revista\\\/construccion\\\/via-coatzacoalcos-palenque\\\/#primaryimage\"},\"image\":{\"@id\":\"https:\\\/\\\/centrourbano.com\\\/revista\\\/construccion\\\/via-coatzacoalcos-palenque\\\/#primaryimage\"},\"thumbnailUrl\":\"https:\\\/\\\/centrourbano.com\\\/revista\\\/wp-content\\\/uploads\\\/campeche-2.jpg\",\"datePublished\":\"2023-05-30T19:52:20+00:00\",\"description\":\"La rehabilitaci\u00f3n de la V\u00eda Coatzacoalcos-Palenque, entre otras acciones, tienen el objetivo de impulsar el desarrollo del Istmo.\",\"breadcrumb\":{\"@id\":\"https:\\\/\\\/centrourbano.com\\\/revista\\\/construccion\\\/via-coatzacoalcos-palenque\\\/#breadcrumb\"},\"inLanguage\":\"es\",\"potentialAction\":[{\"@type\":\"ReadAction\",\"target\":[\"https:\\\/\\\/centrourbano.com\\\/revista\\\/construccion\\\/via-coatzacoalcos-palenque\\\/\"]}]},{\"@type\":\"ImageObject\",\"inLanguage\":\"es\",\"@id\":\"https:\\\/\\\/centrourbano.com\\\/revista\\\/construccion\\\/via-coatzacoalcos-palenque\\\/#primaryimage\",\"url\":\"https:\\\/\\\/centrourbano.com\\\/revista\\\/wp-content\\\/uploads\\\/campeche-2.jpg\",\"contentUrl\":\"https:\\\/\\\/centrourbano.com\\\/revista\\\/wp-content\\\/uploads\\\/campeche-2.jpg\",\"width\":800,\"height\":800,\"caption\":\"V\u00eda Coatzacoalcos-Palenque estar\u00e1 terminada en diciembre: AMLO\"},{\"@type\":\"BreadcrumbList\",\"@id\":\"https:\\\/\\\/centrourbano.com\\\/revista\\\/construccion\\\/via-coatzacoalcos-palenque\\\/#breadcrumb\",\"itemListElement\":[{\"@type\":\"ListItem\",\"position\":1,\"name\":\"Portada\",\"item\":\"https:\\\/\\\/centrourbano.com\\\/revista\\\/\"},{\"@type\":\"ListItem\",\"position\":2,\"name\":\"V\u00eda Coatzacoalcos-Palenque estar\u00e1 terminada en diciembre: AMLO\"}]},{\"@type\":\"WebSite\",\"@id\":\"https:\\\/\\\/centrourbano.com\\\/revista\\\/#website\",\"url\":\"https:\\\/\\\/centrourbano.com\\\/revista\\\/\",\"name\":\"Centro Urbano\",\"description\":\"Medio especializado en los sectores vivienda, inmobiliario, construcci\u00f3n, arquitectura y urbanismo.\",\"publisher\":{\"@id\":\"https:\\\/\\\/centrourbano.com\\\/revista\\\/#organization\"},\"potentialAction\":[{\"@type\":\"SearchAction\",\"target\":{\"@type\":\"EntryPoint\",\"urlTemplate\":\"https:\\\/\\\/centrourbano.com\\\/revista\\\/?s={search_term_string}\"},\"query-input\":{\"@type\":\"PropertyValueSpecification\",\"valueRequired\":true,\"valueName\":\"search_term_string\"}}],\"inLanguage\":\"es\"},{\"@type\":\"Organization\",\"@id\":\"https:\\\/\\\/centrourbano.com\\\/revista\\\/#organization\",\"name\":\"Centro Urbano\",\"url\":\"https:\\\/\\\/centrourbano.com\\\/revista\\\/\",\"logo\":{\"@type\":\"ImageObject\",\"inLanguage\":\"es\",\"@id\":\"https:\\\/\\\/centrourbano.com\\\/revista\\\/#\\\/schema\\\/logo\\\/image\\\/\",\"url\":\"https:\\\/\\\/centrourbano.com\\\/revista\\\/wp-content\\\/uploads\\\/web_CU_logo-1.png\",\"contentUrl\":\"https:\\\/\\\/centrourbano.com\\\/revista\\\/wp-content\\\/uploads\\\/web_CU_logo-1.png\",\"width\":350,\"height\":91,\"caption\":\"Centro Urbano\"},\"image\":{\"@id\":\"https:\\\/\\\/centrourbano.com\\\/revista\\\/#\\\/schema\\\/logo\\\/image\\\/\"},\"sameAs\":[\"https:\\\/\\\/www.facebook.com\\\/portalcentrourbano\",\"https:\\\/\\\/x.com\\\/CentroUrbano\",\"https:\\\/\\\/www.instagram.com\\\/centro_urbano\\\/\",\"https:\\\/\\\/www.linkedin.com\\\/company\\\/centro-urbano\\\/\",\"http:\\\/\\\/www.youtube.com\\\/user\\\/portalcentrourbano\"]},{\"@type\":\"Person\",\"@id\":\"https:\\\/\\\/centrourbano.com\\\/revista\\\/#\\\/schema\\\/person\\\/c665f1c60da3ad48cd761a707b7090b0\",\"name\":\"Rebeca Romero\",\"image\":{\"@type\":\"ImageObject\",\"inLanguage\":\"es\",\"@id\":\"https:\\\/\\\/secure.gravatar.com\\\/avatar\\\/aee0068ae3cc041082e0e84a8258fe5ccc00a733f187bde73b0b40d86b892826?s=96&d=mm&r=g\",\"url\":\"https:\\\/\\\/secure.gravatar.com\\\/avatar\\\/aee0068ae3cc041082e0e84a8258fe5ccc00a733f187bde73b0b40d86b892826?s=96&d=mm&r=g\",\"contentUrl\":\"https:\\\/\\\/secure.gravatar.com\\\/avatar\\\/aee0068ae3cc041082e0e84a8258fe5ccc00a733f187bde73b0b40d86b892826?s=96&d=mm&r=g\",\"caption\":\"Rebeca Romero\"},\"url\":\"https:\\\/\\\/centrourbano.com\\\/revista\\\/author\\\/rebeca-romero\\\/\"}]}<\/script>\n<!-- \/ Yoast SEO plugin. -->","yoast_head_json":{"title":"V\u00eda Coatzacoalcos-Palenque estar\u00e1 terminada en diciembre: AMLO","description":"La rehabilitaci\u00f3n de la V\u00eda Coatzacoalcos-Palenque, entre otras acciones, tienen el objetivo de impulsar el desarrollo del Istmo.","robots":{"index":"index","follow":"follow","max-snippet":"max-snippet:-1","max-image-preview":"max-image-preview:large","max-video-preview":"max-video-preview:-1"},"canonical":"https:\/\/centrourbano.com\/revista\/construccion\/via-coatzacoalcos-palenque\/","og_locale":"es_ES","og_type":"article","og_title":"V\u00eda Coatzacoalcos-Palenque estar\u00e1 terminada en diciembre: AMLO","og_description":"La rehabilitaci\u00f3n de la V\u00eda Coatzacoalcos-Palenque, entre otras acciones, tienen el objetivo de impulsar el desarrollo del Istmo.","og_url":"https:\/\/centrourbano.com\/revista\/construccion\/via-coatzacoalcos-palenque\/","og_site_name":"Centro Urbano","article_publisher":"https:\/\/www.facebook.com\/portalcentrourbano","article_published_time":"2023-05-30T19:52:20+00:00","og_image":[{"width":800,"height":800,"url":"https:\/\/centrourbano.com\/revista\/wp-content\/uploads\/campeche-2.jpg","type":"image\/jpeg"}],"author":"Rebeca Romero","twitter_card":"summary_large_image","twitter_creator":"@CentroUrbano","twitter_site":"@CentroUrbano","twitter_misc":{"Escrito por":"Rebeca Romero","Tiempo de lectura":"2 minutos"},"schema":{"@context":"https:\/\/schema.org","@graph":[{"@type":"Article","@id":"https:\/\/centrourbano.com\/revista\/construccion\/via-coatzacoalcos-palenque\/#article","isPartOf":{"@id":"https:\/\/centrourbano.com\/revista\/construccion\/via-coatzacoalcos-palenque\/"},"author":{"name":"Rebeca Romero","@id":"https:\/\/centrourbano.com\/revista\/#\/schema\/person\/c665f1c60da3ad48cd761a707b7090b0"},"headline":"V\u00eda Coatzacoalcos-Palenque estar\u00e1 terminada en diciembre: AMLO","datePublished":"2023-05-30T19:52:20+00:00","mainEntityOfPage":{"@id":"https:\/\/centrourbano.com\/revista\/construccion\/via-coatzacoalcos-palenque\/"},"wordCount":349,"commentCount":0,"publisher":{"@id":"https:\/\/centrourbano.com\/revista\/#organization"},"image":{"@id":"https:\/\/centrourbano.com\/revista\/construccion\/via-coatzacoalcos-palenque\/#primaryimage"},"thumbnailUrl":"https:\/\/centrourbano.com\/revista\/wp-content\/uploads\/campeche-2.jpg","keywords":["Corredor Interoce\u00e1nico del Istmo de Tehuantepec","Gobierno federal","Istmo de Tehuantepec","Secretar\u00eda de Marina","V\u00eda Coatzacoalcos-Palenque"],"articleSection":["Construcci\u00f3n"],"inLanguage":"es","potentialAction":[{"@type":"CommentAction","name":"Comment","target":["https:\/\/centrourbano.com\/revista\/construccion\/via-coatzacoalcos-palenque\/#respond"]}]},{"@type":"WebPage","@id":"https:\/\/centrourbano.com\/revista\/construccion\/via-coatzacoalcos-palenque\/","url":"https:\/\/centrourbano.com\/revista\/construccion\/via-coatzacoalcos-palenque\/","name":"V\u00eda Coatzacoalcos-Palenque estar\u00e1 terminada en diciembre: AMLO","isPartOf":{"@id":"https:\/\/centrourbano.com\/revista\/#website"},"primaryImageOfPage":{"@id":"https:\/\/centrourbano.com\/revista\/construccion\/via-coatzacoalcos-palenque\/#primaryimage"},"image":{"@id":"https:\/\/centrourbano.com\/revista\/construccion\/via-coatzacoalcos-palenque\/#primaryimage"},"thumbnailUrl":"https:\/\/centrourbano.com\/revista\/wp-content\/uploads\/campeche-2.jpg","datePublished":"2023-05-30T19:52:20+00:00","description":"La rehabilitaci\u00f3n de la V\u00eda Coatzacoalcos-Palenque, entre otras acciones, tienen el objetivo de impulsar el desarrollo del Istmo.","breadcrumb":{"@id":"https:\/\/centrourbano.com\/revista\/construccion\/via-coatzacoalcos-palenque\/#breadcrumb"},"inLanguage":"es","potentialAction":[{"@type":"ReadAction","target":["https:\/\/centrourbano.com\/revista\/construccion\/via-coatzacoalcos-palenque\/"]}]},{"@type":"ImageObject","inLanguage":"es","@id":"https:\/\/centrourbano.com\/revista\/construccion\/via-coatzacoalcos-palenque\/#primaryimage","url":"https:\/\/centrourbano.com\/revista\/wp-content\/uploads\/campeche-2.jpg","contentUrl":"https:\/\/centrourbano.com\/revista\/wp-content\/uploads\/campeche-2.jpg","width":800,"height":800,"caption":"V\u00eda Coatzacoalcos-Palenque estar\u00e1 terminada en diciembre: AMLO"},{"@type":"BreadcrumbList","@id":"https:\/\/centrourbano.com\/revista\/construccion\/via-coatzacoalcos-palenque\/#breadcrumb","itemListElement":[{"@type":"ListItem","position":1,"name":"Portada","item":"https:\/\/centrourbano.com\/revista\/"},{"@type":"ListItem","position":2,"name":"V\u00eda Coatzacoalcos-Palenque estar\u00e1 terminada en diciembre: AMLO"}]},{"@type":"WebSite","@id":"https:\/\/centrourbano.com\/revista\/#website","url":"https:\/\/centrourbano.com\/revista\/","name":"Centro Urbano","description":"Medio especializado en los sectores vivienda, inmobiliario, construcci\u00f3n, arquitectura y urbanismo.","publisher":{"@id":"https:\/\/centrourbano.com\/revista\/#organization"},"potentialAction":[{"@type":"SearchAction","target":{"@type":"EntryPoint","urlTemplate":"https:\/\/centrourbano.com\/revista\/?s={search_term_string}"},"query-input":{"@type":"PropertyValueSpecification","valueRequired":true,"valueName":"search_term_string"}}],"inLanguage":"es"},{"@type":"Organization","@id":"https:\/\/centrourbano.com\/revista\/#organization","name":"Centro Urbano","url":"https:\/\/centrourbano.com\/revista\/","logo":{"@type":"ImageObject","inLanguage":"es","@id":"https:\/\/centrourbano.com\/revista\/#\/schema\/logo\/image\/","url":"https:\/\/centrourbano.com\/revista\/wp-content\/uploads\/web_CU_logo-1.png","contentUrl":"https:\/\/centrourbano.com\/revista\/wp-content\/uploads\/web_CU_logo-1.png","width":350,"height":91,"caption":"Centro Urbano"},"image":{"@id":"https:\/\/centrourbano.com\/revista\/#\/schema\/logo\/image\/"},"sameAs":["https:\/\/www.facebook.com\/portalcentrourbano","https:\/\/x.com\/CentroUrbano","https:\/\/www.instagram.com\/centro_urbano\/","https:\/\/www.linkedin.com\/company\/centro-urbano\/","http:\/\/www.youtube.com\/user\/portalcentrourbano"]},{"@type":"Person","@id":"https:\/\/centrourbano.com\/revista\/#\/schema\/person\/c665f1c60da3ad48cd761a707b7090b0","name":"Rebeca Romero","image":{"@type":"ImageObject","inLanguage":"es","@id":"https:\/\/secure.gravatar.com\/avatar\/aee0068ae3cc041082e0e84a8258fe5ccc00a733f187bde73b0b40d86b892826?s=96&d=mm&r=g","url":"https:\/\/secure.gravatar.com\/avatar\/aee0068ae3cc041082e0e84a8258fe5ccc00a733f187bde73b0b40d86b892826?s=96&d=mm&r=g","contentUrl":"https:\/\/secure.gravatar.com\/avatar\/aee0068ae3cc041082e0e84a8258fe5ccc00a733f187bde73b0b40d86b892826?s=96&d=mm&r=g","caption":"Rebeca Romero"},"url":"https:\/\/centrourbano.com\/revista\/author\/rebeca-romero\/"}]}},"_links":{"self":[{"href":"https:\/\/centrourbano.com\/revista\/wp-json\/wp\/v2\/posts\/140212","targetHints":{"allow":["GET"]}}],"collection":[{"href":"https:\/\/centrourbano.com\/revista\/wp-json\/wp\/v2\/posts"}],"about":[{"href":"https:\/\/centrourbano.com\/revista\/wp-json\/wp\/v2\/types\/post"}],"author":[{"embeddable":true,"href":"https:\/\/centrourbano.com\/revista\/wp-json\/wp\/v2\/users\/88"}],"replies":[{"embeddable":true,"href":"https:\/\/centrourbano.com\/revista\/wp-json\/wp\/v2\/comments?post=140212"}],"version-history":[{"count":1,"href":"https:\/\/centrourbano.com\/revista\/wp-json\/wp\/v2\/posts\/140212\/revisions"}],"predecessor-version":[{"id":140229,"href":"https:\/\/centrourbano.com\/revista\/wp-json\/wp\/v2\/posts\/140212\/revisions\/140229"}],"wp:featuredmedia":[{"embeddable":true,"href":"https:\/\/centrourbano.com\/revista\/wp-json\/wp\/v2\/media\/140213"}],"wp:attachment":[{"href":"https:\/\/centrourbano.com\/revista\/wp-json\/wp\/v2\/media?parent=140212"}],"wp:term":[{"taxonomy":"category","embeddable":true,"href":"https:\/\/centrourbano.com\/revista\/wp-json\/wp\/v2\/categories?post=140212"},{"taxonomy":"post_tag","embeddable":true,"href":"https:\/\/centrourbano.com\/revista\/wp-json\/wp\/v2\/tags?post=140212"}],"curies":[{"name":"wp","href":"https:\/\/api.w.org\/{rel}","templated":true}]}}